{"id":6832,"date":"2022-11-03T16:58:08","date_gmt":"2022-11-03T16:58:08","guid":{"rendered":"https:\/\/www.public.sn\/?p=6832"},"modified":"2022-11-03T17:06:56","modified_gmt":"2022-11-03T17:06:56","slug":"bamba-dieng-a-ete-ecarte-pour-avoir-refuse-de-changer-dagent-selon-un-journaliste","status":"publish","type":"post","link":"https:\/\/www.public.sn\/index.php\/2022\/11\/03\/bamba-dieng-a-ete-ecarte-pour-avoir-refuse-de-changer-dagent-selon-un-journaliste\/","title":{"rendered":"Bamba Dieng a \u00e9t\u00e9 \u00e9cart\u00e9 pour avoir refus\u00e9 de changer d\u2019agent selon un journaliste."},"content":{"rendered":"\n<p><\/p>\n\n\n\n<p>Ecart\u00e9 du club pendant plusieurs journ\u00e9es, Bamba Dieng a finalement pu regagner l\u2019\u00e9quipe apr\u00e8s une longue travers\u00e9e du d\u00e9sert. Selon certaines informations, les dirigeants lui ont tenu rigueur suite \u00e0 son d\u00e9part avort\u00e9 \u00e0 Leed United.<\/p><div class=\"publi-paragraphe1\" style=\"margin-top: 10px;margin-bottom: 10px;margin-left: auto;margin-right: auto;text-align: center;\" id=\"publi-4183310764\"><div class=\"publi-adlabel\">Publicit\u00e9<\/div><script async src=\"\/\/pagead2.googlesyndication.com\/pagead\/js\/adsbygoogle.js?client=ca-pub-4089586018074219\" crossorigin=\"anonymous\"><\/script><ins class=\"adsbygoogle\" style=\"display:block;\" data-ad-client=\"ca-pub-4089586018074219\" \ndata-ad-slot=\"2087940154\" \ndata-ad-format=\"auto\"><\/ins>\n<script> \n(adsbygoogle = window.adsbygoogle || []).push({}); \n<\/script>\n<\/div>\n\n\n\n<p><\/p>\n\n\n\n<p> En v\u00e9rit\u00e9, en dernier lieu le natif de Diourbel apr\u00e8s avoir donn\u00e9 sa parole \u00e0 Leed United \u00e0 fil\u00e9 en douce \u00e0 Nice ou il a \u00e9t\u00e9 recal\u00e9 lors de sa visite m\u00e9dicale.<\/p>\n\n\n\n<p>Daniel Riolo journaliste tr\u00e8s \u00ab\u00a0sourc\u00e9\u00a0\u00bb a livr\u00e9 ses propres informations sur le joueur de l\u2019OM Bamba Dieng. Selon lui, le club marseillais lui a demand\u00e9 de changer d\u2019agent, ce qu\u2019il a refus\u00e9 :\u00a0\u00ab Si vous voulez l\u2019histoire de Bamba Dieng, elle est un peu tordue. Bamba Dieng, c\u2019est un peu ce qu\u2019il s\u2019est pass\u00e9 avec Kamara.<\/p>\n\n\n\n<p><\/p>\n\n\n\n<p> Le club lui a demand\u00e9 de changer d\u2019agent, il n\u2019a pas voulu, c\u2019est un peu pour \u00e7a qu\u2019on l\u2019a mis au placard \u00bb, a confi\u00e9 le journaliste sur\u00a0RMC Sport.<\/p>\n\n\n\n<p>Samba SY.<\/p>\n<div class=\"publi-apres-le-contenu\" style=\"margin-top: 10px;margin-bottom: 10px;margin-left: auto;margin-right: auto;text-align: center;\" id=\"publi-3294584682\"><div class=\"publi-adlabel\">Publicit\u00e9<\/div><script async src=\"\/\/pagead2.googlesyndication.com\/pagead\/js\/adsbygoogle.js?client=ca-pub-4089586018074219\" crossorigin=\"anonymous\"><\/script><ins class=\"adsbygoogle\" style=\"display:block;\" data-ad-client=\"ca-pub-4089586018074219\" \ndata-ad-slot=\"2087940154\" \ndata-ad-format=\"auto\"><\/ins>\n<script> \n(adsbygoogle = window.adsbygoogle || []).push({}); \n<\/script>\n<\/div>","protected":false},"excerpt":{"rendered":"<p>Ecart\u00e9 du club pendant plusieurs journ\u00e9es, Bamba Dieng a finalement pu regagner l\u2019\u00e9quipe apr\u00e8s une longue travers\u00e9e du d\u00e9sert. Selon certaines informations, les dirigeants lui ont tenu rigueur suite \u00e0 son d\u00e9part avort\u00e9 \u00e0 Leed United. En v\u00e9rit\u00e9, en dernier lieu le natif de Diourbel apr\u00e8s avoir donn\u00e9 sa parole \u00e0 Leed United \u00e0 fil\u00e9 en douce \u00e0 Nice ou il a \u00e9t\u00e9 recal\u00e9 lors de sa visite m\u00e9dicale. Daniel Riolo journaliste tr\u00e8s \u00ab\u00a0sourc\u00e9\u00a0\u00bb a livr\u00e9 ses propres informations sur le joueur de l\u2019OM Bamba Dieng. Selon lui, le club marseillais lui a demand\u00e9 de changer d\u2019agent, ce qu\u2019il a refus\u00e9 :\u00a0\u00ab Si vous voulez l\u2019histoire de Bamba Dieng, elle est un peu tordue. Bamba Dieng, c\u2019est un peu ce qu\u2019il s\u2019est pass\u00e9 avec Kamara. Le club lui a demand\u00e9 de changer d\u2019agent, il n\u2019a pas voulu, c\u2019est un peu pour \u00e7a qu\u2019on l\u2019a mis au placard \u00bb, a confi\u00e9 le journaliste sur\u00a0RMC Sport. Samba SY.<\/p>\n","protected":false},"author":7,"featured_media":6833,"comment_status":"open","ping_status":"open","sticky":false,"template":"","format":"standard","meta":{"_jetpack_memberships_contains_paid_content":false,"footnotes":""},"categories":[375,1,7],"tags":[2390,68,2389],"class_list":["post-6832","post","type-post","status-publish","format-standard","has-post-thumbnail","hentry","category-actualites","category-non-classe","category-sport","tag-bamba-dien","tag-football","tag-tranfert","entry","has-media","owp-thumbs-layout-horizontal","owp-btn-normal","owp-tabs-layout-horizontal","has-no-thumbnails","has-product-nav"],"yoast_head":"<!-- This site is optimized with the Yoast SEO plugin v25.5 - https:\/\/yoast.com\/wordpress\/plugins\/seo\/ -->\n<title>Bamba Dieng a \u00e9t\u00e9 \u00e9cart\u00e9 pour avoir refus\u00e9 de changer d\u2019agent selon un journaliste. - LE PUBLIC<\/title>\n<meta name=\"robots\" content=\"index, follow, max-snippet:-1, max-image-preview:large, max-video-preview:-1\" \/>\n<link rel=\"canonical\" href=\"https:\/\/www.public.sn\/index.php\/2022\/11\/03\/bamba-dieng-a-ete-ecarte-pour-avoir-refuse-de-changer-dagent-selon-un-journaliste\/\" \/>\n<meta property=\"og:locale\" content=\"fr_FR\" \/>\n<meta property=\"og:type\" content=\"article\" \/>\n<meta property=\"og:title\" content=\"Bamba Dieng a \u00e9t\u00e9 \u00e9cart\u00e9 pour avoir refus\u00e9 de changer d\u2019agent selon un journaliste. - LE PUBLIC\" \/>\n<meta property=\"og:description\" content=\"Ecart\u00e9 du club pendant plusieurs journ\u00e9es, Bamba Dieng a finalement pu regagner l\u2019\u00e9quipe apr\u00e8s une longue travers\u00e9e du d\u00e9sert. Selon certaines informations, les dirigeants lui ont tenu rigueur suite \u00e0 son d\u00e9part avort\u00e9 \u00e0 Leed United. En v\u00e9rit\u00e9, en dernier lieu le natif de Diourbel apr\u00e8s avoir donn\u00e9 sa parole \u00e0 Leed United \u00e0 fil\u00e9 en douce \u00e0 Nice ou il a \u00e9t\u00e9 recal\u00e9 lors de sa visite m\u00e9dicale. Daniel Riolo journaliste tr\u00e8s \u00ab\u00a0sourc\u00e9\u00a0\u00bb a livr\u00e9 ses propres informations sur le joueur de l\u2019OM Bamba Dieng. Selon lui, le club marseillais lui a demand\u00e9 de changer d\u2019agent, ce qu\u2019il a refus\u00e9 :\u00a0\u00ab Si vous voulez l\u2019histoire de Bamba Dieng, elle est un peu tordue. Bamba Dieng, c\u2019est un peu ce qu\u2019il s\u2019est pass\u00e9 avec Kamara. Le club lui a demand\u00e9 de changer d\u2019agent, il n\u2019a pas voulu, c\u2019est un peu pour \u00e7a qu\u2019on l\u2019a mis au placard \u00bb, a confi\u00e9 le journaliste sur\u00a0RMC Sport. Samba SY.\" \/>\n<meta property=\"og:url\" content=\"https:\/\/www.public.sn\/index.php\/2022\/11\/03\/bamba-dieng-a-ete-ecarte-pour-avoir-refuse-de-changer-dagent-selon-un-journaliste\/\" \/>\n<meta property=\"og:site_name\" content=\"LE PUBLIC\" \/>\n<meta property=\"article:published_time\" content=\"2022-11-03T16:58:08+00:00\" \/>\n<meta property=\"article:modified_time\" content=\"2022-11-03T17:06:56+00:00\" \/>\n<meta property=\"og:image\" content=\"https:\/\/www.public.sn\/wp-content\/uploads\/2022\/11\/bamba-dieng.jpg\" \/>\n\t<meta property=\"og:image:width\" content=\"1200\" \/>\n\t<meta property=\"og:image:height\" content=\"640\" \/>\n\t<meta property=\"og:image:type\" content=\"image\/jpeg\" \/>\n<meta name=\"author\" content=\"LA REDACTION\" \/>\n<meta name=\"twitter:card\" content=\"summary_large_image\" \/>\n<meta name=\"twitter:label1\" content=\"\u00c9crit par\" \/>\n\t<meta name=\"twitter:data1\" content=\"LA REDACTION\" \/>\n\t<meta name=\"twitter:label2\" content=\"Dur\u00e9e de lecture estim\u00e9e\" \/>\n\t<meta name=\"twitter:data2\" content=\"1 minute\" \/>\n<script type=\"application\/ld+json\" class=\"yoast-schema-graph\">{\"@context\":\"https:\/\/schema.org\",\"@graph\":[{\"@type\":\"Article\",\"@id\":\"https:\/\/www.public.sn\/index.php\/2022\/11\/03\/bamba-dieng-a-ete-ecarte-pour-avoir-refuse-de-changer-dagent-selon-un-journaliste\/#article\",\"isPartOf\":{\"@id\":\"https:\/\/www.public.sn\/index.php\/2022\/11\/03\/bamba-dieng-a-ete-ecarte-pour-avoir-refuse-de-changer-dagent-selon-un-journaliste\/\"},\"author\":{\"name\":\"LA REDACTION\",\"@id\":\"https:\/\/www.public.sn\/#\/schema\/person\/cb76c8e1b8becc6be61fb5e92d6d0224\"},\"headline\":\"Bamba Dieng a \u00e9t\u00e9 \u00e9cart\u00e9 pour avoir refus\u00e9 de changer d\u2019agent selon un journaliste.\",\"datePublished\":\"2022-11-03T16:58:08+00:00\",\"dateModified\":\"2022-11-03T17:06:56+00:00\",\"mainEntityOfPage\":{\"@id\":\"https:\/\/www.public.sn\/index.php\/2022\/11\/03\/bamba-dieng-a-ete-ecarte-pour-avoir-refuse-de-changer-dagent-selon-un-journaliste\/\"},\"wordCount\":187,\"commentCount\":0,\"publisher\":{\"@id\":\"https:\/\/www.public.sn\/#organization\"},\"image\":{\"@id\":\"https:\/\/www.public.sn\/index.php\/2022\/11\/03\/bamba-dieng-a-ete-ecarte-pour-avoir-refuse-de-changer-dagent-selon-un-journaliste\/#primaryimage\"},\"thumbnailUrl\":\"https:\/\/www.public.sn\/wp-content\/uploads\/2022\/11\/bamba-dieng.jpg\",\"keywords\":[\"bamba dien\",\"Football\",\"tranfert\"],\"articleSection\":[\"ACTUALIT\u00c9S\",\"S\u00c9N\u00c9GAL\",\"SPORTS\"],\"inLanguage\":\"fr-FR\",\"potentialAction\":[{\"@type\":\"CommentAction\",\"name\":\"Comment\",\"target\":[\"https:\/\/www.public.sn\/index.php\/2022\/11\/03\/bamba-dieng-a-ete-ecarte-pour-avoir-refuse-de-changer-dagent-selon-un-journaliste\/#respond\"]}]},{\"@type\":\"WebPage\",\"@id\":\"https:\/\/www.public.sn\/index.php\/2022\/11\/03\/bamba-dieng-a-ete-ecarte-pour-avoir-refuse-de-changer-dagent-selon-un-journaliste\/\",\"url\":\"https:\/\/www.public.sn\/index.php\/2022\/11\/03\/bamba-dieng-a-ete-ecarte-pour-avoir-refuse-de-changer-dagent-selon-un-journaliste\/\",\"name\":\"Bamba Dieng a \u00e9t\u00e9 \u00e9cart\u00e9 pour avoir refus\u00e9 de changer d\u2019agent selon un journaliste. - LE PUBLIC\",\"isPartOf\":{\"@id\":\"https:\/\/www.public.sn\/#website\"},\"primaryImageOfPage\":{\"@id\":\"https:\/\/www.public.sn\/index.php\/2022\/11\/03\/bamba-dieng-a-ete-ecarte-pour-avoir-refuse-de-changer-dagent-selon-un-journaliste\/#primaryimage\"},\"image\":{\"@id\":\"https:\/\/www.public.sn\/index.php\/2022\/11\/03\/bamba-dieng-a-ete-ecarte-pour-avoir-refuse-de-changer-dagent-selon-un-journaliste\/#primaryimage\"},\"thumbnailUrl\":\"https:\/\/www.public.sn\/wp-content\/uploads\/2022\/11\/bamba-dieng.jpg\",\"datePublished\":\"2022-11-03T16:58:08+00:00\",\"dateModified\":\"2022-11-03T17:06:56+00:00\",\"breadcrumb\":{\"@id\":\"https:\/\/www.public.sn\/index.php\/2022\/11\/03\/bamba-dieng-a-ete-ecarte-pour-avoir-refuse-de-changer-dagent-selon-un-journaliste\/#breadcrumb\"},\"inLanguage\":\"fr-FR\",\"potentialAction\":[{\"@type\":\"ReadAction\",\"target\":[\"https:\/\/www.public.sn\/index.php\/2022\/11\/03\/bamba-dieng-a-ete-ecarte-pour-avoir-refuse-de-changer-dagent-selon-un-journaliste\/\"]}]},{\"@type\":\"ImageObject\",\"inLanguage\":\"fr-FR\",\"@id\":\"https:\/\/www.public.sn\/index.php\/2022\/11\/03\/bamba-dieng-a-ete-ecarte-pour-avoir-refuse-de-changer-dagent-selon-un-journaliste\/#primaryimage\",\"url\":\"https:\/\/www.public.sn\/wp-content\/uploads\/2022\/11\/bamba-dieng.jpg\",\"contentUrl\":\"https:\/\/www.public.sn\/wp-content\/uploads\/2022\/11\/bamba-dieng.jpg\",\"width\":1200,\"height\":640,\"caption\":\"publicsn\"},{\"@type\":\"BreadcrumbList\",\"@id\":\"https:\/\/www.public.sn\/index.php\/2022\/11\/03\/bamba-dieng-a-ete-ecarte-pour-avoir-refuse-de-changer-dagent-selon-un-journaliste\/#breadcrumb\",\"itemListElement\":[{\"@type\":\"ListItem\",\"position\":1,\"name\":\"Accueil\",\"item\":\"https:\/\/www.public.sn\/\"},{\"@type\":\"ListItem\",\"position\":2,\"name\":\"Bamba Dieng a \u00e9t\u00e9 \u00e9cart\u00e9 pour avoir refus\u00e9 de changer d\u2019agent selon un journaliste.\"}]},{\"@type\":\"WebSite\",\"@id\":\"https:\/\/www.public.sn\/#website\",\"url\":\"https:\/\/www.public.sn\/\",\"name\":\"LE PUBLIC\",\"description\":\"\",\"publisher\":{\"@id\":\"https:\/\/www.public.sn\/#organization\"},\"potentialAction\":[{\"@type\":\"SearchAction\",\"target\":{\"@type\":\"EntryPoint\",\"urlTemplate\":\"https:\/\/www.public.sn\/?s={search_term_string}\"},\"query-input\":{\"@type\":\"PropertyValueSpecification\",\"valueRequired\":true,\"valueName\":\"search_term_string\"}}],\"inLanguage\":\"fr-FR\"},{\"@type\":\"Organization\",\"@id\":\"https:\/\/www.public.sn\/#organization\",\"name\":\"LE PUBLIC\",\"url\":\"https:\/\/www.public.sn\/\",\"logo\":{\"@type\":\"ImageObject\",\"inLanguage\":\"fr-FR\",\"@id\":\"https:\/\/www.public.sn\/#\/schema\/logo\/image\/\",\"url\":\"https:\/\/www.public.sn\/wp-content\/uploads\/2024\/05\/cropped-LOGO-PUBLIC.SN_.png\",\"contentUrl\":\"https:\/\/www.public.sn\/wp-content\/uploads\/2024\/05\/cropped-LOGO-PUBLIC.SN_.png\",\"width\":682,\"height\":192,\"caption\":\"LE PUBLIC\"},\"image\":{\"@id\":\"https:\/\/www.public.sn\/#\/schema\/logo\/image\/\"}},{\"@type\":\"Person\",\"@id\":\"https:\/\/www.public.sn\/#\/schema\/person\/cb76c8e1b8becc6be61fb5e92d6d0224\",\"name\":\"LA REDACTION\",\"image\":{\"@type\":\"ImageObject\",\"inLanguage\":\"fr-FR\",\"@id\":\"https:\/\/www.public.sn\/#\/schema\/person\/image\/\",\"url\":\"https:\/\/secure.gravatar.com\/avatar\/2dce5ddd34b8fef0180efe03aa2a9bee7d953856048f9a16b298190a3178407c?s=96&d=mm&r=g\",\"contentUrl\":\"https:\/\/secure.gravatar.com\/avatar\/2dce5ddd34b8fef0180efe03aa2a9bee7d953856048f9a16b298190a3178407c?s=96&d=mm&r=g\",\"caption\":\"LA REDACTION\"},\"url\":\"https:\/\/www.public.sn\/index.php\/author\/editeurpsn\/\"}]}<\/script>\n<!-- \/ Yoast SEO plugin. -->","yoast_head_json":{"title":"Bamba Dieng a \u00e9t\u00e9 \u00e9cart\u00e9 pour avoir refus\u00e9 de changer d\u2019agent selon un journaliste. - LE PUBLIC","robots":{"index":"index","follow":"follow","max-snippet":"max-snippet:-1","max-image-preview":"max-image-preview:large","max-video-preview":"max-video-preview:-1"},"canonical":"https:\/\/www.public.sn\/index.php\/2022\/11\/03\/bamba-dieng-a-ete-ecarte-pour-avoir-refuse-de-changer-dagent-selon-un-journaliste\/","og_locale":"fr_FR","og_type":"article","og_title":"Bamba Dieng a \u00e9t\u00e9 \u00e9cart\u00e9 pour avoir refus\u00e9 de changer d\u2019agent selon un journaliste. - LE PUBLIC","og_description":"Ecart\u00e9 du club pendant plusieurs journ\u00e9es, Bamba Dieng a finalement pu regagner l\u2019\u00e9quipe apr\u00e8s une longue travers\u00e9e du d\u00e9sert. Selon certaines informations, les dirigeants lui ont tenu rigueur suite \u00e0 son d\u00e9part avort\u00e9 \u00e0 Leed United. En v\u00e9rit\u00e9, en dernier lieu le natif de Diourbel apr\u00e8s avoir donn\u00e9 sa parole \u00e0 Leed United \u00e0 fil\u00e9 en douce \u00e0 Nice ou il a \u00e9t\u00e9 recal\u00e9 lors de sa visite m\u00e9dicale. Daniel Riolo journaliste tr\u00e8s \u00ab\u00a0sourc\u00e9\u00a0\u00bb a livr\u00e9 ses propres informations sur le joueur de l\u2019OM Bamba Dieng. Selon lui, le club marseillais lui a demand\u00e9 de changer d\u2019agent, ce qu\u2019il a refus\u00e9 :\u00a0\u00ab Si vous voulez l\u2019histoire de Bamba Dieng, elle est un peu tordue. Bamba Dieng, c\u2019est un peu ce qu\u2019il s\u2019est pass\u00e9 avec Kamara. Le club lui a demand\u00e9 de changer d\u2019agent, il n\u2019a pas voulu, c\u2019est un peu pour \u00e7a qu\u2019on l\u2019a mis au placard \u00bb, a confi\u00e9 le journaliste sur\u00a0RMC Sport. Samba SY.","og_url":"https:\/\/www.public.sn\/index.php\/2022\/11\/03\/bamba-dieng-a-ete-ecarte-pour-avoir-refuse-de-changer-dagent-selon-un-journaliste\/","og_site_name":"LE PUBLIC","article_published_time":"2022-11-03T16:58:08+00:00","article_modified_time":"2022-11-03T17:06:56+00:00","og_image":[{"width":1200,"height":640,"url":"https:\/\/www.public.sn\/wp-content\/uploads\/2022\/11\/bamba-dieng.jpg","type":"image\/jpeg"}],"author":"LA REDACTION","twitter_card":"summary_large_image","twitter_misc":{"\u00c9crit par":"LA REDACTION","Dur\u00e9e de lecture estim\u00e9e":"1 minute"},"schema":{"@context":"https:\/\/schema.org","@graph":[{"@type":"Article","@id":"https:\/\/www.public.sn\/index.php\/2022\/11\/03\/bamba-dieng-a-ete-ecarte-pour-avoir-refuse-de-changer-dagent-selon-un-journaliste\/#article","isPartOf":{"@id":"https:\/\/www.public.sn\/index.php\/2022\/11\/03\/bamba-dieng-a-ete-ecarte-pour-avoir-refuse-de-changer-dagent-selon-un-journaliste\/"},"author":{"name":"LA REDACTION","@id":"https:\/\/www.public.sn\/#\/schema\/person\/cb76c8e1b8becc6be61fb5e92d6d0224"},"headline":"Bamba Dieng a \u00e9t\u00e9 \u00e9cart\u00e9 pour avoir refus\u00e9 de changer d\u2019agent selon un journaliste.","datePublished":"2022-11-03T16:58:08+00:00","dateModified":"2022-11-03T17:06:56+00:00","mainEntityOfPage":{"@id":"https:\/\/www.public.sn\/index.php\/2022\/11\/03\/bamba-dieng-a-ete-ecarte-pour-avoir-refuse-de-changer-dagent-selon-un-journaliste\/"},"wordCount":187,"commentCount":0,"publisher":{"@id":"https:\/\/www.public.sn\/#organization"},"image":{"@id":"https:\/\/www.public.sn\/index.php\/2022\/11\/03\/bamba-dieng-a-ete-ecarte-pour-avoir-refuse-de-changer-dagent-selon-un-journaliste\/#primaryimage"},"thumbnailUrl":"https:\/\/www.public.sn\/wp-content\/uploads\/2022\/11\/bamba-dieng.jpg","keywords":["bamba dien","Football","tranfert"],"articleSection":["ACTUALIT\u00c9S","S\u00c9N\u00c9GAL","SPORTS"],"inLanguage":"fr-FR","potentialAction":[{"@type":"CommentAction","name":"Comment","target":["https:\/\/www.public.sn\/index.php\/2022\/11\/03\/bamba-dieng-a-ete-ecarte-pour-avoir-refuse-de-changer-dagent-selon-un-journaliste\/#respond"]}]},{"@type":"WebPage","@id":"https:\/\/www.public.sn\/index.php\/2022\/11\/03\/bamba-dieng-a-ete-ecarte-pour-avoir-refuse-de-changer-dagent-selon-un-journaliste\/","url":"https:\/\/www.public.sn\/index.php\/2022\/11\/03\/bamba-dieng-a-ete-ecarte-pour-avoir-refuse-de-changer-dagent-selon-un-journaliste\/","name":"Bamba Dieng a \u00e9t\u00e9 \u00e9cart\u00e9 pour avoir refus\u00e9 de changer d\u2019agent selon un journaliste. - LE PUBLIC","isPartOf":{"@id":"https:\/\/www.public.sn\/#website"},"primaryImageOfPage":{"@id":"https:\/\/www.public.sn\/index.php\/2022\/11\/03\/bamba-dieng-a-ete-ecarte-pour-avoir-refuse-de-changer-dagent-selon-un-journaliste\/#primaryimage"},"image":{"@id":"https:\/\/www.public.sn\/index.php\/2022\/11\/03\/bamba-dieng-a-ete-ecarte-pour-avoir-refuse-de-changer-dagent-selon-un-journaliste\/#primaryimage"},"thumbnailUrl":"https:\/\/www.public.sn\/wp-content\/uploads\/2022\/11\/bamba-dieng.jpg","datePublished":"2022-11-03T16:58:08+00:00","dateModified":"2022-11-03T17:06:56+00:00","breadcrumb":{"@id":"https:\/\/www.public.sn\/index.php\/2022\/11\/03\/bamba-dieng-a-ete-ecarte-pour-avoir-refuse-de-changer-dagent-selon-un-journaliste\/#breadcrumb"},"inLanguage":"fr-FR","potentialAction":[{"@type":"ReadAction","target":["https:\/\/www.public.sn\/index.php\/2022\/11\/03\/bamba-dieng-a-ete-ecarte-pour-avoir-refuse-de-changer-dagent-selon-un-journaliste\/"]}]},{"@type":"ImageObject","inLanguage":"fr-FR","@id":"https:\/\/www.public.sn\/index.php\/2022\/11\/03\/bamba-dieng-a-ete-ecarte-pour-avoir-refuse-de-changer-dagent-selon-un-journaliste\/#primaryimage","url":"https:\/\/www.public.sn\/wp-content\/uploads\/2022\/11\/bamba-dieng.jpg","contentUrl":"https:\/\/www.public.sn\/wp-content\/uploads\/2022\/11\/bamba-dieng.jpg","width":1200,"height":640,"caption":"publicsn"},{"@type":"BreadcrumbList","@id":"https:\/\/www.public.sn\/index.php\/2022\/11\/03\/bamba-dieng-a-ete-ecarte-pour-avoir-refuse-de-changer-dagent-selon-un-journaliste\/#breadcrumb","itemListElement":[{"@type":"ListItem","position":1,"name":"Accueil","item":"https:\/\/www.public.sn\/"},{"@type":"ListItem","position":2,"name":"Bamba Dieng a \u00e9t\u00e9 \u00e9cart\u00e9 pour avoir refus\u00e9 de changer d\u2019agent selon un journaliste."}]},{"@type":"WebSite","@id":"https:\/\/www.public.sn\/#website","url":"https:\/\/www.public.sn\/","name":"LE PUBLIC","description":"","publisher":{"@id":"https:\/\/www.public.sn\/#organization"},"potentialAction":[{"@type":"SearchAction","target":{"@type":"EntryPoint","urlTemplate":"https:\/\/www.public.sn\/?s={search_term_string}"},"query-input":{"@type":"PropertyValueSpecification","valueRequired":true,"valueName":"search_term_string"}}],"inLanguage":"fr-FR"},{"@type":"Organization","@id":"https:\/\/www.public.sn\/#organization","name":"LE PUBLIC","url":"https:\/\/www.public.sn\/","logo":{"@type":"ImageObject","inLanguage":"fr-FR","@id":"https:\/\/www.public.sn\/#\/schema\/logo\/image\/","url":"https:\/\/www.public.sn\/wp-content\/uploads\/2024\/05\/cropped-LOGO-PUBLIC.SN_.png","contentUrl":"https:\/\/www.public.sn\/wp-content\/uploads\/2024\/05\/cropped-LOGO-PUBLIC.SN_.png","width":682,"height":192,"caption":"LE PUBLIC"},"image":{"@id":"https:\/\/www.public.sn\/#\/schema\/logo\/image\/"}},{"@type":"Person","@id":"https:\/\/www.public.sn\/#\/schema\/person\/cb76c8e1b8becc6be61fb5e92d6d0224","name":"LA REDACTION","image":{"@type":"ImageObject","inLanguage":"fr-FR","@id":"https:\/\/www.public.sn\/#\/schema\/person\/image\/","url":"https:\/\/secure.gravatar.com\/avatar\/2dce5ddd34b8fef0180efe03aa2a9bee7d953856048f9a16b298190a3178407c?s=96&d=mm&r=g","contentUrl":"https:\/\/secure.gravatar.com\/avatar\/2dce5ddd34b8fef0180efe03aa2a9bee7d953856048f9a16b298190a3178407c?s=96&d=mm&r=g","caption":"LA REDACTION"},"url":"https:\/\/www.public.sn\/index.php\/author\/editeurpsn\/"}]}},"jetpack_featured_media_url":"https:\/\/www.public.sn\/wp-content\/uploads\/2022\/11\/bamba-dieng.jpg","jetpack_sharing_enabled":true,"_links":{"self":[{"href":"https:\/\/www.public.sn\/index.php\/wp-json\/wp\/v2\/posts\/6832","targetHints":{"allow":["GET"]}}],"collection":[{"href":"https:\/\/www.public.sn\/index.php\/wp-json\/wp\/v2\/posts"}],"about":[{"href":"https:\/\/www.public.sn\/index.php\/wp-json\/wp\/v2\/types\/post"}],"author":[{"embeddable":true,"href":"https:\/\/www.public.sn\/index.php\/wp-json\/wp\/v2\/users\/7"}],"replies":[{"embeddable":true,"href":"https:\/\/www.public.sn\/index.php\/wp-json\/wp\/v2\/comments?post=6832"}],"version-history":[{"count":1,"href":"https:\/\/www.public.sn\/index.php\/wp-json\/wp\/v2\/posts\/6832\/revisions"}],"predecessor-version":[{"id":6834,"href":"https:\/\/www.public.sn\/index.php\/wp-json\/wp\/v2\/posts\/6832\/revisions\/6834"}],"wp:featuredmedia":[{"embeddable":true,"href":"https:\/\/www.public.sn\/index.php\/wp-json\/wp\/v2\/media\/6833"}],"wp:attachment":[{"href":"https:\/\/www.public.sn\/index.php\/wp-json\/wp\/v2\/media?parent=6832"}],"wp:term":[{"taxonomy":"category","embeddable":true,"href":"https:\/\/www.public.sn\/index.php\/wp-json\/wp\/v2\/categories?post=6832"},{"taxonomy":"post_tag","embeddable":true,"href":"https:\/\/www.public.sn\/index.php\/wp-json\/wp\/v2\/tags?post=6832"}],"curies":[{"name":"wp","href":"https:\/\/api.w.org\/{rel}","templated":true}]}}