{"id":6851,"date":"2022-11-04T08:28:18","date_gmt":"2022-11-04T08:28:18","guid":{"rendered":"https:\/\/www.public.sn\/?p=6851"},"modified":"2022-11-04T08:28:20","modified_gmt":"2022-11-04T08:28:20","slug":"poste-les-salaries-domicilies-ralent","status":"publish","type":"post","link":"https:\/\/www.public.sn\/index.php\/2022\/11\/04\/poste-les-salaries-domicilies-ralent\/","title":{"rendered":"Poste\u00a0: Les salari\u00e9s domicili\u00e9s r\u00e2lent."},"content":{"rendered":"\n<p><\/p>\n\n\n\n<p>Les salari\u00e9s domicili\u00e9s \u00e0 la Poste notamment les enseignants et les retrait\u00e9s sont dans le d\u00e9sarroi. Ces derniers n\u2019arrivent plus \u00e0 percevoir correctement leurs salaires domicili\u00e9s \u00e0 la Poste.<\/p><div class=\"publi-paragraphe1\" style=\"margin-top: 10px;margin-bottom: 10px;margin-left: auto;margin-right: auto;text-align: center;\" id=\"publi-851571308\"><div class=\"publi-adlabel\">Publicit\u00e9<\/div><script async src=\"\/\/pagead2.googlesyndication.com\/pagead\/js\/adsbygoogle.js?client=ca-pub-4089586018074219\" crossorigin=\"anonymous\"><\/script><ins class=\"adsbygoogle\" style=\"display:block;\" data-ad-client=\"ca-pub-4089586018074219\" \ndata-ad-slot=\"2087940154\" \ndata-ad-format=\"auto\"><\/ins>\n<script> \n(adsbygoogle = window.adsbygoogle || []).push({}); \n<\/script>\n<\/div>\n\n\n\n<p><\/p>\n\n\n\n<p> Ces derniers soup\u00e7onnent un d\u00e9tournement d\u2019objectif d\u2019autant plus que les virements sont faits par l\u2019Etat. Ces salari\u00e9s menacent de se faire entendre si d\u2019ici au 8, ils ne per\u00e7oivent pas leurs salaires. L\u2019Etat est ainsi interpell\u00e9 pour une solution d\u00e9finitive \u00e0 ce probl\u00e8me. Depuis 2 ans la Poste traverse une crise financi\u00e8re tr\u00e8s aigue et les syndicalistes ont \u00e0 plusieurs reprises organis\u00e9 des marches et sit in pour exiger l\u2019audit de la Poste. <\/p>\n\n\n\n<p><\/p>\n\n\n\n<p>Et d\u2019ailleurs en conseil des ministres, le pr\u00e9sident de la R\u00e9publique a nomm\u00e9 un nouveau directeur \u00e0 la poste en la personne de Mohamed Diait\u00e9 en remplacement de Abdoulaye Bibi Bald\u00e9.<\/p>\n\n\n\n<p>Samba SY.<\/p>\n<div class=\"publi-apres-le-contenu\" style=\"margin-top: 10px;margin-bottom: 10px;margin-left: auto;margin-right: auto;text-align: center;\" id=\"publi-3757677627\"><div class=\"publi-adlabel\">Publicit\u00e9<\/div><script async src=\"\/\/pagead2.googlesyndication.com\/pagead\/js\/adsbygoogle.js?client=ca-pub-4089586018074219\" crossorigin=\"anonymous\"><\/script><ins class=\"adsbygoogle\" style=\"display:block;\" data-ad-client=\"ca-pub-4089586018074219\" \ndata-ad-slot=\"2087940154\" \ndata-ad-format=\"auto\"><\/ins>\n<script> \n(adsbygoogle = window.adsbygoogle || []).push({}); \n<\/script>\n<\/div>","protected":false},"excerpt":{"rendered":"<p>Les salari\u00e9s domicili\u00e9s \u00e0 la Poste notamment les enseignants et les retrait\u00e9s sont dans le d\u00e9sarroi. Ces derniers n\u2019arrivent plus \u00e0 percevoir correctement leurs salaires domicili\u00e9s \u00e0 la Poste. Ces derniers soup\u00e7onnent un d\u00e9tournement d\u2019objectif d\u2019autant plus que les virements sont faits par l\u2019Etat. Ces salari\u00e9s menacent de se faire entendre si d\u2019ici au 8, ils ne per\u00e7oivent pas leurs salaires. L\u2019Etat est ainsi interpell\u00e9 pour une solution d\u00e9finitive \u00e0 ce probl\u00e8me. Depuis 2 ans la Poste traverse une crise financi\u00e8re tr\u00e8s aigue et les syndicalistes ont \u00e0 plusieurs reprises organis\u00e9 des marches et sit in pour exiger l\u2019audit de la Poste. Et d\u2019ailleurs en conseil des ministres, le pr\u00e9sident de la R\u00e9publique a nomm\u00e9 un nouveau directeur \u00e0 la poste en la personne de Mohamed Diait\u00e9 en remplacement de Abdoulaye Bibi Bald\u00e9. Samba SY.<\/p>\n","protected":false},"author":7,"featured_media":6852,"comment_status":"open","ping_status":"open","sticky":false,"template":"","format":"standard","meta":{"_jetpack_memberships_contains_paid_content":false,"footnotes":""},"categories":[375,1,4],"tags":[2400,1440,2399],"class_list":["post-6851","post","type-post","status-publish","format-standard","has-post-thumbnail","hentry","category-actualites","category-non-classe","category-societe","tag-difficultes","tag-poste","tag-salaries-domicilies","entry","has-media","owp-thumbs-layout-horizontal","owp-btn-normal","owp-tabs-layout-horizontal","has-no-thumbnails","has-product-nav"],"yoast_head":"<!-- This site is optimized with the Yoast SEO plugin v25.5 - https:\/\/yoast.com\/wordpress\/plugins\/seo\/ -->\n<title>Poste\u00a0: Les salari\u00e9s domicili\u00e9s r\u00e2lent. - LE PUBLIC<\/title>\n<meta name=\"robots\" content=\"index, follow, max-snippet:-1, max-image-preview:large, max-video-preview:-1\" \/>\n<link rel=\"canonical\" href=\"https:\/\/www.public.sn\/index.php\/2022\/11\/04\/poste-les-salaries-domicilies-ralent\/\" \/>\n<meta property=\"og:locale\" content=\"fr_FR\" \/>\n<meta property=\"og:type\" content=\"article\" \/>\n<meta property=\"og:title\" content=\"Poste\u00a0: Les salari\u00e9s domicili\u00e9s r\u00e2lent. - LE PUBLIC\" \/>\n<meta property=\"og:description\" content=\"Les salari\u00e9s domicili\u00e9s \u00e0 la Poste notamment les enseignants et les retrait\u00e9s sont dans le d\u00e9sarroi. Ces derniers n\u2019arrivent plus \u00e0 percevoir correctement leurs salaires domicili\u00e9s \u00e0 la Poste. Ces derniers soup\u00e7onnent un d\u00e9tournement d\u2019objectif d\u2019autant plus que les virements sont faits par l\u2019Etat. Ces salari\u00e9s menacent de se faire entendre si d\u2019ici au 8, ils ne per\u00e7oivent pas leurs salaires. L\u2019Etat est ainsi interpell\u00e9 pour une solution d\u00e9finitive \u00e0 ce probl\u00e8me. Depuis 2 ans la Poste traverse une crise financi\u00e8re tr\u00e8s aigue et les syndicalistes ont \u00e0 plusieurs reprises organis\u00e9 des marches et sit in pour exiger l\u2019audit de la Poste. Et d\u2019ailleurs en conseil des ministres, le pr\u00e9sident de la R\u00e9publique a nomm\u00e9 un nouveau directeur \u00e0 la poste en la personne de Mohamed Diait\u00e9 en remplacement de Abdoulaye Bibi Bald\u00e9. Samba SY.\" \/>\n<meta property=\"og:url\" content=\"https:\/\/www.public.sn\/index.php\/2022\/11\/04\/poste-les-salaries-domicilies-ralent\/\" \/>\n<meta property=\"og:site_name\" content=\"LE PUBLIC\" \/>\n<meta property=\"article:published_time\" content=\"2022-11-04T08:28:18+00:00\" \/>\n<meta property=\"article:modified_time\" content=\"2022-11-04T08:28:20+00:00\" \/>\n<meta property=\"og:image\" content=\"https:\/\/www.public.sn\/wp-content\/uploads\/2022\/11\/poste.jpg\" \/>\n\t<meta property=\"og:image:width\" content=\"322\" \/>\n\t<meta property=\"og:image:height\" content=\"157\" \/>\n\t<meta property=\"og:image:type\" content=\"image\/jpeg\" \/>\n<meta name=\"author\" content=\"LA REDACTION\" \/>\n<meta name=\"twitter:card\" content=\"summary_large_image\" \/>\n<meta name=\"twitter:label1\" content=\"\u00c9crit par\" \/>\n\t<meta name=\"twitter:data1\" content=\"LA REDACTION\" \/>\n\t<meta name=\"twitter:label2\" content=\"Dur\u00e9e de lecture estim\u00e9e\" \/>\n\t<meta name=\"twitter:data2\" content=\"1 minute\" \/>\n<script type=\"application\/ld+json\" class=\"yoast-schema-graph\">{\"@context\":\"https:\/\/schema.org\",\"@graph\":[{\"@type\":\"Article\",\"@id\":\"https:\/\/www.public.sn\/index.php\/2022\/11\/04\/poste-les-salaries-domicilies-ralent\/#article\",\"isPartOf\":{\"@id\":\"https:\/\/www.public.sn\/index.php\/2022\/11\/04\/poste-les-salaries-domicilies-ralent\/\"},\"author\":{\"name\":\"LA REDACTION\",\"@id\":\"https:\/\/www.public.sn\/#\/schema\/person\/cb76c8e1b8becc6be61fb5e92d6d0224\"},\"headline\":\"Poste\u00a0: Les salari\u00e9s domicili\u00e9s r\u00e2lent.\",\"datePublished\":\"2022-11-04T08:28:18+00:00\",\"dateModified\":\"2022-11-04T08:28:20+00:00\",\"mainEntityOfPage\":{\"@id\":\"https:\/\/www.public.sn\/index.php\/2022\/11\/04\/poste-les-salaries-domicilies-ralent\/\"},\"wordCount\":158,\"commentCount\":0,\"publisher\":{\"@id\":\"https:\/\/www.public.sn\/#organization\"},\"image\":{\"@id\":\"https:\/\/www.public.sn\/index.php\/2022\/11\/04\/poste-les-salaries-domicilies-ralent\/#primaryimage\"},\"thumbnailUrl\":\"https:\/\/www.public.sn\/wp-content\/uploads\/2022\/11\/poste.jpg\",\"keywords\":[\"difficult\u00e9s\",\"poste\",\"salari\u00e9s domicili\u00e9s\"],\"articleSection\":[\"ACTUALIT\u00c9S\",\"S\u00c9N\u00c9GAL\",\"SOCIETE\"],\"inLanguage\":\"fr-FR\",\"potentialAction\":[{\"@type\":\"CommentAction\",\"name\":\"Comment\",\"target\":[\"https:\/\/www.public.sn\/index.php\/2022\/11\/04\/poste-les-salaries-domicilies-ralent\/#respond\"]}]},{\"@type\":\"WebPage\",\"@id\":\"https:\/\/www.public.sn\/index.php\/2022\/11\/04\/poste-les-salaries-domicilies-ralent\/\",\"url\":\"https:\/\/www.public.sn\/index.php\/2022\/11\/04\/poste-les-salaries-domicilies-ralent\/\",\"name\":\"Poste\u00a0: Les salari\u00e9s domicili\u00e9s r\u00e2lent. - LE PUBLIC\",\"isPartOf\":{\"@id\":\"https:\/\/www.public.sn\/#website\"},\"primaryImageOfPage\":{\"@id\":\"https:\/\/www.public.sn\/index.php\/2022\/11\/04\/poste-les-salaries-domicilies-ralent\/#primaryimage\"},\"image\":{\"@id\":\"https:\/\/www.public.sn\/index.php\/2022\/11\/04\/poste-les-salaries-domicilies-ralent\/#primaryimage\"},\"thumbnailUrl\":\"https:\/\/www.public.sn\/wp-content\/uploads\/2022\/11\/poste.jpg\",\"datePublished\":\"2022-11-04T08:28:18+00:00\",\"dateModified\":\"2022-11-04T08:28:20+00:00\",\"breadcrumb\":{\"@id\":\"https:\/\/www.public.sn\/index.php\/2022\/11\/04\/poste-les-salaries-domicilies-ralent\/#breadcrumb\"},\"inLanguage\":\"fr-FR\",\"potentialAction\":[{\"@type\":\"ReadAction\",\"target\":[\"https:\/\/www.public.sn\/index.php\/2022\/11\/04\/poste-les-salaries-domicilies-ralent\/\"]}]},{\"@type\":\"ImageObject\",\"inLanguage\":\"fr-FR\",\"@id\":\"https:\/\/www.public.sn\/index.php\/2022\/11\/04\/poste-les-salaries-domicilies-ralent\/#primaryimage\",\"url\":\"https:\/\/www.public.sn\/wp-content\/uploads\/2022\/11\/poste.jpg\",\"contentUrl\":\"https:\/\/www.public.sn\/wp-content\/uploads\/2022\/11\/poste.jpg\",\"width\":322,\"height\":157,\"caption\":\"publicsn\"},{\"@type\":\"BreadcrumbList\",\"@id\":\"https:\/\/www.public.sn\/index.php\/2022\/11\/04\/poste-les-salaries-domicilies-ralent\/#breadcrumb\",\"itemListElement\":[{\"@type\":\"ListItem\",\"position\":1,\"name\":\"Accueil\",\"item\":\"https:\/\/www.public.sn\/\"},{\"@type\":\"ListItem\",\"position\":2,\"name\":\"Poste\u00a0: Les salari\u00e9s domicili\u00e9s r\u00e2lent.\"}]},{\"@type\":\"WebSite\",\"@id\":\"https:\/\/www.public.sn\/#website\",\"url\":\"https:\/\/www.public.sn\/\",\"name\":\"LE PUBLIC\",\"description\":\"\",\"publisher\":{\"@id\":\"https:\/\/www.public.sn\/#organization\"},\"potentialAction\":[{\"@type\":\"SearchAction\",\"target\":{\"@type\":\"EntryPoint\",\"urlTemplate\":\"https:\/\/www.public.sn\/?s={search_term_string}\"},\"query-input\":{\"@type\":\"PropertyValueSpecification\",\"valueRequired\":true,\"valueName\":\"search_term_string\"}}],\"inLanguage\":\"fr-FR\"},{\"@type\":\"Organization\",\"@id\":\"https:\/\/www.public.sn\/#organization\",\"name\":\"LE PUBLIC\",\"url\":\"https:\/\/www.public.sn\/\",\"logo\":{\"@type\":\"ImageObject\",\"inLanguage\":\"fr-FR\",\"@id\":\"https:\/\/www.public.sn\/#\/schema\/logo\/image\/\",\"url\":\"https:\/\/www.public.sn\/wp-content\/uploads\/2024\/05\/cropped-LOGO-PUBLIC.SN_.png\",\"contentUrl\":\"https:\/\/www.public.sn\/wp-content\/uploads\/2024\/05\/cropped-LOGO-PUBLIC.SN_.png\",\"width\":682,\"height\":192,\"caption\":\"LE PUBLIC\"},\"image\":{\"@id\":\"https:\/\/www.public.sn\/#\/schema\/logo\/image\/\"}},{\"@type\":\"Person\",\"@id\":\"https:\/\/www.public.sn\/#\/schema\/person\/cb76c8e1b8becc6be61fb5e92d6d0224\",\"name\":\"LA REDACTION\",\"image\":{\"@type\":\"ImageObject\",\"inLanguage\":\"fr-FR\",\"@id\":\"https:\/\/www.public.sn\/#\/schema\/person\/image\/\",\"url\":\"https:\/\/secure.gravatar.com\/avatar\/2dce5ddd34b8fef0180efe03aa2a9bee7d953856048f9a16b298190a3178407c?s=96&d=mm&r=g\",\"contentUrl\":\"https:\/\/secure.gravatar.com\/avatar\/2dce5ddd34b8fef0180efe03aa2a9bee7d953856048f9a16b298190a3178407c?s=96&d=mm&r=g\",\"caption\":\"LA REDACTION\"},\"url\":\"https:\/\/www.public.sn\/index.php\/author\/editeurpsn\/\"}]}<\/script>\n<!-- \/ Yoast SEO plugin. -->","yoast_head_json":{"title":"Poste\u00a0: Les salari\u00e9s domicili\u00e9s r\u00e2lent. - LE PUBLIC","robots":{"index":"index","follow":"follow","max-snippet":"max-snippet:-1","max-image-preview":"max-image-preview:large","max-video-preview":"max-video-preview:-1"},"canonical":"https:\/\/www.public.sn\/index.php\/2022\/11\/04\/poste-les-salaries-domicilies-ralent\/","og_locale":"fr_FR","og_type":"article","og_title":"Poste\u00a0: Les salari\u00e9s domicili\u00e9s r\u00e2lent. - LE PUBLIC","og_description":"Les salari\u00e9s domicili\u00e9s \u00e0 la Poste notamment les enseignants et les retrait\u00e9s sont dans le d\u00e9sarroi. Ces derniers n\u2019arrivent plus \u00e0 percevoir correctement leurs salaires domicili\u00e9s \u00e0 la Poste. Ces derniers soup\u00e7onnent un d\u00e9tournement d\u2019objectif d\u2019autant plus que les virements sont faits par l\u2019Etat. Ces salari\u00e9s menacent de se faire entendre si d\u2019ici au 8, ils ne per\u00e7oivent pas leurs salaires. L\u2019Etat est ainsi interpell\u00e9 pour une solution d\u00e9finitive \u00e0 ce probl\u00e8me. Depuis 2 ans la Poste traverse une crise financi\u00e8re tr\u00e8s aigue et les syndicalistes ont \u00e0 plusieurs reprises organis\u00e9 des marches et sit in pour exiger l\u2019audit de la Poste. Et d\u2019ailleurs en conseil des ministres, le pr\u00e9sident de la R\u00e9publique a nomm\u00e9 un nouveau directeur \u00e0 la poste en la personne de Mohamed Diait\u00e9 en remplacement de Abdoulaye Bibi Bald\u00e9. Samba SY.","og_url":"https:\/\/www.public.sn\/index.php\/2022\/11\/04\/poste-les-salaries-domicilies-ralent\/","og_site_name":"LE PUBLIC","article_published_time":"2022-11-04T08:28:18+00:00","article_modified_time":"2022-11-04T08:28:20+00:00","og_image":[{"width":322,"height":157,"url":"https:\/\/www.public.sn\/wp-content\/uploads\/2022\/11\/poste.jpg","type":"image\/jpeg"}],"author":"LA REDACTION","twitter_card":"summary_large_image","twitter_misc":{"\u00c9crit par":"LA REDACTION","Dur\u00e9e de lecture estim\u00e9e":"1 minute"},"schema":{"@context":"https:\/\/schema.org","@graph":[{"@type":"Article","@id":"https:\/\/www.public.sn\/index.php\/2022\/11\/04\/poste-les-salaries-domicilies-ralent\/#article","isPartOf":{"@id":"https:\/\/www.public.sn\/index.php\/2022\/11\/04\/poste-les-salaries-domicilies-ralent\/"},"author":{"name":"LA REDACTION","@id":"https:\/\/www.public.sn\/#\/schema\/person\/cb76c8e1b8becc6be61fb5e92d6d0224"},"headline":"Poste\u00a0: Les salari\u00e9s domicili\u00e9s r\u00e2lent.","datePublished":"2022-11-04T08:28:18+00:00","dateModified":"2022-11-04T08:28:20+00:00","mainEntityOfPage":{"@id":"https:\/\/www.public.sn\/index.php\/2022\/11\/04\/poste-les-salaries-domicilies-ralent\/"},"wordCount":158,"commentCount":0,"publisher":{"@id":"https:\/\/www.public.sn\/#organization"},"image":{"@id":"https:\/\/www.public.sn\/index.php\/2022\/11\/04\/poste-les-salaries-domicilies-ralent\/#primaryimage"},"thumbnailUrl":"https:\/\/www.public.sn\/wp-content\/uploads\/2022\/11\/poste.jpg","keywords":["difficult\u00e9s","poste","salari\u00e9s domicili\u00e9s"],"articleSection":["ACTUALIT\u00c9S","S\u00c9N\u00c9GAL","SOCIETE"],"inLanguage":"fr-FR","potentialAction":[{"@type":"CommentAction","name":"Comment","target":["https:\/\/www.public.sn\/index.php\/2022\/11\/04\/poste-les-salaries-domicilies-ralent\/#respond"]}]},{"@type":"WebPage","@id":"https:\/\/www.public.sn\/index.php\/2022\/11\/04\/poste-les-salaries-domicilies-ralent\/","url":"https:\/\/www.public.sn\/index.php\/2022\/11\/04\/poste-les-salaries-domicilies-ralent\/","name":"Poste\u00a0: Les salari\u00e9s domicili\u00e9s r\u00e2lent. - LE PUBLIC","isPartOf":{"@id":"https:\/\/www.public.sn\/#website"},"primaryImageOfPage":{"@id":"https:\/\/www.public.sn\/index.php\/2022\/11\/04\/poste-les-salaries-domicilies-ralent\/#primaryimage"},"image":{"@id":"https:\/\/www.public.sn\/index.php\/2022\/11\/04\/poste-les-salaries-domicilies-ralent\/#primaryimage"},"thumbnailUrl":"https:\/\/www.public.sn\/wp-content\/uploads\/2022\/11\/poste.jpg","datePublished":"2022-11-04T08:28:18+00:00","dateModified":"2022-11-04T08:28:20+00:00","breadcrumb":{"@id":"https:\/\/www.public.sn\/index.php\/2022\/11\/04\/poste-les-salaries-domicilies-ralent\/#breadcrumb"},"inLanguage":"fr-FR","potentialAction":[{"@type":"ReadAction","target":["https:\/\/www.public.sn\/index.php\/2022\/11\/04\/poste-les-salaries-domicilies-ralent\/"]}]},{"@type":"ImageObject","inLanguage":"fr-FR","@id":"https:\/\/www.public.sn\/index.php\/2022\/11\/04\/poste-les-salaries-domicilies-ralent\/#primaryimage","url":"https:\/\/www.public.sn\/wp-content\/uploads\/2022\/11\/poste.jpg","contentUrl":"https:\/\/www.public.sn\/wp-content\/uploads\/2022\/11\/poste.jpg","width":322,"height":157,"caption":"publicsn"},{"@type":"BreadcrumbList","@id":"https:\/\/www.public.sn\/index.php\/2022\/11\/04\/poste-les-salaries-domicilies-ralent\/#breadcrumb","itemListElement":[{"@type":"ListItem","position":1,"name":"Accueil","item":"https:\/\/www.public.sn\/"},{"@type":"ListItem","position":2,"name":"Poste\u00a0: Les salari\u00e9s domicili\u00e9s r\u00e2lent."}]},{"@type":"WebSite","@id":"https:\/\/www.public.sn\/#website","url":"https:\/\/www.public.sn\/","name":"LE PUBLIC","description":"","publisher":{"@id":"https:\/\/www.public.sn\/#organization"},"potentialAction":[{"@type":"SearchAction","target":{"@type":"EntryPoint","urlTemplate":"https:\/\/www.public.sn\/?s={search_term_string}"},"query-input":{"@type":"PropertyValueSpecification","valueRequired":true,"valueName":"search_term_string"}}],"inLanguage":"fr-FR"},{"@type":"Organization","@id":"https:\/\/www.public.sn\/#organization","name":"LE PUBLIC","url":"https:\/\/www.public.sn\/","logo":{"@type":"ImageObject","inLanguage":"fr-FR","@id":"https:\/\/www.public.sn\/#\/schema\/logo\/image\/","url":"https:\/\/www.public.sn\/wp-content\/uploads\/2024\/05\/cropped-LOGO-PUBLIC.SN_.png","contentUrl":"https:\/\/www.public.sn\/wp-content\/uploads\/2024\/05\/cropped-LOGO-PUBLIC.SN_.png","width":682,"height":192,"caption":"LE PUBLIC"},"image":{"@id":"https:\/\/www.public.sn\/#\/schema\/logo\/image\/"}},{"@type":"Person","@id":"https:\/\/www.public.sn\/#\/schema\/person\/cb76c8e1b8becc6be61fb5e92d6d0224","name":"LA REDACTION","image":{"@type":"ImageObject","inLanguage":"fr-FR","@id":"https:\/\/www.public.sn\/#\/schema\/person\/image\/","url":"https:\/\/secure.gravatar.com\/avatar\/2dce5ddd34b8fef0180efe03aa2a9bee7d953856048f9a16b298190a3178407c?s=96&d=mm&r=g","contentUrl":"https:\/\/secure.gravatar.com\/avatar\/2dce5ddd34b8fef0180efe03aa2a9bee7d953856048f9a16b298190a3178407c?s=96&d=mm&r=g","caption":"LA REDACTION"},"url":"https:\/\/www.public.sn\/index.php\/author\/editeurpsn\/"}]}},"jetpack_featured_media_url":"https:\/\/www.public.sn\/wp-content\/uploads\/2022\/11\/poste.jpg","jetpack_sharing_enabled":true,"_links":{"self":[{"href":"https:\/\/www.public.sn\/index.php\/wp-json\/wp\/v2\/posts\/6851","targetHints":{"allow":["GET"]}}],"collection":[{"href":"https:\/\/www.public.sn\/index.php\/wp-json\/wp\/v2\/posts"}],"about":[{"href":"https:\/\/www.public.sn\/index.php\/wp-json\/wp\/v2\/types\/post"}],"author":[{"embeddable":true,"href":"https:\/\/www.public.sn\/index.php\/wp-json\/wp\/v2\/users\/7"}],"replies":[{"embeddable":true,"href":"https:\/\/www.public.sn\/index.php\/wp-json\/wp\/v2\/comments?post=6851"}],"version-history":[{"count":2,"href":"https:\/\/www.public.sn\/index.php\/wp-json\/wp\/v2\/posts\/6851\/revisions"}],"predecessor-version":[{"id":6854,"href":"https:\/\/www.public.sn\/index.php\/wp-json\/wp\/v2\/posts\/6851\/revisions\/6854"}],"wp:featuredmedia":[{"embeddable":true,"href":"https:\/\/www.public.sn\/index.php\/wp-json\/wp\/v2\/media\/6852"}],"wp:attachment":[{"href":"https:\/\/www.public.sn\/index.php\/wp-json\/wp\/v2\/media?parent=6851"}],"wp:term":[{"taxonomy":"category","embeddable":true,"href":"https:\/\/www.public.sn\/index.php\/wp-json\/wp\/v2\/categories?post=6851"},{"taxonomy":"post_tag","embeddable":true,"href":"https:\/\/www.public.sn\/index.php\/wp-json\/wp\/v2\/tags?post=6851"}],"curies":[{"name":"wp","href":"https:\/\/api.w.org\/{rel}","templated":true}]}}