{"id":6855,"date":"2022-11-04T08:45:33","date_gmt":"2022-11-04T08:45:33","guid":{"rendered":"https:\/\/www.public.sn\/?p=6855"},"modified":"2022-11-04T08:45:36","modified_gmt":"2022-11-04T08:45:36","slug":"audition-sonko-menace-les-comploteurs","status":"publish","type":"post","link":"https:\/\/www.public.sn\/index.php\/2022\/11\/04\/audition-sonko-menace-les-comploteurs\/","title":{"rendered":"Audition\u00a0: Sonko menace les comploteurs."},"content":{"rendered":"\n<p><\/p>\n\n\n\n<p>L\u2019audition de Ousmane Sonko n\u2019a pas \u00e9t\u00e9 de tout repos pour le juge d\u2019instruction Maham Diallo et ses assesseurs mais aussi pour le leader du Pastef. Vox Populi rapporte que sur plusieurs questions Ousmane Sonko est rest\u00e9 muet. Sur la possibilit\u00e9 d\u2019un test ADN, le leader du Pastef a oppos\u00e9 un niet cat\u00e9gorique car\u00a0\u00ab\u00a0il ne compte pas donner son sang \u00e0 des comploteurs\u00a0\u00ab\u00a0.<\/p><div class=\"publi-paragraphe1\" style=\"margin-top: 10px;margin-bottom: 10px;margin-left: auto;margin-right: auto;text-align: center;\" id=\"publi-2146685953\"><div class=\"publi-adlabel\">Publicit\u00e9<\/div><script async src=\"\/\/pagead2.googlesyndication.com\/pagead\/js\/adsbygoogle.js?client=ca-pub-4089586018074219\" crossorigin=\"anonymous\"><\/script><ins class=\"adsbygoogle\" style=\"display:block;\" data-ad-client=\"ca-pub-4089586018074219\" \ndata-ad-slot=\"2087940154\" \ndata-ad-format=\"auto\"><\/ins>\n<script> \n(adsbygoogle = window.adsbygoogle || []).push({}); \n<\/script>\n<\/div>\n\n\n\n<p><\/p>\n\n\n\n<p> Et justement pour ces comploteurs Sonko cite entre autres Serigne Bassirou Gueye, Le G\u00e9n\u00e9ral Moussa Fall, l\u2019ancien directeur des imp\u00f4ts Mamour Diallo.<\/p>\n\n\n\n<p><\/p>\n\n\n\n<p>Autre fait \u00e9galement, c\u2019est la r\u00e9v\u00e9lation de la falsification des Proc\u00e8s-verbaux (Pv) par Serigne Bassirou Gueye et le leader de Pastef n\u2019a pas manquer de \u00a0\u00a0menacer ces \u00ab comploteurs \u00bb de repr\u00e9sailles s\u2019il acc\u00e8de au pouvoir.<\/p>\n\n\n\n<p>Samba SY.<\/p>\n<div class=\"publi-apres-le-contenu\" style=\"margin-top: 10px;margin-bottom: 10px;margin-left: auto;margin-right: auto;text-align: center;\" id=\"publi-2677142177\"><div class=\"publi-adlabel\">Publicit\u00e9<\/div><script async src=\"\/\/pagead2.googlesyndication.com\/pagead\/js\/adsbygoogle.js?client=ca-pub-4089586018074219\" crossorigin=\"anonymous\"><\/script><ins class=\"adsbygoogle\" style=\"display:block;\" data-ad-client=\"ca-pub-4089586018074219\" \ndata-ad-slot=\"2087940154\" \ndata-ad-format=\"auto\"><\/ins>\n<script> \n(adsbygoogle = window.adsbygoogle || []).push({}); \n<\/script>\n<\/div>","protected":false},"excerpt":{"rendered":"<p>L\u2019audition de Ousmane Sonko n\u2019a pas \u00e9t\u00e9 de tout repos pour le juge d\u2019instruction Maham Diallo et ses assesseurs mais aussi pour le leader du Pastef. Vox Populi rapporte que sur plusieurs questions Ousmane Sonko est rest\u00e9 muet. Sur la possibilit\u00e9 d\u2019un test ADN, le leader du Pastef a oppos\u00e9 un niet cat\u00e9gorique car\u00a0\u00ab\u00a0il ne compte pas donner son sang \u00e0 des comploteurs\u00a0\u00ab\u00a0. Et justement pour ces comploteurs Sonko cite entre autres Serigne Bassirou Gueye, Le G\u00e9n\u00e9ral Moussa Fall, l\u2019ancien directeur des imp\u00f4ts Mamour Diallo. Autre fait \u00e9galement, c\u2019est la r\u00e9v\u00e9lation de la falsification des Proc\u00e8s-verbaux (Pv) par Serigne Bassirou Gueye et le leader de Pastef n\u2019a pas manquer de \u00a0\u00a0menacer ces \u00ab comploteurs \u00bb de repr\u00e9sailles s\u2019il acc\u00e8de au pouvoir. Samba SY.<\/p>\n","protected":false},"author":7,"featured_media":6856,"comment_status":"open","ping_status":"open","sticky":false,"template":"","format":"standard","meta":{"_jetpack_memberships_contains_paid_content":false,"footnotes":""},"categories":[375,3,1,372],"tags":[1217,2401,306],"class_list":["post-6855","post","type-post","status-publish","format-standard","has-post-thumbnail","hentry","category-actualites","category-politique","category-non-classe","category-vedette","tag-audition","tag-menace-comploteurs","tag-sonko","entry","has-media","owp-thumbs-layout-horizontal","owp-btn-normal","owp-tabs-layout-horizontal","has-no-thumbnails","has-product-nav"],"yoast_head":"<!-- This site is optimized with the Yoast SEO plugin v25.5 - https:\/\/yoast.com\/wordpress\/plugins\/seo\/ -->\n<title>Audition\u00a0: Sonko menace les comploteurs. - LE PUBLIC<\/title>\n<meta name=\"robots\" content=\"index, follow, max-snippet:-1, max-image-preview:large, max-video-preview:-1\" \/>\n<link rel=\"canonical\" href=\"https:\/\/www.public.sn\/index.php\/2022\/11\/04\/audition-sonko-menace-les-comploteurs\/\" \/>\n<meta property=\"og:locale\" content=\"fr_FR\" \/>\n<meta property=\"og:type\" content=\"article\" \/>\n<meta property=\"og:title\" content=\"Audition\u00a0: Sonko menace les comploteurs. - LE PUBLIC\" \/>\n<meta property=\"og:description\" content=\"L\u2019audition de Ousmane Sonko n\u2019a pas \u00e9t\u00e9 de tout repos pour le juge d\u2019instruction Maham Diallo et ses assesseurs mais aussi pour le leader du Pastef. Vox Populi rapporte que sur plusieurs questions Ousmane Sonko est rest\u00e9 muet. Sur la possibilit\u00e9 d\u2019un test ADN, le leader du Pastef a oppos\u00e9 un niet cat\u00e9gorique car\u00a0\u00ab\u00a0il ne compte pas donner son sang \u00e0 des comploteurs\u00a0\u00ab\u00a0. Et justement pour ces comploteurs Sonko cite entre autres Serigne Bassirou Gueye, Le G\u00e9n\u00e9ral Moussa Fall, l\u2019ancien directeur des imp\u00f4ts Mamour Diallo. Autre fait \u00e9galement, c\u2019est la r\u00e9v\u00e9lation de la falsification des Proc\u00e8s-verbaux (Pv) par Serigne Bassirou Gueye et le leader de Pastef n\u2019a pas manquer de \u00a0\u00a0menacer ces \u00ab comploteurs \u00bb de repr\u00e9sailles s\u2019il acc\u00e8de au pouvoir. Samba SY.\" \/>\n<meta property=\"og:url\" content=\"https:\/\/www.public.sn\/index.php\/2022\/11\/04\/audition-sonko-menace-les-comploteurs\/\" \/>\n<meta property=\"og:site_name\" content=\"LE PUBLIC\" \/>\n<meta property=\"article:published_time\" content=\"2022-11-04T08:45:33+00:00\" \/>\n<meta property=\"article:modified_time\" content=\"2022-11-04T08:45:36+00:00\" \/>\n<meta property=\"og:image\" content=\"https:\/\/www.public.sn\/wp-content\/uploads\/2022\/11\/sonko.webp\" \/>\n\t<meta property=\"og:image:width\" content=\"800\" \/>\n\t<meta property=\"og:image:height\" content=\"534\" \/>\n\t<meta property=\"og:image:type\" content=\"image\/webp\" \/>\n<meta name=\"author\" content=\"LA REDACTION\" \/>\n<meta name=\"twitter:card\" content=\"summary_large_image\" \/>\n<meta name=\"twitter:label1\" content=\"\u00c9crit par\" \/>\n\t<meta name=\"twitter:data1\" content=\"LA REDACTION\" \/>\n\t<meta name=\"twitter:label2\" content=\"Dur\u00e9e de lecture estim\u00e9e\" \/>\n\t<meta name=\"twitter:data2\" content=\"1 minute\" \/>\n<script type=\"application\/ld+json\" class=\"yoast-schema-graph\">{\"@context\":\"https:\/\/schema.org\",\"@graph\":[{\"@type\":\"Article\",\"@id\":\"https:\/\/www.public.sn\/index.php\/2022\/11\/04\/audition-sonko-menace-les-comploteurs\/#article\",\"isPartOf\":{\"@id\":\"https:\/\/www.public.sn\/index.php\/2022\/11\/04\/audition-sonko-menace-les-comploteurs\/\"},\"author\":{\"name\":\"LA REDACTION\",\"@id\":\"https:\/\/www.public.sn\/#\/schema\/person\/cb76c8e1b8becc6be61fb5e92d6d0224\"},\"headline\":\"Audition\u00a0: Sonko menace les comploteurs.\",\"datePublished\":\"2022-11-04T08:45:33+00:00\",\"dateModified\":\"2022-11-04T08:45:36+00:00\",\"mainEntityOfPage\":{\"@id\":\"https:\/\/www.public.sn\/index.php\/2022\/11\/04\/audition-sonko-menace-les-comploteurs\/\"},\"wordCount\":143,\"commentCount\":1,\"publisher\":{\"@id\":\"https:\/\/www.public.sn\/#organization\"},\"image\":{\"@id\":\"https:\/\/www.public.sn\/index.php\/2022\/11\/04\/audition-sonko-menace-les-comploteurs\/#primaryimage\"},\"thumbnailUrl\":\"https:\/\/www.public.sn\/wp-content\/uploads\/2022\/11\/sonko.webp\",\"keywords\":[\"Audition\",\"menace comploteurs\",\"sonko\"],\"articleSection\":[\"ACTUALIT\u00c9S\",\"POLITIQUE\",\"S\u00c9N\u00c9GAL\",\"VEDETTE\"],\"inLanguage\":\"fr-FR\",\"potentialAction\":[{\"@type\":\"CommentAction\",\"name\":\"Comment\",\"target\":[\"https:\/\/www.public.sn\/index.php\/2022\/11\/04\/audition-sonko-menace-les-comploteurs\/#respond\"]}]},{\"@type\":\"WebPage\",\"@id\":\"https:\/\/www.public.sn\/index.php\/2022\/11\/04\/audition-sonko-menace-les-comploteurs\/\",\"url\":\"https:\/\/www.public.sn\/index.php\/2022\/11\/04\/audition-sonko-menace-les-comploteurs\/\",\"name\":\"Audition\u00a0: Sonko menace les comploteurs. - LE PUBLIC\",\"isPartOf\":{\"@id\":\"https:\/\/www.public.sn\/#website\"},\"primaryImageOfPage\":{\"@id\":\"https:\/\/www.public.sn\/index.php\/2022\/11\/04\/audition-sonko-menace-les-comploteurs\/#primaryimage\"},\"image\":{\"@id\":\"https:\/\/www.public.sn\/index.php\/2022\/11\/04\/audition-sonko-menace-les-comploteurs\/#primaryimage\"},\"thumbnailUrl\":\"https:\/\/www.public.sn\/wp-content\/uploads\/2022\/11\/sonko.webp\",\"datePublished\":\"2022-11-04T08:45:33+00:00\",\"dateModified\":\"2022-11-04T08:45:36+00:00\",\"breadcrumb\":{\"@id\":\"https:\/\/www.public.sn\/index.php\/2022\/11\/04\/audition-sonko-menace-les-comploteurs\/#breadcrumb\"},\"inLanguage\":\"fr-FR\",\"potentialAction\":[{\"@type\":\"ReadAction\",\"target\":[\"https:\/\/www.public.sn\/index.php\/2022\/11\/04\/audition-sonko-menace-les-comploteurs\/\"]}]},{\"@type\":\"ImageObject\",\"inLanguage\":\"fr-FR\",\"@id\":\"https:\/\/www.public.sn\/index.php\/2022\/11\/04\/audition-sonko-menace-les-comploteurs\/#primaryimage\",\"url\":\"https:\/\/www.public.sn\/wp-content\/uploads\/2022\/11\/sonko.webp\",\"contentUrl\":\"https:\/\/www.public.sn\/wp-content\/uploads\/2022\/11\/sonko.webp\",\"width\":800,\"height\":534,\"caption\":\"publicsn\"},{\"@type\":\"BreadcrumbList\",\"@id\":\"https:\/\/www.public.sn\/index.php\/2022\/11\/04\/audition-sonko-menace-les-comploteurs\/#breadcrumb\",\"itemListElement\":[{\"@type\":\"ListItem\",\"position\":1,\"name\":\"Accueil\",\"item\":\"https:\/\/www.public.sn\/\"},{\"@type\":\"ListItem\",\"position\":2,\"name\":\"Audition\u00a0: Sonko menace les comploteurs.\"}]},{\"@type\":\"WebSite\",\"@id\":\"https:\/\/www.public.sn\/#website\",\"url\":\"https:\/\/www.public.sn\/\",\"name\":\"LE PUBLIC\",\"description\":\"\",\"publisher\":{\"@id\":\"https:\/\/www.public.sn\/#organization\"},\"potentialAction\":[{\"@type\":\"SearchAction\",\"target\":{\"@type\":\"EntryPoint\",\"urlTemplate\":\"https:\/\/www.public.sn\/?s={search_term_string}\"},\"query-input\":{\"@type\":\"PropertyValueSpecification\",\"valueRequired\":true,\"valueName\":\"search_term_string\"}}],\"inLanguage\":\"fr-FR\"},{\"@type\":\"Organization\",\"@id\":\"https:\/\/www.public.sn\/#organization\",\"name\":\"LE PUBLIC\",\"url\":\"https:\/\/www.public.sn\/\",\"logo\":{\"@type\":\"ImageObject\",\"inLanguage\":\"fr-FR\",\"@id\":\"https:\/\/www.public.sn\/#\/schema\/logo\/image\/\",\"url\":\"https:\/\/www.public.sn\/wp-content\/uploads\/2024\/05\/cropped-LOGO-PUBLIC.SN_.png\",\"contentUrl\":\"https:\/\/www.public.sn\/wp-content\/uploads\/2024\/05\/cropped-LOGO-PUBLIC.SN_.png\",\"width\":682,\"height\":192,\"caption\":\"LE PUBLIC\"},\"image\":{\"@id\":\"https:\/\/www.public.sn\/#\/schema\/logo\/image\/\"}},{\"@type\":\"Person\",\"@id\":\"https:\/\/www.public.sn\/#\/schema\/person\/cb76c8e1b8becc6be61fb5e92d6d0224\",\"name\":\"LA REDACTION\",\"image\":{\"@type\":\"ImageObject\",\"inLanguage\":\"fr-FR\",\"@id\":\"https:\/\/www.public.sn\/#\/schema\/person\/image\/\",\"url\":\"https:\/\/secure.gravatar.com\/avatar\/2dce5ddd34b8fef0180efe03aa2a9bee7d953856048f9a16b298190a3178407c?s=96&d=mm&r=g\",\"contentUrl\":\"https:\/\/secure.gravatar.com\/avatar\/2dce5ddd34b8fef0180efe03aa2a9bee7d953856048f9a16b298190a3178407c?s=96&d=mm&r=g\",\"caption\":\"LA REDACTION\"},\"url\":\"https:\/\/www.public.sn\/index.php\/author\/editeurpsn\/\"}]}<\/script>\n<!-- \/ Yoast SEO plugin. -->","yoast_head_json":{"title":"Audition\u00a0: Sonko menace les comploteurs. - LE PUBLIC","robots":{"index":"index","follow":"follow","max-snippet":"max-snippet:-1","max-image-preview":"max-image-preview:large","max-video-preview":"max-video-preview:-1"},"canonical":"https:\/\/www.public.sn\/index.php\/2022\/11\/04\/audition-sonko-menace-les-comploteurs\/","og_locale":"fr_FR","og_type":"article","og_title":"Audition\u00a0: Sonko menace les comploteurs. - LE PUBLIC","og_description":"L\u2019audition de Ousmane Sonko n\u2019a pas \u00e9t\u00e9 de tout repos pour le juge d\u2019instruction Maham Diallo et ses assesseurs mais aussi pour le leader du Pastef. Vox Populi rapporte que sur plusieurs questions Ousmane Sonko est rest\u00e9 muet. Sur la possibilit\u00e9 d\u2019un test ADN, le leader du Pastef a oppos\u00e9 un niet cat\u00e9gorique car\u00a0\u00ab\u00a0il ne compte pas donner son sang \u00e0 des comploteurs\u00a0\u00ab\u00a0. Et justement pour ces comploteurs Sonko cite entre autres Serigne Bassirou Gueye, Le G\u00e9n\u00e9ral Moussa Fall, l\u2019ancien directeur des imp\u00f4ts Mamour Diallo. Autre fait \u00e9galement, c\u2019est la r\u00e9v\u00e9lation de la falsification des Proc\u00e8s-verbaux (Pv) par Serigne Bassirou Gueye et le leader de Pastef n\u2019a pas manquer de \u00a0\u00a0menacer ces \u00ab comploteurs \u00bb de repr\u00e9sailles s\u2019il acc\u00e8de au pouvoir. Samba SY.","og_url":"https:\/\/www.public.sn\/index.php\/2022\/11\/04\/audition-sonko-menace-les-comploteurs\/","og_site_name":"LE PUBLIC","article_published_time":"2022-11-04T08:45:33+00:00","article_modified_time":"2022-11-04T08:45:36+00:00","og_image":[{"width":800,"height":534,"url":"https:\/\/www.public.sn\/wp-content\/uploads\/2022\/11\/sonko.webp","type":"image\/webp"}],"author":"LA REDACTION","twitter_card":"summary_large_image","twitter_misc":{"\u00c9crit par":"LA REDACTION","Dur\u00e9e de lecture estim\u00e9e":"1 minute"},"schema":{"@context":"https:\/\/schema.org","@graph":[{"@type":"Article","@id":"https:\/\/www.public.sn\/index.php\/2022\/11\/04\/audition-sonko-menace-les-comploteurs\/#article","isPartOf":{"@id":"https:\/\/www.public.sn\/index.php\/2022\/11\/04\/audition-sonko-menace-les-comploteurs\/"},"author":{"name":"LA REDACTION","@id":"https:\/\/www.public.sn\/#\/schema\/person\/cb76c8e1b8becc6be61fb5e92d6d0224"},"headline":"Audition\u00a0: Sonko menace les comploteurs.","datePublished":"2022-11-04T08:45:33+00:00","dateModified":"2022-11-04T08:45:36+00:00","mainEntityOfPage":{"@id":"https:\/\/www.public.sn\/index.php\/2022\/11\/04\/audition-sonko-menace-les-comploteurs\/"},"wordCount":143,"commentCount":1,"publisher":{"@id":"https:\/\/www.public.sn\/#organization"},"image":{"@id":"https:\/\/www.public.sn\/index.php\/2022\/11\/04\/audition-sonko-menace-les-comploteurs\/#primaryimage"},"thumbnailUrl":"https:\/\/www.public.sn\/wp-content\/uploads\/2022\/11\/sonko.webp","keywords":["Audition","menace comploteurs","sonko"],"articleSection":["ACTUALIT\u00c9S","POLITIQUE","S\u00c9N\u00c9GAL","VEDETTE"],"inLanguage":"fr-FR","potentialAction":[{"@type":"CommentAction","name":"Comment","target":["https:\/\/www.public.sn\/index.php\/2022\/11\/04\/audition-sonko-menace-les-comploteurs\/#respond"]}]},{"@type":"WebPage","@id":"https:\/\/www.public.sn\/index.php\/2022\/11\/04\/audition-sonko-menace-les-comploteurs\/","url":"https:\/\/www.public.sn\/index.php\/2022\/11\/04\/audition-sonko-menace-les-comploteurs\/","name":"Audition\u00a0: Sonko menace les comploteurs. - LE PUBLIC","isPartOf":{"@id":"https:\/\/www.public.sn\/#website"},"primaryImageOfPage":{"@id":"https:\/\/www.public.sn\/index.php\/2022\/11\/04\/audition-sonko-menace-les-comploteurs\/#primaryimage"},"image":{"@id":"https:\/\/www.public.sn\/index.php\/2022\/11\/04\/audition-sonko-menace-les-comploteurs\/#primaryimage"},"thumbnailUrl":"https:\/\/www.public.sn\/wp-content\/uploads\/2022\/11\/sonko.webp","datePublished":"2022-11-04T08:45:33+00:00","dateModified":"2022-11-04T08:45:36+00:00","breadcrumb":{"@id":"https:\/\/www.public.sn\/index.php\/2022\/11\/04\/audition-sonko-menace-les-comploteurs\/#breadcrumb"},"inLanguage":"fr-FR","potentialAction":[{"@type":"ReadAction","target":["https:\/\/www.public.sn\/index.php\/2022\/11\/04\/audition-sonko-menace-les-comploteurs\/"]}]},{"@type":"ImageObject","inLanguage":"fr-FR","@id":"https:\/\/www.public.sn\/index.php\/2022\/11\/04\/audition-sonko-menace-les-comploteurs\/#primaryimage","url":"https:\/\/www.public.sn\/wp-content\/uploads\/2022\/11\/sonko.webp","contentUrl":"https:\/\/www.public.sn\/wp-content\/uploads\/2022\/11\/sonko.webp","width":800,"height":534,"caption":"publicsn"},{"@type":"BreadcrumbList","@id":"https:\/\/www.public.sn\/index.php\/2022\/11\/04\/audition-sonko-menace-les-comploteurs\/#breadcrumb","itemListElement":[{"@type":"ListItem","position":1,"name":"Accueil","item":"https:\/\/www.public.sn\/"},{"@type":"ListItem","position":2,"name":"Audition\u00a0: Sonko menace les comploteurs."}]},{"@type":"WebSite","@id":"https:\/\/www.public.sn\/#website","url":"https:\/\/www.public.sn\/","name":"LE PUBLIC","description":"","publisher":{"@id":"https:\/\/www.public.sn\/#organization"},"potentialAction":[{"@type":"SearchAction","target":{"@type":"EntryPoint","urlTemplate":"https:\/\/www.public.sn\/?s={search_term_string}"},"query-input":{"@type":"PropertyValueSpecification","valueRequired":true,"valueName":"search_term_string"}}],"inLanguage":"fr-FR"},{"@type":"Organization","@id":"https:\/\/www.public.sn\/#organization","name":"LE PUBLIC","url":"https:\/\/www.public.sn\/","logo":{"@type":"ImageObject","inLanguage":"fr-FR","@id":"https:\/\/www.public.sn\/#\/schema\/logo\/image\/","url":"https:\/\/www.public.sn\/wp-content\/uploads\/2024\/05\/cropped-LOGO-PUBLIC.SN_.png","contentUrl":"https:\/\/www.public.sn\/wp-content\/uploads\/2024\/05\/cropped-LOGO-PUBLIC.SN_.png","width":682,"height":192,"caption":"LE PUBLIC"},"image":{"@id":"https:\/\/www.public.sn\/#\/schema\/logo\/image\/"}},{"@type":"Person","@id":"https:\/\/www.public.sn\/#\/schema\/person\/cb76c8e1b8becc6be61fb5e92d6d0224","name":"LA REDACTION","image":{"@type":"ImageObject","inLanguage":"fr-FR","@id":"https:\/\/www.public.sn\/#\/schema\/person\/image\/","url":"https:\/\/secure.gravatar.com\/avatar\/2dce5ddd34b8fef0180efe03aa2a9bee7d953856048f9a16b298190a3178407c?s=96&d=mm&r=g","contentUrl":"https:\/\/secure.gravatar.com\/avatar\/2dce5ddd34b8fef0180efe03aa2a9bee7d953856048f9a16b298190a3178407c?s=96&d=mm&r=g","caption":"LA REDACTION"},"url":"https:\/\/www.public.sn\/index.php\/author\/editeurpsn\/"}]}},"jetpack_featured_media_url":"https:\/\/www.public.sn\/wp-content\/uploads\/2022\/11\/sonko.webp","jetpack_sharing_enabled":true,"_links":{"self":[{"href":"https:\/\/www.public.sn\/index.php\/wp-json\/wp\/v2\/posts\/6855","targetHints":{"allow":["GET"]}}],"collection":[{"href":"https:\/\/www.public.sn\/index.php\/wp-json\/wp\/v2\/posts"}],"about":[{"href":"https:\/\/www.public.sn\/index.php\/wp-json\/wp\/v2\/types\/post"}],"author":[{"embeddable":true,"href":"https:\/\/www.public.sn\/index.php\/wp-json\/wp\/v2\/users\/7"}],"replies":[{"embeddable":true,"href":"https:\/\/www.public.sn\/index.php\/wp-json\/wp\/v2\/comments?post=6855"}],"version-history":[{"count":2,"href":"https:\/\/www.public.sn\/index.php\/wp-json\/wp\/v2\/posts\/6855\/revisions"}],"predecessor-version":[{"id":6858,"href":"https:\/\/www.public.sn\/index.php\/wp-json\/wp\/v2\/posts\/6855\/revisions\/6858"}],"wp:featuredmedia":[{"embeddable":true,"href":"https:\/\/www.public.sn\/index.php\/wp-json\/wp\/v2\/media\/6856"}],"wp:attachment":[{"href":"https:\/\/www.public.sn\/index.php\/wp-json\/wp\/v2\/media?parent=6855"}],"wp:term":[{"taxonomy":"category","embeddable":true,"href":"https:\/\/www.public.sn\/index.php\/wp-json\/wp\/v2\/categories?post=6855"},{"taxonomy":"post_tag","embeddable":true,"href":"https:\/\/www.public.sn\/index.php\/wp-json\/wp\/v2\/tags?post=6855"}],"curies":[{"name":"wp","href":"https:\/\/api.w.org\/{rel}","templated":true}]}}