{"id":6880,"date":"2022-11-04T10:14:17","date_gmt":"2022-11-04T10:14:17","guid":{"rendered":"https:\/\/www.public.sn\/?p=6880"},"modified":"2022-11-04T10:22:46","modified_gmt":"2022-11-04T10:22:46","slug":"yen-a-marre-condamne-les-arrestations-de-la-garde-rapprochee-de-sonko","status":"publish","type":"post","link":"https:\/\/www.public.sn\/index.php\/2022\/11\/04\/yen-a-marre-condamne-les-arrestations-de-la-garde-rapprochee-de-sonko\/","title":{"rendered":"Y\u2019en a marre condamne les arrestations de la garde rapproch\u00e9e de Sonko."},"content":{"rendered":"\n<p><\/p>\n\n\n\n<p>Le mouvement Y\u2019en \u00e0 marre est outr\u00e9 par les arrestations de la garde rapproch\u00e9e du leader du Pastef. Aliou San\u00e9 et Cie sont d\u2019avis que ce qui s\u2019est pass\u00e9 n\u2019est rien d\u2019autres \u00ab&nbsp;qu\u2019un terrorisme politique&nbsp;\u00bb. <\/p><div class=\"publi-paragraphe1\" style=\"margin-top: 10px;margin-bottom: 10px;margin-left: auto;margin-right: auto;text-align: center;\" id=\"publi-4142527668\"><div class=\"publi-adlabel\">Publicit\u00e9<\/div><script async src=\"\/\/pagead2.googlesyndication.com\/pagead\/js\/adsbygoogle.js?client=ca-pub-4089586018074219\" crossorigin=\"anonymous\"><\/script><ins class=\"adsbygoogle\" style=\"display:block;\" data-ad-client=\"ca-pub-4089586018074219\" \ndata-ad-slot=\"2087940154\" \ndata-ad-format=\"auto\"><\/ins>\n<script> \n(adsbygoogle = window.adsbygoogle || []).push({}); \n<\/script>\n<\/div>\n\n\n\n<p><\/p>\n\n\n\n<p>Cette arrestation est condamnable et une simple convocation des concern\u00e9s &nbsp;aurait suffi. Ceci est tout simplement une provocation n et surtout de l\u2019intimidation. Le mouvement rappelle que Guy Marius Sagna avait \u00e9t\u00e9 interdit d\u2019entrer \u00e0 Malicounda et agress\u00e9 physiquement mais aucune action n\u2019a \u00e9t\u00e9 men\u00e9e contre les instigateurs malgr\u00e9 sa plainte.<\/p>\n\n\n\n<p><\/p>\n\n\n\n<p> Au Fouta \u00e9galement des nervis avaient violement tabass\u00e9 des populations locales sous l\u2019\u0153il passif des forces de d\u00e9fense et de s\u00e9curit\u00e9 sans aucune suite judiciaire malgr\u00e9 les plaintes des victimes. Y\u2019en a marre rappelle que le monde s\u2019est \u00e9mu des images tragiques de force de l\u2019ordre tirant sur des citoyens s\u00e9n\u00e9galais lors de manifestation causant de nombreuses pertes en vie humaines et ces crimes sont rest\u00e9s \u00e9lucid\u00e9s. <\/p>\n\n\n\n<p><\/p>\n\n\n\n<p>Ainsi au regard de ces faits et de tant d\u2019autres, le mouvement Y\u2019en a marre avance qu\u2019on ne parle plus de justice \u00e0 deux vitesses mais de terrorisme politique pour intimider les opposants, les activistes et tous ceux qui se l\u00e8vent contre les pratiques dictatoriales du r\u00e9gime de Macky Sall. Mais c\u2019est peine perdue souligne le mouvement Y\u2019en a marre.<\/p>\n\n\n\n<p><\/p>\n\n\n\n<p>Samba SY.<\/p>\n<div class=\"publi-apres-le-contenu\" style=\"margin-top: 10px;margin-bottom: 10px;margin-left: auto;margin-right: auto;text-align: center;\" id=\"publi-4129135746\"><div class=\"publi-adlabel\">Publicit\u00e9<\/div><script async src=\"\/\/pagead2.googlesyndication.com\/pagead\/js\/adsbygoogle.js?client=ca-pub-4089586018074219\" crossorigin=\"anonymous\"><\/script><ins class=\"adsbygoogle\" style=\"display:block;\" data-ad-client=\"ca-pub-4089586018074219\" \ndata-ad-slot=\"2087940154\" \ndata-ad-format=\"auto\"><\/ins>\n<script> \n(adsbygoogle = window.adsbygoogle || []).push({}); \n<\/script>\n<\/div>","protected":false},"excerpt":{"rendered":"<p>Le mouvement Y\u2019en \u00e0 marre est outr\u00e9 par les arrestations de la garde rapproch\u00e9e du leader du Pastef. Aliou San\u00e9 et Cie sont d\u2019avis que ce qui s\u2019est pass\u00e9 n\u2019est rien d\u2019autres \u00ab&nbsp;qu\u2019un terrorisme politique&nbsp;\u00bb. Cette arrestation est condamnable et une simple convocation des concern\u00e9s &nbsp;aurait suffi. Ceci est tout simplement une provocation n et surtout de l\u2019intimidation. Le mouvement rappelle que Guy Marius Sagna avait \u00e9t\u00e9 interdit d\u2019entrer \u00e0 Malicounda et agress\u00e9 physiquement mais aucune action n\u2019a \u00e9t\u00e9 men\u00e9e contre les instigateurs malgr\u00e9 sa plainte. Au Fouta \u00e9galement des nervis avaient violement tabass\u00e9 des populations locales sous l\u2019\u0153il passif des forces de d\u00e9fense et de s\u00e9curit\u00e9 sans aucune suite judiciaire malgr\u00e9 les plaintes des victimes. Y\u2019en a marre rappelle que le monde s\u2019est \u00e9mu des images tragiques de force de l\u2019ordre tirant sur des citoyens s\u00e9n\u00e9galais lors de manifestation causant de nombreuses pertes en vie humaines et ces crimes sont rest\u00e9s \u00e9lucid\u00e9s. Ainsi au regard de ces faits et de tant d\u2019autres, le mouvement Y\u2019en a marre avance qu\u2019on ne parle plus de justice \u00e0 deux vitesses mais de terrorisme politique pour intimider les opposants, les activistes et tous ceux qui se l\u00e8vent contre les pratiques dictatoriales du r\u00e9gime de Macky Sall. Mais c\u2019est peine perdue souligne le mouvement Y\u2019en a marre. Samba SY.<\/p>\n","protected":false},"author":7,"featured_media":6881,"comment_status":"open","ping_status":"open","sticky":false,"template":"","format":"standard","meta":{"_jetpack_memberships_contains_paid_content":false,"footnotes":""},"categories":[375,1,4],"tags":[2384,306,1435],"class_list":["post-6880","post","type-post","status-publish","format-standard","has-post-thumbnail","hentry","category-actualites","category-non-classe","category-societe","tag-garde-rapprochee","tag-sonko","tag-yen-a-marre","entry","has-media","owp-thumbs-layout-horizontal","owp-btn-normal","owp-tabs-layout-horizontal","has-no-thumbnails","has-product-nav"],"yoast_head":"<!-- This site is optimized with the Yoast SEO plugin v25.5 - https:\/\/yoast.com\/wordpress\/plugins\/seo\/ -->\n<title>Y\u2019en a marre condamne les arrestations de la garde rapproch\u00e9e de Sonko. - LE PUBLIC<\/title>\n<meta name=\"robots\" content=\"index, follow, max-snippet:-1, max-image-preview:large, max-video-preview:-1\" \/>\n<link rel=\"canonical\" href=\"https:\/\/www.public.sn\/index.php\/2022\/11\/04\/yen-a-marre-condamne-les-arrestations-de-la-garde-rapprochee-de-sonko\/\" \/>\n<meta property=\"og:locale\" content=\"fr_FR\" \/>\n<meta property=\"og:type\" content=\"article\" \/>\n<meta property=\"og:title\" content=\"Y\u2019en a marre condamne les arrestations de la garde rapproch\u00e9e de Sonko. - LE PUBLIC\" \/>\n<meta property=\"og:description\" content=\"Le mouvement Y\u2019en \u00e0 marre est outr\u00e9 par les arrestations de la garde rapproch\u00e9e du leader du Pastef. Aliou San\u00e9 et Cie sont d\u2019avis que ce qui s\u2019est pass\u00e9 n\u2019est rien d\u2019autres \u00ab&nbsp;qu\u2019un terrorisme politique&nbsp;\u00bb. Cette arrestation est condamnable et une simple convocation des concern\u00e9s &nbsp;aurait suffi. Ceci est tout simplement une provocation n et surtout de l\u2019intimidation. Le mouvement rappelle que Guy Marius Sagna avait \u00e9t\u00e9 interdit d\u2019entrer \u00e0 Malicounda et agress\u00e9 physiquement mais aucune action n\u2019a \u00e9t\u00e9 men\u00e9e contre les instigateurs malgr\u00e9 sa plainte. Au Fouta \u00e9galement des nervis avaient violement tabass\u00e9 des populations locales sous l\u2019\u0153il passif des forces de d\u00e9fense et de s\u00e9curit\u00e9 sans aucune suite judiciaire malgr\u00e9 les plaintes des victimes. Y\u2019en a marre rappelle que le monde s\u2019est \u00e9mu des images tragiques de force de l\u2019ordre tirant sur des citoyens s\u00e9n\u00e9galais lors de manifestation causant de nombreuses pertes en vie humaines et ces crimes sont rest\u00e9s \u00e9lucid\u00e9s. Ainsi au regard de ces faits et de tant d\u2019autres, le mouvement Y\u2019en a marre avance qu\u2019on ne parle plus de justice \u00e0 deux vitesses mais de terrorisme politique pour intimider les opposants, les activistes et tous ceux qui se l\u00e8vent contre les pratiques dictatoriales du r\u00e9gime de Macky Sall. Mais c\u2019est peine perdue souligne le mouvement Y\u2019en a marre. Samba SY.\" \/>\n<meta property=\"og:url\" content=\"https:\/\/www.public.sn\/index.php\/2022\/11\/04\/yen-a-marre-condamne-les-arrestations-de-la-garde-rapprochee-de-sonko\/\" \/>\n<meta property=\"og:site_name\" content=\"LE PUBLIC\" \/>\n<meta property=\"article:published_time\" content=\"2022-11-04T10:14:17+00:00\" \/>\n<meta property=\"article:modified_time\" content=\"2022-11-04T10:22:46+00:00\" \/>\n<meta property=\"og:image\" content=\"https:\/\/www.public.sn\/wp-content\/uploads\/2022\/11\/yenamarre1.jpg\" \/>\n\t<meta property=\"og:image:width\" content=\"752\" \/>\n\t<meta property=\"og:image:height\" content=\"501\" \/>\n\t<meta property=\"og:image:type\" content=\"image\/jpeg\" \/>\n<meta name=\"author\" content=\"LA REDACTION\" \/>\n<meta name=\"twitter:card\" content=\"summary_large_image\" \/>\n<meta name=\"twitter:label1\" content=\"\u00c9crit par\" \/>\n\t<meta name=\"twitter:data1\" content=\"LA REDACTION\" \/>\n\t<meta name=\"twitter:label2\" content=\"Dur\u00e9e de lecture estim\u00e9e\" \/>\n\t<meta name=\"twitter:data2\" content=\"2 minutes\" \/>\n<script type=\"application\/ld+json\" class=\"yoast-schema-graph\">{\"@context\":\"https:\/\/schema.org\",\"@graph\":[{\"@type\":\"Article\",\"@id\":\"https:\/\/www.public.sn\/index.php\/2022\/11\/04\/yen-a-marre-condamne-les-arrestations-de-la-garde-rapprochee-de-sonko\/#article\",\"isPartOf\":{\"@id\":\"https:\/\/www.public.sn\/index.php\/2022\/11\/04\/yen-a-marre-condamne-les-arrestations-de-la-garde-rapprochee-de-sonko\/\"},\"author\":{\"name\":\"LA REDACTION\",\"@id\":\"https:\/\/www.public.sn\/#\/schema\/person\/cb76c8e1b8becc6be61fb5e92d6d0224\"},\"headline\":\"Y\u2019en a marre condamne les arrestations de la garde rapproch\u00e9e de Sonko.\",\"datePublished\":\"2022-11-04T10:14:17+00:00\",\"dateModified\":\"2022-11-04T10:22:46+00:00\",\"mainEntityOfPage\":{\"@id\":\"https:\/\/www.public.sn\/index.php\/2022\/11\/04\/yen-a-marre-condamne-les-arrestations-de-la-garde-rapprochee-de-sonko\/\"},\"wordCount\":258,\"commentCount\":0,\"publisher\":{\"@id\":\"https:\/\/www.public.sn\/#organization\"},\"image\":{\"@id\":\"https:\/\/www.public.sn\/index.php\/2022\/11\/04\/yen-a-marre-condamne-les-arrestations-de-la-garde-rapprochee-de-sonko\/#primaryimage\"},\"thumbnailUrl\":\"https:\/\/www.public.sn\/wp-content\/uploads\/2022\/11\/yenamarre1.jpg\",\"keywords\":[\"garde rapproch\u00e9e\",\"sonko\",\"y&#039;en a marre\"],\"articleSection\":[\"ACTUALIT\u00c9S\",\"S\u00c9N\u00c9GAL\",\"SOCIETE\"],\"inLanguage\":\"fr-FR\",\"potentialAction\":[{\"@type\":\"CommentAction\",\"name\":\"Comment\",\"target\":[\"https:\/\/www.public.sn\/index.php\/2022\/11\/04\/yen-a-marre-condamne-les-arrestations-de-la-garde-rapprochee-de-sonko\/#respond\"]}]},{\"@type\":\"WebPage\",\"@id\":\"https:\/\/www.public.sn\/index.php\/2022\/11\/04\/yen-a-marre-condamne-les-arrestations-de-la-garde-rapprochee-de-sonko\/\",\"url\":\"https:\/\/www.public.sn\/index.php\/2022\/11\/04\/yen-a-marre-condamne-les-arrestations-de-la-garde-rapprochee-de-sonko\/\",\"name\":\"Y\u2019en a marre condamne les arrestations de la garde rapproch\u00e9e de Sonko. - LE PUBLIC\",\"isPartOf\":{\"@id\":\"https:\/\/www.public.sn\/#website\"},\"primaryImageOfPage\":{\"@id\":\"https:\/\/www.public.sn\/index.php\/2022\/11\/04\/yen-a-marre-condamne-les-arrestations-de-la-garde-rapprochee-de-sonko\/#primaryimage\"},\"image\":{\"@id\":\"https:\/\/www.public.sn\/index.php\/2022\/11\/04\/yen-a-marre-condamne-les-arrestations-de-la-garde-rapprochee-de-sonko\/#primaryimage\"},\"thumbnailUrl\":\"https:\/\/www.public.sn\/wp-content\/uploads\/2022\/11\/yenamarre1.jpg\",\"datePublished\":\"2022-11-04T10:14:17+00:00\",\"dateModified\":\"2022-11-04T10:22:46+00:00\",\"breadcrumb\":{\"@id\":\"https:\/\/www.public.sn\/index.php\/2022\/11\/04\/yen-a-marre-condamne-les-arrestations-de-la-garde-rapprochee-de-sonko\/#breadcrumb\"},\"inLanguage\":\"fr-FR\",\"potentialAction\":[{\"@type\":\"ReadAction\",\"target\":[\"https:\/\/www.public.sn\/index.php\/2022\/11\/04\/yen-a-marre-condamne-les-arrestations-de-la-garde-rapprochee-de-sonko\/\"]}]},{\"@type\":\"ImageObject\",\"inLanguage\":\"fr-FR\",\"@id\":\"https:\/\/www.public.sn\/index.php\/2022\/11\/04\/yen-a-marre-condamne-les-arrestations-de-la-garde-rapprochee-de-sonko\/#primaryimage\",\"url\":\"https:\/\/www.public.sn\/wp-content\/uploads\/2022\/11\/yenamarre1.jpg\",\"contentUrl\":\"https:\/\/www.public.sn\/wp-content\/uploads\/2022\/11\/yenamarre1.jpg\",\"width\":752,\"height\":501,\"caption\":\"publicsn\"},{\"@type\":\"BreadcrumbList\",\"@id\":\"https:\/\/www.public.sn\/index.php\/2022\/11\/04\/yen-a-marre-condamne-les-arrestations-de-la-garde-rapprochee-de-sonko\/#breadcrumb\",\"itemListElement\":[{\"@type\":\"ListItem\",\"position\":1,\"name\":\"Accueil\",\"item\":\"https:\/\/www.public.sn\/\"},{\"@type\":\"ListItem\",\"position\":2,\"name\":\"Y\u2019en a marre condamne les arrestations de la garde rapproch\u00e9e de Sonko.\"}]},{\"@type\":\"WebSite\",\"@id\":\"https:\/\/www.public.sn\/#website\",\"url\":\"https:\/\/www.public.sn\/\",\"name\":\"LE PUBLIC\",\"description\":\"\",\"publisher\":{\"@id\":\"https:\/\/www.public.sn\/#organization\"},\"potentialAction\":[{\"@type\":\"SearchAction\",\"target\":{\"@type\":\"EntryPoint\",\"urlTemplate\":\"https:\/\/www.public.sn\/?s={search_term_string}\"},\"query-input\":{\"@type\":\"PropertyValueSpecification\",\"valueRequired\":true,\"valueName\":\"search_term_string\"}}],\"inLanguage\":\"fr-FR\"},{\"@type\":\"Organization\",\"@id\":\"https:\/\/www.public.sn\/#organization\",\"name\":\"LE PUBLIC\",\"url\":\"https:\/\/www.public.sn\/\",\"logo\":{\"@type\":\"ImageObject\",\"inLanguage\":\"fr-FR\",\"@id\":\"https:\/\/www.public.sn\/#\/schema\/logo\/image\/\",\"url\":\"https:\/\/www.public.sn\/wp-content\/uploads\/2024\/05\/cropped-LOGO-PUBLIC.SN_.png\",\"contentUrl\":\"https:\/\/www.public.sn\/wp-content\/uploads\/2024\/05\/cropped-LOGO-PUBLIC.SN_.png\",\"width\":682,\"height\":192,\"caption\":\"LE PUBLIC\"},\"image\":{\"@id\":\"https:\/\/www.public.sn\/#\/schema\/logo\/image\/\"}},{\"@type\":\"Person\",\"@id\":\"https:\/\/www.public.sn\/#\/schema\/person\/cb76c8e1b8becc6be61fb5e92d6d0224\",\"name\":\"LA REDACTION\",\"image\":{\"@type\":\"ImageObject\",\"inLanguage\":\"fr-FR\",\"@id\":\"https:\/\/www.public.sn\/#\/schema\/person\/image\/\",\"url\":\"https:\/\/secure.gravatar.com\/avatar\/2dce5ddd34b8fef0180efe03aa2a9bee7d953856048f9a16b298190a3178407c?s=96&d=mm&r=g\",\"contentUrl\":\"https:\/\/secure.gravatar.com\/avatar\/2dce5ddd34b8fef0180efe03aa2a9bee7d953856048f9a16b298190a3178407c?s=96&d=mm&r=g\",\"caption\":\"LA REDACTION\"},\"url\":\"https:\/\/www.public.sn\/index.php\/author\/editeurpsn\/\"}]}<\/script>\n<!-- \/ Yoast SEO plugin. -->","yoast_head_json":{"title":"Y\u2019en a marre condamne les arrestations de la garde rapproch\u00e9e de Sonko. - LE PUBLIC","robots":{"index":"index","follow":"follow","max-snippet":"max-snippet:-1","max-image-preview":"max-image-preview:large","max-video-preview":"max-video-preview:-1"},"canonical":"https:\/\/www.public.sn\/index.php\/2022\/11\/04\/yen-a-marre-condamne-les-arrestations-de-la-garde-rapprochee-de-sonko\/","og_locale":"fr_FR","og_type":"article","og_title":"Y\u2019en a marre condamne les arrestations de la garde rapproch\u00e9e de Sonko. - LE PUBLIC","og_description":"Le mouvement Y\u2019en \u00e0 marre est outr\u00e9 par les arrestations de la garde rapproch\u00e9e du leader du Pastef. Aliou San\u00e9 et Cie sont d\u2019avis que ce qui s\u2019est pass\u00e9 n\u2019est rien d\u2019autres \u00ab&nbsp;qu\u2019un terrorisme politique&nbsp;\u00bb. Cette arrestation est condamnable et une simple convocation des concern\u00e9s &nbsp;aurait suffi. Ceci est tout simplement une provocation n et surtout de l\u2019intimidation. Le mouvement rappelle que Guy Marius Sagna avait \u00e9t\u00e9 interdit d\u2019entrer \u00e0 Malicounda et agress\u00e9 physiquement mais aucune action n\u2019a \u00e9t\u00e9 men\u00e9e contre les instigateurs malgr\u00e9 sa plainte. Au Fouta \u00e9galement des nervis avaient violement tabass\u00e9 des populations locales sous l\u2019\u0153il passif des forces de d\u00e9fense et de s\u00e9curit\u00e9 sans aucune suite judiciaire malgr\u00e9 les plaintes des victimes. Y\u2019en a marre rappelle que le monde s\u2019est \u00e9mu des images tragiques de force de l\u2019ordre tirant sur des citoyens s\u00e9n\u00e9galais lors de manifestation causant de nombreuses pertes en vie humaines et ces crimes sont rest\u00e9s \u00e9lucid\u00e9s. Ainsi au regard de ces faits et de tant d\u2019autres, le mouvement Y\u2019en a marre avance qu\u2019on ne parle plus de justice \u00e0 deux vitesses mais de terrorisme politique pour intimider les opposants, les activistes et tous ceux qui se l\u00e8vent contre les pratiques dictatoriales du r\u00e9gime de Macky Sall. Mais c\u2019est peine perdue souligne le mouvement Y\u2019en a marre. Samba SY.","og_url":"https:\/\/www.public.sn\/index.php\/2022\/11\/04\/yen-a-marre-condamne-les-arrestations-de-la-garde-rapprochee-de-sonko\/","og_site_name":"LE PUBLIC","article_published_time":"2022-11-04T10:14:17+00:00","article_modified_time":"2022-11-04T10:22:46+00:00","og_image":[{"width":752,"height":501,"url":"https:\/\/www.public.sn\/wp-content\/uploads\/2022\/11\/yenamarre1.jpg","type":"image\/jpeg"}],"author":"LA REDACTION","twitter_card":"summary_large_image","twitter_misc":{"\u00c9crit par":"LA REDACTION","Dur\u00e9e de lecture estim\u00e9e":"2 minutes"},"schema":{"@context":"https:\/\/schema.org","@graph":[{"@type":"Article","@id":"https:\/\/www.public.sn\/index.php\/2022\/11\/04\/yen-a-marre-condamne-les-arrestations-de-la-garde-rapprochee-de-sonko\/#article","isPartOf":{"@id":"https:\/\/www.public.sn\/index.php\/2022\/11\/04\/yen-a-marre-condamne-les-arrestations-de-la-garde-rapprochee-de-sonko\/"},"author":{"name":"LA REDACTION","@id":"https:\/\/www.public.sn\/#\/schema\/person\/cb76c8e1b8becc6be61fb5e92d6d0224"},"headline":"Y\u2019en a marre condamne les arrestations de la garde rapproch\u00e9e de Sonko.","datePublished":"2022-11-04T10:14:17+00:00","dateModified":"2022-11-04T10:22:46+00:00","mainEntityOfPage":{"@id":"https:\/\/www.public.sn\/index.php\/2022\/11\/04\/yen-a-marre-condamne-les-arrestations-de-la-garde-rapprochee-de-sonko\/"},"wordCount":258,"commentCount":0,"publisher":{"@id":"https:\/\/www.public.sn\/#organization"},"image":{"@id":"https:\/\/www.public.sn\/index.php\/2022\/11\/04\/yen-a-marre-condamne-les-arrestations-de-la-garde-rapprochee-de-sonko\/#primaryimage"},"thumbnailUrl":"https:\/\/www.public.sn\/wp-content\/uploads\/2022\/11\/yenamarre1.jpg","keywords":["garde rapproch\u00e9e","sonko","y&#039;en a marre"],"articleSection":["ACTUALIT\u00c9S","S\u00c9N\u00c9GAL","SOCIETE"],"inLanguage":"fr-FR","potentialAction":[{"@type":"CommentAction","name":"Comment","target":["https:\/\/www.public.sn\/index.php\/2022\/11\/04\/yen-a-marre-condamne-les-arrestations-de-la-garde-rapprochee-de-sonko\/#respond"]}]},{"@type":"WebPage","@id":"https:\/\/www.public.sn\/index.php\/2022\/11\/04\/yen-a-marre-condamne-les-arrestations-de-la-garde-rapprochee-de-sonko\/","url":"https:\/\/www.public.sn\/index.php\/2022\/11\/04\/yen-a-marre-condamne-les-arrestations-de-la-garde-rapprochee-de-sonko\/","name":"Y\u2019en a marre condamne les arrestations de la garde rapproch\u00e9e de Sonko. - LE PUBLIC","isPartOf":{"@id":"https:\/\/www.public.sn\/#website"},"primaryImageOfPage":{"@id":"https:\/\/www.public.sn\/index.php\/2022\/11\/04\/yen-a-marre-condamne-les-arrestations-de-la-garde-rapprochee-de-sonko\/#primaryimage"},"image":{"@id":"https:\/\/www.public.sn\/index.php\/2022\/11\/04\/yen-a-marre-condamne-les-arrestations-de-la-garde-rapprochee-de-sonko\/#primaryimage"},"thumbnailUrl":"https:\/\/www.public.sn\/wp-content\/uploads\/2022\/11\/yenamarre1.jpg","datePublished":"2022-11-04T10:14:17+00:00","dateModified":"2022-11-04T10:22:46+00:00","breadcrumb":{"@id":"https:\/\/www.public.sn\/index.php\/2022\/11\/04\/yen-a-marre-condamne-les-arrestations-de-la-garde-rapprochee-de-sonko\/#breadcrumb"},"inLanguage":"fr-FR","potentialAction":[{"@type":"ReadAction","target":["https:\/\/www.public.sn\/index.php\/2022\/11\/04\/yen-a-marre-condamne-les-arrestations-de-la-garde-rapprochee-de-sonko\/"]}]},{"@type":"ImageObject","inLanguage":"fr-FR","@id":"https:\/\/www.public.sn\/index.php\/2022\/11\/04\/yen-a-marre-condamne-les-arrestations-de-la-garde-rapprochee-de-sonko\/#primaryimage","url":"https:\/\/www.public.sn\/wp-content\/uploads\/2022\/11\/yenamarre1.jpg","contentUrl":"https:\/\/www.public.sn\/wp-content\/uploads\/2022\/11\/yenamarre1.jpg","width":752,"height":501,"caption":"publicsn"},{"@type":"BreadcrumbList","@id":"https:\/\/www.public.sn\/index.php\/2022\/11\/04\/yen-a-marre-condamne-les-arrestations-de-la-garde-rapprochee-de-sonko\/#breadcrumb","itemListElement":[{"@type":"ListItem","position":1,"name":"Accueil","item":"https:\/\/www.public.sn\/"},{"@type":"ListItem","position":2,"name":"Y\u2019en a marre condamne les arrestations de la garde rapproch\u00e9e de Sonko."}]},{"@type":"WebSite","@id":"https:\/\/www.public.sn\/#website","url":"https:\/\/www.public.sn\/","name":"LE PUBLIC","description":"","publisher":{"@id":"https:\/\/www.public.sn\/#organization"},"potentialAction":[{"@type":"SearchAction","target":{"@type":"EntryPoint","urlTemplate":"https:\/\/www.public.sn\/?s={search_term_string}"},"query-input":{"@type":"PropertyValueSpecification","valueRequired":true,"valueName":"search_term_string"}}],"inLanguage":"fr-FR"},{"@type":"Organization","@id":"https:\/\/www.public.sn\/#organization","name":"LE PUBLIC","url":"https:\/\/www.public.sn\/","logo":{"@type":"ImageObject","inLanguage":"fr-FR","@id":"https:\/\/www.public.sn\/#\/schema\/logo\/image\/","url":"https:\/\/www.public.sn\/wp-content\/uploads\/2024\/05\/cropped-LOGO-PUBLIC.SN_.png","contentUrl":"https:\/\/www.public.sn\/wp-content\/uploads\/2024\/05\/cropped-LOGO-PUBLIC.SN_.png","width":682,"height":192,"caption":"LE PUBLIC"},"image":{"@id":"https:\/\/www.public.sn\/#\/schema\/logo\/image\/"}},{"@type":"Person","@id":"https:\/\/www.public.sn\/#\/schema\/person\/cb76c8e1b8becc6be61fb5e92d6d0224","name":"LA REDACTION","image":{"@type":"ImageObject","inLanguage":"fr-FR","@id":"https:\/\/www.public.sn\/#\/schema\/person\/image\/","url":"https:\/\/secure.gravatar.com\/avatar\/2dce5ddd34b8fef0180efe03aa2a9bee7d953856048f9a16b298190a3178407c?s=96&d=mm&r=g","contentUrl":"https:\/\/secure.gravatar.com\/avatar\/2dce5ddd34b8fef0180efe03aa2a9bee7d953856048f9a16b298190a3178407c?s=96&d=mm&r=g","caption":"LA REDACTION"},"url":"https:\/\/www.public.sn\/index.php\/author\/editeurpsn\/"}]}},"jetpack_featured_media_url":"https:\/\/www.public.sn\/wp-content\/uploads\/2022\/11\/yenamarre1.jpg","jetpack_sharing_enabled":true,"_links":{"self":[{"href":"https:\/\/www.public.sn\/index.php\/wp-json\/wp\/v2\/posts\/6880","targetHints":{"allow":["GET"]}}],"collection":[{"href":"https:\/\/www.public.sn\/index.php\/wp-json\/wp\/v2\/posts"}],"about":[{"href":"https:\/\/www.public.sn\/index.php\/wp-json\/wp\/v2\/types\/post"}],"author":[{"embeddable":true,"href":"https:\/\/www.public.sn\/index.php\/wp-json\/wp\/v2\/users\/7"}],"replies":[{"embeddable":true,"href":"https:\/\/www.public.sn\/index.php\/wp-json\/wp\/v2\/comments?post=6880"}],"version-history":[{"count":2,"href":"https:\/\/www.public.sn\/index.php\/wp-json\/wp\/v2\/posts\/6880\/revisions"}],"predecessor-version":[{"id":6884,"href":"https:\/\/www.public.sn\/index.php\/wp-json\/wp\/v2\/posts\/6880\/revisions\/6884"}],"wp:featuredmedia":[{"embeddable":true,"href":"https:\/\/www.public.sn\/index.php\/wp-json\/wp\/v2\/media\/6881"}],"wp:attachment":[{"href":"https:\/\/www.public.sn\/index.php\/wp-json\/wp\/v2\/media?parent=6880"}],"wp:term":[{"taxonomy":"category","embeddable":true,"href":"https:\/\/www.public.sn\/index.php\/wp-json\/wp\/v2\/categories?post=6880"},{"taxonomy":"post_tag","embeddable":true,"href":"https:\/\/www.public.sn\/index.php\/wp-json\/wp\/v2\/tags?post=6880"}],"curies":[{"name":"wp","href":"https:\/\/api.w.org\/{rel}","templated":true}]}}