{"id":6904,"date":"2022-11-04T12:14:28","date_gmt":"2022-11-04T12:14:28","guid":{"rendered":"https:\/\/www.public.sn\/?p=6904"},"modified":"2022-11-04T12:16:59","modified_gmt":"2022-11-04T12:16:59","slug":"marseille-pape-gueye-vers-le-depart","status":"publish","type":"post","link":"https:\/\/www.public.sn\/index.php\/2022\/11\/04\/marseille-pape-gueye-vers-le-depart\/","title":{"rendered":"Marseille\u00a0: Pape Gueye vers le d\u00e9part?."},"content":{"rendered":"\n<p><\/p>\n\n\n\n<p>Elimin\u00e9 de toutes les comp\u00e9titions internationales, l\u2019olympique de Marseille semble se tourner vers l\u2019avenir. En effet les finances du club ne sont pas aux beaux fixes et le Mercato de Janvier pourrait constituer\u00a0 un tremplin pour renflouer les caisses. <\/p><div class=\"publi-paragraphe1\" style=\"margin-top: 10px;margin-bottom: 10px;margin-left: auto;margin-right: auto;text-align: center;\" id=\"publi-2361157109\"><div class=\"publi-adlabel\">Publicit\u00e9<\/div><script async src=\"\/\/pagead2.googlesyndication.com\/pagead\/js\/adsbygoogle.js?client=ca-pub-4089586018074219\" crossorigin=\"anonymous\"><\/script><ins class=\"adsbygoogle\" style=\"display:block;\" data-ad-client=\"ca-pub-4089586018074219\" \ndata-ad-slot=\"2087940154\" \ndata-ad-format=\"auto\"><\/ins>\n<script> \n(adsbygoogle = window.adsbygoogle || []).push({}); \n<\/script>\n<\/div>\n\n\n\n<p><\/p>\n\n\n\n<p>C\u2019est \u00e0 cet effet que plusieurs cadres de l\u2019\u00e9quipe sont sur le march\u00e9 des transferts notamment le s\u00e9n\u00e9galais Pape Gueye. Ses prestations ne semblent pas convaincre les dirigeants m\u00eame si par ailleurs on ne lui a pas donn\u00e9 la chance de montrer son talent car il est souvent rempla\u00e7ant dans les plans de son entraineur Igor Tudor.<\/p>\n\n\n\n<p><\/p>\n\n\n\n<p> Marseille compte tirer un b\u00e9n\u00e9fice financi\u00e8re cons\u00e9quent de son transfert car plusieurs clubs anglais seraient int\u00e9ress\u00e9s par son profil. Il y\u2019a entre autres Southampton et Leed United.<\/p>\n\n\n\n<p>Samba SY.<\/p>\n<div class=\"publi-apres-le-contenu\" style=\"margin-top: 10px;margin-bottom: 10px;margin-left: auto;margin-right: auto;text-align: center;\" id=\"publi-29736628\"><div class=\"publi-adlabel\">Publicit\u00e9<\/div><script async src=\"\/\/pagead2.googlesyndication.com\/pagead\/js\/adsbygoogle.js?client=ca-pub-4089586018074219\" crossorigin=\"anonymous\"><\/script><ins class=\"adsbygoogle\" style=\"display:block;\" data-ad-client=\"ca-pub-4089586018074219\" \ndata-ad-slot=\"2087940154\" \ndata-ad-format=\"auto\"><\/ins>\n<script> \n(adsbygoogle = window.adsbygoogle || []).push({}); \n<\/script>\n<\/div>","protected":false},"excerpt":{"rendered":"<p>Elimin\u00e9 de toutes les comp\u00e9titions internationales, l\u2019olympique de Marseille semble se tourner vers l\u2019avenir. En effet les finances du club ne sont pas aux beaux fixes et le Mercato de Janvier pourrait constituer\u00a0 un tremplin pour renflouer les caisses. C\u2019est \u00e0 cet effet que plusieurs cadres de l\u2019\u00e9quipe sont sur le march\u00e9 des transferts notamment le s\u00e9n\u00e9galais Pape Gueye. Ses prestations ne semblent pas convaincre les dirigeants m\u00eame si par ailleurs on ne lui a pas donn\u00e9 la chance de montrer son talent car il est souvent rempla\u00e7ant dans les plans de son entraineur Igor Tudor. Marseille compte tirer un b\u00e9n\u00e9fice financi\u00e8re cons\u00e9quent de son transfert car plusieurs clubs anglais seraient int\u00e9ress\u00e9s par son profil. Il y\u2019a entre autres Southampton et Leed United. Samba SY.<\/p>\n","protected":false},"author":7,"featured_media":6905,"comment_status":"open","ping_status":"open","sticky":false,"template":"","format":"standard","meta":{"_jetpack_memberships_contains_paid_content":false,"footnotes":""},"categories":[375,1,7],"tags":[2421,2300,1262],"class_list":["post-6904","post","type-post","status-publish","format-standard","has-post-thumbnail","hentry","category-actualites","category-non-classe","category-sport","tag-marseille","tag-pape-gueye","tag-sport","entry","has-media","owp-thumbs-layout-horizontal","owp-btn-normal","owp-tabs-layout-horizontal","has-no-thumbnails","has-product-nav"],"yoast_head":"<!-- This site is optimized with the Yoast SEO plugin v25.5 - https:\/\/yoast.com\/wordpress\/plugins\/seo\/ -->\n<title>Marseille\u00a0: Pape Gueye vers le d\u00e9part?. - LE PUBLIC<\/title>\n<meta name=\"robots\" content=\"index, follow, max-snippet:-1, max-image-preview:large, max-video-preview:-1\" \/>\n<link rel=\"canonical\" href=\"https:\/\/www.public.sn\/index.php\/2022\/11\/04\/marseille-pape-gueye-vers-le-depart\/\" \/>\n<meta property=\"og:locale\" content=\"fr_FR\" \/>\n<meta property=\"og:type\" content=\"article\" \/>\n<meta property=\"og:title\" content=\"Marseille\u00a0: Pape Gueye vers le d\u00e9part?. - LE PUBLIC\" \/>\n<meta property=\"og:description\" content=\"Elimin\u00e9 de toutes les comp\u00e9titions internationales, l\u2019olympique de Marseille semble se tourner vers l\u2019avenir. En effet les finances du club ne sont pas aux beaux fixes et le Mercato de Janvier pourrait constituer\u00a0 un tremplin pour renflouer les caisses. C\u2019est \u00e0 cet effet que plusieurs cadres de l\u2019\u00e9quipe sont sur le march\u00e9 des transferts notamment le s\u00e9n\u00e9galais Pape Gueye. Ses prestations ne semblent pas convaincre les dirigeants m\u00eame si par ailleurs on ne lui a pas donn\u00e9 la chance de montrer son talent car il est souvent rempla\u00e7ant dans les plans de son entraineur Igor Tudor. Marseille compte tirer un b\u00e9n\u00e9fice financi\u00e8re cons\u00e9quent de son transfert car plusieurs clubs anglais seraient int\u00e9ress\u00e9s par son profil. Il y\u2019a entre autres Southampton et Leed United. Samba SY.\" \/>\n<meta property=\"og:url\" content=\"https:\/\/www.public.sn\/index.php\/2022\/11\/04\/marseille-pape-gueye-vers-le-depart\/\" \/>\n<meta property=\"og:site_name\" content=\"LE PUBLIC\" \/>\n<meta property=\"article:published_time\" content=\"2022-11-04T12:14:28+00:00\" \/>\n<meta property=\"article:modified_time\" content=\"2022-11-04T12:16:59+00:00\" \/>\n<meta property=\"og:image\" content=\"https:\/\/www.public.sn\/wp-content\/uploads\/2022\/11\/pape-gueye.jpg\" \/>\n\t<meta property=\"og:image:width\" content=\"2000\" \/>\n\t<meta property=\"og:image:height\" content=\"1333\" \/>\n\t<meta property=\"og:image:type\" content=\"image\/jpeg\" \/>\n<meta name=\"author\" content=\"LA REDACTION\" \/>\n<meta name=\"twitter:card\" content=\"summary_large_image\" \/>\n<meta name=\"twitter:label1\" content=\"\u00c9crit par\" \/>\n\t<meta name=\"twitter:data1\" content=\"LA REDACTION\" \/>\n\t<meta name=\"twitter:label2\" content=\"Dur\u00e9e de lecture estim\u00e9e\" \/>\n\t<meta name=\"twitter:data2\" content=\"1 minute\" \/>\n<script type=\"application\/ld+json\" class=\"yoast-schema-graph\">{\"@context\":\"https:\/\/schema.org\",\"@graph\":[{\"@type\":\"Article\",\"@id\":\"https:\/\/www.public.sn\/index.php\/2022\/11\/04\/marseille-pape-gueye-vers-le-depart\/#article\",\"isPartOf\":{\"@id\":\"https:\/\/www.public.sn\/index.php\/2022\/11\/04\/marseille-pape-gueye-vers-le-depart\/\"},\"author\":{\"name\":\"LA REDACTION\",\"@id\":\"https:\/\/www.public.sn\/#\/schema\/person\/cb76c8e1b8becc6be61fb5e92d6d0224\"},\"headline\":\"Marseille\u00a0: Pape Gueye vers le d\u00e9part?.\",\"datePublished\":\"2022-11-04T12:14:28+00:00\",\"dateModified\":\"2022-11-04T12:16:59+00:00\",\"mainEntityOfPage\":{\"@id\":\"https:\/\/www.public.sn\/index.php\/2022\/11\/04\/marseille-pape-gueye-vers-le-depart\/\"},\"wordCount\":147,\"commentCount\":0,\"publisher\":{\"@id\":\"https:\/\/www.public.sn\/#organization\"},\"image\":{\"@id\":\"https:\/\/www.public.sn\/index.php\/2022\/11\/04\/marseille-pape-gueye-vers-le-depart\/#primaryimage\"},\"thumbnailUrl\":\"https:\/\/www.public.sn\/wp-content\/uploads\/2022\/11\/pape-gueye.jpg\",\"keywords\":[\"marseille\",\"pape gueye\",\"Sport\"],\"articleSection\":[\"ACTUALIT\u00c9S\",\"S\u00c9N\u00c9GAL\",\"SPORTS\"],\"inLanguage\":\"fr-FR\",\"potentialAction\":[{\"@type\":\"CommentAction\",\"name\":\"Comment\",\"target\":[\"https:\/\/www.public.sn\/index.php\/2022\/11\/04\/marseille-pape-gueye-vers-le-depart\/#respond\"]}]},{\"@type\":\"WebPage\",\"@id\":\"https:\/\/www.public.sn\/index.php\/2022\/11\/04\/marseille-pape-gueye-vers-le-depart\/\",\"url\":\"https:\/\/www.public.sn\/index.php\/2022\/11\/04\/marseille-pape-gueye-vers-le-depart\/\",\"name\":\"Marseille\u00a0: Pape Gueye vers le d\u00e9part?. - LE PUBLIC\",\"isPartOf\":{\"@id\":\"https:\/\/www.public.sn\/#website\"},\"primaryImageOfPage\":{\"@id\":\"https:\/\/www.public.sn\/index.php\/2022\/11\/04\/marseille-pape-gueye-vers-le-depart\/#primaryimage\"},\"image\":{\"@id\":\"https:\/\/www.public.sn\/index.php\/2022\/11\/04\/marseille-pape-gueye-vers-le-depart\/#primaryimage\"},\"thumbnailUrl\":\"https:\/\/www.public.sn\/wp-content\/uploads\/2022\/11\/pape-gueye.jpg\",\"datePublished\":\"2022-11-04T12:14:28+00:00\",\"dateModified\":\"2022-11-04T12:16:59+00:00\",\"breadcrumb\":{\"@id\":\"https:\/\/www.public.sn\/index.php\/2022\/11\/04\/marseille-pape-gueye-vers-le-depart\/#breadcrumb\"},\"inLanguage\":\"fr-FR\",\"potentialAction\":[{\"@type\":\"ReadAction\",\"target\":[\"https:\/\/www.public.sn\/index.php\/2022\/11\/04\/marseille-pape-gueye-vers-le-depart\/\"]}]},{\"@type\":\"ImageObject\",\"inLanguage\":\"fr-FR\",\"@id\":\"https:\/\/www.public.sn\/index.php\/2022\/11\/04\/marseille-pape-gueye-vers-le-depart\/#primaryimage\",\"url\":\"https:\/\/www.public.sn\/wp-content\/uploads\/2022\/11\/pape-gueye.jpg\",\"contentUrl\":\"https:\/\/www.public.sn\/wp-content\/uploads\/2022\/11\/pape-gueye.jpg\",\"width\":2000,\"height\":1333,\"caption\":\"publicsn\"},{\"@type\":\"BreadcrumbList\",\"@id\":\"https:\/\/www.public.sn\/index.php\/2022\/11\/04\/marseille-pape-gueye-vers-le-depart\/#breadcrumb\",\"itemListElement\":[{\"@type\":\"ListItem\",\"position\":1,\"name\":\"Accueil\",\"item\":\"https:\/\/www.public.sn\/\"},{\"@type\":\"ListItem\",\"position\":2,\"name\":\"Marseille\u00a0: Pape Gueye vers le d\u00e9part?.\"}]},{\"@type\":\"WebSite\",\"@id\":\"https:\/\/www.public.sn\/#website\",\"url\":\"https:\/\/www.public.sn\/\",\"name\":\"LE PUBLIC\",\"description\":\"\",\"publisher\":{\"@id\":\"https:\/\/www.public.sn\/#organization\"},\"potentialAction\":[{\"@type\":\"SearchAction\",\"target\":{\"@type\":\"EntryPoint\",\"urlTemplate\":\"https:\/\/www.public.sn\/?s={search_term_string}\"},\"query-input\":{\"@type\":\"PropertyValueSpecification\",\"valueRequired\":true,\"valueName\":\"search_term_string\"}}],\"inLanguage\":\"fr-FR\"},{\"@type\":\"Organization\",\"@id\":\"https:\/\/www.public.sn\/#organization\",\"name\":\"LE PUBLIC\",\"url\":\"https:\/\/www.public.sn\/\",\"logo\":{\"@type\":\"ImageObject\",\"inLanguage\":\"fr-FR\",\"@id\":\"https:\/\/www.public.sn\/#\/schema\/logo\/image\/\",\"url\":\"https:\/\/www.public.sn\/wp-content\/uploads\/2024\/05\/cropped-LOGO-PUBLIC.SN_.png\",\"contentUrl\":\"https:\/\/www.public.sn\/wp-content\/uploads\/2024\/05\/cropped-LOGO-PUBLIC.SN_.png\",\"width\":682,\"height\":192,\"caption\":\"LE PUBLIC\"},\"image\":{\"@id\":\"https:\/\/www.public.sn\/#\/schema\/logo\/image\/\"}},{\"@type\":\"Person\",\"@id\":\"https:\/\/www.public.sn\/#\/schema\/person\/cb76c8e1b8becc6be61fb5e92d6d0224\",\"name\":\"LA REDACTION\",\"image\":{\"@type\":\"ImageObject\",\"inLanguage\":\"fr-FR\",\"@id\":\"https:\/\/www.public.sn\/#\/schema\/person\/image\/\",\"url\":\"https:\/\/secure.gravatar.com\/avatar\/2dce5ddd34b8fef0180efe03aa2a9bee7d953856048f9a16b298190a3178407c?s=96&d=mm&r=g\",\"contentUrl\":\"https:\/\/secure.gravatar.com\/avatar\/2dce5ddd34b8fef0180efe03aa2a9bee7d953856048f9a16b298190a3178407c?s=96&d=mm&r=g\",\"caption\":\"LA REDACTION\"},\"url\":\"https:\/\/www.public.sn\/index.php\/author\/editeurpsn\/\"}]}<\/script>\n<!-- \/ Yoast SEO plugin. -->","yoast_head_json":{"title":"Marseille\u00a0: Pape Gueye vers le d\u00e9part?. - LE PUBLIC","robots":{"index":"index","follow":"follow","max-snippet":"max-snippet:-1","max-image-preview":"max-image-preview:large","max-video-preview":"max-video-preview:-1"},"canonical":"https:\/\/www.public.sn\/index.php\/2022\/11\/04\/marseille-pape-gueye-vers-le-depart\/","og_locale":"fr_FR","og_type":"article","og_title":"Marseille\u00a0: Pape Gueye vers le d\u00e9part?. - LE PUBLIC","og_description":"Elimin\u00e9 de toutes les comp\u00e9titions internationales, l\u2019olympique de Marseille semble se tourner vers l\u2019avenir. En effet les finances du club ne sont pas aux beaux fixes et le Mercato de Janvier pourrait constituer\u00a0 un tremplin pour renflouer les caisses. C\u2019est \u00e0 cet effet que plusieurs cadres de l\u2019\u00e9quipe sont sur le march\u00e9 des transferts notamment le s\u00e9n\u00e9galais Pape Gueye. Ses prestations ne semblent pas convaincre les dirigeants m\u00eame si par ailleurs on ne lui a pas donn\u00e9 la chance de montrer son talent car il est souvent rempla\u00e7ant dans les plans de son entraineur Igor Tudor. Marseille compte tirer un b\u00e9n\u00e9fice financi\u00e8re cons\u00e9quent de son transfert car plusieurs clubs anglais seraient int\u00e9ress\u00e9s par son profil. Il y\u2019a entre autres Southampton et Leed United. Samba SY.","og_url":"https:\/\/www.public.sn\/index.php\/2022\/11\/04\/marseille-pape-gueye-vers-le-depart\/","og_site_name":"LE PUBLIC","article_published_time":"2022-11-04T12:14:28+00:00","article_modified_time":"2022-11-04T12:16:59+00:00","og_image":[{"width":2000,"height":1333,"url":"https:\/\/www.public.sn\/wp-content\/uploads\/2022\/11\/pape-gueye.jpg","type":"image\/jpeg"}],"author":"LA REDACTION","twitter_card":"summary_large_image","twitter_misc":{"\u00c9crit par":"LA REDACTION","Dur\u00e9e de lecture estim\u00e9e":"1 minute"},"schema":{"@context":"https:\/\/schema.org","@graph":[{"@type":"Article","@id":"https:\/\/www.public.sn\/index.php\/2022\/11\/04\/marseille-pape-gueye-vers-le-depart\/#article","isPartOf":{"@id":"https:\/\/www.public.sn\/index.php\/2022\/11\/04\/marseille-pape-gueye-vers-le-depart\/"},"author":{"name":"LA REDACTION","@id":"https:\/\/www.public.sn\/#\/schema\/person\/cb76c8e1b8becc6be61fb5e92d6d0224"},"headline":"Marseille\u00a0: Pape Gueye vers le d\u00e9part?.","datePublished":"2022-11-04T12:14:28+00:00","dateModified":"2022-11-04T12:16:59+00:00","mainEntityOfPage":{"@id":"https:\/\/www.public.sn\/index.php\/2022\/11\/04\/marseille-pape-gueye-vers-le-depart\/"},"wordCount":147,"commentCount":0,"publisher":{"@id":"https:\/\/www.public.sn\/#organization"},"image":{"@id":"https:\/\/www.public.sn\/index.php\/2022\/11\/04\/marseille-pape-gueye-vers-le-depart\/#primaryimage"},"thumbnailUrl":"https:\/\/www.public.sn\/wp-content\/uploads\/2022\/11\/pape-gueye.jpg","keywords":["marseille","pape gueye","Sport"],"articleSection":["ACTUALIT\u00c9S","S\u00c9N\u00c9GAL","SPORTS"],"inLanguage":"fr-FR","potentialAction":[{"@type":"CommentAction","name":"Comment","target":["https:\/\/www.public.sn\/index.php\/2022\/11\/04\/marseille-pape-gueye-vers-le-depart\/#respond"]}]},{"@type":"WebPage","@id":"https:\/\/www.public.sn\/index.php\/2022\/11\/04\/marseille-pape-gueye-vers-le-depart\/","url":"https:\/\/www.public.sn\/index.php\/2022\/11\/04\/marseille-pape-gueye-vers-le-depart\/","name":"Marseille\u00a0: Pape Gueye vers le d\u00e9part?. - LE PUBLIC","isPartOf":{"@id":"https:\/\/www.public.sn\/#website"},"primaryImageOfPage":{"@id":"https:\/\/www.public.sn\/index.php\/2022\/11\/04\/marseille-pape-gueye-vers-le-depart\/#primaryimage"},"image":{"@id":"https:\/\/www.public.sn\/index.php\/2022\/11\/04\/marseille-pape-gueye-vers-le-depart\/#primaryimage"},"thumbnailUrl":"https:\/\/www.public.sn\/wp-content\/uploads\/2022\/11\/pape-gueye.jpg","datePublished":"2022-11-04T12:14:28+00:00","dateModified":"2022-11-04T12:16:59+00:00","breadcrumb":{"@id":"https:\/\/www.public.sn\/index.php\/2022\/11\/04\/marseille-pape-gueye-vers-le-depart\/#breadcrumb"},"inLanguage":"fr-FR","potentialAction":[{"@type":"ReadAction","target":["https:\/\/www.public.sn\/index.php\/2022\/11\/04\/marseille-pape-gueye-vers-le-depart\/"]}]},{"@type":"ImageObject","inLanguage":"fr-FR","@id":"https:\/\/www.public.sn\/index.php\/2022\/11\/04\/marseille-pape-gueye-vers-le-depart\/#primaryimage","url":"https:\/\/www.public.sn\/wp-content\/uploads\/2022\/11\/pape-gueye.jpg","contentUrl":"https:\/\/www.public.sn\/wp-content\/uploads\/2022\/11\/pape-gueye.jpg","width":2000,"height":1333,"caption":"publicsn"},{"@type":"BreadcrumbList","@id":"https:\/\/www.public.sn\/index.php\/2022\/11\/04\/marseille-pape-gueye-vers-le-depart\/#breadcrumb","itemListElement":[{"@type":"ListItem","position":1,"name":"Accueil","item":"https:\/\/www.public.sn\/"},{"@type":"ListItem","position":2,"name":"Marseille\u00a0: Pape Gueye vers le d\u00e9part?."}]},{"@type":"WebSite","@id":"https:\/\/www.public.sn\/#website","url":"https:\/\/www.public.sn\/","name":"LE PUBLIC","description":"","publisher":{"@id":"https:\/\/www.public.sn\/#organization"},"potentialAction":[{"@type":"SearchAction","target":{"@type":"EntryPoint","urlTemplate":"https:\/\/www.public.sn\/?s={search_term_string}"},"query-input":{"@type":"PropertyValueSpecification","valueRequired":true,"valueName":"search_term_string"}}],"inLanguage":"fr-FR"},{"@type":"Organization","@id":"https:\/\/www.public.sn\/#organization","name":"LE PUBLIC","url":"https:\/\/www.public.sn\/","logo":{"@type":"ImageObject","inLanguage":"fr-FR","@id":"https:\/\/www.public.sn\/#\/schema\/logo\/image\/","url":"https:\/\/www.public.sn\/wp-content\/uploads\/2024\/05\/cropped-LOGO-PUBLIC.SN_.png","contentUrl":"https:\/\/www.public.sn\/wp-content\/uploads\/2024\/05\/cropped-LOGO-PUBLIC.SN_.png","width":682,"height":192,"caption":"LE PUBLIC"},"image":{"@id":"https:\/\/www.public.sn\/#\/schema\/logo\/image\/"}},{"@type":"Person","@id":"https:\/\/www.public.sn\/#\/schema\/person\/cb76c8e1b8becc6be61fb5e92d6d0224","name":"LA REDACTION","image":{"@type":"ImageObject","inLanguage":"fr-FR","@id":"https:\/\/www.public.sn\/#\/schema\/person\/image\/","url":"https:\/\/secure.gravatar.com\/avatar\/2dce5ddd34b8fef0180efe03aa2a9bee7d953856048f9a16b298190a3178407c?s=96&d=mm&r=g","contentUrl":"https:\/\/secure.gravatar.com\/avatar\/2dce5ddd34b8fef0180efe03aa2a9bee7d953856048f9a16b298190a3178407c?s=96&d=mm&r=g","caption":"LA REDACTION"},"url":"https:\/\/www.public.sn\/index.php\/author\/editeurpsn\/"}]}},"jetpack_featured_media_url":"https:\/\/www.public.sn\/wp-content\/uploads\/2022\/11\/pape-gueye.jpg","jetpack_sharing_enabled":true,"_links":{"self":[{"href":"https:\/\/www.public.sn\/index.php\/wp-json\/wp\/v2\/posts\/6904","targetHints":{"allow":["GET"]}}],"collection":[{"href":"https:\/\/www.public.sn\/index.php\/wp-json\/wp\/v2\/posts"}],"about":[{"href":"https:\/\/www.public.sn\/index.php\/wp-json\/wp\/v2\/types\/post"}],"author":[{"embeddable":true,"href":"https:\/\/www.public.sn\/index.php\/wp-json\/wp\/v2\/users\/7"}],"replies":[{"embeddable":true,"href":"https:\/\/www.public.sn\/index.php\/wp-json\/wp\/v2\/comments?post=6904"}],"version-history":[{"count":1,"href":"https:\/\/www.public.sn\/index.php\/wp-json\/wp\/v2\/posts\/6904\/revisions"}],"predecessor-version":[{"id":6906,"href":"https:\/\/www.public.sn\/index.php\/wp-json\/wp\/v2\/posts\/6904\/revisions\/6906"}],"wp:featuredmedia":[{"embeddable":true,"href":"https:\/\/www.public.sn\/index.php\/wp-json\/wp\/v2\/media\/6905"}],"wp:attachment":[{"href":"https:\/\/www.public.sn\/index.php\/wp-json\/wp\/v2\/media?parent=6904"}],"wp:term":[{"taxonomy":"category","embeddable":true,"href":"https:\/\/www.public.sn\/index.php\/wp-json\/wp\/v2\/categories?post=6904"},{"taxonomy":"post_tag","embeddable":true,"href":"https:\/\/www.public.sn\/index.php\/wp-json\/wp\/v2\/tags?post=6904"}],"curies":[{"name":"wp","href":"https:\/\/api.w.org\/{rel}","templated":true}]}}