{"id":6912,"date":"2022-11-04T12:30:32","date_gmt":"2022-11-04T12:30:32","guid":{"rendered":"https:\/\/www.public.sn\/?p=6912"},"modified":"2022-11-04T12:37:52","modified_gmt":"2022-11-04T12:37:52","slug":"sonko-va-porter-plainte-contre-serigne-bassirou-gueye","status":"publish","type":"post","link":"https:\/\/www.public.sn\/index.php\/2022\/11\/04\/sonko-va-porter-plainte-contre-serigne-bassirou-gueye\/","title":{"rendered":"Sonko va porter plainte contre Serigne Bassirou Gueye."},"content":{"rendered":"\n<p><\/p>\n\n\n\n<p><strong>Le leader du Pastef condamne l\u2019arrestation de sa garde rapproch\u00e9e\u00a0 par le procureur de Thi\u00e9s. Sonko avance que personnes n&rsquo;\u00e9taient avec lui lors des incidents de Tchiky et ils seront lib\u00e9r\u00e9s dans les heures qui viennent. <\/strong><\/p><div class=\"publi-paragraphe1\" style=\"margin-top: 10px;margin-bottom: 10px;margin-left: auto;margin-right: auto;text-align: center;\" id=\"publi-4091380048\"><div class=\"publi-adlabel\">Publicit\u00e9<\/div><script async src=\"\/\/pagead2.googlesyndication.com\/pagead\/js\/adsbygoogle.js?client=ca-pub-4089586018074219\" crossorigin=\"anonymous\"><\/script><ins class=\"adsbygoogle\" style=\"display:block;\" data-ad-client=\"ca-pub-4089586018074219\" \ndata-ad-slot=\"2087940154\" \ndata-ad-format=\"auto\"><\/ins>\n<script> \n(adsbygoogle = window.adsbygoogle || []).push({}); \n<\/script>\n<\/div>\n\n\n\n<p><\/p>\n\n\n\n<p>Leurs arrestations viennent du ministre de l\u2019Int\u00e9rieur Abdoulaye Antoine Diome. Devant le doyen des juges il dit avoir r\u00e9pondu \u00e0 ces questions mais a refus\u00e9 de r\u00e9pondre aux questions de son assesseur qui fait parti des comploteurs selon lui. Ousmane Sonko annonce \u00e9galement une plainte contre Serigne Bassirou Gueye afin que toute la lumi\u00e8re soit faite sur les proc\u00e8s verbaux. <\/p>\n\n\n\n<p><\/p>\n\n\n\n<p>Pour rappel, ce Jeudi le leader du Pastef avait accus\u00e9 Serigne Bassirou Gueye d\u2019avoir falsifi\u00e9 les proc\u00e8s verbaux.<\/p>\n\n\n\n<p>Nous y reviendrons.<\/p>\n\n\n\n<p>Samba SY.<\/p>\n<div class=\"publi-apres-le-contenu\" style=\"margin-top: 10px;margin-bottom: 10px;margin-left: auto;margin-right: auto;text-align: center;\" id=\"publi-871282291\"><div class=\"publi-adlabel\">Publicit\u00e9<\/div><script async src=\"\/\/pagead2.googlesyndication.com\/pagead\/js\/adsbygoogle.js?client=ca-pub-4089586018074219\" crossorigin=\"anonymous\"><\/script><ins class=\"adsbygoogle\" style=\"display:block;\" data-ad-client=\"ca-pub-4089586018074219\" \ndata-ad-slot=\"2087940154\" \ndata-ad-format=\"auto\"><\/ins>\n<script> \n(adsbygoogle = window.adsbygoogle || []).push({}); \n<\/script>\n<\/div>","protected":false},"excerpt":{"rendered":"<p>Le leader du Pastef condamne l\u2019arrestation de sa garde rapproch\u00e9e\u00a0 par le procureur de Thi\u00e9s. Sonko avance que personnes n&rsquo;\u00e9taient avec lui lors des incidents de Tchiky et ils seront lib\u00e9r\u00e9s dans les heures qui viennent. Leurs arrestations viennent du ministre de l\u2019Int\u00e9rieur Abdoulaye Antoine Diome. Devant le doyen des juges il dit avoir r\u00e9pondu \u00e0 ces questions mais a refus\u00e9 de r\u00e9pondre aux questions de son assesseur qui fait parti des comploteurs selon lui. Ousmane Sonko annonce \u00e9galement une plainte contre Serigne Bassirou Gueye afin que toute la lumi\u00e8re soit faite sur les proc\u00e8s verbaux. Pour rappel, ce Jeudi le leader du Pastef avait accus\u00e9 Serigne Bassirou Gueye d\u2019avoir falsifi\u00e9 les proc\u00e8s verbaux. Nous y reviendrons. Samba SY.<\/p>\n","protected":false},"author":7,"featured_media":6913,"comment_status":"open","ping_status":"open","sticky":false,"template":"","format":"standard","meta":{"_jetpack_memberships_contains_paid_content":false,"footnotes":""},"categories":[375,3,1,372],"tags":[378,2424,306],"class_list":["post-6912","post","type-post","status-publish","format-standard","has-post-thumbnail","hentry","category-actualites","category-politique","category-non-classe","category-vedette","tag-plainte","tag-serigne-bassirou-gueye","tag-sonko","entry","has-media","owp-thumbs-layout-horizontal","owp-btn-normal","owp-tabs-layout-horizontal","has-no-thumbnails","has-product-nav"],"yoast_head":"<!-- This site is optimized with the Yoast SEO plugin v25.5 - https:\/\/yoast.com\/wordpress\/plugins\/seo\/ -->\n<title>Sonko va porter plainte contre Serigne Bassirou Gueye. - LE PUBLIC<\/title>\n<meta name=\"robots\" content=\"index, follow, max-snippet:-1, max-image-preview:large, max-video-preview:-1\" \/>\n<link rel=\"canonical\" href=\"https:\/\/www.public.sn\/index.php\/2022\/11\/04\/sonko-va-porter-plainte-contre-serigne-bassirou-gueye\/\" \/>\n<meta property=\"og:locale\" content=\"fr_FR\" \/>\n<meta property=\"og:type\" content=\"article\" \/>\n<meta property=\"og:title\" content=\"Sonko va porter plainte contre Serigne Bassirou Gueye. - LE PUBLIC\" \/>\n<meta property=\"og:description\" content=\"Le leader du Pastef condamne l\u2019arrestation de sa garde rapproch\u00e9e\u00a0 par le procureur de Thi\u00e9s. Sonko avance que personnes n&rsquo;\u00e9taient avec lui lors des incidents de Tchiky et ils seront lib\u00e9r\u00e9s dans les heures qui viennent. Leurs arrestations viennent du ministre de l\u2019Int\u00e9rieur Abdoulaye Antoine Diome. Devant le doyen des juges il dit avoir r\u00e9pondu \u00e0 ces questions mais a refus\u00e9 de r\u00e9pondre aux questions de son assesseur qui fait parti des comploteurs selon lui. Ousmane Sonko annonce \u00e9galement une plainte contre Serigne Bassirou Gueye afin que toute la lumi\u00e8re soit faite sur les proc\u00e8s verbaux. Pour rappel, ce Jeudi le leader du Pastef avait accus\u00e9 Serigne Bassirou Gueye d\u2019avoir falsifi\u00e9 les proc\u00e8s verbaux. Nous y reviendrons. Samba SY.\" \/>\n<meta property=\"og:url\" content=\"https:\/\/www.public.sn\/index.php\/2022\/11\/04\/sonko-va-porter-plainte-contre-serigne-bassirou-gueye\/\" \/>\n<meta property=\"og:site_name\" content=\"LE PUBLIC\" \/>\n<meta property=\"article:published_time\" content=\"2022-11-04T12:30:32+00:00\" \/>\n<meta property=\"article:modified_time\" content=\"2022-11-04T12:37:52+00:00\" \/>\n<meta property=\"og:image\" content=\"https:\/\/www.public.sn\/wp-content\/uploads\/2022\/11\/sonko-1.webp\" \/>\n\t<meta property=\"og:image:width\" content=\"600\" \/>\n\t<meta property=\"og:image:height\" content=\"460\" \/>\n\t<meta property=\"og:image:type\" content=\"image\/webp\" \/>\n<meta name=\"author\" content=\"LA REDACTION\" \/>\n<meta name=\"twitter:card\" content=\"summary_large_image\" \/>\n<meta name=\"twitter:label1\" content=\"\u00c9crit par\" \/>\n\t<meta name=\"twitter:data1\" content=\"LA REDACTION\" \/>\n\t<meta name=\"twitter:label2\" content=\"Dur\u00e9e de lecture estim\u00e9e\" \/>\n\t<meta name=\"twitter:data2\" content=\"1 minute\" \/>\n<script type=\"application\/ld+json\" class=\"yoast-schema-graph\">{\"@context\":\"https:\/\/schema.org\",\"@graph\":[{\"@type\":\"Article\",\"@id\":\"https:\/\/www.public.sn\/index.php\/2022\/11\/04\/sonko-va-porter-plainte-contre-serigne-bassirou-gueye\/#article\",\"isPartOf\":{\"@id\":\"https:\/\/www.public.sn\/index.php\/2022\/11\/04\/sonko-va-porter-plainte-contre-serigne-bassirou-gueye\/\"},\"author\":{\"name\":\"LA REDACTION\",\"@id\":\"https:\/\/www.public.sn\/#\/schema\/person\/cb76c8e1b8becc6be61fb5e92d6d0224\"},\"headline\":\"Sonko va porter plainte contre Serigne Bassirou Gueye.\",\"datePublished\":\"2022-11-04T12:30:32+00:00\",\"dateModified\":\"2022-11-04T12:37:52+00:00\",\"mainEntityOfPage\":{\"@id\":\"https:\/\/www.public.sn\/index.php\/2022\/11\/04\/sonko-va-porter-plainte-contre-serigne-bassirou-gueye\/\"},\"wordCount\":140,\"commentCount\":1,\"publisher\":{\"@id\":\"https:\/\/www.public.sn\/#organization\"},\"image\":{\"@id\":\"https:\/\/www.public.sn\/index.php\/2022\/11\/04\/sonko-va-porter-plainte-contre-serigne-bassirou-gueye\/#primaryimage\"},\"thumbnailUrl\":\"https:\/\/www.public.sn\/wp-content\/uploads\/2022\/11\/sonko-1.webp\",\"keywords\":[\"plainte\",\"serigne bassirou gueye\",\"sonko\"],\"articleSection\":[\"ACTUALIT\u00c9S\",\"POLITIQUE\",\"S\u00c9N\u00c9GAL\",\"VEDETTE\"],\"inLanguage\":\"fr-FR\",\"potentialAction\":[{\"@type\":\"CommentAction\",\"name\":\"Comment\",\"target\":[\"https:\/\/www.public.sn\/index.php\/2022\/11\/04\/sonko-va-porter-plainte-contre-serigne-bassirou-gueye\/#respond\"]}]},{\"@type\":\"WebPage\",\"@id\":\"https:\/\/www.public.sn\/index.php\/2022\/11\/04\/sonko-va-porter-plainte-contre-serigne-bassirou-gueye\/\",\"url\":\"https:\/\/www.public.sn\/index.php\/2022\/11\/04\/sonko-va-porter-plainte-contre-serigne-bassirou-gueye\/\",\"name\":\"Sonko va porter plainte contre Serigne Bassirou Gueye. - LE PUBLIC\",\"isPartOf\":{\"@id\":\"https:\/\/www.public.sn\/#website\"},\"primaryImageOfPage\":{\"@id\":\"https:\/\/www.public.sn\/index.php\/2022\/11\/04\/sonko-va-porter-plainte-contre-serigne-bassirou-gueye\/#primaryimage\"},\"image\":{\"@id\":\"https:\/\/www.public.sn\/index.php\/2022\/11\/04\/sonko-va-porter-plainte-contre-serigne-bassirou-gueye\/#primaryimage\"},\"thumbnailUrl\":\"https:\/\/www.public.sn\/wp-content\/uploads\/2022\/11\/sonko-1.webp\",\"datePublished\":\"2022-11-04T12:30:32+00:00\",\"dateModified\":\"2022-11-04T12:37:52+00:00\",\"breadcrumb\":{\"@id\":\"https:\/\/www.public.sn\/index.php\/2022\/11\/04\/sonko-va-porter-plainte-contre-serigne-bassirou-gueye\/#breadcrumb\"},\"inLanguage\":\"fr-FR\",\"potentialAction\":[{\"@type\":\"ReadAction\",\"target\":[\"https:\/\/www.public.sn\/index.php\/2022\/11\/04\/sonko-va-porter-plainte-contre-serigne-bassirou-gueye\/\"]}]},{\"@type\":\"ImageObject\",\"inLanguage\":\"fr-FR\",\"@id\":\"https:\/\/www.public.sn\/index.php\/2022\/11\/04\/sonko-va-porter-plainte-contre-serigne-bassirou-gueye\/#primaryimage\",\"url\":\"https:\/\/www.public.sn\/wp-content\/uploads\/2022\/11\/sonko-1.webp\",\"contentUrl\":\"https:\/\/www.public.sn\/wp-content\/uploads\/2022\/11\/sonko-1.webp\",\"width\":600,\"height\":460,\"caption\":\"publicsn\"},{\"@type\":\"BreadcrumbList\",\"@id\":\"https:\/\/www.public.sn\/index.php\/2022\/11\/04\/sonko-va-porter-plainte-contre-serigne-bassirou-gueye\/#breadcrumb\",\"itemListElement\":[{\"@type\":\"ListItem\",\"position\":1,\"name\":\"Accueil\",\"item\":\"https:\/\/www.public.sn\/\"},{\"@type\":\"ListItem\",\"position\":2,\"name\":\"Sonko va porter plainte contre Serigne Bassirou Gueye.\"}]},{\"@type\":\"WebSite\",\"@id\":\"https:\/\/www.public.sn\/#website\",\"url\":\"https:\/\/www.public.sn\/\",\"name\":\"LE PUBLIC\",\"description\":\"\",\"publisher\":{\"@id\":\"https:\/\/www.public.sn\/#organization\"},\"potentialAction\":[{\"@type\":\"SearchAction\",\"target\":{\"@type\":\"EntryPoint\",\"urlTemplate\":\"https:\/\/www.public.sn\/?s={search_term_string}\"},\"query-input\":{\"@type\":\"PropertyValueSpecification\",\"valueRequired\":true,\"valueName\":\"search_term_string\"}}],\"inLanguage\":\"fr-FR\"},{\"@type\":\"Organization\",\"@id\":\"https:\/\/www.public.sn\/#organization\",\"name\":\"LE PUBLIC\",\"url\":\"https:\/\/www.public.sn\/\",\"logo\":{\"@type\":\"ImageObject\",\"inLanguage\":\"fr-FR\",\"@id\":\"https:\/\/www.public.sn\/#\/schema\/logo\/image\/\",\"url\":\"https:\/\/www.public.sn\/wp-content\/uploads\/2024\/05\/cropped-LOGO-PUBLIC.SN_.png\",\"contentUrl\":\"https:\/\/www.public.sn\/wp-content\/uploads\/2024\/05\/cropped-LOGO-PUBLIC.SN_.png\",\"width\":682,\"height\":192,\"caption\":\"LE PUBLIC\"},\"image\":{\"@id\":\"https:\/\/www.public.sn\/#\/schema\/logo\/image\/\"}},{\"@type\":\"Person\",\"@id\":\"https:\/\/www.public.sn\/#\/schema\/person\/cb76c8e1b8becc6be61fb5e92d6d0224\",\"name\":\"LA REDACTION\",\"image\":{\"@type\":\"ImageObject\",\"inLanguage\":\"fr-FR\",\"@id\":\"https:\/\/www.public.sn\/#\/schema\/person\/image\/\",\"url\":\"https:\/\/secure.gravatar.com\/avatar\/2dce5ddd34b8fef0180efe03aa2a9bee7d953856048f9a16b298190a3178407c?s=96&d=mm&r=g\",\"contentUrl\":\"https:\/\/secure.gravatar.com\/avatar\/2dce5ddd34b8fef0180efe03aa2a9bee7d953856048f9a16b298190a3178407c?s=96&d=mm&r=g\",\"caption\":\"LA REDACTION\"},\"url\":\"https:\/\/www.public.sn\/index.php\/author\/editeurpsn\/\"}]}<\/script>\n<!-- \/ Yoast SEO plugin. -->","yoast_head_json":{"title":"Sonko va porter plainte contre Serigne Bassirou Gueye. - LE PUBLIC","robots":{"index":"index","follow":"follow","max-snippet":"max-snippet:-1","max-image-preview":"max-image-preview:large","max-video-preview":"max-video-preview:-1"},"canonical":"https:\/\/www.public.sn\/index.php\/2022\/11\/04\/sonko-va-porter-plainte-contre-serigne-bassirou-gueye\/","og_locale":"fr_FR","og_type":"article","og_title":"Sonko va porter plainte contre Serigne Bassirou Gueye. - LE PUBLIC","og_description":"Le leader du Pastef condamne l\u2019arrestation de sa garde rapproch\u00e9e\u00a0 par le procureur de Thi\u00e9s. Sonko avance que personnes n&rsquo;\u00e9taient avec lui lors des incidents de Tchiky et ils seront lib\u00e9r\u00e9s dans les heures qui viennent. Leurs arrestations viennent du ministre de l\u2019Int\u00e9rieur Abdoulaye Antoine Diome. Devant le doyen des juges il dit avoir r\u00e9pondu \u00e0 ces questions mais a refus\u00e9 de r\u00e9pondre aux questions de son assesseur qui fait parti des comploteurs selon lui. Ousmane Sonko annonce \u00e9galement une plainte contre Serigne Bassirou Gueye afin que toute la lumi\u00e8re soit faite sur les proc\u00e8s verbaux. Pour rappel, ce Jeudi le leader du Pastef avait accus\u00e9 Serigne Bassirou Gueye d\u2019avoir falsifi\u00e9 les proc\u00e8s verbaux. Nous y reviendrons. Samba SY.","og_url":"https:\/\/www.public.sn\/index.php\/2022\/11\/04\/sonko-va-porter-plainte-contre-serigne-bassirou-gueye\/","og_site_name":"LE PUBLIC","article_published_time":"2022-11-04T12:30:32+00:00","article_modified_time":"2022-11-04T12:37:52+00:00","og_image":[{"width":600,"height":460,"url":"https:\/\/www.public.sn\/wp-content\/uploads\/2022\/11\/sonko-1.webp","type":"image\/webp"}],"author":"LA REDACTION","twitter_card":"summary_large_image","twitter_misc":{"\u00c9crit par":"LA REDACTION","Dur\u00e9e de lecture estim\u00e9e":"1 minute"},"schema":{"@context":"https:\/\/schema.org","@graph":[{"@type":"Article","@id":"https:\/\/www.public.sn\/index.php\/2022\/11\/04\/sonko-va-porter-plainte-contre-serigne-bassirou-gueye\/#article","isPartOf":{"@id":"https:\/\/www.public.sn\/index.php\/2022\/11\/04\/sonko-va-porter-plainte-contre-serigne-bassirou-gueye\/"},"author":{"name":"LA REDACTION","@id":"https:\/\/www.public.sn\/#\/schema\/person\/cb76c8e1b8becc6be61fb5e92d6d0224"},"headline":"Sonko va porter plainte contre Serigne Bassirou Gueye.","datePublished":"2022-11-04T12:30:32+00:00","dateModified":"2022-11-04T12:37:52+00:00","mainEntityOfPage":{"@id":"https:\/\/www.public.sn\/index.php\/2022\/11\/04\/sonko-va-porter-plainte-contre-serigne-bassirou-gueye\/"},"wordCount":140,"commentCount":1,"publisher":{"@id":"https:\/\/www.public.sn\/#organization"},"image":{"@id":"https:\/\/www.public.sn\/index.php\/2022\/11\/04\/sonko-va-porter-plainte-contre-serigne-bassirou-gueye\/#primaryimage"},"thumbnailUrl":"https:\/\/www.public.sn\/wp-content\/uploads\/2022\/11\/sonko-1.webp","keywords":["plainte","serigne bassirou gueye","sonko"],"articleSection":["ACTUALIT\u00c9S","POLITIQUE","S\u00c9N\u00c9GAL","VEDETTE"],"inLanguage":"fr-FR","potentialAction":[{"@type":"CommentAction","name":"Comment","target":["https:\/\/www.public.sn\/index.php\/2022\/11\/04\/sonko-va-porter-plainte-contre-serigne-bassirou-gueye\/#respond"]}]},{"@type":"WebPage","@id":"https:\/\/www.public.sn\/index.php\/2022\/11\/04\/sonko-va-porter-plainte-contre-serigne-bassirou-gueye\/","url":"https:\/\/www.public.sn\/index.php\/2022\/11\/04\/sonko-va-porter-plainte-contre-serigne-bassirou-gueye\/","name":"Sonko va porter plainte contre Serigne Bassirou Gueye. - LE PUBLIC","isPartOf":{"@id":"https:\/\/www.public.sn\/#website"},"primaryImageOfPage":{"@id":"https:\/\/www.public.sn\/index.php\/2022\/11\/04\/sonko-va-porter-plainte-contre-serigne-bassirou-gueye\/#primaryimage"},"image":{"@id":"https:\/\/www.public.sn\/index.php\/2022\/11\/04\/sonko-va-porter-plainte-contre-serigne-bassirou-gueye\/#primaryimage"},"thumbnailUrl":"https:\/\/www.public.sn\/wp-content\/uploads\/2022\/11\/sonko-1.webp","datePublished":"2022-11-04T12:30:32+00:00","dateModified":"2022-11-04T12:37:52+00:00","breadcrumb":{"@id":"https:\/\/www.public.sn\/index.php\/2022\/11\/04\/sonko-va-porter-plainte-contre-serigne-bassirou-gueye\/#breadcrumb"},"inLanguage":"fr-FR","potentialAction":[{"@type":"ReadAction","target":["https:\/\/www.public.sn\/index.php\/2022\/11\/04\/sonko-va-porter-plainte-contre-serigne-bassirou-gueye\/"]}]},{"@type":"ImageObject","inLanguage":"fr-FR","@id":"https:\/\/www.public.sn\/index.php\/2022\/11\/04\/sonko-va-porter-plainte-contre-serigne-bassirou-gueye\/#primaryimage","url":"https:\/\/www.public.sn\/wp-content\/uploads\/2022\/11\/sonko-1.webp","contentUrl":"https:\/\/www.public.sn\/wp-content\/uploads\/2022\/11\/sonko-1.webp","width":600,"height":460,"caption":"publicsn"},{"@type":"BreadcrumbList","@id":"https:\/\/www.public.sn\/index.php\/2022\/11\/04\/sonko-va-porter-plainte-contre-serigne-bassirou-gueye\/#breadcrumb","itemListElement":[{"@type":"ListItem","position":1,"name":"Accueil","item":"https:\/\/www.public.sn\/"},{"@type":"ListItem","position":2,"name":"Sonko va porter plainte contre Serigne Bassirou Gueye."}]},{"@type":"WebSite","@id":"https:\/\/www.public.sn\/#website","url":"https:\/\/www.public.sn\/","name":"LE PUBLIC","description":"","publisher":{"@id":"https:\/\/www.public.sn\/#organization"},"potentialAction":[{"@type":"SearchAction","target":{"@type":"EntryPoint","urlTemplate":"https:\/\/www.public.sn\/?s={search_term_string}"},"query-input":{"@type":"PropertyValueSpecification","valueRequired":true,"valueName":"search_term_string"}}],"inLanguage":"fr-FR"},{"@type":"Organization","@id":"https:\/\/www.public.sn\/#organization","name":"LE PUBLIC","url":"https:\/\/www.public.sn\/","logo":{"@type":"ImageObject","inLanguage":"fr-FR","@id":"https:\/\/www.public.sn\/#\/schema\/logo\/image\/","url":"https:\/\/www.public.sn\/wp-content\/uploads\/2024\/05\/cropped-LOGO-PUBLIC.SN_.png","contentUrl":"https:\/\/www.public.sn\/wp-content\/uploads\/2024\/05\/cropped-LOGO-PUBLIC.SN_.png","width":682,"height":192,"caption":"LE PUBLIC"},"image":{"@id":"https:\/\/www.public.sn\/#\/schema\/logo\/image\/"}},{"@type":"Person","@id":"https:\/\/www.public.sn\/#\/schema\/person\/cb76c8e1b8becc6be61fb5e92d6d0224","name":"LA REDACTION","image":{"@type":"ImageObject","inLanguage":"fr-FR","@id":"https:\/\/www.public.sn\/#\/schema\/person\/image\/","url":"https:\/\/secure.gravatar.com\/avatar\/2dce5ddd34b8fef0180efe03aa2a9bee7d953856048f9a16b298190a3178407c?s=96&d=mm&r=g","contentUrl":"https:\/\/secure.gravatar.com\/avatar\/2dce5ddd34b8fef0180efe03aa2a9bee7d953856048f9a16b298190a3178407c?s=96&d=mm&r=g","caption":"LA REDACTION"},"url":"https:\/\/www.public.sn\/index.php\/author\/editeurpsn\/"}]}},"jetpack_featured_media_url":"https:\/\/www.public.sn\/wp-content\/uploads\/2022\/11\/sonko-1.webp","jetpack_sharing_enabled":true,"_links":{"self":[{"href":"https:\/\/www.public.sn\/index.php\/wp-json\/wp\/v2\/posts\/6912","targetHints":{"allow":["GET"]}}],"collection":[{"href":"https:\/\/www.public.sn\/index.php\/wp-json\/wp\/v2\/posts"}],"about":[{"href":"https:\/\/www.public.sn\/index.php\/wp-json\/wp\/v2\/types\/post"}],"author":[{"embeddable":true,"href":"https:\/\/www.public.sn\/index.php\/wp-json\/wp\/v2\/users\/7"}],"replies":[{"embeddable":true,"href":"https:\/\/www.public.sn\/index.php\/wp-json\/wp\/v2\/comments?post=6912"}],"version-history":[{"count":4,"href":"https:\/\/www.public.sn\/index.php\/wp-json\/wp\/v2\/posts\/6912\/revisions"}],"predecessor-version":[{"id":6918,"href":"https:\/\/www.public.sn\/index.php\/wp-json\/wp\/v2\/posts\/6912\/revisions\/6918"}],"wp:featuredmedia":[{"embeddable":true,"href":"https:\/\/www.public.sn\/index.php\/wp-json\/wp\/v2\/media\/6913"}],"wp:attachment":[{"href":"https:\/\/www.public.sn\/index.php\/wp-json\/wp\/v2\/media?parent=6912"}],"wp:term":[{"taxonomy":"category","embeddable":true,"href":"https:\/\/www.public.sn\/index.php\/wp-json\/wp\/v2\/categories?post=6912"},{"taxonomy":"post_tag","embeddable":true,"href":"https:\/\/www.public.sn\/index.php\/wp-json\/wp\/v2\/tags?post=6912"}],"curies":[{"name":"wp","href":"https:\/\/api.w.org\/{rel}","templated":true}]}}