{"id":6919,"date":"2022-11-04T12:49:25","date_gmt":"2022-11-04T12:49:25","guid":{"rendered":"https:\/\/www.public.sn\/?p=6919"},"modified":"2022-11-04T13:37:07","modified_gmt":"2022-11-04T13:37:07","slug":"sonko-ne-veut-pas-dune-confrontation-avec-adji-sarr","status":"publish","type":"post","link":"https:\/\/www.public.sn\/index.php\/2022\/11\/04\/sonko-ne-veut-pas-dune-confrontation-avec-adji-sarr\/","title":{"rendered":"Sonko ne veut pas d\u2019une confrontation avec Adji Sarr."},"content":{"rendered":"\n<p><\/p>\n\n\n\n<p>\u00ab Nous pourrons toujours les convoquer au cours d\u2019une audience, indique Joseph Etienne Dione. Mais au vu de la l\u00e9g\u00e8ret\u00e9 du dossier, je doute que nous allions jusqu\u2019\u00e0 un proc\u00e8s \u00bb. une position de l\u2019un des avocats du leader du Pastef , Me Joseph Etienne Dione. <\/p><div class=\"publi-paragraphe1\" style=\"margin-top: 10px;margin-bottom: 10px;margin-left: auto;margin-right: auto;text-align: center;\" id=\"publi-3494318047\"><div class=\"publi-adlabel\">Publicit\u00e9<\/div><script async src=\"\/\/pagead2.googlesyndication.com\/pagead\/js\/adsbygoogle.js?client=ca-pub-4089586018074219\" crossorigin=\"anonymous\"><\/script><ins class=\"adsbygoogle\" style=\"display:block;\" data-ad-client=\"ca-pub-4089586018074219\" \ndata-ad-slot=\"2087940154\" \ndata-ad-format=\"auto\"><\/ins>\n<script> \n(adsbygoogle = window.adsbygoogle || []).push({}); \n<\/script>\n<\/div>\n\n\n\n<p><\/p>\n\n\n\n<p>Une mani\u00e8re pour les avocats de dire qu\u2019une confrontation entre Ousmane Sonko et Adji Sarr n\u2019est pas utile. Et pourtant Me El Hadj Diouf, avocat de la partie civile avait souhait\u00e9 une confrontation entre sa cliente et son suppos\u00e9 bourreau. <\/p>\n\n\n\n<p><\/p>\n\n\n\n<p>Les avocats de Ousmane Sonko exigent plut\u00f4t l\u2019audition de plusieurs t\u00e9moins dont l\u2019ancien &nbsp;capitaine Seydina Oumar Tour\u00e9, qui avait recueilli la plainte de la plaignante le 2 f\u00e9vrier 2021 et qui avait \u00e9t\u00e9 radi\u00e9 de la gendarmerie quelques mois plus tard, et le responsable politique de la majorit\u00e9, Mamour Diallo, accus\u00e9 d\u2019avoir particip\u00e9 \u00e0 la mise en place du complot contre Ousmane Sonko.<\/p>\n\n\n\n<p>Samba SY.<\/p>\n<div class=\"publi-apres-le-contenu\" style=\"margin-top: 10px;margin-bottom: 10px;margin-left: auto;margin-right: auto;text-align: center;\" id=\"publi-342547845\"><div class=\"publi-adlabel\">Publicit\u00e9<\/div><script async src=\"\/\/pagead2.googlesyndication.com\/pagead\/js\/adsbygoogle.js?client=ca-pub-4089586018074219\" crossorigin=\"anonymous\"><\/script><ins class=\"adsbygoogle\" style=\"display:block;\" data-ad-client=\"ca-pub-4089586018074219\" \ndata-ad-slot=\"2087940154\" \ndata-ad-format=\"auto\"><\/ins>\n<script> \n(adsbygoogle = window.adsbygoogle || []).push({}); \n<\/script>\n<\/div>","protected":false},"excerpt":{"rendered":"<p>\u00ab Nous pourrons toujours les convoquer au cours d\u2019une audience, indique Joseph Etienne Dione. Mais au vu de la l\u00e9g\u00e8ret\u00e9 du dossier, je doute que nous allions jusqu\u2019\u00e0 un proc\u00e8s \u00bb. une position de l\u2019un des avocats du leader du Pastef , Me Joseph Etienne Dione. Une mani\u00e8re pour les avocats de dire qu\u2019une confrontation entre Ousmane Sonko et Adji Sarr n\u2019est pas utile. Et pourtant Me El Hadj Diouf, avocat de la partie civile avait souhait\u00e9 une confrontation entre sa cliente et son suppos\u00e9 bourreau. Les avocats de Ousmane Sonko exigent plut\u00f4t l\u2019audition de plusieurs t\u00e9moins dont l\u2019ancien &nbsp;capitaine Seydina Oumar Tour\u00e9, qui avait recueilli la plainte de la plaignante le 2 f\u00e9vrier 2021 et qui avait \u00e9t\u00e9 radi\u00e9 de la gendarmerie quelques mois plus tard, et le responsable politique de la majorit\u00e9, Mamour Diallo, accus\u00e9 d\u2019avoir particip\u00e9 \u00e0 la mise en place du complot contre Ousmane Sonko. Samba SY.<\/p>\n","protected":false},"author":7,"featured_media":6950,"comment_status":"open","ping_status":"open","sticky":false,"template":"","format":"standard","meta":{"_jetpack_memberships_contains_paid_content":false,"footnotes":""},"categories":[375,3,1],"tags":[99,1217,306],"class_list":["post-6919","post","type-post","status-publish","format-standard","has-post-thumbnail","hentry","category-actualites","category-politique","category-non-classe","tag-adji-sarr","tag-audition","tag-sonko","entry","has-media","owp-thumbs-layout-horizontal","owp-btn-normal","owp-tabs-layout-horizontal","has-no-thumbnails","has-product-nav"],"yoast_head":"<!-- This site is optimized with the Yoast SEO plugin v25.5 - https:\/\/yoast.com\/wordpress\/plugins\/seo\/ -->\n<title>Sonko ne veut pas d\u2019une confrontation avec Adji Sarr. - LE PUBLIC<\/title>\n<meta name=\"robots\" content=\"index, follow, max-snippet:-1, max-image-preview:large, max-video-preview:-1\" \/>\n<link rel=\"canonical\" href=\"https:\/\/www.public.sn\/index.php\/2022\/11\/04\/sonko-ne-veut-pas-dune-confrontation-avec-adji-sarr\/\" \/>\n<meta property=\"og:locale\" content=\"fr_FR\" \/>\n<meta property=\"og:type\" content=\"article\" \/>\n<meta property=\"og:title\" content=\"Sonko ne veut pas d\u2019une confrontation avec Adji Sarr. - LE PUBLIC\" \/>\n<meta property=\"og:description\" content=\"\u00ab Nous pourrons toujours les convoquer au cours d\u2019une audience, indique Joseph Etienne Dione. Mais au vu de la l\u00e9g\u00e8ret\u00e9 du dossier, je doute que nous allions jusqu\u2019\u00e0 un proc\u00e8s \u00bb. une position de l\u2019un des avocats du leader du Pastef , Me Joseph Etienne Dione. Une mani\u00e8re pour les avocats de dire qu\u2019une confrontation entre Ousmane Sonko et Adji Sarr n\u2019est pas utile. Et pourtant Me El Hadj Diouf, avocat de la partie civile avait souhait\u00e9 une confrontation entre sa cliente et son suppos\u00e9 bourreau. Les avocats de Ousmane Sonko exigent plut\u00f4t l\u2019audition de plusieurs t\u00e9moins dont l\u2019ancien &nbsp;capitaine Seydina Oumar Tour\u00e9, qui avait recueilli la plainte de la plaignante le 2 f\u00e9vrier 2021 et qui avait \u00e9t\u00e9 radi\u00e9 de la gendarmerie quelques mois plus tard, et le responsable politique de la majorit\u00e9, Mamour Diallo, accus\u00e9 d\u2019avoir particip\u00e9 \u00e0 la mise en place du complot contre Ousmane Sonko. Samba SY.\" \/>\n<meta property=\"og:url\" content=\"https:\/\/www.public.sn\/index.php\/2022\/11\/04\/sonko-ne-veut-pas-dune-confrontation-avec-adji-sarr\/\" \/>\n<meta property=\"og:site_name\" content=\"LE PUBLIC\" \/>\n<meta property=\"article:published_time\" content=\"2022-11-04T12:49:25+00:00\" \/>\n<meta property=\"article:modified_time\" content=\"2022-11-04T13:37:07+00:00\" \/>\n<meta property=\"og:image\" content=\"https:\/\/www.public.sn\/wp-content\/uploads\/2022\/11\/sonko-3.png\" \/>\n\t<meta property=\"og:image:width\" content=\"1325\" \/>\n\t<meta property=\"og:image:height\" content=\"741\" \/>\n\t<meta property=\"og:image:type\" content=\"image\/png\" \/>\n<meta name=\"author\" content=\"LA REDACTION\" \/>\n<meta name=\"twitter:card\" content=\"summary_large_image\" \/>\n<meta name=\"twitter:label1\" content=\"\u00c9crit par\" \/>\n\t<meta name=\"twitter:data1\" content=\"LA REDACTION\" \/>\n\t<meta name=\"twitter:label2\" content=\"Dur\u00e9e de lecture estim\u00e9e\" \/>\n\t<meta name=\"twitter:data2\" content=\"1 minute\" \/>\n<script type=\"application\/ld+json\" class=\"yoast-schema-graph\">{\"@context\":\"https:\/\/schema.org\",\"@graph\":[{\"@type\":\"Article\",\"@id\":\"https:\/\/www.public.sn\/index.php\/2022\/11\/04\/sonko-ne-veut-pas-dune-confrontation-avec-adji-sarr\/#article\",\"isPartOf\":{\"@id\":\"https:\/\/www.public.sn\/index.php\/2022\/11\/04\/sonko-ne-veut-pas-dune-confrontation-avec-adji-sarr\/\"},\"author\":{\"name\":\"LA REDACTION\",\"@id\":\"https:\/\/www.public.sn\/#\/schema\/person\/cb76c8e1b8becc6be61fb5e92d6d0224\"},\"headline\":\"Sonko ne veut pas d\u2019une confrontation avec Adji Sarr.\",\"datePublished\":\"2022-11-04T12:49:25+00:00\",\"dateModified\":\"2022-11-04T13:37:07+00:00\",\"mainEntityOfPage\":{\"@id\":\"https:\/\/www.public.sn\/index.php\/2022\/11\/04\/sonko-ne-veut-pas-dune-confrontation-avec-adji-sarr\/\"},\"wordCount\":170,\"commentCount\":0,\"publisher\":{\"@id\":\"https:\/\/www.public.sn\/#organization\"},\"image\":{\"@id\":\"https:\/\/www.public.sn\/index.php\/2022\/11\/04\/sonko-ne-veut-pas-dune-confrontation-avec-adji-sarr\/#primaryimage\"},\"thumbnailUrl\":\"https:\/\/www.public.sn\/wp-content\/uploads\/2022\/11\/sonko-3.png\",\"keywords\":[\"Adji Sarr\",\"Audition\",\"sonko\"],\"articleSection\":[\"ACTUALIT\u00c9S\",\"POLITIQUE\",\"S\u00c9N\u00c9GAL\"],\"inLanguage\":\"fr-FR\",\"potentialAction\":[{\"@type\":\"CommentAction\",\"name\":\"Comment\",\"target\":[\"https:\/\/www.public.sn\/index.php\/2022\/11\/04\/sonko-ne-veut-pas-dune-confrontation-avec-adji-sarr\/#respond\"]}]},{\"@type\":\"WebPage\",\"@id\":\"https:\/\/www.public.sn\/index.php\/2022\/11\/04\/sonko-ne-veut-pas-dune-confrontation-avec-adji-sarr\/\",\"url\":\"https:\/\/www.public.sn\/index.php\/2022\/11\/04\/sonko-ne-veut-pas-dune-confrontation-avec-adji-sarr\/\",\"name\":\"Sonko ne veut pas d\u2019une confrontation avec Adji Sarr. - LE PUBLIC\",\"isPartOf\":{\"@id\":\"https:\/\/www.public.sn\/#website\"},\"primaryImageOfPage\":{\"@id\":\"https:\/\/www.public.sn\/index.php\/2022\/11\/04\/sonko-ne-veut-pas-dune-confrontation-avec-adji-sarr\/#primaryimage\"},\"image\":{\"@id\":\"https:\/\/www.public.sn\/index.php\/2022\/11\/04\/sonko-ne-veut-pas-dune-confrontation-avec-adji-sarr\/#primaryimage\"},\"thumbnailUrl\":\"https:\/\/www.public.sn\/wp-content\/uploads\/2022\/11\/sonko-3.png\",\"datePublished\":\"2022-11-04T12:49:25+00:00\",\"dateModified\":\"2022-11-04T13:37:07+00:00\",\"breadcrumb\":{\"@id\":\"https:\/\/www.public.sn\/index.php\/2022\/11\/04\/sonko-ne-veut-pas-dune-confrontation-avec-adji-sarr\/#breadcrumb\"},\"inLanguage\":\"fr-FR\",\"potentialAction\":[{\"@type\":\"ReadAction\",\"target\":[\"https:\/\/www.public.sn\/index.php\/2022\/11\/04\/sonko-ne-veut-pas-dune-confrontation-avec-adji-sarr\/\"]}]},{\"@type\":\"ImageObject\",\"inLanguage\":\"fr-FR\",\"@id\":\"https:\/\/www.public.sn\/index.php\/2022\/11\/04\/sonko-ne-veut-pas-dune-confrontation-avec-adji-sarr\/#primaryimage\",\"url\":\"https:\/\/www.public.sn\/wp-content\/uploads\/2022\/11\/sonko-3.png\",\"contentUrl\":\"https:\/\/www.public.sn\/wp-content\/uploads\/2022\/11\/sonko-3.png\",\"width\":1325,\"height\":741,\"caption\":\"publicsn\"},{\"@type\":\"BreadcrumbList\",\"@id\":\"https:\/\/www.public.sn\/index.php\/2022\/11\/04\/sonko-ne-veut-pas-dune-confrontation-avec-adji-sarr\/#breadcrumb\",\"itemListElement\":[{\"@type\":\"ListItem\",\"position\":1,\"name\":\"Accueil\",\"item\":\"https:\/\/www.public.sn\/\"},{\"@type\":\"ListItem\",\"position\":2,\"name\":\"Sonko ne veut pas d\u2019une confrontation avec Adji Sarr.\"}]},{\"@type\":\"WebSite\",\"@id\":\"https:\/\/www.public.sn\/#website\",\"url\":\"https:\/\/www.public.sn\/\",\"name\":\"LE PUBLIC\",\"description\":\"\",\"publisher\":{\"@id\":\"https:\/\/www.public.sn\/#organization\"},\"potentialAction\":[{\"@type\":\"SearchAction\",\"target\":{\"@type\":\"EntryPoint\",\"urlTemplate\":\"https:\/\/www.public.sn\/?s={search_term_string}\"},\"query-input\":{\"@type\":\"PropertyValueSpecification\",\"valueRequired\":true,\"valueName\":\"search_term_string\"}}],\"inLanguage\":\"fr-FR\"},{\"@type\":\"Organization\",\"@id\":\"https:\/\/www.public.sn\/#organization\",\"name\":\"LE PUBLIC\",\"url\":\"https:\/\/www.public.sn\/\",\"logo\":{\"@type\":\"ImageObject\",\"inLanguage\":\"fr-FR\",\"@id\":\"https:\/\/www.public.sn\/#\/schema\/logo\/image\/\",\"url\":\"https:\/\/www.public.sn\/wp-content\/uploads\/2024\/05\/cropped-LOGO-PUBLIC.SN_.png\",\"contentUrl\":\"https:\/\/www.public.sn\/wp-content\/uploads\/2024\/05\/cropped-LOGO-PUBLIC.SN_.png\",\"width\":682,\"height\":192,\"caption\":\"LE PUBLIC\"},\"image\":{\"@id\":\"https:\/\/www.public.sn\/#\/schema\/logo\/image\/\"}},{\"@type\":\"Person\",\"@id\":\"https:\/\/www.public.sn\/#\/schema\/person\/cb76c8e1b8becc6be61fb5e92d6d0224\",\"name\":\"LA REDACTION\",\"image\":{\"@type\":\"ImageObject\",\"inLanguage\":\"fr-FR\",\"@id\":\"https:\/\/www.public.sn\/#\/schema\/person\/image\/\",\"url\":\"https:\/\/secure.gravatar.com\/avatar\/2dce5ddd34b8fef0180efe03aa2a9bee7d953856048f9a16b298190a3178407c?s=96&d=mm&r=g\",\"contentUrl\":\"https:\/\/secure.gravatar.com\/avatar\/2dce5ddd34b8fef0180efe03aa2a9bee7d953856048f9a16b298190a3178407c?s=96&d=mm&r=g\",\"caption\":\"LA REDACTION\"},\"url\":\"https:\/\/www.public.sn\/index.php\/author\/editeurpsn\/\"}]}<\/script>\n<!-- \/ Yoast SEO plugin. -->","yoast_head_json":{"title":"Sonko ne veut pas d\u2019une confrontation avec Adji Sarr. - LE PUBLIC","robots":{"index":"index","follow":"follow","max-snippet":"max-snippet:-1","max-image-preview":"max-image-preview:large","max-video-preview":"max-video-preview:-1"},"canonical":"https:\/\/www.public.sn\/index.php\/2022\/11\/04\/sonko-ne-veut-pas-dune-confrontation-avec-adji-sarr\/","og_locale":"fr_FR","og_type":"article","og_title":"Sonko ne veut pas d\u2019une confrontation avec Adji Sarr. - LE PUBLIC","og_description":"\u00ab Nous pourrons toujours les convoquer au cours d\u2019une audience, indique Joseph Etienne Dione. Mais au vu de la l\u00e9g\u00e8ret\u00e9 du dossier, je doute que nous allions jusqu\u2019\u00e0 un proc\u00e8s \u00bb. une position de l\u2019un des avocats du leader du Pastef , Me Joseph Etienne Dione. Une mani\u00e8re pour les avocats de dire qu\u2019une confrontation entre Ousmane Sonko et Adji Sarr n\u2019est pas utile. Et pourtant Me El Hadj Diouf, avocat de la partie civile avait souhait\u00e9 une confrontation entre sa cliente et son suppos\u00e9 bourreau. Les avocats de Ousmane Sonko exigent plut\u00f4t l\u2019audition de plusieurs t\u00e9moins dont l\u2019ancien &nbsp;capitaine Seydina Oumar Tour\u00e9, qui avait recueilli la plainte de la plaignante le 2 f\u00e9vrier 2021 et qui avait \u00e9t\u00e9 radi\u00e9 de la gendarmerie quelques mois plus tard, et le responsable politique de la majorit\u00e9, Mamour Diallo, accus\u00e9 d\u2019avoir particip\u00e9 \u00e0 la mise en place du complot contre Ousmane Sonko. Samba SY.","og_url":"https:\/\/www.public.sn\/index.php\/2022\/11\/04\/sonko-ne-veut-pas-dune-confrontation-avec-adji-sarr\/","og_site_name":"LE PUBLIC","article_published_time":"2022-11-04T12:49:25+00:00","article_modified_time":"2022-11-04T13:37:07+00:00","og_image":[{"width":1325,"height":741,"url":"https:\/\/www.public.sn\/wp-content\/uploads\/2022\/11\/sonko-3.png","type":"image\/png"}],"author":"LA REDACTION","twitter_card":"summary_large_image","twitter_misc":{"\u00c9crit par":"LA REDACTION","Dur\u00e9e de lecture estim\u00e9e":"1 minute"},"schema":{"@context":"https:\/\/schema.org","@graph":[{"@type":"Article","@id":"https:\/\/www.public.sn\/index.php\/2022\/11\/04\/sonko-ne-veut-pas-dune-confrontation-avec-adji-sarr\/#article","isPartOf":{"@id":"https:\/\/www.public.sn\/index.php\/2022\/11\/04\/sonko-ne-veut-pas-dune-confrontation-avec-adji-sarr\/"},"author":{"name":"LA REDACTION","@id":"https:\/\/www.public.sn\/#\/schema\/person\/cb76c8e1b8becc6be61fb5e92d6d0224"},"headline":"Sonko ne veut pas d\u2019une confrontation avec Adji Sarr.","datePublished":"2022-11-04T12:49:25+00:00","dateModified":"2022-11-04T13:37:07+00:00","mainEntityOfPage":{"@id":"https:\/\/www.public.sn\/index.php\/2022\/11\/04\/sonko-ne-veut-pas-dune-confrontation-avec-adji-sarr\/"},"wordCount":170,"commentCount":0,"publisher":{"@id":"https:\/\/www.public.sn\/#organization"},"image":{"@id":"https:\/\/www.public.sn\/index.php\/2022\/11\/04\/sonko-ne-veut-pas-dune-confrontation-avec-adji-sarr\/#primaryimage"},"thumbnailUrl":"https:\/\/www.public.sn\/wp-content\/uploads\/2022\/11\/sonko-3.png","keywords":["Adji Sarr","Audition","sonko"],"articleSection":["ACTUALIT\u00c9S","POLITIQUE","S\u00c9N\u00c9GAL"],"inLanguage":"fr-FR","potentialAction":[{"@type":"CommentAction","name":"Comment","target":["https:\/\/www.public.sn\/index.php\/2022\/11\/04\/sonko-ne-veut-pas-dune-confrontation-avec-adji-sarr\/#respond"]}]},{"@type":"WebPage","@id":"https:\/\/www.public.sn\/index.php\/2022\/11\/04\/sonko-ne-veut-pas-dune-confrontation-avec-adji-sarr\/","url":"https:\/\/www.public.sn\/index.php\/2022\/11\/04\/sonko-ne-veut-pas-dune-confrontation-avec-adji-sarr\/","name":"Sonko ne veut pas d\u2019une confrontation avec Adji Sarr. - LE PUBLIC","isPartOf":{"@id":"https:\/\/www.public.sn\/#website"},"primaryImageOfPage":{"@id":"https:\/\/www.public.sn\/index.php\/2022\/11\/04\/sonko-ne-veut-pas-dune-confrontation-avec-adji-sarr\/#primaryimage"},"image":{"@id":"https:\/\/www.public.sn\/index.php\/2022\/11\/04\/sonko-ne-veut-pas-dune-confrontation-avec-adji-sarr\/#primaryimage"},"thumbnailUrl":"https:\/\/www.public.sn\/wp-content\/uploads\/2022\/11\/sonko-3.png","datePublished":"2022-11-04T12:49:25+00:00","dateModified":"2022-11-04T13:37:07+00:00","breadcrumb":{"@id":"https:\/\/www.public.sn\/index.php\/2022\/11\/04\/sonko-ne-veut-pas-dune-confrontation-avec-adji-sarr\/#breadcrumb"},"inLanguage":"fr-FR","potentialAction":[{"@type":"ReadAction","target":["https:\/\/www.public.sn\/index.php\/2022\/11\/04\/sonko-ne-veut-pas-dune-confrontation-avec-adji-sarr\/"]}]},{"@type":"ImageObject","inLanguage":"fr-FR","@id":"https:\/\/www.public.sn\/index.php\/2022\/11\/04\/sonko-ne-veut-pas-dune-confrontation-avec-adji-sarr\/#primaryimage","url":"https:\/\/www.public.sn\/wp-content\/uploads\/2022\/11\/sonko-3.png","contentUrl":"https:\/\/www.public.sn\/wp-content\/uploads\/2022\/11\/sonko-3.png","width":1325,"height":741,"caption":"publicsn"},{"@type":"BreadcrumbList","@id":"https:\/\/www.public.sn\/index.php\/2022\/11\/04\/sonko-ne-veut-pas-dune-confrontation-avec-adji-sarr\/#breadcrumb","itemListElement":[{"@type":"ListItem","position":1,"name":"Accueil","item":"https:\/\/www.public.sn\/"},{"@type":"ListItem","position":2,"name":"Sonko ne veut pas d\u2019une confrontation avec Adji Sarr."}]},{"@type":"WebSite","@id":"https:\/\/www.public.sn\/#website","url":"https:\/\/www.public.sn\/","name":"LE PUBLIC","description":"","publisher":{"@id":"https:\/\/www.public.sn\/#organization"},"potentialAction":[{"@type":"SearchAction","target":{"@type":"EntryPoint","urlTemplate":"https:\/\/www.public.sn\/?s={search_term_string}"},"query-input":{"@type":"PropertyValueSpecification","valueRequired":true,"valueName":"search_term_string"}}],"inLanguage":"fr-FR"},{"@type":"Organization","@id":"https:\/\/www.public.sn\/#organization","name":"LE PUBLIC","url":"https:\/\/www.public.sn\/","logo":{"@type":"ImageObject","inLanguage":"fr-FR","@id":"https:\/\/www.public.sn\/#\/schema\/logo\/image\/","url":"https:\/\/www.public.sn\/wp-content\/uploads\/2024\/05\/cropped-LOGO-PUBLIC.SN_.png","contentUrl":"https:\/\/www.public.sn\/wp-content\/uploads\/2024\/05\/cropped-LOGO-PUBLIC.SN_.png","width":682,"height":192,"caption":"LE PUBLIC"},"image":{"@id":"https:\/\/www.public.sn\/#\/schema\/logo\/image\/"}},{"@type":"Person","@id":"https:\/\/www.public.sn\/#\/schema\/person\/cb76c8e1b8becc6be61fb5e92d6d0224","name":"LA REDACTION","image":{"@type":"ImageObject","inLanguage":"fr-FR","@id":"https:\/\/www.public.sn\/#\/schema\/person\/image\/","url":"https:\/\/secure.gravatar.com\/avatar\/2dce5ddd34b8fef0180efe03aa2a9bee7d953856048f9a16b298190a3178407c?s=96&d=mm&r=g","contentUrl":"https:\/\/secure.gravatar.com\/avatar\/2dce5ddd34b8fef0180efe03aa2a9bee7d953856048f9a16b298190a3178407c?s=96&d=mm&r=g","caption":"LA REDACTION"},"url":"https:\/\/www.public.sn\/index.php\/author\/editeurpsn\/"}]}},"jetpack_featured_media_url":"https:\/\/www.public.sn\/wp-content\/uploads\/2022\/11\/sonko-3.png","jetpack_sharing_enabled":true,"_links":{"self":[{"href":"https:\/\/www.public.sn\/index.php\/wp-json\/wp\/v2\/posts\/6919","targetHints":{"allow":["GET"]}}],"collection":[{"href":"https:\/\/www.public.sn\/index.php\/wp-json\/wp\/v2\/posts"}],"about":[{"href":"https:\/\/www.public.sn\/index.php\/wp-json\/wp\/v2\/types\/post"}],"author":[{"embeddable":true,"href":"https:\/\/www.public.sn\/index.php\/wp-json\/wp\/v2\/users\/7"}],"replies":[{"embeddable":true,"href":"https:\/\/www.public.sn\/index.php\/wp-json\/wp\/v2\/comments?post=6919"}],"version-history":[{"count":2,"href":"https:\/\/www.public.sn\/index.php\/wp-json\/wp\/v2\/posts\/6919\/revisions"}],"predecessor-version":[{"id":6951,"href":"https:\/\/www.public.sn\/index.php\/wp-json\/wp\/v2\/posts\/6919\/revisions\/6951"}],"wp:featuredmedia":[{"embeddable":true,"href":"https:\/\/www.public.sn\/index.php\/wp-json\/wp\/v2\/media\/6950"}],"wp:attachment":[{"href":"https:\/\/www.public.sn\/index.php\/wp-json\/wp\/v2\/media?parent=6919"}],"wp:term":[{"taxonomy":"category","embeddable":true,"href":"https:\/\/www.public.sn\/index.php\/wp-json\/wp\/v2\/categories?post=6919"},{"taxonomy":"post_tag","embeddable":true,"href":"https:\/\/www.public.sn\/index.php\/wp-json\/wp\/v2\/tags?post=6919"}],"curies":[{"name":"wp","href":"https:\/\/api.w.org\/{rel}","templated":true}]}}