{"id":6952,"date":"2022-11-04T14:07:38","date_gmt":"2022-11-04T14:07:38","guid":{"rendered":"https:\/\/www.public.sn\/?p=6952"},"modified":"2022-11-04T14:07:39","modified_gmt":"2022-11-04T14:07:39","slug":"port-de-tenues-militaires-le-communique-du-ministre-de-linterieur","status":"publish","type":"post","link":"https:\/\/www.public.sn\/index.php\/2022\/11\/04\/port-de-tenues-militaires-le-communique-du-ministre-de-linterieur\/","title":{"rendered":"Port de tenues militaires: Le communiqu\u00e9 du Ministre de l&rsquo;Int\u00e9rieur."},"content":{"rendered":"\n<p><\/p>\n\n\n\n<p>Constatant que de plus en plus des personnes portent des cagoules et des tenues militaires, le minist\u00e8re de l&rsquo;int\u00e9rieur alerte et rappelle \u00e0 ces personnes que cela est du ressort exclusif des forces de d\u00e9fense et de s\u00e9curit\u00e9. Tout contrevenant \u00e0 ces dispositions, va devoir r\u00e9pondre devant les juridictions nationales.<\/p><div class=\"publi-paragraphe1\" style=\"margin-top: 10px;margin-bottom: 10px;margin-left: auto;margin-right: auto;text-align: center;\" id=\"publi-1436437384\"><div class=\"publi-adlabel\">Publicit\u00e9<\/div><script async src=\"\/\/pagead2.googlesyndication.com\/pagead\/js\/adsbygoogle.js?client=ca-pub-4089586018074219\" crossorigin=\"anonymous\"><\/script><ins class=\"adsbygoogle\" style=\"display:block;\" data-ad-client=\"ca-pub-4089586018074219\" \ndata-ad-slot=\"2087940154\" \ndata-ad-format=\"auto\"><\/ins>\n<script> \n(adsbygoogle = window.adsbygoogle || []).push({}); \n<\/script>\n<\/div>\n\n\n\n<p><\/p>\n\n\n\n<p>Voici le communiqu\u00e9 du Minist\u00e8re de l&rsquo;int\u00e9rieur :<\/p>\n\n\n\n<figure class=\"wp-block-image size-full\"><img fetchpriority=\"high\" decoding=\"async\" width=\"510\" height=\"720\" src=\"https:\/\/www.public.sn\/wp-content\/uploads\/2022\/11\/comm-ministere-de-linterieur.jpg\" alt=\"\" class=\"wp-image-6957\" srcset=\"https:\/\/www.public.sn\/wp-content\/uploads\/2022\/11\/comm-ministere-de-linterieur.jpg 510w, https:\/\/www.public.sn\/wp-content\/uploads\/2022\/11\/comm-ministere-de-linterieur-213x300.jpg 213w\" sizes=\"(max-width: 510px) 100vw, 510px\" \/><\/figure>\n<div class=\"publi-apres-le-contenu\" style=\"margin-top: 10px;margin-bottom: 10px;margin-left: auto;margin-right: auto;text-align: center;\" id=\"publi-91540667\"><div class=\"publi-adlabel\">Publicit\u00e9<\/div><script async src=\"\/\/pagead2.googlesyndication.com\/pagead\/js\/adsbygoogle.js?client=ca-pub-4089586018074219\" crossorigin=\"anonymous\"><\/script><ins class=\"adsbygoogle\" style=\"display:block;\" data-ad-client=\"ca-pub-4089586018074219\" \ndata-ad-slot=\"2087940154\" \ndata-ad-format=\"auto\"><\/ins>\n<script> \n(adsbygoogle = window.adsbygoogle || []).push({}); \n<\/script>\n<\/div>","protected":false},"excerpt":{"rendered":"<p>Constatant que de plus en plus des personnes portent des cagoules et des tenues militaires, le minist\u00e8re de l&rsquo;int\u00e9rieur alerte et rappelle \u00e0 ces personnes que cela est du ressort exclusif des forces de d\u00e9fense et de s\u00e9curit\u00e9. Tout contrevenant \u00e0 ces dispositions, va devoir r\u00e9pondre devant les juridictions nationales. Voici le communiqu\u00e9 du Minist\u00e8re de l&rsquo;int\u00e9rieur :<\/p>\n","protected":false},"author":7,"featured_media":6958,"comment_status":"open","ping_status":"open","sticky":false,"template":"","format":"standard","meta":{"_jetpack_memberships_contains_paid_content":false,"footnotes":""},"categories":[375,1,4],"tags":[1062,2432,2433],"class_list":["post-6952","post","type-post","status-publish","format-standard","has-post-thumbnail","hentry","category-actualites","category-non-classe","category-societe","tag-communique","tag-minstere-de-linterieur","tag-port-de-tenues-militaire","entry","has-media","owp-thumbs-layout-horizontal","owp-btn-normal","owp-tabs-layout-horizontal","has-no-thumbnails","has-product-nav"],"yoast_head":"<!-- This site is optimized with the Yoast SEO plugin v25.5 - https:\/\/yoast.com\/wordpress\/plugins\/seo\/ -->\n<title>Port de tenues militaires: Le communiqu\u00e9 du Ministre de l&#039;Int\u00e9rieur. - LE PUBLIC<\/title>\n<meta name=\"robots\" content=\"index, follow, max-snippet:-1, max-image-preview:large, max-video-preview:-1\" \/>\n<link rel=\"canonical\" href=\"https:\/\/www.public.sn\/index.php\/2022\/11\/04\/port-de-tenues-militaires-le-communique-du-ministre-de-linterieur\/\" \/>\n<meta property=\"og:locale\" content=\"fr_FR\" \/>\n<meta property=\"og:type\" content=\"article\" \/>\n<meta property=\"og:title\" content=\"Port de tenues militaires: Le communiqu\u00e9 du Ministre de l&#039;Int\u00e9rieur. - LE PUBLIC\" \/>\n<meta property=\"og:description\" content=\"Constatant que de plus en plus des personnes portent des cagoules et des tenues militaires, le minist\u00e8re de l&rsquo;int\u00e9rieur alerte et rappelle \u00e0 ces personnes que cela est du ressort exclusif des forces de d\u00e9fense et de s\u00e9curit\u00e9. Tout contrevenant \u00e0 ces dispositions, va devoir r\u00e9pondre devant les juridictions nationales. Voici le communiqu\u00e9 du Minist\u00e8re de l&rsquo;int\u00e9rieur :\" \/>\n<meta property=\"og:url\" content=\"https:\/\/www.public.sn\/index.php\/2022\/11\/04\/port-de-tenues-militaires-le-communique-du-ministre-de-linterieur\/\" \/>\n<meta property=\"og:site_name\" content=\"LE PUBLIC\" \/>\n<meta property=\"article:published_time\" content=\"2022-11-04T14:07:38+00:00\" \/>\n<meta property=\"article:modified_time\" content=\"2022-11-04T14:07:39+00:00\" \/>\n<meta property=\"og:image\" content=\"https:\/\/www.public.sn\/wp-content\/uploads\/2022\/11\/milice-privee-encagoule.jpg\" \/>\n\t<meta property=\"og:image:width\" content=\"605\" \/>\n\t<meta property=\"og:image:height\" content=\"402\" \/>\n\t<meta property=\"og:image:type\" content=\"image\/jpeg\" \/>\n<meta name=\"author\" content=\"LA REDACTION\" \/>\n<meta name=\"twitter:card\" content=\"summary_large_image\" \/>\n<meta name=\"twitter:label1\" content=\"\u00c9crit par\" \/>\n\t<meta name=\"twitter:data1\" content=\"LA REDACTION\" \/>\n\t<meta name=\"twitter:label2\" content=\"Dur\u00e9e de lecture estim\u00e9e\" \/>\n\t<meta name=\"twitter:data2\" content=\"1 minute\" \/>\n<script type=\"application\/ld+json\" class=\"yoast-schema-graph\">{\"@context\":\"https:\/\/schema.org\",\"@graph\":[{\"@type\":\"Article\",\"@id\":\"https:\/\/www.public.sn\/index.php\/2022\/11\/04\/port-de-tenues-militaires-le-communique-du-ministre-de-linterieur\/#article\",\"isPartOf\":{\"@id\":\"https:\/\/www.public.sn\/index.php\/2022\/11\/04\/port-de-tenues-militaires-le-communique-du-ministre-de-linterieur\/\"},\"author\":{\"name\":\"LA REDACTION\",\"@id\":\"https:\/\/www.public.sn\/#\/schema\/person\/cb76c8e1b8becc6be61fb5e92d6d0224\"},\"headline\":\"Port de tenues militaires: Le communiqu\u00e9 du Ministre de l&rsquo;Int\u00e9rieur.\",\"datePublished\":\"2022-11-04T14:07:38+00:00\",\"dateModified\":\"2022-11-04T14:07:39+00:00\",\"mainEntityOfPage\":{\"@id\":\"https:\/\/www.public.sn\/index.php\/2022\/11\/04\/port-de-tenues-militaires-le-communique-du-ministre-de-linterieur\/\"},\"wordCount\":73,\"commentCount\":0,\"publisher\":{\"@id\":\"https:\/\/www.public.sn\/#organization\"},\"image\":{\"@id\":\"https:\/\/www.public.sn\/index.php\/2022\/11\/04\/port-de-tenues-militaires-le-communique-du-ministre-de-linterieur\/#primaryimage\"},\"thumbnailUrl\":\"https:\/\/www.public.sn\/wp-content\/uploads\/2022\/11\/milice-privee-encagoule.jpg\",\"keywords\":[\"communiqu\u00e9\",\"minstere de l&#039;interieur\",\"port de tenues militaire\"],\"articleSection\":[\"ACTUALIT\u00c9S\",\"S\u00c9N\u00c9GAL\",\"SOCIETE\"],\"inLanguage\":\"fr-FR\",\"potentialAction\":[{\"@type\":\"CommentAction\",\"name\":\"Comment\",\"target\":[\"https:\/\/www.public.sn\/index.php\/2022\/11\/04\/port-de-tenues-militaires-le-communique-du-ministre-de-linterieur\/#respond\"]}]},{\"@type\":\"WebPage\",\"@id\":\"https:\/\/www.public.sn\/index.php\/2022\/11\/04\/port-de-tenues-militaires-le-communique-du-ministre-de-linterieur\/\",\"url\":\"https:\/\/www.public.sn\/index.php\/2022\/11\/04\/port-de-tenues-militaires-le-communique-du-ministre-de-linterieur\/\",\"name\":\"Port de tenues militaires: Le communiqu\u00e9 du Ministre de l'Int\u00e9rieur. - LE PUBLIC\",\"isPartOf\":{\"@id\":\"https:\/\/www.public.sn\/#website\"},\"primaryImageOfPage\":{\"@id\":\"https:\/\/www.public.sn\/index.php\/2022\/11\/04\/port-de-tenues-militaires-le-communique-du-ministre-de-linterieur\/#primaryimage\"},\"image\":{\"@id\":\"https:\/\/www.public.sn\/index.php\/2022\/11\/04\/port-de-tenues-militaires-le-communique-du-ministre-de-linterieur\/#primaryimage\"},\"thumbnailUrl\":\"https:\/\/www.public.sn\/wp-content\/uploads\/2022\/11\/milice-privee-encagoule.jpg\",\"datePublished\":\"2022-11-04T14:07:38+00:00\",\"dateModified\":\"2022-11-04T14:07:39+00:00\",\"breadcrumb\":{\"@id\":\"https:\/\/www.public.sn\/index.php\/2022\/11\/04\/port-de-tenues-militaires-le-communique-du-ministre-de-linterieur\/#breadcrumb\"},\"inLanguage\":\"fr-FR\",\"potentialAction\":[{\"@type\":\"ReadAction\",\"target\":[\"https:\/\/www.public.sn\/index.php\/2022\/11\/04\/port-de-tenues-militaires-le-communique-du-ministre-de-linterieur\/\"]}]},{\"@type\":\"ImageObject\",\"inLanguage\":\"fr-FR\",\"@id\":\"https:\/\/www.public.sn\/index.php\/2022\/11\/04\/port-de-tenues-militaires-le-communique-du-ministre-de-linterieur\/#primaryimage\",\"url\":\"https:\/\/www.public.sn\/wp-content\/uploads\/2022\/11\/milice-privee-encagoule.jpg\",\"contentUrl\":\"https:\/\/www.public.sn\/wp-content\/uploads\/2022\/11\/milice-privee-encagoule.jpg\",\"width\":605,\"height\":402,\"caption\":\"publicsn\"},{\"@type\":\"BreadcrumbList\",\"@id\":\"https:\/\/www.public.sn\/index.php\/2022\/11\/04\/port-de-tenues-militaires-le-communique-du-ministre-de-linterieur\/#breadcrumb\",\"itemListElement\":[{\"@type\":\"ListItem\",\"position\":1,\"name\":\"Accueil\",\"item\":\"https:\/\/www.public.sn\/\"},{\"@type\":\"ListItem\",\"position\":2,\"name\":\"Port de tenues militaires: Le communiqu\u00e9 du Ministre de l&rsquo;Int\u00e9rieur.\"}]},{\"@type\":\"WebSite\",\"@id\":\"https:\/\/www.public.sn\/#website\",\"url\":\"https:\/\/www.public.sn\/\",\"name\":\"LE PUBLIC\",\"description\":\"\",\"publisher\":{\"@id\":\"https:\/\/www.public.sn\/#organization\"},\"potentialAction\":[{\"@type\":\"SearchAction\",\"target\":{\"@type\":\"EntryPoint\",\"urlTemplate\":\"https:\/\/www.public.sn\/?s={search_term_string}\"},\"query-input\":{\"@type\":\"PropertyValueSpecification\",\"valueRequired\":true,\"valueName\":\"search_term_string\"}}],\"inLanguage\":\"fr-FR\"},{\"@type\":\"Organization\",\"@id\":\"https:\/\/www.public.sn\/#organization\",\"name\":\"LE PUBLIC\",\"url\":\"https:\/\/www.public.sn\/\",\"logo\":{\"@type\":\"ImageObject\",\"inLanguage\":\"fr-FR\",\"@id\":\"https:\/\/www.public.sn\/#\/schema\/logo\/image\/\",\"url\":\"https:\/\/www.public.sn\/wp-content\/uploads\/2024\/05\/cropped-LOGO-PUBLIC.SN_.png\",\"contentUrl\":\"https:\/\/www.public.sn\/wp-content\/uploads\/2024\/05\/cropped-LOGO-PUBLIC.SN_.png\",\"width\":682,\"height\":192,\"caption\":\"LE PUBLIC\"},\"image\":{\"@id\":\"https:\/\/www.public.sn\/#\/schema\/logo\/image\/\"}},{\"@type\":\"Person\",\"@id\":\"https:\/\/www.public.sn\/#\/schema\/person\/cb76c8e1b8becc6be61fb5e92d6d0224\",\"name\":\"LA REDACTION\",\"image\":{\"@type\":\"ImageObject\",\"inLanguage\":\"fr-FR\",\"@id\":\"https:\/\/www.public.sn\/#\/schema\/person\/image\/\",\"url\":\"https:\/\/secure.gravatar.com\/avatar\/2dce5ddd34b8fef0180efe03aa2a9bee7d953856048f9a16b298190a3178407c?s=96&d=mm&r=g\",\"contentUrl\":\"https:\/\/secure.gravatar.com\/avatar\/2dce5ddd34b8fef0180efe03aa2a9bee7d953856048f9a16b298190a3178407c?s=96&d=mm&r=g\",\"caption\":\"LA REDACTION\"},\"url\":\"https:\/\/www.public.sn\/index.php\/author\/editeurpsn\/\"}]}<\/script>\n<!-- \/ Yoast SEO plugin. -->","yoast_head_json":{"title":"Port de tenues militaires: Le communiqu\u00e9 du Ministre de l'Int\u00e9rieur. - LE PUBLIC","robots":{"index":"index","follow":"follow","max-snippet":"max-snippet:-1","max-image-preview":"max-image-preview:large","max-video-preview":"max-video-preview:-1"},"canonical":"https:\/\/www.public.sn\/index.php\/2022\/11\/04\/port-de-tenues-militaires-le-communique-du-ministre-de-linterieur\/","og_locale":"fr_FR","og_type":"article","og_title":"Port de tenues militaires: Le communiqu\u00e9 du Ministre de l'Int\u00e9rieur. - LE PUBLIC","og_description":"Constatant que de plus en plus des personnes portent des cagoules et des tenues militaires, le minist\u00e8re de l&rsquo;int\u00e9rieur alerte et rappelle \u00e0 ces personnes que cela est du ressort exclusif des forces de d\u00e9fense et de s\u00e9curit\u00e9. Tout contrevenant \u00e0 ces dispositions, va devoir r\u00e9pondre devant les juridictions nationales. Voici le communiqu\u00e9 du Minist\u00e8re de l&rsquo;int\u00e9rieur :","og_url":"https:\/\/www.public.sn\/index.php\/2022\/11\/04\/port-de-tenues-militaires-le-communique-du-ministre-de-linterieur\/","og_site_name":"LE PUBLIC","article_published_time":"2022-11-04T14:07:38+00:00","article_modified_time":"2022-11-04T14:07:39+00:00","og_image":[{"width":605,"height":402,"url":"https:\/\/www.public.sn\/wp-content\/uploads\/2022\/11\/milice-privee-encagoule.jpg","type":"image\/jpeg"}],"author":"LA REDACTION","twitter_card":"summary_large_image","twitter_misc":{"\u00c9crit par":"LA REDACTION","Dur\u00e9e de lecture estim\u00e9e":"1 minute"},"schema":{"@context":"https:\/\/schema.org","@graph":[{"@type":"Article","@id":"https:\/\/www.public.sn\/index.php\/2022\/11\/04\/port-de-tenues-militaires-le-communique-du-ministre-de-linterieur\/#article","isPartOf":{"@id":"https:\/\/www.public.sn\/index.php\/2022\/11\/04\/port-de-tenues-militaires-le-communique-du-ministre-de-linterieur\/"},"author":{"name":"LA REDACTION","@id":"https:\/\/www.public.sn\/#\/schema\/person\/cb76c8e1b8becc6be61fb5e92d6d0224"},"headline":"Port de tenues militaires: Le communiqu\u00e9 du Ministre de l&rsquo;Int\u00e9rieur.","datePublished":"2022-11-04T14:07:38+00:00","dateModified":"2022-11-04T14:07:39+00:00","mainEntityOfPage":{"@id":"https:\/\/www.public.sn\/index.php\/2022\/11\/04\/port-de-tenues-militaires-le-communique-du-ministre-de-linterieur\/"},"wordCount":73,"commentCount":0,"publisher":{"@id":"https:\/\/www.public.sn\/#organization"},"image":{"@id":"https:\/\/www.public.sn\/index.php\/2022\/11\/04\/port-de-tenues-militaires-le-communique-du-ministre-de-linterieur\/#primaryimage"},"thumbnailUrl":"https:\/\/www.public.sn\/wp-content\/uploads\/2022\/11\/milice-privee-encagoule.jpg","keywords":["communiqu\u00e9","minstere de l&#039;interieur","port de tenues militaire"],"articleSection":["ACTUALIT\u00c9S","S\u00c9N\u00c9GAL","SOCIETE"],"inLanguage":"fr-FR","potentialAction":[{"@type":"CommentAction","name":"Comment","target":["https:\/\/www.public.sn\/index.php\/2022\/11\/04\/port-de-tenues-militaires-le-communique-du-ministre-de-linterieur\/#respond"]}]},{"@type":"WebPage","@id":"https:\/\/www.public.sn\/index.php\/2022\/11\/04\/port-de-tenues-militaires-le-communique-du-ministre-de-linterieur\/","url":"https:\/\/www.public.sn\/index.php\/2022\/11\/04\/port-de-tenues-militaires-le-communique-du-ministre-de-linterieur\/","name":"Port de tenues militaires: Le communiqu\u00e9 du Ministre de l'Int\u00e9rieur. - LE PUBLIC","isPartOf":{"@id":"https:\/\/www.public.sn\/#website"},"primaryImageOfPage":{"@id":"https:\/\/www.public.sn\/index.php\/2022\/11\/04\/port-de-tenues-militaires-le-communique-du-ministre-de-linterieur\/#primaryimage"},"image":{"@id":"https:\/\/www.public.sn\/index.php\/2022\/11\/04\/port-de-tenues-militaires-le-communique-du-ministre-de-linterieur\/#primaryimage"},"thumbnailUrl":"https:\/\/www.public.sn\/wp-content\/uploads\/2022\/11\/milice-privee-encagoule.jpg","datePublished":"2022-11-04T14:07:38+00:00","dateModified":"2022-11-04T14:07:39+00:00","breadcrumb":{"@id":"https:\/\/www.public.sn\/index.php\/2022\/11\/04\/port-de-tenues-militaires-le-communique-du-ministre-de-linterieur\/#breadcrumb"},"inLanguage":"fr-FR","potentialAction":[{"@type":"ReadAction","target":["https:\/\/www.public.sn\/index.php\/2022\/11\/04\/port-de-tenues-militaires-le-communique-du-ministre-de-linterieur\/"]}]},{"@type":"ImageObject","inLanguage":"fr-FR","@id":"https:\/\/www.public.sn\/index.php\/2022\/11\/04\/port-de-tenues-militaires-le-communique-du-ministre-de-linterieur\/#primaryimage","url":"https:\/\/www.public.sn\/wp-content\/uploads\/2022\/11\/milice-privee-encagoule.jpg","contentUrl":"https:\/\/www.public.sn\/wp-content\/uploads\/2022\/11\/milice-privee-encagoule.jpg","width":605,"height":402,"caption":"publicsn"},{"@type":"BreadcrumbList","@id":"https:\/\/www.public.sn\/index.php\/2022\/11\/04\/port-de-tenues-militaires-le-communique-du-ministre-de-linterieur\/#breadcrumb","itemListElement":[{"@type":"ListItem","position":1,"name":"Accueil","item":"https:\/\/www.public.sn\/"},{"@type":"ListItem","position":2,"name":"Port de tenues militaires: Le communiqu\u00e9 du Ministre de l&rsquo;Int\u00e9rieur."}]},{"@type":"WebSite","@id":"https:\/\/www.public.sn\/#website","url":"https:\/\/www.public.sn\/","name":"LE PUBLIC","description":"","publisher":{"@id":"https:\/\/www.public.sn\/#organization"},"potentialAction":[{"@type":"SearchAction","target":{"@type":"EntryPoint","urlTemplate":"https:\/\/www.public.sn\/?s={search_term_string}"},"query-input":{"@type":"PropertyValueSpecification","valueRequired":true,"valueName":"search_term_string"}}],"inLanguage":"fr-FR"},{"@type":"Organization","@id":"https:\/\/www.public.sn\/#organization","name":"LE PUBLIC","url":"https:\/\/www.public.sn\/","logo":{"@type":"ImageObject","inLanguage":"fr-FR","@id":"https:\/\/www.public.sn\/#\/schema\/logo\/image\/","url":"https:\/\/www.public.sn\/wp-content\/uploads\/2024\/05\/cropped-LOGO-PUBLIC.SN_.png","contentUrl":"https:\/\/www.public.sn\/wp-content\/uploads\/2024\/05\/cropped-LOGO-PUBLIC.SN_.png","width":682,"height":192,"caption":"LE PUBLIC"},"image":{"@id":"https:\/\/www.public.sn\/#\/schema\/logo\/image\/"}},{"@type":"Person","@id":"https:\/\/www.public.sn\/#\/schema\/person\/cb76c8e1b8becc6be61fb5e92d6d0224","name":"LA REDACTION","image":{"@type":"ImageObject","inLanguage":"fr-FR","@id":"https:\/\/www.public.sn\/#\/schema\/person\/image\/","url":"https:\/\/secure.gravatar.com\/avatar\/2dce5ddd34b8fef0180efe03aa2a9bee7d953856048f9a16b298190a3178407c?s=96&d=mm&r=g","contentUrl":"https:\/\/secure.gravatar.com\/avatar\/2dce5ddd34b8fef0180efe03aa2a9bee7d953856048f9a16b298190a3178407c?s=96&d=mm&r=g","caption":"LA REDACTION"},"url":"https:\/\/www.public.sn\/index.php\/author\/editeurpsn\/"}]}},"jetpack_featured_media_url":"https:\/\/www.public.sn\/wp-content\/uploads\/2022\/11\/milice-privee-encagoule.jpg","jetpack_sharing_enabled":true,"_links":{"self":[{"href":"https:\/\/www.public.sn\/index.php\/wp-json\/wp\/v2\/posts\/6952","targetHints":{"allow":["GET"]}}],"collection":[{"href":"https:\/\/www.public.sn\/index.php\/wp-json\/wp\/v2\/posts"}],"about":[{"href":"https:\/\/www.public.sn\/index.php\/wp-json\/wp\/v2\/types\/post"}],"author":[{"embeddable":true,"href":"https:\/\/www.public.sn\/index.php\/wp-json\/wp\/v2\/users\/7"}],"replies":[{"embeddable":true,"href":"https:\/\/www.public.sn\/index.php\/wp-json\/wp\/v2\/comments?post=6952"}],"version-history":[{"count":2,"href":"https:\/\/www.public.sn\/index.php\/wp-json\/wp\/v2\/posts\/6952\/revisions"}],"predecessor-version":[{"id":6960,"href":"https:\/\/www.public.sn\/index.php\/wp-json\/wp\/v2\/posts\/6952\/revisions\/6960"}],"wp:featuredmedia":[{"embeddable":true,"href":"https:\/\/www.public.sn\/index.php\/wp-json\/wp\/v2\/media\/6958"}],"wp:attachment":[{"href":"https:\/\/www.public.sn\/index.php\/wp-json\/wp\/v2\/media?parent=6952"}],"wp:term":[{"taxonomy":"category","embeddable":true,"href":"https:\/\/www.public.sn\/index.php\/wp-json\/wp\/v2\/categories?post=6952"},{"taxonomy":"post_tag","embeddable":true,"href":"https:\/\/www.public.sn\/index.php\/wp-json\/wp\/v2\/tags?post=6952"}],"curies":[{"name":"wp","href":"https:\/\/api.w.org\/{rel}","templated":true}]}}