{"id":6961,"date":"2022-11-04T14:21:09","date_gmt":"2022-11-04T14:21:09","guid":{"rendered":"https:\/\/www.public.sn\/?p=6961"},"modified":"2022-11-04T14:23:32","modified_gmt":"2022-11-04T14:23:32","slug":"affaire-sonko-adji-sarr-cpt-toure-entendu-ce-vendredi","status":"publish","type":"post","link":"https:\/\/www.public.sn\/index.php\/2022\/11\/04\/affaire-sonko-adji-sarr-cpt-toure-entendu-ce-vendredi\/","title":{"rendered":"Affaire Sonko\/ Adji Sarr\u00a0: Cpt Tour\u00e9 entendu ce Vendredi."},"content":{"rendered":"\n<p><\/p>\n\n\n\n<p>Apres Ousmane Sonko, le Capitaine Seydina Oumar Tour\u00e9, selon certaines informations &nbsp;devrait \u00eatre entendu ce vendredi, par le juge d\u2019instruction Oumar Maham Diallo. <\/p><div class=\"publi-paragraphe1\" style=\"margin-top: 10px;margin-bottom: 10px;margin-left: auto;margin-right: auto;text-align: center;\" id=\"publi-3611622660\"><div class=\"publi-adlabel\">Publicit\u00e9<\/div><script async src=\"\/\/pagead2.googlesyndication.com\/pagead\/js\/adsbygoogle.js?client=ca-pub-4089586018074219\" crossorigin=\"anonymous\"><\/script><ins class=\"adsbygoogle\" style=\"display:block;\" data-ad-client=\"ca-pub-4089586018074219\" \ndata-ad-slot=\"2087940154\" \ndata-ad-format=\"auto\"><\/ins>\n<script> \n(adsbygoogle = window.adsbygoogle || []).push({}); \n<\/script>\n<\/div>\n\n\n\n<p><\/p>\n\n\n\n<p>Le Capitaine Seydina Oumar Tour\u00e9 avait \u00e9t\u00e9 le premier \u00e0 auditionn\u00e9 l\u2019accusatrice de Ousmane Sonko, Adji Sarr lors de sa plainte pour viol et menaces de mort. Il avait par la suite effectuait une sortie affirmant que tout ceci n\u2019\u00e9tait qu\u2019un complot. Une position qui lui avait valu d\u2019\u00eatre radi\u00e9e de la gendarmerie par le pr\u00e9sident Macky Sall en Juin 2021.<\/p>\n\n\n\n<p><\/p>\n\n\n\n<p><\/p>\n\n\n\n<p>\u00a0Depuis lors, il bien eu des d\u00e9boires. Il a \u00e9t\u00e9 oblig\u00e9 d\u2019arr\u00eater les cours qu\u2019il dispensait \u00a0\u00e0 l\u2019IAM de Guirassy et alors que Barthelemy Dias lui tendait la perche \u00e0 la mairie de Dakar, les autorit\u00e9s ont bloqu\u00e9 son recrutement en affirmant que le poste cr\u00e9e n\u2019h\u00e9sitait pas dans la nomenclature de la ville de Dakar..<\/p>\n\n\n\n<p>Samba SY.<\/p>\n<div class=\"publi-apres-le-contenu\" style=\"margin-top: 10px;margin-bottom: 10px;margin-left: auto;margin-right: auto;text-align: center;\" id=\"publi-721557610\"><div class=\"publi-adlabel\">Publicit\u00e9<\/div><script async src=\"\/\/pagead2.googlesyndication.com\/pagead\/js\/adsbygoogle.js?client=ca-pub-4089586018074219\" crossorigin=\"anonymous\"><\/script><ins class=\"adsbygoogle\" style=\"display:block;\" data-ad-client=\"ca-pub-4089586018074219\" \ndata-ad-slot=\"2087940154\" \ndata-ad-format=\"auto\"><\/ins>\n<script> \n(adsbygoogle = window.adsbygoogle || []).push({}); \n<\/script>\n<\/div>","protected":false},"excerpt":{"rendered":"<p>Apres Ousmane Sonko, le Capitaine Seydina Oumar Tour\u00e9, selon certaines informations &nbsp;devrait \u00eatre entendu ce vendredi, par le juge d\u2019instruction Oumar Maham Diallo. Le Capitaine Seydina Oumar Tour\u00e9 avait \u00e9t\u00e9 le premier \u00e0 auditionn\u00e9 l\u2019accusatrice de Ousmane Sonko, Adji Sarr lors de sa plainte pour viol et menaces de mort. Il avait par la suite effectuait une sortie affirmant que tout ceci n\u2019\u00e9tait qu\u2019un complot. Une position qui lui avait valu d\u2019\u00eatre radi\u00e9e de la gendarmerie par le pr\u00e9sident Macky Sall en Juin 2021. \u00a0Depuis lors, il bien eu des d\u00e9boires. Il a \u00e9t\u00e9 oblig\u00e9 d\u2019arr\u00eater les cours qu\u2019il dispensait \u00a0\u00e0 l\u2019IAM de Guirassy et alors que Barthelemy Dias lui tendait la perche \u00e0 la mairie de Dakar, les autorit\u00e9s ont bloqu\u00e9 son recrutement en affirmant que le poste cr\u00e9e n\u2019h\u00e9sitait pas dans la nomenclature de la ville de Dakar.. Samba SY.<\/p>\n","protected":false},"author":7,"featured_media":6962,"comment_status":"open","ping_status":"open","sticky":false,"template":"","format":"standard","meta":{"_jetpack_memberships_contains_paid_content":false,"footnotes":""},"categories":[375,3,1],"tags":[2435,1217,2434],"class_list":["post-6961","post","type-post","status-publish","format-standard","has-post-thumbnail","hentry","category-actualites","category-politique","category-non-classe","tag-aff-sonko-adji-sarr","tag-audition","tag-cpt-toure","entry","has-media","owp-thumbs-layout-horizontal","owp-btn-normal","owp-tabs-layout-horizontal","has-no-thumbnails","has-product-nav"],"yoast_head":"<!-- This site is optimized with the Yoast SEO plugin v25.5 - https:\/\/yoast.com\/wordpress\/plugins\/seo\/ -->\n<title>Affaire Sonko\/ Adji Sarr\u00a0: Cpt Tour\u00e9 entendu ce Vendredi. - LE PUBLIC<\/title>\n<meta name=\"robots\" content=\"index, follow, max-snippet:-1, max-image-preview:large, max-video-preview:-1\" \/>\n<link rel=\"canonical\" href=\"https:\/\/www.public.sn\/index.php\/2022\/11\/04\/affaire-sonko-adji-sarr-cpt-toure-entendu-ce-vendredi\/\" \/>\n<meta property=\"og:locale\" content=\"fr_FR\" \/>\n<meta property=\"og:type\" content=\"article\" \/>\n<meta property=\"og:title\" content=\"Affaire Sonko\/ Adji Sarr\u00a0: Cpt Tour\u00e9 entendu ce Vendredi. - LE PUBLIC\" \/>\n<meta property=\"og:description\" content=\"Apres Ousmane Sonko, le Capitaine Seydina Oumar Tour\u00e9, selon certaines informations &nbsp;devrait \u00eatre entendu ce vendredi, par le juge d\u2019instruction Oumar Maham Diallo. Le Capitaine Seydina Oumar Tour\u00e9 avait \u00e9t\u00e9 le premier \u00e0 auditionn\u00e9 l\u2019accusatrice de Ousmane Sonko, Adji Sarr lors de sa plainte pour viol et menaces de mort. Il avait par la suite effectuait une sortie affirmant que tout ceci n\u2019\u00e9tait qu\u2019un complot. Une position qui lui avait valu d\u2019\u00eatre radi\u00e9e de la gendarmerie par le pr\u00e9sident Macky Sall en Juin 2021. \u00a0Depuis lors, il bien eu des d\u00e9boires. Il a \u00e9t\u00e9 oblig\u00e9 d\u2019arr\u00eater les cours qu\u2019il dispensait \u00a0\u00e0 l\u2019IAM de Guirassy et alors que Barthelemy Dias lui tendait la perche \u00e0 la mairie de Dakar, les autorit\u00e9s ont bloqu\u00e9 son recrutement en affirmant que le poste cr\u00e9e n\u2019h\u00e9sitait pas dans la nomenclature de la ville de Dakar.. Samba SY.\" \/>\n<meta property=\"og:url\" content=\"https:\/\/www.public.sn\/index.php\/2022\/11\/04\/affaire-sonko-adji-sarr-cpt-toure-entendu-ce-vendredi\/\" \/>\n<meta property=\"og:site_name\" content=\"LE PUBLIC\" \/>\n<meta property=\"article:published_time\" content=\"2022-11-04T14:21:09+00:00\" \/>\n<meta property=\"article:modified_time\" content=\"2022-11-04T14:23:32+00:00\" \/>\n<meta property=\"og:image\" content=\"https:\/\/www.public.sn\/wp-content\/uploads\/2022\/11\/cpt-toure.jpg\" \/>\n\t<meta property=\"og:image:width\" content=\"300\" \/>\n\t<meta property=\"og:image:height\" content=\"168\" \/>\n\t<meta property=\"og:image:type\" content=\"image\/jpeg\" \/>\n<meta name=\"author\" content=\"LA REDACTION\" \/>\n<meta name=\"twitter:card\" content=\"summary_large_image\" \/>\n<meta name=\"twitter:label1\" content=\"\u00c9crit par\" \/>\n\t<meta name=\"twitter:data1\" content=\"LA REDACTION\" \/>\n\t<meta name=\"twitter:label2\" content=\"Dur\u00e9e de lecture estim\u00e9e\" \/>\n\t<meta name=\"twitter:data2\" content=\"1 minute\" \/>\n<script type=\"application\/ld+json\" class=\"yoast-schema-graph\">{\"@context\":\"https:\/\/schema.org\",\"@graph\":[{\"@type\":\"Article\",\"@id\":\"https:\/\/www.public.sn\/index.php\/2022\/11\/04\/affaire-sonko-adji-sarr-cpt-toure-entendu-ce-vendredi\/#article\",\"isPartOf\":{\"@id\":\"https:\/\/www.public.sn\/index.php\/2022\/11\/04\/affaire-sonko-adji-sarr-cpt-toure-entendu-ce-vendredi\/\"},\"author\":{\"name\":\"LA REDACTION\",\"@id\":\"https:\/\/www.public.sn\/#\/schema\/person\/cb76c8e1b8becc6be61fb5e92d6d0224\"},\"headline\":\"Affaire Sonko\/ Adji Sarr\u00a0: Cpt Tour\u00e9 entendu ce Vendredi.\",\"datePublished\":\"2022-11-04T14:21:09+00:00\",\"dateModified\":\"2022-11-04T14:23:32+00:00\",\"mainEntityOfPage\":{\"@id\":\"https:\/\/www.public.sn\/index.php\/2022\/11\/04\/affaire-sonko-adji-sarr-cpt-toure-entendu-ce-vendredi\/\"},\"wordCount\":164,\"commentCount\":0,\"publisher\":{\"@id\":\"https:\/\/www.public.sn\/#organization\"},\"image\":{\"@id\":\"https:\/\/www.public.sn\/index.php\/2022\/11\/04\/affaire-sonko-adji-sarr-cpt-toure-entendu-ce-vendredi\/#primaryimage\"},\"thumbnailUrl\":\"https:\/\/www.public.sn\/wp-content\/uploads\/2022\/11\/cpt-toure.jpg\",\"keywords\":[\"aff sonko adji sarr\",\"Audition\",\"cpt tour\u00e9\"],\"articleSection\":[\"ACTUALIT\u00c9S\",\"POLITIQUE\",\"S\u00c9N\u00c9GAL\"],\"inLanguage\":\"fr-FR\",\"potentialAction\":[{\"@type\":\"CommentAction\",\"name\":\"Comment\",\"target\":[\"https:\/\/www.public.sn\/index.php\/2022\/11\/04\/affaire-sonko-adji-sarr-cpt-toure-entendu-ce-vendredi\/#respond\"]}]},{\"@type\":\"WebPage\",\"@id\":\"https:\/\/www.public.sn\/index.php\/2022\/11\/04\/affaire-sonko-adji-sarr-cpt-toure-entendu-ce-vendredi\/\",\"url\":\"https:\/\/www.public.sn\/index.php\/2022\/11\/04\/affaire-sonko-adji-sarr-cpt-toure-entendu-ce-vendredi\/\",\"name\":\"Affaire Sonko\/ Adji Sarr\u00a0: Cpt Tour\u00e9 entendu ce Vendredi. - LE PUBLIC\",\"isPartOf\":{\"@id\":\"https:\/\/www.public.sn\/#website\"},\"primaryImageOfPage\":{\"@id\":\"https:\/\/www.public.sn\/index.php\/2022\/11\/04\/affaire-sonko-adji-sarr-cpt-toure-entendu-ce-vendredi\/#primaryimage\"},\"image\":{\"@id\":\"https:\/\/www.public.sn\/index.php\/2022\/11\/04\/affaire-sonko-adji-sarr-cpt-toure-entendu-ce-vendredi\/#primaryimage\"},\"thumbnailUrl\":\"https:\/\/www.public.sn\/wp-content\/uploads\/2022\/11\/cpt-toure.jpg\",\"datePublished\":\"2022-11-04T14:21:09+00:00\",\"dateModified\":\"2022-11-04T14:23:32+00:00\",\"breadcrumb\":{\"@id\":\"https:\/\/www.public.sn\/index.php\/2022\/11\/04\/affaire-sonko-adji-sarr-cpt-toure-entendu-ce-vendredi\/#breadcrumb\"},\"inLanguage\":\"fr-FR\",\"potentialAction\":[{\"@type\":\"ReadAction\",\"target\":[\"https:\/\/www.public.sn\/index.php\/2022\/11\/04\/affaire-sonko-adji-sarr-cpt-toure-entendu-ce-vendredi\/\"]}]},{\"@type\":\"ImageObject\",\"inLanguage\":\"fr-FR\",\"@id\":\"https:\/\/www.public.sn\/index.php\/2022\/11\/04\/affaire-sonko-adji-sarr-cpt-toure-entendu-ce-vendredi\/#primaryimage\",\"url\":\"https:\/\/www.public.sn\/wp-content\/uploads\/2022\/11\/cpt-toure.jpg\",\"contentUrl\":\"https:\/\/www.public.sn\/wp-content\/uploads\/2022\/11\/cpt-toure.jpg\",\"width\":300,\"height\":168,\"caption\":\"publicsn\"},{\"@type\":\"BreadcrumbList\",\"@id\":\"https:\/\/www.public.sn\/index.php\/2022\/11\/04\/affaire-sonko-adji-sarr-cpt-toure-entendu-ce-vendredi\/#breadcrumb\",\"itemListElement\":[{\"@type\":\"ListItem\",\"position\":1,\"name\":\"Accueil\",\"item\":\"https:\/\/www.public.sn\/\"},{\"@type\":\"ListItem\",\"position\":2,\"name\":\"Affaire Sonko\/ Adji Sarr\u00a0: Cpt Tour\u00e9 entendu ce Vendredi.\"}]},{\"@type\":\"WebSite\",\"@id\":\"https:\/\/www.public.sn\/#website\",\"url\":\"https:\/\/www.public.sn\/\",\"name\":\"LE PUBLIC\",\"description\":\"\",\"publisher\":{\"@id\":\"https:\/\/www.public.sn\/#organization\"},\"potentialAction\":[{\"@type\":\"SearchAction\",\"target\":{\"@type\":\"EntryPoint\",\"urlTemplate\":\"https:\/\/www.public.sn\/?s={search_term_string}\"},\"query-input\":{\"@type\":\"PropertyValueSpecification\",\"valueRequired\":true,\"valueName\":\"search_term_string\"}}],\"inLanguage\":\"fr-FR\"},{\"@type\":\"Organization\",\"@id\":\"https:\/\/www.public.sn\/#organization\",\"name\":\"LE PUBLIC\",\"url\":\"https:\/\/www.public.sn\/\",\"logo\":{\"@type\":\"ImageObject\",\"inLanguage\":\"fr-FR\",\"@id\":\"https:\/\/www.public.sn\/#\/schema\/logo\/image\/\",\"url\":\"https:\/\/www.public.sn\/wp-content\/uploads\/2024\/05\/cropped-LOGO-PUBLIC.SN_.png\",\"contentUrl\":\"https:\/\/www.public.sn\/wp-content\/uploads\/2024\/05\/cropped-LOGO-PUBLIC.SN_.png\",\"width\":682,\"height\":192,\"caption\":\"LE PUBLIC\"},\"image\":{\"@id\":\"https:\/\/www.public.sn\/#\/schema\/logo\/image\/\"}},{\"@type\":\"Person\",\"@id\":\"https:\/\/www.public.sn\/#\/schema\/person\/cb76c8e1b8becc6be61fb5e92d6d0224\",\"name\":\"LA REDACTION\",\"image\":{\"@type\":\"ImageObject\",\"inLanguage\":\"fr-FR\",\"@id\":\"https:\/\/www.public.sn\/#\/schema\/person\/image\/\",\"url\":\"https:\/\/secure.gravatar.com\/avatar\/2dce5ddd34b8fef0180efe03aa2a9bee7d953856048f9a16b298190a3178407c?s=96&d=mm&r=g\",\"contentUrl\":\"https:\/\/secure.gravatar.com\/avatar\/2dce5ddd34b8fef0180efe03aa2a9bee7d953856048f9a16b298190a3178407c?s=96&d=mm&r=g\",\"caption\":\"LA REDACTION\"},\"url\":\"https:\/\/www.public.sn\/index.php\/author\/editeurpsn\/\"}]}<\/script>\n<!-- \/ Yoast SEO plugin. -->","yoast_head_json":{"title":"Affaire Sonko\/ Adji Sarr\u00a0: Cpt Tour\u00e9 entendu ce Vendredi. - LE PUBLIC","robots":{"index":"index","follow":"follow","max-snippet":"max-snippet:-1","max-image-preview":"max-image-preview:large","max-video-preview":"max-video-preview:-1"},"canonical":"https:\/\/www.public.sn\/index.php\/2022\/11\/04\/affaire-sonko-adji-sarr-cpt-toure-entendu-ce-vendredi\/","og_locale":"fr_FR","og_type":"article","og_title":"Affaire Sonko\/ Adji Sarr\u00a0: Cpt Tour\u00e9 entendu ce Vendredi. - LE PUBLIC","og_description":"Apres Ousmane Sonko, le Capitaine Seydina Oumar Tour\u00e9, selon certaines informations &nbsp;devrait \u00eatre entendu ce vendredi, par le juge d\u2019instruction Oumar Maham Diallo. Le Capitaine Seydina Oumar Tour\u00e9 avait \u00e9t\u00e9 le premier \u00e0 auditionn\u00e9 l\u2019accusatrice de Ousmane Sonko, Adji Sarr lors de sa plainte pour viol et menaces de mort. Il avait par la suite effectuait une sortie affirmant que tout ceci n\u2019\u00e9tait qu\u2019un complot. Une position qui lui avait valu d\u2019\u00eatre radi\u00e9e de la gendarmerie par le pr\u00e9sident Macky Sall en Juin 2021. \u00a0Depuis lors, il bien eu des d\u00e9boires. Il a \u00e9t\u00e9 oblig\u00e9 d\u2019arr\u00eater les cours qu\u2019il dispensait \u00a0\u00e0 l\u2019IAM de Guirassy et alors que Barthelemy Dias lui tendait la perche \u00e0 la mairie de Dakar, les autorit\u00e9s ont bloqu\u00e9 son recrutement en affirmant que le poste cr\u00e9e n\u2019h\u00e9sitait pas dans la nomenclature de la ville de Dakar.. Samba SY.","og_url":"https:\/\/www.public.sn\/index.php\/2022\/11\/04\/affaire-sonko-adji-sarr-cpt-toure-entendu-ce-vendredi\/","og_site_name":"LE PUBLIC","article_published_time":"2022-11-04T14:21:09+00:00","article_modified_time":"2022-11-04T14:23:32+00:00","og_image":[{"width":300,"height":168,"url":"https:\/\/www.public.sn\/wp-content\/uploads\/2022\/11\/cpt-toure.jpg","type":"image\/jpeg"}],"author":"LA REDACTION","twitter_card":"summary_large_image","twitter_misc":{"\u00c9crit par":"LA REDACTION","Dur\u00e9e de lecture estim\u00e9e":"1 minute"},"schema":{"@context":"https:\/\/schema.org","@graph":[{"@type":"Article","@id":"https:\/\/www.public.sn\/index.php\/2022\/11\/04\/affaire-sonko-adji-sarr-cpt-toure-entendu-ce-vendredi\/#article","isPartOf":{"@id":"https:\/\/www.public.sn\/index.php\/2022\/11\/04\/affaire-sonko-adji-sarr-cpt-toure-entendu-ce-vendredi\/"},"author":{"name":"LA REDACTION","@id":"https:\/\/www.public.sn\/#\/schema\/person\/cb76c8e1b8becc6be61fb5e92d6d0224"},"headline":"Affaire Sonko\/ Adji Sarr\u00a0: Cpt Tour\u00e9 entendu ce Vendredi.","datePublished":"2022-11-04T14:21:09+00:00","dateModified":"2022-11-04T14:23:32+00:00","mainEntityOfPage":{"@id":"https:\/\/www.public.sn\/index.php\/2022\/11\/04\/affaire-sonko-adji-sarr-cpt-toure-entendu-ce-vendredi\/"},"wordCount":164,"commentCount":0,"publisher":{"@id":"https:\/\/www.public.sn\/#organization"},"image":{"@id":"https:\/\/www.public.sn\/index.php\/2022\/11\/04\/affaire-sonko-adji-sarr-cpt-toure-entendu-ce-vendredi\/#primaryimage"},"thumbnailUrl":"https:\/\/www.public.sn\/wp-content\/uploads\/2022\/11\/cpt-toure.jpg","keywords":["aff sonko adji sarr","Audition","cpt tour\u00e9"],"articleSection":["ACTUALIT\u00c9S","POLITIQUE","S\u00c9N\u00c9GAL"],"inLanguage":"fr-FR","potentialAction":[{"@type":"CommentAction","name":"Comment","target":["https:\/\/www.public.sn\/index.php\/2022\/11\/04\/affaire-sonko-adji-sarr-cpt-toure-entendu-ce-vendredi\/#respond"]}]},{"@type":"WebPage","@id":"https:\/\/www.public.sn\/index.php\/2022\/11\/04\/affaire-sonko-adji-sarr-cpt-toure-entendu-ce-vendredi\/","url":"https:\/\/www.public.sn\/index.php\/2022\/11\/04\/affaire-sonko-adji-sarr-cpt-toure-entendu-ce-vendredi\/","name":"Affaire Sonko\/ Adji Sarr\u00a0: Cpt Tour\u00e9 entendu ce Vendredi. - LE PUBLIC","isPartOf":{"@id":"https:\/\/www.public.sn\/#website"},"primaryImageOfPage":{"@id":"https:\/\/www.public.sn\/index.php\/2022\/11\/04\/affaire-sonko-adji-sarr-cpt-toure-entendu-ce-vendredi\/#primaryimage"},"image":{"@id":"https:\/\/www.public.sn\/index.php\/2022\/11\/04\/affaire-sonko-adji-sarr-cpt-toure-entendu-ce-vendredi\/#primaryimage"},"thumbnailUrl":"https:\/\/www.public.sn\/wp-content\/uploads\/2022\/11\/cpt-toure.jpg","datePublished":"2022-11-04T14:21:09+00:00","dateModified":"2022-11-04T14:23:32+00:00","breadcrumb":{"@id":"https:\/\/www.public.sn\/index.php\/2022\/11\/04\/affaire-sonko-adji-sarr-cpt-toure-entendu-ce-vendredi\/#breadcrumb"},"inLanguage":"fr-FR","potentialAction":[{"@type":"ReadAction","target":["https:\/\/www.public.sn\/index.php\/2022\/11\/04\/affaire-sonko-adji-sarr-cpt-toure-entendu-ce-vendredi\/"]}]},{"@type":"ImageObject","inLanguage":"fr-FR","@id":"https:\/\/www.public.sn\/index.php\/2022\/11\/04\/affaire-sonko-adji-sarr-cpt-toure-entendu-ce-vendredi\/#primaryimage","url":"https:\/\/www.public.sn\/wp-content\/uploads\/2022\/11\/cpt-toure.jpg","contentUrl":"https:\/\/www.public.sn\/wp-content\/uploads\/2022\/11\/cpt-toure.jpg","width":300,"height":168,"caption":"publicsn"},{"@type":"BreadcrumbList","@id":"https:\/\/www.public.sn\/index.php\/2022\/11\/04\/affaire-sonko-adji-sarr-cpt-toure-entendu-ce-vendredi\/#breadcrumb","itemListElement":[{"@type":"ListItem","position":1,"name":"Accueil","item":"https:\/\/www.public.sn\/"},{"@type":"ListItem","position":2,"name":"Affaire Sonko\/ Adji Sarr\u00a0: Cpt Tour\u00e9 entendu ce Vendredi."}]},{"@type":"WebSite","@id":"https:\/\/www.public.sn\/#website","url":"https:\/\/www.public.sn\/","name":"LE PUBLIC","description":"","publisher":{"@id":"https:\/\/www.public.sn\/#organization"},"potentialAction":[{"@type":"SearchAction","target":{"@type":"EntryPoint","urlTemplate":"https:\/\/www.public.sn\/?s={search_term_string}"},"query-input":{"@type":"PropertyValueSpecification","valueRequired":true,"valueName":"search_term_string"}}],"inLanguage":"fr-FR"},{"@type":"Organization","@id":"https:\/\/www.public.sn\/#organization","name":"LE PUBLIC","url":"https:\/\/www.public.sn\/","logo":{"@type":"ImageObject","inLanguage":"fr-FR","@id":"https:\/\/www.public.sn\/#\/schema\/logo\/image\/","url":"https:\/\/www.public.sn\/wp-content\/uploads\/2024\/05\/cropped-LOGO-PUBLIC.SN_.png","contentUrl":"https:\/\/www.public.sn\/wp-content\/uploads\/2024\/05\/cropped-LOGO-PUBLIC.SN_.png","width":682,"height":192,"caption":"LE PUBLIC"},"image":{"@id":"https:\/\/www.public.sn\/#\/schema\/logo\/image\/"}},{"@type":"Person","@id":"https:\/\/www.public.sn\/#\/schema\/person\/cb76c8e1b8becc6be61fb5e92d6d0224","name":"LA REDACTION","image":{"@type":"ImageObject","inLanguage":"fr-FR","@id":"https:\/\/www.public.sn\/#\/schema\/person\/image\/","url":"https:\/\/secure.gravatar.com\/avatar\/2dce5ddd34b8fef0180efe03aa2a9bee7d953856048f9a16b298190a3178407c?s=96&d=mm&r=g","contentUrl":"https:\/\/secure.gravatar.com\/avatar\/2dce5ddd34b8fef0180efe03aa2a9bee7d953856048f9a16b298190a3178407c?s=96&d=mm&r=g","caption":"LA REDACTION"},"url":"https:\/\/www.public.sn\/index.php\/author\/editeurpsn\/"}]}},"jetpack_featured_media_url":"https:\/\/www.public.sn\/wp-content\/uploads\/2022\/11\/cpt-toure.jpg","jetpack_sharing_enabled":true,"_links":{"self":[{"href":"https:\/\/www.public.sn\/index.php\/wp-json\/wp\/v2\/posts\/6961","targetHints":{"allow":["GET"]}}],"collection":[{"href":"https:\/\/www.public.sn\/index.php\/wp-json\/wp\/v2\/posts"}],"about":[{"href":"https:\/\/www.public.sn\/index.php\/wp-json\/wp\/v2\/types\/post"}],"author":[{"embeddable":true,"href":"https:\/\/www.public.sn\/index.php\/wp-json\/wp\/v2\/users\/7"}],"replies":[{"embeddable":true,"href":"https:\/\/www.public.sn\/index.php\/wp-json\/wp\/v2\/comments?post=6961"}],"version-history":[{"count":4,"href":"https:\/\/www.public.sn\/index.php\/wp-json\/wp\/v2\/posts\/6961\/revisions"}],"predecessor-version":[{"id":6967,"href":"https:\/\/www.public.sn\/index.php\/wp-json\/wp\/v2\/posts\/6961\/revisions\/6967"}],"wp:featuredmedia":[{"embeddable":true,"href":"https:\/\/www.public.sn\/index.php\/wp-json\/wp\/v2\/media\/6962"}],"wp:attachment":[{"href":"https:\/\/www.public.sn\/index.php\/wp-json\/wp\/v2\/media?parent=6961"}],"wp:term":[{"taxonomy":"category","embeddable":true,"href":"https:\/\/www.public.sn\/index.php\/wp-json\/wp\/v2\/categories?post=6961"},{"taxonomy":"post_tag","embeddable":true,"href":"https:\/\/www.public.sn\/index.php\/wp-json\/wp\/v2\/tags?post=6961"}],"curies":[{"name":"wp","href":"https:\/\/api.w.org\/{rel}","templated":true}]}}