{"id":6968,"date":"2022-11-04T16:24:33","date_gmt":"2022-11-04T16:24:33","guid":{"rendered":"https:\/\/www.public.sn\/?p=6968"},"modified":"2022-11-04T16:24:34","modified_gmt":"2022-11-04T16:24:34","slug":"lavis-des-senegalais-sur-l-interdiction-du-port-de-tenues-militaires-et-larrestation-de-la-garde-rapprochee-de-sonko","status":"publish","type":"post","link":"https:\/\/www.public.sn\/index.php\/2022\/11\/04\/lavis-des-senegalais-sur-l-interdiction-du-port-de-tenues-militaires-et-larrestation-de-la-garde-rapprochee-de-sonko\/","title":{"rendered":"L\u2019avis des S\u00e9n\u00e9galais sur l interdiction du port de tenues militaires et l\u2019arrestation de la garde rapproch\u00e9e de Sonko."},"content":{"rendered":"\n<p>Suite au communiqu\u00e9 du ministre de l\u2019int\u00e9rieur Abdoulaye &nbsp;Antoine F\u00e9lix Diome sur l\u2019interdiction de port de tenues &nbsp;militaires, les s\u00e9n\u00e9galais donnent leurs points de vue sur la question. Une sortie qui&nbsp; fait suite &nbsp;aux incidents de Thicky dans la commune de Diass lors du \u00ab&nbsp;N\u00e9m\u00e9kou&nbsp;\u00bb Tour. La garde rapproch\u00e9e &nbsp;d\u2019Ousmane Sonko encagoul\u00e9e a \u00e9t\u00e9 arr\u00eat\u00e9e &nbsp;suite a une plainte d\u00e9pos\u00e9e \u00e0 la gendarmerie de Mbour par les habitants&nbsp; du village qui disent avoir &nbsp;subi des tortures &nbsp;lors des affrontements.<\/p><div class=\"publi-paragraphe1\" style=\"margin-top: 10px;margin-bottom: 10px;margin-left: auto;margin-right: auto;text-align: center;\" id=\"publi-884261289\"><div class=\"publi-adlabel\">Publicit\u00e9<\/div><script async src=\"\/\/pagead2.googlesyndication.com\/pagead\/js\/adsbygoogle.js?client=ca-pub-4089586018074219\" crossorigin=\"anonymous\"><\/script><ins class=\"adsbygoogle\" style=\"display:block;\" data-ad-client=\"ca-pub-4089586018074219\" \ndata-ad-slot=\"2087940154\" \ndata-ad-format=\"auto\"><\/ins>\n<script> \n(adsbygoogle = window.adsbygoogle || []).push({}); \n<\/script>\n<\/div>\n\n\n\n<p>Pour certains, cette d\u00e9cision devait &nbsp;\u00eatre appliqu\u00e9e depuis longtemps et \u00e0 tout le monde, on ne peut pas \u00eatre accompagn\u00e9 par de gardes et que ces derniers portent &nbsp;des cagoules ou des tenues de policiers ou gendarmes comme s\u2019ils sont des hommes de loi.<\/p>\n\n\n\n<p>Pour d\u2019autres, tout cela est vrai mais il ne faut pas l\u2019appliquer &nbsp;seulement a une partie. Chaque pays a une mani\u00e8re d\u2019organisation, chaque personne doit avoir des gardes de corps mais ils n\u2019ont pas le droit de porter ces tenues militaires<\/p>\n\n\n\n<p>Les s\u00e9n\u00e9galais ont r\u00e9agi au micro de publicsn tv,<\/p>\n\n\n\n<p>Maimouna Niang.<\/p>\n<div class=\"publi-apres-le-contenu\" style=\"margin-top: 10px;margin-bottom: 10px;margin-left: auto;margin-right: auto;text-align: center;\" id=\"publi-2901266470\"><div class=\"publi-adlabel\">Publicit\u00e9<\/div><script async src=\"\/\/pagead2.googlesyndication.com\/pagead\/js\/adsbygoogle.js?client=ca-pub-4089586018074219\" crossorigin=\"anonymous\"><\/script><ins class=\"adsbygoogle\" style=\"display:block;\" data-ad-client=\"ca-pub-4089586018074219\" \ndata-ad-slot=\"2087940154\" \ndata-ad-format=\"auto\"><\/ins>\n<script> \n(adsbygoogle = window.adsbygoogle || []).push({}); \n<\/script>\n<\/div>","protected":false},"excerpt":{"rendered":"<p>Suite au communiqu\u00e9 du ministre de l\u2019int\u00e9rieur Abdoulaye &nbsp;Antoine F\u00e9lix Diome sur l\u2019interdiction de port de tenues &nbsp;militaires, les s\u00e9n\u00e9galais donnent leurs points de vue sur la question. Une sortie qui&nbsp; fait suite &nbsp;aux incidents de Thicky dans la commune de Diass lors du \u00ab&nbsp;N\u00e9m\u00e9kou&nbsp;\u00bb Tour. La garde rapproch\u00e9e &nbsp;d\u2019Ousmane Sonko encagoul\u00e9e a \u00e9t\u00e9 arr\u00eat\u00e9e &nbsp;suite a une plainte d\u00e9pos\u00e9e \u00e0 la gendarmerie de Mbour par les habitants&nbsp; du village qui disent avoir &nbsp;subi des tortures &nbsp;lors des affrontements. Pour certains, cette d\u00e9cision devait &nbsp;\u00eatre appliqu\u00e9e depuis longtemps et \u00e0 tout le monde, on ne peut pas \u00eatre accompagn\u00e9 par de gardes et que ces derniers portent &nbsp;des cagoules ou des tenues de policiers ou gendarmes comme s\u2019ils sont des hommes de loi. Pour d\u2019autres, tout cela est vrai mais il ne faut pas l\u2019appliquer &nbsp;seulement a une partie. Chaque pays a une mani\u00e8re d\u2019organisation, chaque personne doit avoir des gardes de corps mais ils n\u2019ont pas le droit de porter ces tenues militaires Les s\u00e9n\u00e9galais ont r\u00e9agi au micro de publicsn tv, Maimouna Niang.<\/p>\n","protected":false},"author":1,"featured_media":6979,"comment_status":"open","ping_status":"open","sticky":false,"template":"","format":"standard","meta":{"_jetpack_memberships_contains_paid_content":false,"footnotes":""},"categories":[375,1,4],"tags":[1062,2083,2438],"class_list":["post-6968","post","type-post","status-publish","format-standard","has-post-thumbnail","hentry","category-actualites","category-non-classe","category-societe","tag-communique","tag-senegalais-2","tag-tenue-militaire","entry","has-media","owp-thumbs-layout-horizontal","owp-btn-normal","owp-tabs-layout-horizontal","has-no-thumbnails","has-product-nav"],"yoast_head":"<!-- This site is optimized with the Yoast SEO plugin v25.5 - https:\/\/yoast.com\/wordpress\/plugins\/seo\/ -->\n<title>L\u2019avis des S\u00e9n\u00e9galais sur l interdiction du port de tenues militaires et l\u2019arrestation de la garde rapproch\u00e9e de Sonko. - LE PUBLIC<\/title>\n<meta name=\"robots\" content=\"index, follow, max-snippet:-1, max-image-preview:large, max-video-preview:-1\" \/>\n<link rel=\"canonical\" href=\"https:\/\/www.public.sn\/index.php\/2022\/11\/04\/lavis-des-senegalais-sur-l-interdiction-du-port-de-tenues-militaires-et-larrestation-de-la-garde-rapprochee-de-sonko\/\" \/>\n<meta property=\"og:locale\" content=\"fr_FR\" \/>\n<meta property=\"og:type\" content=\"article\" \/>\n<meta property=\"og:title\" content=\"L\u2019avis des S\u00e9n\u00e9galais sur l interdiction du port de tenues militaires et l\u2019arrestation de la garde rapproch\u00e9e de Sonko. - LE PUBLIC\" \/>\n<meta property=\"og:description\" content=\"Suite au communiqu\u00e9 du ministre de l\u2019int\u00e9rieur Abdoulaye &nbsp;Antoine F\u00e9lix Diome sur l\u2019interdiction de port de tenues &nbsp;militaires, les s\u00e9n\u00e9galais donnent leurs points de vue sur la question. Une sortie qui&nbsp; fait suite &nbsp;aux incidents de Thicky dans la commune de Diass lors du \u00ab&nbsp;N\u00e9m\u00e9kou&nbsp;\u00bb Tour. La garde rapproch\u00e9e &nbsp;d\u2019Ousmane Sonko encagoul\u00e9e a \u00e9t\u00e9 arr\u00eat\u00e9e &nbsp;suite a une plainte d\u00e9pos\u00e9e \u00e0 la gendarmerie de Mbour par les habitants&nbsp; du village qui disent avoir &nbsp;subi des tortures &nbsp;lors des affrontements. Pour certains, cette d\u00e9cision devait &nbsp;\u00eatre appliqu\u00e9e depuis longtemps et \u00e0 tout le monde, on ne peut pas \u00eatre accompagn\u00e9 par de gardes et que ces derniers portent &nbsp;des cagoules ou des tenues de policiers ou gendarmes comme s\u2019ils sont des hommes de loi. Pour d\u2019autres, tout cela est vrai mais il ne faut pas l\u2019appliquer &nbsp;seulement a une partie. Chaque pays a une mani\u00e8re d\u2019organisation, chaque personne doit avoir des gardes de corps mais ils n\u2019ont pas le droit de porter ces tenues militaires Les s\u00e9n\u00e9galais ont r\u00e9agi au micro de publicsn tv, Maimouna Niang.\" \/>\n<meta property=\"og:url\" content=\"https:\/\/www.public.sn\/index.php\/2022\/11\/04\/lavis-des-senegalais-sur-l-interdiction-du-port-de-tenues-militaires-et-larrestation-de-la-garde-rapprochee-de-sonko\/\" \/>\n<meta property=\"og:site_name\" content=\"LE PUBLIC\" \/>\n<meta property=\"article:published_time\" content=\"2022-11-04T16:24:33+00:00\" \/>\n<meta property=\"article:modified_time\" content=\"2022-11-04T16:24:34+00:00\" \/>\n<meta property=\"og:image\" content=\"https:\/\/www.public.sn\/wp-content\/uploads\/2022\/11\/MIGNA-TENUE-MILITAIRE.jpg\" \/>\n\t<meta property=\"og:image:width\" content=\"1920\" \/>\n\t<meta property=\"og:image:height\" content=\"1080\" \/>\n\t<meta property=\"og:image:type\" content=\"image\/jpeg\" \/>\n<meta name=\"author\" content=\"LA REDACTION\" \/>\n<meta name=\"twitter:card\" content=\"summary_large_image\" \/>\n<meta name=\"twitter:label1\" content=\"\u00c9crit par\" \/>\n\t<meta name=\"twitter:data1\" content=\"LA REDACTION\" \/>\n\t<meta name=\"twitter:label2\" content=\"Dur\u00e9e de lecture estim\u00e9e\" \/>\n\t<meta name=\"twitter:data2\" content=\"1 minute\" \/>\n<script type=\"application\/ld+json\" class=\"yoast-schema-graph\">{\"@context\":\"https:\/\/schema.org\",\"@graph\":[{\"@type\":\"Article\",\"@id\":\"https:\/\/www.public.sn\/index.php\/2022\/11\/04\/lavis-des-senegalais-sur-l-interdiction-du-port-de-tenues-militaires-et-larrestation-de-la-garde-rapprochee-de-sonko\/#article\",\"isPartOf\":{\"@id\":\"https:\/\/www.public.sn\/index.php\/2022\/11\/04\/lavis-des-senegalais-sur-l-interdiction-du-port-de-tenues-militaires-et-larrestation-de-la-garde-rapprochee-de-sonko\/\"},\"author\":{\"name\":\"LA REDACTION\",\"@id\":\"https:\/\/www.public.sn\/#\/schema\/person\/e3f4a11b037d4203902db148f9bc8d5a\"},\"headline\":\"L\u2019avis des S\u00e9n\u00e9galais sur l interdiction du port de tenues militaires et l\u2019arrestation de la garde rapproch\u00e9e de Sonko.\",\"datePublished\":\"2022-11-04T16:24:33+00:00\",\"dateModified\":\"2022-11-04T16:24:34+00:00\",\"mainEntityOfPage\":{\"@id\":\"https:\/\/www.public.sn\/index.php\/2022\/11\/04\/lavis-des-senegalais-sur-l-interdiction-du-port-de-tenues-militaires-et-larrestation-de-la-garde-rapprochee-de-sonko\/\"},\"wordCount\":237,\"commentCount\":0,\"publisher\":{\"@id\":\"https:\/\/www.public.sn\/#organization\"},\"image\":{\"@id\":\"https:\/\/www.public.sn\/index.php\/2022\/11\/04\/lavis-des-senegalais-sur-l-interdiction-du-port-de-tenues-militaires-et-larrestation-de-la-garde-rapprochee-de-sonko\/#primaryimage\"},\"thumbnailUrl\":\"https:\/\/www.public.sn\/wp-content\/uploads\/2022\/11\/MIGNA-TENUE-MILITAIRE.jpg\",\"keywords\":[\"communiqu\u00e9\",\"senegalais\",\"tenue militaire\"],\"articleSection\":[\"ACTUALIT\u00c9S\",\"S\u00c9N\u00c9GAL\",\"SOCIETE\"],\"inLanguage\":\"fr-FR\",\"potentialAction\":[{\"@type\":\"CommentAction\",\"name\":\"Comment\",\"target\":[\"https:\/\/www.public.sn\/index.php\/2022\/11\/04\/lavis-des-senegalais-sur-l-interdiction-du-port-de-tenues-militaires-et-larrestation-de-la-garde-rapprochee-de-sonko\/#respond\"]}]},{\"@type\":\"WebPage\",\"@id\":\"https:\/\/www.public.sn\/index.php\/2022\/11\/04\/lavis-des-senegalais-sur-l-interdiction-du-port-de-tenues-militaires-et-larrestation-de-la-garde-rapprochee-de-sonko\/\",\"url\":\"https:\/\/www.public.sn\/index.php\/2022\/11\/04\/lavis-des-senegalais-sur-l-interdiction-du-port-de-tenues-militaires-et-larrestation-de-la-garde-rapprochee-de-sonko\/\",\"name\":\"L\u2019avis des S\u00e9n\u00e9galais sur l interdiction du port de tenues militaires et l\u2019arrestation de la garde rapproch\u00e9e de Sonko. - LE PUBLIC\",\"isPartOf\":{\"@id\":\"https:\/\/www.public.sn\/#website\"},\"primaryImageOfPage\":{\"@id\":\"https:\/\/www.public.sn\/index.php\/2022\/11\/04\/lavis-des-senegalais-sur-l-interdiction-du-port-de-tenues-militaires-et-larrestation-de-la-garde-rapprochee-de-sonko\/#primaryimage\"},\"image\":{\"@id\":\"https:\/\/www.public.sn\/index.php\/2022\/11\/04\/lavis-des-senegalais-sur-l-interdiction-du-port-de-tenues-militaires-et-larrestation-de-la-garde-rapprochee-de-sonko\/#primaryimage\"},\"thumbnailUrl\":\"https:\/\/www.public.sn\/wp-content\/uploads\/2022\/11\/MIGNA-TENUE-MILITAIRE.jpg\",\"datePublished\":\"2022-11-04T16:24:33+00:00\",\"dateModified\":\"2022-11-04T16:24:34+00:00\",\"breadcrumb\":{\"@id\":\"https:\/\/www.public.sn\/index.php\/2022\/11\/04\/lavis-des-senegalais-sur-l-interdiction-du-port-de-tenues-militaires-et-larrestation-de-la-garde-rapprochee-de-sonko\/#breadcrumb\"},\"inLanguage\":\"fr-FR\",\"potentialAction\":[{\"@type\":\"ReadAction\",\"target\":[\"https:\/\/www.public.sn\/index.php\/2022\/11\/04\/lavis-des-senegalais-sur-l-interdiction-du-port-de-tenues-militaires-et-larrestation-de-la-garde-rapprochee-de-sonko\/\"]}]},{\"@type\":\"ImageObject\",\"inLanguage\":\"fr-FR\",\"@id\":\"https:\/\/www.public.sn\/index.php\/2022\/11\/04\/lavis-des-senegalais-sur-l-interdiction-du-port-de-tenues-militaires-et-larrestation-de-la-garde-rapprochee-de-sonko\/#primaryimage\",\"url\":\"https:\/\/www.public.sn\/wp-content\/uploads\/2022\/11\/MIGNA-TENUE-MILITAIRE.jpg\",\"contentUrl\":\"https:\/\/www.public.sn\/wp-content\/uploads\/2022\/11\/MIGNA-TENUE-MILITAIRE.jpg\",\"width\":1920,\"height\":1080,\"caption\":\"publicsn\"},{\"@type\":\"BreadcrumbList\",\"@id\":\"https:\/\/www.public.sn\/index.php\/2022\/11\/04\/lavis-des-senegalais-sur-l-interdiction-du-port-de-tenues-militaires-et-larrestation-de-la-garde-rapprochee-de-sonko\/#breadcrumb\",\"itemListElement\":[{\"@type\":\"ListItem\",\"position\":1,\"name\":\"Accueil\",\"item\":\"https:\/\/www.public.sn\/\"},{\"@type\":\"ListItem\",\"position\":2,\"name\":\"L\u2019avis des S\u00e9n\u00e9galais sur l interdiction du port de tenues militaires et l\u2019arrestation de la garde rapproch\u00e9e de Sonko.\"}]},{\"@type\":\"WebSite\",\"@id\":\"https:\/\/www.public.sn\/#website\",\"url\":\"https:\/\/www.public.sn\/\",\"name\":\"LE PUBLIC\",\"description\":\"\",\"publisher\":{\"@id\":\"https:\/\/www.public.sn\/#organization\"},\"potentialAction\":[{\"@type\":\"SearchAction\",\"target\":{\"@type\":\"EntryPoint\",\"urlTemplate\":\"https:\/\/www.public.sn\/?s={search_term_string}\"},\"query-input\":{\"@type\":\"PropertyValueSpecification\",\"valueRequired\":true,\"valueName\":\"search_term_string\"}}],\"inLanguage\":\"fr-FR\"},{\"@type\":\"Organization\",\"@id\":\"https:\/\/www.public.sn\/#organization\",\"name\":\"LE PUBLIC\",\"url\":\"https:\/\/www.public.sn\/\",\"logo\":{\"@type\":\"ImageObject\",\"inLanguage\":\"fr-FR\",\"@id\":\"https:\/\/www.public.sn\/#\/schema\/logo\/image\/\",\"url\":\"https:\/\/www.public.sn\/wp-content\/uploads\/2024\/05\/cropped-LOGO-PUBLIC.SN_.png\",\"contentUrl\":\"https:\/\/www.public.sn\/wp-content\/uploads\/2024\/05\/cropped-LOGO-PUBLIC.SN_.png\",\"width\":682,\"height\":192,\"caption\":\"LE PUBLIC\"},\"image\":{\"@id\":\"https:\/\/www.public.sn\/#\/schema\/logo\/image\/\"}},{\"@type\":\"Person\",\"@id\":\"https:\/\/www.public.sn\/#\/schema\/person\/e3f4a11b037d4203902db148f9bc8d5a\",\"name\":\"LA REDACTION\",\"image\":{\"@type\":\"ImageObject\",\"inLanguage\":\"fr-FR\",\"@id\":\"https:\/\/www.public.sn\/#\/schema\/person\/image\/\",\"url\":\"https:\/\/secure.gravatar.com\/avatar\/d6c030db45db2883c075085c5d6c6258654a801a93766b49af0b82d4f454e2a5?s=96&d=mm&r=g\",\"contentUrl\":\"https:\/\/secure.gravatar.com\/avatar\/d6c030db45db2883c075085c5d6c6258654a801a93766b49af0b82d4f454e2a5?s=96&d=mm&r=g\",\"caption\":\"LA REDACTION\"},\"sameAs\":[\"http:\/\/www.public.sn\"],\"url\":\"https:\/\/www.public.sn\/index.php\/author\/admin7324\/\"}]}<\/script>\n<!-- \/ Yoast SEO plugin. -->","yoast_head_json":{"title":"L\u2019avis des S\u00e9n\u00e9galais sur l interdiction du port de tenues militaires et l\u2019arrestation de la garde rapproch\u00e9e de Sonko. - LE PUBLIC","robots":{"index":"index","follow":"follow","max-snippet":"max-snippet:-1","max-image-preview":"max-image-preview:large","max-video-preview":"max-video-preview:-1"},"canonical":"https:\/\/www.public.sn\/index.php\/2022\/11\/04\/lavis-des-senegalais-sur-l-interdiction-du-port-de-tenues-militaires-et-larrestation-de-la-garde-rapprochee-de-sonko\/","og_locale":"fr_FR","og_type":"article","og_title":"L\u2019avis des S\u00e9n\u00e9galais sur l interdiction du port de tenues militaires et l\u2019arrestation de la garde rapproch\u00e9e de Sonko. - LE PUBLIC","og_description":"Suite au communiqu\u00e9 du ministre de l\u2019int\u00e9rieur Abdoulaye &nbsp;Antoine F\u00e9lix Diome sur l\u2019interdiction de port de tenues &nbsp;militaires, les s\u00e9n\u00e9galais donnent leurs points de vue sur la question. Une sortie qui&nbsp; fait suite &nbsp;aux incidents de Thicky dans la commune de Diass lors du \u00ab&nbsp;N\u00e9m\u00e9kou&nbsp;\u00bb Tour. La garde rapproch\u00e9e &nbsp;d\u2019Ousmane Sonko encagoul\u00e9e a \u00e9t\u00e9 arr\u00eat\u00e9e &nbsp;suite a une plainte d\u00e9pos\u00e9e \u00e0 la gendarmerie de Mbour par les habitants&nbsp; du village qui disent avoir &nbsp;subi des tortures &nbsp;lors des affrontements. Pour certains, cette d\u00e9cision devait &nbsp;\u00eatre appliqu\u00e9e depuis longtemps et \u00e0 tout le monde, on ne peut pas \u00eatre accompagn\u00e9 par de gardes et que ces derniers portent &nbsp;des cagoules ou des tenues de policiers ou gendarmes comme s\u2019ils sont des hommes de loi. Pour d\u2019autres, tout cela est vrai mais il ne faut pas l\u2019appliquer &nbsp;seulement a une partie. Chaque pays a une mani\u00e8re d\u2019organisation, chaque personne doit avoir des gardes de corps mais ils n\u2019ont pas le droit de porter ces tenues militaires Les s\u00e9n\u00e9galais ont r\u00e9agi au micro de publicsn tv, Maimouna Niang.","og_url":"https:\/\/www.public.sn\/index.php\/2022\/11\/04\/lavis-des-senegalais-sur-l-interdiction-du-port-de-tenues-militaires-et-larrestation-de-la-garde-rapprochee-de-sonko\/","og_site_name":"LE PUBLIC","article_published_time":"2022-11-04T16:24:33+00:00","article_modified_time":"2022-11-04T16:24:34+00:00","og_image":[{"width":1920,"height":1080,"url":"https:\/\/www.public.sn\/wp-content\/uploads\/2022\/11\/MIGNA-TENUE-MILITAIRE.jpg","type":"image\/jpeg"}],"author":"LA REDACTION","twitter_card":"summary_large_image","twitter_misc":{"\u00c9crit par":"LA REDACTION","Dur\u00e9e de lecture estim\u00e9e":"1 minute"},"schema":{"@context":"https:\/\/schema.org","@graph":[{"@type":"Article","@id":"https:\/\/www.public.sn\/index.php\/2022\/11\/04\/lavis-des-senegalais-sur-l-interdiction-du-port-de-tenues-militaires-et-larrestation-de-la-garde-rapprochee-de-sonko\/#article","isPartOf":{"@id":"https:\/\/www.public.sn\/index.php\/2022\/11\/04\/lavis-des-senegalais-sur-l-interdiction-du-port-de-tenues-militaires-et-larrestation-de-la-garde-rapprochee-de-sonko\/"},"author":{"name":"LA REDACTION","@id":"https:\/\/www.public.sn\/#\/schema\/person\/e3f4a11b037d4203902db148f9bc8d5a"},"headline":"L\u2019avis des S\u00e9n\u00e9galais sur l interdiction du port de tenues militaires et l\u2019arrestation de la garde rapproch\u00e9e de Sonko.","datePublished":"2022-11-04T16:24:33+00:00","dateModified":"2022-11-04T16:24:34+00:00","mainEntityOfPage":{"@id":"https:\/\/www.public.sn\/index.php\/2022\/11\/04\/lavis-des-senegalais-sur-l-interdiction-du-port-de-tenues-militaires-et-larrestation-de-la-garde-rapprochee-de-sonko\/"},"wordCount":237,"commentCount":0,"publisher":{"@id":"https:\/\/www.public.sn\/#organization"},"image":{"@id":"https:\/\/www.public.sn\/index.php\/2022\/11\/04\/lavis-des-senegalais-sur-l-interdiction-du-port-de-tenues-militaires-et-larrestation-de-la-garde-rapprochee-de-sonko\/#primaryimage"},"thumbnailUrl":"https:\/\/www.public.sn\/wp-content\/uploads\/2022\/11\/MIGNA-TENUE-MILITAIRE.jpg","keywords":["communiqu\u00e9","senegalais","tenue militaire"],"articleSection":["ACTUALIT\u00c9S","S\u00c9N\u00c9GAL","SOCIETE"],"inLanguage":"fr-FR","potentialAction":[{"@type":"CommentAction","name":"Comment","target":["https:\/\/www.public.sn\/index.php\/2022\/11\/04\/lavis-des-senegalais-sur-l-interdiction-du-port-de-tenues-militaires-et-larrestation-de-la-garde-rapprochee-de-sonko\/#respond"]}]},{"@type":"WebPage","@id":"https:\/\/www.public.sn\/index.php\/2022\/11\/04\/lavis-des-senegalais-sur-l-interdiction-du-port-de-tenues-militaires-et-larrestation-de-la-garde-rapprochee-de-sonko\/","url":"https:\/\/www.public.sn\/index.php\/2022\/11\/04\/lavis-des-senegalais-sur-l-interdiction-du-port-de-tenues-militaires-et-larrestation-de-la-garde-rapprochee-de-sonko\/","name":"L\u2019avis des S\u00e9n\u00e9galais sur l interdiction du port de tenues militaires et l\u2019arrestation de la garde rapproch\u00e9e de Sonko. - LE PUBLIC","isPartOf":{"@id":"https:\/\/www.public.sn\/#website"},"primaryImageOfPage":{"@id":"https:\/\/www.public.sn\/index.php\/2022\/11\/04\/lavis-des-senegalais-sur-l-interdiction-du-port-de-tenues-militaires-et-larrestation-de-la-garde-rapprochee-de-sonko\/#primaryimage"},"image":{"@id":"https:\/\/www.public.sn\/index.php\/2022\/11\/04\/lavis-des-senegalais-sur-l-interdiction-du-port-de-tenues-militaires-et-larrestation-de-la-garde-rapprochee-de-sonko\/#primaryimage"},"thumbnailUrl":"https:\/\/www.public.sn\/wp-content\/uploads\/2022\/11\/MIGNA-TENUE-MILITAIRE.jpg","datePublished":"2022-11-04T16:24:33+00:00","dateModified":"2022-11-04T16:24:34+00:00","breadcrumb":{"@id":"https:\/\/www.public.sn\/index.php\/2022\/11\/04\/lavis-des-senegalais-sur-l-interdiction-du-port-de-tenues-militaires-et-larrestation-de-la-garde-rapprochee-de-sonko\/#breadcrumb"},"inLanguage":"fr-FR","potentialAction":[{"@type":"ReadAction","target":["https:\/\/www.public.sn\/index.php\/2022\/11\/04\/lavis-des-senegalais-sur-l-interdiction-du-port-de-tenues-militaires-et-larrestation-de-la-garde-rapprochee-de-sonko\/"]}]},{"@type":"ImageObject","inLanguage":"fr-FR","@id":"https:\/\/www.public.sn\/index.php\/2022\/11\/04\/lavis-des-senegalais-sur-l-interdiction-du-port-de-tenues-militaires-et-larrestation-de-la-garde-rapprochee-de-sonko\/#primaryimage","url":"https:\/\/www.public.sn\/wp-content\/uploads\/2022\/11\/MIGNA-TENUE-MILITAIRE.jpg","contentUrl":"https:\/\/www.public.sn\/wp-content\/uploads\/2022\/11\/MIGNA-TENUE-MILITAIRE.jpg","width":1920,"height":1080,"caption":"publicsn"},{"@type":"BreadcrumbList","@id":"https:\/\/www.public.sn\/index.php\/2022\/11\/04\/lavis-des-senegalais-sur-l-interdiction-du-port-de-tenues-militaires-et-larrestation-de-la-garde-rapprochee-de-sonko\/#breadcrumb","itemListElement":[{"@type":"ListItem","position":1,"name":"Accueil","item":"https:\/\/www.public.sn\/"},{"@type":"ListItem","position":2,"name":"L\u2019avis des S\u00e9n\u00e9galais sur l interdiction du port de tenues militaires et l\u2019arrestation de la garde rapproch\u00e9e de Sonko."}]},{"@type":"WebSite","@id":"https:\/\/www.public.sn\/#website","url":"https:\/\/www.public.sn\/","name":"LE PUBLIC","description":"","publisher":{"@id":"https:\/\/www.public.sn\/#organization"},"potentialAction":[{"@type":"SearchAction","target":{"@type":"EntryPoint","urlTemplate":"https:\/\/www.public.sn\/?s={search_term_string}"},"query-input":{"@type":"PropertyValueSpecification","valueRequired":true,"valueName":"search_term_string"}}],"inLanguage":"fr-FR"},{"@type":"Organization","@id":"https:\/\/www.public.sn\/#organization","name":"LE PUBLIC","url":"https:\/\/www.public.sn\/","logo":{"@type":"ImageObject","inLanguage":"fr-FR","@id":"https:\/\/www.public.sn\/#\/schema\/logo\/image\/","url":"https:\/\/www.public.sn\/wp-content\/uploads\/2024\/05\/cropped-LOGO-PUBLIC.SN_.png","contentUrl":"https:\/\/www.public.sn\/wp-content\/uploads\/2024\/05\/cropped-LOGO-PUBLIC.SN_.png","width":682,"height":192,"caption":"LE PUBLIC"},"image":{"@id":"https:\/\/www.public.sn\/#\/schema\/logo\/image\/"}},{"@type":"Person","@id":"https:\/\/www.public.sn\/#\/schema\/person\/e3f4a11b037d4203902db148f9bc8d5a","name":"LA REDACTION","image":{"@type":"ImageObject","inLanguage":"fr-FR","@id":"https:\/\/www.public.sn\/#\/schema\/person\/image\/","url":"https:\/\/secure.gravatar.com\/avatar\/d6c030db45db2883c075085c5d6c6258654a801a93766b49af0b82d4f454e2a5?s=96&d=mm&r=g","contentUrl":"https:\/\/secure.gravatar.com\/avatar\/d6c030db45db2883c075085c5d6c6258654a801a93766b49af0b82d4f454e2a5?s=96&d=mm&r=g","caption":"LA REDACTION"},"sameAs":["http:\/\/www.public.sn"],"url":"https:\/\/www.public.sn\/index.php\/author\/admin7324\/"}]}},"jetpack_featured_media_url":"https:\/\/www.public.sn\/wp-content\/uploads\/2022\/11\/MIGNA-TENUE-MILITAIRE.jpg","jetpack_sharing_enabled":true,"_links":{"self":[{"href":"https:\/\/www.public.sn\/index.php\/wp-json\/wp\/v2\/posts\/6968","targetHints":{"allow":["GET"]}}],"collection":[{"href":"https:\/\/www.public.sn\/index.php\/wp-json\/wp\/v2\/posts"}],"about":[{"href":"https:\/\/www.public.sn\/index.php\/wp-json\/wp\/v2\/types\/post"}],"author":[{"embeddable":true,"href":"https:\/\/www.public.sn\/index.php\/wp-json\/wp\/v2\/users\/1"}],"replies":[{"embeddable":true,"href":"https:\/\/www.public.sn\/index.php\/wp-json\/wp\/v2\/comments?post=6968"}],"version-history":[{"count":1,"href":"https:\/\/www.public.sn\/index.php\/wp-json\/wp\/v2\/posts\/6968\/revisions"}],"predecessor-version":[{"id":6981,"href":"https:\/\/www.public.sn\/index.php\/wp-json\/wp\/v2\/posts\/6968\/revisions\/6981"}],"wp:featuredmedia":[{"embeddable":true,"href":"https:\/\/www.public.sn\/index.php\/wp-json\/wp\/v2\/media\/6979"}],"wp:attachment":[{"href":"https:\/\/www.public.sn\/index.php\/wp-json\/wp\/v2\/media?parent=6968"}],"wp:term":[{"taxonomy":"category","embeddable":true,"href":"https:\/\/www.public.sn\/index.php\/wp-json\/wp\/v2\/categories?post=6968"},{"taxonomy":"post_tag","embeddable":true,"href":"https:\/\/www.public.sn\/index.php\/wp-json\/wp\/v2\/tags?post=6968"}],"curies":[{"name":"wp","href":"https:\/\/api.w.org\/{rel}","templated":true}]}}