{"id":6987,"date":"2022-11-04T18:10:39","date_gmt":"2022-11-04T18:10:39","guid":{"rendered":"https:\/\/www.public.sn\/?p=6987"},"modified":"2022-11-04T18:10:40","modified_gmt":"2022-11-04T18:10:40","slug":"les-femmes-veulent-le-relevement-de-lage-du-mariage-a-18-ans","status":"publish","type":"post","link":"https:\/\/www.public.sn\/index.php\/2022\/11\/04\/les-femmes-veulent-le-relevement-de-lage-du-mariage-a-18-ans\/","title":{"rendered":"Les femmes veulent le rel\u00e8vement de l&rsquo;\u00e2ge du mariage \u00e0 18 ans."},"content":{"rendered":"\n<p><\/p>\n\n\n\n<p><strong>Le Projet \u00ab Voix et leadership des femmes au S\u00e9n\u00e9gal (VLF-S\u00e9n\u00e9gal) par la voix de son responsable, Wor\u00e9 Ndiaye Kandji a fait savoir que des plaidoyers durant cette rencontre, ont port\u00e9 sur deux articles du code de la famille \u00e0 savoir l\u2019\u00e2ge l\u00e9gal du mariage qui selon elle doit \u00eatre \u00ab relev\u00e9 \u00bb \u00e0 18 ans et aussi \u00ab l\u2019interdiction \u00bb de la recherche de paternit\u00e9.<\/strong><\/p><div class=\"publi-paragraphe1\" style=\"margin-top: 10px;margin-bottom: 10px;margin-left: auto;margin-right: auto;text-align: center;\" id=\"publi-1282373924\"><div class=\"publi-adlabel\">Publicit\u00e9<\/div><script async src=\"\/\/pagead2.googlesyndication.com\/pagead\/js\/adsbygoogle.js?client=ca-pub-4089586018074219\" crossorigin=\"anonymous\"><\/script><ins class=\"adsbygoogle\" style=\"display:block;\" data-ad-client=\"ca-pub-4089586018074219\" \ndata-ad-slot=\"2087940154\" \ndata-ad-format=\"auto\"><\/ins>\n<script> \n(adsbygoogle = window.adsbygoogle || []).push({}); \n<\/script>\n<\/div>\n\n\n\n<p><\/p>\n\n\n\n<p>Il a \u00e9t\u00e9 question \u00e9galement de l\u2019implication des femmes dans les instances de gouvernement du secteur extractif du contenu local a \u00e9t\u00e9 sollicit\u00e9e. M\u00eame si la responsable dit avoir des r\u00e9sultats satisfaisants par rapport \u00e0 ce th\u00e8me. En effet, deux de leurs organisations partenaires ont int\u00e9gr\u00e9 l\u2019Initiative pour la Transparence dans les Industries Extractives (ITIE).<\/p>\n\n\n\n<p><\/p>\n\n\n\n<p> Ces actions doivent \u00e9galement \u00eatre une pr\u00e9occupation des acteurs de la soci\u00e9t\u00e9 civile pour que le respect des droits et des filles, la prise en compte des besoins et droits des filles, leur \u00e9ducation, la prise en compte de l\u2019\u00e9tat civil soit une pr\u00e9occupation de tous. des plaidoyers soulev\u00e9s \u00e0 l\u2019occasion de la pr\u00e9sentation de son bilan de programmation semestrielle Avril-Septembre 2022.<\/p>\n\n\n\n<p>Samba SY.<\/p>\n<div class=\"publi-apres-le-contenu\" style=\"margin-top: 10px;margin-bottom: 10px;margin-left: auto;margin-right: auto;text-align: center;\" id=\"publi-539831880\"><div class=\"publi-adlabel\">Publicit\u00e9<\/div><script async src=\"\/\/pagead2.googlesyndication.com\/pagead\/js\/adsbygoogle.js?client=ca-pub-4089586018074219\" crossorigin=\"anonymous\"><\/script><ins class=\"adsbygoogle\" style=\"display:block;\" data-ad-client=\"ca-pub-4089586018074219\" \ndata-ad-slot=\"2087940154\" \ndata-ad-format=\"auto\"><\/ins>\n<script> \n(adsbygoogle = window.adsbygoogle || []).push({}); \n<\/script>\n<\/div>","protected":false},"excerpt":{"rendered":"<p>Le Projet \u00ab Voix et leadership des femmes au S\u00e9n\u00e9gal (VLF-S\u00e9n\u00e9gal) par la voix de son responsable, Wor\u00e9 Ndiaye Kandji a fait savoir que des plaidoyers durant cette rencontre, ont port\u00e9 sur deux articles du code de la famille \u00e0 savoir l\u2019\u00e2ge l\u00e9gal du mariage qui selon elle doit \u00eatre \u00ab relev\u00e9 \u00bb \u00e0 18 ans et aussi \u00ab l\u2019interdiction \u00bb de la recherche de paternit\u00e9. Il a \u00e9t\u00e9 question \u00e9galement de l\u2019implication des femmes dans les instances de gouvernement du secteur extractif du contenu local a \u00e9t\u00e9 sollicit\u00e9e. M\u00eame si la responsable dit avoir des r\u00e9sultats satisfaisants par rapport \u00e0 ce th\u00e8me. En effet, deux de leurs organisations partenaires ont int\u00e9gr\u00e9 l\u2019Initiative pour la Transparence dans les Industries Extractives (ITIE). Ces actions doivent \u00e9galement \u00eatre une pr\u00e9occupation des acteurs de la soci\u00e9t\u00e9 civile pour que le respect des droits et des filles, la prise en compte des besoins et droits des filles, leur \u00e9ducation, la prise en compte de l\u2019\u00e9tat civil soit une pr\u00e9occupation de tous. des plaidoyers soulev\u00e9s \u00e0 l\u2019occasion de la pr\u00e9sentation de son bilan de programmation semestrielle Avril-Septembre 2022. Samba SY.<\/p>\n","protected":false},"author":7,"featured_media":6988,"comment_status":"open","ping_status":"open","sticky":false,"template":"","format":"standard","meta":{"_jetpack_memberships_contains_paid_content":false,"footnotes":""},"categories":[375,1,4],"tags":[594,2443,1374],"class_list":["post-6987","post","type-post","status-publish","format-standard","has-post-thumbnail","hentry","category-actualites","category-non-classe","category-societe","tag-femmes","tag-leadercheap","tag-mariage","entry","has-media","owp-thumbs-layout-horizontal","owp-btn-normal","owp-tabs-layout-horizontal","has-no-thumbnails","has-product-nav"],"yoast_head":"<!-- This site is optimized with the Yoast SEO plugin v25.5 - https:\/\/yoast.com\/wordpress\/plugins\/seo\/ -->\n<title>Les femmes veulent le rel\u00e8vement de l&#039;\u00e2ge du mariage \u00e0 18 ans. - LE PUBLIC<\/title>\n<meta name=\"robots\" content=\"index, follow, max-snippet:-1, max-image-preview:large, max-video-preview:-1\" \/>\n<link rel=\"canonical\" href=\"https:\/\/www.public.sn\/index.php\/2022\/11\/04\/les-femmes-veulent-le-relevement-de-lage-du-mariage-a-18-ans\/\" \/>\n<meta property=\"og:locale\" content=\"fr_FR\" \/>\n<meta property=\"og:type\" content=\"article\" \/>\n<meta property=\"og:title\" content=\"Les femmes veulent le rel\u00e8vement de l&#039;\u00e2ge du mariage \u00e0 18 ans. - LE PUBLIC\" \/>\n<meta property=\"og:description\" content=\"Le Projet \u00ab Voix et leadership des femmes au S\u00e9n\u00e9gal (VLF-S\u00e9n\u00e9gal) par la voix de son responsable, Wor\u00e9 Ndiaye Kandji a fait savoir que des plaidoyers durant cette rencontre, ont port\u00e9 sur deux articles du code de la famille \u00e0 savoir l\u2019\u00e2ge l\u00e9gal du mariage qui selon elle doit \u00eatre \u00ab relev\u00e9 \u00bb \u00e0 18 ans et aussi \u00ab l\u2019interdiction \u00bb de la recherche de paternit\u00e9. Il a \u00e9t\u00e9 question \u00e9galement de l\u2019implication des femmes dans les instances de gouvernement du secteur extractif du contenu local a \u00e9t\u00e9 sollicit\u00e9e. M\u00eame si la responsable dit avoir des r\u00e9sultats satisfaisants par rapport \u00e0 ce th\u00e8me. En effet, deux de leurs organisations partenaires ont int\u00e9gr\u00e9 l\u2019Initiative pour la Transparence dans les Industries Extractives (ITIE). Ces actions doivent \u00e9galement \u00eatre une pr\u00e9occupation des acteurs de la soci\u00e9t\u00e9 civile pour que le respect des droits et des filles, la prise en compte des besoins et droits des filles, leur \u00e9ducation, la prise en compte de l\u2019\u00e9tat civil soit une pr\u00e9occupation de tous. des plaidoyers soulev\u00e9s \u00e0 l\u2019occasion de la pr\u00e9sentation de son bilan de programmation semestrielle Avril-Septembre 2022. Samba SY.\" \/>\n<meta property=\"og:url\" content=\"https:\/\/www.public.sn\/index.php\/2022\/11\/04\/les-femmes-veulent-le-relevement-de-lage-du-mariage-a-18-ans\/\" \/>\n<meta property=\"og:site_name\" content=\"LE PUBLIC\" \/>\n<meta property=\"article:published_time\" content=\"2022-11-04T18:10:39+00:00\" \/>\n<meta property=\"article:modified_time\" content=\"2022-11-04T18:10:40+00:00\" \/>\n<meta property=\"og:image\" content=\"https:\/\/www.public.sn\/wp-content\/uploads\/2022\/11\/aa-1.jpg\" \/>\n\t<meta property=\"og:image:width\" content=\"696\" \/>\n\t<meta property=\"og:image:height\" content=\"464\" \/>\n\t<meta property=\"og:image:type\" content=\"image\/jpeg\" \/>\n<meta name=\"author\" content=\"LA REDACTION\" \/>\n<meta name=\"twitter:card\" content=\"summary_large_image\" \/>\n<meta name=\"twitter:label1\" content=\"\u00c9crit par\" \/>\n\t<meta name=\"twitter:data1\" content=\"LA REDACTION\" \/>\n\t<meta name=\"twitter:label2\" content=\"Dur\u00e9e de lecture estim\u00e9e\" \/>\n\t<meta name=\"twitter:data2\" content=\"1 minute\" \/>\n<script type=\"application\/ld+json\" class=\"yoast-schema-graph\">{\"@context\":\"https:\/\/schema.org\",\"@graph\":[{\"@type\":\"Article\",\"@id\":\"https:\/\/www.public.sn\/index.php\/2022\/11\/04\/les-femmes-veulent-le-relevement-de-lage-du-mariage-a-18-ans\/#article\",\"isPartOf\":{\"@id\":\"https:\/\/www.public.sn\/index.php\/2022\/11\/04\/les-femmes-veulent-le-relevement-de-lage-du-mariage-a-18-ans\/\"},\"author\":{\"name\":\"LA REDACTION\",\"@id\":\"https:\/\/www.public.sn\/#\/schema\/person\/cb76c8e1b8becc6be61fb5e92d6d0224\"},\"headline\":\"Les femmes veulent le rel\u00e8vement de l&rsquo;\u00e2ge du mariage \u00e0 18 ans.\",\"datePublished\":\"2022-11-04T18:10:39+00:00\",\"dateModified\":\"2022-11-04T18:10:40+00:00\",\"mainEntityOfPage\":{\"@id\":\"https:\/\/www.public.sn\/index.php\/2022\/11\/04\/les-femmes-veulent-le-relevement-de-lage-du-mariage-a-18-ans\/\"},\"wordCount\":207,\"commentCount\":0,\"publisher\":{\"@id\":\"https:\/\/www.public.sn\/#organization\"},\"image\":{\"@id\":\"https:\/\/www.public.sn\/index.php\/2022\/11\/04\/les-femmes-veulent-le-relevement-de-lage-du-mariage-a-18-ans\/#primaryimage\"},\"thumbnailUrl\":\"https:\/\/www.public.sn\/wp-content\/uploads\/2022\/11\/aa-1.jpg\",\"keywords\":[\"Femmes\",\"leadercheap\",\"mariage\"],\"articleSection\":[\"ACTUALIT\u00c9S\",\"S\u00c9N\u00c9GAL\",\"SOCIETE\"],\"inLanguage\":\"fr-FR\",\"potentialAction\":[{\"@type\":\"CommentAction\",\"name\":\"Comment\",\"target\":[\"https:\/\/www.public.sn\/index.php\/2022\/11\/04\/les-femmes-veulent-le-relevement-de-lage-du-mariage-a-18-ans\/#respond\"]}]},{\"@type\":\"WebPage\",\"@id\":\"https:\/\/www.public.sn\/index.php\/2022\/11\/04\/les-femmes-veulent-le-relevement-de-lage-du-mariage-a-18-ans\/\",\"url\":\"https:\/\/www.public.sn\/index.php\/2022\/11\/04\/les-femmes-veulent-le-relevement-de-lage-du-mariage-a-18-ans\/\",\"name\":\"Les femmes veulent le rel\u00e8vement de l'\u00e2ge du mariage \u00e0 18 ans. - LE PUBLIC\",\"isPartOf\":{\"@id\":\"https:\/\/www.public.sn\/#website\"},\"primaryImageOfPage\":{\"@id\":\"https:\/\/www.public.sn\/index.php\/2022\/11\/04\/les-femmes-veulent-le-relevement-de-lage-du-mariage-a-18-ans\/#primaryimage\"},\"image\":{\"@id\":\"https:\/\/www.public.sn\/index.php\/2022\/11\/04\/les-femmes-veulent-le-relevement-de-lage-du-mariage-a-18-ans\/#primaryimage\"},\"thumbnailUrl\":\"https:\/\/www.public.sn\/wp-content\/uploads\/2022\/11\/aa-1.jpg\",\"datePublished\":\"2022-11-04T18:10:39+00:00\",\"dateModified\":\"2022-11-04T18:10:40+00:00\",\"breadcrumb\":{\"@id\":\"https:\/\/www.public.sn\/index.php\/2022\/11\/04\/les-femmes-veulent-le-relevement-de-lage-du-mariage-a-18-ans\/#breadcrumb\"},\"inLanguage\":\"fr-FR\",\"potentialAction\":[{\"@type\":\"ReadAction\",\"target\":[\"https:\/\/www.public.sn\/index.php\/2022\/11\/04\/les-femmes-veulent-le-relevement-de-lage-du-mariage-a-18-ans\/\"]}]},{\"@type\":\"ImageObject\",\"inLanguage\":\"fr-FR\",\"@id\":\"https:\/\/www.public.sn\/index.php\/2022\/11\/04\/les-femmes-veulent-le-relevement-de-lage-du-mariage-a-18-ans\/#primaryimage\",\"url\":\"https:\/\/www.public.sn\/wp-content\/uploads\/2022\/11\/aa-1.jpg\",\"contentUrl\":\"https:\/\/www.public.sn\/wp-content\/uploads\/2022\/11\/aa-1.jpg\",\"width\":696,\"height\":464,\"caption\":\"publicsn\"},{\"@type\":\"BreadcrumbList\",\"@id\":\"https:\/\/www.public.sn\/index.php\/2022\/11\/04\/les-femmes-veulent-le-relevement-de-lage-du-mariage-a-18-ans\/#breadcrumb\",\"itemListElement\":[{\"@type\":\"ListItem\",\"position\":1,\"name\":\"Accueil\",\"item\":\"https:\/\/www.public.sn\/\"},{\"@type\":\"ListItem\",\"position\":2,\"name\":\"Les femmes veulent le rel\u00e8vement de l&rsquo;\u00e2ge du mariage \u00e0 18 ans.\"}]},{\"@type\":\"WebSite\",\"@id\":\"https:\/\/www.public.sn\/#website\",\"url\":\"https:\/\/www.public.sn\/\",\"name\":\"LE PUBLIC\",\"description\":\"\",\"publisher\":{\"@id\":\"https:\/\/www.public.sn\/#organization\"},\"potentialAction\":[{\"@type\":\"SearchAction\",\"target\":{\"@type\":\"EntryPoint\",\"urlTemplate\":\"https:\/\/www.public.sn\/?s={search_term_string}\"},\"query-input\":{\"@type\":\"PropertyValueSpecification\",\"valueRequired\":true,\"valueName\":\"search_term_string\"}}],\"inLanguage\":\"fr-FR\"},{\"@type\":\"Organization\",\"@id\":\"https:\/\/www.public.sn\/#organization\",\"name\":\"LE PUBLIC\",\"url\":\"https:\/\/www.public.sn\/\",\"logo\":{\"@type\":\"ImageObject\",\"inLanguage\":\"fr-FR\",\"@id\":\"https:\/\/www.public.sn\/#\/schema\/logo\/image\/\",\"url\":\"https:\/\/www.public.sn\/wp-content\/uploads\/2024\/05\/cropped-LOGO-PUBLIC.SN_.png\",\"contentUrl\":\"https:\/\/www.public.sn\/wp-content\/uploads\/2024\/05\/cropped-LOGO-PUBLIC.SN_.png\",\"width\":682,\"height\":192,\"caption\":\"LE PUBLIC\"},\"image\":{\"@id\":\"https:\/\/www.public.sn\/#\/schema\/logo\/image\/\"}},{\"@type\":\"Person\",\"@id\":\"https:\/\/www.public.sn\/#\/schema\/person\/cb76c8e1b8becc6be61fb5e92d6d0224\",\"name\":\"LA REDACTION\",\"image\":{\"@type\":\"ImageObject\",\"inLanguage\":\"fr-FR\",\"@id\":\"https:\/\/www.public.sn\/#\/schema\/person\/image\/\",\"url\":\"https:\/\/secure.gravatar.com\/avatar\/2dce5ddd34b8fef0180efe03aa2a9bee7d953856048f9a16b298190a3178407c?s=96&d=mm&r=g\",\"contentUrl\":\"https:\/\/secure.gravatar.com\/avatar\/2dce5ddd34b8fef0180efe03aa2a9bee7d953856048f9a16b298190a3178407c?s=96&d=mm&r=g\",\"caption\":\"LA REDACTION\"},\"url\":\"https:\/\/www.public.sn\/index.php\/author\/editeurpsn\/\"}]}<\/script>\n<!-- \/ Yoast SEO plugin. -->","yoast_head_json":{"title":"Les femmes veulent le rel\u00e8vement de l'\u00e2ge du mariage \u00e0 18 ans. - LE PUBLIC","robots":{"index":"index","follow":"follow","max-snippet":"max-snippet:-1","max-image-preview":"max-image-preview:large","max-video-preview":"max-video-preview:-1"},"canonical":"https:\/\/www.public.sn\/index.php\/2022\/11\/04\/les-femmes-veulent-le-relevement-de-lage-du-mariage-a-18-ans\/","og_locale":"fr_FR","og_type":"article","og_title":"Les femmes veulent le rel\u00e8vement de l'\u00e2ge du mariage \u00e0 18 ans. - LE PUBLIC","og_description":"Le Projet \u00ab Voix et leadership des femmes au S\u00e9n\u00e9gal (VLF-S\u00e9n\u00e9gal) par la voix de son responsable, Wor\u00e9 Ndiaye Kandji a fait savoir que des plaidoyers durant cette rencontre, ont port\u00e9 sur deux articles du code de la famille \u00e0 savoir l\u2019\u00e2ge l\u00e9gal du mariage qui selon elle doit \u00eatre \u00ab relev\u00e9 \u00bb \u00e0 18 ans et aussi \u00ab l\u2019interdiction \u00bb de la recherche de paternit\u00e9. Il a \u00e9t\u00e9 question \u00e9galement de l\u2019implication des femmes dans les instances de gouvernement du secteur extractif du contenu local a \u00e9t\u00e9 sollicit\u00e9e. M\u00eame si la responsable dit avoir des r\u00e9sultats satisfaisants par rapport \u00e0 ce th\u00e8me. En effet, deux de leurs organisations partenaires ont int\u00e9gr\u00e9 l\u2019Initiative pour la Transparence dans les Industries Extractives (ITIE). Ces actions doivent \u00e9galement \u00eatre une pr\u00e9occupation des acteurs de la soci\u00e9t\u00e9 civile pour que le respect des droits et des filles, la prise en compte des besoins et droits des filles, leur \u00e9ducation, la prise en compte de l\u2019\u00e9tat civil soit une pr\u00e9occupation de tous. des plaidoyers soulev\u00e9s \u00e0 l\u2019occasion de la pr\u00e9sentation de son bilan de programmation semestrielle Avril-Septembre 2022. Samba SY.","og_url":"https:\/\/www.public.sn\/index.php\/2022\/11\/04\/les-femmes-veulent-le-relevement-de-lage-du-mariage-a-18-ans\/","og_site_name":"LE PUBLIC","article_published_time":"2022-11-04T18:10:39+00:00","article_modified_time":"2022-11-04T18:10:40+00:00","og_image":[{"width":696,"height":464,"url":"https:\/\/www.public.sn\/wp-content\/uploads\/2022\/11\/aa-1.jpg","type":"image\/jpeg"}],"author":"LA REDACTION","twitter_card":"summary_large_image","twitter_misc":{"\u00c9crit par":"LA REDACTION","Dur\u00e9e de lecture estim\u00e9e":"1 minute"},"schema":{"@context":"https:\/\/schema.org","@graph":[{"@type":"Article","@id":"https:\/\/www.public.sn\/index.php\/2022\/11\/04\/les-femmes-veulent-le-relevement-de-lage-du-mariage-a-18-ans\/#article","isPartOf":{"@id":"https:\/\/www.public.sn\/index.php\/2022\/11\/04\/les-femmes-veulent-le-relevement-de-lage-du-mariage-a-18-ans\/"},"author":{"name":"LA REDACTION","@id":"https:\/\/www.public.sn\/#\/schema\/person\/cb76c8e1b8becc6be61fb5e92d6d0224"},"headline":"Les femmes veulent le rel\u00e8vement de l&rsquo;\u00e2ge du mariage \u00e0 18 ans.","datePublished":"2022-11-04T18:10:39+00:00","dateModified":"2022-11-04T18:10:40+00:00","mainEntityOfPage":{"@id":"https:\/\/www.public.sn\/index.php\/2022\/11\/04\/les-femmes-veulent-le-relevement-de-lage-du-mariage-a-18-ans\/"},"wordCount":207,"commentCount":0,"publisher":{"@id":"https:\/\/www.public.sn\/#organization"},"image":{"@id":"https:\/\/www.public.sn\/index.php\/2022\/11\/04\/les-femmes-veulent-le-relevement-de-lage-du-mariage-a-18-ans\/#primaryimage"},"thumbnailUrl":"https:\/\/www.public.sn\/wp-content\/uploads\/2022\/11\/aa-1.jpg","keywords":["Femmes","leadercheap","mariage"],"articleSection":["ACTUALIT\u00c9S","S\u00c9N\u00c9GAL","SOCIETE"],"inLanguage":"fr-FR","potentialAction":[{"@type":"CommentAction","name":"Comment","target":["https:\/\/www.public.sn\/index.php\/2022\/11\/04\/les-femmes-veulent-le-relevement-de-lage-du-mariage-a-18-ans\/#respond"]}]},{"@type":"WebPage","@id":"https:\/\/www.public.sn\/index.php\/2022\/11\/04\/les-femmes-veulent-le-relevement-de-lage-du-mariage-a-18-ans\/","url":"https:\/\/www.public.sn\/index.php\/2022\/11\/04\/les-femmes-veulent-le-relevement-de-lage-du-mariage-a-18-ans\/","name":"Les femmes veulent le rel\u00e8vement de l'\u00e2ge du mariage \u00e0 18 ans. - LE PUBLIC","isPartOf":{"@id":"https:\/\/www.public.sn\/#website"},"primaryImageOfPage":{"@id":"https:\/\/www.public.sn\/index.php\/2022\/11\/04\/les-femmes-veulent-le-relevement-de-lage-du-mariage-a-18-ans\/#primaryimage"},"image":{"@id":"https:\/\/www.public.sn\/index.php\/2022\/11\/04\/les-femmes-veulent-le-relevement-de-lage-du-mariage-a-18-ans\/#primaryimage"},"thumbnailUrl":"https:\/\/www.public.sn\/wp-content\/uploads\/2022\/11\/aa-1.jpg","datePublished":"2022-11-04T18:10:39+00:00","dateModified":"2022-11-04T18:10:40+00:00","breadcrumb":{"@id":"https:\/\/www.public.sn\/index.php\/2022\/11\/04\/les-femmes-veulent-le-relevement-de-lage-du-mariage-a-18-ans\/#breadcrumb"},"inLanguage":"fr-FR","potentialAction":[{"@type":"ReadAction","target":["https:\/\/www.public.sn\/index.php\/2022\/11\/04\/les-femmes-veulent-le-relevement-de-lage-du-mariage-a-18-ans\/"]}]},{"@type":"ImageObject","inLanguage":"fr-FR","@id":"https:\/\/www.public.sn\/index.php\/2022\/11\/04\/les-femmes-veulent-le-relevement-de-lage-du-mariage-a-18-ans\/#primaryimage","url":"https:\/\/www.public.sn\/wp-content\/uploads\/2022\/11\/aa-1.jpg","contentUrl":"https:\/\/www.public.sn\/wp-content\/uploads\/2022\/11\/aa-1.jpg","width":696,"height":464,"caption":"publicsn"},{"@type":"BreadcrumbList","@id":"https:\/\/www.public.sn\/index.php\/2022\/11\/04\/les-femmes-veulent-le-relevement-de-lage-du-mariage-a-18-ans\/#breadcrumb","itemListElement":[{"@type":"ListItem","position":1,"name":"Accueil","item":"https:\/\/www.public.sn\/"},{"@type":"ListItem","position":2,"name":"Les femmes veulent le rel\u00e8vement de l&rsquo;\u00e2ge du mariage \u00e0 18 ans."}]},{"@type":"WebSite","@id":"https:\/\/www.public.sn\/#website","url":"https:\/\/www.public.sn\/","name":"LE PUBLIC","description":"","publisher":{"@id":"https:\/\/www.public.sn\/#organization"},"potentialAction":[{"@type":"SearchAction","target":{"@type":"EntryPoint","urlTemplate":"https:\/\/www.public.sn\/?s={search_term_string}"},"query-input":{"@type":"PropertyValueSpecification","valueRequired":true,"valueName":"search_term_string"}}],"inLanguage":"fr-FR"},{"@type":"Organization","@id":"https:\/\/www.public.sn\/#organization","name":"LE PUBLIC","url":"https:\/\/www.public.sn\/","logo":{"@type":"ImageObject","inLanguage":"fr-FR","@id":"https:\/\/www.public.sn\/#\/schema\/logo\/image\/","url":"https:\/\/www.public.sn\/wp-content\/uploads\/2024\/05\/cropped-LOGO-PUBLIC.SN_.png","contentUrl":"https:\/\/www.public.sn\/wp-content\/uploads\/2024\/05\/cropped-LOGO-PUBLIC.SN_.png","width":682,"height":192,"caption":"LE PUBLIC"},"image":{"@id":"https:\/\/www.public.sn\/#\/schema\/logo\/image\/"}},{"@type":"Person","@id":"https:\/\/www.public.sn\/#\/schema\/person\/cb76c8e1b8becc6be61fb5e92d6d0224","name":"LA REDACTION","image":{"@type":"ImageObject","inLanguage":"fr-FR","@id":"https:\/\/www.public.sn\/#\/schema\/person\/image\/","url":"https:\/\/secure.gravatar.com\/avatar\/2dce5ddd34b8fef0180efe03aa2a9bee7d953856048f9a16b298190a3178407c?s=96&d=mm&r=g","contentUrl":"https:\/\/secure.gravatar.com\/avatar\/2dce5ddd34b8fef0180efe03aa2a9bee7d953856048f9a16b298190a3178407c?s=96&d=mm&r=g","caption":"LA REDACTION"},"url":"https:\/\/www.public.sn\/index.php\/author\/editeurpsn\/"}]}},"jetpack_featured_media_url":"https:\/\/www.public.sn\/wp-content\/uploads\/2022\/11\/aa-1.jpg","jetpack_sharing_enabled":true,"_links":{"self":[{"href":"https:\/\/www.public.sn\/index.php\/wp-json\/wp\/v2\/posts\/6987","targetHints":{"allow":["GET"]}}],"collection":[{"href":"https:\/\/www.public.sn\/index.php\/wp-json\/wp\/v2\/posts"}],"about":[{"href":"https:\/\/www.public.sn\/index.php\/wp-json\/wp\/v2\/types\/post"}],"author":[{"embeddable":true,"href":"https:\/\/www.public.sn\/index.php\/wp-json\/wp\/v2\/users\/7"}],"replies":[{"embeddable":true,"href":"https:\/\/www.public.sn\/index.php\/wp-json\/wp\/v2\/comments?post=6987"}],"version-history":[{"count":1,"href":"https:\/\/www.public.sn\/index.php\/wp-json\/wp\/v2\/posts\/6987\/revisions"}],"predecessor-version":[{"id":6989,"href":"https:\/\/www.public.sn\/index.php\/wp-json\/wp\/v2\/posts\/6987\/revisions\/6989"}],"wp:featuredmedia":[{"embeddable":true,"href":"https:\/\/www.public.sn\/index.php\/wp-json\/wp\/v2\/media\/6988"}],"wp:attachment":[{"href":"https:\/\/www.public.sn\/index.php\/wp-json\/wp\/v2\/media?parent=6987"}],"wp:term":[{"taxonomy":"category","embeddable":true,"href":"https:\/\/www.public.sn\/index.php\/wp-json\/wp\/v2\/categories?post=6987"},{"taxonomy":"post_tag","embeddable":true,"href":"https:\/\/www.public.sn\/index.php\/wp-json\/wp\/v2\/tags?post=6987"}],"curies":[{"name":"wp","href":"https:\/\/api.w.org\/{rel}","templated":true}]}}