{"id":7007,"date":"2022-11-05T10:02:15","date_gmt":"2022-11-05T10:02:15","guid":{"rendered":"https:\/\/www.public.sn\/?p=7007"},"modified":"2022-11-05T10:02:16","modified_gmt":"2022-11-05T10:02:16","slug":"attaque-contre-adji-sarr-une-journaliste-de-sonko-tv-en-prison","status":"publish","type":"post","link":"https:\/\/www.public.sn\/index.php\/2022\/11\/05\/attaque-contre-adji-sarr-une-journaliste-de-sonko-tv-en-prison\/","title":{"rendered":"<strong>Attaque contre Adji&nbsp; Sarr&nbsp;: Une journaliste de \u00ab&nbsp;Sonko Tv&nbsp;\u00bb en prison.<\/strong>"},"content":{"rendered":"\n<p>Apres Papito&nbsp; Kara, Othmane Diagne&nbsp; et certains membres de Pastef envoy\u00e9s en prison, une dame du nom de N.S.Ndao, membre du groupe whatsapp \u00ab&nbsp;Sonko Tv&nbsp;\u00bb a \u00e9t\u00e9 arr\u00eat\u00e9e et plac\u00e9e sous mandat de d\u00e9p\u00f4t par le procureur.<\/p><div class=\"publi-paragraphe1\" style=\"margin-top: 10px;margin-bottom: 10px;margin-left: auto;margin-right: auto;text-align: center;\" id=\"publi-1068710214\"><div class=\"publi-adlabel\">Publicit\u00e9<\/div><script async src=\"\/\/pagead2.googlesyndication.com\/pagead\/js\/adsbygoogle.js?client=ca-pub-4089586018074219\" crossorigin=\"anonymous\"><\/script><ins class=\"adsbygoogle\" style=\"display:block;\" data-ad-client=\"ca-pub-4089586018074219\" \ndata-ad-slot=\"2087940154\" \ndata-ad-format=\"auto\"><\/ins>\n<script> \n(adsbygoogle = window.adsbygoogle || []).push({}); \n<\/script>\n<\/div>\n\n\n\n<p>D\u2019apr\u00e8s le journal l\u2019Observateur, elle &nbsp;est poursuivie&nbsp; pour collecte illicite de donn\u00e9es \u00e0 caract\u00e8re personnelle et mise en danger de la vie d\u2019Adji Sarr qui accuse Ousmane Sonko de viol. Selon toujours l\u2019Obs&nbsp;, elle est all\u00e9e \u00e0 Mermoz pour filmer la villa ou loge cette derni\u00e8re avant de partager le film dans le groupe whatsapp avec des commentaires \u00e0 l\u2019appui. \u00ab&nbsp;Mes amis, vous voyez la maison au fond de l\u2019angle, c\u2019est l\u00e0 o\u00f9 habite Adji Sarr. D\u2019ailleurs elle a souvent l\u2019habitude de se mettre au balcon&nbsp;\u00bb poste t elle avec ses commentaires.<\/p>\n\n\n\n<p>Une autre fille qui a re\u00e7u la vid\u00e9o dans le groupe planifie m\u00eame son plan d\u2019attaque \u00ab\u00a0c\u2019est bien que nous connaissons maintenant la villa. D\u00e9sormais, je vais informer des amis et on va attaquer la maison par des jets de pierres\u00a0\u00bb, propose une autre dame de Sonko Tv. Les policiers ont ainsi pu remonter la source avant de mettre la main sur la dame qui devra r\u00e9pondre des d\u00e9lits de collecte illicite de donn\u00e9es \u00e0 caract\u00e8re personnelle et mise en danger de la vie d\u2019autrui.<\/p>\n\n\n\n<p>Maimouna Niang.<\/p>\n<div class=\"publi-apres-le-contenu\" style=\"margin-top: 10px;margin-bottom: 10px;margin-left: auto;margin-right: auto;text-align: center;\" id=\"publi-3908357697\"><div class=\"publi-adlabel\">Publicit\u00e9<\/div><script async src=\"\/\/pagead2.googlesyndication.com\/pagead\/js\/adsbygoogle.js?client=ca-pub-4089586018074219\" crossorigin=\"anonymous\"><\/script><ins class=\"adsbygoogle\" style=\"display:block;\" data-ad-client=\"ca-pub-4089586018074219\" \ndata-ad-slot=\"2087940154\" \ndata-ad-format=\"auto\"><\/ins>\n<script> \n(adsbygoogle = window.adsbygoogle || []).push({}); \n<\/script>\n<\/div>","protected":false},"excerpt":{"rendered":"<p>Apres Papito&nbsp; Kara, Othmane Diagne&nbsp; et certains membres de Pastef envoy\u00e9s en prison, une dame du nom de N.S.Ndao, membre du groupe whatsapp \u00ab&nbsp;Sonko Tv&nbsp;\u00bb a \u00e9t\u00e9 arr\u00eat\u00e9e et plac\u00e9e sous mandat de d\u00e9p\u00f4t par le procureur. D\u2019apr\u00e8s le journal l\u2019Observateur, elle &nbsp;est poursuivie&nbsp; pour collecte illicite de donn\u00e9es \u00e0 caract\u00e8re personnelle et mise en danger de la vie d\u2019Adji Sarr qui accuse Ousmane Sonko de viol. Selon toujours l\u2019Obs&nbsp;, elle est all\u00e9e \u00e0 Mermoz pour filmer la villa ou loge cette derni\u00e8re avant de partager le film dans le groupe whatsapp avec des commentaires \u00e0 l\u2019appui. \u00ab&nbsp;Mes amis, vous voyez la maison au fond de l\u2019angle, c\u2019est l\u00e0 o\u00f9 habite Adji Sarr. D\u2019ailleurs elle a souvent l\u2019habitude de se mettre au balcon&nbsp;\u00bb poste t elle avec ses commentaires. Une autre fille qui a re\u00e7u la vid\u00e9o dans le groupe planifie m\u00eame son plan d\u2019attaque \u00ab\u00a0c\u2019est bien que nous connaissons maintenant la villa. D\u00e9sormais, je vais informer des amis et on va attaquer la maison par des jets de pierres\u00a0\u00bb, propose une autre dame de Sonko Tv. Les policiers ont ainsi pu remonter la source avant de mettre la main sur la dame qui devra r\u00e9pondre des d\u00e9lits de collecte illicite de donn\u00e9es \u00e0 caract\u00e8re personnelle et mise en danger de la vie d\u2019autrui. Maimouna Niang.<\/p>\n","protected":false},"author":1,"featured_media":7022,"comment_status":"open","ping_status":"open","sticky":false,"template":"","format":"standard","meta":{"_jetpack_memberships_contains_paid_content":false,"footnotes":""},"categories":[375,1,4],"tags":[2458,167,2459],"class_list":["post-7007","post","type-post","status-publish","format-standard","has-post-thumbnail","hentry","category-actualites","category-non-classe","category-societe","tag-attaque-adji-sarr","tag-journaliste","tag-sonko-tv","entry","has-media","owp-thumbs-layout-horizontal","owp-btn-normal","owp-tabs-layout-horizontal","has-no-thumbnails","has-product-nav"],"yoast_head":"<!-- This site is optimized with the Yoast SEO plugin v25.5 - https:\/\/yoast.com\/wordpress\/plugins\/seo\/ -->\n<title>Attaque contre Adji&nbsp; Sarr&nbsp;: Une journaliste de \u00ab&nbsp;Sonko Tv&nbsp;\u00bb en prison. - LE PUBLIC<\/title>\n<meta name=\"robots\" content=\"index, follow, max-snippet:-1, max-image-preview:large, max-video-preview:-1\" \/>\n<link rel=\"canonical\" href=\"https:\/\/www.public.sn\/index.php\/2022\/11\/05\/attaque-contre-adji-sarr-une-journaliste-de-sonko-tv-en-prison\/\" \/>\n<meta property=\"og:locale\" content=\"fr_FR\" \/>\n<meta property=\"og:type\" content=\"article\" \/>\n<meta property=\"og:title\" content=\"Attaque contre Adji&nbsp; Sarr&nbsp;: Une journaliste de \u00ab&nbsp;Sonko Tv&nbsp;\u00bb en prison. - LE PUBLIC\" \/>\n<meta property=\"og:description\" content=\"Apres Papito&nbsp; Kara, Othmane Diagne&nbsp; et certains membres de Pastef envoy\u00e9s en prison, une dame du nom de N.S.Ndao, membre du groupe whatsapp \u00ab&nbsp;Sonko Tv&nbsp;\u00bb a \u00e9t\u00e9 arr\u00eat\u00e9e et plac\u00e9e sous mandat de d\u00e9p\u00f4t par le procureur. D\u2019apr\u00e8s le journal l\u2019Observateur, elle &nbsp;est poursuivie&nbsp; pour collecte illicite de donn\u00e9es \u00e0 caract\u00e8re personnelle et mise en danger de la vie d\u2019Adji Sarr qui accuse Ousmane Sonko de viol. Selon toujours l\u2019Obs&nbsp;, elle est all\u00e9e \u00e0 Mermoz pour filmer la villa ou loge cette derni\u00e8re avant de partager le film dans le groupe whatsapp avec des commentaires \u00e0 l\u2019appui. \u00ab&nbsp;Mes amis, vous voyez la maison au fond de l\u2019angle, c\u2019est l\u00e0 o\u00f9 habite Adji Sarr. D\u2019ailleurs elle a souvent l\u2019habitude de se mettre au balcon&nbsp;\u00bb poste t elle avec ses commentaires. Une autre fille qui a re\u00e7u la vid\u00e9o dans le groupe planifie m\u00eame son plan d\u2019attaque \u00ab\u00a0c\u2019est bien que nous connaissons maintenant la villa. D\u00e9sormais, je vais informer des amis et on va attaquer la maison par des jets de pierres\u00a0\u00bb, propose une autre dame de Sonko Tv. Les policiers ont ainsi pu remonter la source avant de mettre la main sur la dame qui devra r\u00e9pondre des d\u00e9lits de collecte illicite de donn\u00e9es \u00e0 caract\u00e8re personnelle et mise en danger de la vie d\u2019autrui. Maimouna Niang.\" \/>\n<meta property=\"og:url\" content=\"https:\/\/www.public.sn\/index.php\/2022\/11\/05\/attaque-contre-adji-sarr-une-journaliste-de-sonko-tv-en-prison\/\" \/>\n<meta property=\"og:site_name\" content=\"LE PUBLIC\" \/>\n<meta property=\"article:published_time\" content=\"2022-11-05T10:02:15+00:00\" \/>\n<meta property=\"article:modified_time\" content=\"2022-11-05T10:02:16+00:00\" \/>\n<meta property=\"og:image\" content=\"https:\/\/www.public.sn\/wp-content\/uploads\/2022\/11\/adji-sarr-1-1024x620-1.jpg\" \/>\n\t<meta property=\"og:image:width\" content=\"1024\" \/>\n\t<meta property=\"og:image:height\" content=\"620\" \/>\n\t<meta property=\"og:image:type\" content=\"image\/jpeg\" \/>\n<meta name=\"author\" content=\"LA REDACTION\" \/>\n<meta name=\"twitter:card\" content=\"summary_large_image\" \/>\n<meta name=\"twitter:label1\" content=\"\u00c9crit par\" \/>\n\t<meta name=\"twitter:data1\" content=\"LA REDACTION\" \/>\n\t<meta name=\"twitter:label2\" content=\"Dur\u00e9e de lecture estim\u00e9e\" \/>\n\t<meta name=\"twitter:data2\" content=\"2 minutes\" \/>\n<script type=\"application\/ld+json\" class=\"yoast-schema-graph\">{\"@context\":\"https:\/\/schema.org\",\"@graph\":[{\"@type\":\"Article\",\"@id\":\"https:\/\/www.public.sn\/index.php\/2022\/11\/05\/attaque-contre-adji-sarr-une-journaliste-de-sonko-tv-en-prison\/#article\",\"isPartOf\":{\"@id\":\"https:\/\/www.public.sn\/index.php\/2022\/11\/05\/attaque-contre-adji-sarr-une-journaliste-de-sonko-tv-en-prison\/\"},\"author\":{\"name\":\"LA REDACTION\",\"@id\":\"https:\/\/www.public.sn\/#\/schema\/person\/e3f4a11b037d4203902db148f9bc8d5a\"},\"headline\":\"Attaque contre Adji&nbsp; Sarr&nbsp;: Une journaliste de \u00ab&nbsp;Sonko Tv&nbsp;\u00bb en prison.\",\"datePublished\":\"2022-11-05T10:02:15+00:00\",\"dateModified\":\"2022-11-05T10:02:16+00:00\",\"mainEntityOfPage\":{\"@id\":\"https:\/\/www.public.sn\/index.php\/2022\/11\/05\/attaque-contre-adji-sarr-une-journaliste-de-sonko-tv-en-prison\/\"},\"wordCount\":269,\"commentCount\":0,\"publisher\":{\"@id\":\"https:\/\/www.public.sn\/#organization\"},\"image\":{\"@id\":\"https:\/\/www.public.sn\/index.php\/2022\/11\/05\/attaque-contre-adji-sarr-une-journaliste-de-sonko-tv-en-prison\/#primaryimage\"},\"thumbnailUrl\":\"https:\/\/www.public.sn\/wp-content\/uploads\/2022\/11\/adji-sarr-1-1024x620-1.jpg\",\"keywords\":[\"ATTAQUE ADJI SARR\",\"Journaliste\",\"sonko tv\"],\"articleSection\":[\"ACTUALIT\u00c9S\",\"S\u00c9N\u00c9GAL\",\"SOCIETE\"],\"inLanguage\":\"fr-FR\",\"potentialAction\":[{\"@type\":\"CommentAction\",\"name\":\"Comment\",\"target\":[\"https:\/\/www.public.sn\/index.php\/2022\/11\/05\/attaque-contre-adji-sarr-une-journaliste-de-sonko-tv-en-prison\/#respond\"]}]},{\"@type\":\"WebPage\",\"@id\":\"https:\/\/www.public.sn\/index.php\/2022\/11\/05\/attaque-contre-adji-sarr-une-journaliste-de-sonko-tv-en-prison\/\",\"url\":\"https:\/\/www.public.sn\/index.php\/2022\/11\/05\/attaque-contre-adji-sarr-une-journaliste-de-sonko-tv-en-prison\/\",\"name\":\"Attaque contre Adji&nbsp; Sarr&nbsp;: Une journaliste de \u00ab&nbsp;Sonko Tv&nbsp;\u00bb en prison. - LE PUBLIC\",\"isPartOf\":{\"@id\":\"https:\/\/www.public.sn\/#website\"},\"primaryImageOfPage\":{\"@id\":\"https:\/\/www.public.sn\/index.php\/2022\/11\/05\/attaque-contre-adji-sarr-une-journaliste-de-sonko-tv-en-prison\/#primaryimage\"},\"image\":{\"@id\":\"https:\/\/www.public.sn\/index.php\/2022\/11\/05\/attaque-contre-adji-sarr-une-journaliste-de-sonko-tv-en-prison\/#primaryimage\"},\"thumbnailUrl\":\"https:\/\/www.public.sn\/wp-content\/uploads\/2022\/11\/adji-sarr-1-1024x620-1.jpg\",\"datePublished\":\"2022-11-05T10:02:15+00:00\",\"dateModified\":\"2022-11-05T10:02:16+00:00\",\"breadcrumb\":{\"@id\":\"https:\/\/www.public.sn\/index.php\/2022\/11\/05\/attaque-contre-adji-sarr-une-journaliste-de-sonko-tv-en-prison\/#breadcrumb\"},\"inLanguage\":\"fr-FR\",\"potentialAction\":[{\"@type\":\"ReadAction\",\"target\":[\"https:\/\/www.public.sn\/index.php\/2022\/11\/05\/attaque-contre-adji-sarr-une-journaliste-de-sonko-tv-en-prison\/\"]}]},{\"@type\":\"ImageObject\",\"inLanguage\":\"fr-FR\",\"@id\":\"https:\/\/www.public.sn\/index.php\/2022\/11\/05\/attaque-contre-adji-sarr-une-journaliste-de-sonko-tv-en-prison\/#primaryimage\",\"url\":\"https:\/\/www.public.sn\/wp-content\/uploads\/2022\/11\/adji-sarr-1-1024x620-1.jpg\",\"contentUrl\":\"https:\/\/www.public.sn\/wp-content\/uploads\/2022\/11\/adji-sarr-1-1024x620-1.jpg\",\"width\":1024,\"height\":620,\"caption\":\"publicsn\"},{\"@type\":\"BreadcrumbList\",\"@id\":\"https:\/\/www.public.sn\/index.php\/2022\/11\/05\/attaque-contre-adji-sarr-une-journaliste-de-sonko-tv-en-prison\/#breadcrumb\",\"itemListElement\":[{\"@type\":\"ListItem\",\"position\":1,\"name\":\"Accueil\",\"item\":\"https:\/\/www.public.sn\/\"},{\"@type\":\"ListItem\",\"position\":2,\"name\":\"Attaque contre Adji&nbsp; Sarr&nbsp;: Une journaliste de \u00ab&nbsp;Sonko Tv&nbsp;\u00bb en prison.\"}]},{\"@type\":\"WebSite\",\"@id\":\"https:\/\/www.public.sn\/#website\",\"url\":\"https:\/\/www.public.sn\/\",\"name\":\"LE PUBLIC\",\"description\":\"\",\"publisher\":{\"@id\":\"https:\/\/www.public.sn\/#organization\"},\"potentialAction\":[{\"@type\":\"SearchAction\",\"target\":{\"@type\":\"EntryPoint\",\"urlTemplate\":\"https:\/\/www.public.sn\/?s={search_term_string}\"},\"query-input\":{\"@type\":\"PropertyValueSpecification\",\"valueRequired\":true,\"valueName\":\"search_term_string\"}}],\"inLanguage\":\"fr-FR\"},{\"@type\":\"Organization\",\"@id\":\"https:\/\/www.public.sn\/#organization\",\"name\":\"LE PUBLIC\",\"url\":\"https:\/\/www.public.sn\/\",\"logo\":{\"@type\":\"ImageObject\",\"inLanguage\":\"fr-FR\",\"@id\":\"https:\/\/www.public.sn\/#\/schema\/logo\/image\/\",\"url\":\"https:\/\/www.public.sn\/wp-content\/uploads\/2024\/05\/cropped-LOGO-PUBLIC.SN_.png\",\"contentUrl\":\"https:\/\/www.public.sn\/wp-content\/uploads\/2024\/05\/cropped-LOGO-PUBLIC.SN_.png\",\"width\":682,\"height\":192,\"caption\":\"LE PUBLIC\"},\"image\":{\"@id\":\"https:\/\/www.public.sn\/#\/schema\/logo\/image\/\"}},{\"@type\":\"Person\",\"@id\":\"https:\/\/www.public.sn\/#\/schema\/person\/e3f4a11b037d4203902db148f9bc8d5a\",\"name\":\"LA REDACTION\",\"image\":{\"@type\":\"ImageObject\",\"inLanguage\":\"fr-FR\",\"@id\":\"https:\/\/www.public.sn\/#\/schema\/person\/image\/\",\"url\":\"https:\/\/secure.gravatar.com\/avatar\/d6c030db45db2883c075085c5d6c6258654a801a93766b49af0b82d4f454e2a5?s=96&d=mm&r=g\",\"contentUrl\":\"https:\/\/secure.gravatar.com\/avatar\/d6c030db45db2883c075085c5d6c6258654a801a93766b49af0b82d4f454e2a5?s=96&d=mm&r=g\",\"caption\":\"LA REDACTION\"},\"sameAs\":[\"http:\/\/www.public.sn\"],\"url\":\"https:\/\/www.public.sn\/index.php\/author\/admin7324\/\"}]}<\/script>\n<!-- \/ Yoast SEO plugin. -->","yoast_head_json":{"title":"Attaque contre Adji&nbsp; Sarr&nbsp;: Une journaliste de \u00ab&nbsp;Sonko Tv&nbsp;\u00bb en prison. - LE PUBLIC","robots":{"index":"index","follow":"follow","max-snippet":"max-snippet:-1","max-image-preview":"max-image-preview:large","max-video-preview":"max-video-preview:-1"},"canonical":"https:\/\/www.public.sn\/index.php\/2022\/11\/05\/attaque-contre-adji-sarr-une-journaliste-de-sonko-tv-en-prison\/","og_locale":"fr_FR","og_type":"article","og_title":"Attaque contre Adji&nbsp; Sarr&nbsp;: Une journaliste de \u00ab&nbsp;Sonko Tv&nbsp;\u00bb en prison. - LE PUBLIC","og_description":"Apres Papito&nbsp; Kara, Othmane Diagne&nbsp; et certains membres de Pastef envoy\u00e9s en prison, une dame du nom de N.S.Ndao, membre du groupe whatsapp \u00ab&nbsp;Sonko Tv&nbsp;\u00bb a \u00e9t\u00e9 arr\u00eat\u00e9e et plac\u00e9e sous mandat de d\u00e9p\u00f4t par le procureur. D\u2019apr\u00e8s le journal l\u2019Observateur, elle &nbsp;est poursuivie&nbsp; pour collecte illicite de donn\u00e9es \u00e0 caract\u00e8re personnelle et mise en danger de la vie d\u2019Adji Sarr qui accuse Ousmane Sonko de viol. Selon toujours l\u2019Obs&nbsp;, elle est all\u00e9e \u00e0 Mermoz pour filmer la villa ou loge cette derni\u00e8re avant de partager le film dans le groupe whatsapp avec des commentaires \u00e0 l\u2019appui. \u00ab&nbsp;Mes amis, vous voyez la maison au fond de l\u2019angle, c\u2019est l\u00e0 o\u00f9 habite Adji Sarr. D\u2019ailleurs elle a souvent l\u2019habitude de se mettre au balcon&nbsp;\u00bb poste t elle avec ses commentaires. Une autre fille qui a re\u00e7u la vid\u00e9o dans le groupe planifie m\u00eame son plan d\u2019attaque \u00ab\u00a0c\u2019est bien que nous connaissons maintenant la villa. D\u00e9sormais, je vais informer des amis et on va attaquer la maison par des jets de pierres\u00a0\u00bb, propose une autre dame de Sonko Tv. Les policiers ont ainsi pu remonter la source avant de mettre la main sur la dame qui devra r\u00e9pondre des d\u00e9lits de collecte illicite de donn\u00e9es \u00e0 caract\u00e8re personnelle et mise en danger de la vie d\u2019autrui. Maimouna Niang.","og_url":"https:\/\/www.public.sn\/index.php\/2022\/11\/05\/attaque-contre-adji-sarr-une-journaliste-de-sonko-tv-en-prison\/","og_site_name":"LE PUBLIC","article_published_time":"2022-11-05T10:02:15+00:00","article_modified_time":"2022-11-05T10:02:16+00:00","og_image":[{"width":1024,"height":620,"url":"https:\/\/www.public.sn\/wp-content\/uploads\/2022\/11\/adji-sarr-1-1024x620-1.jpg","type":"image\/jpeg"}],"author":"LA REDACTION","twitter_card":"summary_large_image","twitter_misc":{"\u00c9crit par":"LA REDACTION","Dur\u00e9e de lecture estim\u00e9e":"2 minutes"},"schema":{"@context":"https:\/\/schema.org","@graph":[{"@type":"Article","@id":"https:\/\/www.public.sn\/index.php\/2022\/11\/05\/attaque-contre-adji-sarr-une-journaliste-de-sonko-tv-en-prison\/#article","isPartOf":{"@id":"https:\/\/www.public.sn\/index.php\/2022\/11\/05\/attaque-contre-adji-sarr-une-journaliste-de-sonko-tv-en-prison\/"},"author":{"name":"LA REDACTION","@id":"https:\/\/www.public.sn\/#\/schema\/person\/e3f4a11b037d4203902db148f9bc8d5a"},"headline":"Attaque contre Adji&nbsp; Sarr&nbsp;: Une journaliste de \u00ab&nbsp;Sonko Tv&nbsp;\u00bb en prison.","datePublished":"2022-11-05T10:02:15+00:00","dateModified":"2022-11-05T10:02:16+00:00","mainEntityOfPage":{"@id":"https:\/\/www.public.sn\/index.php\/2022\/11\/05\/attaque-contre-adji-sarr-une-journaliste-de-sonko-tv-en-prison\/"},"wordCount":269,"commentCount":0,"publisher":{"@id":"https:\/\/www.public.sn\/#organization"},"image":{"@id":"https:\/\/www.public.sn\/index.php\/2022\/11\/05\/attaque-contre-adji-sarr-une-journaliste-de-sonko-tv-en-prison\/#primaryimage"},"thumbnailUrl":"https:\/\/www.public.sn\/wp-content\/uploads\/2022\/11\/adji-sarr-1-1024x620-1.jpg","keywords":["ATTAQUE ADJI SARR","Journaliste","sonko tv"],"articleSection":["ACTUALIT\u00c9S","S\u00c9N\u00c9GAL","SOCIETE"],"inLanguage":"fr-FR","potentialAction":[{"@type":"CommentAction","name":"Comment","target":["https:\/\/www.public.sn\/index.php\/2022\/11\/05\/attaque-contre-adji-sarr-une-journaliste-de-sonko-tv-en-prison\/#respond"]}]},{"@type":"WebPage","@id":"https:\/\/www.public.sn\/index.php\/2022\/11\/05\/attaque-contre-adji-sarr-une-journaliste-de-sonko-tv-en-prison\/","url":"https:\/\/www.public.sn\/index.php\/2022\/11\/05\/attaque-contre-adji-sarr-une-journaliste-de-sonko-tv-en-prison\/","name":"Attaque contre Adji&nbsp; Sarr&nbsp;: Une journaliste de \u00ab&nbsp;Sonko Tv&nbsp;\u00bb en prison. - LE PUBLIC","isPartOf":{"@id":"https:\/\/www.public.sn\/#website"},"primaryImageOfPage":{"@id":"https:\/\/www.public.sn\/index.php\/2022\/11\/05\/attaque-contre-adji-sarr-une-journaliste-de-sonko-tv-en-prison\/#primaryimage"},"image":{"@id":"https:\/\/www.public.sn\/index.php\/2022\/11\/05\/attaque-contre-adji-sarr-une-journaliste-de-sonko-tv-en-prison\/#primaryimage"},"thumbnailUrl":"https:\/\/www.public.sn\/wp-content\/uploads\/2022\/11\/adji-sarr-1-1024x620-1.jpg","datePublished":"2022-11-05T10:02:15+00:00","dateModified":"2022-11-05T10:02:16+00:00","breadcrumb":{"@id":"https:\/\/www.public.sn\/index.php\/2022\/11\/05\/attaque-contre-adji-sarr-une-journaliste-de-sonko-tv-en-prison\/#breadcrumb"},"inLanguage":"fr-FR","potentialAction":[{"@type":"ReadAction","target":["https:\/\/www.public.sn\/index.php\/2022\/11\/05\/attaque-contre-adji-sarr-une-journaliste-de-sonko-tv-en-prison\/"]}]},{"@type":"ImageObject","inLanguage":"fr-FR","@id":"https:\/\/www.public.sn\/index.php\/2022\/11\/05\/attaque-contre-adji-sarr-une-journaliste-de-sonko-tv-en-prison\/#primaryimage","url":"https:\/\/www.public.sn\/wp-content\/uploads\/2022\/11\/adji-sarr-1-1024x620-1.jpg","contentUrl":"https:\/\/www.public.sn\/wp-content\/uploads\/2022\/11\/adji-sarr-1-1024x620-1.jpg","width":1024,"height":620,"caption":"publicsn"},{"@type":"BreadcrumbList","@id":"https:\/\/www.public.sn\/index.php\/2022\/11\/05\/attaque-contre-adji-sarr-une-journaliste-de-sonko-tv-en-prison\/#breadcrumb","itemListElement":[{"@type":"ListItem","position":1,"name":"Accueil","item":"https:\/\/www.public.sn\/"},{"@type":"ListItem","position":2,"name":"Attaque contre Adji&nbsp; Sarr&nbsp;: Une journaliste de \u00ab&nbsp;Sonko Tv&nbsp;\u00bb en prison."}]},{"@type":"WebSite","@id":"https:\/\/www.public.sn\/#website","url":"https:\/\/www.public.sn\/","name":"LE PUBLIC","description":"","publisher":{"@id":"https:\/\/www.public.sn\/#organization"},"potentialAction":[{"@type":"SearchAction","target":{"@type":"EntryPoint","urlTemplate":"https:\/\/www.public.sn\/?s={search_term_string}"},"query-input":{"@type":"PropertyValueSpecification","valueRequired":true,"valueName":"search_term_string"}}],"inLanguage":"fr-FR"},{"@type":"Organization","@id":"https:\/\/www.public.sn\/#organization","name":"LE PUBLIC","url":"https:\/\/www.public.sn\/","logo":{"@type":"ImageObject","inLanguage":"fr-FR","@id":"https:\/\/www.public.sn\/#\/schema\/logo\/image\/","url":"https:\/\/www.public.sn\/wp-content\/uploads\/2024\/05\/cropped-LOGO-PUBLIC.SN_.png","contentUrl":"https:\/\/www.public.sn\/wp-content\/uploads\/2024\/05\/cropped-LOGO-PUBLIC.SN_.png","width":682,"height":192,"caption":"LE PUBLIC"},"image":{"@id":"https:\/\/www.public.sn\/#\/schema\/logo\/image\/"}},{"@type":"Person","@id":"https:\/\/www.public.sn\/#\/schema\/person\/e3f4a11b037d4203902db148f9bc8d5a","name":"LA REDACTION","image":{"@type":"ImageObject","inLanguage":"fr-FR","@id":"https:\/\/www.public.sn\/#\/schema\/person\/image\/","url":"https:\/\/secure.gravatar.com\/avatar\/d6c030db45db2883c075085c5d6c6258654a801a93766b49af0b82d4f454e2a5?s=96&d=mm&r=g","contentUrl":"https:\/\/secure.gravatar.com\/avatar\/d6c030db45db2883c075085c5d6c6258654a801a93766b49af0b82d4f454e2a5?s=96&d=mm&r=g","caption":"LA REDACTION"},"sameAs":["http:\/\/www.public.sn"],"url":"https:\/\/www.public.sn\/index.php\/author\/admin7324\/"}]}},"jetpack_featured_media_url":"https:\/\/www.public.sn\/wp-content\/uploads\/2022\/11\/adji-sarr-1-1024x620-1.jpg","jetpack_sharing_enabled":true,"_links":{"self":[{"href":"https:\/\/www.public.sn\/index.php\/wp-json\/wp\/v2\/posts\/7007","targetHints":{"allow":["GET"]}}],"collection":[{"href":"https:\/\/www.public.sn\/index.php\/wp-json\/wp\/v2\/posts"}],"about":[{"href":"https:\/\/www.public.sn\/index.php\/wp-json\/wp\/v2\/types\/post"}],"author":[{"embeddable":true,"href":"https:\/\/www.public.sn\/index.php\/wp-json\/wp\/v2\/users\/1"}],"replies":[{"embeddable":true,"href":"https:\/\/www.public.sn\/index.php\/wp-json\/wp\/v2\/comments?post=7007"}],"version-history":[{"count":1,"href":"https:\/\/www.public.sn\/index.php\/wp-json\/wp\/v2\/posts\/7007\/revisions"}],"predecessor-version":[{"id":7023,"href":"https:\/\/www.public.sn\/index.php\/wp-json\/wp\/v2\/posts\/7007\/revisions\/7023"}],"wp:featuredmedia":[{"embeddable":true,"href":"https:\/\/www.public.sn\/index.php\/wp-json\/wp\/v2\/media\/7022"}],"wp:attachment":[{"href":"https:\/\/www.public.sn\/index.php\/wp-json\/wp\/v2\/media?parent=7007"}],"wp:term":[{"taxonomy":"category","embeddable":true,"href":"https:\/\/www.public.sn\/index.php\/wp-json\/wp\/v2\/categories?post=7007"},{"taxonomy":"post_tag","embeddable":true,"href":"https:\/\/www.public.sn\/index.php\/wp-json\/wp\/v2\/tags?post=7007"}],"curies":[{"name":"wp","href":"https:\/\/api.w.org\/{rel}","templated":true}]}}