{"id":709,"date":"2022-08-26T21:47:54","date_gmt":"2022-08-26T19:47:54","guid":{"rendered":"https:\/\/www.public.sn\/?p=709"},"modified":"2022-08-26T21:47:55","modified_gmt":"2022-08-26T19:47:55","slug":"la-societe-seneau-annonce-des-dysfonctionnements-dans-plusieurs-zones-de-dakar-et-du-pays","status":"publish","type":"post","link":"https:\/\/www.public.sn\/index.php\/2022\/08\/26\/la-societe-seneau-annonce-des-dysfonctionnements-dans-plusieurs-zones-de-dakar-et-du-pays\/","title":{"rendered":"La Soci\u00e9t\u00e9 Sen&rsquo;Eau annonce des dysfonctionnements dans plusieurs zones de Dakar et du pays."},"content":{"rendered":"\n<p>Demain samedi 27 aout, \u00e0 cause d\u2019op\u00e9rations de maintenance de la Senelec \u00e0 M\u00e9kh\u00e9, la soci\u00e9t\u00e9 Sen\u2019Eau annonce que son r\u00e9seau de distribution d\u2019eau sera touch\u00e9e dans plusieurs zones du S\u00e9n\u00e9gal.<\/p><div class=\"publi-paragraphe1\" style=\"margin-top: 10px;margin-bottom: 10px;margin-left: auto;margin-right: auto;text-align: center;\" id=\"publi-3982915719\"><div class=\"publi-adlabel\">Publicit\u00e9<\/div><script async src=\"\/\/pagead2.googlesyndication.com\/pagead\/js\/adsbygoogle.js?client=ca-pub-4089586018074219\" crossorigin=\"anonymous\"><\/script><ins class=\"adsbygoogle\" style=\"display:block;\" data-ad-client=\"ca-pub-4089586018074219\" \ndata-ad-slot=\"2087940154\" \ndata-ad-format=\"auto\"><\/ins>\n<script> \n(adsbygoogle = window.adsbygoogle || []).push({}); \n<\/script>\n<\/div>\n\n\n\n<p>A travers un communiqu\u00e9, la soci\u00e9t\u00e9 annonce que <strong><em>Louga, Thi\u00e8s, Joal Fadhiouth, Mbour, Rufisque <\/em><\/strong>et ses environs, <strong><em>Dakar<\/em><\/strong> et sa banlieue seront touch\u00e9s par une coupure d\u2019eau. Sur le m\u00eame communiqu\u00e9, Sen\u2019Eau annonce que les zones qui seront les plus touch\u00e9es seront <strong><em>Almadies, Yoff et Ngor<\/em><\/strong>.<\/p>\n\n\n\n<figure class=\"wp-block-image size-full\"><img fetchpriority=\"high\" decoding=\"async\" width=\"322\" height=\"423\" src=\"https:\/\/www.public.sn\/wp-content\/uploads\/2022\/08\/301542671_812566506823594_6084521679298825538_n-1-322x423-1.jpg\" alt=\"\" class=\"wp-image-710\" srcset=\"https:\/\/www.public.sn\/wp-content\/uploads\/2022\/08\/301542671_812566506823594_6084521679298825538_n-1-322x423-1.jpg 322w, https:\/\/www.public.sn\/wp-content\/uploads\/2022\/08\/301542671_812566506823594_6084521679298825538_n-1-322x423-1-228x300.jpg 228w\" sizes=\"(max-width: 322px) 100vw, 322px\" \/><\/figure>\n\n\n\n<p><em>R\u00e9dactions Public SN<\/em><\/p>\n<div class=\"publi-apres-le-contenu\" style=\"margin-top: 10px;margin-bottom: 10px;margin-left: auto;margin-right: auto;text-align: center;\" id=\"publi-486819699\"><div class=\"publi-adlabel\">Publicit\u00e9<\/div><script async src=\"\/\/pagead2.googlesyndication.com\/pagead\/js\/adsbygoogle.js?client=ca-pub-4089586018074219\" crossorigin=\"anonymous\"><\/script><ins class=\"adsbygoogle\" style=\"display:block;\" data-ad-client=\"ca-pub-4089586018074219\" \ndata-ad-slot=\"2087940154\" \ndata-ad-format=\"auto\"><\/ins>\n<script> \n(adsbygoogle = window.adsbygoogle || []).push({}); \n<\/script>\n<\/div>","protected":false},"excerpt":{"rendered":"<p>Demain samedi 27 aout, \u00e0 cause d\u2019op\u00e9rations de maintenance de la Senelec \u00e0 M\u00e9kh\u00e9, la soci\u00e9t\u00e9 Sen\u2019Eau annonce que son r\u00e9seau de distribution d\u2019eau sera touch\u00e9e dans plusieurs zones du S\u00e9n\u00e9gal. A travers un communiqu\u00e9, la soci\u00e9t\u00e9 annonce que Louga, Thi\u00e8s, Joal Fadhiouth, Mbour, Rufisque et ses environs, Dakar et sa banlieue seront touch\u00e9s par une coupure d\u2019eau. Sur le m\u00eame communiqu\u00e9, Sen\u2019Eau annonce que les zones qui seront les plus touch\u00e9es seront Almadies, Yoff et Ngor. R\u00e9dactions Public SN<\/p>\n","protected":false},"author":1,"featured_media":711,"comment_status":"open","ping_status":"open","sticky":false,"template":"","format":"standard","meta":{"_jetpack_memberships_contains_paid_content":false,"footnotes":""},"categories":[9,4],"tags":[],"class_list":["post-709","post","type-post","status-publish","format-standard","has-post-thumbnail","hentry","category-communique","category-societe","entry","has-media","owp-thumbs-layout-horizontal","owp-btn-normal","owp-tabs-layout-horizontal","has-no-thumbnails","has-product-nav"],"yoast_head":"<!-- This site is optimized with the Yoast SEO plugin v25.5 - https:\/\/yoast.com\/wordpress\/plugins\/seo\/ -->\n<title>La Soci\u00e9t\u00e9 Sen&#039;Eau annonce des dysfonctionnements dans plusieurs zones de Dakar et du pays. - LE PUBLIC<\/title>\n<meta name=\"robots\" content=\"index, follow, max-snippet:-1, max-image-preview:large, max-video-preview:-1\" \/>\n<link rel=\"canonical\" href=\"https:\/\/www.public.sn\/index.php\/2022\/08\/26\/la-societe-seneau-annonce-des-dysfonctionnements-dans-plusieurs-zones-de-dakar-et-du-pays\/\" \/>\n<meta property=\"og:locale\" content=\"fr_FR\" \/>\n<meta property=\"og:type\" content=\"article\" \/>\n<meta property=\"og:title\" content=\"La Soci\u00e9t\u00e9 Sen&#039;Eau annonce des dysfonctionnements dans plusieurs zones de Dakar et du pays. - LE PUBLIC\" \/>\n<meta property=\"og:description\" content=\"Demain samedi 27 aout, \u00e0 cause d\u2019op\u00e9rations de maintenance de la Senelec \u00e0 M\u00e9kh\u00e9, la soci\u00e9t\u00e9 Sen\u2019Eau annonce que son r\u00e9seau de distribution d\u2019eau sera touch\u00e9e dans plusieurs zones du S\u00e9n\u00e9gal. A travers un communiqu\u00e9, la soci\u00e9t\u00e9 annonce que Louga, Thi\u00e8s, Joal Fadhiouth, Mbour, Rufisque et ses environs, Dakar et sa banlieue seront touch\u00e9s par une coupure d\u2019eau. Sur le m\u00eame communiqu\u00e9, Sen\u2019Eau annonce que les zones qui seront les plus touch\u00e9es seront Almadies, Yoff et Ngor. R\u00e9dactions Public SN\" \/>\n<meta property=\"og:url\" content=\"https:\/\/www.public.sn\/index.php\/2022\/08\/26\/la-societe-seneau-annonce-des-dysfonctionnements-dans-plusieurs-zones-de-dakar-et-du-pays\/\" \/>\n<meta property=\"og:site_name\" content=\"LE PUBLIC\" \/>\n<meta property=\"article:published_time\" content=\"2022-08-26T19:47:54+00:00\" \/>\n<meta property=\"article:modified_time\" content=\"2022-08-26T19:47:55+00:00\" \/>\n<meta property=\"og:image\" content=\"https:\/\/www.public.sn\/wp-content\/uploads\/2022\/08\/sen-eau.png\" \/>\n\t<meta property=\"og:image:width\" content=\"1024\" \/>\n\t<meta property=\"og:image:height\" content=\"576\" \/>\n\t<meta property=\"og:image:type\" content=\"image\/png\" \/>\n<meta name=\"author\" content=\"LA REDACTION\" \/>\n<meta name=\"twitter:card\" content=\"summary_large_image\" \/>\n<meta name=\"twitter:label1\" content=\"\u00c9crit par\" \/>\n\t<meta name=\"twitter:data1\" content=\"LA REDACTION\" \/>\n\t<meta name=\"twitter:label2\" content=\"Dur\u00e9e de lecture estim\u00e9e\" \/>\n\t<meta name=\"twitter:data2\" content=\"1 minute\" \/>\n<script type=\"application\/ld+json\" class=\"yoast-schema-graph\">{\"@context\":\"https:\/\/schema.org\",\"@graph\":[{\"@type\":\"Article\",\"@id\":\"https:\/\/www.public.sn\/index.php\/2022\/08\/26\/la-societe-seneau-annonce-des-dysfonctionnements-dans-plusieurs-zones-de-dakar-et-du-pays\/#article\",\"isPartOf\":{\"@id\":\"https:\/\/www.public.sn\/index.php\/2022\/08\/26\/la-societe-seneau-annonce-des-dysfonctionnements-dans-plusieurs-zones-de-dakar-et-du-pays\/\"},\"author\":{\"name\":\"LA REDACTION\",\"@id\":\"https:\/\/www.public.sn\/#\/schema\/person\/e3f4a11b037d4203902db148f9bc8d5a\"},\"headline\":\"La Soci\u00e9t\u00e9 Sen&rsquo;Eau annonce des dysfonctionnements dans plusieurs zones de Dakar et du pays.\",\"datePublished\":\"2022-08-26T19:47:54+00:00\",\"dateModified\":\"2022-08-26T19:47:55+00:00\",\"mainEntityOfPage\":{\"@id\":\"https:\/\/www.public.sn\/index.php\/2022\/08\/26\/la-societe-seneau-annonce-des-dysfonctionnements-dans-plusieurs-zones-de-dakar-et-du-pays\/\"},\"wordCount\":110,\"commentCount\":0,\"publisher\":{\"@id\":\"https:\/\/www.public.sn\/#organization\"},\"image\":{\"@id\":\"https:\/\/www.public.sn\/index.php\/2022\/08\/26\/la-societe-seneau-annonce-des-dysfonctionnements-dans-plusieurs-zones-de-dakar-et-du-pays\/#primaryimage\"},\"thumbnailUrl\":\"https:\/\/www.public.sn\/wp-content\/uploads\/2022\/08\/sen-eau.png\",\"articleSection\":[\"COMMUNIQU\u00c9\",\"SOCIETE\"],\"inLanguage\":\"fr-FR\",\"potentialAction\":[{\"@type\":\"CommentAction\",\"name\":\"Comment\",\"target\":[\"https:\/\/www.public.sn\/index.php\/2022\/08\/26\/la-societe-seneau-annonce-des-dysfonctionnements-dans-plusieurs-zones-de-dakar-et-du-pays\/#respond\"]}]},{\"@type\":\"WebPage\",\"@id\":\"https:\/\/www.public.sn\/index.php\/2022\/08\/26\/la-societe-seneau-annonce-des-dysfonctionnements-dans-plusieurs-zones-de-dakar-et-du-pays\/\",\"url\":\"https:\/\/www.public.sn\/index.php\/2022\/08\/26\/la-societe-seneau-annonce-des-dysfonctionnements-dans-plusieurs-zones-de-dakar-et-du-pays\/\",\"name\":\"La Soci\u00e9t\u00e9 Sen'Eau annonce des dysfonctionnements dans plusieurs zones de Dakar et du pays. - LE PUBLIC\",\"isPartOf\":{\"@id\":\"https:\/\/www.public.sn\/#website\"},\"primaryImageOfPage\":{\"@id\":\"https:\/\/www.public.sn\/index.php\/2022\/08\/26\/la-societe-seneau-annonce-des-dysfonctionnements-dans-plusieurs-zones-de-dakar-et-du-pays\/#primaryimage\"},\"image\":{\"@id\":\"https:\/\/www.public.sn\/index.php\/2022\/08\/26\/la-societe-seneau-annonce-des-dysfonctionnements-dans-plusieurs-zones-de-dakar-et-du-pays\/#primaryimage\"},\"thumbnailUrl\":\"https:\/\/www.public.sn\/wp-content\/uploads\/2022\/08\/sen-eau.png\",\"datePublished\":\"2022-08-26T19:47:54+00:00\",\"dateModified\":\"2022-08-26T19:47:55+00:00\",\"breadcrumb\":{\"@id\":\"https:\/\/www.public.sn\/index.php\/2022\/08\/26\/la-societe-seneau-annonce-des-dysfonctionnements-dans-plusieurs-zones-de-dakar-et-du-pays\/#breadcrumb\"},\"inLanguage\":\"fr-FR\",\"potentialAction\":[{\"@type\":\"ReadAction\",\"target\":[\"https:\/\/www.public.sn\/index.php\/2022\/08\/26\/la-societe-seneau-annonce-des-dysfonctionnements-dans-plusieurs-zones-de-dakar-et-du-pays\/\"]}]},{\"@type\":\"ImageObject\",\"inLanguage\":\"fr-FR\",\"@id\":\"https:\/\/www.public.sn\/index.php\/2022\/08\/26\/la-societe-seneau-annonce-des-dysfonctionnements-dans-plusieurs-zones-de-dakar-et-du-pays\/#primaryimage\",\"url\":\"https:\/\/www.public.sn\/wp-content\/uploads\/2022\/08\/sen-eau.png\",\"contentUrl\":\"https:\/\/www.public.sn\/wp-content\/uploads\/2022\/08\/sen-eau.png\",\"width\":1024,\"height\":576},{\"@type\":\"BreadcrumbList\",\"@id\":\"https:\/\/www.public.sn\/index.php\/2022\/08\/26\/la-societe-seneau-annonce-des-dysfonctionnements-dans-plusieurs-zones-de-dakar-et-du-pays\/#breadcrumb\",\"itemListElement\":[{\"@type\":\"ListItem\",\"position\":1,\"name\":\"Accueil\",\"item\":\"https:\/\/www.public.sn\/\"},{\"@type\":\"ListItem\",\"position\":2,\"name\":\"La Soci\u00e9t\u00e9 Sen&rsquo;Eau annonce des dysfonctionnements dans plusieurs zones de Dakar et du pays.\"}]},{\"@type\":\"WebSite\",\"@id\":\"https:\/\/www.public.sn\/#website\",\"url\":\"https:\/\/www.public.sn\/\",\"name\":\"LE PUBLIC\",\"description\":\"\",\"publisher\":{\"@id\":\"https:\/\/www.public.sn\/#organization\"},\"potentialAction\":[{\"@type\":\"SearchAction\",\"target\":{\"@type\":\"EntryPoint\",\"urlTemplate\":\"https:\/\/www.public.sn\/?s={search_term_string}\"},\"query-input\":{\"@type\":\"PropertyValueSpecification\",\"valueRequired\":true,\"valueName\":\"search_term_string\"}}],\"inLanguage\":\"fr-FR\"},{\"@type\":\"Organization\",\"@id\":\"https:\/\/www.public.sn\/#organization\",\"name\":\"LE PUBLIC\",\"url\":\"https:\/\/www.public.sn\/\",\"logo\":{\"@type\":\"ImageObject\",\"inLanguage\":\"fr-FR\",\"@id\":\"https:\/\/www.public.sn\/#\/schema\/logo\/image\/\",\"url\":\"https:\/\/www.public.sn\/wp-content\/uploads\/2024\/05\/cropped-LOGO-PUBLIC.SN_.png\",\"contentUrl\":\"https:\/\/www.public.sn\/wp-content\/uploads\/2024\/05\/cropped-LOGO-PUBLIC.SN_.png\",\"width\":682,\"height\":192,\"caption\":\"LE PUBLIC\"},\"image\":{\"@id\":\"https:\/\/www.public.sn\/#\/schema\/logo\/image\/\"}},{\"@type\":\"Person\",\"@id\":\"https:\/\/www.public.sn\/#\/schema\/person\/e3f4a11b037d4203902db148f9bc8d5a\",\"name\":\"LA REDACTION\",\"image\":{\"@type\":\"ImageObject\",\"inLanguage\":\"fr-FR\",\"@id\":\"https:\/\/www.public.sn\/#\/schema\/person\/image\/\",\"url\":\"https:\/\/secure.gravatar.com\/avatar\/d6c030db45db2883c075085c5d6c6258654a801a93766b49af0b82d4f454e2a5?s=96&d=mm&r=g\",\"contentUrl\":\"https:\/\/secure.gravatar.com\/avatar\/d6c030db45db2883c075085c5d6c6258654a801a93766b49af0b82d4f454e2a5?s=96&d=mm&r=g\",\"caption\":\"LA REDACTION\"},\"sameAs\":[\"http:\/\/www.public.sn\"],\"url\":\"https:\/\/www.public.sn\/index.php\/author\/admin7324\/\"}]}<\/script>\n<!-- \/ Yoast SEO plugin. -->","yoast_head_json":{"title":"La Soci\u00e9t\u00e9 Sen'Eau annonce des dysfonctionnements dans plusieurs zones de Dakar et du pays. - LE PUBLIC","robots":{"index":"index","follow":"follow","max-snippet":"max-snippet:-1","max-image-preview":"max-image-preview:large","max-video-preview":"max-video-preview:-1"},"canonical":"https:\/\/www.public.sn\/index.php\/2022\/08\/26\/la-societe-seneau-annonce-des-dysfonctionnements-dans-plusieurs-zones-de-dakar-et-du-pays\/","og_locale":"fr_FR","og_type":"article","og_title":"La Soci\u00e9t\u00e9 Sen'Eau annonce des dysfonctionnements dans plusieurs zones de Dakar et du pays. - LE PUBLIC","og_description":"Demain samedi 27 aout, \u00e0 cause d\u2019op\u00e9rations de maintenance de la Senelec \u00e0 M\u00e9kh\u00e9, la soci\u00e9t\u00e9 Sen\u2019Eau annonce que son r\u00e9seau de distribution d\u2019eau sera touch\u00e9e dans plusieurs zones du S\u00e9n\u00e9gal. A travers un communiqu\u00e9, la soci\u00e9t\u00e9 annonce que Louga, Thi\u00e8s, Joal Fadhiouth, Mbour, Rufisque et ses environs, Dakar et sa banlieue seront touch\u00e9s par une coupure d\u2019eau. Sur le m\u00eame communiqu\u00e9, Sen\u2019Eau annonce que les zones qui seront les plus touch\u00e9es seront Almadies, Yoff et Ngor. R\u00e9dactions Public SN","og_url":"https:\/\/www.public.sn\/index.php\/2022\/08\/26\/la-societe-seneau-annonce-des-dysfonctionnements-dans-plusieurs-zones-de-dakar-et-du-pays\/","og_site_name":"LE PUBLIC","article_published_time":"2022-08-26T19:47:54+00:00","article_modified_time":"2022-08-26T19:47:55+00:00","og_image":[{"width":1024,"height":576,"url":"https:\/\/www.public.sn\/wp-content\/uploads\/2022\/08\/sen-eau.png","type":"image\/png"}],"author":"LA REDACTION","twitter_card":"summary_large_image","twitter_misc":{"\u00c9crit par":"LA REDACTION","Dur\u00e9e de lecture estim\u00e9e":"1 minute"},"schema":{"@context":"https:\/\/schema.org","@graph":[{"@type":"Article","@id":"https:\/\/www.public.sn\/index.php\/2022\/08\/26\/la-societe-seneau-annonce-des-dysfonctionnements-dans-plusieurs-zones-de-dakar-et-du-pays\/#article","isPartOf":{"@id":"https:\/\/www.public.sn\/index.php\/2022\/08\/26\/la-societe-seneau-annonce-des-dysfonctionnements-dans-plusieurs-zones-de-dakar-et-du-pays\/"},"author":{"name":"LA REDACTION","@id":"https:\/\/www.public.sn\/#\/schema\/person\/e3f4a11b037d4203902db148f9bc8d5a"},"headline":"La Soci\u00e9t\u00e9 Sen&rsquo;Eau annonce des dysfonctionnements dans plusieurs zones de Dakar et du pays.","datePublished":"2022-08-26T19:47:54+00:00","dateModified":"2022-08-26T19:47:55+00:00","mainEntityOfPage":{"@id":"https:\/\/www.public.sn\/index.php\/2022\/08\/26\/la-societe-seneau-annonce-des-dysfonctionnements-dans-plusieurs-zones-de-dakar-et-du-pays\/"},"wordCount":110,"commentCount":0,"publisher":{"@id":"https:\/\/www.public.sn\/#organization"},"image":{"@id":"https:\/\/www.public.sn\/index.php\/2022\/08\/26\/la-societe-seneau-annonce-des-dysfonctionnements-dans-plusieurs-zones-de-dakar-et-du-pays\/#primaryimage"},"thumbnailUrl":"https:\/\/www.public.sn\/wp-content\/uploads\/2022\/08\/sen-eau.png","articleSection":["COMMUNIQU\u00c9","SOCIETE"],"inLanguage":"fr-FR","potentialAction":[{"@type":"CommentAction","name":"Comment","target":["https:\/\/www.public.sn\/index.php\/2022\/08\/26\/la-societe-seneau-annonce-des-dysfonctionnements-dans-plusieurs-zones-de-dakar-et-du-pays\/#respond"]}]},{"@type":"WebPage","@id":"https:\/\/www.public.sn\/index.php\/2022\/08\/26\/la-societe-seneau-annonce-des-dysfonctionnements-dans-plusieurs-zones-de-dakar-et-du-pays\/","url":"https:\/\/www.public.sn\/index.php\/2022\/08\/26\/la-societe-seneau-annonce-des-dysfonctionnements-dans-plusieurs-zones-de-dakar-et-du-pays\/","name":"La Soci\u00e9t\u00e9 Sen'Eau annonce des dysfonctionnements dans plusieurs zones de Dakar et du pays. - LE PUBLIC","isPartOf":{"@id":"https:\/\/www.public.sn\/#website"},"primaryImageOfPage":{"@id":"https:\/\/www.public.sn\/index.php\/2022\/08\/26\/la-societe-seneau-annonce-des-dysfonctionnements-dans-plusieurs-zones-de-dakar-et-du-pays\/#primaryimage"},"image":{"@id":"https:\/\/www.public.sn\/index.php\/2022\/08\/26\/la-societe-seneau-annonce-des-dysfonctionnements-dans-plusieurs-zones-de-dakar-et-du-pays\/#primaryimage"},"thumbnailUrl":"https:\/\/www.public.sn\/wp-content\/uploads\/2022\/08\/sen-eau.png","datePublished":"2022-08-26T19:47:54+00:00","dateModified":"2022-08-26T19:47:55+00:00","breadcrumb":{"@id":"https:\/\/www.public.sn\/index.php\/2022\/08\/26\/la-societe-seneau-annonce-des-dysfonctionnements-dans-plusieurs-zones-de-dakar-et-du-pays\/#breadcrumb"},"inLanguage":"fr-FR","potentialAction":[{"@type":"ReadAction","target":["https:\/\/www.public.sn\/index.php\/2022\/08\/26\/la-societe-seneau-annonce-des-dysfonctionnements-dans-plusieurs-zones-de-dakar-et-du-pays\/"]}]},{"@type":"ImageObject","inLanguage":"fr-FR","@id":"https:\/\/www.public.sn\/index.php\/2022\/08\/26\/la-societe-seneau-annonce-des-dysfonctionnements-dans-plusieurs-zones-de-dakar-et-du-pays\/#primaryimage","url":"https:\/\/www.public.sn\/wp-content\/uploads\/2022\/08\/sen-eau.png","contentUrl":"https:\/\/www.public.sn\/wp-content\/uploads\/2022\/08\/sen-eau.png","width":1024,"height":576},{"@type":"BreadcrumbList","@id":"https:\/\/www.public.sn\/index.php\/2022\/08\/26\/la-societe-seneau-annonce-des-dysfonctionnements-dans-plusieurs-zones-de-dakar-et-du-pays\/#breadcrumb","itemListElement":[{"@type":"ListItem","position":1,"name":"Accueil","item":"https:\/\/www.public.sn\/"},{"@type":"ListItem","position":2,"name":"La Soci\u00e9t\u00e9 Sen&rsquo;Eau annonce des dysfonctionnements dans plusieurs zones de Dakar et du pays."}]},{"@type":"WebSite","@id":"https:\/\/www.public.sn\/#website","url":"https:\/\/www.public.sn\/","name":"LE PUBLIC","description":"","publisher":{"@id":"https:\/\/www.public.sn\/#organization"},"potentialAction":[{"@type":"SearchAction","target":{"@type":"EntryPoint","urlTemplate":"https:\/\/www.public.sn\/?s={search_term_string}"},"query-input":{"@type":"PropertyValueSpecification","valueRequired":true,"valueName":"search_term_string"}}],"inLanguage":"fr-FR"},{"@type":"Organization","@id":"https:\/\/www.public.sn\/#organization","name":"LE PUBLIC","url":"https:\/\/www.public.sn\/","logo":{"@type":"ImageObject","inLanguage":"fr-FR","@id":"https:\/\/www.public.sn\/#\/schema\/logo\/image\/","url":"https:\/\/www.public.sn\/wp-content\/uploads\/2024\/05\/cropped-LOGO-PUBLIC.SN_.png","contentUrl":"https:\/\/www.public.sn\/wp-content\/uploads\/2024\/05\/cropped-LOGO-PUBLIC.SN_.png","width":682,"height":192,"caption":"LE PUBLIC"},"image":{"@id":"https:\/\/www.public.sn\/#\/schema\/logo\/image\/"}},{"@type":"Person","@id":"https:\/\/www.public.sn\/#\/schema\/person\/e3f4a11b037d4203902db148f9bc8d5a","name":"LA REDACTION","image":{"@type":"ImageObject","inLanguage":"fr-FR","@id":"https:\/\/www.public.sn\/#\/schema\/person\/image\/","url":"https:\/\/secure.gravatar.com\/avatar\/d6c030db45db2883c075085c5d6c6258654a801a93766b49af0b82d4f454e2a5?s=96&d=mm&r=g","contentUrl":"https:\/\/secure.gravatar.com\/avatar\/d6c030db45db2883c075085c5d6c6258654a801a93766b49af0b82d4f454e2a5?s=96&d=mm&r=g","caption":"LA REDACTION"},"sameAs":["http:\/\/www.public.sn"],"url":"https:\/\/www.public.sn\/index.php\/author\/admin7324\/"}]}},"jetpack_featured_media_url":"https:\/\/www.public.sn\/wp-content\/uploads\/2022\/08\/sen-eau.png","jetpack_sharing_enabled":true,"_links":{"self":[{"href":"https:\/\/www.public.sn\/index.php\/wp-json\/wp\/v2\/posts\/709","targetHints":{"allow":["GET"]}}],"collection":[{"href":"https:\/\/www.public.sn\/index.php\/wp-json\/wp\/v2\/posts"}],"about":[{"href":"https:\/\/www.public.sn\/index.php\/wp-json\/wp\/v2\/types\/post"}],"author":[{"embeddable":true,"href":"https:\/\/www.public.sn\/index.php\/wp-json\/wp\/v2\/users\/1"}],"replies":[{"embeddable":true,"href":"https:\/\/www.public.sn\/index.php\/wp-json\/wp\/v2\/comments?post=709"}],"version-history":[{"count":1,"href":"https:\/\/www.public.sn\/index.php\/wp-json\/wp\/v2\/posts\/709\/revisions"}],"predecessor-version":[{"id":712,"href":"https:\/\/www.public.sn\/index.php\/wp-json\/wp\/v2\/posts\/709\/revisions\/712"}],"wp:featuredmedia":[{"embeddable":true,"href":"https:\/\/www.public.sn\/index.php\/wp-json\/wp\/v2\/media\/711"}],"wp:attachment":[{"href":"https:\/\/www.public.sn\/index.php\/wp-json\/wp\/v2\/media?parent=709"}],"wp:term":[{"taxonomy":"category","embeddable":true,"href":"https:\/\/www.public.sn\/index.php\/wp-json\/wp\/v2\/categories?post=709"},{"taxonomy":"post_tag","embeddable":true,"href":"https:\/\/www.public.sn\/index.php\/wp-json\/wp\/v2\/tags?post=709"}],"curies":[{"name":"wp","href":"https:\/\/api.w.org\/{rel}","templated":true}]}}