{"id":7119,"date":"2022-11-06T17:59:08","date_gmt":"2022-11-06T17:59:08","guid":{"rendered":"https:\/\/www.public.sn\/?p=7119"},"modified":"2022-11-06T18:06:36","modified_gmt":"2022-11-06T18:06:36","slug":"derniere-minute-le-journaliste-pape-ale-niang-arrete","status":"publish","type":"post","link":"https:\/\/www.public.sn\/index.php\/2022\/11\/06\/derniere-minute-le-journaliste-pape-ale-niang-arrete\/","title":{"rendered":"Derni\u00e8re minute : Le journaliste Pape Al\u00e9 Niang arr\u00eat\u00e9"},"content":{"rendered":"<p><strong>C&rsquo;est une information de derni\u00e8re minute. En effet, selon nos confr\u00e8res de Seneweb, Pape Al\u00e9 Niang serait arr\u00eat\u00e9 ce dimanche 06 novembre 2022 par les \u00e9l\u00e9ments de la Suret\u00e9 urbaine sur instruction du procureur de la R\u00e9publique.\u00a0<\/strong><\/p><div class=\"publi-paragraphe1\" style=\"margin-top: 10px;margin-bottom: 10px;margin-left: auto;margin-right: auto;text-align: center;\" id=\"publi-2501930142\"><div class=\"publi-adlabel\">Publicit\u00e9<\/div><script async src=\"\/\/pagead2.googlesyndication.com\/pagead\/js\/adsbygoogle.js?client=ca-pub-4089586018074219\" crossorigin=\"anonymous\"><\/script><ins class=\"adsbygoogle\" style=\"display:block;\" data-ad-client=\"ca-pub-4089586018074219\" \ndata-ad-slot=\"2087940154\" \ndata-ad-format=\"auto\"><\/ins>\n<script> \n(adsbygoogle = window.adsbygoogle || []).push({}); \n<\/script>\n<\/div>\n<p>Toujours selon la m\u00eame source, Pape Al\u00e9 Niang a \u00e9t\u00e9 achemin\u00e9 dans les locaux du commissariat central o\u00f9 il est actuellement en d\u00e9tention.<\/p>\n<p>L\u2019arrestation de Pape Al\u00e9 Niang serait li\u00e9e \u00e0 ses \u00ab r\u00e9v\u00e9lations explosives divulgu\u00e9es ces derniers jours sur l\u2019actualit\u00e9 notamment l\u2019affaire Ousmane Sonko-ADji Sarr \u00bb .<\/p>\n<p>Nous y reviendrons!<\/p>\n<div class=\"publi-apres-le-contenu\" style=\"margin-top: 10px;margin-bottom: 10px;margin-left: auto;margin-right: auto;text-align: center;\" id=\"publi-786673385\"><div class=\"publi-adlabel\">Publicit\u00e9<\/div><script async src=\"\/\/pagead2.googlesyndication.com\/pagead\/js\/adsbygoogle.js?client=ca-pub-4089586018074219\" crossorigin=\"anonymous\"><\/script><ins class=\"adsbygoogle\" style=\"display:block;\" data-ad-client=\"ca-pub-4089586018074219\" \ndata-ad-slot=\"2087940154\" \ndata-ad-format=\"auto\"><\/ins>\n<script> \n(adsbygoogle = window.adsbygoogle || []).push({}); \n<\/script>\n<\/div>","protected":false},"excerpt":{"rendered":"<p>C&rsquo;est une information de derni\u00e8re minute. En effet, selon nos confr\u00e8res de Seneweb, Pape Al\u00e9 Niang serait arr\u00eat\u00e9 ce dimanche 06 novembre 2022 par les \u00e9l\u00e9ments de la Suret\u00e9 urbaine sur instruction du procureur de la R\u00e9publique.\u00a0 Toujours selon la m\u00eame source, Pape Al\u00e9 Niang a \u00e9t\u00e9 achemin\u00e9 dans les locaux du commissariat central o\u00f9 il est actuellement en d\u00e9tention. L\u2019arrestation de Pape Al\u00e9 Niang serait li\u00e9e \u00e0 ses \u00ab r\u00e9v\u00e9lations explosives divulgu\u00e9es ces derniers jours sur l\u2019actualit\u00e9 notamment l\u2019affaire Ousmane Sonko-ADji Sarr \u00bb . Nous y reviendrons!<\/p>\n","protected":false},"author":1,"featured_media":7120,"comment_status":"open","ping_status":"open","sticky":false,"template":"","format":"standard","meta":{"_jetpack_memberships_contains_paid_content":false,"footnotes":""},"categories":[375,376,1,372],"tags":[1816,2489,2490],"class_list":["post-7119","post","type-post","status-publish","format-standard","has-post-thumbnail","hentry","category-actualites","category-securite-justice","category-non-classe","category-vedette","tag-arrete-3","tag-pape-ale-niang","tag-su","entry","has-media","owp-thumbs-layout-horizontal","owp-btn-normal","owp-tabs-layout-horizontal","has-no-thumbnails","has-product-nav"],"yoast_head":"<!-- This site is optimized with the Yoast SEO plugin v25.5 - https:\/\/yoast.com\/wordpress\/plugins\/seo\/ -->\n<title>Derni\u00e8re minute : Le journaliste Pape Al\u00e9 Niang arr\u00eat\u00e9 - LE PUBLIC<\/title>\n<meta name=\"robots\" content=\"index, follow, max-snippet:-1, max-image-preview:large, max-video-preview:-1\" \/>\n<link rel=\"canonical\" href=\"https:\/\/www.public.sn\/index.php\/2022\/11\/06\/derniere-minute-le-journaliste-pape-ale-niang-arrete\/\" \/>\n<meta property=\"og:locale\" content=\"fr_FR\" \/>\n<meta property=\"og:type\" content=\"article\" \/>\n<meta property=\"og:title\" content=\"Derni\u00e8re minute : Le journaliste Pape Al\u00e9 Niang arr\u00eat\u00e9 - LE PUBLIC\" \/>\n<meta property=\"og:description\" content=\"C&rsquo;est une information de derni\u00e8re minute. En effet, selon nos confr\u00e8res de Seneweb, Pape Al\u00e9 Niang serait arr\u00eat\u00e9 ce dimanche 06 novembre 2022 par les \u00e9l\u00e9ments de la Suret\u00e9 urbaine sur instruction du procureur de la R\u00e9publique.\u00a0 Toujours selon la m\u00eame source, Pape Al\u00e9 Niang a \u00e9t\u00e9 achemin\u00e9 dans les locaux du commissariat central o\u00f9 il est actuellement en d\u00e9tention. L\u2019arrestation de Pape Al\u00e9 Niang serait li\u00e9e \u00e0 ses \u00ab r\u00e9v\u00e9lations explosives divulgu\u00e9es ces derniers jours sur l\u2019actualit\u00e9 notamment l\u2019affaire Ousmane Sonko-ADji Sarr \u00bb . Nous y reviendrons!\" \/>\n<meta property=\"og:url\" content=\"https:\/\/www.public.sn\/index.php\/2022\/11\/06\/derniere-minute-le-journaliste-pape-ale-niang-arrete\/\" \/>\n<meta property=\"og:site_name\" content=\"LE PUBLIC\" \/>\n<meta property=\"article:published_time\" content=\"2022-11-06T17:59:08+00:00\" \/>\n<meta property=\"article:modified_time\" content=\"2022-11-06T18:06:36+00:00\" \/>\n<meta property=\"og:image\" content=\"https:\/\/www.public.sn\/wp-content\/uploads\/2022\/11\/pape-ale-niang5.jpg\" \/>\n\t<meta property=\"og:image:width\" content=\"696\" \/>\n\t<meta property=\"og:image:height\" content=\"392\" \/>\n\t<meta property=\"og:image:type\" content=\"image\/jpeg\" \/>\n<meta name=\"author\" content=\"LA REDACTION\" \/>\n<meta name=\"twitter:card\" content=\"summary_large_image\" \/>\n<meta name=\"twitter:label1\" content=\"\u00c9crit par\" \/>\n\t<meta name=\"twitter:data1\" content=\"LA REDACTION\" \/>\n\t<meta name=\"twitter:label2\" content=\"Dur\u00e9e de lecture estim\u00e9e\" \/>\n\t<meta name=\"twitter:data2\" content=\"1 minute\" \/>\n<script type=\"application\/ld+json\" class=\"yoast-schema-graph\">{\"@context\":\"https:\/\/schema.org\",\"@graph\":[{\"@type\":\"Article\",\"@id\":\"https:\/\/www.public.sn\/index.php\/2022\/11\/06\/derniere-minute-le-journaliste-pape-ale-niang-arrete\/#article\",\"isPartOf\":{\"@id\":\"https:\/\/www.public.sn\/index.php\/2022\/11\/06\/derniere-minute-le-journaliste-pape-ale-niang-arrete\/\"},\"author\":{\"name\":\"LA REDACTION\",\"@id\":\"https:\/\/www.public.sn\/#\/schema\/person\/e3f4a11b037d4203902db148f9bc8d5a\"},\"headline\":\"Derni\u00e8re minute : Le journaliste Pape Al\u00e9 Niang arr\u00eat\u00e9\",\"datePublished\":\"2022-11-06T17:59:08+00:00\",\"dateModified\":\"2022-11-06T18:06:36+00:00\",\"mainEntityOfPage\":{\"@id\":\"https:\/\/www.public.sn\/index.php\/2022\/11\/06\/derniere-minute-le-journaliste-pape-ale-niang-arrete\/\"},\"wordCount\":106,\"commentCount\":0,\"publisher\":{\"@id\":\"https:\/\/www.public.sn\/#organization\"},\"image\":{\"@id\":\"https:\/\/www.public.sn\/index.php\/2022\/11\/06\/derniere-minute-le-journaliste-pape-ale-niang-arrete\/#primaryimage\"},\"thumbnailUrl\":\"https:\/\/www.public.sn\/wp-content\/uploads\/2022\/11\/pape-ale-niang5.jpg\",\"keywords\":[\"Arr\u00eat\u00e9\",\"Pape Al\u00e9 Niang\",\"su\"],\"articleSection\":[\"ACTUALIT\u00c9S\",\"S\u00c9CURIT\u00c9 &amp; JUSTICE\",\"S\u00c9N\u00c9GAL\",\"VEDETTE\"],\"inLanguage\":\"fr-FR\",\"potentialAction\":[{\"@type\":\"CommentAction\",\"name\":\"Comment\",\"target\":[\"https:\/\/www.public.sn\/index.php\/2022\/11\/06\/derniere-minute-le-journaliste-pape-ale-niang-arrete\/#respond\"]}]},{\"@type\":\"WebPage\",\"@id\":\"https:\/\/www.public.sn\/index.php\/2022\/11\/06\/derniere-minute-le-journaliste-pape-ale-niang-arrete\/\",\"url\":\"https:\/\/www.public.sn\/index.php\/2022\/11\/06\/derniere-minute-le-journaliste-pape-ale-niang-arrete\/\",\"name\":\"Derni\u00e8re minute : Le journaliste Pape Al\u00e9 Niang arr\u00eat\u00e9 - LE PUBLIC\",\"isPartOf\":{\"@id\":\"https:\/\/www.public.sn\/#website\"},\"primaryImageOfPage\":{\"@id\":\"https:\/\/www.public.sn\/index.php\/2022\/11\/06\/derniere-minute-le-journaliste-pape-ale-niang-arrete\/#primaryimage\"},\"image\":{\"@id\":\"https:\/\/www.public.sn\/index.php\/2022\/11\/06\/derniere-minute-le-journaliste-pape-ale-niang-arrete\/#primaryimage\"},\"thumbnailUrl\":\"https:\/\/www.public.sn\/wp-content\/uploads\/2022\/11\/pape-ale-niang5.jpg\",\"datePublished\":\"2022-11-06T17:59:08+00:00\",\"dateModified\":\"2022-11-06T18:06:36+00:00\",\"breadcrumb\":{\"@id\":\"https:\/\/www.public.sn\/index.php\/2022\/11\/06\/derniere-minute-le-journaliste-pape-ale-niang-arrete\/#breadcrumb\"},\"inLanguage\":\"fr-FR\",\"potentialAction\":[{\"@type\":\"ReadAction\",\"target\":[\"https:\/\/www.public.sn\/index.php\/2022\/11\/06\/derniere-minute-le-journaliste-pape-ale-niang-arrete\/\"]}]},{\"@type\":\"ImageObject\",\"inLanguage\":\"fr-FR\",\"@id\":\"https:\/\/www.public.sn\/index.php\/2022\/11\/06\/derniere-minute-le-journaliste-pape-ale-niang-arrete\/#primaryimage\",\"url\":\"https:\/\/www.public.sn\/wp-content\/uploads\/2022\/11\/pape-ale-niang5.jpg\",\"contentUrl\":\"https:\/\/www.public.sn\/wp-content\/uploads\/2022\/11\/pape-ale-niang5.jpg\",\"width\":696,\"height\":392},{\"@type\":\"BreadcrumbList\",\"@id\":\"https:\/\/www.public.sn\/index.php\/2022\/11\/06\/derniere-minute-le-journaliste-pape-ale-niang-arrete\/#breadcrumb\",\"itemListElement\":[{\"@type\":\"ListItem\",\"position\":1,\"name\":\"Accueil\",\"item\":\"https:\/\/www.public.sn\/\"},{\"@type\":\"ListItem\",\"position\":2,\"name\":\"Derni\u00e8re minute : Le journaliste Pape Al\u00e9 Niang arr\u00eat\u00e9\"}]},{\"@type\":\"WebSite\",\"@id\":\"https:\/\/www.public.sn\/#website\",\"url\":\"https:\/\/www.public.sn\/\",\"name\":\"LE PUBLIC\",\"description\":\"\",\"publisher\":{\"@id\":\"https:\/\/www.public.sn\/#organization\"},\"potentialAction\":[{\"@type\":\"SearchAction\",\"target\":{\"@type\":\"EntryPoint\",\"urlTemplate\":\"https:\/\/www.public.sn\/?s={search_term_string}\"},\"query-input\":{\"@type\":\"PropertyValueSpecification\",\"valueRequired\":true,\"valueName\":\"search_term_string\"}}],\"inLanguage\":\"fr-FR\"},{\"@type\":\"Organization\",\"@id\":\"https:\/\/www.public.sn\/#organization\",\"name\":\"LE PUBLIC\",\"url\":\"https:\/\/www.public.sn\/\",\"logo\":{\"@type\":\"ImageObject\",\"inLanguage\":\"fr-FR\",\"@id\":\"https:\/\/www.public.sn\/#\/schema\/logo\/image\/\",\"url\":\"https:\/\/www.public.sn\/wp-content\/uploads\/2024\/05\/cropped-LOGO-PUBLIC.SN_.png\",\"contentUrl\":\"https:\/\/www.public.sn\/wp-content\/uploads\/2024\/05\/cropped-LOGO-PUBLIC.SN_.png\",\"width\":682,\"height\":192,\"caption\":\"LE PUBLIC\"},\"image\":{\"@id\":\"https:\/\/www.public.sn\/#\/schema\/logo\/image\/\"}},{\"@type\":\"Person\",\"@id\":\"https:\/\/www.public.sn\/#\/schema\/person\/e3f4a11b037d4203902db148f9bc8d5a\",\"name\":\"LA REDACTION\",\"image\":{\"@type\":\"ImageObject\",\"inLanguage\":\"fr-FR\",\"@id\":\"https:\/\/www.public.sn\/#\/schema\/person\/image\/\",\"url\":\"https:\/\/secure.gravatar.com\/avatar\/d6c030db45db2883c075085c5d6c6258654a801a93766b49af0b82d4f454e2a5?s=96&d=mm&r=g\",\"contentUrl\":\"https:\/\/secure.gravatar.com\/avatar\/d6c030db45db2883c075085c5d6c6258654a801a93766b49af0b82d4f454e2a5?s=96&d=mm&r=g\",\"caption\":\"LA REDACTION\"},\"sameAs\":[\"http:\/\/www.public.sn\"],\"url\":\"https:\/\/www.public.sn\/index.php\/author\/admin7324\/\"}]}<\/script>\n<!-- \/ Yoast SEO plugin. -->","yoast_head_json":{"title":"Derni\u00e8re minute : Le journaliste Pape Al\u00e9 Niang arr\u00eat\u00e9 - LE PUBLIC","robots":{"index":"index","follow":"follow","max-snippet":"max-snippet:-1","max-image-preview":"max-image-preview:large","max-video-preview":"max-video-preview:-1"},"canonical":"https:\/\/www.public.sn\/index.php\/2022\/11\/06\/derniere-minute-le-journaliste-pape-ale-niang-arrete\/","og_locale":"fr_FR","og_type":"article","og_title":"Derni\u00e8re minute : Le journaliste Pape Al\u00e9 Niang arr\u00eat\u00e9 - LE PUBLIC","og_description":"C&rsquo;est une information de derni\u00e8re minute. En effet, selon nos confr\u00e8res de Seneweb, Pape Al\u00e9 Niang serait arr\u00eat\u00e9 ce dimanche 06 novembre 2022 par les \u00e9l\u00e9ments de la Suret\u00e9 urbaine sur instruction du procureur de la R\u00e9publique.\u00a0 Toujours selon la m\u00eame source, Pape Al\u00e9 Niang a \u00e9t\u00e9 achemin\u00e9 dans les locaux du commissariat central o\u00f9 il est actuellement en d\u00e9tention. L\u2019arrestation de Pape Al\u00e9 Niang serait li\u00e9e \u00e0 ses \u00ab r\u00e9v\u00e9lations explosives divulgu\u00e9es ces derniers jours sur l\u2019actualit\u00e9 notamment l\u2019affaire Ousmane Sonko-ADji Sarr \u00bb . Nous y reviendrons!","og_url":"https:\/\/www.public.sn\/index.php\/2022\/11\/06\/derniere-minute-le-journaliste-pape-ale-niang-arrete\/","og_site_name":"LE PUBLIC","article_published_time":"2022-11-06T17:59:08+00:00","article_modified_time":"2022-11-06T18:06:36+00:00","og_image":[{"width":696,"height":392,"url":"https:\/\/www.public.sn\/wp-content\/uploads\/2022\/11\/pape-ale-niang5.jpg","type":"image\/jpeg"}],"author":"LA REDACTION","twitter_card":"summary_large_image","twitter_misc":{"\u00c9crit par":"LA REDACTION","Dur\u00e9e de lecture estim\u00e9e":"1 minute"},"schema":{"@context":"https:\/\/schema.org","@graph":[{"@type":"Article","@id":"https:\/\/www.public.sn\/index.php\/2022\/11\/06\/derniere-minute-le-journaliste-pape-ale-niang-arrete\/#article","isPartOf":{"@id":"https:\/\/www.public.sn\/index.php\/2022\/11\/06\/derniere-minute-le-journaliste-pape-ale-niang-arrete\/"},"author":{"name":"LA REDACTION","@id":"https:\/\/www.public.sn\/#\/schema\/person\/e3f4a11b037d4203902db148f9bc8d5a"},"headline":"Derni\u00e8re minute : Le journaliste Pape Al\u00e9 Niang arr\u00eat\u00e9","datePublished":"2022-11-06T17:59:08+00:00","dateModified":"2022-11-06T18:06:36+00:00","mainEntityOfPage":{"@id":"https:\/\/www.public.sn\/index.php\/2022\/11\/06\/derniere-minute-le-journaliste-pape-ale-niang-arrete\/"},"wordCount":106,"commentCount":0,"publisher":{"@id":"https:\/\/www.public.sn\/#organization"},"image":{"@id":"https:\/\/www.public.sn\/index.php\/2022\/11\/06\/derniere-minute-le-journaliste-pape-ale-niang-arrete\/#primaryimage"},"thumbnailUrl":"https:\/\/www.public.sn\/wp-content\/uploads\/2022\/11\/pape-ale-niang5.jpg","keywords":["Arr\u00eat\u00e9","Pape Al\u00e9 Niang","su"],"articleSection":["ACTUALIT\u00c9S","S\u00c9CURIT\u00c9 &amp; JUSTICE","S\u00c9N\u00c9GAL","VEDETTE"],"inLanguage":"fr-FR","potentialAction":[{"@type":"CommentAction","name":"Comment","target":["https:\/\/www.public.sn\/index.php\/2022\/11\/06\/derniere-minute-le-journaliste-pape-ale-niang-arrete\/#respond"]}]},{"@type":"WebPage","@id":"https:\/\/www.public.sn\/index.php\/2022\/11\/06\/derniere-minute-le-journaliste-pape-ale-niang-arrete\/","url":"https:\/\/www.public.sn\/index.php\/2022\/11\/06\/derniere-minute-le-journaliste-pape-ale-niang-arrete\/","name":"Derni\u00e8re minute : Le journaliste Pape Al\u00e9 Niang arr\u00eat\u00e9 - LE PUBLIC","isPartOf":{"@id":"https:\/\/www.public.sn\/#website"},"primaryImageOfPage":{"@id":"https:\/\/www.public.sn\/index.php\/2022\/11\/06\/derniere-minute-le-journaliste-pape-ale-niang-arrete\/#primaryimage"},"image":{"@id":"https:\/\/www.public.sn\/index.php\/2022\/11\/06\/derniere-minute-le-journaliste-pape-ale-niang-arrete\/#primaryimage"},"thumbnailUrl":"https:\/\/www.public.sn\/wp-content\/uploads\/2022\/11\/pape-ale-niang5.jpg","datePublished":"2022-11-06T17:59:08+00:00","dateModified":"2022-11-06T18:06:36+00:00","breadcrumb":{"@id":"https:\/\/www.public.sn\/index.php\/2022\/11\/06\/derniere-minute-le-journaliste-pape-ale-niang-arrete\/#breadcrumb"},"inLanguage":"fr-FR","potentialAction":[{"@type":"ReadAction","target":["https:\/\/www.public.sn\/index.php\/2022\/11\/06\/derniere-minute-le-journaliste-pape-ale-niang-arrete\/"]}]},{"@type":"ImageObject","inLanguage":"fr-FR","@id":"https:\/\/www.public.sn\/index.php\/2022\/11\/06\/derniere-minute-le-journaliste-pape-ale-niang-arrete\/#primaryimage","url":"https:\/\/www.public.sn\/wp-content\/uploads\/2022\/11\/pape-ale-niang5.jpg","contentUrl":"https:\/\/www.public.sn\/wp-content\/uploads\/2022\/11\/pape-ale-niang5.jpg","width":696,"height":392},{"@type":"BreadcrumbList","@id":"https:\/\/www.public.sn\/index.php\/2022\/11\/06\/derniere-minute-le-journaliste-pape-ale-niang-arrete\/#breadcrumb","itemListElement":[{"@type":"ListItem","position":1,"name":"Accueil","item":"https:\/\/www.public.sn\/"},{"@type":"ListItem","position":2,"name":"Derni\u00e8re minute : Le journaliste Pape Al\u00e9 Niang arr\u00eat\u00e9"}]},{"@type":"WebSite","@id":"https:\/\/www.public.sn\/#website","url":"https:\/\/www.public.sn\/","name":"LE PUBLIC","description":"","publisher":{"@id":"https:\/\/www.public.sn\/#organization"},"potentialAction":[{"@type":"SearchAction","target":{"@type":"EntryPoint","urlTemplate":"https:\/\/www.public.sn\/?s={search_term_string}"},"query-input":{"@type":"PropertyValueSpecification","valueRequired":true,"valueName":"search_term_string"}}],"inLanguage":"fr-FR"},{"@type":"Organization","@id":"https:\/\/www.public.sn\/#organization","name":"LE PUBLIC","url":"https:\/\/www.public.sn\/","logo":{"@type":"ImageObject","inLanguage":"fr-FR","@id":"https:\/\/www.public.sn\/#\/schema\/logo\/image\/","url":"https:\/\/www.public.sn\/wp-content\/uploads\/2024\/05\/cropped-LOGO-PUBLIC.SN_.png","contentUrl":"https:\/\/www.public.sn\/wp-content\/uploads\/2024\/05\/cropped-LOGO-PUBLIC.SN_.png","width":682,"height":192,"caption":"LE PUBLIC"},"image":{"@id":"https:\/\/www.public.sn\/#\/schema\/logo\/image\/"}},{"@type":"Person","@id":"https:\/\/www.public.sn\/#\/schema\/person\/e3f4a11b037d4203902db148f9bc8d5a","name":"LA REDACTION","image":{"@type":"ImageObject","inLanguage":"fr-FR","@id":"https:\/\/www.public.sn\/#\/schema\/person\/image\/","url":"https:\/\/secure.gravatar.com\/avatar\/d6c030db45db2883c075085c5d6c6258654a801a93766b49af0b82d4f454e2a5?s=96&d=mm&r=g","contentUrl":"https:\/\/secure.gravatar.com\/avatar\/d6c030db45db2883c075085c5d6c6258654a801a93766b49af0b82d4f454e2a5?s=96&d=mm&r=g","caption":"LA REDACTION"},"sameAs":["http:\/\/www.public.sn"],"url":"https:\/\/www.public.sn\/index.php\/author\/admin7324\/"}]}},"jetpack_featured_media_url":"https:\/\/www.public.sn\/wp-content\/uploads\/2022\/11\/pape-ale-niang5.jpg","jetpack_sharing_enabled":true,"_links":{"self":[{"href":"https:\/\/www.public.sn\/index.php\/wp-json\/wp\/v2\/posts\/7119","targetHints":{"allow":["GET"]}}],"collection":[{"href":"https:\/\/www.public.sn\/index.php\/wp-json\/wp\/v2\/posts"}],"about":[{"href":"https:\/\/www.public.sn\/index.php\/wp-json\/wp\/v2\/types\/post"}],"author":[{"embeddable":true,"href":"https:\/\/www.public.sn\/index.php\/wp-json\/wp\/v2\/users\/1"}],"replies":[{"embeddable":true,"href":"https:\/\/www.public.sn\/index.php\/wp-json\/wp\/v2\/comments?post=7119"}],"version-history":[{"count":1,"href":"https:\/\/www.public.sn\/index.php\/wp-json\/wp\/v2\/posts\/7119\/revisions"}],"predecessor-version":[{"id":7121,"href":"https:\/\/www.public.sn\/index.php\/wp-json\/wp\/v2\/posts\/7119\/revisions\/7121"}],"wp:featuredmedia":[{"embeddable":true,"href":"https:\/\/www.public.sn\/index.php\/wp-json\/wp\/v2\/media\/7120"}],"wp:attachment":[{"href":"https:\/\/www.public.sn\/index.php\/wp-json\/wp\/v2\/media?parent=7119"}],"wp:term":[{"taxonomy":"category","embeddable":true,"href":"https:\/\/www.public.sn\/index.php\/wp-json\/wp\/v2\/categories?post=7119"},{"taxonomy":"post_tag","embeddable":true,"href":"https:\/\/www.public.sn\/index.php\/wp-json\/wp\/v2\/tags?post=7119"}],"curies":[{"name":"wp","href":"https:\/\/api.w.org\/{rel}","templated":true}]}}