{"id":716,"date":"2022-08-26T22:08:32","date_gmt":"2022-08-26T20:08:32","guid":{"rendered":"https:\/\/www.public.sn\/?p=716"},"modified":"2022-08-27T15:52:35","modified_gmt":"2022-08-27T13:52:35","slug":"le-president-de-la-republique-macky-sall-a-quitte-dakar-pour-tunis-ce-vendredi","status":"publish","type":"post","link":"https:\/\/www.public.sn\/index.php\/2022\/08\/26\/le-president-de-la-republique-macky-sall-a-quitte-dakar-pour-tunis-ce-vendredi\/","title":{"rendered":"Le Pr\u00e9sident de la R\u00e9publique Macky Sall a quitt\u00e9 Dakar pour Tunis ce vendredi."},"content":{"rendered":"\n<p><strong><em>Ce vendredi 26 ao\u00fbt 2022, pour prendre part \u00e0 la 8\u00e8me \u00e9dition de la TICAD en Tunisie qui se tiendra du 27 au 28 ao\u00fbt \u00e0 Tunis, le Chef de l&rsquo;Etat Macky Sall a quitt\u00e9 la capitale S\u00e9n\u00e9galaise pour se rendre en Tunisie.<\/em><\/strong><\/p><div class=\"publi-paragraphe1\" style=\"margin-top: 10px;margin-bottom: 10px;margin-left: auto;margin-right: auto;text-align: center;\" id=\"publi-651848811\"><div class=\"publi-adlabel\">Publicit\u00e9<\/div><script async src=\"\/\/pagead2.googlesyndication.com\/pagead\/js\/adsbygoogle.js?client=ca-pub-4089586018074219\" crossorigin=\"anonymous\"><\/script><ins class=\"adsbygoogle\" style=\"display:block;\" data-ad-client=\"ca-pub-4089586018074219\" \ndata-ad-slot=\"2087940154\" \ndata-ad-format=\"auto\"><\/ins>\n<script> \n(adsbygoogle = window.adsbygoogle || []).push({}); \n<\/script>\n<\/div>\n\n\n\n<p>Lors cette rencontre solennelle seront abord\u00e9es trois (03) th\u00e9matiques majeures :<br>1. Transformer l\u2019Afrique en une r\u00e9gion \u00e0 la croissance vigoureuse en tirant parti de la r\u00e9solution des probl\u00e8mes sociaux pour en faire des opportunit\u00e9s de d\u00e9veloppement.<br>2. R\u00e9aliser une soci\u00e9t\u00e9 r\u00e9siliente et durable.<br>3. R\u00e9aliser une paix et une stabilit\u00e9 durables.<\/p>\n\n\n\n<p>En marge du sommet de la TICAD, le Pr\u00e9sident de la R\u00e9publique rencontrera des acteurs du secteur priv\u00e9 Japonais et Africains.<\/p>\n\n\n\n<p>Le retour du Chef de l\u2019Etat est pr\u00e9vu le lundi 29 ao\u00fbt 2022.<\/p>\n\n\n\n<figure class=\"wp-block-embed is-type-rich is-provider-prise-en-charge-des-contenus-embarques wp-block-embed-prise-en-charge-des-contenus-embarques wp-embed-aspect-16-9 wp-has-aspect-ratio\"><div class=\"wp-block-embed__wrapper\">\n<p class=\"responsive-video-wrap clr\"><iframe title=\"Task Force R\u00e9publicaine: Yaye Fatou Diagne salue le sens de responsabilit\u00e9 de Pape Diop et tire...\" width=\"1200\" height=\"675\" src=\"https:\/\/www.youtube.com\/embed\/N36vBnVDgU8?feature=oembed\" frameborder=\"0\" allow=\"accelerometer; autoplay; clipboard-write; encrypted-media; gyroscope; picture-in-picture\" allowfullscreen><\/iframe><\/p>\n<\/div><\/figure>\n\n\n\n<p><em>R\u00e9dactions Public SN<\/em><\/p>\n<div class=\"publi-apres-le-contenu\" style=\"margin-top: 10px;margin-bottom: 10px;margin-left: auto;margin-right: auto;text-align: center;\" id=\"publi-4078274925\"><div class=\"publi-adlabel\">Publicit\u00e9<\/div><script async src=\"\/\/pagead2.googlesyndication.com\/pagead\/js\/adsbygoogle.js?client=ca-pub-4089586018074219\" crossorigin=\"anonymous\"><\/script><ins class=\"adsbygoogle\" style=\"display:block;\" data-ad-client=\"ca-pub-4089586018074219\" \ndata-ad-slot=\"2087940154\" \ndata-ad-format=\"auto\"><\/ins>\n<script> \n(adsbygoogle = window.adsbygoogle || []).push({}); \n<\/script>\n<\/div>","protected":false},"excerpt":{"rendered":"<p>Ce vendredi 26 ao\u00fbt 2022, pour prendre part \u00e0 la 8\u00e8me \u00e9dition de la TICAD en Tunisie qui se tiendra du 27 au 28 ao\u00fbt \u00e0 Tunis, le Chef de l&rsquo;Etat Macky Sall a quitt\u00e9 la capitale S\u00e9n\u00e9galaise pour se rendre en Tunisie. Lors cette rencontre solennelle seront abord\u00e9es trois (03) th\u00e9matiques majeures :1. Transformer l\u2019Afrique en une r\u00e9gion \u00e0 la croissance vigoureuse en tirant parti de la r\u00e9solution des probl\u00e8mes sociaux pour en faire des opportunit\u00e9s de d\u00e9veloppement.2. R\u00e9aliser une soci\u00e9t\u00e9 r\u00e9siliente et durable.3. R\u00e9aliser une paix et une stabilit\u00e9 durables. En marge du sommet de la TICAD, le Pr\u00e9sident de la R\u00e9publique rencontrera des acteurs du secteur priv\u00e9 Japonais et Africains. Le retour du Chef de l\u2019Etat est pr\u00e9vu le lundi 29 ao\u00fbt 2022. R\u00e9dactions Public SN<\/p>\n","protected":false},"author":1,"featured_media":717,"comment_status":"open","ping_status":"open","sticky":false,"template":"","format":"standard","meta":{"_jetpack_memberships_contains_paid_content":false,"footnotes":""},"categories":[3],"tags":[],"class_list":["post-716","post","type-post","status-publish","format-standard","has-post-thumbnail","hentry","category-politique","entry","has-media","owp-thumbs-layout-horizontal","owp-btn-normal","owp-tabs-layout-horizontal","has-no-thumbnails","has-product-nav"],"yoast_head":"<!-- This site is optimized with the Yoast SEO plugin v25.5 - https:\/\/yoast.com\/wordpress\/plugins\/seo\/ -->\n<title>Le Pr\u00e9sident de la R\u00e9publique Macky Sall a quitt\u00e9 Dakar pour Tunis ce vendredi. - LE PUBLIC<\/title>\n<meta name=\"robots\" content=\"index, follow, max-snippet:-1, max-image-preview:large, max-video-preview:-1\" \/>\n<link rel=\"canonical\" href=\"https:\/\/www.public.sn\/index.php\/2022\/08\/26\/le-president-de-la-republique-macky-sall-a-quitte-dakar-pour-tunis-ce-vendredi\/\" \/>\n<meta property=\"og:locale\" content=\"fr_FR\" \/>\n<meta property=\"og:type\" content=\"article\" \/>\n<meta property=\"og:title\" content=\"Le Pr\u00e9sident de la R\u00e9publique Macky Sall a quitt\u00e9 Dakar pour Tunis ce vendredi. - LE PUBLIC\" \/>\n<meta property=\"og:description\" content=\"Ce vendredi 26 ao\u00fbt 2022, pour prendre part \u00e0 la 8\u00e8me \u00e9dition de la TICAD en Tunisie qui se tiendra du 27 au 28 ao\u00fbt \u00e0 Tunis, le Chef de l&rsquo;Etat Macky Sall a quitt\u00e9 la capitale S\u00e9n\u00e9galaise pour se rendre en Tunisie. Lors cette rencontre solennelle seront abord\u00e9es trois (03) th\u00e9matiques majeures :1. Transformer l\u2019Afrique en une r\u00e9gion \u00e0 la croissance vigoureuse en tirant parti de la r\u00e9solution des probl\u00e8mes sociaux pour en faire des opportunit\u00e9s de d\u00e9veloppement.2. R\u00e9aliser une soci\u00e9t\u00e9 r\u00e9siliente et durable.3. R\u00e9aliser une paix et une stabilit\u00e9 durables. En marge du sommet de la TICAD, le Pr\u00e9sident de la R\u00e9publique rencontrera des acteurs du secteur priv\u00e9 Japonais et Africains. Le retour du Chef de l\u2019Etat est pr\u00e9vu le lundi 29 ao\u00fbt 2022. R\u00e9dactions Public SN\" \/>\n<meta property=\"og:url\" content=\"https:\/\/www.public.sn\/index.php\/2022\/08\/26\/le-president-de-la-republique-macky-sall-a-quitte-dakar-pour-tunis-ce-vendredi\/\" \/>\n<meta property=\"og:site_name\" content=\"LE PUBLIC\" \/>\n<meta property=\"article:published_time\" content=\"2022-08-26T20:08:32+00:00\" \/>\n<meta property=\"article:modified_time\" content=\"2022-08-27T13:52:35+00:00\" \/>\n<meta property=\"og:image\" content=\"https:\/\/www.public.sn\/wp-content\/uploads\/2022\/08\/66961221-47459186.jpg\" \/>\n\t<meta property=\"og:image:width\" content=\"671\" \/>\n\t<meta property=\"og:image:height\" content=\"428\" \/>\n\t<meta property=\"og:image:type\" content=\"image\/jpeg\" \/>\n<meta name=\"author\" content=\"LA REDACTION\" \/>\n<meta name=\"twitter:card\" content=\"summary_large_image\" \/>\n<meta name=\"twitter:label1\" content=\"\u00c9crit par\" \/>\n\t<meta name=\"twitter:data1\" content=\"LA REDACTION\" \/>\n\t<meta name=\"twitter:label2\" content=\"Dur\u00e9e de lecture estim\u00e9e\" \/>\n\t<meta name=\"twitter:data2\" content=\"1 minute\" \/>\n<script type=\"application\/ld+json\" class=\"yoast-schema-graph\">{\"@context\":\"https:\/\/schema.org\",\"@graph\":[{\"@type\":\"Article\",\"@id\":\"https:\/\/www.public.sn\/index.php\/2022\/08\/26\/le-president-de-la-republique-macky-sall-a-quitte-dakar-pour-tunis-ce-vendredi\/#article\",\"isPartOf\":{\"@id\":\"https:\/\/www.public.sn\/index.php\/2022\/08\/26\/le-president-de-la-republique-macky-sall-a-quitte-dakar-pour-tunis-ce-vendredi\/\"},\"author\":{\"name\":\"LA REDACTION\",\"@id\":\"https:\/\/www.public.sn\/#\/schema\/person\/e3f4a11b037d4203902db148f9bc8d5a\"},\"headline\":\"Le Pr\u00e9sident de la R\u00e9publique Macky Sall a quitt\u00e9 Dakar pour Tunis ce vendredi.\",\"datePublished\":\"2022-08-26T20:08:32+00:00\",\"dateModified\":\"2022-08-27T13:52:35+00:00\",\"mainEntityOfPage\":{\"@id\":\"https:\/\/www.public.sn\/index.php\/2022\/08\/26\/le-president-de-la-republique-macky-sall-a-quitte-dakar-pour-tunis-ce-vendredi\/\"},\"wordCount\":163,\"commentCount\":0,\"publisher\":{\"@id\":\"https:\/\/www.public.sn\/#organization\"},\"image\":{\"@id\":\"https:\/\/www.public.sn\/index.php\/2022\/08\/26\/le-president-de-la-republique-macky-sall-a-quitte-dakar-pour-tunis-ce-vendredi\/#primaryimage\"},\"thumbnailUrl\":\"https:\/\/www.public.sn\/wp-content\/uploads\/2022\/08\/66961221-47459186.jpg\",\"articleSection\":[\"POLITIQUE\"],\"inLanguage\":\"fr-FR\",\"potentialAction\":[{\"@type\":\"CommentAction\",\"name\":\"Comment\",\"target\":[\"https:\/\/www.public.sn\/index.php\/2022\/08\/26\/le-president-de-la-republique-macky-sall-a-quitte-dakar-pour-tunis-ce-vendredi\/#respond\"]}]},{\"@type\":\"WebPage\",\"@id\":\"https:\/\/www.public.sn\/index.php\/2022\/08\/26\/le-president-de-la-republique-macky-sall-a-quitte-dakar-pour-tunis-ce-vendredi\/\",\"url\":\"https:\/\/www.public.sn\/index.php\/2022\/08\/26\/le-president-de-la-republique-macky-sall-a-quitte-dakar-pour-tunis-ce-vendredi\/\",\"name\":\"Le Pr\u00e9sident de la R\u00e9publique Macky Sall a quitt\u00e9 Dakar pour Tunis ce vendredi. - LE PUBLIC\",\"isPartOf\":{\"@id\":\"https:\/\/www.public.sn\/#website\"},\"primaryImageOfPage\":{\"@id\":\"https:\/\/www.public.sn\/index.php\/2022\/08\/26\/le-president-de-la-republique-macky-sall-a-quitte-dakar-pour-tunis-ce-vendredi\/#primaryimage\"},\"image\":{\"@id\":\"https:\/\/www.public.sn\/index.php\/2022\/08\/26\/le-president-de-la-republique-macky-sall-a-quitte-dakar-pour-tunis-ce-vendredi\/#primaryimage\"},\"thumbnailUrl\":\"https:\/\/www.public.sn\/wp-content\/uploads\/2022\/08\/66961221-47459186.jpg\",\"datePublished\":\"2022-08-26T20:08:32+00:00\",\"dateModified\":\"2022-08-27T13:52:35+00:00\",\"breadcrumb\":{\"@id\":\"https:\/\/www.public.sn\/index.php\/2022\/08\/26\/le-president-de-la-republique-macky-sall-a-quitte-dakar-pour-tunis-ce-vendredi\/#breadcrumb\"},\"inLanguage\":\"fr-FR\",\"potentialAction\":[{\"@type\":\"ReadAction\",\"target\":[\"https:\/\/www.public.sn\/index.php\/2022\/08\/26\/le-president-de-la-republique-macky-sall-a-quitte-dakar-pour-tunis-ce-vendredi\/\"]}]},{\"@type\":\"ImageObject\",\"inLanguage\":\"fr-FR\",\"@id\":\"https:\/\/www.public.sn\/index.php\/2022\/08\/26\/le-president-de-la-republique-macky-sall-a-quitte-dakar-pour-tunis-ce-vendredi\/#primaryimage\",\"url\":\"https:\/\/www.public.sn\/wp-content\/uploads\/2022\/08\/66961221-47459186.jpg\",\"contentUrl\":\"https:\/\/www.public.sn\/wp-content\/uploads\/2022\/08\/66961221-47459186.jpg\",\"width\":671,\"height\":428},{\"@type\":\"BreadcrumbList\",\"@id\":\"https:\/\/www.public.sn\/index.php\/2022\/08\/26\/le-president-de-la-republique-macky-sall-a-quitte-dakar-pour-tunis-ce-vendredi\/#breadcrumb\",\"itemListElement\":[{\"@type\":\"ListItem\",\"position\":1,\"name\":\"Accueil\",\"item\":\"https:\/\/www.public.sn\/\"},{\"@type\":\"ListItem\",\"position\":2,\"name\":\"Le Pr\u00e9sident de la R\u00e9publique Macky Sall a quitt\u00e9 Dakar pour Tunis ce vendredi.\"}]},{\"@type\":\"WebSite\",\"@id\":\"https:\/\/www.public.sn\/#website\",\"url\":\"https:\/\/www.public.sn\/\",\"name\":\"LE PUBLIC\",\"description\":\"\",\"publisher\":{\"@id\":\"https:\/\/www.public.sn\/#organization\"},\"potentialAction\":[{\"@type\":\"SearchAction\",\"target\":{\"@type\":\"EntryPoint\",\"urlTemplate\":\"https:\/\/www.public.sn\/?s={search_term_string}\"},\"query-input\":{\"@type\":\"PropertyValueSpecification\",\"valueRequired\":true,\"valueName\":\"search_term_string\"}}],\"inLanguage\":\"fr-FR\"},{\"@type\":\"Organization\",\"@id\":\"https:\/\/www.public.sn\/#organization\",\"name\":\"LE PUBLIC\",\"url\":\"https:\/\/www.public.sn\/\",\"logo\":{\"@type\":\"ImageObject\",\"inLanguage\":\"fr-FR\",\"@id\":\"https:\/\/www.public.sn\/#\/schema\/logo\/image\/\",\"url\":\"https:\/\/www.public.sn\/wp-content\/uploads\/2024\/05\/cropped-LOGO-PUBLIC.SN_.png\",\"contentUrl\":\"https:\/\/www.public.sn\/wp-content\/uploads\/2024\/05\/cropped-LOGO-PUBLIC.SN_.png\",\"width\":682,\"height\":192,\"caption\":\"LE PUBLIC\"},\"image\":{\"@id\":\"https:\/\/www.public.sn\/#\/schema\/logo\/image\/\"}},{\"@type\":\"Person\",\"@id\":\"https:\/\/www.public.sn\/#\/schema\/person\/e3f4a11b037d4203902db148f9bc8d5a\",\"name\":\"LA REDACTION\",\"image\":{\"@type\":\"ImageObject\",\"inLanguage\":\"fr-FR\",\"@id\":\"https:\/\/www.public.sn\/#\/schema\/person\/image\/\",\"url\":\"https:\/\/secure.gravatar.com\/avatar\/d6c030db45db2883c075085c5d6c6258654a801a93766b49af0b82d4f454e2a5?s=96&d=mm&r=g\",\"contentUrl\":\"https:\/\/secure.gravatar.com\/avatar\/d6c030db45db2883c075085c5d6c6258654a801a93766b49af0b82d4f454e2a5?s=96&d=mm&r=g\",\"caption\":\"LA REDACTION\"},\"sameAs\":[\"http:\/\/www.public.sn\"],\"url\":\"https:\/\/www.public.sn\/index.php\/author\/admin7324\/\"}]}<\/script>\n<!-- \/ Yoast SEO plugin. -->","yoast_head_json":{"title":"Le Pr\u00e9sident de la R\u00e9publique Macky Sall a quitt\u00e9 Dakar pour Tunis ce vendredi. - LE PUBLIC","robots":{"index":"index","follow":"follow","max-snippet":"max-snippet:-1","max-image-preview":"max-image-preview:large","max-video-preview":"max-video-preview:-1"},"canonical":"https:\/\/www.public.sn\/index.php\/2022\/08\/26\/le-president-de-la-republique-macky-sall-a-quitte-dakar-pour-tunis-ce-vendredi\/","og_locale":"fr_FR","og_type":"article","og_title":"Le Pr\u00e9sident de la R\u00e9publique Macky Sall a quitt\u00e9 Dakar pour Tunis ce vendredi. - LE PUBLIC","og_description":"Ce vendredi 26 ao\u00fbt 2022, pour prendre part \u00e0 la 8\u00e8me \u00e9dition de la TICAD en Tunisie qui se tiendra du 27 au 28 ao\u00fbt \u00e0 Tunis, le Chef de l&rsquo;Etat Macky Sall a quitt\u00e9 la capitale S\u00e9n\u00e9galaise pour se rendre en Tunisie. Lors cette rencontre solennelle seront abord\u00e9es trois (03) th\u00e9matiques majeures :1. Transformer l\u2019Afrique en une r\u00e9gion \u00e0 la croissance vigoureuse en tirant parti de la r\u00e9solution des probl\u00e8mes sociaux pour en faire des opportunit\u00e9s de d\u00e9veloppement.2. R\u00e9aliser une soci\u00e9t\u00e9 r\u00e9siliente et durable.3. R\u00e9aliser une paix et une stabilit\u00e9 durables. En marge du sommet de la TICAD, le Pr\u00e9sident de la R\u00e9publique rencontrera des acteurs du secteur priv\u00e9 Japonais et Africains. Le retour du Chef de l\u2019Etat est pr\u00e9vu le lundi 29 ao\u00fbt 2022. R\u00e9dactions Public SN","og_url":"https:\/\/www.public.sn\/index.php\/2022\/08\/26\/le-president-de-la-republique-macky-sall-a-quitte-dakar-pour-tunis-ce-vendredi\/","og_site_name":"LE PUBLIC","article_published_time":"2022-08-26T20:08:32+00:00","article_modified_time":"2022-08-27T13:52:35+00:00","og_image":[{"width":671,"height":428,"url":"https:\/\/www.public.sn\/wp-content\/uploads\/2022\/08\/66961221-47459186.jpg","type":"image\/jpeg"}],"author":"LA REDACTION","twitter_card":"summary_large_image","twitter_misc":{"\u00c9crit par":"LA REDACTION","Dur\u00e9e de lecture estim\u00e9e":"1 minute"},"schema":{"@context":"https:\/\/schema.org","@graph":[{"@type":"Article","@id":"https:\/\/www.public.sn\/index.php\/2022\/08\/26\/le-president-de-la-republique-macky-sall-a-quitte-dakar-pour-tunis-ce-vendredi\/#article","isPartOf":{"@id":"https:\/\/www.public.sn\/index.php\/2022\/08\/26\/le-president-de-la-republique-macky-sall-a-quitte-dakar-pour-tunis-ce-vendredi\/"},"author":{"name":"LA REDACTION","@id":"https:\/\/www.public.sn\/#\/schema\/person\/e3f4a11b037d4203902db148f9bc8d5a"},"headline":"Le Pr\u00e9sident de la R\u00e9publique Macky Sall a quitt\u00e9 Dakar pour Tunis ce vendredi.","datePublished":"2022-08-26T20:08:32+00:00","dateModified":"2022-08-27T13:52:35+00:00","mainEntityOfPage":{"@id":"https:\/\/www.public.sn\/index.php\/2022\/08\/26\/le-president-de-la-republique-macky-sall-a-quitte-dakar-pour-tunis-ce-vendredi\/"},"wordCount":163,"commentCount":0,"publisher":{"@id":"https:\/\/www.public.sn\/#organization"},"image":{"@id":"https:\/\/www.public.sn\/index.php\/2022\/08\/26\/le-president-de-la-republique-macky-sall-a-quitte-dakar-pour-tunis-ce-vendredi\/#primaryimage"},"thumbnailUrl":"https:\/\/www.public.sn\/wp-content\/uploads\/2022\/08\/66961221-47459186.jpg","articleSection":["POLITIQUE"],"inLanguage":"fr-FR","potentialAction":[{"@type":"CommentAction","name":"Comment","target":["https:\/\/www.public.sn\/index.php\/2022\/08\/26\/le-president-de-la-republique-macky-sall-a-quitte-dakar-pour-tunis-ce-vendredi\/#respond"]}]},{"@type":"WebPage","@id":"https:\/\/www.public.sn\/index.php\/2022\/08\/26\/le-president-de-la-republique-macky-sall-a-quitte-dakar-pour-tunis-ce-vendredi\/","url":"https:\/\/www.public.sn\/index.php\/2022\/08\/26\/le-president-de-la-republique-macky-sall-a-quitte-dakar-pour-tunis-ce-vendredi\/","name":"Le Pr\u00e9sident de la R\u00e9publique Macky Sall a quitt\u00e9 Dakar pour Tunis ce vendredi. - LE PUBLIC","isPartOf":{"@id":"https:\/\/www.public.sn\/#website"},"primaryImageOfPage":{"@id":"https:\/\/www.public.sn\/index.php\/2022\/08\/26\/le-president-de-la-republique-macky-sall-a-quitte-dakar-pour-tunis-ce-vendredi\/#primaryimage"},"image":{"@id":"https:\/\/www.public.sn\/index.php\/2022\/08\/26\/le-president-de-la-republique-macky-sall-a-quitte-dakar-pour-tunis-ce-vendredi\/#primaryimage"},"thumbnailUrl":"https:\/\/www.public.sn\/wp-content\/uploads\/2022\/08\/66961221-47459186.jpg","datePublished":"2022-08-26T20:08:32+00:00","dateModified":"2022-08-27T13:52:35+00:00","breadcrumb":{"@id":"https:\/\/www.public.sn\/index.php\/2022\/08\/26\/le-president-de-la-republique-macky-sall-a-quitte-dakar-pour-tunis-ce-vendredi\/#breadcrumb"},"inLanguage":"fr-FR","potentialAction":[{"@type":"ReadAction","target":["https:\/\/www.public.sn\/index.php\/2022\/08\/26\/le-president-de-la-republique-macky-sall-a-quitte-dakar-pour-tunis-ce-vendredi\/"]}]},{"@type":"ImageObject","inLanguage":"fr-FR","@id":"https:\/\/www.public.sn\/index.php\/2022\/08\/26\/le-president-de-la-republique-macky-sall-a-quitte-dakar-pour-tunis-ce-vendredi\/#primaryimage","url":"https:\/\/www.public.sn\/wp-content\/uploads\/2022\/08\/66961221-47459186.jpg","contentUrl":"https:\/\/www.public.sn\/wp-content\/uploads\/2022\/08\/66961221-47459186.jpg","width":671,"height":428},{"@type":"BreadcrumbList","@id":"https:\/\/www.public.sn\/index.php\/2022\/08\/26\/le-president-de-la-republique-macky-sall-a-quitte-dakar-pour-tunis-ce-vendredi\/#breadcrumb","itemListElement":[{"@type":"ListItem","position":1,"name":"Accueil","item":"https:\/\/www.public.sn\/"},{"@type":"ListItem","position":2,"name":"Le Pr\u00e9sident de la R\u00e9publique Macky Sall a quitt\u00e9 Dakar pour Tunis ce vendredi."}]},{"@type":"WebSite","@id":"https:\/\/www.public.sn\/#website","url":"https:\/\/www.public.sn\/","name":"LE PUBLIC","description":"","publisher":{"@id":"https:\/\/www.public.sn\/#organization"},"potentialAction":[{"@type":"SearchAction","target":{"@type":"EntryPoint","urlTemplate":"https:\/\/www.public.sn\/?s={search_term_string}"},"query-input":{"@type":"PropertyValueSpecification","valueRequired":true,"valueName":"search_term_string"}}],"inLanguage":"fr-FR"},{"@type":"Organization","@id":"https:\/\/www.public.sn\/#organization","name":"LE PUBLIC","url":"https:\/\/www.public.sn\/","logo":{"@type":"ImageObject","inLanguage":"fr-FR","@id":"https:\/\/www.public.sn\/#\/schema\/logo\/image\/","url":"https:\/\/www.public.sn\/wp-content\/uploads\/2024\/05\/cropped-LOGO-PUBLIC.SN_.png","contentUrl":"https:\/\/www.public.sn\/wp-content\/uploads\/2024\/05\/cropped-LOGO-PUBLIC.SN_.png","width":682,"height":192,"caption":"LE PUBLIC"},"image":{"@id":"https:\/\/www.public.sn\/#\/schema\/logo\/image\/"}},{"@type":"Person","@id":"https:\/\/www.public.sn\/#\/schema\/person\/e3f4a11b037d4203902db148f9bc8d5a","name":"LA REDACTION","image":{"@type":"ImageObject","inLanguage":"fr-FR","@id":"https:\/\/www.public.sn\/#\/schema\/person\/image\/","url":"https:\/\/secure.gravatar.com\/avatar\/d6c030db45db2883c075085c5d6c6258654a801a93766b49af0b82d4f454e2a5?s=96&d=mm&r=g","contentUrl":"https:\/\/secure.gravatar.com\/avatar\/d6c030db45db2883c075085c5d6c6258654a801a93766b49af0b82d4f454e2a5?s=96&d=mm&r=g","caption":"LA REDACTION"},"sameAs":["http:\/\/www.public.sn"],"url":"https:\/\/www.public.sn\/index.php\/author\/admin7324\/"}]}},"jetpack_featured_media_url":"https:\/\/www.public.sn\/wp-content\/uploads\/2022\/08\/66961221-47459186.jpg","jetpack_sharing_enabled":true,"_links":{"self":[{"href":"https:\/\/www.public.sn\/index.php\/wp-json\/wp\/v2\/posts\/716","targetHints":{"allow":["GET"]}}],"collection":[{"href":"https:\/\/www.public.sn\/index.php\/wp-json\/wp\/v2\/posts"}],"about":[{"href":"https:\/\/www.public.sn\/index.php\/wp-json\/wp\/v2\/types\/post"}],"author":[{"embeddable":true,"href":"https:\/\/www.public.sn\/index.php\/wp-json\/wp\/v2\/users\/1"}],"replies":[{"embeddable":true,"href":"https:\/\/www.public.sn\/index.php\/wp-json\/wp\/v2\/comments?post=716"}],"version-history":[{"count":3,"href":"https:\/\/www.public.sn\/index.php\/wp-json\/wp\/v2\/posts\/716\/revisions"}],"predecessor-version":[{"id":779,"href":"https:\/\/www.public.sn\/index.php\/wp-json\/wp\/v2\/posts\/716\/revisions\/779"}],"wp:featuredmedia":[{"embeddable":true,"href":"https:\/\/www.public.sn\/index.php\/wp-json\/wp\/v2\/media\/717"}],"wp:attachment":[{"href":"https:\/\/www.public.sn\/index.php\/wp-json\/wp\/v2\/media?parent=716"}],"wp:term":[{"taxonomy":"category","embeddable":true,"href":"https:\/\/www.public.sn\/index.php\/wp-json\/wp\/v2\/categories?post=716"},{"taxonomy":"post_tag","embeddable":true,"href":"https:\/\/www.public.sn\/index.php\/wp-json\/wp\/v2\/tags?post=716"}],"curies":[{"name":"wp","href":"https:\/\/api.w.org\/{rel}","templated":true}]}}