{"id":7195,"date":"2022-11-07T08:12:12","date_gmt":"2022-11-07T08:12:12","guid":{"rendered":"https:\/\/www.public.sn\/?p=7195"},"modified":"2022-11-07T08:30:07","modified_gmt":"2022-11-07T08:30:07","slug":"arrestation-de-pape-ale-un-enlevement-selon-me-cire-cledor-ly","status":"publish","type":"post","link":"https:\/\/www.public.sn\/index.php\/2022\/11\/07\/arrestation-de-pape-ale-un-enlevement-selon-me-cire-cledor-ly\/","title":{"rendered":"Arrestation de Pape Al\u00e9\u00a0: Un enl\u00e8vement selon Me Cir\u00e9 Cl\u00e9dor Ly."},"content":{"rendered":"\n<p><\/p>\n\n\n\n<p>Le Journaliste Pape Al\u00e9 Niang devrait faire face au procureur ce Lundi. Il a \u00e9t\u00e9 arr\u00eat\u00e9 ce Dimanche pour les motifs de divulgation d\u2019informations estampill\u00e9es secrets sans autorisation de la hi\u00e9rarchie militaire et d\u2019informations pouvant entrainer des troubles \u00e0 l\u2019ordre public. <\/p><div class=\"publi-paragraphe1\" style=\"margin-top: 10px;margin-bottom: 10px;margin-left: auto;margin-right: auto;text-align: center;\" id=\"publi-3888405643\"><div class=\"publi-adlabel\">Publicit\u00e9<\/div><script async src=\"\/\/pagead2.googlesyndication.com\/pagead\/js\/adsbygoogle.js?client=ca-pub-4089586018074219\" crossorigin=\"anonymous\"><\/script><ins class=\"adsbygoogle\" style=\"display:block;\" data-ad-client=\"ca-pub-4089586018074219\" \ndata-ad-slot=\"2087940154\" \ndata-ad-format=\"auto\"><\/ins>\n<script> \n(adsbygoogle = window.adsbygoogle || []).push({}); \n<\/script>\n<\/div>\n\n\n\n<p><\/p>\n\n\n\n<p>Son avocat Me Cir\u00e9 Cl\u00e9dor Ly parle d\u2019un enl\u00e8vement pure et simple et une volont\u00e9 manifeste d\u2019entraver le droit \u00e0 l\u2019information. La coordination des acteurs de la presse compte faire une d\u00e9claration en ce sens ce Lundi alors que le Synpics a d\u00e9j\u00e0 commis un avocat pour d\u00e9fendre Pape Al\u00e9 Niang.<\/p>\n\n\n\n<p>Samba SY.<\/p>\n<div class=\"publi-apres-le-contenu\" style=\"margin-top: 10px;margin-bottom: 10px;margin-left: auto;margin-right: auto;text-align: center;\" id=\"publi-3324945997\"><div class=\"publi-adlabel\">Publicit\u00e9<\/div><script async src=\"\/\/pagead2.googlesyndication.com\/pagead\/js\/adsbygoogle.js?client=ca-pub-4089586018074219\" crossorigin=\"anonymous\"><\/script><ins class=\"adsbygoogle\" style=\"display:block;\" data-ad-client=\"ca-pub-4089586018074219\" \ndata-ad-slot=\"2087940154\" \ndata-ad-format=\"auto\"><\/ins>\n<script> \n(adsbygoogle = window.adsbygoogle || []).push({}); \n<\/script>\n<\/div>","protected":false},"excerpt":{"rendered":"<p>Le Journaliste Pape Al\u00e9 Niang devrait faire face au procureur ce Lundi. Il a \u00e9t\u00e9 arr\u00eat\u00e9 ce Dimanche pour les motifs de divulgation d\u2019informations estampill\u00e9es secrets sans autorisation de la hi\u00e9rarchie militaire et d\u2019informations pouvant entrainer des troubles \u00e0 l\u2019ordre public. Son avocat Me Cir\u00e9 Cl\u00e9dor Ly parle d\u2019un enl\u00e8vement pure et simple et une volont\u00e9 manifeste d\u2019entraver le droit \u00e0 l\u2019information. La coordination des acteurs de la presse compte faire une d\u00e9claration en ce sens ce Lundi alors que le Synpics a d\u00e9j\u00e0 commis un avocat pour d\u00e9fendre Pape Al\u00e9 Niang. Samba SY.<\/p>\n","protected":false},"author":7,"featured_media":7196,"comment_status":"open","ping_status":"open","sticky":false,"template":"","format":"standard","meta":{"_jetpack_memberships_contains_paid_content":false,"footnotes":""},"categories":[375,961,1,372],"tags":[1473,2493,2492],"class_list":["post-7195","post","type-post","status-publish","format-standard","has-post-thumbnail","hentry","category-actualites","category-medias","category-non-classe","category-vedette","tag-arrestation","tag-me-cire-cledor-ly","tag-pape-ale","entry","has-media","owp-thumbs-layout-horizontal","owp-btn-normal","owp-tabs-layout-horizontal","has-no-thumbnails","has-product-nav"],"yoast_head":"<!-- This site is optimized with the Yoast SEO plugin v25.5 - https:\/\/yoast.com\/wordpress\/plugins\/seo\/ -->\n<title>Arrestation de Pape Al\u00e9\u00a0: Un enl\u00e8vement selon Me Cir\u00e9 Cl\u00e9dor Ly. - LE PUBLIC<\/title>\n<meta name=\"robots\" content=\"index, follow, max-snippet:-1, max-image-preview:large, max-video-preview:-1\" \/>\n<link rel=\"canonical\" href=\"https:\/\/www.public.sn\/index.php\/2022\/11\/07\/arrestation-de-pape-ale-un-enlevement-selon-me-cire-cledor-ly\/\" \/>\n<meta property=\"og:locale\" content=\"fr_FR\" \/>\n<meta property=\"og:type\" content=\"article\" \/>\n<meta property=\"og:title\" content=\"Arrestation de Pape Al\u00e9\u00a0: Un enl\u00e8vement selon Me Cir\u00e9 Cl\u00e9dor Ly. - LE PUBLIC\" \/>\n<meta property=\"og:description\" content=\"Le Journaliste Pape Al\u00e9 Niang devrait faire face au procureur ce Lundi. Il a \u00e9t\u00e9 arr\u00eat\u00e9 ce Dimanche pour les motifs de divulgation d\u2019informations estampill\u00e9es secrets sans autorisation de la hi\u00e9rarchie militaire et d\u2019informations pouvant entrainer des troubles \u00e0 l\u2019ordre public. Son avocat Me Cir\u00e9 Cl\u00e9dor Ly parle d\u2019un enl\u00e8vement pure et simple et une volont\u00e9 manifeste d\u2019entraver le droit \u00e0 l\u2019information. La coordination des acteurs de la presse compte faire une d\u00e9claration en ce sens ce Lundi alors que le Synpics a d\u00e9j\u00e0 commis un avocat pour d\u00e9fendre Pape Al\u00e9 Niang. Samba SY.\" \/>\n<meta property=\"og:url\" content=\"https:\/\/www.public.sn\/index.php\/2022\/11\/07\/arrestation-de-pape-ale-un-enlevement-selon-me-cire-cledor-ly\/\" \/>\n<meta property=\"og:site_name\" content=\"LE PUBLIC\" \/>\n<meta property=\"article:published_time\" content=\"2022-11-07T08:12:12+00:00\" \/>\n<meta property=\"article:modified_time\" content=\"2022-11-07T08:30:07+00:00\" \/>\n<meta property=\"og:image\" content=\"https:\/\/www.public.sn\/wp-content\/uploads\/2022\/11\/pape-ale.jpg\" \/>\n\t<meta property=\"og:image:width\" content=\"688\" \/>\n\t<meta property=\"og:image:height\" content=\"427\" \/>\n\t<meta property=\"og:image:type\" content=\"image\/jpeg\" \/>\n<meta name=\"author\" content=\"LA REDACTION\" \/>\n<meta name=\"twitter:card\" content=\"summary_large_image\" \/>\n<meta name=\"twitter:label1\" content=\"\u00c9crit par\" \/>\n\t<meta name=\"twitter:data1\" content=\"LA REDACTION\" \/>\n\t<meta name=\"twitter:label2\" content=\"Dur\u00e9e de lecture estim\u00e9e\" \/>\n\t<meta name=\"twitter:data2\" content=\"1 minute\" \/>\n<script type=\"application\/ld+json\" class=\"yoast-schema-graph\">{\"@context\":\"https:\/\/schema.org\",\"@graph\":[{\"@type\":\"Article\",\"@id\":\"https:\/\/www.public.sn\/index.php\/2022\/11\/07\/arrestation-de-pape-ale-un-enlevement-selon-me-cire-cledor-ly\/#article\",\"isPartOf\":{\"@id\":\"https:\/\/www.public.sn\/index.php\/2022\/11\/07\/arrestation-de-pape-ale-un-enlevement-selon-me-cire-cledor-ly\/\"},\"author\":{\"name\":\"LA REDACTION\",\"@id\":\"https:\/\/www.public.sn\/#\/schema\/person\/cb76c8e1b8becc6be61fb5e92d6d0224\"},\"headline\":\"Arrestation de Pape Al\u00e9\u00a0: Un enl\u00e8vement selon Me Cir\u00e9 Cl\u00e9dor Ly.\",\"datePublished\":\"2022-11-07T08:12:12+00:00\",\"dateModified\":\"2022-11-07T08:30:07+00:00\",\"mainEntityOfPage\":{\"@id\":\"https:\/\/www.public.sn\/index.php\/2022\/11\/07\/arrestation-de-pape-ale-un-enlevement-selon-me-cire-cledor-ly\/\"},\"wordCount\":119,\"commentCount\":0,\"publisher\":{\"@id\":\"https:\/\/www.public.sn\/#organization\"},\"image\":{\"@id\":\"https:\/\/www.public.sn\/index.php\/2022\/11\/07\/arrestation-de-pape-ale-un-enlevement-selon-me-cire-cledor-ly\/#primaryimage\"},\"thumbnailUrl\":\"https:\/\/www.public.sn\/wp-content\/uploads\/2022\/11\/pape-ale.jpg\",\"keywords\":[\"arrestation\",\"me cire cledor ly\",\"pape al\u00e9\"],\"articleSection\":[\"ACTUALIT\u00c9S\",\"M\u00c9DIAS\",\"S\u00c9N\u00c9GAL\",\"VEDETTE\"],\"inLanguage\":\"fr-FR\",\"potentialAction\":[{\"@type\":\"CommentAction\",\"name\":\"Comment\",\"target\":[\"https:\/\/www.public.sn\/index.php\/2022\/11\/07\/arrestation-de-pape-ale-un-enlevement-selon-me-cire-cledor-ly\/#respond\"]}]},{\"@type\":\"WebPage\",\"@id\":\"https:\/\/www.public.sn\/index.php\/2022\/11\/07\/arrestation-de-pape-ale-un-enlevement-selon-me-cire-cledor-ly\/\",\"url\":\"https:\/\/www.public.sn\/index.php\/2022\/11\/07\/arrestation-de-pape-ale-un-enlevement-selon-me-cire-cledor-ly\/\",\"name\":\"Arrestation de Pape Al\u00e9\u00a0: Un enl\u00e8vement selon Me Cir\u00e9 Cl\u00e9dor Ly. - LE PUBLIC\",\"isPartOf\":{\"@id\":\"https:\/\/www.public.sn\/#website\"},\"primaryImageOfPage\":{\"@id\":\"https:\/\/www.public.sn\/index.php\/2022\/11\/07\/arrestation-de-pape-ale-un-enlevement-selon-me-cire-cledor-ly\/#primaryimage\"},\"image\":{\"@id\":\"https:\/\/www.public.sn\/index.php\/2022\/11\/07\/arrestation-de-pape-ale-un-enlevement-selon-me-cire-cledor-ly\/#primaryimage\"},\"thumbnailUrl\":\"https:\/\/www.public.sn\/wp-content\/uploads\/2022\/11\/pape-ale.jpg\",\"datePublished\":\"2022-11-07T08:12:12+00:00\",\"dateModified\":\"2022-11-07T08:30:07+00:00\",\"breadcrumb\":{\"@id\":\"https:\/\/www.public.sn\/index.php\/2022\/11\/07\/arrestation-de-pape-ale-un-enlevement-selon-me-cire-cledor-ly\/#breadcrumb\"},\"inLanguage\":\"fr-FR\",\"potentialAction\":[{\"@type\":\"ReadAction\",\"target\":[\"https:\/\/www.public.sn\/index.php\/2022\/11\/07\/arrestation-de-pape-ale-un-enlevement-selon-me-cire-cledor-ly\/\"]}]},{\"@type\":\"ImageObject\",\"inLanguage\":\"fr-FR\",\"@id\":\"https:\/\/www.public.sn\/index.php\/2022\/11\/07\/arrestation-de-pape-ale-un-enlevement-selon-me-cire-cledor-ly\/#primaryimage\",\"url\":\"https:\/\/www.public.sn\/wp-content\/uploads\/2022\/11\/pape-ale.jpg\",\"contentUrl\":\"https:\/\/www.public.sn\/wp-content\/uploads\/2022\/11\/pape-ale.jpg\",\"width\":688,\"height\":427,\"caption\":\"publicsn\"},{\"@type\":\"BreadcrumbList\",\"@id\":\"https:\/\/www.public.sn\/index.php\/2022\/11\/07\/arrestation-de-pape-ale-un-enlevement-selon-me-cire-cledor-ly\/#breadcrumb\",\"itemListElement\":[{\"@type\":\"ListItem\",\"position\":1,\"name\":\"Accueil\",\"item\":\"https:\/\/www.public.sn\/\"},{\"@type\":\"ListItem\",\"position\":2,\"name\":\"Arrestation de Pape Al\u00e9\u00a0: Un enl\u00e8vement selon Me Cir\u00e9 Cl\u00e9dor Ly.\"}]},{\"@type\":\"WebSite\",\"@id\":\"https:\/\/www.public.sn\/#website\",\"url\":\"https:\/\/www.public.sn\/\",\"name\":\"LE PUBLIC\",\"description\":\"\",\"publisher\":{\"@id\":\"https:\/\/www.public.sn\/#organization\"},\"potentialAction\":[{\"@type\":\"SearchAction\",\"target\":{\"@type\":\"EntryPoint\",\"urlTemplate\":\"https:\/\/www.public.sn\/?s={search_term_string}\"},\"query-input\":{\"@type\":\"PropertyValueSpecification\",\"valueRequired\":true,\"valueName\":\"search_term_string\"}}],\"inLanguage\":\"fr-FR\"},{\"@type\":\"Organization\",\"@id\":\"https:\/\/www.public.sn\/#organization\",\"name\":\"LE PUBLIC\",\"url\":\"https:\/\/www.public.sn\/\",\"logo\":{\"@type\":\"ImageObject\",\"inLanguage\":\"fr-FR\",\"@id\":\"https:\/\/www.public.sn\/#\/schema\/logo\/image\/\",\"url\":\"https:\/\/www.public.sn\/wp-content\/uploads\/2024\/05\/cropped-LOGO-PUBLIC.SN_.png\",\"contentUrl\":\"https:\/\/www.public.sn\/wp-content\/uploads\/2024\/05\/cropped-LOGO-PUBLIC.SN_.png\",\"width\":682,\"height\":192,\"caption\":\"LE PUBLIC\"},\"image\":{\"@id\":\"https:\/\/www.public.sn\/#\/schema\/logo\/image\/\"}},{\"@type\":\"Person\",\"@id\":\"https:\/\/www.public.sn\/#\/schema\/person\/cb76c8e1b8becc6be61fb5e92d6d0224\",\"name\":\"LA REDACTION\",\"image\":{\"@type\":\"ImageObject\",\"inLanguage\":\"fr-FR\",\"@id\":\"https:\/\/www.public.sn\/#\/schema\/person\/image\/\",\"url\":\"https:\/\/secure.gravatar.com\/avatar\/2dce5ddd34b8fef0180efe03aa2a9bee7d953856048f9a16b298190a3178407c?s=96&d=mm&r=g\",\"contentUrl\":\"https:\/\/secure.gravatar.com\/avatar\/2dce5ddd34b8fef0180efe03aa2a9bee7d953856048f9a16b298190a3178407c?s=96&d=mm&r=g\",\"caption\":\"LA REDACTION\"},\"url\":\"https:\/\/www.public.sn\/index.php\/author\/editeurpsn\/\"}]}<\/script>\n<!-- \/ Yoast SEO plugin. -->","yoast_head_json":{"title":"Arrestation de Pape Al\u00e9\u00a0: Un enl\u00e8vement selon Me Cir\u00e9 Cl\u00e9dor Ly. - LE PUBLIC","robots":{"index":"index","follow":"follow","max-snippet":"max-snippet:-1","max-image-preview":"max-image-preview:large","max-video-preview":"max-video-preview:-1"},"canonical":"https:\/\/www.public.sn\/index.php\/2022\/11\/07\/arrestation-de-pape-ale-un-enlevement-selon-me-cire-cledor-ly\/","og_locale":"fr_FR","og_type":"article","og_title":"Arrestation de Pape Al\u00e9\u00a0: Un enl\u00e8vement selon Me Cir\u00e9 Cl\u00e9dor Ly. - LE PUBLIC","og_description":"Le Journaliste Pape Al\u00e9 Niang devrait faire face au procureur ce Lundi. Il a \u00e9t\u00e9 arr\u00eat\u00e9 ce Dimanche pour les motifs de divulgation d\u2019informations estampill\u00e9es secrets sans autorisation de la hi\u00e9rarchie militaire et d\u2019informations pouvant entrainer des troubles \u00e0 l\u2019ordre public. Son avocat Me Cir\u00e9 Cl\u00e9dor Ly parle d\u2019un enl\u00e8vement pure et simple et une volont\u00e9 manifeste d\u2019entraver le droit \u00e0 l\u2019information. La coordination des acteurs de la presse compte faire une d\u00e9claration en ce sens ce Lundi alors que le Synpics a d\u00e9j\u00e0 commis un avocat pour d\u00e9fendre Pape Al\u00e9 Niang. Samba SY.","og_url":"https:\/\/www.public.sn\/index.php\/2022\/11\/07\/arrestation-de-pape-ale-un-enlevement-selon-me-cire-cledor-ly\/","og_site_name":"LE PUBLIC","article_published_time":"2022-11-07T08:12:12+00:00","article_modified_time":"2022-11-07T08:30:07+00:00","og_image":[{"width":688,"height":427,"url":"https:\/\/www.public.sn\/wp-content\/uploads\/2022\/11\/pape-ale.jpg","type":"image\/jpeg"}],"author":"LA REDACTION","twitter_card":"summary_large_image","twitter_misc":{"\u00c9crit par":"LA REDACTION","Dur\u00e9e de lecture estim\u00e9e":"1 minute"},"schema":{"@context":"https:\/\/schema.org","@graph":[{"@type":"Article","@id":"https:\/\/www.public.sn\/index.php\/2022\/11\/07\/arrestation-de-pape-ale-un-enlevement-selon-me-cire-cledor-ly\/#article","isPartOf":{"@id":"https:\/\/www.public.sn\/index.php\/2022\/11\/07\/arrestation-de-pape-ale-un-enlevement-selon-me-cire-cledor-ly\/"},"author":{"name":"LA REDACTION","@id":"https:\/\/www.public.sn\/#\/schema\/person\/cb76c8e1b8becc6be61fb5e92d6d0224"},"headline":"Arrestation de Pape Al\u00e9\u00a0: Un enl\u00e8vement selon Me Cir\u00e9 Cl\u00e9dor Ly.","datePublished":"2022-11-07T08:12:12+00:00","dateModified":"2022-11-07T08:30:07+00:00","mainEntityOfPage":{"@id":"https:\/\/www.public.sn\/index.php\/2022\/11\/07\/arrestation-de-pape-ale-un-enlevement-selon-me-cire-cledor-ly\/"},"wordCount":119,"commentCount":0,"publisher":{"@id":"https:\/\/www.public.sn\/#organization"},"image":{"@id":"https:\/\/www.public.sn\/index.php\/2022\/11\/07\/arrestation-de-pape-ale-un-enlevement-selon-me-cire-cledor-ly\/#primaryimage"},"thumbnailUrl":"https:\/\/www.public.sn\/wp-content\/uploads\/2022\/11\/pape-ale.jpg","keywords":["arrestation","me cire cledor ly","pape al\u00e9"],"articleSection":["ACTUALIT\u00c9S","M\u00c9DIAS","S\u00c9N\u00c9GAL","VEDETTE"],"inLanguage":"fr-FR","potentialAction":[{"@type":"CommentAction","name":"Comment","target":["https:\/\/www.public.sn\/index.php\/2022\/11\/07\/arrestation-de-pape-ale-un-enlevement-selon-me-cire-cledor-ly\/#respond"]}]},{"@type":"WebPage","@id":"https:\/\/www.public.sn\/index.php\/2022\/11\/07\/arrestation-de-pape-ale-un-enlevement-selon-me-cire-cledor-ly\/","url":"https:\/\/www.public.sn\/index.php\/2022\/11\/07\/arrestation-de-pape-ale-un-enlevement-selon-me-cire-cledor-ly\/","name":"Arrestation de Pape Al\u00e9\u00a0: Un enl\u00e8vement selon Me Cir\u00e9 Cl\u00e9dor Ly. - LE PUBLIC","isPartOf":{"@id":"https:\/\/www.public.sn\/#website"},"primaryImageOfPage":{"@id":"https:\/\/www.public.sn\/index.php\/2022\/11\/07\/arrestation-de-pape-ale-un-enlevement-selon-me-cire-cledor-ly\/#primaryimage"},"image":{"@id":"https:\/\/www.public.sn\/index.php\/2022\/11\/07\/arrestation-de-pape-ale-un-enlevement-selon-me-cire-cledor-ly\/#primaryimage"},"thumbnailUrl":"https:\/\/www.public.sn\/wp-content\/uploads\/2022\/11\/pape-ale.jpg","datePublished":"2022-11-07T08:12:12+00:00","dateModified":"2022-11-07T08:30:07+00:00","breadcrumb":{"@id":"https:\/\/www.public.sn\/index.php\/2022\/11\/07\/arrestation-de-pape-ale-un-enlevement-selon-me-cire-cledor-ly\/#breadcrumb"},"inLanguage":"fr-FR","potentialAction":[{"@type":"ReadAction","target":["https:\/\/www.public.sn\/index.php\/2022\/11\/07\/arrestation-de-pape-ale-un-enlevement-selon-me-cire-cledor-ly\/"]}]},{"@type":"ImageObject","inLanguage":"fr-FR","@id":"https:\/\/www.public.sn\/index.php\/2022\/11\/07\/arrestation-de-pape-ale-un-enlevement-selon-me-cire-cledor-ly\/#primaryimage","url":"https:\/\/www.public.sn\/wp-content\/uploads\/2022\/11\/pape-ale.jpg","contentUrl":"https:\/\/www.public.sn\/wp-content\/uploads\/2022\/11\/pape-ale.jpg","width":688,"height":427,"caption":"publicsn"},{"@type":"BreadcrumbList","@id":"https:\/\/www.public.sn\/index.php\/2022\/11\/07\/arrestation-de-pape-ale-un-enlevement-selon-me-cire-cledor-ly\/#breadcrumb","itemListElement":[{"@type":"ListItem","position":1,"name":"Accueil","item":"https:\/\/www.public.sn\/"},{"@type":"ListItem","position":2,"name":"Arrestation de Pape Al\u00e9\u00a0: Un enl\u00e8vement selon Me Cir\u00e9 Cl\u00e9dor Ly."}]},{"@type":"WebSite","@id":"https:\/\/www.public.sn\/#website","url":"https:\/\/www.public.sn\/","name":"LE PUBLIC","description":"","publisher":{"@id":"https:\/\/www.public.sn\/#organization"},"potentialAction":[{"@type":"SearchAction","target":{"@type":"EntryPoint","urlTemplate":"https:\/\/www.public.sn\/?s={search_term_string}"},"query-input":{"@type":"PropertyValueSpecification","valueRequired":true,"valueName":"search_term_string"}}],"inLanguage":"fr-FR"},{"@type":"Organization","@id":"https:\/\/www.public.sn\/#organization","name":"LE PUBLIC","url":"https:\/\/www.public.sn\/","logo":{"@type":"ImageObject","inLanguage":"fr-FR","@id":"https:\/\/www.public.sn\/#\/schema\/logo\/image\/","url":"https:\/\/www.public.sn\/wp-content\/uploads\/2024\/05\/cropped-LOGO-PUBLIC.SN_.png","contentUrl":"https:\/\/www.public.sn\/wp-content\/uploads\/2024\/05\/cropped-LOGO-PUBLIC.SN_.png","width":682,"height":192,"caption":"LE PUBLIC"},"image":{"@id":"https:\/\/www.public.sn\/#\/schema\/logo\/image\/"}},{"@type":"Person","@id":"https:\/\/www.public.sn\/#\/schema\/person\/cb76c8e1b8becc6be61fb5e92d6d0224","name":"LA REDACTION","image":{"@type":"ImageObject","inLanguage":"fr-FR","@id":"https:\/\/www.public.sn\/#\/schema\/person\/image\/","url":"https:\/\/secure.gravatar.com\/avatar\/2dce5ddd34b8fef0180efe03aa2a9bee7d953856048f9a16b298190a3178407c?s=96&d=mm&r=g","contentUrl":"https:\/\/secure.gravatar.com\/avatar\/2dce5ddd34b8fef0180efe03aa2a9bee7d953856048f9a16b298190a3178407c?s=96&d=mm&r=g","caption":"LA REDACTION"},"url":"https:\/\/www.public.sn\/index.php\/author\/editeurpsn\/"}]}},"jetpack_featured_media_url":"https:\/\/www.public.sn\/wp-content\/uploads\/2022\/11\/pape-ale.jpg","jetpack_sharing_enabled":true,"_links":{"self":[{"href":"https:\/\/www.public.sn\/index.php\/wp-json\/wp\/v2\/posts\/7195","targetHints":{"allow":["GET"]}}],"collection":[{"href":"https:\/\/www.public.sn\/index.php\/wp-json\/wp\/v2\/posts"}],"about":[{"href":"https:\/\/www.public.sn\/index.php\/wp-json\/wp\/v2\/types\/post"}],"author":[{"embeddable":true,"href":"https:\/\/www.public.sn\/index.php\/wp-json\/wp\/v2\/users\/7"}],"replies":[{"embeddable":true,"href":"https:\/\/www.public.sn\/index.php\/wp-json\/wp\/v2\/comments?post=7195"}],"version-history":[{"count":2,"href":"https:\/\/www.public.sn\/index.php\/wp-json\/wp\/v2\/posts\/7195\/revisions"}],"predecessor-version":[{"id":7198,"href":"https:\/\/www.public.sn\/index.php\/wp-json\/wp\/v2\/posts\/7195\/revisions\/7198"}],"wp:featuredmedia":[{"embeddable":true,"href":"https:\/\/www.public.sn\/index.php\/wp-json\/wp\/v2\/media\/7196"}],"wp:attachment":[{"href":"https:\/\/www.public.sn\/index.php\/wp-json\/wp\/v2\/media?parent=7195"}],"wp:term":[{"taxonomy":"category","embeddable":true,"href":"https:\/\/www.public.sn\/index.php\/wp-json\/wp\/v2\/categories?post=7195"},{"taxonomy":"post_tag","embeddable":true,"href":"https:\/\/www.public.sn\/index.php\/wp-json\/wp\/v2\/tags?post=7195"}],"curies":[{"name":"wp","href":"https:\/\/api.w.org\/{rel}","templated":true}]}}