{"id":7205,"date":"2022-11-07T08:49:07","date_gmt":"2022-11-07T08:49:07","guid":{"rendered":"https:\/\/www.public.sn\/?p=7205"},"modified":"2022-11-07T08:49:09","modified_gmt":"2022-11-07T08:49:09","slug":"les-gardes-de-corps-de-sonko-deferes-ce-lundi","status":"publish","type":"post","link":"https:\/\/www.public.sn\/index.php\/2022\/11\/07\/les-gardes-de-corps-de-sonko-deferes-ce-lundi\/","title":{"rendered":"Les gardes de corps de Sonko d\u00e9f\u00e9r\u00e9s ce\u00a0 lundi."},"content":{"rendered":"\n<p>Les cinq membres de la garde rapproch\u00e9e d\u2019Ousmane Sonko ont \u00e9t\u00e9 arr\u00eat\u00e9s, lors de l\u2019audition de leur patron, jeudi dernier. &nbsp;Ils sont poursuivis dans le cadre de l\u2019enqu\u00eate ouverte sur les incidents survenus le 30 octobre dernier \u00e0 Tchiky, dans la commune de Diass, &nbsp;en marge de la r\u00e9cente tourn\u00e9e du pr\u00e9sident de Pastef.<br><br>&nbsp;&nbsp;&nbsp;&nbsp; D\u2019apr\u00e8s Les \u00c9chos, les mis en cause seront d\u00e9f\u00e9r\u00e9s au parquet ce lundi, le quotidien indique que, \u00absauf changement de derni\u00e8re minute\u00bb, ils seront pr\u00e9sent\u00e9s au procureur de Mbour, qui va fixer une date d\u2019audience pour le proc\u00e8s des mis en cause. Jusque-l\u00e0, signale la m\u00eame source, ils sont d\u00e9tenus \u00e0 la Brigade de recherches de Saly (Mbour).<br><br>Dans un communiqu\u00e9 publi\u00e9 le jour de leur arrestation, le chef du parquet de Mbour pr\u00e9cise que&nbsp; des gardes du corps de Sonko font l\u2019objet d\u2019une plainte de personnes qui les accusent de les avoir bless\u00e9es et d\u2019avoir d\u00e9truit leurs biens lors des \u00e9v\u00e9nements de Tchiky.<\/p><div class=\"publi-paragraphe1\" style=\"margin-top: 10px;margin-bottom: 10px;margin-left: auto;margin-right: auto;text-align: center;\" id=\"publi-2887822740\"><div class=\"publi-adlabel\">Publicit\u00e9<\/div><script async src=\"\/\/pagead2.googlesyndication.com\/pagead\/js\/adsbygoogle.js?client=ca-pub-4089586018074219\" crossorigin=\"anonymous\"><\/script><ins class=\"adsbygoogle\" style=\"display:block;\" data-ad-client=\"ca-pub-4089586018074219\" \ndata-ad-slot=\"2087940154\" \ndata-ad-format=\"auto\"><\/ins>\n<script> \n(adsbygoogle = window.adsbygoogle || []).push({}); \n<\/script>\n<\/div>\n\n\n\n<p>Falil Gadio<\/p>\n<div class=\"publi-apres-le-contenu\" style=\"margin-top: 10px;margin-bottom: 10px;margin-left: auto;margin-right: auto;text-align: center;\" id=\"publi-3155933657\"><div class=\"publi-adlabel\">Publicit\u00e9<\/div><script async src=\"\/\/pagead2.googlesyndication.com\/pagead\/js\/adsbygoogle.js?client=ca-pub-4089586018074219\" crossorigin=\"anonymous\"><\/script><ins class=\"adsbygoogle\" style=\"display:block;\" data-ad-client=\"ca-pub-4089586018074219\" \ndata-ad-slot=\"2087940154\" \ndata-ad-format=\"auto\"><\/ins>\n<script> \n(adsbygoogle = window.adsbygoogle || []).push({}); \n<\/script>\n<\/div>","protected":false},"excerpt":{"rendered":"<p>Les cinq membres de la garde rapproch\u00e9e d\u2019Ousmane Sonko ont \u00e9t\u00e9 arr\u00eat\u00e9s, lors de l\u2019audition de leur patron, jeudi dernier. &nbsp;Ils sont poursuivis dans le cadre de l\u2019enqu\u00eate ouverte sur les incidents survenus le 30 octobre dernier \u00e0 Tchiky, dans la commune de Diass, &nbsp;en marge de la r\u00e9cente tourn\u00e9e du pr\u00e9sident de Pastef. &nbsp;&nbsp;&nbsp;&nbsp; D\u2019apr\u00e8s Les \u00c9chos, les mis en cause seront d\u00e9f\u00e9r\u00e9s au parquet ce lundi, le quotidien indique que, \u00absauf changement de derni\u00e8re minute\u00bb, ils seront pr\u00e9sent\u00e9s au procureur de Mbour, qui va fixer une date d\u2019audience pour le proc\u00e8s des mis en cause. Jusque-l\u00e0, signale la m\u00eame source, ils sont d\u00e9tenus \u00e0 la Brigade de recherches de Saly (Mbour). Dans un communiqu\u00e9 publi\u00e9 le jour de leur arrestation, le chef du parquet de Mbour pr\u00e9cise que&nbsp; des gardes du corps de Sonko font l\u2019objet d\u2019une plainte de personnes qui les accusent de les avoir bless\u00e9es et d\u2019avoir d\u00e9truit leurs biens lors des \u00e9v\u00e9nements de Tchiky. Falil Gadio<\/p>\n","protected":false},"author":7,"featured_media":7207,"comment_status":"open","ping_status":"open","sticky":false,"template":"","format":"standard","meta":{"_jetpack_memberships_contains_paid_content":false,"footnotes":""},"categories":[375,3,1,4],"tags":[2497,2444,306],"class_list":["post-7205","post","type-post","status-publish","format-standard","has-post-thumbnail","hentry","category-actualites","category-politique","category-non-classe","category-societe","tag-affaire-chiky","tag-garde-corps","tag-sonko","entry","has-media","owp-thumbs-layout-horizontal","owp-btn-normal","owp-tabs-layout-horizontal","has-no-thumbnails","has-product-nav"],"yoast_head":"<!-- This site is optimized with the Yoast SEO plugin v25.5 - https:\/\/yoast.com\/wordpress\/plugins\/seo\/ -->\n<title>Les gardes de corps de Sonko d\u00e9f\u00e9r\u00e9s ce\u00a0 lundi. - LE PUBLIC<\/title>\n<meta name=\"robots\" content=\"index, follow, max-snippet:-1, max-image-preview:large, max-video-preview:-1\" \/>\n<link rel=\"canonical\" href=\"https:\/\/www.public.sn\/index.php\/2022\/11\/07\/les-gardes-de-corps-de-sonko-deferes-ce-lundi\/\" \/>\n<meta property=\"og:locale\" content=\"fr_FR\" \/>\n<meta property=\"og:type\" content=\"article\" \/>\n<meta property=\"og:title\" content=\"Les gardes de corps de Sonko d\u00e9f\u00e9r\u00e9s ce\u00a0 lundi. - LE PUBLIC\" \/>\n<meta property=\"og:description\" content=\"Les cinq membres de la garde rapproch\u00e9e d\u2019Ousmane Sonko ont \u00e9t\u00e9 arr\u00eat\u00e9s, lors de l\u2019audition de leur patron, jeudi dernier. &nbsp;Ils sont poursuivis dans le cadre de l\u2019enqu\u00eate ouverte sur les incidents survenus le 30 octobre dernier \u00e0 Tchiky, dans la commune de Diass, &nbsp;en marge de la r\u00e9cente tourn\u00e9e du pr\u00e9sident de Pastef. &nbsp;&nbsp;&nbsp;&nbsp; D\u2019apr\u00e8s Les \u00c9chos, les mis en cause seront d\u00e9f\u00e9r\u00e9s au parquet ce lundi, le quotidien indique que, \u00absauf changement de derni\u00e8re minute\u00bb, ils seront pr\u00e9sent\u00e9s au procureur de Mbour, qui va fixer une date d\u2019audience pour le proc\u00e8s des mis en cause. Jusque-l\u00e0, signale la m\u00eame source, ils sont d\u00e9tenus \u00e0 la Brigade de recherches de Saly (Mbour). Dans un communiqu\u00e9 publi\u00e9 le jour de leur arrestation, le chef du parquet de Mbour pr\u00e9cise que&nbsp; des gardes du corps de Sonko font l\u2019objet d\u2019une plainte de personnes qui les accusent de les avoir bless\u00e9es et d\u2019avoir d\u00e9truit leurs biens lors des \u00e9v\u00e9nements de Tchiky. Falil Gadio\" \/>\n<meta property=\"og:url\" content=\"https:\/\/www.public.sn\/index.php\/2022\/11\/07\/les-gardes-de-corps-de-sonko-deferes-ce-lundi\/\" \/>\n<meta property=\"og:site_name\" content=\"LE PUBLIC\" \/>\n<meta property=\"article:published_time\" content=\"2022-11-07T08:49:07+00:00\" \/>\n<meta property=\"article:modified_time\" content=\"2022-11-07T08:49:09+00:00\" \/>\n<meta property=\"og:image\" content=\"https:\/\/www.public.sn\/wp-content\/uploads\/2022\/11\/garde.jpg\" \/>\n\t<meta property=\"og:image:width\" content=\"246\" \/>\n\t<meta property=\"og:image:height\" content=\"205\" \/>\n\t<meta property=\"og:image:type\" content=\"image\/jpeg\" \/>\n<meta name=\"author\" content=\"LA REDACTION\" \/>\n<meta name=\"twitter:card\" content=\"summary_large_image\" \/>\n<meta name=\"twitter:label1\" content=\"\u00c9crit par\" \/>\n\t<meta name=\"twitter:data1\" content=\"LA REDACTION\" \/>\n\t<meta name=\"twitter:label2\" content=\"Dur\u00e9e de lecture estim\u00e9e\" \/>\n\t<meta name=\"twitter:data2\" content=\"1 minute\" \/>\n<script type=\"application\/ld+json\" class=\"yoast-schema-graph\">{\"@context\":\"https:\/\/schema.org\",\"@graph\":[{\"@type\":\"Article\",\"@id\":\"https:\/\/www.public.sn\/index.php\/2022\/11\/07\/les-gardes-de-corps-de-sonko-deferes-ce-lundi\/#article\",\"isPartOf\":{\"@id\":\"https:\/\/www.public.sn\/index.php\/2022\/11\/07\/les-gardes-de-corps-de-sonko-deferes-ce-lundi\/\"},\"author\":{\"name\":\"LA REDACTION\",\"@id\":\"https:\/\/www.public.sn\/#\/schema\/person\/cb76c8e1b8becc6be61fb5e92d6d0224\"},\"headline\":\"Les gardes de corps de Sonko d\u00e9f\u00e9r\u00e9s ce\u00a0 lundi.\",\"datePublished\":\"2022-11-07T08:49:07+00:00\",\"dateModified\":\"2022-11-07T08:49:09+00:00\",\"mainEntityOfPage\":{\"@id\":\"https:\/\/www.public.sn\/index.php\/2022\/11\/07\/les-gardes-de-corps-de-sonko-deferes-ce-lundi\/\"},\"wordCount\":205,\"commentCount\":0,\"publisher\":{\"@id\":\"https:\/\/www.public.sn\/#organization\"},\"image\":{\"@id\":\"https:\/\/www.public.sn\/index.php\/2022\/11\/07\/les-gardes-de-corps-de-sonko-deferes-ce-lundi\/#primaryimage\"},\"thumbnailUrl\":\"https:\/\/www.public.sn\/wp-content\/uploads\/2022\/11\/garde.jpg\",\"keywords\":[\"Affaire Chiky\",\"garde corps\",\"sonko\"],\"articleSection\":[\"ACTUALIT\u00c9S\",\"POLITIQUE\",\"S\u00c9N\u00c9GAL\",\"SOCIETE\"],\"inLanguage\":\"fr-FR\",\"potentialAction\":[{\"@type\":\"CommentAction\",\"name\":\"Comment\",\"target\":[\"https:\/\/www.public.sn\/index.php\/2022\/11\/07\/les-gardes-de-corps-de-sonko-deferes-ce-lundi\/#respond\"]}]},{\"@type\":\"WebPage\",\"@id\":\"https:\/\/www.public.sn\/index.php\/2022\/11\/07\/les-gardes-de-corps-de-sonko-deferes-ce-lundi\/\",\"url\":\"https:\/\/www.public.sn\/index.php\/2022\/11\/07\/les-gardes-de-corps-de-sonko-deferes-ce-lundi\/\",\"name\":\"Les gardes de corps de Sonko d\u00e9f\u00e9r\u00e9s ce\u00a0 lundi. - LE PUBLIC\",\"isPartOf\":{\"@id\":\"https:\/\/www.public.sn\/#website\"},\"primaryImageOfPage\":{\"@id\":\"https:\/\/www.public.sn\/index.php\/2022\/11\/07\/les-gardes-de-corps-de-sonko-deferes-ce-lundi\/#primaryimage\"},\"image\":{\"@id\":\"https:\/\/www.public.sn\/index.php\/2022\/11\/07\/les-gardes-de-corps-de-sonko-deferes-ce-lundi\/#primaryimage\"},\"thumbnailUrl\":\"https:\/\/www.public.sn\/wp-content\/uploads\/2022\/11\/garde.jpg\",\"datePublished\":\"2022-11-07T08:49:07+00:00\",\"dateModified\":\"2022-11-07T08:49:09+00:00\",\"breadcrumb\":{\"@id\":\"https:\/\/www.public.sn\/index.php\/2022\/11\/07\/les-gardes-de-corps-de-sonko-deferes-ce-lundi\/#breadcrumb\"},\"inLanguage\":\"fr-FR\",\"potentialAction\":[{\"@type\":\"ReadAction\",\"target\":[\"https:\/\/www.public.sn\/index.php\/2022\/11\/07\/les-gardes-de-corps-de-sonko-deferes-ce-lundi\/\"]}]},{\"@type\":\"ImageObject\",\"inLanguage\":\"fr-FR\",\"@id\":\"https:\/\/www.public.sn\/index.php\/2022\/11\/07\/les-gardes-de-corps-de-sonko-deferes-ce-lundi\/#primaryimage\",\"url\":\"https:\/\/www.public.sn\/wp-content\/uploads\/2022\/11\/garde.jpg\",\"contentUrl\":\"https:\/\/www.public.sn\/wp-content\/uploads\/2022\/11\/garde.jpg\",\"width\":246,\"height\":205,\"caption\":\"Public Sn\"},{\"@type\":\"BreadcrumbList\",\"@id\":\"https:\/\/www.public.sn\/index.php\/2022\/11\/07\/les-gardes-de-corps-de-sonko-deferes-ce-lundi\/#breadcrumb\",\"itemListElement\":[{\"@type\":\"ListItem\",\"position\":1,\"name\":\"Accueil\",\"item\":\"https:\/\/www.public.sn\/\"},{\"@type\":\"ListItem\",\"position\":2,\"name\":\"Les gardes de corps de Sonko d\u00e9f\u00e9r\u00e9s ce\u00a0 lundi.\"}]},{\"@type\":\"WebSite\",\"@id\":\"https:\/\/www.public.sn\/#website\",\"url\":\"https:\/\/www.public.sn\/\",\"name\":\"LE PUBLIC\",\"description\":\"\",\"publisher\":{\"@id\":\"https:\/\/www.public.sn\/#organization\"},\"potentialAction\":[{\"@type\":\"SearchAction\",\"target\":{\"@type\":\"EntryPoint\",\"urlTemplate\":\"https:\/\/www.public.sn\/?s={search_term_string}\"},\"query-input\":{\"@type\":\"PropertyValueSpecification\",\"valueRequired\":true,\"valueName\":\"search_term_string\"}}],\"inLanguage\":\"fr-FR\"},{\"@type\":\"Organization\",\"@id\":\"https:\/\/www.public.sn\/#organization\",\"name\":\"LE PUBLIC\",\"url\":\"https:\/\/www.public.sn\/\",\"logo\":{\"@type\":\"ImageObject\",\"inLanguage\":\"fr-FR\",\"@id\":\"https:\/\/www.public.sn\/#\/schema\/logo\/image\/\",\"url\":\"https:\/\/www.public.sn\/wp-content\/uploads\/2024\/05\/cropped-LOGO-PUBLIC.SN_.png\",\"contentUrl\":\"https:\/\/www.public.sn\/wp-content\/uploads\/2024\/05\/cropped-LOGO-PUBLIC.SN_.png\",\"width\":682,\"height\":192,\"caption\":\"LE PUBLIC\"},\"image\":{\"@id\":\"https:\/\/www.public.sn\/#\/schema\/logo\/image\/\"}},{\"@type\":\"Person\",\"@id\":\"https:\/\/www.public.sn\/#\/schema\/person\/cb76c8e1b8becc6be61fb5e92d6d0224\",\"name\":\"LA REDACTION\",\"image\":{\"@type\":\"ImageObject\",\"inLanguage\":\"fr-FR\",\"@id\":\"https:\/\/www.public.sn\/#\/schema\/person\/image\/\",\"url\":\"https:\/\/secure.gravatar.com\/avatar\/2dce5ddd34b8fef0180efe03aa2a9bee7d953856048f9a16b298190a3178407c?s=96&d=mm&r=g\",\"contentUrl\":\"https:\/\/secure.gravatar.com\/avatar\/2dce5ddd34b8fef0180efe03aa2a9bee7d953856048f9a16b298190a3178407c?s=96&d=mm&r=g\",\"caption\":\"LA REDACTION\"},\"url\":\"https:\/\/www.public.sn\/index.php\/author\/editeurpsn\/\"}]}<\/script>\n<!-- \/ Yoast SEO plugin. -->","yoast_head_json":{"title":"Les gardes de corps de Sonko d\u00e9f\u00e9r\u00e9s ce\u00a0 lundi. - LE PUBLIC","robots":{"index":"index","follow":"follow","max-snippet":"max-snippet:-1","max-image-preview":"max-image-preview:large","max-video-preview":"max-video-preview:-1"},"canonical":"https:\/\/www.public.sn\/index.php\/2022\/11\/07\/les-gardes-de-corps-de-sonko-deferes-ce-lundi\/","og_locale":"fr_FR","og_type":"article","og_title":"Les gardes de corps de Sonko d\u00e9f\u00e9r\u00e9s ce\u00a0 lundi. - LE PUBLIC","og_description":"Les cinq membres de la garde rapproch\u00e9e d\u2019Ousmane Sonko ont \u00e9t\u00e9 arr\u00eat\u00e9s, lors de l\u2019audition de leur patron, jeudi dernier. &nbsp;Ils sont poursuivis dans le cadre de l\u2019enqu\u00eate ouverte sur les incidents survenus le 30 octobre dernier \u00e0 Tchiky, dans la commune de Diass, &nbsp;en marge de la r\u00e9cente tourn\u00e9e du pr\u00e9sident de Pastef. &nbsp;&nbsp;&nbsp;&nbsp; D\u2019apr\u00e8s Les \u00c9chos, les mis en cause seront d\u00e9f\u00e9r\u00e9s au parquet ce lundi, le quotidien indique que, \u00absauf changement de derni\u00e8re minute\u00bb, ils seront pr\u00e9sent\u00e9s au procureur de Mbour, qui va fixer une date d\u2019audience pour le proc\u00e8s des mis en cause. Jusque-l\u00e0, signale la m\u00eame source, ils sont d\u00e9tenus \u00e0 la Brigade de recherches de Saly (Mbour). Dans un communiqu\u00e9 publi\u00e9 le jour de leur arrestation, le chef du parquet de Mbour pr\u00e9cise que&nbsp; des gardes du corps de Sonko font l\u2019objet d\u2019une plainte de personnes qui les accusent de les avoir bless\u00e9es et d\u2019avoir d\u00e9truit leurs biens lors des \u00e9v\u00e9nements de Tchiky. Falil Gadio","og_url":"https:\/\/www.public.sn\/index.php\/2022\/11\/07\/les-gardes-de-corps-de-sonko-deferes-ce-lundi\/","og_site_name":"LE PUBLIC","article_published_time":"2022-11-07T08:49:07+00:00","article_modified_time":"2022-11-07T08:49:09+00:00","og_image":[{"width":246,"height":205,"url":"https:\/\/www.public.sn\/wp-content\/uploads\/2022\/11\/garde.jpg","type":"image\/jpeg"}],"author":"LA REDACTION","twitter_card":"summary_large_image","twitter_misc":{"\u00c9crit par":"LA REDACTION","Dur\u00e9e de lecture estim\u00e9e":"1 minute"},"schema":{"@context":"https:\/\/schema.org","@graph":[{"@type":"Article","@id":"https:\/\/www.public.sn\/index.php\/2022\/11\/07\/les-gardes-de-corps-de-sonko-deferes-ce-lundi\/#article","isPartOf":{"@id":"https:\/\/www.public.sn\/index.php\/2022\/11\/07\/les-gardes-de-corps-de-sonko-deferes-ce-lundi\/"},"author":{"name":"LA REDACTION","@id":"https:\/\/www.public.sn\/#\/schema\/person\/cb76c8e1b8becc6be61fb5e92d6d0224"},"headline":"Les gardes de corps de Sonko d\u00e9f\u00e9r\u00e9s ce\u00a0 lundi.","datePublished":"2022-11-07T08:49:07+00:00","dateModified":"2022-11-07T08:49:09+00:00","mainEntityOfPage":{"@id":"https:\/\/www.public.sn\/index.php\/2022\/11\/07\/les-gardes-de-corps-de-sonko-deferes-ce-lundi\/"},"wordCount":205,"commentCount":0,"publisher":{"@id":"https:\/\/www.public.sn\/#organization"},"image":{"@id":"https:\/\/www.public.sn\/index.php\/2022\/11\/07\/les-gardes-de-corps-de-sonko-deferes-ce-lundi\/#primaryimage"},"thumbnailUrl":"https:\/\/www.public.sn\/wp-content\/uploads\/2022\/11\/garde.jpg","keywords":["Affaire Chiky","garde corps","sonko"],"articleSection":["ACTUALIT\u00c9S","POLITIQUE","S\u00c9N\u00c9GAL","SOCIETE"],"inLanguage":"fr-FR","potentialAction":[{"@type":"CommentAction","name":"Comment","target":["https:\/\/www.public.sn\/index.php\/2022\/11\/07\/les-gardes-de-corps-de-sonko-deferes-ce-lundi\/#respond"]}]},{"@type":"WebPage","@id":"https:\/\/www.public.sn\/index.php\/2022\/11\/07\/les-gardes-de-corps-de-sonko-deferes-ce-lundi\/","url":"https:\/\/www.public.sn\/index.php\/2022\/11\/07\/les-gardes-de-corps-de-sonko-deferes-ce-lundi\/","name":"Les gardes de corps de Sonko d\u00e9f\u00e9r\u00e9s ce\u00a0 lundi. - LE PUBLIC","isPartOf":{"@id":"https:\/\/www.public.sn\/#website"},"primaryImageOfPage":{"@id":"https:\/\/www.public.sn\/index.php\/2022\/11\/07\/les-gardes-de-corps-de-sonko-deferes-ce-lundi\/#primaryimage"},"image":{"@id":"https:\/\/www.public.sn\/index.php\/2022\/11\/07\/les-gardes-de-corps-de-sonko-deferes-ce-lundi\/#primaryimage"},"thumbnailUrl":"https:\/\/www.public.sn\/wp-content\/uploads\/2022\/11\/garde.jpg","datePublished":"2022-11-07T08:49:07+00:00","dateModified":"2022-11-07T08:49:09+00:00","breadcrumb":{"@id":"https:\/\/www.public.sn\/index.php\/2022\/11\/07\/les-gardes-de-corps-de-sonko-deferes-ce-lundi\/#breadcrumb"},"inLanguage":"fr-FR","potentialAction":[{"@type":"ReadAction","target":["https:\/\/www.public.sn\/index.php\/2022\/11\/07\/les-gardes-de-corps-de-sonko-deferes-ce-lundi\/"]}]},{"@type":"ImageObject","inLanguage":"fr-FR","@id":"https:\/\/www.public.sn\/index.php\/2022\/11\/07\/les-gardes-de-corps-de-sonko-deferes-ce-lundi\/#primaryimage","url":"https:\/\/www.public.sn\/wp-content\/uploads\/2022\/11\/garde.jpg","contentUrl":"https:\/\/www.public.sn\/wp-content\/uploads\/2022\/11\/garde.jpg","width":246,"height":205,"caption":"Public Sn"},{"@type":"BreadcrumbList","@id":"https:\/\/www.public.sn\/index.php\/2022\/11\/07\/les-gardes-de-corps-de-sonko-deferes-ce-lundi\/#breadcrumb","itemListElement":[{"@type":"ListItem","position":1,"name":"Accueil","item":"https:\/\/www.public.sn\/"},{"@type":"ListItem","position":2,"name":"Les gardes de corps de Sonko d\u00e9f\u00e9r\u00e9s ce\u00a0 lundi."}]},{"@type":"WebSite","@id":"https:\/\/www.public.sn\/#website","url":"https:\/\/www.public.sn\/","name":"LE PUBLIC","description":"","publisher":{"@id":"https:\/\/www.public.sn\/#organization"},"potentialAction":[{"@type":"SearchAction","target":{"@type":"EntryPoint","urlTemplate":"https:\/\/www.public.sn\/?s={search_term_string}"},"query-input":{"@type":"PropertyValueSpecification","valueRequired":true,"valueName":"search_term_string"}}],"inLanguage":"fr-FR"},{"@type":"Organization","@id":"https:\/\/www.public.sn\/#organization","name":"LE PUBLIC","url":"https:\/\/www.public.sn\/","logo":{"@type":"ImageObject","inLanguage":"fr-FR","@id":"https:\/\/www.public.sn\/#\/schema\/logo\/image\/","url":"https:\/\/www.public.sn\/wp-content\/uploads\/2024\/05\/cropped-LOGO-PUBLIC.SN_.png","contentUrl":"https:\/\/www.public.sn\/wp-content\/uploads\/2024\/05\/cropped-LOGO-PUBLIC.SN_.png","width":682,"height":192,"caption":"LE PUBLIC"},"image":{"@id":"https:\/\/www.public.sn\/#\/schema\/logo\/image\/"}},{"@type":"Person","@id":"https:\/\/www.public.sn\/#\/schema\/person\/cb76c8e1b8becc6be61fb5e92d6d0224","name":"LA REDACTION","image":{"@type":"ImageObject","inLanguage":"fr-FR","@id":"https:\/\/www.public.sn\/#\/schema\/person\/image\/","url":"https:\/\/secure.gravatar.com\/avatar\/2dce5ddd34b8fef0180efe03aa2a9bee7d953856048f9a16b298190a3178407c?s=96&d=mm&r=g","contentUrl":"https:\/\/secure.gravatar.com\/avatar\/2dce5ddd34b8fef0180efe03aa2a9bee7d953856048f9a16b298190a3178407c?s=96&d=mm&r=g","caption":"LA REDACTION"},"url":"https:\/\/www.public.sn\/index.php\/author\/editeurpsn\/"}]}},"jetpack_featured_media_url":"https:\/\/www.public.sn\/wp-content\/uploads\/2022\/11\/garde.jpg","jetpack_sharing_enabled":true,"_links":{"self":[{"href":"https:\/\/www.public.sn\/index.php\/wp-json\/wp\/v2\/posts\/7205","targetHints":{"allow":["GET"]}}],"collection":[{"href":"https:\/\/www.public.sn\/index.php\/wp-json\/wp\/v2\/posts"}],"about":[{"href":"https:\/\/www.public.sn\/index.php\/wp-json\/wp\/v2\/types\/post"}],"author":[{"embeddable":true,"href":"https:\/\/www.public.sn\/index.php\/wp-json\/wp\/v2\/users\/7"}],"replies":[{"embeddable":true,"href":"https:\/\/www.public.sn\/index.php\/wp-json\/wp\/v2\/comments?post=7205"}],"version-history":[{"count":2,"href":"https:\/\/www.public.sn\/index.php\/wp-json\/wp\/v2\/posts\/7205\/revisions"}],"predecessor-version":[{"id":7210,"href":"https:\/\/www.public.sn\/index.php\/wp-json\/wp\/v2\/posts\/7205\/revisions\/7210"}],"wp:featuredmedia":[{"embeddable":true,"href":"https:\/\/www.public.sn\/index.php\/wp-json\/wp\/v2\/media\/7207"}],"wp:attachment":[{"href":"https:\/\/www.public.sn\/index.php\/wp-json\/wp\/v2\/media?parent=7205"}],"wp:term":[{"taxonomy":"category","embeddable":true,"href":"https:\/\/www.public.sn\/index.php\/wp-json\/wp\/v2\/categories?post=7205"},{"taxonomy":"post_tag","embeddable":true,"href":"https:\/\/www.public.sn\/index.php\/wp-json\/wp\/v2\/tags?post=7205"}],"curies":[{"name":"wp","href":"https:\/\/api.w.org\/{rel}","templated":true}]}}