{"id":7208,"date":"2022-11-07T08:51:55","date_gmt":"2022-11-07T08:51:55","guid":{"rendered":"https:\/\/www.public.sn\/?p=7208"},"modified":"2022-11-07T08:51:57","modified_gmt":"2022-11-07T08:51:57","slug":"secteur-primaire-greve-de-48h-et-marche-ce-vendredi","status":"publish","type":"post","link":"https:\/\/www.public.sn\/index.php\/2022\/11\/07\/secteur-primaire-greve-de-48h-et-marche-ce-vendredi\/","title":{"rendered":"Secteur primaire\u00a0: Gr\u00e8ve de 48h et marche ce Vendredi."},"content":{"rendered":"\n<p><\/p>\n\n\n\n<p>L\u2019intersyndicale des travailleurs du secteur primaire d\u00e9marre une gr\u00e8ve g\u00e9n\u00e9rale ce Lundi pour 48 heures. Elle d\u00e9nonce l\u2019indiff\u00e9rence des autorit\u00e9s face \u00e0 leurs revendications. <\/p><div class=\"publi-paragraphe1\" style=\"margin-top: 10px;margin-bottom: 10px;margin-left: auto;margin-right: auto;text-align: center;\" id=\"publi-4048807674\"><div class=\"publi-adlabel\">Publicit\u00e9<\/div><script async src=\"\/\/pagead2.googlesyndication.com\/pagead\/js\/adsbygoogle.js?client=ca-pub-4089586018074219\" crossorigin=\"anonymous\"><\/script><ins class=\"adsbygoogle\" style=\"display:block;\" data-ad-client=\"ca-pub-4089586018074219\" \ndata-ad-slot=\"2087940154\" \ndata-ad-format=\"auto\"><\/ins>\n<script> \n(adsbygoogle = window.adsbygoogle || []).push({}); \n<\/script>\n<\/div>\n\n\n\n<p><\/p>\n\n\n\n<p>Ces travailleurs comptent d\u2019ailleurs organiser une marche ce Vendredi pour contraindre l\u2019Etat \u00e0 satisfaire leurs revendications. Par ailleurs, l\u2019intersyndicale compte d\u00e9poser une plainte ce Lundi contre le directeur du SOGAS. Celui-ci est accus\u00e9 d\u2019abattre des b\u00eates sans contr\u00f4le, ni inspection. Une situation qui pr\u00e9sente bien des risques sur la consommation de la viande au niveau des march\u00e9s du S\u00e9n\u00e9gal.<\/p>\n\n\n\n<p>Samba SY.<\/p>\n<div class=\"publi-apres-le-contenu\" style=\"margin-top: 10px;margin-bottom: 10px;margin-left: auto;margin-right: auto;text-align: center;\" id=\"publi-3596956538\"><div class=\"publi-adlabel\">Publicit\u00e9<\/div><script async src=\"\/\/pagead2.googlesyndication.com\/pagead\/js\/adsbygoogle.js?client=ca-pub-4089586018074219\" crossorigin=\"anonymous\"><\/script><ins class=\"adsbygoogle\" style=\"display:block;\" data-ad-client=\"ca-pub-4089586018074219\" \ndata-ad-slot=\"2087940154\" \ndata-ad-format=\"auto\"><\/ins>\n<script> \n(adsbygoogle = window.adsbygoogle || []).push({}); \n<\/script>\n<\/div>","protected":false},"excerpt":{"rendered":"<p>L\u2019intersyndicale des travailleurs du secteur primaire d\u00e9marre une gr\u00e8ve g\u00e9n\u00e9rale ce Lundi pour 48 heures. Elle d\u00e9nonce l\u2019indiff\u00e9rence des autorit\u00e9s face \u00e0 leurs revendications. Ces travailleurs comptent d\u2019ailleurs organiser une marche ce Vendredi pour contraindre l\u2019Etat \u00e0 satisfaire leurs revendications. Par ailleurs, l\u2019intersyndicale compte d\u00e9poser une plainte ce Lundi contre le directeur du SOGAS. Celui-ci est accus\u00e9 d\u2019abattre des b\u00eates sans contr\u00f4le, ni inspection. Une situation qui pr\u00e9sente bien des risques sur la consommation de la viande au niveau des march\u00e9s du S\u00e9n\u00e9gal. Samba SY.<\/p>\n","protected":false},"author":7,"featured_media":7211,"comment_status":"open","ping_status":"open","sticky":false,"template":"","format":"standard","meta":{"_jetpack_memberships_contains_paid_content":false,"footnotes":""},"categories":[375,1,4],"tags":[2498,1753,1754],"class_list":["post-7208","post","type-post","status-publish","format-standard","has-post-thumbnail","hentry","category-actualites","category-non-classe","category-societe","tag-greve-genarale","tag-marche","tag-secteur-primaire","entry","has-media","owp-thumbs-layout-horizontal","owp-btn-normal","owp-tabs-layout-horizontal","has-no-thumbnails","has-product-nav"],"yoast_head":"<!-- This site is optimized with the Yoast SEO plugin v25.5 - https:\/\/yoast.com\/wordpress\/plugins\/seo\/ -->\n<title>Secteur primaire\u00a0: Gr\u00e8ve de 48h et marche ce Vendredi. - LE PUBLIC<\/title>\n<meta name=\"robots\" content=\"index, follow, max-snippet:-1, max-image-preview:large, max-video-preview:-1\" \/>\n<link rel=\"canonical\" href=\"https:\/\/www.public.sn\/index.php\/2022\/11\/07\/secteur-primaire-greve-de-48h-et-marche-ce-vendredi\/\" \/>\n<meta property=\"og:locale\" content=\"fr_FR\" \/>\n<meta property=\"og:type\" content=\"article\" \/>\n<meta property=\"og:title\" content=\"Secteur primaire\u00a0: Gr\u00e8ve de 48h et marche ce Vendredi. - LE PUBLIC\" \/>\n<meta property=\"og:description\" content=\"L\u2019intersyndicale des travailleurs du secteur primaire d\u00e9marre une gr\u00e8ve g\u00e9n\u00e9rale ce Lundi pour 48 heures. Elle d\u00e9nonce l\u2019indiff\u00e9rence des autorit\u00e9s face \u00e0 leurs revendications. Ces travailleurs comptent d\u2019ailleurs organiser une marche ce Vendredi pour contraindre l\u2019Etat \u00e0 satisfaire leurs revendications. Par ailleurs, l\u2019intersyndicale compte d\u00e9poser une plainte ce Lundi contre le directeur du SOGAS. Celui-ci est accus\u00e9 d\u2019abattre des b\u00eates sans contr\u00f4le, ni inspection. Une situation qui pr\u00e9sente bien des risques sur la consommation de la viande au niveau des march\u00e9s du S\u00e9n\u00e9gal. Samba SY.\" \/>\n<meta property=\"og:url\" content=\"https:\/\/www.public.sn\/index.php\/2022\/11\/07\/secteur-primaire-greve-de-48h-et-marche-ce-vendredi\/\" \/>\n<meta property=\"og:site_name\" content=\"LE PUBLIC\" \/>\n<meta property=\"article:published_time\" content=\"2022-11-07T08:51:55+00:00\" \/>\n<meta property=\"article:modified_time\" content=\"2022-11-07T08:51:57+00:00\" \/>\n<meta property=\"og:image\" content=\"https:\/\/www.public.sn\/wp-content\/uploads\/2022\/11\/secteu-primaire.jpg\" \/>\n\t<meta property=\"og:image:width\" content=\"1325\" \/>\n\t<meta property=\"og:image:height\" content=\"788\" \/>\n\t<meta property=\"og:image:type\" content=\"image\/jpeg\" \/>\n<meta name=\"author\" content=\"LA REDACTION\" \/>\n<meta name=\"twitter:card\" content=\"summary_large_image\" \/>\n<meta name=\"twitter:label1\" content=\"\u00c9crit par\" \/>\n\t<meta name=\"twitter:data1\" content=\"LA REDACTION\" \/>\n\t<meta name=\"twitter:label2\" content=\"Dur\u00e9e de lecture estim\u00e9e\" \/>\n\t<meta name=\"twitter:data2\" content=\"1 minute\" \/>\n<script type=\"application\/ld+json\" class=\"yoast-schema-graph\">{\"@context\":\"https:\/\/schema.org\",\"@graph\":[{\"@type\":\"Article\",\"@id\":\"https:\/\/www.public.sn\/index.php\/2022\/11\/07\/secteur-primaire-greve-de-48h-et-marche-ce-vendredi\/#article\",\"isPartOf\":{\"@id\":\"https:\/\/www.public.sn\/index.php\/2022\/11\/07\/secteur-primaire-greve-de-48h-et-marche-ce-vendredi\/\"},\"author\":{\"name\":\"LA REDACTION\",\"@id\":\"https:\/\/www.public.sn\/#\/schema\/person\/cb76c8e1b8becc6be61fb5e92d6d0224\"},\"headline\":\"Secteur primaire\u00a0: Gr\u00e8ve de 48h et marche ce Vendredi.\",\"datePublished\":\"2022-11-07T08:51:55+00:00\",\"dateModified\":\"2022-11-07T08:51:57+00:00\",\"mainEntityOfPage\":{\"@id\":\"https:\/\/www.public.sn\/index.php\/2022\/11\/07\/secteur-primaire-greve-de-48h-et-marche-ce-vendredi\/\"},\"wordCount\":112,\"commentCount\":0,\"publisher\":{\"@id\":\"https:\/\/www.public.sn\/#organization\"},\"image\":{\"@id\":\"https:\/\/www.public.sn\/index.php\/2022\/11\/07\/secteur-primaire-greve-de-48h-et-marche-ce-vendredi\/#primaryimage\"},\"thumbnailUrl\":\"https:\/\/www.public.sn\/wp-content\/uploads\/2022\/11\/secteu-primaire.jpg\",\"keywords\":[\"greve g\u00e9narale\",\"marche\",\"secteur primaire\"],\"articleSection\":[\"ACTUALIT\u00c9S\",\"S\u00c9N\u00c9GAL\",\"SOCIETE\"],\"inLanguage\":\"fr-FR\",\"potentialAction\":[{\"@type\":\"CommentAction\",\"name\":\"Comment\",\"target\":[\"https:\/\/www.public.sn\/index.php\/2022\/11\/07\/secteur-primaire-greve-de-48h-et-marche-ce-vendredi\/#respond\"]}]},{\"@type\":\"WebPage\",\"@id\":\"https:\/\/www.public.sn\/index.php\/2022\/11\/07\/secteur-primaire-greve-de-48h-et-marche-ce-vendredi\/\",\"url\":\"https:\/\/www.public.sn\/index.php\/2022\/11\/07\/secteur-primaire-greve-de-48h-et-marche-ce-vendredi\/\",\"name\":\"Secteur primaire\u00a0: Gr\u00e8ve de 48h et marche ce Vendredi. - LE PUBLIC\",\"isPartOf\":{\"@id\":\"https:\/\/www.public.sn\/#website\"},\"primaryImageOfPage\":{\"@id\":\"https:\/\/www.public.sn\/index.php\/2022\/11\/07\/secteur-primaire-greve-de-48h-et-marche-ce-vendredi\/#primaryimage\"},\"image\":{\"@id\":\"https:\/\/www.public.sn\/index.php\/2022\/11\/07\/secteur-primaire-greve-de-48h-et-marche-ce-vendredi\/#primaryimage\"},\"thumbnailUrl\":\"https:\/\/www.public.sn\/wp-content\/uploads\/2022\/11\/secteu-primaire.jpg\",\"datePublished\":\"2022-11-07T08:51:55+00:00\",\"dateModified\":\"2022-11-07T08:51:57+00:00\",\"breadcrumb\":{\"@id\":\"https:\/\/www.public.sn\/index.php\/2022\/11\/07\/secteur-primaire-greve-de-48h-et-marche-ce-vendredi\/#breadcrumb\"},\"inLanguage\":\"fr-FR\",\"potentialAction\":[{\"@type\":\"ReadAction\",\"target\":[\"https:\/\/www.public.sn\/index.php\/2022\/11\/07\/secteur-primaire-greve-de-48h-et-marche-ce-vendredi\/\"]}]},{\"@type\":\"ImageObject\",\"inLanguage\":\"fr-FR\",\"@id\":\"https:\/\/www.public.sn\/index.php\/2022\/11\/07\/secteur-primaire-greve-de-48h-et-marche-ce-vendredi\/#primaryimage\",\"url\":\"https:\/\/www.public.sn\/wp-content\/uploads\/2022\/11\/secteu-primaire.jpg\",\"contentUrl\":\"https:\/\/www.public.sn\/wp-content\/uploads\/2022\/11\/secteu-primaire.jpg\",\"width\":1325,\"height\":788,\"caption\":\"publicsn\"},{\"@type\":\"BreadcrumbList\",\"@id\":\"https:\/\/www.public.sn\/index.php\/2022\/11\/07\/secteur-primaire-greve-de-48h-et-marche-ce-vendredi\/#breadcrumb\",\"itemListElement\":[{\"@type\":\"ListItem\",\"position\":1,\"name\":\"Accueil\",\"item\":\"https:\/\/www.public.sn\/\"},{\"@type\":\"ListItem\",\"position\":2,\"name\":\"Secteur primaire\u00a0: Gr\u00e8ve de 48h et marche ce Vendredi.\"}]},{\"@type\":\"WebSite\",\"@id\":\"https:\/\/www.public.sn\/#website\",\"url\":\"https:\/\/www.public.sn\/\",\"name\":\"LE PUBLIC\",\"description\":\"\",\"publisher\":{\"@id\":\"https:\/\/www.public.sn\/#organization\"},\"potentialAction\":[{\"@type\":\"SearchAction\",\"target\":{\"@type\":\"EntryPoint\",\"urlTemplate\":\"https:\/\/www.public.sn\/?s={search_term_string}\"},\"query-input\":{\"@type\":\"PropertyValueSpecification\",\"valueRequired\":true,\"valueName\":\"search_term_string\"}}],\"inLanguage\":\"fr-FR\"},{\"@type\":\"Organization\",\"@id\":\"https:\/\/www.public.sn\/#organization\",\"name\":\"LE PUBLIC\",\"url\":\"https:\/\/www.public.sn\/\",\"logo\":{\"@type\":\"ImageObject\",\"inLanguage\":\"fr-FR\",\"@id\":\"https:\/\/www.public.sn\/#\/schema\/logo\/image\/\",\"url\":\"https:\/\/www.public.sn\/wp-content\/uploads\/2024\/05\/cropped-LOGO-PUBLIC.SN_.png\",\"contentUrl\":\"https:\/\/www.public.sn\/wp-content\/uploads\/2024\/05\/cropped-LOGO-PUBLIC.SN_.png\",\"width\":682,\"height\":192,\"caption\":\"LE PUBLIC\"},\"image\":{\"@id\":\"https:\/\/www.public.sn\/#\/schema\/logo\/image\/\"}},{\"@type\":\"Person\",\"@id\":\"https:\/\/www.public.sn\/#\/schema\/person\/cb76c8e1b8becc6be61fb5e92d6d0224\",\"name\":\"LA REDACTION\",\"image\":{\"@type\":\"ImageObject\",\"inLanguage\":\"fr-FR\",\"@id\":\"https:\/\/www.public.sn\/#\/schema\/person\/image\/\",\"url\":\"https:\/\/secure.gravatar.com\/avatar\/2dce5ddd34b8fef0180efe03aa2a9bee7d953856048f9a16b298190a3178407c?s=96&d=mm&r=g\",\"contentUrl\":\"https:\/\/secure.gravatar.com\/avatar\/2dce5ddd34b8fef0180efe03aa2a9bee7d953856048f9a16b298190a3178407c?s=96&d=mm&r=g\",\"caption\":\"LA REDACTION\"},\"url\":\"https:\/\/www.public.sn\/index.php\/author\/editeurpsn\/\"}]}<\/script>\n<!-- \/ Yoast SEO plugin. -->","yoast_head_json":{"title":"Secteur primaire\u00a0: Gr\u00e8ve de 48h et marche ce Vendredi. - LE PUBLIC","robots":{"index":"index","follow":"follow","max-snippet":"max-snippet:-1","max-image-preview":"max-image-preview:large","max-video-preview":"max-video-preview:-1"},"canonical":"https:\/\/www.public.sn\/index.php\/2022\/11\/07\/secteur-primaire-greve-de-48h-et-marche-ce-vendredi\/","og_locale":"fr_FR","og_type":"article","og_title":"Secteur primaire\u00a0: Gr\u00e8ve de 48h et marche ce Vendredi. - LE PUBLIC","og_description":"L\u2019intersyndicale des travailleurs du secteur primaire d\u00e9marre une gr\u00e8ve g\u00e9n\u00e9rale ce Lundi pour 48 heures. Elle d\u00e9nonce l\u2019indiff\u00e9rence des autorit\u00e9s face \u00e0 leurs revendications. Ces travailleurs comptent d\u2019ailleurs organiser une marche ce Vendredi pour contraindre l\u2019Etat \u00e0 satisfaire leurs revendications. Par ailleurs, l\u2019intersyndicale compte d\u00e9poser une plainte ce Lundi contre le directeur du SOGAS. Celui-ci est accus\u00e9 d\u2019abattre des b\u00eates sans contr\u00f4le, ni inspection. Une situation qui pr\u00e9sente bien des risques sur la consommation de la viande au niveau des march\u00e9s du S\u00e9n\u00e9gal. Samba SY.","og_url":"https:\/\/www.public.sn\/index.php\/2022\/11\/07\/secteur-primaire-greve-de-48h-et-marche-ce-vendredi\/","og_site_name":"LE PUBLIC","article_published_time":"2022-11-07T08:51:55+00:00","article_modified_time":"2022-11-07T08:51:57+00:00","og_image":[{"width":1325,"height":788,"url":"https:\/\/www.public.sn\/wp-content\/uploads\/2022\/11\/secteu-primaire.jpg","type":"image\/jpeg"}],"author":"LA REDACTION","twitter_card":"summary_large_image","twitter_misc":{"\u00c9crit par":"LA REDACTION","Dur\u00e9e de lecture estim\u00e9e":"1 minute"},"schema":{"@context":"https:\/\/schema.org","@graph":[{"@type":"Article","@id":"https:\/\/www.public.sn\/index.php\/2022\/11\/07\/secteur-primaire-greve-de-48h-et-marche-ce-vendredi\/#article","isPartOf":{"@id":"https:\/\/www.public.sn\/index.php\/2022\/11\/07\/secteur-primaire-greve-de-48h-et-marche-ce-vendredi\/"},"author":{"name":"LA REDACTION","@id":"https:\/\/www.public.sn\/#\/schema\/person\/cb76c8e1b8becc6be61fb5e92d6d0224"},"headline":"Secteur primaire\u00a0: Gr\u00e8ve de 48h et marche ce Vendredi.","datePublished":"2022-11-07T08:51:55+00:00","dateModified":"2022-11-07T08:51:57+00:00","mainEntityOfPage":{"@id":"https:\/\/www.public.sn\/index.php\/2022\/11\/07\/secteur-primaire-greve-de-48h-et-marche-ce-vendredi\/"},"wordCount":112,"commentCount":0,"publisher":{"@id":"https:\/\/www.public.sn\/#organization"},"image":{"@id":"https:\/\/www.public.sn\/index.php\/2022\/11\/07\/secteur-primaire-greve-de-48h-et-marche-ce-vendredi\/#primaryimage"},"thumbnailUrl":"https:\/\/www.public.sn\/wp-content\/uploads\/2022\/11\/secteu-primaire.jpg","keywords":["greve g\u00e9narale","marche","secteur primaire"],"articleSection":["ACTUALIT\u00c9S","S\u00c9N\u00c9GAL","SOCIETE"],"inLanguage":"fr-FR","potentialAction":[{"@type":"CommentAction","name":"Comment","target":["https:\/\/www.public.sn\/index.php\/2022\/11\/07\/secteur-primaire-greve-de-48h-et-marche-ce-vendredi\/#respond"]}]},{"@type":"WebPage","@id":"https:\/\/www.public.sn\/index.php\/2022\/11\/07\/secteur-primaire-greve-de-48h-et-marche-ce-vendredi\/","url":"https:\/\/www.public.sn\/index.php\/2022\/11\/07\/secteur-primaire-greve-de-48h-et-marche-ce-vendredi\/","name":"Secteur primaire\u00a0: Gr\u00e8ve de 48h et marche ce Vendredi. - LE PUBLIC","isPartOf":{"@id":"https:\/\/www.public.sn\/#website"},"primaryImageOfPage":{"@id":"https:\/\/www.public.sn\/index.php\/2022\/11\/07\/secteur-primaire-greve-de-48h-et-marche-ce-vendredi\/#primaryimage"},"image":{"@id":"https:\/\/www.public.sn\/index.php\/2022\/11\/07\/secteur-primaire-greve-de-48h-et-marche-ce-vendredi\/#primaryimage"},"thumbnailUrl":"https:\/\/www.public.sn\/wp-content\/uploads\/2022\/11\/secteu-primaire.jpg","datePublished":"2022-11-07T08:51:55+00:00","dateModified":"2022-11-07T08:51:57+00:00","breadcrumb":{"@id":"https:\/\/www.public.sn\/index.php\/2022\/11\/07\/secteur-primaire-greve-de-48h-et-marche-ce-vendredi\/#breadcrumb"},"inLanguage":"fr-FR","potentialAction":[{"@type":"ReadAction","target":["https:\/\/www.public.sn\/index.php\/2022\/11\/07\/secteur-primaire-greve-de-48h-et-marche-ce-vendredi\/"]}]},{"@type":"ImageObject","inLanguage":"fr-FR","@id":"https:\/\/www.public.sn\/index.php\/2022\/11\/07\/secteur-primaire-greve-de-48h-et-marche-ce-vendredi\/#primaryimage","url":"https:\/\/www.public.sn\/wp-content\/uploads\/2022\/11\/secteu-primaire.jpg","contentUrl":"https:\/\/www.public.sn\/wp-content\/uploads\/2022\/11\/secteu-primaire.jpg","width":1325,"height":788,"caption":"publicsn"},{"@type":"BreadcrumbList","@id":"https:\/\/www.public.sn\/index.php\/2022\/11\/07\/secteur-primaire-greve-de-48h-et-marche-ce-vendredi\/#breadcrumb","itemListElement":[{"@type":"ListItem","position":1,"name":"Accueil","item":"https:\/\/www.public.sn\/"},{"@type":"ListItem","position":2,"name":"Secteur primaire\u00a0: Gr\u00e8ve de 48h et marche ce Vendredi."}]},{"@type":"WebSite","@id":"https:\/\/www.public.sn\/#website","url":"https:\/\/www.public.sn\/","name":"LE PUBLIC","description":"","publisher":{"@id":"https:\/\/www.public.sn\/#organization"},"potentialAction":[{"@type":"SearchAction","target":{"@type":"EntryPoint","urlTemplate":"https:\/\/www.public.sn\/?s={search_term_string}"},"query-input":{"@type":"PropertyValueSpecification","valueRequired":true,"valueName":"search_term_string"}}],"inLanguage":"fr-FR"},{"@type":"Organization","@id":"https:\/\/www.public.sn\/#organization","name":"LE PUBLIC","url":"https:\/\/www.public.sn\/","logo":{"@type":"ImageObject","inLanguage":"fr-FR","@id":"https:\/\/www.public.sn\/#\/schema\/logo\/image\/","url":"https:\/\/www.public.sn\/wp-content\/uploads\/2024\/05\/cropped-LOGO-PUBLIC.SN_.png","contentUrl":"https:\/\/www.public.sn\/wp-content\/uploads\/2024\/05\/cropped-LOGO-PUBLIC.SN_.png","width":682,"height":192,"caption":"LE PUBLIC"},"image":{"@id":"https:\/\/www.public.sn\/#\/schema\/logo\/image\/"}},{"@type":"Person","@id":"https:\/\/www.public.sn\/#\/schema\/person\/cb76c8e1b8becc6be61fb5e92d6d0224","name":"LA REDACTION","image":{"@type":"ImageObject","inLanguage":"fr-FR","@id":"https:\/\/www.public.sn\/#\/schema\/person\/image\/","url":"https:\/\/secure.gravatar.com\/avatar\/2dce5ddd34b8fef0180efe03aa2a9bee7d953856048f9a16b298190a3178407c?s=96&d=mm&r=g","contentUrl":"https:\/\/secure.gravatar.com\/avatar\/2dce5ddd34b8fef0180efe03aa2a9bee7d953856048f9a16b298190a3178407c?s=96&d=mm&r=g","caption":"LA REDACTION"},"url":"https:\/\/www.public.sn\/index.php\/author\/editeurpsn\/"}]}},"jetpack_featured_media_url":"https:\/\/www.public.sn\/wp-content\/uploads\/2022\/11\/secteu-primaire.jpg","jetpack_sharing_enabled":true,"_links":{"self":[{"href":"https:\/\/www.public.sn\/index.php\/wp-json\/wp\/v2\/posts\/7208","targetHints":{"allow":["GET"]}}],"collection":[{"href":"https:\/\/www.public.sn\/index.php\/wp-json\/wp\/v2\/posts"}],"about":[{"href":"https:\/\/www.public.sn\/index.php\/wp-json\/wp\/v2\/types\/post"}],"author":[{"embeddable":true,"href":"https:\/\/www.public.sn\/index.php\/wp-json\/wp\/v2\/users\/7"}],"replies":[{"embeddable":true,"href":"https:\/\/www.public.sn\/index.php\/wp-json\/wp\/v2\/comments?post=7208"}],"version-history":[{"count":1,"href":"https:\/\/www.public.sn\/index.php\/wp-json\/wp\/v2\/posts\/7208\/revisions"}],"predecessor-version":[{"id":7212,"href":"https:\/\/www.public.sn\/index.php\/wp-json\/wp\/v2\/posts\/7208\/revisions\/7212"}],"wp:featuredmedia":[{"embeddable":true,"href":"https:\/\/www.public.sn\/index.php\/wp-json\/wp\/v2\/media\/7211"}],"wp:attachment":[{"href":"https:\/\/www.public.sn\/index.php\/wp-json\/wp\/v2\/media?parent=7208"}],"wp:term":[{"taxonomy":"category","embeddable":true,"href":"https:\/\/www.public.sn\/index.php\/wp-json\/wp\/v2\/categories?post=7208"},{"taxonomy":"post_tag","embeddable":true,"href":"https:\/\/www.public.sn\/index.php\/wp-json\/wp\/v2\/tags?post=7208"}],"curies":[{"name":"wp","href":"https:\/\/api.w.org\/{rel}","templated":true}]}}