{"id":7266,"date":"2022-11-07T14:01:52","date_gmt":"2022-11-07T14:01:52","guid":{"rendered":"https:\/\/www.public.sn\/?p=7266"},"modified":"2022-11-07T15:33:58","modified_gmt":"2022-11-07T15:33:58","slug":"ousmane-sonko-devoile-les-vraies-cause-de-larrestation-de-pape-pale-niang","status":"publish","type":"post","link":"https:\/\/www.public.sn\/index.php\/2022\/11\/07\/ousmane-sonko-devoile-les-vraies-cause-de-larrestation-de-pape-pale-niang\/","title":{"rendered":"Ousmane Sonko d\u00e9voile les vraies causes de l&rsquo;arrestation de Pape Pal\u00e9 Niang"},"content":{"rendered":"<p><strong>Moins de vingt quatre heures apr\u00e8s son arrestation, Pape Al\u00e9 Niang re\u00e7oit des soutiens de taille. Apr\u00e8s ses coll\u00e8gues journalistes, quelques hommes politiques, la soci\u00e9t\u00e9 civile, c&rsquo;est autour de Ousmane Sonko de monter au cr\u00e9neau non sans donner les raisons qui seraient \u00e0 l&rsquo;origine de l&rsquo;arrestation de l&rsquo;administrateur du site web Dakarmatin.<\/strong><\/p><div class=\"publi-paragraphe1\" style=\"margin-top: 10px;margin-bottom: 10px;margin-left: auto;margin-right: auto;text-align: center;\" id=\"publi-3241649098\"><div class=\"publi-adlabel\">Publicit\u00e9<\/div><script async src=\"\/\/pagead2.googlesyndication.com\/pagead\/js\/adsbygoogle.js?client=ca-pub-4089586018074219\" crossorigin=\"anonymous\"><\/script><ins class=\"adsbygoogle\" style=\"display:block;\" data-ad-client=\"ca-pub-4089586018074219\" \ndata-ad-slot=\"2087940154\" \ndata-ad-format=\"auto\"><\/ins>\n<script> \n(adsbygoogle = window.adsbygoogle || []).push({}); \n<\/script>\n<\/div>\n<p>Ainsi, sur sa page\u00a0 Ousmane Sonko\u00a0 donne les causes de l&rsquo;arrestation du journaliste arr\u00eat\u00e9 ce dimanche 6 novembre aux All\u00e9es Papa Gueye Fall et gard\u00e9 \u00e0 vue au Commissariat central de Dakar.<\/p>\n<p>Voici l&rsquo;int\u00e9gralit\u00e9 son post !<\/p>\n<p>\u00ab Voici ce qui serait finalement reproch\u00e9 au journaliste Pape Al\u00e9 Niang :<br \/>\n1- d\u2019avoir divulgu\u00e9 un document de la police nationale, pris en pr\u00e9lude \u00e0 l\u2019audition d\u2019un leader politique et instruisant des mesures s\u00e9curitaires;<br \/>\n2- d\u2019avoir publi\u00e9 un autre document concernant les sapeurs-pompiers;<br \/>\n3- d\u2019avoir d\u00e9tenu un document vol\u00e9, estampill\u00e9 confidentiel.<\/p>\n<p>Pape Al\u00e9 Niang a soutenu avoir vu le document de la police en question sur Internet, comme tout le monde, et n\u2019avoir jamais publi\u00e9 le document des sapeurs-pompiers.<\/p>\n<p>Apr\u00e8s des heures de concertation, le pouvoir a finalement abandonn\u00e9 le vrai motif de l\u2019arrestation : le rapport interne de la gendarmerie qui met sens dessus-dessous toute la sph\u00e8re des comploteurs d\u2019Etat. C\u2019est parce qu\u2019ils en connaissent toutes les implications et ont peur de mettre en exergue ce document explosif. Peine perdue ! Ce document est bien l\u00e0 o\u00f9 il faut.<\/p>\n<p>Pape Al\u00e9 Niang ne sera pas une autre victime de la b\u00eatise \u00e9tatique et de leur volont\u00e9 de b\u00e2illonner toutes les voix discordantes.<\/p>\n<p>Je lui apporte mon soutien total, car injustement et ill\u00e9galement interpell\u00e9 par la police sur instruction du parquet politique de Macky Sall. Lib\u00e9rez le et \u00e9difiez plut\u00f4t les S\u00e9n\u00e9galais sur le scandale des achats d\u2019armes et sur vos relations douteuses avec la famille Peretz et ses entreprises \u00bb.<\/p>\n<div class=\"publi-apres-le-contenu\" style=\"margin-top: 10px;margin-bottom: 10px;margin-left: auto;margin-right: auto;text-align: center;\" id=\"publi-736623088\"><div class=\"publi-adlabel\">Publicit\u00e9<\/div><script async src=\"\/\/pagead2.googlesyndication.com\/pagead\/js\/adsbygoogle.js?client=ca-pub-4089586018074219\" crossorigin=\"anonymous\"><\/script><ins class=\"adsbygoogle\" style=\"display:block;\" data-ad-client=\"ca-pub-4089586018074219\" \ndata-ad-slot=\"2087940154\" \ndata-ad-format=\"auto\"><\/ins>\n<script> \n(adsbygoogle = window.adsbygoogle || []).push({}); \n<\/script>\n<\/div>","protected":false},"excerpt":{"rendered":"<p>Moins de vingt quatre heures apr\u00e8s son arrestation, Pape Al\u00e9 Niang re\u00e7oit des soutiens de taille. Apr\u00e8s ses coll\u00e8gues journalistes, quelques hommes politiques, la soci\u00e9t\u00e9 civile, c&rsquo;est autour de Ousmane Sonko de monter au cr\u00e9neau non sans donner les raisons qui seraient \u00e0 l&rsquo;origine de l&rsquo;arrestation de l&rsquo;administrateur du site web Dakarmatin. Ainsi, sur sa page\u00a0 Ousmane Sonko\u00a0 donne les causes de l&rsquo;arrestation du journaliste arr\u00eat\u00e9 ce dimanche 6 novembre aux All\u00e9es Papa Gueye Fall et gard\u00e9 \u00e0 vue au Commissariat central de Dakar. Voici l&rsquo;int\u00e9gralit\u00e9 son post ! \u00ab Voici ce qui serait finalement reproch\u00e9 au journaliste Pape Al\u00e9 Niang : 1- d\u2019avoir divulgu\u00e9 un document de la police nationale, pris en pr\u00e9lude \u00e0 l\u2019audition d\u2019un leader politique et instruisant des mesures s\u00e9curitaires; 2- d\u2019avoir publi\u00e9 un autre document concernant les sapeurs-pompiers; 3- d\u2019avoir d\u00e9tenu un document vol\u00e9, estampill\u00e9 confidentiel. Pape Al\u00e9 Niang a soutenu avoir vu le document de la police en question sur Internet, comme tout le monde, et n\u2019avoir jamais publi\u00e9 le document des sapeurs-pompiers. Apr\u00e8s des heures de concertation, le pouvoir a finalement abandonn\u00e9 le vrai motif de l\u2019arrestation : le rapport interne de la gendarmerie qui met sens dessus-dessous toute la sph\u00e8re des comploteurs d\u2019Etat. C\u2019est parce qu\u2019ils en connaissent toutes les implications et ont peur de mettre en exergue ce document explosif. Peine perdue ! Ce document est bien l\u00e0 o\u00f9 il faut. Pape Al\u00e9 Niang ne sera pas une autre victime de la b\u00eatise \u00e9tatique et de leur volont\u00e9 de b\u00e2illonner toutes les voix discordantes. Je lui apporte mon soutien total, car injustement et ill\u00e9galement interpell\u00e9 par la police sur instruction du parquet politique de Macky Sall. Lib\u00e9rez le et \u00e9difiez plut\u00f4t les S\u00e9n\u00e9galais sur le scandale des achats d\u2019armes et sur vos relations douteuses avec la famille Peretz et ses entreprises \u00bb.<\/p>\n","protected":false},"author":1,"featured_media":6362,"comment_status":"open","ping_status":"open","sticky":false,"template":"","format":"standard","meta":{"_jetpack_memberships_contains_paid_content":false,"footnotes":""},"categories":[375,1,372],"tags":[16,2489],"class_list":["post-7266","post","type-post","status-publish","format-standard","has-post-thumbnail","hentry","category-actualites","category-non-classe","category-vedette","tag-ousmane-sonko","tag-pape-ale-niang","entry","has-media","owp-thumbs-layout-horizontal","owp-btn-normal","owp-tabs-layout-horizontal","has-no-thumbnails","has-product-nav"],"yoast_head":"<!-- This site is optimized with the Yoast SEO plugin v25.5 - https:\/\/yoast.com\/wordpress\/plugins\/seo\/ -->\n<title>Ousmane Sonko d\u00e9voile les vraies causes de l&#039;arrestation de Pape Pal\u00e9 Niang - LE PUBLIC<\/title>\n<meta name=\"robots\" content=\"index, follow, max-snippet:-1, max-image-preview:large, max-video-preview:-1\" \/>\n<link rel=\"canonical\" href=\"https:\/\/www.public.sn\/index.php\/2022\/11\/07\/ousmane-sonko-devoile-les-vraies-cause-de-larrestation-de-pape-pale-niang\/\" \/>\n<meta property=\"og:locale\" content=\"fr_FR\" \/>\n<meta property=\"og:type\" content=\"article\" \/>\n<meta property=\"og:title\" content=\"Ousmane Sonko d\u00e9voile les vraies causes de l&#039;arrestation de Pape Pal\u00e9 Niang - LE PUBLIC\" \/>\n<meta property=\"og:description\" content=\"Moins de vingt quatre heures apr\u00e8s son arrestation, Pape Al\u00e9 Niang re\u00e7oit des soutiens de taille. Apr\u00e8s ses coll\u00e8gues journalistes, quelques hommes politiques, la soci\u00e9t\u00e9 civile, c&rsquo;est autour de Ousmane Sonko de monter au cr\u00e9neau non sans donner les raisons qui seraient \u00e0 l&rsquo;origine de l&rsquo;arrestation de l&rsquo;administrateur du site web Dakarmatin. Ainsi, sur sa page\u00a0 Ousmane Sonko\u00a0 donne les causes de l&rsquo;arrestation du journaliste arr\u00eat\u00e9 ce dimanche 6 novembre aux All\u00e9es Papa Gueye Fall et gard\u00e9 \u00e0 vue au Commissariat central de Dakar. Voici l&rsquo;int\u00e9gralit\u00e9 son post ! \u00ab Voici ce qui serait finalement reproch\u00e9 au journaliste Pape Al\u00e9 Niang : 1- d\u2019avoir divulgu\u00e9 un document de la police nationale, pris en pr\u00e9lude \u00e0 l\u2019audition d\u2019un leader politique et instruisant des mesures s\u00e9curitaires; 2- d\u2019avoir publi\u00e9 un autre document concernant les sapeurs-pompiers; 3- d\u2019avoir d\u00e9tenu un document vol\u00e9, estampill\u00e9 confidentiel. Pape Al\u00e9 Niang a soutenu avoir vu le document de la police en question sur Internet, comme tout le monde, et n\u2019avoir jamais publi\u00e9 le document des sapeurs-pompiers. Apr\u00e8s des heures de concertation, le pouvoir a finalement abandonn\u00e9 le vrai motif de l\u2019arrestation : le rapport interne de la gendarmerie qui met sens dessus-dessous toute la sph\u00e8re des comploteurs d\u2019Etat. C\u2019est parce qu\u2019ils en connaissent toutes les implications et ont peur de mettre en exergue ce document explosif. Peine perdue ! Ce document est bien l\u00e0 o\u00f9 il faut. Pape Al\u00e9 Niang ne sera pas une autre victime de la b\u00eatise \u00e9tatique et de leur volont\u00e9 de b\u00e2illonner toutes les voix discordantes. Je lui apporte mon soutien total, car injustement et ill\u00e9galement interpell\u00e9 par la police sur instruction du parquet politique de Macky Sall. Lib\u00e9rez le et \u00e9difiez plut\u00f4t les S\u00e9n\u00e9galais sur le scandale des achats d\u2019armes et sur vos relations douteuses avec la famille Peretz et ses entreprises \u00bb.\" \/>\n<meta property=\"og:url\" content=\"https:\/\/www.public.sn\/index.php\/2022\/11\/07\/ousmane-sonko-devoile-les-vraies-cause-de-larrestation-de-pape-pale-niang\/\" \/>\n<meta property=\"og:site_name\" content=\"LE PUBLIC\" \/>\n<meta property=\"article:published_time\" content=\"2022-11-07T14:01:52+00:00\" \/>\n<meta property=\"article:modified_time\" content=\"2022-11-07T15:33:58+00:00\" \/>\n<meta property=\"og:image\" content=\"https:\/\/www.public.sn\/wp-content\/uploads\/2022\/10\/sonko-1.webp\" \/>\n\t<meta property=\"og:image:width\" content=\"1400\" \/>\n\t<meta property=\"og:image:height\" content=\"933\" \/>\n\t<meta property=\"og:image:type\" content=\"image\/webp\" \/>\n<meta name=\"author\" content=\"LA REDACTION\" \/>\n<meta name=\"twitter:card\" content=\"summary_large_image\" \/>\n<meta name=\"twitter:label1\" content=\"\u00c9crit par\" \/>\n\t<meta name=\"twitter:data1\" content=\"LA REDACTION\" \/>\n\t<meta name=\"twitter:label2\" content=\"Dur\u00e9e de lecture estim\u00e9e\" \/>\n\t<meta name=\"twitter:data2\" content=\"2 minutes\" \/>\n<script type=\"application\/ld+json\" class=\"yoast-schema-graph\">{\"@context\":\"https:\/\/schema.org\",\"@graph\":[{\"@type\":\"Article\",\"@id\":\"https:\/\/www.public.sn\/index.php\/2022\/11\/07\/ousmane-sonko-devoile-les-vraies-cause-de-larrestation-de-pape-pale-niang\/#article\",\"isPartOf\":{\"@id\":\"https:\/\/www.public.sn\/index.php\/2022\/11\/07\/ousmane-sonko-devoile-les-vraies-cause-de-larrestation-de-pape-pale-niang\/\"},\"author\":{\"name\":\"LA REDACTION\",\"@id\":\"https:\/\/www.public.sn\/#\/schema\/person\/e3f4a11b037d4203902db148f9bc8d5a\"},\"headline\":\"Ousmane Sonko d\u00e9voile les vraies causes de l&rsquo;arrestation de Pape Pal\u00e9 Niang\",\"datePublished\":\"2022-11-07T14:01:52+00:00\",\"dateModified\":\"2022-11-07T15:33:58+00:00\",\"mainEntityOfPage\":{\"@id\":\"https:\/\/www.public.sn\/index.php\/2022\/11\/07\/ousmane-sonko-devoile-les-vraies-cause-de-larrestation-de-pape-pale-niang\/\"},\"wordCount\":336,\"commentCount\":0,\"publisher\":{\"@id\":\"https:\/\/www.public.sn\/#organization\"},\"image\":{\"@id\":\"https:\/\/www.public.sn\/index.php\/2022\/11\/07\/ousmane-sonko-devoile-les-vraies-cause-de-larrestation-de-pape-pale-niang\/#primaryimage\"},\"thumbnailUrl\":\"https:\/\/www.public.sn\/wp-content\/uploads\/2022\/10\/sonko-1.webp\",\"keywords\":[\"Ousmane Sonko\",\"Pape Al\u00e9 Niang\"],\"articleSection\":[\"ACTUALIT\u00c9S\",\"S\u00c9N\u00c9GAL\",\"VEDETTE\"],\"inLanguage\":\"fr-FR\",\"potentialAction\":[{\"@type\":\"CommentAction\",\"name\":\"Comment\",\"target\":[\"https:\/\/www.public.sn\/index.php\/2022\/11\/07\/ousmane-sonko-devoile-les-vraies-cause-de-larrestation-de-pape-pale-niang\/#respond\"]}]},{\"@type\":\"WebPage\",\"@id\":\"https:\/\/www.public.sn\/index.php\/2022\/11\/07\/ousmane-sonko-devoile-les-vraies-cause-de-larrestation-de-pape-pale-niang\/\",\"url\":\"https:\/\/www.public.sn\/index.php\/2022\/11\/07\/ousmane-sonko-devoile-les-vraies-cause-de-larrestation-de-pape-pale-niang\/\",\"name\":\"Ousmane Sonko d\u00e9voile les vraies causes de l'arrestation de Pape Pal\u00e9 Niang - LE PUBLIC\",\"isPartOf\":{\"@id\":\"https:\/\/www.public.sn\/#website\"},\"primaryImageOfPage\":{\"@id\":\"https:\/\/www.public.sn\/index.php\/2022\/11\/07\/ousmane-sonko-devoile-les-vraies-cause-de-larrestation-de-pape-pale-niang\/#primaryimage\"},\"image\":{\"@id\":\"https:\/\/www.public.sn\/index.php\/2022\/11\/07\/ousmane-sonko-devoile-les-vraies-cause-de-larrestation-de-pape-pale-niang\/#primaryimage\"},\"thumbnailUrl\":\"https:\/\/www.public.sn\/wp-content\/uploads\/2022\/10\/sonko-1.webp\",\"datePublished\":\"2022-11-07T14:01:52+00:00\",\"dateModified\":\"2022-11-07T15:33:58+00:00\",\"breadcrumb\":{\"@id\":\"https:\/\/www.public.sn\/index.php\/2022\/11\/07\/ousmane-sonko-devoile-les-vraies-cause-de-larrestation-de-pape-pale-niang\/#breadcrumb\"},\"inLanguage\":\"fr-FR\",\"potentialAction\":[{\"@type\":\"ReadAction\",\"target\":[\"https:\/\/www.public.sn\/index.php\/2022\/11\/07\/ousmane-sonko-devoile-les-vraies-cause-de-larrestation-de-pape-pale-niang\/\"]}]},{\"@type\":\"ImageObject\",\"inLanguage\":\"fr-FR\",\"@id\":\"https:\/\/www.public.sn\/index.php\/2022\/11\/07\/ousmane-sonko-devoile-les-vraies-cause-de-larrestation-de-pape-pale-niang\/#primaryimage\",\"url\":\"https:\/\/www.public.sn\/wp-content\/uploads\/2022\/10\/sonko-1.webp\",\"contentUrl\":\"https:\/\/www.public.sn\/wp-content\/uploads\/2022\/10\/sonko-1.webp\",\"width\":1400,\"height\":933,\"caption\":\"publicsn\"},{\"@type\":\"BreadcrumbList\",\"@id\":\"https:\/\/www.public.sn\/index.php\/2022\/11\/07\/ousmane-sonko-devoile-les-vraies-cause-de-larrestation-de-pape-pale-niang\/#breadcrumb\",\"itemListElement\":[{\"@type\":\"ListItem\",\"position\":1,\"name\":\"Accueil\",\"item\":\"https:\/\/www.public.sn\/\"},{\"@type\":\"ListItem\",\"position\":2,\"name\":\"Ousmane Sonko d\u00e9voile les vraies causes de l&rsquo;arrestation de Pape Pal\u00e9 Niang\"}]},{\"@type\":\"WebSite\",\"@id\":\"https:\/\/www.public.sn\/#website\",\"url\":\"https:\/\/www.public.sn\/\",\"name\":\"LE PUBLIC\",\"description\":\"\",\"publisher\":{\"@id\":\"https:\/\/www.public.sn\/#organization\"},\"potentialAction\":[{\"@type\":\"SearchAction\",\"target\":{\"@type\":\"EntryPoint\",\"urlTemplate\":\"https:\/\/www.public.sn\/?s={search_term_string}\"},\"query-input\":{\"@type\":\"PropertyValueSpecification\",\"valueRequired\":true,\"valueName\":\"search_term_string\"}}],\"inLanguage\":\"fr-FR\"},{\"@type\":\"Organization\",\"@id\":\"https:\/\/www.public.sn\/#organization\",\"name\":\"LE PUBLIC\",\"url\":\"https:\/\/www.public.sn\/\",\"logo\":{\"@type\":\"ImageObject\",\"inLanguage\":\"fr-FR\",\"@id\":\"https:\/\/www.public.sn\/#\/schema\/logo\/image\/\",\"url\":\"https:\/\/www.public.sn\/wp-content\/uploads\/2024\/05\/cropped-LOGO-PUBLIC.SN_.png\",\"contentUrl\":\"https:\/\/www.public.sn\/wp-content\/uploads\/2024\/05\/cropped-LOGO-PUBLIC.SN_.png\",\"width\":682,\"height\":192,\"caption\":\"LE PUBLIC\"},\"image\":{\"@id\":\"https:\/\/www.public.sn\/#\/schema\/logo\/image\/\"}},{\"@type\":\"Person\",\"@id\":\"https:\/\/www.public.sn\/#\/schema\/person\/e3f4a11b037d4203902db148f9bc8d5a\",\"name\":\"LA REDACTION\",\"image\":{\"@type\":\"ImageObject\",\"inLanguage\":\"fr-FR\",\"@id\":\"https:\/\/www.public.sn\/#\/schema\/person\/image\/\",\"url\":\"https:\/\/secure.gravatar.com\/avatar\/d6c030db45db2883c075085c5d6c6258654a801a93766b49af0b82d4f454e2a5?s=96&d=mm&r=g\",\"contentUrl\":\"https:\/\/secure.gravatar.com\/avatar\/d6c030db45db2883c075085c5d6c6258654a801a93766b49af0b82d4f454e2a5?s=96&d=mm&r=g\",\"caption\":\"LA REDACTION\"},\"sameAs\":[\"http:\/\/www.public.sn\"],\"url\":\"https:\/\/www.public.sn\/index.php\/author\/admin7324\/\"}]}<\/script>\n<!-- \/ Yoast SEO plugin. -->","yoast_head_json":{"title":"Ousmane Sonko d\u00e9voile les vraies causes de l'arrestation de Pape Pal\u00e9 Niang - LE PUBLIC","robots":{"index":"index","follow":"follow","max-snippet":"max-snippet:-1","max-image-preview":"max-image-preview:large","max-video-preview":"max-video-preview:-1"},"canonical":"https:\/\/www.public.sn\/index.php\/2022\/11\/07\/ousmane-sonko-devoile-les-vraies-cause-de-larrestation-de-pape-pale-niang\/","og_locale":"fr_FR","og_type":"article","og_title":"Ousmane Sonko d\u00e9voile les vraies causes de l'arrestation de Pape Pal\u00e9 Niang - LE PUBLIC","og_description":"Moins de vingt quatre heures apr\u00e8s son arrestation, Pape Al\u00e9 Niang re\u00e7oit des soutiens de taille. Apr\u00e8s ses coll\u00e8gues journalistes, quelques hommes politiques, la soci\u00e9t\u00e9 civile, c&rsquo;est autour de Ousmane Sonko de monter au cr\u00e9neau non sans donner les raisons qui seraient \u00e0 l&rsquo;origine de l&rsquo;arrestation de l&rsquo;administrateur du site web Dakarmatin. Ainsi, sur sa page\u00a0 Ousmane Sonko\u00a0 donne les causes de l&rsquo;arrestation du journaliste arr\u00eat\u00e9 ce dimanche 6 novembre aux All\u00e9es Papa Gueye Fall et gard\u00e9 \u00e0 vue au Commissariat central de Dakar. Voici l&rsquo;int\u00e9gralit\u00e9 son post ! \u00ab Voici ce qui serait finalement reproch\u00e9 au journaliste Pape Al\u00e9 Niang : 1- d\u2019avoir divulgu\u00e9 un document de la police nationale, pris en pr\u00e9lude \u00e0 l\u2019audition d\u2019un leader politique et instruisant des mesures s\u00e9curitaires; 2- d\u2019avoir publi\u00e9 un autre document concernant les sapeurs-pompiers; 3- d\u2019avoir d\u00e9tenu un document vol\u00e9, estampill\u00e9 confidentiel. Pape Al\u00e9 Niang a soutenu avoir vu le document de la police en question sur Internet, comme tout le monde, et n\u2019avoir jamais publi\u00e9 le document des sapeurs-pompiers. Apr\u00e8s des heures de concertation, le pouvoir a finalement abandonn\u00e9 le vrai motif de l\u2019arrestation : le rapport interne de la gendarmerie qui met sens dessus-dessous toute la sph\u00e8re des comploteurs d\u2019Etat. C\u2019est parce qu\u2019ils en connaissent toutes les implications et ont peur de mettre en exergue ce document explosif. Peine perdue ! Ce document est bien l\u00e0 o\u00f9 il faut. Pape Al\u00e9 Niang ne sera pas une autre victime de la b\u00eatise \u00e9tatique et de leur volont\u00e9 de b\u00e2illonner toutes les voix discordantes. Je lui apporte mon soutien total, car injustement et ill\u00e9galement interpell\u00e9 par la police sur instruction du parquet politique de Macky Sall. Lib\u00e9rez le et \u00e9difiez plut\u00f4t les S\u00e9n\u00e9galais sur le scandale des achats d\u2019armes et sur vos relations douteuses avec la famille Peretz et ses entreprises \u00bb.","og_url":"https:\/\/www.public.sn\/index.php\/2022\/11\/07\/ousmane-sonko-devoile-les-vraies-cause-de-larrestation-de-pape-pale-niang\/","og_site_name":"LE PUBLIC","article_published_time":"2022-11-07T14:01:52+00:00","article_modified_time":"2022-11-07T15:33:58+00:00","og_image":[{"width":1400,"height":933,"url":"https:\/\/www.public.sn\/wp-content\/uploads\/2022\/10\/sonko-1.webp","type":"image\/webp"}],"author":"LA REDACTION","twitter_card":"summary_large_image","twitter_misc":{"\u00c9crit par":"LA REDACTION","Dur\u00e9e de lecture estim\u00e9e":"2 minutes"},"schema":{"@context":"https:\/\/schema.org","@graph":[{"@type":"Article","@id":"https:\/\/www.public.sn\/index.php\/2022\/11\/07\/ousmane-sonko-devoile-les-vraies-cause-de-larrestation-de-pape-pale-niang\/#article","isPartOf":{"@id":"https:\/\/www.public.sn\/index.php\/2022\/11\/07\/ousmane-sonko-devoile-les-vraies-cause-de-larrestation-de-pape-pale-niang\/"},"author":{"name":"LA REDACTION","@id":"https:\/\/www.public.sn\/#\/schema\/person\/e3f4a11b037d4203902db148f9bc8d5a"},"headline":"Ousmane Sonko d\u00e9voile les vraies causes de l&rsquo;arrestation de Pape Pal\u00e9 Niang","datePublished":"2022-11-07T14:01:52+00:00","dateModified":"2022-11-07T15:33:58+00:00","mainEntityOfPage":{"@id":"https:\/\/www.public.sn\/index.php\/2022\/11\/07\/ousmane-sonko-devoile-les-vraies-cause-de-larrestation-de-pape-pale-niang\/"},"wordCount":336,"commentCount":0,"publisher":{"@id":"https:\/\/www.public.sn\/#organization"},"image":{"@id":"https:\/\/www.public.sn\/index.php\/2022\/11\/07\/ousmane-sonko-devoile-les-vraies-cause-de-larrestation-de-pape-pale-niang\/#primaryimage"},"thumbnailUrl":"https:\/\/www.public.sn\/wp-content\/uploads\/2022\/10\/sonko-1.webp","keywords":["Ousmane Sonko","Pape Al\u00e9 Niang"],"articleSection":["ACTUALIT\u00c9S","S\u00c9N\u00c9GAL","VEDETTE"],"inLanguage":"fr-FR","potentialAction":[{"@type":"CommentAction","name":"Comment","target":["https:\/\/www.public.sn\/index.php\/2022\/11\/07\/ousmane-sonko-devoile-les-vraies-cause-de-larrestation-de-pape-pale-niang\/#respond"]}]},{"@type":"WebPage","@id":"https:\/\/www.public.sn\/index.php\/2022\/11\/07\/ousmane-sonko-devoile-les-vraies-cause-de-larrestation-de-pape-pale-niang\/","url":"https:\/\/www.public.sn\/index.php\/2022\/11\/07\/ousmane-sonko-devoile-les-vraies-cause-de-larrestation-de-pape-pale-niang\/","name":"Ousmane Sonko d\u00e9voile les vraies causes de l'arrestation de Pape Pal\u00e9 Niang - LE PUBLIC","isPartOf":{"@id":"https:\/\/www.public.sn\/#website"},"primaryImageOfPage":{"@id":"https:\/\/www.public.sn\/index.php\/2022\/11\/07\/ousmane-sonko-devoile-les-vraies-cause-de-larrestation-de-pape-pale-niang\/#primaryimage"},"image":{"@id":"https:\/\/www.public.sn\/index.php\/2022\/11\/07\/ousmane-sonko-devoile-les-vraies-cause-de-larrestation-de-pape-pale-niang\/#primaryimage"},"thumbnailUrl":"https:\/\/www.public.sn\/wp-content\/uploads\/2022\/10\/sonko-1.webp","datePublished":"2022-11-07T14:01:52+00:00","dateModified":"2022-11-07T15:33:58+00:00","breadcrumb":{"@id":"https:\/\/www.public.sn\/index.php\/2022\/11\/07\/ousmane-sonko-devoile-les-vraies-cause-de-larrestation-de-pape-pale-niang\/#breadcrumb"},"inLanguage":"fr-FR","potentialAction":[{"@type":"ReadAction","target":["https:\/\/www.public.sn\/index.php\/2022\/11\/07\/ousmane-sonko-devoile-les-vraies-cause-de-larrestation-de-pape-pale-niang\/"]}]},{"@type":"ImageObject","inLanguage":"fr-FR","@id":"https:\/\/www.public.sn\/index.php\/2022\/11\/07\/ousmane-sonko-devoile-les-vraies-cause-de-larrestation-de-pape-pale-niang\/#primaryimage","url":"https:\/\/www.public.sn\/wp-content\/uploads\/2022\/10\/sonko-1.webp","contentUrl":"https:\/\/www.public.sn\/wp-content\/uploads\/2022\/10\/sonko-1.webp","width":1400,"height":933,"caption":"publicsn"},{"@type":"BreadcrumbList","@id":"https:\/\/www.public.sn\/index.php\/2022\/11\/07\/ousmane-sonko-devoile-les-vraies-cause-de-larrestation-de-pape-pale-niang\/#breadcrumb","itemListElement":[{"@type":"ListItem","position":1,"name":"Accueil","item":"https:\/\/www.public.sn\/"},{"@type":"ListItem","position":2,"name":"Ousmane Sonko d\u00e9voile les vraies causes de l&rsquo;arrestation de Pape Pal\u00e9 Niang"}]},{"@type":"WebSite","@id":"https:\/\/www.public.sn\/#website","url":"https:\/\/www.public.sn\/","name":"LE PUBLIC","description":"","publisher":{"@id":"https:\/\/www.public.sn\/#organization"},"potentialAction":[{"@type":"SearchAction","target":{"@type":"EntryPoint","urlTemplate":"https:\/\/www.public.sn\/?s={search_term_string}"},"query-input":{"@type":"PropertyValueSpecification","valueRequired":true,"valueName":"search_term_string"}}],"inLanguage":"fr-FR"},{"@type":"Organization","@id":"https:\/\/www.public.sn\/#organization","name":"LE PUBLIC","url":"https:\/\/www.public.sn\/","logo":{"@type":"ImageObject","inLanguage":"fr-FR","@id":"https:\/\/www.public.sn\/#\/schema\/logo\/image\/","url":"https:\/\/www.public.sn\/wp-content\/uploads\/2024\/05\/cropped-LOGO-PUBLIC.SN_.png","contentUrl":"https:\/\/www.public.sn\/wp-content\/uploads\/2024\/05\/cropped-LOGO-PUBLIC.SN_.png","width":682,"height":192,"caption":"LE PUBLIC"},"image":{"@id":"https:\/\/www.public.sn\/#\/schema\/logo\/image\/"}},{"@type":"Person","@id":"https:\/\/www.public.sn\/#\/schema\/person\/e3f4a11b037d4203902db148f9bc8d5a","name":"LA REDACTION","image":{"@type":"ImageObject","inLanguage":"fr-FR","@id":"https:\/\/www.public.sn\/#\/schema\/person\/image\/","url":"https:\/\/secure.gravatar.com\/avatar\/d6c030db45db2883c075085c5d6c6258654a801a93766b49af0b82d4f454e2a5?s=96&d=mm&r=g","contentUrl":"https:\/\/secure.gravatar.com\/avatar\/d6c030db45db2883c075085c5d6c6258654a801a93766b49af0b82d4f454e2a5?s=96&d=mm&r=g","caption":"LA REDACTION"},"sameAs":["http:\/\/www.public.sn"],"url":"https:\/\/www.public.sn\/index.php\/author\/admin7324\/"}]}},"jetpack_featured_media_url":"https:\/\/www.public.sn\/wp-content\/uploads\/2022\/10\/sonko-1.webp","jetpack_sharing_enabled":true,"_links":{"self":[{"href":"https:\/\/www.public.sn\/index.php\/wp-json\/wp\/v2\/posts\/7266","targetHints":{"allow":["GET"]}}],"collection":[{"href":"https:\/\/www.public.sn\/index.php\/wp-json\/wp\/v2\/posts"}],"about":[{"href":"https:\/\/www.public.sn\/index.php\/wp-json\/wp\/v2\/types\/post"}],"author":[{"embeddable":true,"href":"https:\/\/www.public.sn\/index.php\/wp-json\/wp\/v2\/users\/1"}],"replies":[{"embeddable":true,"href":"https:\/\/www.public.sn\/index.php\/wp-json\/wp\/v2\/comments?post=7266"}],"version-history":[{"count":3,"href":"https:\/\/www.public.sn\/index.php\/wp-json\/wp\/v2\/posts\/7266\/revisions"}],"predecessor-version":[{"id":7296,"href":"https:\/\/www.public.sn\/index.php\/wp-json\/wp\/v2\/posts\/7266\/revisions\/7296"}],"wp:featuredmedia":[{"embeddable":true,"href":"https:\/\/www.public.sn\/index.php\/wp-json\/wp\/v2\/media\/6362"}],"wp:attachment":[{"href":"https:\/\/www.public.sn\/index.php\/wp-json\/wp\/v2\/media?parent=7266"}],"wp:term":[{"taxonomy":"category","embeddable":true,"href":"https:\/\/www.public.sn\/index.php\/wp-json\/wp\/v2\/categories?post=7266"},{"taxonomy":"post_tag","embeddable":true,"href":"https:\/\/www.public.sn\/index.php\/wp-json\/wp\/v2\/tags?post=7266"}],"curies":[{"name":"wp","href":"https:\/\/api.w.org\/{rel}","templated":true}]}}