{"id":7290,"date":"2022-11-07T15:09:48","date_gmt":"2022-11-07T15:09:48","guid":{"rendered":"https:\/\/www.public.sn\/?p=7290"},"modified":"2022-11-07T15:09:51","modified_gmt":"2022-11-07T15:09:51","slug":"appel-sournois-de-ousmane-sonko-aux-chefs-religieux-du-senegal-par-ibrahima-sene","status":"publish","type":"post","link":"https:\/\/www.public.sn\/index.php\/2022\/11\/07\/appel-sournois-de-ousmane-sonko-aux-chefs-religieux-du-senegal-par-ibrahima-sene\/","title":{"rendered":"\u00ab\u00a0Appel sournois de Ousmane Sonko aux Chefs religieux du S\u00e9n\u00e9gal\u00a0\u00bb (Par Ibrahima S\u00e8ne)."},"content":{"rendered":"\n<p><\/p>\n\n\n\n<p>A l&rsquo;issue de sa premi\u00e8re audition sur le fond, dans le dossier d\u2019accusation de viol port\u00e9e contre lui, Ousmane Sonko, dans sa conf\u00e9rence de presse, fait appel aux Chefs religieux pour qu\u2019ils interviennent aupr\u00e8s du Pr\u00e9sident Macky Sall pour \u00e9viter que notre pays ne tombe dans la violence, qu\u2019il brandit comme pour rallier les chefs religieux \u00e0 sa cause !.<\/p><div class=\"publi-paragraphe1\" style=\"margin-top: 10px;margin-bottom: 10px;margin-left: auto;margin-right: auto;text-align: center;\" id=\"publi-24634092\"><div class=\"publi-adlabel\">Publicit\u00e9<\/div><script async src=\"\/\/pagead2.googlesyndication.com\/pagead\/js\/adsbygoogle.js?client=ca-pub-4089586018074219\" crossorigin=\"anonymous\"><\/script><ins class=\"adsbygoogle\" style=\"display:block;\" data-ad-client=\"ca-pub-4089586018074219\" \ndata-ad-slot=\"2087940154\" \ndata-ad-format=\"auto\"><\/ins>\n<script> \n(adsbygoogle = window.adsbygoogle || []).push({}); \n<\/script>\n<\/div>\n\n\n\n<p><\/p>\n\n\n\n<p>Ce faisant , il accuse le Pr\u00e9sident Macky Sall de vouloir jeter le pays dans la violence, pour avoir d\u00e9cid\u00e9 de pr\u00e9senter une troisi\u00e8me candidature \u00e0 la Pr\u00e9sidentielle de 2024, alors que celui-ci a toujours refus\u00e9 de se prononcer sur son \u00e9ventuelle candidature, pr\u00e9f\u00e9rant travailler, dans la s\u00e9r\u00e9nit\u00e9, \u00e0 parachever son mandat en cours, pour r\u00e9pondre, autant que faire se peut, aux pr\u00e9occupations des populations !<\/p>\n\n\n\n<p>Ayant \u00e9chou\u00e9 de les avoir \u00e0 ses c\u00f4t\u00e9s, pour dissuader le Pr\u00e9sident Macky Sall, de faire tenir le proc\u00e8s qui hante ses jours et ses nuits, proc\u00e8s qui risque d\u2019hypoth\u00e9quer son avenir politique, il cherche, apr\u00e8s son audition, \u00e0 les rallier \u00e0 sa strat\u00e9gie de diversion, dans une lutte contre la volont\u00e9 attribu\u00e9e au Pr\u00e9sident Macky Sall, de briguer un troisi\u00e8me mandat !<\/p>\n\n\n\n<p>Pour ce faire, il les accuse de n\u2019intervenir que pour sauver le Pr\u00e9sident Macky Sall, lorsqu\u2019il est en mauvaise posture avec son opposition !<\/p>\n\n\n\n<p><\/p>\n\n\n\n<p>En les pr\u00e9sentant, ainsi, comme des partisans inconditionnels du Pr\u00e9sident Macky Sall, il continue de saper leur cr\u00e9dibilit\u00e9 aupr\u00e8s des populations, qui voient encore en eux, comme des facteurs de stabilit\u00e9 , de paix civile, et de coh\u00e9sion nationale !<\/p>\n\n\n\n<p>Les discr\u00e9diter revient \u00e0 jeter le pays dans une violence grave, g\u00e9n\u00e9ratrice d\u2019instabilit\u00e9 du pays, que Ousmane Sonko avait initi\u00e9e avec les \u00e9v\u00e8nements de mars 2021, pour \u00e9viter son arrestation et sa traduction devant la Justice !<\/p>\n\n\n\n<p><\/p>\n\n\n\n<p>C\u2019est dans ce but, que ses partisans, dans les r\u00e9seaux sociaux, n\u2019ont eu de cesse d\u2019entreprendre de les discr\u00e9diter, en les accusant, d\u2019\u00eatre de connivence avec le r\u00e9gime du Pr\u00e9sident Macky Sall, pour des int\u00e9r\u00eats bassement mat\u00e9riels !<\/p>\n\n\n\n<p>Ces attaques entrent en droite ligne dans la strat\u00e9gie anti confr\u00e9rique, que d\u00e9roulent ses partisans islamistes radicaux, qui ont tellement irrit\u00e9 les chefs religieux, au point que, Ousmane Sonko , s\u2019est r\u00e9solu \u00e0 se rapprocher d\u2019eux, pour gagner leur compassion, dans ses affaires pendantes en justice !<\/p>\n\n\n\n<p><\/p>\n\n\n\n<p>Mais, cela ne l\u2019a pas emp\u00each\u00e9, de devenir, \u00e0 leurs yeux, de plus en plus suspect et, d\u2019\u00eatre, peu cr\u00e9dible : ce qui a permis, \u00e0 la proc\u00e9dure judiciaire de continuer son cours normal !<\/p>\n\n\n\n<p>C\u2019est pour cela qu\u2019il leur lance un nouveau de s\u2019allier avec lui, pour obliger le Pr\u00e9sident Macky Sall, \u00e0 stopper la proc\u00e9dure judiciaire, au pr\u00e9texte, qu\u2019il veut plonger le pays dans la violence, avec la volont\u00e9 qu\u2019il lui a attribu\u00e9e unilat\u00e9ralement, de briguer un troisi\u00e8me mandat !<\/p>\n\n\n\n<p><\/p>\n\n\n\n<p>Sa lutte contre le troisi\u00e8me mandat, est l\u2019arbre qui cache, la for\u00eat, qui n\u2019est rien d\u2019autre que la tenue de son proc\u00e8s !<\/p>\n\n\n\n<p>Il croit dur comme fer, que cette nouvelle strat\u00e9gie de culpabilisation des chefs religieux, aura plus de chance, que celle de lutte pour les libert\u00e9s d\u00e9mocratiques, pour les rallier \u00e0 sa cause !<\/p>\n\n\n\n<p>Il les invite ainsi \u00e0 quitter leurs fonctions historiques de stabilisation, de pacification et de pr\u00e9servation de la coh\u00e9sion de notre peuple, pour rejoindre sa strat\u00e9gie de d\u00e9stabilisation du Pr\u00e9sident Macky Sall, pour qu\u2019il mette fin \u00e0 la proc\u00e9dure judiciaire qui le tient \u00e0 la gorge !<\/p>\n\n\n\n<p><\/p>\n\n\n\n<p>S\u2019il est jug\u00e9 et condamn\u00e9, peu lui importe que le Pr\u00e9sident Macky Sall soit candidat, ou non !<\/p>\n\n\n\n<p>Sa croisade contre le troisi\u00e8me mandat est une diversion tr\u00e8s dangereuse pour notre peuple, afin d\u2019installer un climat de violence, peu propice pour la tenue de son proc\u00e8s !<\/p>\n\n\n\n<p><\/p>\n\n\n\n<p>Donc, lui barrer la route est un devoir patriotique de haute port\u00e9e historique.<\/p>\n\n\n\n<p>Ibrahima S\u00e8ne PIT-SENEGAL<\/p>\n<div class=\"publi-apres-le-contenu\" style=\"margin-top: 10px;margin-bottom: 10px;margin-left: auto;margin-right: auto;text-align: center;\" id=\"publi-1549553785\"><div class=\"publi-adlabel\">Publicit\u00e9<\/div><script async src=\"\/\/pagead2.googlesyndication.com\/pagead\/js\/adsbygoogle.js?client=ca-pub-4089586018074219\" crossorigin=\"anonymous\"><\/script><ins class=\"adsbygoogle\" style=\"display:block;\" data-ad-client=\"ca-pub-4089586018074219\" \ndata-ad-slot=\"2087940154\" \ndata-ad-format=\"auto\"><\/ins>\n<script> \n(adsbygoogle = window.adsbygoogle || []).push({}); \n<\/script>\n<\/div>","protected":false},"excerpt":{"rendered":"<p>A l&rsquo;issue de sa premi\u00e8re audition sur le fond, dans le dossier d\u2019accusation de viol port\u00e9e contre lui, Ousmane Sonko, dans sa conf\u00e9rence de presse, fait appel aux Chefs religieux pour qu\u2019ils interviennent aupr\u00e8s du Pr\u00e9sident Macky Sall pour \u00e9viter que notre pays ne tombe dans la violence, qu\u2019il brandit comme pour rallier les chefs religieux \u00e0 sa cause !. Ce faisant , il accuse le Pr\u00e9sident Macky Sall de vouloir jeter le pays dans la violence, pour avoir d\u00e9cid\u00e9 de pr\u00e9senter une troisi\u00e8me candidature \u00e0 la Pr\u00e9sidentielle de 2024, alors que celui-ci a toujours refus\u00e9 de se prononcer sur son \u00e9ventuelle candidature, pr\u00e9f\u00e9rant travailler, dans la s\u00e9r\u00e9nit\u00e9, \u00e0 parachever son mandat en cours, pour r\u00e9pondre, autant que faire se peut, aux pr\u00e9occupations des populations ! Ayant \u00e9chou\u00e9 de les avoir \u00e0 ses c\u00f4t\u00e9s, pour dissuader le Pr\u00e9sident Macky Sall, de faire tenir le proc\u00e8s qui hante ses jours et ses nuits, proc\u00e8s qui risque d\u2019hypoth\u00e9quer son avenir politique, il cherche, apr\u00e8s son audition, \u00e0 les rallier \u00e0 sa strat\u00e9gie de diversion, dans une lutte contre la volont\u00e9 attribu\u00e9e au Pr\u00e9sident Macky Sall, de briguer un troisi\u00e8me mandat ! Pour ce faire, il les accuse de n\u2019intervenir que pour sauver le Pr\u00e9sident Macky Sall, lorsqu\u2019il est en mauvaise posture avec son opposition ! En les pr\u00e9sentant, ainsi, comme des partisans inconditionnels du Pr\u00e9sident Macky Sall, il continue de saper leur cr\u00e9dibilit\u00e9 aupr\u00e8s des populations, qui voient encore en eux, comme des facteurs de stabilit\u00e9 , de paix civile, et de coh\u00e9sion nationale ! Les discr\u00e9diter revient \u00e0 jeter le pays dans une violence grave, g\u00e9n\u00e9ratrice d\u2019instabilit\u00e9 du pays, que Ousmane Sonko avait initi\u00e9e avec les \u00e9v\u00e8nements de mars 2021, pour \u00e9viter son arrestation et sa traduction devant la Justice ! C\u2019est dans ce but, que ses partisans, dans les r\u00e9seaux sociaux, n\u2019ont eu de cesse d\u2019entreprendre de les discr\u00e9diter, en les accusant, d\u2019\u00eatre de connivence avec le r\u00e9gime du Pr\u00e9sident Macky Sall, pour des int\u00e9r\u00eats bassement mat\u00e9riels ! Ces attaques entrent en droite ligne dans la strat\u00e9gie anti confr\u00e9rique, que d\u00e9roulent ses partisans islamistes radicaux, qui ont tellement irrit\u00e9 les chefs religieux, au point que, Ousmane Sonko , s\u2019est r\u00e9solu \u00e0 se rapprocher d\u2019eux, pour gagner leur compassion, dans ses affaires pendantes en justice ! Mais, cela ne l\u2019a pas emp\u00each\u00e9, de devenir, \u00e0 leurs yeux, de plus en plus suspect et, d\u2019\u00eatre, peu cr\u00e9dible : ce qui a permis, \u00e0 la proc\u00e9dure judiciaire de continuer son cours normal ! C\u2019est pour cela qu\u2019il leur lance un nouveau de s\u2019allier avec lui, pour obliger le Pr\u00e9sident Macky Sall, \u00e0 stopper la proc\u00e9dure judiciaire, au pr\u00e9texte, qu\u2019il veut plonger le pays dans la violence, avec la volont\u00e9 qu\u2019il lui a attribu\u00e9e unilat\u00e9ralement, de briguer un troisi\u00e8me mandat ! Sa lutte contre le troisi\u00e8me mandat, est l\u2019arbre qui cache, la for\u00eat, qui n\u2019est rien d\u2019autre que la tenue de son proc\u00e8s ! Il croit dur comme fer, que cette nouvelle strat\u00e9gie de culpabilisation des chefs religieux, aura plus de chance, que celle de lutte pour les libert\u00e9s d\u00e9mocratiques, pour les rallier \u00e0 sa cause ! Il les invite ainsi \u00e0 quitter leurs fonctions historiques de stabilisation, de pacification et de pr\u00e9servation de la coh\u00e9sion de notre peuple, pour rejoindre sa strat\u00e9gie de d\u00e9stabilisation du Pr\u00e9sident Macky Sall, pour qu\u2019il mette fin \u00e0 la proc\u00e9dure judiciaire qui le tient \u00e0 la gorge ! S\u2019il est jug\u00e9 et condamn\u00e9, peu lui importe que le Pr\u00e9sident Macky Sall soit candidat, ou non ! Sa croisade contre le troisi\u00e8me mandat est une diversion tr\u00e8s dangereuse pour notre peuple, afin d\u2019installer un climat de violence, peu propice pour la tenue de son proc\u00e8s ! Donc, lui barrer la route est un devoir patriotique de haute port\u00e9e historique. Ibrahima S\u00e8ne PIT-SENEGAL<\/p>\n","protected":false},"author":7,"featured_media":7294,"comment_status":"open","ping_status":"open","sticky":false,"template":"","format":"standard","meta":{"_jetpack_memberships_contains_paid_content":false,"footnotes":""},"categories":[375,1575,1],"tags":[2231,1906,16],"class_list":["post-7290","post","type-post","status-publish","format-standard","has-post-thumbnail","hentry","category-actualites","category-contributions","category-non-classe","tag-contribution","tag-ibrahima-sene","tag-ousmane-sonko","entry","has-media","owp-thumbs-layout-horizontal","owp-btn-normal","owp-tabs-layout-horizontal","has-no-thumbnails","has-product-nav"],"yoast_head":"<!-- This site is optimized with the Yoast SEO plugin v25.5 - https:\/\/yoast.com\/wordpress\/plugins\/seo\/ -->\n<title>\u00ab\u00a0Appel sournois de Ousmane Sonko aux Chefs religieux du S\u00e9n\u00e9gal\u00a0\u00bb (Par Ibrahima S\u00e8ne). - LE PUBLIC<\/title>\n<meta name=\"robots\" content=\"index, follow, max-snippet:-1, max-image-preview:large, max-video-preview:-1\" \/>\n<link rel=\"canonical\" href=\"https:\/\/www.public.sn\/index.php\/2022\/11\/07\/appel-sournois-de-ousmane-sonko-aux-chefs-religieux-du-senegal-par-ibrahima-sene\/\" \/>\n<meta property=\"og:locale\" content=\"fr_FR\" \/>\n<meta property=\"og:type\" content=\"article\" \/>\n<meta property=\"og:title\" content=\"\u00ab\u00a0Appel sournois de Ousmane Sonko aux Chefs religieux du S\u00e9n\u00e9gal\u00a0\u00bb (Par Ibrahima S\u00e8ne). - LE PUBLIC\" \/>\n<meta property=\"og:description\" content=\"A l&rsquo;issue de sa premi\u00e8re audition sur le fond, dans le dossier d\u2019accusation de viol port\u00e9e contre lui, Ousmane Sonko, dans sa conf\u00e9rence de presse, fait appel aux Chefs religieux pour qu\u2019ils interviennent aupr\u00e8s du Pr\u00e9sident Macky Sall pour \u00e9viter que notre pays ne tombe dans la violence, qu\u2019il brandit comme pour rallier les chefs religieux \u00e0 sa cause !. Ce faisant , il accuse le Pr\u00e9sident Macky Sall de vouloir jeter le pays dans la violence, pour avoir d\u00e9cid\u00e9 de pr\u00e9senter une troisi\u00e8me candidature \u00e0 la Pr\u00e9sidentielle de 2024, alors que celui-ci a toujours refus\u00e9 de se prononcer sur son \u00e9ventuelle candidature, pr\u00e9f\u00e9rant travailler, dans la s\u00e9r\u00e9nit\u00e9, \u00e0 parachever son mandat en cours, pour r\u00e9pondre, autant que faire se peut, aux pr\u00e9occupations des populations ! Ayant \u00e9chou\u00e9 de les avoir \u00e0 ses c\u00f4t\u00e9s, pour dissuader le Pr\u00e9sident Macky Sall, de faire tenir le proc\u00e8s qui hante ses jours et ses nuits, proc\u00e8s qui risque d\u2019hypoth\u00e9quer son avenir politique, il cherche, apr\u00e8s son audition, \u00e0 les rallier \u00e0 sa strat\u00e9gie de diversion, dans une lutte contre la volont\u00e9 attribu\u00e9e au Pr\u00e9sident Macky Sall, de briguer un troisi\u00e8me mandat ! Pour ce faire, il les accuse de n\u2019intervenir que pour sauver le Pr\u00e9sident Macky Sall, lorsqu\u2019il est en mauvaise posture avec son opposition ! En les pr\u00e9sentant, ainsi, comme des partisans inconditionnels du Pr\u00e9sident Macky Sall, il continue de saper leur cr\u00e9dibilit\u00e9 aupr\u00e8s des populations, qui voient encore en eux, comme des facteurs de stabilit\u00e9 , de paix civile, et de coh\u00e9sion nationale ! Les discr\u00e9diter revient \u00e0 jeter le pays dans une violence grave, g\u00e9n\u00e9ratrice d\u2019instabilit\u00e9 du pays, que Ousmane Sonko avait initi\u00e9e avec les \u00e9v\u00e8nements de mars 2021, pour \u00e9viter son arrestation et sa traduction devant la Justice ! C\u2019est dans ce but, que ses partisans, dans les r\u00e9seaux sociaux, n\u2019ont eu de cesse d\u2019entreprendre de les discr\u00e9diter, en les accusant, d\u2019\u00eatre de connivence avec le r\u00e9gime du Pr\u00e9sident Macky Sall, pour des int\u00e9r\u00eats bassement mat\u00e9riels ! Ces attaques entrent en droite ligne dans la strat\u00e9gie anti confr\u00e9rique, que d\u00e9roulent ses partisans islamistes radicaux, qui ont tellement irrit\u00e9 les chefs religieux, au point que, Ousmane Sonko , s\u2019est r\u00e9solu \u00e0 se rapprocher d\u2019eux, pour gagner leur compassion, dans ses affaires pendantes en justice ! Mais, cela ne l\u2019a pas emp\u00each\u00e9, de devenir, \u00e0 leurs yeux, de plus en plus suspect et, d\u2019\u00eatre, peu cr\u00e9dible : ce qui a permis, \u00e0 la proc\u00e9dure judiciaire de continuer son cours normal ! C\u2019est pour cela qu\u2019il leur lance un nouveau de s\u2019allier avec lui, pour obliger le Pr\u00e9sident Macky Sall, \u00e0 stopper la proc\u00e9dure judiciaire, au pr\u00e9texte, qu\u2019il veut plonger le pays dans la violence, avec la volont\u00e9 qu\u2019il lui a attribu\u00e9e unilat\u00e9ralement, de briguer un troisi\u00e8me mandat ! Sa lutte contre le troisi\u00e8me mandat, est l\u2019arbre qui cache, la for\u00eat, qui n\u2019est rien d\u2019autre que la tenue de son proc\u00e8s ! Il croit dur comme fer, que cette nouvelle strat\u00e9gie de culpabilisation des chefs religieux, aura plus de chance, que celle de lutte pour les libert\u00e9s d\u00e9mocratiques, pour les rallier \u00e0 sa cause ! Il les invite ainsi \u00e0 quitter leurs fonctions historiques de stabilisation, de pacification et de pr\u00e9servation de la coh\u00e9sion de notre peuple, pour rejoindre sa strat\u00e9gie de d\u00e9stabilisation du Pr\u00e9sident Macky Sall, pour qu\u2019il mette fin \u00e0 la proc\u00e9dure judiciaire qui le tient \u00e0 la gorge ! S\u2019il est jug\u00e9 et condamn\u00e9, peu lui importe que le Pr\u00e9sident Macky Sall soit candidat, ou non ! Sa croisade contre le troisi\u00e8me mandat est une diversion tr\u00e8s dangereuse pour notre peuple, afin d\u2019installer un climat de violence, peu propice pour la tenue de son proc\u00e8s ! Donc, lui barrer la route est un devoir patriotique de haute port\u00e9e historique. Ibrahima S\u00e8ne PIT-SENEGAL\" \/>\n<meta property=\"og:url\" content=\"https:\/\/www.public.sn\/index.php\/2022\/11\/07\/appel-sournois-de-ousmane-sonko-aux-chefs-religieux-du-senegal-par-ibrahima-sene\/\" \/>\n<meta property=\"og:site_name\" content=\"LE PUBLIC\" \/>\n<meta property=\"article:published_time\" content=\"2022-11-07T15:09:48+00:00\" \/>\n<meta property=\"article:modified_time\" content=\"2022-11-07T15:09:51+00:00\" \/>\n<meta property=\"og:image\" content=\"https:\/\/www.public.sn\/wp-content\/uploads\/2022\/11\/ibrahima-sene.webp\" \/>\n\t<meta property=\"og:image:width\" content=\"800\" \/>\n\t<meta property=\"og:image:height\" content=\"532\" \/>\n\t<meta property=\"og:image:type\" content=\"image\/webp\" \/>\n<meta name=\"author\" content=\"LA REDACTION\" \/>\n<meta name=\"twitter:card\" content=\"summary_large_image\" \/>\n<meta name=\"twitter:label1\" content=\"\u00c9crit par\" \/>\n\t<meta name=\"twitter:data1\" content=\"LA REDACTION\" \/>\n\t<meta name=\"twitter:label2\" content=\"Dur\u00e9e de lecture estim\u00e9e\" \/>\n\t<meta name=\"twitter:data2\" content=\"4 minutes\" \/>\n<script type=\"application\/ld+json\" class=\"yoast-schema-graph\">{\"@context\":\"https:\/\/schema.org\",\"@graph\":[{\"@type\":\"Article\",\"@id\":\"https:\/\/www.public.sn\/index.php\/2022\/11\/07\/appel-sournois-de-ousmane-sonko-aux-chefs-religieux-du-senegal-par-ibrahima-sene\/#article\",\"isPartOf\":{\"@id\":\"https:\/\/www.public.sn\/index.php\/2022\/11\/07\/appel-sournois-de-ousmane-sonko-aux-chefs-religieux-du-senegal-par-ibrahima-sene\/\"},\"author\":{\"name\":\"LA REDACTION\",\"@id\":\"https:\/\/www.public.sn\/#\/schema\/person\/cb76c8e1b8becc6be61fb5e92d6d0224\"},\"headline\":\"\u00ab\u00a0Appel sournois de Ousmane Sonko aux Chefs religieux du S\u00e9n\u00e9gal\u00a0\u00bb (Par Ibrahima S\u00e8ne).\",\"datePublished\":\"2022-11-07T15:09:48+00:00\",\"dateModified\":\"2022-11-07T15:09:51+00:00\",\"mainEntityOfPage\":{\"@id\":\"https:\/\/www.public.sn\/index.php\/2022\/11\/07\/appel-sournois-de-ousmane-sonko-aux-chefs-religieux-du-senegal-par-ibrahima-sene\/\"},\"wordCount\":705,\"commentCount\":0,\"publisher\":{\"@id\":\"https:\/\/www.public.sn\/#organization\"},\"image\":{\"@id\":\"https:\/\/www.public.sn\/index.php\/2022\/11\/07\/appel-sournois-de-ousmane-sonko-aux-chefs-religieux-du-senegal-par-ibrahima-sene\/#primaryimage\"},\"thumbnailUrl\":\"https:\/\/www.public.sn\/wp-content\/uploads\/2022\/11\/ibrahima-sene.webp\",\"keywords\":[\"contribution\",\"ibrahima sene\",\"Ousmane Sonko\"],\"articleSection\":[\"ACTUALIT\u00c9S\",\"CONTRIBUTIONS\",\"S\u00c9N\u00c9GAL\"],\"inLanguage\":\"fr-FR\",\"potentialAction\":[{\"@type\":\"CommentAction\",\"name\":\"Comment\",\"target\":[\"https:\/\/www.public.sn\/index.php\/2022\/11\/07\/appel-sournois-de-ousmane-sonko-aux-chefs-religieux-du-senegal-par-ibrahima-sene\/#respond\"]}]},{\"@type\":\"WebPage\",\"@id\":\"https:\/\/www.public.sn\/index.php\/2022\/11\/07\/appel-sournois-de-ousmane-sonko-aux-chefs-religieux-du-senegal-par-ibrahima-sene\/\",\"url\":\"https:\/\/www.public.sn\/index.php\/2022\/11\/07\/appel-sournois-de-ousmane-sonko-aux-chefs-religieux-du-senegal-par-ibrahima-sene\/\",\"name\":\"\u00ab\u00a0Appel sournois de Ousmane Sonko aux Chefs religieux du S\u00e9n\u00e9gal\u00a0\u00bb (Par Ibrahima S\u00e8ne). - LE PUBLIC\",\"isPartOf\":{\"@id\":\"https:\/\/www.public.sn\/#website\"},\"primaryImageOfPage\":{\"@id\":\"https:\/\/www.public.sn\/index.php\/2022\/11\/07\/appel-sournois-de-ousmane-sonko-aux-chefs-religieux-du-senegal-par-ibrahima-sene\/#primaryimage\"},\"image\":{\"@id\":\"https:\/\/www.public.sn\/index.php\/2022\/11\/07\/appel-sournois-de-ousmane-sonko-aux-chefs-religieux-du-senegal-par-ibrahima-sene\/#primaryimage\"},\"thumbnailUrl\":\"https:\/\/www.public.sn\/wp-content\/uploads\/2022\/11\/ibrahima-sene.webp\",\"datePublished\":\"2022-11-07T15:09:48+00:00\",\"dateModified\":\"2022-11-07T15:09:51+00:00\",\"breadcrumb\":{\"@id\":\"https:\/\/www.public.sn\/index.php\/2022\/11\/07\/appel-sournois-de-ousmane-sonko-aux-chefs-religieux-du-senegal-par-ibrahima-sene\/#breadcrumb\"},\"inLanguage\":\"fr-FR\",\"potentialAction\":[{\"@type\":\"ReadAction\",\"target\":[\"https:\/\/www.public.sn\/index.php\/2022\/11\/07\/appel-sournois-de-ousmane-sonko-aux-chefs-religieux-du-senegal-par-ibrahima-sene\/\"]}]},{\"@type\":\"ImageObject\",\"inLanguage\":\"fr-FR\",\"@id\":\"https:\/\/www.public.sn\/index.php\/2022\/11\/07\/appel-sournois-de-ousmane-sonko-aux-chefs-religieux-du-senegal-par-ibrahima-sene\/#primaryimage\",\"url\":\"https:\/\/www.public.sn\/wp-content\/uploads\/2022\/11\/ibrahima-sene.webp\",\"contentUrl\":\"https:\/\/www.public.sn\/wp-content\/uploads\/2022\/11\/ibrahima-sene.webp\",\"width\":800,\"height\":532,\"caption\":\"publicsn\"},{\"@type\":\"BreadcrumbList\",\"@id\":\"https:\/\/www.public.sn\/index.php\/2022\/11\/07\/appel-sournois-de-ousmane-sonko-aux-chefs-religieux-du-senegal-par-ibrahima-sene\/#breadcrumb\",\"itemListElement\":[{\"@type\":\"ListItem\",\"position\":1,\"name\":\"Accueil\",\"item\":\"https:\/\/www.public.sn\/\"},{\"@type\":\"ListItem\",\"position\":2,\"name\":\"\u00ab\u00a0Appel sournois de Ousmane Sonko aux Chefs religieux du S\u00e9n\u00e9gal\u00a0\u00bb (Par Ibrahima S\u00e8ne).\"}]},{\"@type\":\"WebSite\",\"@id\":\"https:\/\/www.public.sn\/#website\",\"url\":\"https:\/\/www.public.sn\/\",\"name\":\"LE PUBLIC\",\"description\":\"\",\"publisher\":{\"@id\":\"https:\/\/www.public.sn\/#organization\"},\"potentialAction\":[{\"@type\":\"SearchAction\",\"target\":{\"@type\":\"EntryPoint\",\"urlTemplate\":\"https:\/\/www.public.sn\/?s={search_term_string}\"},\"query-input\":{\"@type\":\"PropertyValueSpecification\",\"valueRequired\":true,\"valueName\":\"search_term_string\"}}],\"inLanguage\":\"fr-FR\"},{\"@type\":\"Organization\",\"@id\":\"https:\/\/www.public.sn\/#organization\",\"name\":\"LE PUBLIC\",\"url\":\"https:\/\/www.public.sn\/\",\"logo\":{\"@type\":\"ImageObject\",\"inLanguage\":\"fr-FR\",\"@id\":\"https:\/\/www.public.sn\/#\/schema\/logo\/image\/\",\"url\":\"https:\/\/www.public.sn\/wp-content\/uploads\/2024\/05\/cropped-LOGO-PUBLIC.SN_.png\",\"contentUrl\":\"https:\/\/www.public.sn\/wp-content\/uploads\/2024\/05\/cropped-LOGO-PUBLIC.SN_.png\",\"width\":682,\"height\":192,\"caption\":\"LE PUBLIC\"},\"image\":{\"@id\":\"https:\/\/www.public.sn\/#\/schema\/logo\/image\/\"}},{\"@type\":\"Person\",\"@id\":\"https:\/\/www.public.sn\/#\/schema\/person\/cb76c8e1b8becc6be61fb5e92d6d0224\",\"name\":\"LA REDACTION\",\"image\":{\"@type\":\"ImageObject\",\"inLanguage\":\"fr-FR\",\"@id\":\"https:\/\/www.public.sn\/#\/schema\/person\/image\/\",\"url\":\"https:\/\/secure.gravatar.com\/avatar\/2dce5ddd34b8fef0180efe03aa2a9bee7d953856048f9a16b298190a3178407c?s=96&d=mm&r=g\",\"contentUrl\":\"https:\/\/secure.gravatar.com\/avatar\/2dce5ddd34b8fef0180efe03aa2a9bee7d953856048f9a16b298190a3178407c?s=96&d=mm&r=g\",\"caption\":\"LA REDACTION\"},\"url\":\"https:\/\/www.public.sn\/index.php\/author\/editeurpsn\/\"}]}<\/script>\n<!-- \/ Yoast SEO plugin. -->","yoast_head_json":{"title":"\u00ab\u00a0Appel sournois de Ousmane Sonko aux Chefs religieux du S\u00e9n\u00e9gal\u00a0\u00bb (Par Ibrahima S\u00e8ne). - LE PUBLIC","robots":{"index":"index","follow":"follow","max-snippet":"max-snippet:-1","max-image-preview":"max-image-preview:large","max-video-preview":"max-video-preview:-1"},"canonical":"https:\/\/www.public.sn\/index.php\/2022\/11\/07\/appel-sournois-de-ousmane-sonko-aux-chefs-religieux-du-senegal-par-ibrahima-sene\/","og_locale":"fr_FR","og_type":"article","og_title":"\u00ab\u00a0Appel sournois de Ousmane Sonko aux Chefs religieux du S\u00e9n\u00e9gal\u00a0\u00bb (Par Ibrahima S\u00e8ne). - LE PUBLIC","og_description":"A l&rsquo;issue de sa premi\u00e8re audition sur le fond, dans le dossier d\u2019accusation de viol port\u00e9e contre lui, Ousmane Sonko, dans sa conf\u00e9rence de presse, fait appel aux Chefs religieux pour qu\u2019ils interviennent aupr\u00e8s du Pr\u00e9sident Macky Sall pour \u00e9viter que notre pays ne tombe dans la violence, qu\u2019il brandit comme pour rallier les chefs religieux \u00e0 sa cause !. Ce faisant , il accuse le Pr\u00e9sident Macky Sall de vouloir jeter le pays dans la violence, pour avoir d\u00e9cid\u00e9 de pr\u00e9senter une troisi\u00e8me candidature \u00e0 la Pr\u00e9sidentielle de 2024, alors que celui-ci a toujours refus\u00e9 de se prononcer sur son \u00e9ventuelle candidature, pr\u00e9f\u00e9rant travailler, dans la s\u00e9r\u00e9nit\u00e9, \u00e0 parachever son mandat en cours, pour r\u00e9pondre, autant que faire se peut, aux pr\u00e9occupations des populations ! Ayant \u00e9chou\u00e9 de les avoir \u00e0 ses c\u00f4t\u00e9s, pour dissuader le Pr\u00e9sident Macky Sall, de faire tenir le proc\u00e8s qui hante ses jours et ses nuits, proc\u00e8s qui risque d\u2019hypoth\u00e9quer son avenir politique, il cherche, apr\u00e8s son audition, \u00e0 les rallier \u00e0 sa strat\u00e9gie de diversion, dans une lutte contre la volont\u00e9 attribu\u00e9e au Pr\u00e9sident Macky Sall, de briguer un troisi\u00e8me mandat ! Pour ce faire, il les accuse de n\u2019intervenir que pour sauver le Pr\u00e9sident Macky Sall, lorsqu\u2019il est en mauvaise posture avec son opposition ! En les pr\u00e9sentant, ainsi, comme des partisans inconditionnels du Pr\u00e9sident Macky Sall, il continue de saper leur cr\u00e9dibilit\u00e9 aupr\u00e8s des populations, qui voient encore en eux, comme des facteurs de stabilit\u00e9 , de paix civile, et de coh\u00e9sion nationale ! Les discr\u00e9diter revient \u00e0 jeter le pays dans une violence grave, g\u00e9n\u00e9ratrice d\u2019instabilit\u00e9 du pays, que Ousmane Sonko avait initi\u00e9e avec les \u00e9v\u00e8nements de mars 2021, pour \u00e9viter son arrestation et sa traduction devant la Justice ! C\u2019est dans ce but, que ses partisans, dans les r\u00e9seaux sociaux, n\u2019ont eu de cesse d\u2019entreprendre de les discr\u00e9diter, en les accusant, d\u2019\u00eatre de connivence avec le r\u00e9gime du Pr\u00e9sident Macky Sall, pour des int\u00e9r\u00eats bassement mat\u00e9riels ! Ces attaques entrent en droite ligne dans la strat\u00e9gie anti confr\u00e9rique, que d\u00e9roulent ses partisans islamistes radicaux, qui ont tellement irrit\u00e9 les chefs religieux, au point que, Ousmane Sonko , s\u2019est r\u00e9solu \u00e0 se rapprocher d\u2019eux, pour gagner leur compassion, dans ses affaires pendantes en justice ! Mais, cela ne l\u2019a pas emp\u00each\u00e9, de devenir, \u00e0 leurs yeux, de plus en plus suspect et, d\u2019\u00eatre, peu cr\u00e9dible : ce qui a permis, \u00e0 la proc\u00e9dure judiciaire de continuer son cours normal ! C\u2019est pour cela qu\u2019il leur lance un nouveau de s\u2019allier avec lui, pour obliger le Pr\u00e9sident Macky Sall, \u00e0 stopper la proc\u00e9dure judiciaire, au pr\u00e9texte, qu\u2019il veut plonger le pays dans la violence, avec la volont\u00e9 qu\u2019il lui a attribu\u00e9e unilat\u00e9ralement, de briguer un troisi\u00e8me mandat ! Sa lutte contre le troisi\u00e8me mandat, est l\u2019arbre qui cache, la for\u00eat, qui n\u2019est rien d\u2019autre que la tenue de son proc\u00e8s ! Il croit dur comme fer, que cette nouvelle strat\u00e9gie de culpabilisation des chefs religieux, aura plus de chance, que celle de lutte pour les libert\u00e9s d\u00e9mocratiques, pour les rallier \u00e0 sa cause ! Il les invite ainsi \u00e0 quitter leurs fonctions historiques de stabilisation, de pacification et de pr\u00e9servation de la coh\u00e9sion de notre peuple, pour rejoindre sa strat\u00e9gie de d\u00e9stabilisation du Pr\u00e9sident Macky Sall, pour qu\u2019il mette fin \u00e0 la proc\u00e9dure judiciaire qui le tient \u00e0 la gorge ! S\u2019il est jug\u00e9 et condamn\u00e9, peu lui importe que le Pr\u00e9sident Macky Sall soit candidat, ou non ! Sa croisade contre le troisi\u00e8me mandat est une diversion tr\u00e8s dangereuse pour notre peuple, afin d\u2019installer un climat de violence, peu propice pour la tenue de son proc\u00e8s ! Donc, lui barrer la route est un devoir patriotique de haute port\u00e9e historique. Ibrahima S\u00e8ne PIT-SENEGAL","og_url":"https:\/\/www.public.sn\/index.php\/2022\/11\/07\/appel-sournois-de-ousmane-sonko-aux-chefs-religieux-du-senegal-par-ibrahima-sene\/","og_site_name":"LE PUBLIC","article_published_time":"2022-11-07T15:09:48+00:00","article_modified_time":"2022-11-07T15:09:51+00:00","og_image":[{"width":800,"height":532,"url":"https:\/\/www.public.sn\/wp-content\/uploads\/2022\/11\/ibrahima-sene.webp","type":"image\/webp"}],"author":"LA REDACTION","twitter_card":"summary_large_image","twitter_misc":{"\u00c9crit par":"LA REDACTION","Dur\u00e9e de lecture estim\u00e9e":"4 minutes"},"schema":{"@context":"https:\/\/schema.org","@graph":[{"@type":"Article","@id":"https:\/\/www.public.sn\/index.php\/2022\/11\/07\/appel-sournois-de-ousmane-sonko-aux-chefs-religieux-du-senegal-par-ibrahima-sene\/#article","isPartOf":{"@id":"https:\/\/www.public.sn\/index.php\/2022\/11\/07\/appel-sournois-de-ousmane-sonko-aux-chefs-religieux-du-senegal-par-ibrahima-sene\/"},"author":{"name":"LA REDACTION","@id":"https:\/\/www.public.sn\/#\/schema\/person\/cb76c8e1b8becc6be61fb5e92d6d0224"},"headline":"\u00ab\u00a0Appel sournois de Ousmane Sonko aux Chefs religieux du S\u00e9n\u00e9gal\u00a0\u00bb (Par Ibrahima S\u00e8ne).","datePublished":"2022-11-07T15:09:48+00:00","dateModified":"2022-11-07T15:09:51+00:00","mainEntityOfPage":{"@id":"https:\/\/www.public.sn\/index.php\/2022\/11\/07\/appel-sournois-de-ousmane-sonko-aux-chefs-religieux-du-senegal-par-ibrahima-sene\/"},"wordCount":705,"commentCount":0,"publisher":{"@id":"https:\/\/www.public.sn\/#organization"},"image":{"@id":"https:\/\/www.public.sn\/index.php\/2022\/11\/07\/appel-sournois-de-ousmane-sonko-aux-chefs-religieux-du-senegal-par-ibrahima-sene\/#primaryimage"},"thumbnailUrl":"https:\/\/www.public.sn\/wp-content\/uploads\/2022\/11\/ibrahima-sene.webp","keywords":["contribution","ibrahima sene","Ousmane Sonko"],"articleSection":["ACTUALIT\u00c9S","CONTRIBUTIONS","S\u00c9N\u00c9GAL"],"inLanguage":"fr-FR","potentialAction":[{"@type":"CommentAction","name":"Comment","target":["https:\/\/www.public.sn\/index.php\/2022\/11\/07\/appel-sournois-de-ousmane-sonko-aux-chefs-religieux-du-senegal-par-ibrahima-sene\/#respond"]}]},{"@type":"WebPage","@id":"https:\/\/www.public.sn\/index.php\/2022\/11\/07\/appel-sournois-de-ousmane-sonko-aux-chefs-religieux-du-senegal-par-ibrahima-sene\/","url":"https:\/\/www.public.sn\/index.php\/2022\/11\/07\/appel-sournois-de-ousmane-sonko-aux-chefs-religieux-du-senegal-par-ibrahima-sene\/","name":"\u00ab\u00a0Appel sournois de Ousmane Sonko aux Chefs religieux du S\u00e9n\u00e9gal\u00a0\u00bb (Par Ibrahima S\u00e8ne). - LE PUBLIC","isPartOf":{"@id":"https:\/\/www.public.sn\/#website"},"primaryImageOfPage":{"@id":"https:\/\/www.public.sn\/index.php\/2022\/11\/07\/appel-sournois-de-ousmane-sonko-aux-chefs-religieux-du-senegal-par-ibrahima-sene\/#primaryimage"},"image":{"@id":"https:\/\/www.public.sn\/index.php\/2022\/11\/07\/appel-sournois-de-ousmane-sonko-aux-chefs-religieux-du-senegal-par-ibrahima-sene\/#primaryimage"},"thumbnailUrl":"https:\/\/www.public.sn\/wp-content\/uploads\/2022\/11\/ibrahima-sene.webp","datePublished":"2022-11-07T15:09:48+00:00","dateModified":"2022-11-07T15:09:51+00:00","breadcrumb":{"@id":"https:\/\/www.public.sn\/index.php\/2022\/11\/07\/appel-sournois-de-ousmane-sonko-aux-chefs-religieux-du-senegal-par-ibrahima-sene\/#breadcrumb"},"inLanguage":"fr-FR","potentialAction":[{"@type":"ReadAction","target":["https:\/\/www.public.sn\/index.php\/2022\/11\/07\/appel-sournois-de-ousmane-sonko-aux-chefs-religieux-du-senegal-par-ibrahima-sene\/"]}]},{"@type":"ImageObject","inLanguage":"fr-FR","@id":"https:\/\/www.public.sn\/index.php\/2022\/11\/07\/appel-sournois-de-ousmane-sonko-aux-chefs-religieux-du-senegal-par-ibrahima-sene\/#primaryimage","url":"https:\/\/www.public.sn\/wp-content\/uploads\/2022\/11\/ibrahima-sene.webp","contentUrl":"https:\/\/www.public.sn\/wp-content\/uploads\/2022\/11\/ibrahima-sene.webp","width":800,"height":532,"caption":"publicsn"},{"@type":"BreadcrumbList","@id":"https:\/\/www.public.sn\/index.php\/2022\/11\/07\/appel-sournois-de-ousmane-sonko-aux-chefs-religieux-du-senegal-par-ibrahima-sene\/#breadcrumb","itemListElement":[{"@type":"ListItem","position":1,"name":"Accueil","item":"https:\/\/www.public.sn\/"},{"@type":"ListItem","position":2,"name":"\u00ab\u00a0Appel sournois de Ousmane Sonko aux Chefs religieux du S\u00e9n\u00e9gal\u00a0\u00bb (Par Ibrahima S\u00e8ne)."}]},{"@type":"WebSite","@id":"https:\/\/www.public.sn\/#website","url":"https:\/\/www.public.sn\/","name":"LE PUBLIC","description":"","publisher":{"@id":"https:\/\/www.public.sn\/#organization"},"potentialAction":[{"@type":"SearchAction","target":{"@type":"EntryPoint","urlTemplate":"https:\/\/www.public.sn\/?s={search_term_string}"},"query-input":{"@type":"PropertyValueSpecification","valueRequired":true,"valueName":"search_term_string"}}],"inLanguage":"fr-FR"},{"@type":"Organization","@id":"https:\/\/www.public.sn\/#organization","name":"LE PUBLIC","url":"https:\/\/www.public.sn\/","logo":{"@type":"ImageObject","inLanguage":"fr-FR","@id":"https:\/\/www.public.sn\/#\/schema\/logo\/image\/","url":"https:\/\/www.public.sn\/wp-content\/uploads\/2024\/05\/cropped-LOGO-PUBLIC.SN_.png","contentUrl":"https:\/\/www.public.sn\/wp-content\/uploads\/2024\/05\/cropped-LOGO-PUBLIC.SN_.png","width":682,"height":192,"caption":"LE PUBLIC"},"image":{"@id":"https:\/\/www.public.sn\/#\/schema\/logo\/image\/"}},{"@type":"Person","@id":"https:\/\/www.public.sn\/#\/schema\/person\/cb76c8e1b8becc6be61fb5e92d6d0224","name":"LA REDACTION","image":{"@type":"ImageObject","inLanguage":"fr-FR","@id":"https:\/\/www.public.sn\/#\/schema\/person\/image\/","url":"https:\/\/secure.gravatar.com\/avatar\/2dce5ddd34b8fef0180efe03aa2a9bee7d953856048f9a16b298190a3178407c?s=96&d=mm&r=g","contentUrl":"https:\/\/secure.gravatar.com\/avatar\/2dce5ddd34b8fef0180efe03aa2a9bee7d953856048f9a16b298190a3178407c?s=96&d=mm&r=g","caption":"LA REDACTION"},"url":"https:\/\/www.public.sn\/index.php\/author\/editeurpsn\/"}]}},"jetpack_featured_media_url":"https:\/\/www.public.sn\/wp-content\/uploads\/2022\/11\/ibrahima-sene.webp","jetpack_sharing_enabled":true,"_links":{"self":[{"href":"https:\/\/www.public.sn\/index.php\/wp-json\/wp\/v2\/posts\/7290","targetHints":{"allow":["GET"]}}],"collection":[{"href":"https:\/\/www.public.sn\/index.php\/wp-json\/wp\/v2\/posts"}],"about":[{"href":"https:\/\/www.public.sn\/index.php\/wp-json\/wp\/v2\/types\/post"}],"author":[{"embeddable":true,"href":"https:\/\/www.public.sn\/index.php\/wp-json\/wp\/v2\/users\/7"}],"replies":[{"embeddable":true,"href":"https:\/\/www.public.sn\/index.php\/wp-json\/wp\/v2\/comments?post=7290"}],"version-history":[{"count":1,"href":"https:\/\/www.public.sn\/index.php\/wp-json\/wp\/v2\/posts\/7290\/revisions"}],"predecessor-version":[{"id":7295,"href":"https:\/\/www.public.sn\/index.php\/wp-json\/wp\/v2\/posts\/7290\/revisions\/7295"}],"wp:featuredmedia":[{"embeddable":true,"href":"https:\/\/www.public.sn\/index.php\/wp-json\/wp\/v2\/media\/7294"}],"wp:attachment":[{"href":"https:\/\/www.public.sn\/index.php\/wp-json\/wp\/v2\/media?parent=7290"}],"wp:term":[{"taxonomy":"category","embeddable":true,"href":"https:\/\/www.public.sn\/index.php\/wp-json\/wp\/v2\/categories?post=7290"},{"taxonomy":"post_tag","embeddable":true,"href":"https:\/\/www.public.sn\/index.php\/wp-json\/wp\/v2\/tags?post=7290"}],"curies":[{"name":"wp","href":"https:\/\/api.w.org\/{rel}","templated":true}]}}