{"id":7305,"date":"2022-11-07T16:21:30","date_gmt":"2022-11-07T16:21:30","guid":{"rendered":"https:\/\/www.public.sn\/?p=7305"},"modified":"2022-11-07T16:33:11","modified_gmt":"2022-11-07T16:33:11","slug":"suivez-en-direct-la-conference-de-presse-de-me-el-hadji-diouf","status":"publish","type":"post","link":"https:\/\/www.public.sn\/index.php\/2022\/11\/07\/suivez-en-direct-la-conference-de-presse-de-me-el-hadji-diouf\/","title":{"rendered":"Suivez en direct la conf\u00e9rence de presse de Me El Hadji Diouf"},"content":{"rendered":"<p><strong>Comme annonc\u00e9 ce matin par Public.sn, Me El Hadji Diouf tient pr\u00e9sentement une conf\u00e9rence de presse. Le Pr\u00e9sident du Parti du Travail et du Peuple, membre de la majorit\u00e9 pr\u00e9sidentielle, passe au peigne-fin l\u2019actu. Ainsi, il va certainement s&rsquo;exprimer sur l\u2019audition de Ousmane Sonko par le Doyen des juges, l\u2019arrestation du journaliste Pape Al\u00e9 Niang&#8230;<\/strong><\/p><div class=\"publi-paragraphe1\" style=\"margin-top: 10px;margin-bottom: 10px;margin-left: auto;margin-right: auto;text-align: center;\" id=\"publi-3332850885\"><div class=\"publi-adlabel\">Publicit\u00e9<\/div><script async src=\"\/\/pagead2.googlesyndication.com\/pagead\/js\/adsbygoogle.js?client=ca-pub-4089586018074219\" crossorigin=\"anonymous\"><\/script><ins class=\"adsbygoogle\" style=\"display:block;\" data-ad-client=\"ca-pub-4089586018074219\" \ndata-ad-slot=\"2087940154\" \ndata-ad-format=\"auto\"><\/ins>\n<script> \n(adsbygoogle = window.adsbygoogle || []).push({}); \n<\/script>\n<\/div>\n<p><iframe width=\"868\" height=\"488\" src=\"https:\/\/www.youtube.com\/embed\/lkV4UohXbKY\" title=\"EN DIRECT - Suivez la conf\u00e9rence de presse de Me El Hadji Diouf\" frameborder=\"0\" allow=\"accelerometer; autoplay; clipboard-write; encrypted-media; gyroscope; picture-in-picture\" allowfullscreen=\"\"><\/iframe><\/p>\n<div class=\"publi-apres-le-contenu\" style=\"margin-top: 10px;margin-bottom: 10px;margin-left: auto;margin-right: auto;text-align: center;\" id=\"publi-465591398\"><div class=\"publi-adlabel\">Publicit\u00e9<\/div><script async src=\"\/\/pagead2.googlesyndication.com\/pagead\/js\/adsbygoogle.js?client=ca-pub-4089586018074219\" crossorigin=\"anonymous\"><\/script><ins class=\"adsbygoogle\" style=\"display:block;\" data-ad-client=\"ca-pub-4089586018074219\" \ndata-ad-slot=\"2087940154\" \ndata-ad-format=\"auto\"><\/ins>\n<script> \n(adsbygoogle = window.adsbygoogle || []).push({}); \n<\/script>\n<\/div>","protected":false},"excerpt":{"rendered":"<p>Comme annonc\u00e9 ce matin par Public.sn, Me El Hadji Diouf tient pr\u00e9sentement une conf\u00e9rence de presse. Le Pr\u00e9sident du Parti du Travail et du Peuple, membre de la majorit\u00e9 pr\u00e9sidentielle, passe au peigne-fin l\u2019actu. Ainsi, il va certainement s&rsquo;exprimer sur l\u2019audition de Ousmane Sonko par le Doyen des juges, l\u2019arrestation du journaliste Pape Al\u00e9 Niang&#8230;<\/p>\n","protected":false},"author":7,"featured_media":7307,"comment_status":"open","ping_status":"open","sticky":false,"template":"","format":"standard","meta":{"_jetpack_memberships_contains_paid_content":false,"footnotes":""},"categories":[375,3,1,372,6],"tags":[2533,16],"class_list":["post-7305","post","type-post","status-publish","format-standard","has-post-thumbnail","hentry","category-actualites","category-politique","category-non-classe","category-vedette","category-videos","tag-me-el-hadji-diouf","tag-ousmane-sonko","entry","has-media","owp-thumbs-layout-horizontal","owp-btn-normal","owp-tabs-layout-horizontal","has-no-thumbnails","has-product-nav"],"yoast_head":"<!-- This site is optimized with the Yoast SEO plugin v25.5 - https:\/\/yoast.com\/wordpress\/plugins\/seo\/ -->\n<title>Suivez en direct la conf\u00e9rence de presse de Me El Hadji Diouf - LE PUBLIC<\/title>\n<meta name=\"robots\" content=\"index, follow, max-snippet:-1, max-image-preview:large, max-video-preview:-1\" \/>\n<link rel=\"canonical\" href=\"https:\/\/www.public.sn\/index.php\/2022\/11\/07\/suivez-en-direct-la-conference-de-presse-de-me-el-hadji-diouf\/\" \/>\n<meta property=\"og:locale\" content=\"fr_FR\" \/>\n<meta property=\"og:type\" content=\"article\" \/>\n<meta property=\"og:title\" content=\"Suivez en direct la conf\u00e9rence de presse de Me El Hadji Diouf - LE PUBLIC\" \/>\n<meta property=\"og:description\" content=\"Comme annonc\u00e9 ce matin par Public.sn, Me El Hadji Diouf tient pr\u00e9sentement une conf\u00e9rence de presse. Le Pr\u00e9sident du Parti du Travail et du Peuple, membre de la majorit\u00e9 pr\u00e9sidentielle, passe au peigne-fin l\u2019actu. Ainsi, il va certainement s&rsquo;exprimer sur l\u2019audition de Ousmane Sonko par le Doyen des juges, l\u2019arrestation du journaliste Pape Al\u00e9 Niang&#8230;\" \/>\n<meta property=\"og:url\" content=\"https:\/\/www.public.sn\/index.php\/2022\/11\/07\/suivez-en-direct-la-conference-de-presse-de-me-el-hadji-diouf\/\" \/>\n<meta property=\"og:site_name\" content=\"LE PUBLIC\" \/>\n<meta property=\"article:published_time\" content=\"2022-11-07T16:21:30+00:00\" \/>\n<meta property=\"article:modified_time\" content=\"2022-11-07T16:33:11+00:00\" \/>\n<meta property=\"og:image\" content=\"https:\/\/www.public.sn\/wp-content\/uploads\/2022\/11\/me-el-hadji-diouf.jpg\" \/>\n\t<meta property=\"og:image:width\" content=\"720\" \/>\n\t<meta property=\"og:image:height\" content=\"480\" \/>\n\t<meta property=\"og:image:type\" content=\"image\/jpeg\" \/>\n<meta name=\"author\" content=\"LA REDACTION\" \/>\n<meta name=\"twitter:card\" content=\"summary_large_image\" \/>\n<meta name=\"twitter:label1\" content=\"\u00c9crit par\" \/>\n\t<meta name=\"twitter:data1\" content=\"LA REDACTION\" \/>\n\t<meta name=\"twitter:label2\" content=\"Dur\u00e9e de lecture estim\u00e9e\" \/>\n\t<meta name=\"twitter:data2\" content=\"1 minute\" \/>\n<script type=\"application\/ld+json\" class=\"yoast-schema-graph\">{\"@context\":\"https:\/\/schema.org\",\"@graph\":[{\"@type\":\"Article\",\"@id\":\"https:\/\/www.public.sn\/index.php\/2022\/11\/07\/suivez-en-direct-la-conference-de-presse-de-me-el-hadji-diouf\/#article\",\"isPartOf\":{\"@id\":\"https:\/\/www.public.sn\/index.php\/2022\/11\/07\/suivez-en-direct-la-conference-de-presse-de-me-el-hadji-diouf\/\"},\"author\":{\"name\":\"LA REDACTION\",\"@id\":\"https:\/\/www.public.sn\/#\/schema\/person\/cb76c8e1b8becc6be61fb5e92d6d0224\"},\"headline\":\"Suivez en direct la conf\u00e9rence de presse de Me El Hadji Diouf\",\"datePublished\":\"2022-11-07T16:21:30+00:00\",\"dateModified\":\"2022-11-07T16:33:11+00:00\",\"mainEntityOfPage\":{\"@id\":\"https:\/\/www.public.sn\/index.php\/2022\/11\/07\/suivez-en-direct-la-conference-de-presse-de-me-el-hadji-diouf\/\"},\"wordCount\":76,\"commentCount\":0,\"publisher\":{\"@id\":\"https:\/\/www.public.sn\/#organization\"},\"image\":{\"@id\":\"https:\/\/www.public.sn\/index.php\/2022\/11\/07\/suivez-en-direct-la-conference-de-presse-de-me-el-hadji-diouf\/#primaryimage\"},\"thumbnailUrl\":\"https:\/\/www.public.sn\/wp-content\/uploads\/2022\/11\/me-el-hadji-diouf.jpg\",\"keywords\":[\"Me El Hadji Diouf\",\"Ousmane Sonko\"],\"articleSection\":[\"ACTUALIT\u00c9S\",\"POLITIQUE\",\"S\u00c9N\u00c9GAL\",\"VEDETTE\",\"VIDEOS\"],\"inLanguage\":\"fr-FR\",\"potentialAction\":[{\"@type\":\"CommentAction\",\"name\":\"Comment\",\"target\":[\"https:\/\/www.public.sn\/index.php\/2022\/11\/07\/suivez-en-direct-la-conference-de-presse-de-me-el-hadji-diouf\/#respond\"]}]},{\"@type\":\"WebPage\",\"@id\":\"https:\/\/www.public.sn\/index.php\/2022\/11\/07\/suivez-en-direct-la-conference-de-presse-de-me-el-hadji-diouf\/\",\"url\":\"https:\/\/www.public.sn\/index.php\/2022\/11\/07\/suivez-en-direct-la-conference-de-presse-de-me-el-hadji-diouf\/\",\"name\":\"Suivez en direct la conf\u00e9rence de presse de Me El Hadji Diouf - LE PUBLIC\",\"isPartOf\":{\"@id\":\"https:\/\/www.public.sn\/#website\"},\"primaryImageOfPage\":{\"@id\":\"https:\/\/www.public.sn\/index.php\/2022\/11\/07\/suivez-en-direct-la-conference-de-presse-de-me-el-hadji-diouf\/#primaryimage\"},\"image\":{\"@id\":\"https:\/\/www.public.sn\/index.php\/2022\/11\/07\/suivez-en-direct-la-conference-de-presse-de-me-el-hadji-diouf\/#primaryimage\"},\"thumbnailUrl\":\"https:\/\/www.public.sn\/wp-content\/uploads\/2022\/11\/me-el-hadji-diouf.jpg\",\"datePublished\":\"2022-11-07T16:21:30+00:00\",\"dateModified\":\"2022-11-07T16:33:11+00:00\",\"breadcrumb\":{\"@id\":\"https:\/\/www.public.sn\/index.php\/2022\/11\/07\/suivez-en-direct-la-conference-de-presse-de-me-el-hadji-diouf\/#breadcrumb\"},\"inLanguage\":\"fr-FR\",\"potentialAction\":[{\"@type\":\"ReadAction\",\"target\":[\"https:\/\/www.public.sn\/index.php\/2022\/11\/07\/suivez-en-direct-la-conference-de-presse-de-me-el-hadji-diouf\/\"]}]},{\"@type\":\"ImageObject\",\"inLanguage\":\"fr-FR\",\"@id\":\"https:\/\/www.public.sn\/index.php\/2022\/11\/07\/suivez-en-direct-la-conference-de-presse-de-me-el-hadji-diouf\/#primaryimage\",\"url\":\"https:\/\/www.public.sn\/wp-content\/uploads\/2022\/11\/me-el-hadji-diouf.jpg\",\"contentUrl\":\"https:\/\/www.public.sn\/wp-content\/uploads\/2022\/11\/me-el-hadji-diouf.jpg\",\"width\":720,\"height\":480},{\"@type\":\"BreadcrumbList\",\"@id\":\"https:\/\/www.public.sn\/index.php\/2022\/11\/07\/suivez-en-direct-la-conference-de-presse-de-me-el-hadji-diouf\/#breadcrumb\",\"itemListElement\":[{\"@type\":\"ListItem\",\"position\":1,\"name\":\"Accueil\",\"item\":\"https:\/\/www.public.sn\/\"},{\"@type\":\"ListItem\",\"position\":2,\"name\":\"Suivez en direct la conf\u00e9rence de presse de Me El Hadji Diouf\"}]},{\"@type\":\"WebSite\",\"@id\":\"https:\/\/www.public.sn\/#website\",\"url\":\"https:\/\/www.public.sn\/\",\"name\":\"LE PUBLIC\",\"description\":\"\",\"publisher\":{\"@id\":\"https:\/\/www.public.sn\/#organization\"},\"potentialAction\":[{\"@type\":\"SearchAction\",\"target\":{\"@type\":\"EntryPoint\",\"urlTemplate\":\"https:\/\/www.public.sn\/?s={search_term_string}\"},\"query-input\":{\"@type\":\"PropertyValueSpecification\",\"valueRequired\":true,\"valueName\":\"search_term_string\"}}],\"inLanguage\":\"fr-FR\"},{\"@type\":\"Organization\",\"@id\":\"https:\/\/www.public.sn\/#organization\",\"name\":\"LE PUBLIC\",\"url\":\"https:\/\/www.public.sn\/\",\"logo\":{\"@type\":\"ImageObject\",\"inLanguage\":\"fr-FR\",\"@id\":\"https:\/\/www.public.sn\/#\/schema\/logo\/image\/\",\"url\":\"https:\/\/www.public.sn\/wp-content\/uploads\/2024\/05\/cropped-LOGO-PUBLIC.SN_.png\",\"contentUrl\":\"https:\/\/www.public.sn\/wp-content\/uploads\/2024\/05\/cropped-LOGO-PUBLIC.SN_.png\",\"width\":682,\"height\":192,\"caption\":\"LE PUBLIC\"},\"image\":{\"@id\":\"https:\/\/www.public.sn\/#\/schema\/logo\/image\/\"}},{\"@type\":\"Person\",\"@id\":\"https:\/\/www.public.sn\/#\/schema\/person\/cb76c8e1b8becc6be61fb5e92d6d0224\",\"name\":\"LA REDACTION\",\"image\":{\"@type\":\"ImageObject\",\"inLanguage\":\"fr-FR\",\"@id\":\"https:\/\/www.public.sn\/#\/schema\/person\/image\/\",\"url\":\"https:\/\/secure.gravatar.com\/avatar\/2dce5ddd34b8fef0180efe03aa2a9bee7d953856048f9a16b298190a3178407c?s=96&d=mm&r=g\",\"contentUrl\":\"https:\/\/secure.gravatar.com\/avatar\/2dce5ddd34b8fef0180efe03aa2a9bee7d953856048f9a16b298190a3178407c?s=96&d=mm&r=g\",\"caption\":\"LA REDACTION\"},\"url\":\"https:\/\/www.public.sn\/index.php\/author\/editeurpsn\/\"}]}<\/script>\n<!-- \/ Yoast SEO plugin. -->","yoast_head_json":{"title":"Suivez en direct la conf\u00e9rence de presse de Me El Hadji Diouf - LE PUBLIC","robots":{"index":"index","follow":"follow","max-snippet":"max-snippet:-1","max-image-preview":"max-image-preview:large","max-video-preview":"max-video-preview:-1"},"canonical":"https:\/\/www.public.sn\/index.php\/2022\/11\/07\/suivez-en-direct-la-conference-de-presse-de-me-el-hadji-diouf\/","og_locale":"fr_FR","og_type":"article","og_title":"Suivez en direct la conf\u00e9rence de presse de Me El Hadji Diouf - LE PUBLIC","og_description":"Comme annonc\u00e9 ce matin par Public.sn, Me El Hadji Diouf tient pr\u00e9sentement une conf\u00e9rence de presse. Le Pr\u00e9sident du Parti du Travail et du Peuple, membre de la majorit\u00e9 pr\u00e9sidentielle, passe au peigne-fin l\u2019actu. Ainsi, il va certainement s&rsquo;exprimer sur l\u2019audition de Ousmane Sonko par le Doyen des juges, l\u2019arrestation du journaliste Pape Al\u00e9 Niang&#8230;","og_url":"https:\/\/www.public.sn\/index.php\/2022\/11\/07\/suivez-en-direct-la-conference-de-presse-de-me-el-hadji-diouf\/","og_site_name":"LE PUBLIC","article_published_time":"2022-11-07T16:21:30+00:00","article_modified_time":"2022-11-07T16:33:11+00:00","og_image":[{"width":720,"height":480,"url":"https:\/\/www.public.sn\/wp-content\/uploads\/2022\/11\/me-el-hadji-diouf.jpg","type":"image\/jpeg"}],"author":"LA REDACTION","twitter_card":"summary_large_image","twitter_misc":{"\u00c9crit par":"LA REDACTION","Dur\u00e9e de lecture estim\u00e9e":"1 minute"},"schema":{"@context":"https:\/\/schema.org","@graph":[{"@type":"Article","@id":"https:\/\/www.public.sn\/index.php\/2022\/11\/07\/suivez-en-direct-la-conference-de-presse-de-me-el-hadji-diouf\/#article","isPartOf":{"@id":"https:\/\/www.public.sn\/index.php\/2022\/11\/07\/suivez-en-direct-la-conference-de-presse-de-me-el-hadji-diouf\/"},"author":{"name":"LA REDACTION","@id":"https:\/\/www.public.sn\/#\/schema\/person\/cb76c8e1b8becc6be61fb5e92d6d0224"},"headline":"Suivez en direct la conf\u00e9rence de presse de Me El Hadji Diouf","datePublished":"2022-11-07T16:21:30+00:00","dateModified":"2022-11-07T16:33:11+00:00","mainEntityOfPage":{"@id":"https:\/\/www.public.sn\/index.php\/2022\/11\/07\/suivez-en-direct-la-conference-de-presse-de-me-el-hadji-diouf\/"},"wordCount":76,"commentCount":0,"publisher":{"@id":"https:\/\/www.public.sn\/#organization"},"image":{"@id":"https:\/\/www.public.sn\/index.php\/2022\/11\/07\/suivez-en-direct-la-conference-de-presse-de-me-el-hadji-diouf\/#primaryimage"},"thumbnailUrl":"https:\/\/www.public.sn\/wp-content\/uploads\/2022\/11\/me-el-hadji-diouf.jpg","keywords":["Me El Hadji Diouf","Ousmane Sonko"],"articleSection":["ACTUALIT\u00c9S","POLITIQUE","S\u00c9N\u00c9GAL","VEDETTE","VIDEOS"],"inLanguage":"fr-FR","potentialAction":[{"@type":"CommentAction","name":"Comment","target":["https:\/\/www.public.sn\/index.php\/2022\/11\/07\/suivez-en-direct-la-conference-de-presse-de-me-el-hadji-diouf\/#respond"]}]},{"@type":"WebPage","@id":"https:\/\/www.public.sn\/index.php\/2022\/11\/07\/suivez-en-direct-la-conference-de-presse-de-me-el-hadji-diouf\/","url":"https:\/\/www.public.sn\/index.php\/2022\/11\/07\/suivez-en-direct-la-conference-de-presse-de-me-el-hadji-diouf\/","name":"Suivez en direct la conf\u00e9rence de presse de Me El Hadji Diouf - LE PUBLIC","isPartOf":{"@id":"https:\/\/www.public.sn\/#website"},"primaryImageOfPage":{"@id":"https:\/\/www.public.sn\/index.php\/2022\/11\/07\/suivez-en-direct-la-conference-de-presse-de-me-el-hadji-diouf\/#primaryimage"},"image":{"@id":"https:\/\/www.public.sn\/index.php\/2022\/11\/07\/suivez-en-direct-la-conference-de-presse-de-me-el-hadji-diouf\/#primaryimage"},"thumbnailUrl":"https:\/\/www.public.sn\/wp-content\/uploads\/2022\/11\/me-el-hadji-diouf.jpg","datePublished":"2022-11-07T16:21:30+00:00","dateModified":"2022-11-07T16:33:11+00:00","breadcrumb":{"@id":"https:\/\/www.public.sn\/index.php\/2022\/11\/07\/suivez-en-direct-la-conference-de-presse-de-me-el-hadji-diouf\/#breadcrumb"},"inLanguage":"fr-FR","potentialAction":[{"@type":"ReadAction","target":["https:\/\/www.public.sn\/index.php\/2022\/11\/07\/suivez-en-direct-la-conference-de-presse-de-me-el-hadji-diouf\/"]}]},{"@type":"ImageObject","inLanguage":"fr-FR","@id":"https:\/\/www.public.sn\/index.php\/2022\/11\/07\/suivez-en-direct-la-conference-de-presse-de-me-el-hadji-diouf\/#primaryimage","url":"https:\/\/www.public.sn\/wp-content\/uploads\/2022\/11\/me-el-hadji-diouf.jpg","contentUrl":"https:\/\/www.public.sn\/wp-content\/uploads\/2022\/11\/me-el-hadji-diouf.jpg","width":720,"height":480},{"@type":"BreadcrumbList","@id":"https:\/\/www.public.sn\/index.php\/2022\/11\/07\/suivez-en-direct-la-conference-de-presse-de-me-el-hadji-diouf\/#breadcrumb","itemListElement":[{"@type":"ListItem","position":1,"name":"Accueil","item":"https:\/\/www.public.sn\/"},{"@type":"ListItem","position":2,"name":"Suivez en direct la conf\u00e9rence de presse de Me El Hadji Diouf"}]},{"@type":"WebSite","@id":"https:\/\/www.public.sn\/#website","url":"https:\/\/www.public.sn\/","name":"LE PUBLIC","description":"","publisher":{"@id":"https:\/\/www.public.sn\/#organization"},"potentialAction":[{"@type":"SearchAction","target":{"@type":"EntryPoint","urlTemplate":"https:\/\/www.public.sn\/?s={search_term_string}"},"query-input":{"@type":"PropertyValueSpecification","valueRequired":true,"valueName":"search_term_string"}}],"inLanguage":"fr-FR"},{"@type":"Organization","@id":"https:\/\/www.public.sn\/#organization","name":"LE PUBLIC","url":"https:\/\/www.public.sn\/","logo":{"@type":"ImageObject","inLanguage":"fr-FR","@id":"https:\/\/www.public.sn\/#\/schema\/logo\/image\/","url":"https:\/\/www.public.sn\/wp-content\/uploads\/2024\/05\/cropped-LOGO-PUBLIC.SN_.png","contentUrl":"https:\/\/www.public.sn\/wp-content\/uploads\/2024\/05\/cropped-LOGO-PUBLIC.SN_.png","width":682,"height":192,"caption":"LE PUBLIC"},"image":{"@id":"https:\/\/www.public.sn\/#\/schema\/logo\/image\/"}},{"@type":"Person","@id":"https:\/\/www.public.sn\/#\/schema\/person\/cb76c8e1b8becc6be61fb5e92d6d0224","name":"LA REDACTION","image":{"@type":"ImageObject","inLanguage":"fr-FR","@id":"https:\/\/www.public.sn\/#\/schema\/person\/image\/","url":"https:\/\/secure.gravatar.com\/avatar\/2dce5ddd34b8fef0180efe03aa2a9bee7d953856048f9a16b298190a3178407c?s=96&d=mm&r=g","contentUrl":"https:\/\/secure.gravatar.com\/avatar\/2dce5ddd34b8fef0180efe03aa2a9bee7d953856048f9a16b298190a3178407c?s=96&d=mm&r=g","caption":"LA REDACTION"},"url":"https:\/\/www.public.sn\/index.php\/author\/editeurpsn\/"}]}},"jetpack_featured_media_url":"https:\/\/www.public.sn\/wp-content\/uploads\/2022\/11\/me-el-hadji-diouf.jpg","jetpack_sharing_enabled":true,"_links":{"self":[{"href":"https:\/\/www.public.sn\/index.php\/wp-json\/wp\/v2\/posts\/7305","targetHints":{"allow":["GET"]}}],"collection":[{"href":"https:\/\/www.public.sn\/index.php\/wp-json\/wp\/v2\/posts"}],"about":[{"href":"https:\/\/www.public.sn\/index.php\/wp-json\/wp\/v2\/types\/post"}],"author":[{"embeddable":true,"href":"https:\/\/www.public.sn\/index.php\/wp-json\/wp\/v2\/users\/7"}],"replies":[{"embeddable":true,"href":"https:\/\/www.public.sn\/index.php\/wp-json\/wp\/v2\/comments?post=7305"}],"version-history":[{"count":2,"href":"https:\/\/www.public.sn\/index.php\/wp-json\/wp\/v2\/posts\/7305\/revisions"}],"predecessor-version":[{"id":7313,"href":"https:\/\/www.public.sn\/index.php\/wp-json\/wp\/v2\/posts\/7305\/revisions\/7313"}],"wp:featuredmedia":[{"embeddable":true,"href":"https:\/\/www.public.sn\/index.php\/wp-json\/wp\/v2\/media\/7307"}],"wp:attachment":[{"href":"https:\/\/www.public.sn\/index.php\/wp-json\/wp\/v2\/media?parent=7305"}],"wp:term":[{"taxonomy":"category","embeddable":true,"href":"https:\/\/www.public.sn\/index.php\/wp-json\/wp\/v2\/categories?post=7305"},{"taxonomy":"post_tag","embeddable":true,"href":"https:\/\/www.public.sn\/index.php\/wp-json\/wp\/v2\/tags?post=7305"}],"curies":[{"name":"wp","href":"https:\/\/api.w.org\/{rel}","templated":true}]}}