{"id":7315,"date":"2022-11-07T18:06:14","date_gmt":"2022-11-07T18:06:14","guid":{"rendered":"https:\/\/www.public.sn\/?p=7315"},"modified":"2022-11-07T18:06:15","modified_gmt":"2022-11-07T18:06:15","slug":"pa-assane-seck-loue-le-bilan-elogieux-de-macky-sall-la-raison-est-surprenante-public-tv","status":"publish","type":"post","link":"https:\/\/www.public.sn\/index.php\/2022\/11\/07\/pa-assane-seck-loue-le-bilan-elogieux-de-macky-sall-la-raison-est-surprenante-public-tv\/","title":{"rendered":"Pa Assane Seck loue le bilan \u00e9logieux de Macky Sall. La raison est surprenante (Public TV)"},"content":{"rendered":"\n<p><strong>Pa Assane Seck \u00e9tait l&rsquo;invit\u00e9 de la r\u00e9daction de Public.sn ce lundi 07 novembre 2022. Interpel\u00e9 sur plusieurs sujets d&rsquo;ordre politique, le journaliste donne son opinion sur l&rsquo;audition de Ousmane Sonko, l&rsquo;arrestation de Pape Al\u00e9 Niang ce dimanche non sans oublier la question de la troisi\u00e8me candidature du pr\u00e9sident Macky Sall soulev\u00e9e ces derniers jours par la mouvance pr\u00e9sidentielle.<\/strong><\/p><div class=\"publi-paragraphe1\" style=\"margin-top: 10px;margin-bottom: 10px;margin-left: auto;margin-right: auto;text-align: center;\" id=\"publi-1326591816\"><div class=\"publi-adlabel\">Publicit\u00e9<\/div><script async src=\"\/\/pagead2.googlesyndication.com\/pagead\/js\/adsbygoogle.js?client=ca-pub-4089586018074219\" crossorigin=\"anonymous\"><\/script><ins class=\"adsbygoogle\" style=\"display:block;\" data-ad-client=\"ca-pub-4089586018074219\" \ndata-ad-slot=\"2087940154\" \ndata-ad-format=\"auto\"><\/ins>\n<script> \n(adsbygoogle = window.adsbygoogle || []).push({}); \n<\/script>\n<\/div>\n\n\n\n<p>Pour Pa Assane Seck, le pr\u00e9sident Macky SALL devrait remercier le Seigneur pour tout ce qu&rsquo;il a fait pour lui durant son magist\u00e8re. Sur ce,  il cite son excellent bilan dans le domaine du Sport qui devrait lui suffire comme r\u00e9sultat et partir \u00e0 temps afin de ne pas salir son image dans le monde entier.<\/p>\n\n\n\n<p>Le journaliste a par ailleurs d\u00e9plor\u00e9 l&rsquo;arrestation de Pape Al\u00e9 Niang \u00e0 qui il apporte son soutien&#8230;<\/p>\n\n\n\n<figure class=\"wp-block-embed is-type-video is-provider-youtube wp-block-embed-youtube wp-embed-aspect-16-9 wp-has-aspect-ratio\"><div class=\"wp-block-embed__wrapper\">\n<p class=\"responsive-video-wrap clr\"><iframe title=\"Pape Assane Seck loue le bilan \u00e9logieux du Pr\u00e9sident Macky Sall, la raison va vous surprendre...\" width=\"1200\" height=\"675\" src=\"https:\/\/www.youtube.com\/embed\/mjzcfMqzCoc?feature=oembed\" frameborder=\"0\" allow=\"accelerometer; autoplay; clipboard-write; encrypted-media; gyroscope; picture-in-picture\" allowfullscreen><\/iframe><\/p>\n<\/div><\/figure>\n\n\n\n<p><\/p>\n<div class=\"publi-apres-le-contenu\" style=\"margin-top: 10px;margin-bottom: 10px;margin-left: auto;margin-right: auto;text-align: center;\" id=\"publi-103985988\"><div class=\"publi-adlabel\">Publicit\u00e9<\/div><script async src=\"\/\/pagead2.googlesyndication.com\/pagead\/js\/adsbygoogle.js?client=ca-pub-4089586018074219\" crossorigin=\"anonymous\"><\/script><ins class=\"adsbygoogle\" style=\"display:block;\" data-ad-client=\"ca-pub-4089586018074219\" \ndata-ad-slot=\"2087940154\" \ndata-ad-format=\"auto\"><\/ins>\n<script> \n(adsbygoogle = window.adsbygoogle || []).push({}); \n<\/script>\n<\/div>","protected":false},"excerpt":{"rendered":"<p>Pa Assane Seck \u00e9tait l&rsquo;invit\u00e9 de la r\u00e9daction de Public.sn ce lundi 07 novembre 2022. Interpel\u00e9 sur plusieurs sujets d&rsquo;ordre politique, le journaliste donne son opinion sur l&rsquo;audition de Ousmane Sonko, l&rsquo;arrestation de Pape Al\u00e9 Niang ce dimanche non sans oublier la question de la troisi\u00e8me candidature du pr\u00e9sident Macky Sall soulev\u00e9e ces derniers jours par la mouvance pr\u00e9sidentielle. Pour Pa Assane Seck, le pr\u00e9sident Macky SALL devrait remercier le Seigneur pour tout ce qu&rsquo;il a fait pour lui durant son magist\u00e8re. Sur ce, il cite son excellent bilan dans le domaine du Sport qui devrait lui suffire comme r\u00e9sultat et partir \u00e0 temps afin de ne pas salir son image dans le monde entier. Le journaliste a par ailleurs d\u00e9plor\u00e9 l&rsquo;arrestation de Pape Al\u00e9 Niang \u00e0 qui il apporte son soutien&#8230;<\/p>\n","protected":false},"author":1,"featured_media":7331,"comment_status":"open","ping_status":"open","sticky":false,"template":"","format":"standard","meta":{"_jetpack_memberships_contains_paid_content":false,"footnotes":""},"categories":[375,961,3,8,1,6],"tags":[11,16,2489],"class_list":["post-7315","post","type-post","status-publish","format-standard","has-post-thumbnail","hentry","category-actualites","category-medias","category-politique","category-public-tv","category-non-classe","category-videos","tag-macky-sall","tag-ousmane-sonko","tag-pape-ale-niang","entry","has-media","owp-thumbs-layout-horizontal","owp-btn-normal","owp-tabs-layout-horizontal","has-no-thumbnails","has-product-nav"],"yoast_head":"<!-- This site is optimized with the Yoast SEO plugin v25.5 - https:\/\/yoast.com\/wordpress\/plugins\/seo\/ -->\n<title>Pa Assane Seck loue le bilan \u00e9logieux de Macky Sall. La raison est surprenante (Public TV) - LE PUBLIC<\/title>\n<meta name=\"robots\" content=\"index, follow, max-snippet:-1, max-image-preview:large, max-video-preview:-1\" \/>\n<link rel=\"canonical\" href=\"https:\/\/www.public.sn\/index.php\/2022\/11\/07\/pa-assane-seck-loue-le-bilan-elogieux-de-macky-sall-la-raison-est-surprenante-public-tv\/\" \/>\n<meta property=\"og:locale\" content=\"fr_FR\" \/>\n<meta property=\"og:type\" content=\"article\" \/>\n<meta property=\"og:title\" content=\"Pa Assane Seck loue le bilan \u00e9logieux de Macky Sall. La raison est surprenante (Public TV) - LE PUBLIC\" \/>\n<meta property=\"og:description\" content=\"Pa Assane Seck \u00e9tait l&rsquo;invit\u00e9 de la r\u00e9daction de Public.sn ce lundi 07 novembre 2022. Interpel\u00e9 sur plusieurs sujets d&rsquo;ordre politique, le journaliste donne son opinion sur l&rsquo;audition de Ousmane Sonko, l&rsquo;arrestation de Pape Al\u00e9 Niang ce dimanche non sans oublier la question de la troisi\u00e8me candidature du pr\u00e9sident Macky Sall soulev\u00e9e ces derniers jours par la mouvance pr\u00e9sidentielle. Pour Pa Assane Seck, le pr\u00e9sident Macky SALL devrait remercier le Seigneur pour tout ce qu&rsquo;il a fait pour lui durant son magist\u00e8re. Sur ce, il cite son excellent bilan dans le domaine du Sport qui devrait lui suffire comme r\u00e9sultat et partir \u00e0 temps afin de ne pas salir son image dans le monde entier. Le journaliste a par ailleurs d\u00e9plor\u00e9 l&rsquo;arrestation de Pape Al\u00e9 Niang \u00e0 qui il apporte son soutien&#8230;\" \/>\n<meta property=\"og:url\" content=\"https:\/\/www.public.sn\/index.php\/2022\/11\/07\/pa-assane-seck-loue-le-bilan-elogieux-de-macky-sall-la-raison-est-surprenante-public-tv\/\" \/>\n<meta property=\"og:site_name\" content=\"LE PUBLIC\" \/>\n<meta property=\"article:published_time\" content=\"2022-11-07T18:06:14+00:00\" \/>\n<meta property=\"article:modified_time\" content=\"2022-11-07T18:06:15+00:00\" \/>\n<meta property=\"og:image\" content=\"https:\/\/www.public.sn\/wp-content\/uploads\/2022\/11\/Pa-Assane-miniature-extrait-01.jpg\" \/>\n\t<meta property=\"og:image:width\" content=\"1920\" \/>\n\t<meta property=\"og:image:height\" content=\"1080\" \/>\n\t<meta property=\"og:image:type\" content=\"image\/jpeg\" \/>\n<meta name=\"author\" content=\"LA REDACTION\" \/>\n<meta name=\"twitter:card\" content=\"summary_large_image\" \/>\n<meta name=\"twitter:label1\" content=\"\u00c9crit par\" \/>\n\t<meta name=\"twitter:data1\" content=\"LA REDACTION\" \/>\n\t<meta name=\"twitter:label2\" content=\"Dur\u00e9e de lecture estim\u00e9e\" \/>\n\t<meta name=\"twitter:data2\" content=\"1 minute\" \/>\n<script type=\"application\/ld+json\" class=\"yoast-schema-graph\">{\"@context\":\"https:\/\/schema.org\",\"@graph\":[{\"@type\":\"Article\",\"@id\":\"https:\/\/www.public.sn\/index.php\/2022\/11\/07\/pa-assane-seck-loue-le-bilan-elogieux-de-macky-sall-la-raison-est-surprenante-public-tv\/#article\",\"isPartOf\":{\"@id\":\"https:\/\/www.public.sn\/index.php\/2022\/11\/07\/pa-assane-seck-loue-le-bilan-elogieux-de-macky-sall-la-raison-est-surprenante-public-tv\/\"},\"author\":{\"name\":\"LA REDACTION\",\"@id\":\"https:\/\/www.public.sn\/#\/schema\/person\/e3f4a11b037d4203902db148f9bc8d5a\"},\"headline\":\"Pa Assane Seck loue le bilan \u00e9logieux de Macky Sall. La raison est surprenante (Public TV)\",\"datePublished\":\"2022-11-07T18:06:14+00:00\",\"dateModified\":\"2022-11-07T18:06:15+00:00\",\"mainEntityOfPage\":{\"@id\":\"https:\/\/www.public.sn\/index.php\/2022\/11\/07\/pa-assane-seck-loue-le-bilan-elogieux-de-macky-sall-la-raison-est-surprenante-public-tv\/\"},\"wordCount\":158,\"commentCount\":0,\"publisher\":{\"@id\":\"https:\/\/www.public.sn\/#organization\"},\"image\":{\"@id\":\"https:\/\/www.public.sn\/index.php\/2022\/11\/07\/pa-assane-seck-loue-le-bilan-elogieux-de-macky-sall-la-raison-est-surprenante-public-tv\/#primaryimage\"},\"thumbnailUrl\":\"https:\/\/www.public.sn\/wp-content\/uploads\/2022\/11\/Pa-Assane-miniature-extrait-01.jpg\",\"keywords\":[\"Macky Sall\",\"Ousmane Sonko\",\"Pape Al\u00e9 Niang\"],\"articleSection\":[\"ACTUALIT\u00c9S\",\"M\u00c9DIAS\",\"POLITIQUE\",\"PUBLIC TV\",\"S\u00c9N\u00c9GAL\",\"VIDEOS\"],\"inLanguage\":\"fr-FR\",\"potentialAction\":[{\"@type\":\"CommentAction\",\"name\":\"Comment\",\"target\":[\"https:\/\/www.public.sn\/index.php\/2022\/11\/07\/pa-assane-seck-loue-le-bilan-elogieux-de-macky-sall-la-raison-est-surprenante-public-tv\/#respond\"]}]},{\"@type\":\"WebPage\",\"@id\":\"https:\/\/www.public.sn\/index.php\/2022\/11\/07\/pa-assane-seck-loue-le-bilan-elogieux-de-macky-sall-la-raison-est-surprenante-public-tv\/\",\"url\":\"https:\/\/www.public.sn\/index.php\/2022\/11\/07\/pa-assane-seck-loue-le-bilan-elogieux-de-macky-sall-la-raison-est-surprenante-public-tv\/\",\"name\":\"Pa Assane Seck loue le bilan \u00e9logieux de Macky Sall. La raison est surprenante (Public TV) - LE PUBLIC\",\"isPartOf\":{\"@id\":\"https:\/\/www.public.sn\/#website\"},\"primaryImageOfPage\":{\"@id\":\"https:\/\/www.public.sn\/index.php\/2022\/11\/07\/pa-assane-seck-loue-le-bilan-elogieux-de-macky-sall-la-raison-est-surprenante-public-tv\/#primaryimage\"},\"image\":{\"@id\":\"https:\/\/www.public.sn\/index.php\/2022\/11\/07\/pa-assane-seck-loue-le-bilan-elogieux-de-macky-sall-la-raison-est-surprenante-public-tv\/#primaryimage\"},\"thumbnailUrl\":\"https:\/\/www.public.sn\/wp-content\/uploads\/2022\/11\/Pa-Assane-miniature-extrait-01.jpg\",\"datePublished\":\"2022-11-07T18:06:14+00:00\",\"dateModified\":\"2022-11-07T18:06:15+00:00\",\"breadcrumb\":{\"@id\":\"https:\/\/www.public.sn\/index.php\/2022\/11\/07\/pa-assane-seck-loue-le-bilan-elogieux-de-macky-sall-la-raison-est-surprenante-public-tv\/#breadcrumb\"},\"inLanguage\":\"fr-FR\",\"potentialAction\":[{\"@type\":\"ReadAction\",\"target\":[\"https:\/\/www.public.sn\/index.php\/2022\/11\/07\/pa-assane-seck-loue-le-bilan-elogieux-de-macky-sall-la-raison-est-surprenante-public-tv\/\"]}]},{\"@type\":\"ImageObject\",\"inLanguage\":\"fr-FR\",\"@id\":\"https:\/\/www.public.sn\/index.php\/2022\/11\/07\/pa-assane-seck-loue-le-bilan-elogieux-de-macky-sall-la-raison-est-surprenante-public-tv\/#primaryimage\",\"url\":\"https:\/\/www.public.sn\/wp-content\/uploads\/2022\/11\/Pa-Assane-miniature-extrait-01.jpg\",\"contentUrl\":\"https:\/\/www.public.sn\/wp-content\/uploads\/2022\/11\/Pa-Assane-miniature-extrait-01.jpg\",\"width\":1920,\"height\":1080},{\"@type\":\"BreadcrumbList\",\"@id\":\"https:\/\/www.public.sn\/index.php\/2022\/11\/07\/pa-assane-seck-loue-le-bilan-elogieux-de-macky-sall-la-raison-est-surprenante-public-tv\/#breadcrumb\",\"itemListElement\":[{\"@type\":\"ListItem\",\"position\":1,\"name\":\"Accueil\",\"item\":\"https:\/\/www.public.sn\/\"},{\"@type\":\"ListItem\",\"position\":2,\"name\":\"Pa Assane Seck loue le bilan \u00e9logieux de Macky Sall. La raison est surprenante (Public TV)\"}]},{\"@type\":\"WebSite\",\"@id\":\"https:\/\/www.public.sn\/#website\",\"url\":\"https:\/\/www.public.sn\/\",\"name\":\"LE PUBLIC\",\"description\":\"\",\"publisher\":{\"@id\":\"https:\/\/www.public.sn\/#organization\"},\"potentialAction\":[{\"@type\":\"SearchAction\",\"target\":{\"@type\":\"EntryPoint\",\"urlTemplate\":\"https:\/\/www.public.sn\/?s={search_term_string}\"},\"query-input\":{\"@type\":\"PropertyValueSpecification\",\"valueRequired\":true,\"valueName\":\"search_term_string\"}}],\"inLanguage\":\"fr-FR\"},{\"@type\":\"Organization\",\"@id\":\"https:\/\/www.public.sn\/#organization\",\"name\":\"LE PUBLIC\",\"url\":\"https:\/\/www.public.sn\/\",\"logo\":{\"@type\":\"ImageObject\",\"inLanguage\":\"fr-FR\",\"@id\":\"https:\/\/www.public.sn\/#\/schema\/logo\/image\/\",\"url\":\"https:\/\/www.public.sn\/wp-content\/uploads\/2024\/05\/cropped-LOGO-PUBLIC.SN_.png\",\"contentUrl\":\"https:\/\/www.public.sn\/wp-content\/uploads\/2024\/05\/cropped-LOGO-PUBLIC.SN_.png\",\"width\":682,\"height\":192,\"caption\":\"LE PUBLIC\"},\"image\":{\"@id\":\"https:\/\/www.public.sn\/#\/schema\/logo\/image\/\"}},{\"@type\":\"Person\",\"@id\":\"https:\/\/www.public.sn\/#\/schema\/person\/e3f4a11b037d4203902db148f9bc8d5a\",\"name\":\"LA REDACTION\",\"image\":{\"@type\":\"ImageObject\",\"inLanguage\":\"fr-FR\",\"@id\":\"https:\/\/www.public.sn\/#\/schema\/person\/image\/\",\"url\":\"https:\/\/secure.gravatar.com\/avatar\/d6c030db45db2883c075085c5d6c6258654a801a93766b49af0b82d4f454e2a5?s=96&d=mm&r=g\",\"contentUrl\":\"https:\/\/secure.gravatar.com\/avatar\/d6c030db45db2883c075085c5d6c6258654a801a93766b49af0b82d4f454e2a5?s=96&d=mm&r=g\",\"caption\":\"LA REDACTION\"},\"sameAs\":[\"http:\/\/www.public.sn\"],\"url\":\"https:\/\/www.public.sn\/index.php\/author\/admin7324\/\"}]}<\/script>\n<!-- \/ Yoast SEO plugin. -->","yoast_head_json":{"title":"Pa Assane Seck loue le bilan \u00e9logieux de Macky Sall. La raison est surprenante (Public TV) - LE PUBLIC","robots":{"index":"index","follow":"follow","max-snippet":"max-snippet:-1","max-image-preview":"max-image-preview:large","max-video-preview":"max-video-preview:-1"},"canonical":"https:\/\/www.public.sn\/index.php\/2022\/11\/07\/pa-assane-seck-loue-le-bilan-elogieux-de-macky-sall-la-raison-est-surprenante-public-tv\/","og_locale":"fr_FR","og_type":"article","og_title":"Pa Assane Seck loue le bilan \u00e9logieux de Macky Sall. La raison est surprenante (Public TV) - LE PUBLIC","og_description":"Pa Assane Seck \u00e9tait l&rsquo;invit\u00e9 de la r\u00e9daction de Public.sn ce lundi 07 novembre 2022. Interpel\u00e9 sur plusieurs sujets d&rsquo;ordre politique, le journaliste donne son opinion sur l&rsquo;audition de Ousmane Sonko, l&rsquo;arrestation de Pape Al\u00e9 Niang ce dimanche non sans oublier la question de la troisi\u00e8me candidature du pr\u00e9sident Macky Sall soulev\u00e9e ces derniers jours par la mouvance pr\u00e9sidentielle. Pour Pa Assane Seck, le pr\u00e9sident Macky SALL devrait remercier le Seigneur pour tout ce qu&rsquo;il a fait pour lui durant son magist\u00e8re. Sur ce, il cite son excellent bilan dans le domaine du Sport qui devrait lui suffire comme r\u00e9sultat et partir \u00e0 temps afin de ne pas salir son image dans le monde entier. Le journaliste a par ailleurs d\u00e9plor\u00e9 l&rsquo;arrestation de Pape Al\u00e9 Niang \u00e0 qui il apporte son soutien&#8230;","og_url":"https:\/\/www.public.sn\/index.php\/2022\/11\/07\/pa-assane-seck-loue-le-bilan-elogieux-de-macky-sall-la-raison-est-surprenante-public-tv\/","og_site_name":"LE PUBLIC","article_published_time":"2022-11-07T18:06:14+00:00","article_modified_time":"2022-11-07T18:06:15+00:00","og_image":[{"width":1920,"height":1080,"url":"https:\/\/www.public.sn\/wp-content\/uploads\/2022\/11\/Pa-Assane-miniature-extrait-01.jpg","type":"image\/jpeg"}],"author":"LA REDACTION","twitter_card":"summary_large_image","twitter_misc":{"\u00c9crit par":"LA REDACTION","Dur\u00e9e de lecture estim\u00e9e":"1 minute"},"schema":{"@context":"https:\/\/schema.org","@graph":[{"@type":"Article","@id":"https:\/\/www.public.sn\/index.php\/2022\/11\/07\/pa-assane-seck-loue-le-bilan-elogieux-de-macky-sall-la-raison-est-surprenante-public-tv\/#article","isPartOf":{"@id":"https:\/\/www.public.sn\/index.php\/2022\/11\/07\/pa-assane-seck-loue-le-bilan-elogieux-de-macky-sall-la-raison-est-surprenante-public-tv\/"},"author":{"name":"LA REDACTION","@id":"https:\/\/www.public.sn\/#\/schema\/person\/e3f4a11b037d4203902db148f9bc8d5a"},"headline":"Pa Assane Seck loue le bilan \u00e9logieux de Macky Sall. La raison est surprenante (Public TV)","datePublished":"2022-11-07T18:06:14+00:00","dateModified":"2022-11-07T18:06:15+00:00","mainEntityOfPage":{"@id":"https:\/\/www.public.sn\/index.php\/2022\/11\/07\/pa-assane-seck-loue-le-bilan-elogieux-de-macky-sall-la-raison-est-surprenante-public-tv\/"},"wordCount":158,"commentCount":0,"publisher":{"@id":"https:\/\/www.public.sn\/#organization"},"image":{"@id":"https:\/\/www.public.sn\/index.php\/2022\/11\/07\/pa-assane-seck-loue-le-bilan-elogieux-de-macky-sall-la-raison-est-surprenante-public-tv\/#primaryimage"},"thumbnailUrl":"https:\/\/www.public.sn\/wp-content\/uploads\/2022\/11\/Pa-Assane-miniature-extrait-01.jpg","keywords":["Macky Sall","Ousmane Sonko","Pape Al\u00e9 Niang"],"articleSection":["ACTUALIT\u00c9S","M\u00c9DIAS","POLITIQUE","PUBLIC TV","S\u00c9N\u00c9GAL","VIDEOS"],"inLanguage":"fr-FR","potentialAction":[{"@type":"CommentAction","name":"Comment","target":["https:\/\/www.public.sn\/index.php\/2022\/11\/07\/pa-assane-seck-loue-le-bilan-elogieux-de-macky-sall-la-raison-est-surprenante-public-tv\/#respond"]}]},{"@type":"WebPage","@id":"https:\/\/www.public.sn\/index.php\/2022\/11\/07\/pa-assane-seck-loue-le-bilan-elogieux-de-macky-sall-la-raison-est-surprenante-public-tv\/","url":"https:\/\/www.public.sn\/index.php\/2022\/11\/07\/pa-assane-seck-loue-le-bilan-elogieux-de-macky-sall-la-raison-est-surprenante-public-tv\/","name":"Pa Assane Seck loue le bilan \u00e9logieux de Macky Sall. La raison est surprenante (Public TV) - LE PUBLIC","isPartOf":{"@id":"https:\/\/www.public.sn\/#website"},"primaryImageOfPage":{"@id":"https:\/\/www.public.sn\/index.php\/2022\/11\/07\/pa-assane-seck-loue-le-bilan-elogieux-de-macky-sall-la-raison-est-surprenante-public-tv\/#primaryimage"},"image":{"@id":"https:\/\/www.public.sn\/index.php\/2022\/11\/07\/pa-assane-seck-loue-le-bilan-elogieux-de-macky-sall-la-raison-est-surprenante-public-tv\/#primaryimage"},"thumbnailUrl":"https:\/\/www.public.sn\/wp-content\/uploads\/2022\/11\/Pa-Assane-miniature-extrait-01.jpg","datePublished":"2022-11-07T18:06:14+00:00","dateModified":"2022-11-07T18:06:15+00:00","breadcrumb":{"@id":"https:\/\/www.public.sn\/index.php\/2022\/11\/07\/pa-assane-seck-loue-le-bilan-elogieux-de-macky-sall-la-raison-est-surprenante-public-tv\/#breadcrumb"},"inLanguage":"fr-FR","potentialAction":[{"@type":"ReadAction","target":["https:\/\/www.public.sn\/index.php\/2022\/11\/07\/pa-assane-seck-loue-le-bilan-elogieux-de-macky-sall-la-raison-est-surprenante-public-tv\/"]}]},{"@type":"ImageObject","inLanguage":"fr-FR","@id":"https:\/\/www.public.sn\/index.php\/2022\/11\/07\/pa-assane-seck-loue-le-bilan-elogieux-de-macky-sall-la-raison-est-surprenante-public-tv\/#primaryimage","url":"https:\/\/www.public.sn\/wp-content\/uploads\/2022\/11\/Pa-Assane-miniature-extrait-01.jpg","contentUrl":"https:\/\/www.public.sn\/wp-content\/uploads\/2022\/11\/Pa-Assane-miniature-extrait-01.jpg","width":1920,"height":1080},{"@type":"BreadcrumbList","@id":"https:\/\/www.public.sn\/index.php\/2022\/11\/07\/pa-assane-seck-loue-le-bilan-elogieux-de-macky-sall-la-raison-est-surprenante-public-tv\/#breadcrumb","itemListElement":[{"@type":"ListItem","position":1,"name":"Accueil","item":"https:\/\/www.public.sn\/"},{"@type":"ListItem","position":2,"name":"Pa Assane Seck loue le bilan \u00e9logieux de Macky Sall. La raison est surprenante (Public TV)"}]},{"@type":"WebSite","@id":"https:\/\/www.public.sn\/#website","url":"https:\/\/www.public.sn\/","name":"LE PUBLIC","description":"","publisher":{"@id":"https:\/\/www.public.sn\/#organization"},"potentialAction":[{"@type":"SearchAction","target":{"@type":"EntryPoint","urlTemplate":"https:\/\/www.public.sn\/?s={search_term_string}"},"query-input":{"@type":"PropertyValueSpecification","valueRequired":true,"valueName":"search_term_string"}}],"inLanguage":"fr-FR"},{"@type":"Organization","@id":"https:\/\/www.public.sn\/#organization","name":"LE PUBLIC","url":"https:\/\/www.public.sn\/","logo":{"@type":"ImageObject","inLanguage":"fr-FR","@id":"https:\/\/www.public.sn\/#\/schema\/logo\/image\/","url":"https:\/\/www.public.sn\/wp-content\/uploads\/2024\/05\/cropped-LOGO-PUBLIC.SN_.png","contentUrl":"https:\/\/www.public.sn\/wp-content\/uploads\/2024\/05\/cropped-LOGO-PUBLIC.SN_.png","width":682,"height":192,"caption":"LE PUBLIC"},"image":{"@id":"https:\/\/www.public.sn\/#\/schema\/logo\/image\/"}},{"@type":"Person","@id":"https:\/\/www.public.sn\/#\/schema\/person\/e3f4a11b037d4203902db148f9bc8d5a","name":"LA REDACTION","image":{"@type":"ImageObject","inLanguage":"fr-FR","@id":"https:\/\/www.public.sn\/#\/schema\/person\/image\/","url":"https:\/\/secure.gravatar.com\/avatar\/d6c030db45db2883c075085c5d6c6258654a801a93766b49af0b82d4f454e2a5?s=96&d=mm&r=g","contentUrl":"https:\/\/secure.gravatar.com\/avatar\/d6c030db45db2883c075085c5d6c6258654a801a93766b49af0b82d4f454e2a5?s=96&d=mm&r=g","caption":"LA REDACTION"},"sameAs":["http:\/\/www.public.sn"],"url":"https:\/\/www.public.sn\/index.php\/author\/admin7324\/"}]}},"jetpack_featured_media_url":"https:\/\/www.public.sn\/wp-content\/uploads\/2022\/11\/Pa-Assane-miniature-extrait-01.jpg","jetpack_sharing_enabled":true,"_links":{"self":[{"href":"https:\/\/www.public.sn\/index.php\/wp-json\/wp\/v2\/posts\/7315","targetHints":{"allow":["GET"]}}],"collection":[{"href":"https:\/\/www.public.sn\/index.php\/wp-json\/wp\/v2\/posts"}],"about":[{"href":"https:\/\/www.public.sn\/index.php\/wp-json\/wp\/v2\/types\/post"}],"author":[{"embeddable":true,"href":"https:\/\/www.public.sn\/index.php\/wp-json\/wp\/v2\/users\/1"}],"replies":[{"embeddable":true,"href":"https:\/\/www.public.sn\/index.php\/wp-json\/wp\/v2\/comments?post=7315"}],"version-history":[{"count":6,"href":"https:\/\/www.public.sn\/index.php\/wp-json\/wp\/v2\/posts\/7315\/revisions"}],"predecessor-version":[{"id":7335,"href":"https:\/\/www.public.sn\/index.php\/wp-json\/wp\/v2\/posts\/7315\/revisions\/7335"}],"wp:featuredmedia":[{"embeddable":true,"href":"https:\/\/www.public.sn\/index.php\/wp-json\/wp\/v2\/media\/7331"}],"wp:attachment":[{"href":"https:\/\/www.public.sn\/index.php\/wp-json\/wp\/v2\/media?parent=7315"}],"wp:term":[{"taxonomy":"category","embeddable":true,"href":"https:\/\/www.public.sn\/index.php\/wp-json\/wp\/v2\/categories?post=7315"},{"taxonomy":"post_tag","embeddable":true,"href":"https:\/\/www.public.sn\/index.php\/wp-json\/wp\/v2\/tags?post=7315"}],"curies":[{"name":"wp","href":"https:\/\/api.w.org\/{rel}","templated":true}]}}