{"id":7316,"date":"2022-11-07T17:31:16","date_gmt":"2022-11-07T17:31:16","guid":{"rendered":"https:\/\/www.public.sn\/?p=7316"},"modified":"2022-11-07T17:31:32","modified_gmt":"2022-11-07T17:31:32","slug":"garde-rapprochee-de-sonko-retour-de-parquet","status":"publish","type":"post","link":"https:\/\/www.public.sn\/index.php\/2022\/11\/07\/garde-rapprochee-de-sonko-retour-de-parquet\/","title":{"rendered":"Garde rapproch\u00e9e de Sonko\u00a0: Retour de parquet."},"content":{"rendered":"\n<p><\/p>\n\n\n\n<p>La garde rapproch\u00e9e du leader du Pastef a b\u00e9n\u00e9fici\u00e9 d\u2019un retour de parquet. Elle devait \u00eatre entendue ce Lundi par le procureur de Thi\u00e8s sur les incidents de Tchiky. <\/p><div class=\"publi-paragraphe1\" style=\"margin-top: 10px;margin-bottom: 10px;margin-left: auto;margin-right: auto;text-align: center;\" id=\"publi-941713988\"><div class=\"publi-adlabel\">Publicit\u00e9<\/div><script async src=\"\/\/pagead2.googlesyndication.com\/pagead\/js\/adsbygoogle.js?client=ca-pub-4089586018074219\" crossorigin=\"anonymous\"><\/script><ins class=\"adsbygoogle\" style=\"display:block;\" data-ad-client=\"ca-pub-4089586018074219\" \ndata-ad-slot=\"2087940154\" \ndata-ad-format=\"auto\"><\/ins>\n<script> \n(adsbygoogle = window.adsbygoogle || []).push({}); \n<\/script>\n<\/div>\n\n\n\n<p><\/p>\n\n\n\n<p>Petit, Momo, Diaw, Limousine et Boye ont \u00e9t\u00e9 arr\u00eat\u00e9s suite \u00e0 une plainte de Oumar Ndione qui a b\u00e9n\u00e9fici\u00e9 d\u2019un certificat m\u00e9dical de 45 jours. Il dit avoir et tabass\u00e9 par les hommes de Ousmane Sonko. Des accusations balay\u00e9es par le pr\u00e9sident de Patef qui affirme que tout ceci n\u2019est qu\u2019un complot orchestr\u00e9 par les autorit\u00e9s.<\/p>\n\n\n\n<p>Nous s\u2019y reviendrons.<\/p>\n\n\n\n<p>Samba SY.<\/p>\n<div class=\"publi-apres-le-contenu\" style=\"margin-top: 10px;margin-bottom: 10px;margin-left: auto;margin-right: auto;text-align: center;\" id=\"publi-1481058875\"><div class=\"publi-adlabel\">Publicit\u00e9<\/div><script async src=\"\/\/pagead2.googlesyndication.com\/pagead\/js\/adsbygoogle.js?client=ca-pub-4089586018074219\" crossorigin=\"anonymous\"><\/script><ins class=\"adsbygoogle\" style=\"display:block;\" data-ad-client=\"ca-pub-4089586018074219\" \ndata-ad-slot=\"2087940154\" \ndata-ad-format=\"auto\"><\/ins>\n<script> \n(adsbygoogle = window.adsbygoogle || []).push({}); \n<\/script>\n<\/div>","protected":false},"excerpt":{"rendered":"<p>La garde rapproch\u00e9e du leader du Pastef a b\u00e9n\u00e9fici\u00e9 d\u2019un retour de parquet. Elle devait \u00eatre entendue ce Lundi par le procureur de Thi\u00e8s sur les incidents de Tchiky. Petit, Momo, Diaw, Limousine et Boye ont \u00e9t\u00e9 arr\u00eat\u00e9s suite \u00e0 une plainte de Oumar Ndione qui a b\u00e9n\u00e9fici\u00e9 d\u2019un certificat m\u00e9dical de 45 jours. Il dit avoir et tabass\u00e9 par les hommes de Ousmane Sonko. Des accusations balay\u00e9es par le pr\u00e9sident de Patef qui affirme que tout ceci n\u2019est qu\u2019un complot orchestr\u00e9 par les autorit\u00e9s. Nous s\u2019y reviendrons. Samba SY.<\/p>\n","protected":false},"author":7,"featured_media":7219,"comment_status":"open","ping_status":"open","sticky":false,"template":"","format":"standard","meta":{"_jetpack_memberships_contains_paid_content":false,"footnotes":""},"categories":[375,1,4],"tags":[306],"class_list":["post-7316","post","type-post","status-publish","format-standard","has-post-thumbnail","hentry","category-actualites","category-non-classe","category-societe","tag-sonko","entry","has-media","owp-thumbs-layout-horizontal","owp-btn-normal","owp-tabs-layout-horizontal","has-no-thumbnails","has-product-nav"],"yoast_head":"<!-- This site is optimized with the Yoast SEO plugin v25.5 - https:\/\/yoast.com\/wordpress\/plugins\/seo\/ -->\n<title>Garde rapproch\u00e9e de Sonko\u00a0: Retour de parquet. - LE PUBLIC<\/title>\n<meta name=\"robots\" content=\"index, follow, max-snippet:-1, max-image-preview:large, max-video-preview:-1\" \/>\n<link rel=\"canonical\" href=\"https:\/\/www.public.sn\/index.php\/2022\/11\/07\/garde-rapprochee-de-sonko-retour-de-parquet\/\" \/>\n<meta property=\"og:locale\" content=\"fr_FR\" \/>\n<meta property=\"og:type\" content=\"article\" \/>\n<meta property=\"og:title\" content=\"Garde rapproch\u00e9e de Sonko\u00a0: Retour de parquet. - LE PUBLIC\" \/>\n<meta property=\"og:description\" content=\"La garde rapproch\u00e9e du leader du Pastef a b\u00e9n\u00e9fici\u00e9 d\u2019un retour de parquet. Elle devait \u00eatre entendue ce Lundi par le procureur de Thi\u00e8s sur les incidents de Tchiky. Petit, Momo, Diaw, Limousine et Boye ont \u00e9t\u00e9 arr\u00eat\u00e9s suite \u00e0 une plainte de Oumar Ndione qui a b\u00e9n\u00e9fici\u00e9 d\u2019un certificat m\u00e9dical de 45 jours. Il dit avoir et tabass\u00e9 par les hommes de Ousmane Sonko. Des accusations balay\u00e9es par le pr\u00e9sident de Patef qui affirme que tout ceci n\u2019est qu\u2019un complot orchestr\u00e9 par les autorit\u00e9s. Nous s\u2019y reviendrons. Samba SY.\" \/>\n<meta property=\"og:url\" content=\"https:\/\/www.public.sn\/index.php\/2022\/11\/07\/garde-rapprochee-de-sonko-retour-de-parquet\/\" \/>\n<meta property=\"og:site_name\" content=\"LE PUBLIC\" \/>\n<meta property=\"article:published_time\" content=\"2022-11-07T17:31:16+00:00\" \/>\n<meta property=\"article:modified_time\" content=\"2022-11-07T17:31:32+00:00\" \/>\n<meta property=\"og:image\" content=\"https:\/\/www.public.sn\/wp-content\/uploads\/2022\/11\/garde-rapprochee.webp\" \/>\n\t<meta property=\"og:image:width\" content=\"640\" \/>\n\t<meta property=\"og:image:height\" content=\"467\" \/>\n\t<meta property=\"og:image:type\" content=\"image\/webp\" \/>\n<meta name=\"author\" content=\"LA REDACTION\" \/>\n<meta name=\"twitter:card\" content=\"summary_large_image\" \/>\n<meta name=\"twitter:label1\" content=\"\u00c9crit par\" \/>\n\t<meta name=\"twitter:data1\" content=\"LA REDACTION\" \/>\n\t<meta name=\"twitter:label2\" content=\"Dur\u00e9e de lecture estim\u00e9e\" \/>\n\t<meta name=\"twitter:data2\" content=\"1 minute\" \/>\n<script type=\"application\/ld+json\" class=\"yoast-schema-graph\">{\"@context\":\"https:\/\/schema.org\",\"@graph\":[{\"@type\":\"Article\",\"@id\":\"https:\/\/www.public.sn\/index.php\/2022\/11\/07\/garde-rapprochee-de-sonko-retour-de-parquet\/#article\",\"isPartOf\":{\"@id\":\"https:\/\/www.public.sn\/index.php\/2022\/11\/07\/garde-rapprochee-de-sonko-retour-de-parquet\/\"},\"author\":{\"name\":\"LA REDACTION\",\"@id\":\"https:\/\/www.public.sn\/#\/schema\/person\/cb76c8e1b8becc6be61fb5e92d6d0224\"},\"headline\":\"Garde rapproch\u00e9e de Sonko\u00a0: Retour de parquet.\",\"datePublished\":\"2022-11-07T17:31:16+00:00\",\"dateModified\":\"2022-11-07T17:31:32+00:00\",\"mainEntityOfPage\":{\"@id\":\"https:\/\/www.public.sn\/index.php\/2022\/11\/07\/garde-rapprochee-de-sonko-retour-de-parquet\/\"},\"wordCount\":113,\"commentCount\":0,\"publisher\":{\"@id\":\"https:\/\/www.public.sn\/#organization\"},\"image\":{\"@id\":\"https:\/\/www.public.sn\/index.php\/2022\/11\/07\/garde-rapprochee-de-sonko-retour-de-parquet\/#primaryimage\"},\"thumbnailUrl\":\"https:\/\/www.public.sn\/wp-content\/uploads\/2022\/11\/garde-rapprochee.webp\",\"keywords\":[\"sonko\"],\"articleSection\":[\"ACTUALIT\u00c9S\",\"S\u00c9N\u00c9GAL\",\"SOCIETE\"],\"inLanguage\":\"fr-FR\",\"potentialAction\":[{\"@type\":\"CommentAction\",\"name\":\"Comment\",\"target\":[\"https:\/\/www.public.sn\/index.php\/2022\/11\/07\/garde-rapprochee-de-sonko-retour-de-parquet\/#respond\"]}]},{\"@type\":\"WebPage\",\"@id\":\"https:\/\/www.public.sn\/index.php\/2022\/11\/07\/garde-rapprochee-de-sonko-retour-de-parquet\/\",\"url\":\"https:\/\/www.public.sn\/index.php\/2022\/11\/07\/garde-rapprochee-de-sonko-retour-de-parquet\/\",\"name\":\"Garde rapproch\u00e9e de Sonko\u00a0: Retour de parquet. - LE PUBLIC\",\"isPartOf\":{\"@id\":\"https:\/\/www.public.sn\/#website\"},\"primaryImageOfPage\":{\"@id\":\"https:\/\/www.public.sn\/index.php\/2022\/11\/07\/garde-rapprochee-de-sonko-retour-de-parquet\/#primaryimage\"},\"image\":{\"@id\":\"https:\/\/www.public.sn\/index.php\/2022\/11\/07\/garde-rapprochee-de-sonko-retour-de-parquet\/#primaryimage\"},\"thumbnailUrl\":\"https:\/\/www.public.sn\/wp-content\/uploads\/2022\/11\/garde-rapprochee.webp\",\"datePublished\":\"2022-11-07T17:31:16+00:00\",\"dateModified\":\"2022-11-07T17:31:32+00:00\",\"breadcrumb\":{\"@id\":\"https:\/\/www.public.sn\/index.php\/2022\/11\/07\/garde-rapprochee-de-sonko-retour-de-parquet\/#breadcrumb\"},\"inLanguage\":\"fr-FR\",\"potentialAction\":[{\"@type\":\"ReadAction\",\"target\":[\"https:\/\/www.public.sn\/index.php\/2022\/11\/07\/garde-rapprochee-de-sonko-retour-de-parquet\/\"]}]},{\"@type\":\"ImageObject\",\"inLanguage\":\"fr-FR\",\"@id\":\"https:\/\/www.public.sn\/index.php\/2022\/11\/07\/garde-rapprochee-de-sonko-retour-de-parquet\/#primaryimage\",\"url\":\"https:\/\/www.public.sn\/wp-content\/uploads\/2022\/11\/garde-rapprochee.webp\",\"contentUrl\":\"https:\/\/www.public.sn\/wp-content\/uploads\/2022\/11\/garde-rapprochee.webp\",\"width\":640,\"height\":467,\"caption\":\"publicsn\"},{\"@type\":\"BreadcrumbList\",\"@id\":\"https:\/\/www.public.sn\/index.php\/2022\/11\/07\/garde-rapprochee-de-sonko-retour-de-parquet\/#breadcrumb\",\"itemListElement\":[{\"@type\":\"ListItem\",\"position\":1,\"name\":\"Accueil\",\"item\":\"https:\/\/www.public.sn\/\"},{\"@type\":\"ListItem\",\"position\":2,\"name\":\"Garde rapproch\u00e9e de Sonko\u00a0: Retour de parquet.\"}]},{\"@type\":\"WebSite\",\"@id\":\"https:\/\/www.public.sn\/#website\",\"url\":\"https:\/\/www.public.sn\/\",\"name\":\"LE PUBLIC\",\"description\":\"\",\"publisher\":{\"@id\":\"https:\/\/www.public.sn\/#organization\"},\"potentialAction\":[{\"@type\":\"SearchAction\",\"target\":{\"@type\":\"EntryPoint\",\"urlTemplate\":\"https:\/\/www.public.sn\/?s={search_term_string}\"},\"query-input\":{\"@type\":\"PropertyValueSpecification\",\"valueRequired\":true,\"valueName\":\"search_term_string\"}}],\"inLanguage\":\"fr-FR\"},{\"@type\":\"Organization\",\"@id\":\"https:\/\/www.public.sn\/#organization\",\"name\":\"LE PUBLIC\",\"url\":\"https:\/\/www.public.sn\/\",\"logo\":{\"@type\":\"ImageObject\",\"inLanguage\":\"fr-FR\",\"@id\":\"https:\/\/www.public.sn\/#\/schema\/logo\/image\/\",\"url\":\"https:\/\/www.public.sn\/wp-content\/uploads\/2024\/05\/cropped-LOGO-PUBLIC.SN_.png\",\"contentUrl\":\"https:\/\/www.public.sn\/wp-content\/uploads\/2024\/05\/cropped-LOGO-PUBLIC.SN_.png\",\"width\":682,\"height\":192,\"caption\":\"LE PUBLIC\"},\"image\":{\"@id\":\"https:\/\/www.public.sn\/#\/schema\/logo\/image\/\"}},{\"@type\":\"Person\",\"@id\":\"https:\/\/www.public.sn\/#\/schema\/person\/cb76c8e1b8becc6be61fb5e92d6d0224\",\"name\":\"LA REDACTION\",\"image\":{\"@type\":\"ImageObject\",\"inLanguage\":\"fr-FR\",\"@id\":\"https:\/\/www.public.sn\/#\/schema\/person\/image\/\",\"url\":\"https:\/\/secure.gravatar.com\/avatar\/2dce5ddd34b8fef0180efe03aa2a9bee7d953856048f9a16b298190a3178407c?s=96&d=mm&r=g\",\"contentUrl\":\"https:\/\/secure.gravatar.com\/avatar\/2dce5ddd34b8fef0180efe03aa2a9bee7d953856048f9a16b298190a3178407c?s=96&d=mm&r=g\",\"caption\":\"LA REDACTION\"},\"url\":\"https:\/\/www.public.sn\/index.php\/author\/editeurpsn\/\"}]}<\/script>\n<!-- \/ Yoast SEO plugin. -->","yoast_head_json":{"title":"Garde rapproch\u00e9e de Sonko\u00a0: Retour de parquet. - LE PUBLIC","robots":{"index":"index","follow":"follow","max-snippet":"max-snippet:-1","max-image-preview":"max-image-preview:large","max-video-preview":"max-video-preview:-1"},"canonical":"https:\/\/www.public.sn\/index.php\/2022\/11\/07\/garde-rapprochee-de-sonko-retour-de-parquet\/","og_locale":"fr_FR","og_type":"article","og_title":"Garde rapproch\u00e9e de Sonko\u00a0: Retour de parquet. - LE PUBLIC","og_description":"La garde rapproch\u00e9e du leader du Pastef a b\u00e9n\u00e9fici\u00e9 d\u2019un retour de parquet. Elle devait \u00eatre entendue ce Lundi par le procureur de Thi\u00e8s sur les incidents de Tchiky. Petit, Momo, Diaw, Limousine et Boye ont \u00e9t\u00e9 arr\u00eat\u00e9s suite \u00e0 une plainte de Oumar Ndione qui a b\u00e9n\u00e9fici\u00e9 d\u2019un certificat m\u00e9dical de 45 jours. Il dit avoir et tabass\u00e9 par les hommes de Ousmane Sonko. Des accusations balay\u00e9es par le pr\u00e9sident de Patef qui affirme que tout ceci n\u2019est qu\u2019un complot orchestr\u00e9 par les autorit\u00e9s. Nous s\u2019y reviendrons. Samba SY.","og_url":"https:\/\/www.public.sn\/index.php\/2022\/11\/07\/garde-rapprochee-de-sonko-retour-de-parquet\/","og_site_name":"LE PUBLIC","article_published_time":"2022-11-07T17:31:16+00:00","article_modified_time":"2022-11-07T17:31:32+00:00","og_image":[{"width":640,"height":467,"url":"https:\/\/www.public.sn\/wp-content\/uploads\/2022\/11\/garde-rapprochee.webp","type":"image\/webp"}],"author":"LA REDACTION","twitter_card":"summary_large_image","twitter_misc":{"\u00c9crit par":"LA REDACTION","Dur\u00e9e de lecture estim\u00e9e":"1 minute"},"schema":{"@context":"https:\/\/schema.org","@graph":[{"@type":"Article","@id":"https:\/\/www.public.sn\/index.php\/2022\/11\/07\/garde-rapprochee-de-sonko-retour-de-parquet\/#article","isPartOf":{"@id":"https:\/\/www.public.sn\/index.php\/2022\/11\/07\/garde-rapprochee-de-sonko-retour-de-parquet\/"},"author":{"name":"LA REDACTION","@id":"https:\/\/www.public.sn\/#\/schema\/person\/cb76c8e1b8becc6be61fb5e92d6d0224"},"headline":"Garde rapproch\u00e9e de Sonko\u00a0: Retour de parquet.","datePublished":"2022-11-07T17:31:16+00:00","dateModified":"2022-11-07T17:31:32+00:00","mainEntityOfPage":{"@id":"https:\/\/www.public.sn\/index.php\/2022\/11\/07\/garde-rapprochee-de-sonko-retour-de-parquet\/"},"wordCount":113,"commentCount":0,"publisher":{"@id":"https:\/\/www.public.sn\/#organization"},"image":{"@id":"https:\/\/www.public.sn\/index.php\/2022\/11\/07\/garde-rapprochee-de-sonko-retour-de-parquet\/#primaryimage"},"thumbnailUrl":"https:\/\/www.public.sn\/wp-content\/uploads\/2022\/11\/garde-rapprochee.webp","keywords":["sonko"],"articleSection":["ACTUALIT\u00c9S","S\u00c9N\u00c9GAL","SOCIETE"],"inLanguage":"fr-FR","potentialAction":[{"@type":"CommentAction","name":"Comment","target":["https:\/\/www.public.sn\/index.php\/2022\/11\/07\/garde-rapprochee-de-sonko-retour-de-parquet\/#respond"]}]},{"@type":"WebPage","@id":"https:\/\/www.public.sn\/index.php\/2022\/11\/07\/garde-rapprochee-de-sonko-retour-de-parquet\/","url":"https:\/\/www.public.sn\/index.php\/2022\/11\/07\/garde-rapprochee-de-sonko-retour-de-parquet\/","name":"Garde rapproch\u00e9e de Sonko\u00a0: Retour de parquet. - LE PUBLIC","isPartOf":{"@id":"https:\/\/www.public.sn\/#website"},"primaryImageOfPage":{"@id":"https:\/\/www.public.sn\/index.php\/2022\/11\/07\/garde-rapprochee-de-sonko-retour-de-parquet\/#primaryimage"},"image":{"@id":"https:\/\/www.public.sn\/index.php\/2022\/11\/07\/garde-rapprochee-de-sonko-retour-de-parquet\/#primaryimage"},"thumbnailUrl":"https:\/\/www.public.sn\/wp-content\/uploads\/2022\/11\/garde-rapprochee.webp","datePublished":"2022-11-07T17:31:16+00:00","dateModified":"2022-11-07T17:31:32+00:00","breadcrumb":{"@id":"https:\/\/www.public.sn\/index.php\/2022\/11\/07\/garde-rapprochee-de-sonko-retour-de-parquet\/#breadcrumb"},"inLanguage":"fr-FR","potentialAction":[{"@type":"ReadAction","target":["https:\/\/www.public.sn\/index.php\/2022\/11\/07\/garde-rapprochee-de-sonko-retour-de-parquet\/"]}]},{"@type":"ImageObject","inLanguage":"fr-FR","@id":"https:\/\/www.public.sn\/index.php\/2022\/11\/07\/garde-rapprochee-de-sonko-retour-de-parquet\/#primaryimage","url":"https:\/\/www.public.sn\/wp-content\/uploads\/2022\/11\/garde-rapprochee.webp","contentUrl":"https:\/\/www.public.sn\/wp-content\/uploads\/2022\/11\/garde-rapprochee.webp","width":640,"height":467,"caption":"publicsn"},{"@type":"BreadcrumbList","@id":"https:\/\/www.public.sn\/index.php\/2022\/11\/07\/garde-rapprochee-de-sonko-retour-de-parquet\/#breadcrumb","itemListElement":[{"@type":"ListItem","position":1,"name":"Accueil","item":"https:\/\/www.public.sn\/"},{"@type":"ListItem","position":2,"name":"Garde rapproch\u00e9e de Sonko\u00a0: Retour de parquet."}]},{"@type":"WebSite","@id":"https:\/\/www.public.sn\/#website","url":"https:\/\/www.public.sn\/","name":"LE PUBLIC","description":"","publisher":{"@id":"https:\/\/www.public.sn\/#organization"},"potentialAction":[{"@type":"SearchAction","target":{"@type":"EntryPoint","urlTemplate":"https:\/\/www.public.sn\/?s={search_term_string}"},"query-input":{"@type":"PropertyValueSpecification","valueRequired":true,"valueName":"search_term_string"}}],"inLanguage":"fr-FR"},{"@type":"Organization","@id":"https:\/\/www.public.sn\/#organization","name":"LE PUBLIC","url":"https:\/\/www.public.sn\/","logo":{"@type":"ImageObject","inLanguage":"fr-FR","@id":"https:\/\/www.public.sn\/#\/schema\/logo\/image\/","url":"https:\/\/www.public.sn\/wp-content\/uploads\/2024\/05\/cropped-LOGO-PUBLIC.SN_.png","contentUrl":"https:\/\/www.public.sn\/wp-content\/uploads\/2024\/05\/cropped-LOGO-PUBLIC.SN_.png","width":682,"height":192,"caption":"LE PUBLIC"},"image":{"@id":"https:\/\/www.public.sn\/#\/schema\/logo\/image\/"}},{"@type":"Person","@id":"https:\/\/www.public.sn\/#\/schema\/person\/cb76c8e1b8becc6be61fb5e92d6d0224","name":"LA REDACTION","image":{"@type":"ImageObject","inLanguage":"fr-FR","@id":"https:\/\/www.public.sn\/#\/schema\/person\/image\/","url":"https:\/\/secure.gravatar.com\/avatar\/2dce5ddd34b8fef0180efe03aa2a9bee7d953856048f9a16b298190a3178407c?s=96&d=mm&r=g","contentUrl":"https:\/\/secure.gravatar.com\/avatar\/2dce5ddd34b8fef0180efe03aa2a9bee7d953856048f9a16b298190a3178407c?s=96&d=mm&r=g","caption":"LA REDACTION"},"url":"https:\/\/www.public.sn\/index.php\/author\/editeurpsn\/"}]}},"jetpack_featured_media_url":"https:\/\/www.public.sn\/wp-content\/uploads\/2022\/11\/garde-rapprochee.webp","jetpack_sharing_enabled":true,"_links":{"self":[{"href":"https:\/\/www.public.sn\/index.php\/wp-json\/wp\/v2\/posts\/7316","targetHints":{"allow":["GET"]}}],"collection":[{"href":"https:\/\/www.public.sn\/index.php\/wp-json\/wp\/v2\/posts"}],"about":[{"href":"https:\/\/www.public.sn\/index.php\/wp-json\/wp\/v2\/types\/post"}],"author":[{"embeddable":true,"href":"https:\/\/www.public.sn\/index.php\/wp-json\/wp\/v2\/users\/7"}],"replies":[{"embeddable":true,"href":"https:\/\/www.public.sn\/index.php\/wp-json\/wp\/v2\/comments?post=7316"}],"version-history":[{"count":1,"href":"https:\/\/www.public.sn\/index.php\/wp-json\/wp\/v2\/posts\/7316\/revisions"}],"predecessor-version":[{"id":7325,"href":"https:\/\/www.public.sn\/index.php\/wp-json\/wp\/v2\/posts\/7316\/revisions\/7325"}],"wp:featuredmedia":[{"embeddable":true,"href":"https:\/\/www.public.sn\/index.php\/wp-json\/wp\/v2\/media\/7219"}],"wp:attachment":[{"href":"https:\/\/www.public.sn\/index.php\/wp-json\/wp\/v2\/media?parent=7316"}],"wp:term":[{"taxonomy":"category","embeddable":true,"href":"https:\/\/www.public.sn\/index.php\/wp-json\/wp\/v2\/categories?post=7316"},{"taxonomy":"post_tag","embeddable":true,"href":"https:\/\/www.public.sn\/index.php\/wp-json\/wp\/v2\/tags?post=7316"}],"curies":[{"name":"wp","href":"https:\/\/api.w.org\/{rel}","templated":true}]}}