{"id":7399,"date":"2022-11-08T08:27:47","date_gmt":"2022-11-08T08:27:47","guid":{"rendered":"https:\/\/www.public.sn\/?p=7399"},"modified":"2022-11-08T08:27:50","modified_gmt":"2022-11-08T08:27:50","slug":"arrestation-de-pape-ale-les-precisions-du-procureur","status":"publish","type":"post","link":"https:\/\/www.public.sn\/index.php\/2022\/11\/08\/arrestation-de-pape-ale-les-precisions-du-procureur\/","title":{"rendered":"Arrestation de Pape Al\u00e9\u00a0: Les pr\u00e9cisions du procureur."},"content":{"rendered":"\n<p><\/p>\n\n\n\n<p><strong>Apr\u00e8s l\u2019arrestation de Pape Al\u00e9 Niang, le procureur de la R\u00e9publique est revenu dans un communiqu\u00e9 sur les motifs de son interpellation. Selon Amady Diouf, le journaliste a tenu des propos de nature \u00e0 saper le moral des troupes et de divulguer des informations estampill\u00e9es secrets.<\/strong><\/p><div class=\"publi-paragraphe1\" style=\"margin-top: 10px;margin-bottom: 10px;margin-left: auto;margin-right: auto;text-align: center;\" id=\"publi-2305405224\"><div class=\"publi-adlabel\">Publicit\u00e9<\/div><script async src=\"\/\/pagead2.googlesyndication.com\/pagead\/js\/adsbygoogle.js?client=ca-pub-4089586018074219\" crossorigin=\"anonymous\"><\/script><ins class=\"adsbygoogle\" style=\"display:block;\" data-ad-client=\"ca-pub-4089586018074219\" \ndata-ad-slot=\"2087940154\" \ndata-ad-format=\"auto\"><\/ins>\n<script> \n(adsbygoogle = window.adsbygoogle || []).push({}); \n<\/script>\n<\/div>\n\n\n\n<p><\/p>\n\n\n\n<p>Voici le communiqu\u00e9 du procureur Amady Diouf\u00a0:<\/p>\n\n\n\n<p><\/p>\n\n\n\n<p>\u00a0\u00ab Il a \u00e9t\u00e9 constat\u00e9 depuis un certain temps des attaques r\u00e9p\u00e9t\u00e9es, non fond\u00e9es et inacceptables dirig\u00e9es contre les forces de d\u00e9fense et de s\u00e9curit\u00e9. Les derni\u00e8res en date qui portent manifestement atteinte \u00e0 l&rsquo;autorit\u00e9 de ces institutions r\u00e9publicaines visent des officiers g\u00e9n\u00e9raux dans le but \u00e9vident de les d\u00e9l\u00e9gitimer et de fragiliser la coh\u00e9sion et la discipline collective indispensables au bon fonctionnement et \u00e0 l&rsquo;efficacit\u00e9 de ces corps habill\u00e9s de l&rsquo;Etat. Ces actes, qui distillent par ailleurs un doute pernicieux, sapent le moral des troupes et d\u00e9signent les forces de s\u00e9curit\u00e9 comme des cibles majeures \u00e0 l&rsquo;attention de tous ceux qui souhaitent s&rsquo;en prendre \u00e0 l&rsquo;autorit\u00e9 de l&rsquo;Etat constituent des menaces pour l&rsquo;ordre public et sont susceptibles de caract\u00e9riser des atteintes \u00e0 la d\u00e9fense nationale outre la diffusion de fausses nouvelles et la divulgation de secrets d\u00e9fense. \u00a0C&rsquo;est pour ces raisons que j&rsquo;ai demand\u00e9 au commissaire charg\u00e9 de la S\u00fbret\u00e9 Urbaine, dans le respect des exigences de la libert\u00e9 de presse et des instruments internationaux garantissant les libert\u00e9s fondamentales, d&rsquo;ouvrir imm\u00e9diatement une enqu\u00eate sur ces faits constat\u00e9s et de me rendre compte de l&rsquo;\u00e9volution de la proc\u00e9dure, laquelle enqu\u00eate devant \u00eatre conduite avec toute la rigueur n\u00e9cessaire, au vu de la gravit\u00e9 des faits \u00bb.<\/p>\n\n\n\n<p><\/p>\n\n\n\n<p>A rappeler que l\u2019arrestation de pape Al\u00e9 Niang soul\u00e8ve l\u2019ire de la corporation mais aussi d\u2019acteurs de la soci\u00e9t\u00e9 civile et de l\u2019opposition. Ils estiment que le droit \u00e0 l\u2019information est sacr\u00e9 et exigent sa lib\u00e9ration dans les plus brefs d\u00e9lais.<\/p>\n\n\n\n<p>Samba SY.<\/p>\n<div class=\"publi-apres-le-contenu\" style=\"margin-top: 10px;margin-bottom: 10px;margin-left: auto;margin-right: auto;text-align: center;\" id=\"publi-2320569551\"><div class=\"publi-adlabel\">Publicit\u00e9<\/div><script async src=\"\/\/pagead2.googlesyndication.com\/pagead\/js\/adsbygoogle.js?client=ca-pub-4089586018074219\" crossorigin=\"anonymous\"><\/script><ins class=\"adsbygoogle\" style=\"display:block;\" data-ad-client=\"ca-pub-4089586018074219\" \ndata-ad-slot=\"2087940154\" \ndata-ad-format=\"auto\"><\/ins>\n<script> \n(adsbygoogle = window.adsbygoogle || []).push({}); \n<\/script>\n<\/div>","protected":false},"excerpt":{"rendered":"<p>Apr\u00e8s l\u2019arrestation de Pape Al\u00e9 Niang, le procureur de la R\u00e9publique est revenu dans un communiqu\u00e9 sur les motifs de son interpellation. Selon Amady Diouf, le journaliste a tenu des propos de nature \u00e0 saper le moral des troupes et de divulguer des informations estampill\u00e9es secrets. Voici le communiqu\u00e9 du procureur Amady Diouf\u00a0: \u00a0\u00ab Il a \u00e9t\u00e9 constat\u00e9 depuis un certain temps des attaques r\u00e9p\u00e9t\u00e9es, non fond\u00e9es et inacceptables dirig\u00e9es contre les forces de d\u00e9fense et de s\u00e9curit\u00e9. Les derni\u00e8res en date qui portent manifestement atteinte \u00e0 l&rsquo;autorit\u00e9 de ces institutions r\u00e9publicaines visent des officiers g\u00e9n\u00e9raux dans le but \u00e9vident de les d\u00e9l\u00e9gitimer et de fragiliser la coh\u00e9sion et la discipline collective indispensables au bon fonctionnement et \u00e0 l&rsquo;efficacit\u00e9 de ces corps habill\u00e9s de l&rsquo;Etat. Ces actes, qui distillent par ailleurs un doute pernicieux, sapent le moral des troupes et d\u00e9signent les forces de s\u00e9curit\u00e9 comme des cibles majeures \u00e0 l&rsquo;attention de tous ceux qui souhaitent s&rsquo;en prendre \u00e0 l&rsquo;autorit\u00e9 de l&rsquo;Etat constituent des menaces pour l&rsquo;ordre public et sont susceptibles de caract\u00e9riser des atteintes \u00e0 la d\u00e9fense nationale outre la diffusion de fausses nouvelles et la divulgation de secrets d\u00e9fense. \u00a0C&rsquo;est pour ces raisons que j&rsquo;ai demand\u00e9 au commissaire charg\u00e9 de la S\u00fbret\u00e9 Urbaine, dans le respect des exigences de la libert\u00e9 de presse et des instruments internationaux garantissant les libert\u00e9s fondamentales, d&rsquo;ouvrir imm\u00e9diatement une enqu\u00eate sur ces faits constat\u00e9s et de me rendre compte de l&rsquo;\u00e9volution de la proc\u00e9dure, laquelle enqu\u00eate devant \u00eatre conduite avec toute la rigueur n\u00e9cessaire, au vu de la gravit\u00e9 des faits \u00bb. A rappeler que l\u2019arrestation de pape Al\u00e9 Niang soul\u00e8ve l\u2019ire de la corporation mais aussi d\u2019acteurs de la soci\u00e9t\u00e9 civile et de l\u2019opposition. Ils estiment que le droit \u00e0 l\u2019information est sacr\u00e9 et exigent sa lib\u00e9ration dans les plus brefs d\u00e9lais. Samba SY.<\/p>\n","protected":false},"author":7,"featured_media":7400,"comment_status":"open","ping_status":"open","sticky":false,"template":"","format":"standard","meta":{"_jetpack_memberships_contains_paid_content":false,"footnotes":""},"categories":[375,3,1,372],"tags":[2547,1281,103],"class_list":["post-7399","post","type-post","status-publish","format-standard","has-post-thumbnail","hentry","category-actualites","category-politique","category-non-classe","category-vedette","tag-aff-pape-ale","tag-cap","tag-procureur","entry","has-media","owp-thumbs-layout-horizontal","owp-btn-normal","owp-tabs-layout-horizontal","has-no-thumbnails","has-product-nav"],"yoast_head":"<!-- This site is optimized with the Yoast SEO plugin v25.5 - https:\/\/yoast.com\/wordpress\/plugins\/seo\/ -->\n<title>Arrestation de Pape Al\u00e9\u00a0: Les pr\u00e9cisions du procureur. - LE PUBLIC<\/title>\n<meta name=\"robots\" content=\"index, follow, max-snippet:-1, max-image-preview:large, max-video-preview:-1\" \/>\n<link rel=\"canonical\" href=\"https:\/\/www.public.sn\/index.php\/2022\/11\/08\/arrestation-de-pape-ale-les-precisions-du-procureur\/\" \/>\n<meta property=\"og:locale\" content=\"fr_FR\" \/>\n<meta property=\"og:type\" content=\"article\" \/>\n<meta property=\"og:title\" content=\"Arrestation de Pape Al\u00e9\u00a0: Les pr\u00e9cisions du procureur. - LE PUBLIC\" \/>\n<meta property=\"og:description\" content=\"Apr\u00e8s l\u2019arrestation de Pape Al\u00e9 Niang, le procureur de la R\u00e9publique est revenu dans un communiqu\u00e9 sur les motifs de son interpellation. Selon Amady Diouf, le journaliste a tenu des propos de nature \u00e0 saper le moral des troupes et de divulguer des informations estampill\u00e9es secrets. Voici le communiqu\u00e9 du procureur Amady Diouf\u00a0: \u00a0\u00ab Il a \u00e9t\u00e9 constat\u00e9 depuis un certain temps des attaques r\u00e9p\u00e9t\u00e9es, non fond\u00e9es et inacceptables dirig\u00e9es contre les forces de d\u00e9fense et de s\u00e9curit\u00e9. Les derni\u00e8res en date qui portent manifestement atteinte \u00e0 l&rsquo;autorit\u00e9 de ces institutions r\u00e9publicaines visent des officiers g\u00e9n\u00e9raux dans le but \u00e9vident de les d\u00e9l\u00e9gitimer et de fragiliser la coh\u00e9sion et la discipline collective indispensables au bon fonctionnement et \u00e0 l&rsquo;efficacit\u00e9 de ces corps habill\u00e9s de l&rsquo;Etat. Ces actes, qui distillent par ailleurs un doute pernicieux, sapent le moral des troupes et d\u00e9signent les forces de s\u00e9curit\u00e9 comme des cibles majeures \u00e0 l&rsquo;attention de tous ceux qui souhaitent s&rsquo;en prendre \u00e0 l&rsquo;autorit\u00e9 de l&rsquo;Etat constituent des menaces pour l&rsquo;ordre public et sont susceptibles de caract\u00e9riser des atteintes \u00e0 la d\u00e9fense nationale outre la diffusion de fausses nouvelles et la divulgation de secrets d\u00e9fense. \u00a0C&rsquo;est pour ces raisons que j&rsquo;ai demand\u00e9 au commissaire charg\u00e9 de la S\u00fbret\u00e9 Urbaine, dans le respect des exigences de la libert\u00e9 de presse et des instruments internationaux garantissant les libert\u00e9s fondamentales, d&rsquo;ouvrir imm\u00e9diatement une enqu\u00eate sur ces faits constat\u00e9s et de me rendre compte de l&rsquo;\u00e9volution de la proc\u00e9dure, laquelle enqu\u00eate devant \u00eatre conduite avec toute la rigueur n\u00e9cessaire, au vu de la gravit\u00e9 des faits \u00bb. A rappeler que l\u2019arrestation de pape Al\u00e9 Niang soul\u00e8ve l\u2019ire de la corporation mais aussi d\u2019acteurs de la soci\u00e9t\u00e9 civile et de l\u2019opposition. Ils estiment que le droit \u00e0 l\u2019information est sacr\u00e9 et exigent sa lib\u00e9ration dans les plus brefs d\u00e9lais. Samba SY.\" \/>\n<meta property=\"og:url\" content=\"https:\/\/www.public.sn\/index.php\/2022\/11\/08\/arrestation-de-pape-ale-les-precisions-du-procureur\/\" \/>\n<meta property=\"og:site_name\" content=\"LE PUBLIC\" \/>\n<meta property=\"article:published_time\" content=\"2022-11-08T08:27:47+00:00\" \/>\n<meta property=\"article:modified_time\" content=\"2022-11-08T08:27:50+00:00\" \/>\n<meta property=\"og:image\" content=\"https:\/\/www.public.sn\/wp-content\/uploads\/2022\/11\/procureur.jpg\" \/>\n\t<meta property=\"og:image:width\" content=\"769\" \/>\n\t<meta property=\"og:image:height\" content=\"499\" \/>\n\t<meta property=\"og:image:type\" content=\"image\/jpeg\" \/>\n<meta name=\"author\" content=\"LA REDACTION\" \/>\n<meta name=\"twitter:card\" content=\"summary_large_image\" \/>\n<meta name=\"twitter:label1\" content=\"\u00c9crit par\" \/>\n\t<meta name=\"twitter:data1\" content=\"LA REDACTION\" \/>\n\t<meta name=\"twitter:label2\" content=\"Dur\u00e9e de lecture estim\u00e9e\" \/>\n\t<meta name=\"twitter:data2\" content=\"2 minutes\" \/>\n<script type=\"application\/ld+json\" class=\"yoast-schema-graph\">{\"@context\":\"https:\/\/schema.org\",\"@graph\":[{\"@type\":\"Article\",\"@id\":\"https:\/\/www.public.sn\/index.php\/2022\/11\/08\/arrestation-de-pape-ale-les-precisions-du-procureur\/#article\",\"isPartOf\":{\"@id\":\"https:\/\/www.public.sn\/index.php\/2022\/11\/08\/arrestation-de-pape-ale-les-precisions-du-procureur\/\"},\"author\":{\"name\":\"LA REDACTION\",\"@id\":\"https:\/\/www.public.sn\/#\/schema\/person\/cb76c8e1b8becc6be61fb5e92d6d0224\"},\"headline\":\"Arrestation de Pape Al\u00e9\u00a0: Les pr\u00e9cisions du procureur.\",\"datePublished\":\"2022-11-08T08:27:47+00:00\",\"dateModified\":\"2022-11-08T08:27:50+00:00\",\"mainEntityOfPage\":{\"@id\":\"https:\/\/www.public.sn\/index.php\/2022\/11\/08\/arrestation-de-pape-ale-les-precisions-du-procureur\/\"},\"wordCount\":344,\"commentCount\":0,\"publisher\":{\"@id\":\"https:\/\/www.public.sn\/#organization\"},\"image\":{\"@id\":\"https:\/\/www.public.sn\/index.php\/2022\/11\/08\/arrestation-de-pape-ale-les-precisions-du-procureur\/#primaryimage\"},\"thumbnailUrl\":\"https:\/\/www.public.sn\/wp-content\/uploads\/2022\/11\/procureur.jpg\",\"keywords\":[\"aff pape al\u00e9\",\"cap\",\"Procureur\"],\"articleSection\":[\"ACTUALIT\u00c9S\",\"POLITIQUE\",\"S\u00c9N\u00c9GAL\",\"VEDETTE\"],\"inLanguage\":\"fr-FR\",\"potentialAction\":[{\"@type\":\"CommentAction\",\"name\":\"Comment\",\"target\":[\"https:\/\/www.public.sn\/index.php\/2022\/11\/08\/arrestation-de-pape-ale-les-precisions-du-procureur\/#respond\"]}]},{\"@type\":\"WebPage\",\"@id\":\"https:\/\/www.public.sn\/index.php\/2022\/11\/08\/arrestation-de-pape-ale-les-precisions-du-procureur\/\",\"url\":\"https:\/\/www.public.sn\/index.php\/2022\/11\/08\/arrestation-de-pape-ale-les-precisions-du-procureur\/\",\"name\":\"Arrestation de Pape Al\u00e9\u00a0: Les pr\u00e9cisions du procureur. - LE PUBLIC\",\"isPartOf\":{\"@id\":\"https:\/\/www.public.sn\/#website\"},\"primaryImageOfPage\":{\"@id\":\"https:\/\/www.public.sn\/index.php\/2022\/11\/08\/arrestation-de-pape-ale-les-precisions-du-procureur\/#primaryimage\"},\"image\":{\"@id\":\"https:\/\/www.public.sn\/index.php\/2022\/11\/08\/arrestation-de-pape-ale-les-precisions-du-procureur\/#primaryimage\"},\"thumbnailUrl\":\"https:\/\/www.public.sn\/wp-content\/uploads\/2022\/11\/procureur.jpg\",\"datePublished\":\"2022-11-08T08:27:47+00:00\",\"dateModified\":\"2022-11-08T08:27:50+00:00\",\"breadcrumb\":{\"@id\":\"https:\/\/www.public.sn\/index.php\/2022\/11\/08\/arrestation-de-pape-ale-les-precisions-du-procureur\/#breadcrumb\"},\"inLanguage\":\"fr-FR\",\"potentialAction\":[{\"@type\":\"ReadAction\",\"target\":[\"https:\/\/www.public.sn\/index.php\/2022\/11\/08\/arrestation-de-pape-ale-les-precisions-du-procureur\/\"]}]},{\"@type\":\"ImageObject\",\"inLanguage\":\"fr-FR\",\"@id\":\"https:\/\/www.public.sn\/index.php\/2022\/11\/08\/arrestation-de-pape-ale-les-precisions-du-procureur\/#primaryimage\",\"url\":\"https:\/\/www.public.sn\/wp-content\/uploads\/2022\/11\/procureur.jpg\",\"contentUrl\":\"https:\/\/www.public.sn\/wp-content\/uploads\/2022\/11\/procureur.jpg\",\"width\":769,\"height\":499,\"caption\":\"publicsn\"},{\"@type\":\"BreadcrumbList\",\"@id\":\"https:\/\/www.public.sn\/index.php\/2022\/11\/08\/arrestation-de-pape-ale-les-precisions-du-procureur\/#breadcrumb\",\"itemListElement\":[{\"@type\":\"ListItem\",\"position\":1,\"name\":\"Accueil\",\"item\":\"https:\/\/www.public.sn\/\"},{\"@type\":\"ListItem\",\"position\":2,\"name\":\"Arrestation de Pape Al\u00e9\u00a0: Les pr\u00e9cisions du procureur.\"}]},{\"@type\":\"WebSite\",\"@id\":\"https:\/\/www.public.sn\/#website\",\"url\":\"https:\/\/www.public.sn\/\",\"name\":\"LE PUBLIC\",\"description\":\"\",\"publisher\":{\"@id\":\"https:\/\/www.public.sn\/#organization\"},\"potentialAction\":[{\"@type\":\"SearchAction\",\"target\":{\"@type\":\"EntryPoint\",\"urlTemplate\":\"https:\/\/www.public.sn\/?s={search_term_string}\"},\"query-input\":{\"@type\":\"PropertyValueSpecification\",\"valueRequired\":true,\"valueName\":\"search_term_string\"}}],\"inLanguage\":\"fr-FR\"},{\"@type\":\"Organization\",\"@id\":\"https:\/\/www.public.sn\/#organization\",\"name\":\"LE PUBLIC\",\"url\":\"https:\/\/www.public.sn\/\",\"logo\":{\"@type\":\"ImageObject\",\"inLanguage\":\"fr-FR\",\"@id\":\"https:\/\/www.public.sn\/#\/schema\/logo\/image\/\",\"url\":\"https:\/\/www.public.sn\/wp-content\/uploads\/2024\/05\/cropped-LOGO-PUBLIC.SN_.png\",\"contentUrl\":\"https:\/\/www.public.sn\/wp-content\/uploads\/2024\/05\/cropped-LOGO-PUBLIC.SN_.png\",\"width\":682,\"height\":192,\"caption\":\"LE PUBLIC\"},\"image\":{\"@id\":\"https:\/\/www.public.sn\/#\/schema\/logo\/image\/\"}},{\"@type\":\"Person\",\"@id\":\"https:\/\/www.public.sn\/#\/schema\/person\/cb76c8e1b8becc6be61fb5e92d6d0224\",\"name\":\"LA REDACTION\",\"image\":{\"@type\":\"ImageObject\",\"inLanguage\":\"fr-FR\",\"@id\":\"https:\/\/www.public.sn\/#\/schema\/person\/image\/\",\"url\":\"https:\/\/secure.gravatar.com\/avatar\/2dce5ddd34b8fef0180efe03aa2a9bee7d953856048f9a16b298190a3178407c?s=96&d=mm&r=g\",\"contentUrl\":\"https:\/\/secure.gravatar.com\/avatar\/2dce5ddd34b8fef0180efe03aa2a9bee7d953856048f9a16b298190a3178407c?s=96&d=mm&r=g\",\"caption\":\"LA REDACTION\"},\"url\":\"https:\/\/www.public.sn\/index.php\/author\/editeurpsn\/\"}]}<\/script>\n<!-- \/ Yoast SEO plugin. -->","yoast_head_json":{"title":"Arrestation de Pape Al\u00e9\u00a0: Les pr\u00e9cisions du procureur. - LE PUBLIC","robots":{"index":"index","follow":"follow","max-snippet":"max-snippet:-1","max-image-preview":"max-image-preview:large","max-video-preview":"max-video-preview:-1"},"canonical":"https:\/\/www.public.sn\/index.php\/2022\/11\/08\/arrestation-de-pape-ale-les-precisions-du-procureur\/","og_locale":"fr_FR","og_type":"article","og_title":"Arrestation de Pape Al\u00e9\u00a0: Les pr\u00e9cisions du procureur. - LE PUBLIC","og_description":"Apr\u00e8s l\u2019arrestation de Pape Al\u00e9 Niang, le procureur de la R\u00e9publique est revenu dans un communiqu\u00e9 sur les motifs de son interpellation. Selon Amady Diouf, le journaliste a tenu des propos de nature \u00e0 saper le moral des troupes et de divulguer des informations estampill\u00e9es secrets. Voici le communiqu\u00e9 du procureur Amady Diouf\u00a0: \u00a0\u00ab Il a \u00e9t\u00e9 constat\u00e9 depuis un certain temps des attaques r\u00e9p\u00e9t\u00e9es, non fond\u00e9es et inacceptables dirig\u00e9es contre les forces de d\u00e9fense et de s\u00e9curit\u00e9. Les derni\u00e8res en date qui portent manifestement atteinte \u00e0 l&rsquo;autorit\u00e9 de ces institutions r\u00e9publicaines visent des officiers g\u00e9n\u00e9raux dans le but \u00e9vident de les d\u00e9l\u00e9gitimer et de fragiliser la coh\u00e9sion et la discipline collective indispensables au bon fonctionnement et \u00e0 l&rsquo;efficacit\u00e9 de ces corps habill\u00e9s de l&rsquo;Etat. Ces actes, qui distillent par ailleurs un doute pernicieux, sapent le moral des troupes et d\u00e9signent les forces de s\u00e9curit\u00e9 comme des cibles majeures \u00e0 l&rsquo;attention de tous ceux qui souhaitent s&rsquo;en prendre \u00e0 l&rsquo;autorit\u00e9 de l&rsquo;Etat constituent des menaces pour l&rsquo;ordre public et sont susceptibles de caract\u00e9riser des atteintes \u00e0 la d\u00e9fense nationale outre la diffusion de fausses nouvelles et la divulgation de secrets d\u00e9fense. \u00a0C&rsquo;est pour ces raisons que j&rsquo;ai demand\u00e9 au commissaire charg\u00e9 de la S\u00fbret\u00e9 Urbaine, dans le respect des exigences de la libert\u00e9 de presse et des instruments internationaux garantissant les libert\u00e9s fondamentales, d&rsquo;ouvrir imm\u00e9diatement une enqu\u00eate sur ces faits constat\u00e9s et de me rendre compte de l&rsquo;\u00e9volution de la proc\u00e9dure, laquelle enqu\u00eate devant \u00eatre conduite avec toute la rigueur n\u00e9cessaire, au vu de la gravit\u00e9 des faits \u00bb. A rappeler que l\u2019arrestation de pape Al\u00e9 Niang soul\u00e8ve l\u2019ire de la corporation mais aussi d\u2019acteurs de la soci\u00e9t\u00e9 civile et de l\u2019opposition. Ils estiment que le droit \u00e0 l\u2019information est sacr\u00e9 et exigent sa lib\u00e9ration dans les plus brefs d\u00e9lais. Samba SY.","og_url":"https:\/\/www.public.sn\/index.php\/2022\/11\/08\/arrestation-de-pape-ale-les-precisions-du-procureur\/","og_site_name":"LE PUBLIC","article_published_time":"2022-11-08T08:27:47+00:00","article_modified_time":"2022-11-08T08:27:50+00:00","og_image":[{"width":769,"height":499,"url":"https:\/\/www.public.sn\/wp-content\/uploads\/2022\/11\/procureur.jpg","type":"image\/jpeg"}],"author":"LA REDACTION","twitter_card":"summary_large_image","twitter_misc":{"\u00c9crit par":"LA REDACTION","Dur\u00e9e de lecture estim\u00e9e":"2 minutes"},"schema":{"@context":"https:\/\/schema.org","@graph":[{"@type":"Article","@id":"https:\/\/www.public.sn\/index.php\/2022\/11\/08\/arrestation-de-pape-ale-les-precisions-du-procureur\/#article","isPartOf":{"@id":"https:\/\/www.public.sn\/index.php\/2022\/11\/08\/arrestation-de-pape-ale-les-precisions-du-procureur\/"},"author":{"name":"LA REDACTION","@id":"https:\/\/www.public.sn\/#\/schema\/person\/cb76c8e1b8becc6be61fb5e92d6d0224"},"headline":"Arrestation de Pape Al\u00e9\u00a0: Les pr\u00e9cisions du procureur.","datePublished":"2022-11-08T08:27:47+00:00","dateModified":"2022-11-08T08:27:50+00:00","mainEntityOfPage":{"@id":"https:\/\/www.public.sn\/index.php\/2022\/11\/08\/arrestation-de-pape-ale-les-precisions-du-procureur\/"},"wordCount":344,"commentCount":0,"publisher":{"@id":"https:\/\/www.public.sn\/#organization"},"image":{"@id":"https:\/\/www.public.sn\/index.php\/2022\/11\/08\/arrestation-de-pape-ale-les-precisions-du-procureur\/#primaryimage"},"thumbnailUrl":"https:\/\/www.public.sn\/wp-content\/uploads\/2022\/11\/procureur.jpg","keywords":["aff pape al\u00e9","cap","Procureur"],"articleSection":["ACTUALIT\u00c9S","POLITIQUE","S\u00c9N\u00c9GAL","VEDETTE"],"inLanguage":"fr-FR","potentialAction":[{"@type":"CommentAction","name":"Comment","target":["https:\/\/www.public.sn\/index.php\/2022\/11\/08\/arrestation-de-pape-ale-les-precisions-du-procureur\/#respond"]}]},{"@type":"WebPage","@id":"https:\/\/www.public.sn\/index.php\/2022\/11\/08\/arrestation-de-pape-ale-les-precisions-du-procureur\/","url":"https:\/\/www.public.sn\/index.php\/2022\/11\/08\/arrestation-de-pape-ale-les-precisions-du-procureur\/","name":"Arrestation de Pape Al\u00e9\u00a0: Les pr\u00e9cisions du procureur. - LE PUBLIC","isPartOf":{"@id":"https:\/\/www.public.sn\/#website"},"primaryImageOfPage":{"@id":"https:\/\/www.public.sn\/index.php\/2022\/11\/08\/arrestation-de-pape-ale-les-precisions-du-procureur\/#primaryimage"},"image":{"@id":"https:\/\/www.public.sn\/index.php\/2022\/11\/08\/arrestation-de-pape-ale-les-precisions-du-procureur\/#primaryimage"},"thumbnailUrl":"https:\/\/www.public.sn\/wp-content\/uploads\/2022\/11\/procureur.jpg","datePublished":"2022-11-08T08:27:47+00:00","dateModified":"2022-11-08T08:27:50+00:00","breadcrumb":{"@id":"https:\/\/www.public.sn\/index.php\/2022\/11\/08\/arrestation-de-pape-ale-les-precisions-du-procureur\/#breadcrumb"},"inLanguage":"fr-FR","potentialAction":[{"@type":"ReadAction","target":["https:\/\/www.public.sn\/index.php\/2022\/11\/08\/arrestation-de-pape-ale-les-precisions-du-procureur\/"]}]},{"@type":"ImageObject","inLanguage":"fr-FR","@id":"https:\/\/www.public.sn\/index.php\/2022\/11\/08\/arrestation-de-pape-ale-les-precisions-du-procureur\/#primaryimage","url":"https:\/\/www.public.sn\/wp-content\/uploads\/2022\/11\/procureur.jpg","contentUrl":"https:\/\/www.public.sn\/wp-content\/uploads\/2022\/11\/procureur.jpg","width":769,"height":499,"caption":"publicsn"},{"@type":"BreadcrumbList","@id":"https:\/\/www.public.sn\/index.php\/2022\/11\/08\/arrestation-de-pape-ale-les-precisions-du-procureur\/#breadcrumb","itemListElement":[{"@type":"ListItem","position":1,"name":"Accueil","item":"https:\/\/www.public.sn\/"},{"@type":"ListItem","position":2,"name":"Arrestation de Pape Al\u00e9\u00a0: Les pr\u00e9cisions du procureur."}]},{"@type":"WebSite","@id":"https:\/\/www.public.sn\/#website","url":"https:\/\/www.public.sn\/","name":"LE PUBLIC","description":"","publisher":{"@id":"https:\/\/www.public.sn\/#organization"},"potentialAction":[{"@type":"SearchAction","target":{"@type":"EntryPoint","urlTemplate":"https:\/\/www.public.sn\/?s={search_term_string}"},"query-input":{"@type":"PropertyValueSpecification","valueRequired":true,"valueName":"search_term_string"}}],"inLanguage":"fr-FR"},{"@type":"Organization","@id":"https:\/\/www.public.sn\/#organization","name":"LE PUBLIC","url":"https:\/\/www.public.sn\/","logo":{"@type":"ImageObject","inLanguage":"fr-FR","@id":"https:\/\/www.public.sn\/#\/schema\/logo\/image\/","url":"https:\/\/www.public.sn\/wp-content\/uploads\/2024\/05\/cropped-LOGO-PUBLIC.SN_.png","contentUrl":"https:\/\/www.public.sn\/wp-content\/uploads\/2024\/05\/cropped-LOGO-PUBLIC.SN_.png","width":682,"height":192,"caption":"LE PUBLIC"},"image":{"@id":"https:\/\/www.public.sn\/#\/schema\/logo\/image\/"}},{"@type":"Person","@id":"https:\/\/www.public.sn\/#\/schema\/person\/cb76c8e1b8becc6be61fb5e92d6d0224","name":"LA REDACTION","image":{"@type":"ImageObject","inLanguage":"fr-FR","@id":"https:\/\/www.public.sn\/#\/schema\/person\/image\/","url":"https:\/\/secure.gravatar.com\/avatar\/2dce5ddd34b8fef0180efe03aa2a9bee7d953856048f9a16b298190a3178407c?s=96&d=mm&r=g","contentUrl":"https:\/\/secure.gravatar.com\/avatar\/2dce5ddd34b8fef0180efe03aa2a9bee7d953856048f9a16b298190a3178407c?s=96&d=mm&r=g","caption":"LA REDACTION"},"url":"https:\/\/www.public.sn\/index.php\/author\/editeurpsn\/"}]}},"jetpack_featured_media_url":"https:\/\/www.public.sn\/wp-content\/uploads\/2022\/11\/procureur.jpg","jetpack_sharing_enabled":true,"_links":{"self":[{"href":"https:\/\/www.public.sn\/index.php\/wp-json\/wp\/v2\/posts\/7399","targetHints":{"allow":["GET"]}}],"collection":[{"href":"https:\/\/www.public.sn\/index.php\/wp-json\/wp\/v2\/posts"}],"about":[{"href":"https:\/\/www.public.sn\/index.php\/wp-json\/wp\/v2\/types\/post"}],"author":[{"embeddable":true,"href":"https:\/\/www.public.sn\/index.php\/wp-json\/wp\/v2\/users\/7"}],"replies":[{"embeddable":true,"href":"https:\/\/www.public.sn\/index.php\/wp-json\/wp\/v2\/comments?post=7399"}],"version-history":[{"count":2,"href":"https:\/\/www.public.sn\/index.php\/wp-json\/wp\/v2\/posts\/7399\/revisions"}],"predecessor-version":[{"id":7402,"href":"https:\/\/www.public.sn\/index.php\/wp-json\/wp\/v2\/posts\/7399\/revisions\/7402"}],"wp:featuredmedia":[{"embeddable":true,"href":"https:\/\/www.public.sn\/index.php\/wp-json\/wp\/v2\/media\/7400"}],"wp:attachment":[{"href":"https:\/\/www.public.sn\/index.php\/wp-json\/wp\/v2\/media?parent=7399"}],"wp:term":[{"taxonomy":"category","embeddable":true,"href":"https:\/\/www.public.sn\/index.php\/wp-json\/wp\/v2\/categories?post=7399"},{"taxonomy":"post_tag","embeddable":true,"href":"https:\/\/www.public.sn\/index.php\/wp-json\/wp\/v2\/tags?post=7399"}],"curies":[{"name":"wp","href":"https:\/\/api.w.org\/{rel}","templated":true}]}}