{"id":7418,"date":"2022-11-08T10:18:58","date_gmt":"2022-11-08T10:18:58","guid":{"rendered":"https:\/\/www.public.sn\/?p=7418"},"modified":"2022-11-08T10:19:25","modified_gmt":"2022-11-08T10:19:25","slug":"arrestation-de-pape-ale-niang-pa-assane-seck-assenes-ses-verites","status":"publish","type":"post","link":"https:\/\/www.public.sn\/index.php\/2022\/11\/08\/arrestation-de-pape-ale-niang-pa-assane-seck-assenes-ses-verites\/","title":{"rendered":"Arrestation de Pape Al\u00e9 Niang\u00a0: Pa Assane Seck ass\u00e8nes ses v\u00e9rit\u00e9s\u00a0\u2026"},"content":{"rendered":"\n<p><strong>Le journaliste d\u2019investigation\u00a0 de Darkarmatin Pape Al\u00e9 Niang a \u00e9t\u00e9 interpell\u00e9 par les policiers sous ordre du procureur . Cela fait suite a la publication d\u2019une information nuisible \u00e0 la s\u00e9curit\u00e9.<\/strong><\/p><div class=\"publi-paragraphe1\" style=\"margin-top: 10px;margin-bottom: 10px;margin-left: auto;margin-right: auto;text-align: center;\" id=\"publi-586761885\"><div class=\"publi-adlabel\">Publicit\u00e9<\/div><script async src=\"\/\/pagead2.googlesyndication.com\/pagead\/js\/adsbygoogle.js?client=ca-pub-4089586018074219\" crossorigin=\"anonymous\"><\/script><ins class=\"adsbygoogle\" style=\"display:block;\" data-ad-client=\"ca-pub-4089586018074219\" \ndata-ad-slot=\"2087940154\" \ndata-ad-format=\"auto\"><\/ins>\n<script> \n(adsbygoogle = window.adsbygoogle || []).push({}); \n<\/script>\n<\/div>\n\n\n\n<p>Lors d\u2019une &nbsp;interview avec Public TV, le journaliste Chroniqueur Pape Assane Seck &nbsp;revient sur ce cas qui d\u00e9fraie la chronique.<\/p>\n\n\n\n<p>\u00a0\u00a0\u00ab\u00a0En 2004, y avait un journaliste du nom de Madiambal Diagne, c \u00e9tait au temps de \u00a0Abdoulaye Wade,\u00a0 il a \u00e9t\u00e9 \u00a0arr\u00eat\u00e9 parce qu\u2019on l\u2019accusait d\u2019avoir diffus\u00e9 de fausses nouvelles et des documents secrets. Je ne comprends pas aujourd\u2019hui \u00a0pourquoi certains journalistes pensent que Pape Al\u00e9 a viol\u00e9 la loi\u00a0?\u00bb  <\/p>\n\n\n\n<p> <\/p>\n\n\n\n<p><\/p>\n\n\n\n<p>Maimouna Niang.<\/p>\n<div class=\"publi-apres-le-contenu\" style=\"margin-top: 10px;margin-bottom: 10px;margin-left: auto;margin-right: auto;text-align: center;\" id=\"publi-3420705617\"><div class=\"publi-adlabel\">Publicit\u00e9<\/div><script async src=\"\/\/pagead2.googlesyndication.com\/pagead\/js\/adsbygoogle.js?client=ca-pub-4089586018074219\" crossorigin=\"anonymous\"><\/script><ins class=\"adsbygoogle\" style=\"display:block;\" data-ad-client=\"ca-pub-4089586018074219\" \ndata-ad-slot=\"2087940154\" \ndata-ad-format=\"auto\"><\/ins>\n<script> \n(adsbygoogle = window.adsbygoogle || []).push({}); \n<\/script>\n<\/div>","protected":false},"excerpt":{"rendered":"<p>Le journaliste d\u2019investigation\u00a0 de Darkarmatin Pape Al\u00e9 Niang a \u00e9t\u00e9 interpell\u00e9 par les policiers sous ordre du procureur . Cela fait suite a la publication d\u2019une information nuisible \u00e0 la s\u00e9curit\u00e9. Lors d\u2019une &nbsp;interview avec Public TV, le journaliste Chroniqueur Pape Assane Seck &nbsp;revient sur ce cas qui d\u00e9fraie la chronique. \u00a0\u00a0\u00ab\u00a0En 2004, y avait un journaliste du nom de Madiambal Diagne, c \u00e9tait au temps de \u00a0Abdoulaye Wade,\u00a0 il a \u00e9t\u00e9 \u00a0arr\u00eat\u00e9 parce qu\u2019on l\u2019accusait d\u2019avoir diffus\u00e9 de fausses nouvelles et des documents secrets. Je ne comprends pas aujourd\u2019hui \u00a0pourquoi certains journalistes pensent que Pape Al\u00e9 a viol\u00e9 la loi\u00a0?\u00bb Maimouna Niang.<\/p>\n","protected":false},"author":1,"featured_media":7329,"comment_status":"open","ping_status":"open","sticky":false,"template":"","format":"standard","meta":{"_jetpack_memberships_contains_paid_content":false,"footnotes":""},"categories":[375,3,8,1,372,6],"tags":[1473,2562,2561],"class_list":["post-7418","post","type-post","status-publish","format-standard","has-post-thumbnail","hentry","category-actualites","category-politique","category-public-tv","category-non-classe","category-vedette","category-videos","tag-arrestation","tag-pape-ale-2","tag-pape-assane","entry","has-media","owp-thumbs-layout-horizontal","owp-btn-normal","owp-tabs-layout-horizontal","has-no-thumbnails","has-product-nav"],"yoast_head":"<!-- This site is optimized with the Yoast SEO plugin v25.5 - https:\/\/yoast.com\/wordpress\/plugins\/seo\/ -->\n<title>Arrestation de Pape Al\u00e9 Niang\u00a0: Pa Assane Seck ass\u00e8nes ses v\u00e9rit\u00e9s\u00a0\u2026 - LE PUBLIC<\/title>\n<meta name=\"robots\" content=\"index, follow, max-snippet:-1, max-image-preview:large, max-video-preview:-1\" \/>\n<link rel=\"canonical\" href=\"https:\/\/www.public.sn\/index.php\/2022\/11\/08\/arrestation-de-pape-ale-niang-pa-assane-seck-assenes-ses-verites\/\" \/>\n<meta property=\"og:locale\" content=\"fr_FR\" \/>\n<meta property=\"og:type\" content=\"article\" \/>\n<meta property=\"og:title\" content=\"Arrestation de Pape Al\u00e9 Niang\u00a0: Pa Assane Seck ass\u00e8nes ses v\u00e9rit\u00e9s\u00a0\u2026 - LE PUBLIC\" \/>\n<meta property=\"og:description\" content=\"Le journaliste d\u2019investigation\u00a0 de Darkarmatin Pape Al\u00e9 Niang a \u00e9t\u00e9 interpell\u00e9 par les policiers sous ordre du procureur . Cela fait suite a la publication d\u2019une information nuisible \u00e0 la s\u00e9curit\u00e9. Lors d\u2019une &nbsp;interview avec Public TV, le journaliste Chroniqueur Pape Assane Seck &nbsp;revient sur ce cas qui d\u00e9fraie la chronique. \u00a0\u00a0\u00ab\u00a0En 2004, y avait un journaliste du nom de Madiambal Diagne, c \u00e9tait au temps de \u00a0Abdoulaye Wade,\u00a0 il a \u00e9t\u00e9 \u00a0arr\u00eat\u00e9 parce qu\u2019on l\u2019accusait d\u2019avoir diffus\u00e9 de fausses nouvelles et des documents secrets. Je ne comprends pas aujourd\u2019hui \u00a0pourquoi certains journalistes pensent que Pape Al\u00e9 a viol\u00e9 la loi\u00a0?\u00bb Maimouna Niang.\" \/>\n<meta property=\"og:url\" content=\"https:\/\/www.public.sn\/index.php\/2022\/11\/08\/arrestation-de-pape-ale-niang-pa-assane-seck-assenes-ses-verites\/\" \/>\n<meta property=\"og:site_name\" content=\"LE PUBLIC\" \/>\n<meta property=\"article:published_time\" content=\"2022-11-08T10:18:58+00:00\" \/>\n<meta property=\"article:modified_time\" content=\"2022-11-08T10:19:25+00:00\" \/>\n<meta property=\"og:image\" content=\"https:\/\/www.public.sn\/wp-content\/uploads\/2022\/11\/Pa-Assane-miniature-extrait-2.jpg\" \/>\n\t<meta property=\"og:image:width\" content=\"1920\" \/>\n\t<meta property=\"og:image:height\" content=\"1080\" \/>\n\t<meta property=\"og:image:type\" content=\"image\/jpeg\" \/>\n<meta name=\"author\" content=\"LA REDACTION\" \/>\n<meta name=\"twitter:card\" content=\"summary_large_image\" \/>\n<meta name=\"twitter:label1\" content=\"\u00c9crit par\" \/>\n\t<meta name=\"twitter:data1\" content=\"LA REDACTION\" \/>\n\t<meta name=\"twitter:label2\" content=\"Dur\u00e9e de lecture estim\u00e9e\" \/>\n\t<meta name=\"twitter:data2\" content=\"1 minute\" \/>\n<script type=\"application\/ld+json\" class=\"yoast-schema-graph\">{\"@context\":\"https:\/\/schema.org\",\"@graph\":[{\"@type\":\"Article\",\"@id\":\"https:\/\/www.public.sn\/index.php\/2022\/11\/08\/arrestation-de-pape-ale-niang-pa-assane-seck-assenes-ses-verites\/#article\",\"isPartOf\":{\"@id\":\"https:\/\/www.public.sn\/index.php\/2022\/11\/08\/arrestation-de-pape-ale-niang-pa-assane-seck-assenes-ses-verites\/\"},\"author\":{\"name\":\"LA REDACTION\",\"@id\":\"https:\/\/www.public.sn\/#\/schema\/person\/e3f4a11b037d4203902db148f9bc8d5a\"},\"headline\":\"Arrestation de Pape Al\u00e9 Niang\u00a0: Pa Assane Seck ass\u00e8nes ses v\u00e9rit\u00e9s\u00a0\u2026\",\"datePublished\":\"2022-11-08T10:18:58+00:00\",\"dateModified\":\"2022-11-08T10:19:25+00:00\",\"mainEntityOfPage\":{\"@id\":\"https:\/\/www.public.sn\/index.php\/2022\/11\/08\/arrestation-de-pape-ale-niang-pa-assane-seck-assenes-ses-verites\/\"},\"wordCount\":126,\"commentCount\":0,\"publisher\":{\"@id\":\"https:\/\/www.public.sn\/#organization\"},\"image\":{\"@id\":\"https:\/\/www.public.sn\/index.php\/2022\/11\/08\/arrestation-de-pape-ale-niang-pa-assane-seck-assenes-ses-verites\/#primaryimage\"},\"thumbnailUrl\":\"https:\/\/www.public.sn\/wp-content\/uploads\/2022\/11\/Pa-Assane-miniature-extrait-2.jpg\",\"keywords\":[\"arrestation\",\"Pape ALE\",\"PAPE ASSANE\"],\"articleSection\":[\"ACTUALIT\u00c9S\",\"POLITIQUE\",\"PUBLIC TV\",\"S\u00c9N\u00c9GAL\",\"VEDETTE\",\"VIDEOS\"],\"inLanguage\":\"fr-FR\",\"potentialAction\":[{\"@type\":\"CommentAction\",\"name\":\"Comment\",\"target\":[\"https:\/\/www.public.sn\/index.php\/2022\/11\/08\/arrestation-de-pape-ale-niang-pa-assane-seck-assenes-ses-verites\/#respond\"]}]},{\"@type\":\"WebPage\",\"@id\":\"https:\/\/www.public.sn\/index.php\/2022\/11\/08\/arrestation-de-pape-ale-niang-pa-assane-seck-assenes-ses-verites\/\",\"url\":\"https:\/\/www.public.sn\/index.php\/2022\/11\/08\/arrestation-de-pape-ale-niang-pa-assane-seck-assenes-ses-verites\/\",\"name\":\"Arrestation de Pape Al\u00e9 Niang\u00a0: Pa Assane Seck ass\u00e8nes ses v\u00e9rit\u00e9s\u00a0\u2026 - LE PUBLIC\",\"isPartOf\":{\"@id\":\"https:\/\/www.public.sn\/#website\"},\"primaryImageOfPage\":{\"@id\":\"https:\/\/www.public.sn\/index.php\/2022\/11\/08\/arrestation-de-pape-ale-niang-pa-assane-seck-assenes-ses-verites\/#primaryimage\"},\"image\":{\"@id\":\"https:\/\/www.public.sn\/index.php\/2022\/11\/08\/arrestation-de-pape-ale-niang-pa-assane-seck-assenes-ses-verites\/#primaryimage\"},\"thumbnailUrl\":\"https:\/\/www.public.sn\/wp-content\/uploads\/2022\/11\/Pa-Assane-miniature-extrait-2.jpg\",\"datePublished\":\"2022-11-08T10:18:58+00:00\",\"dateModified\":\"2022-11-08T10:19:25+00:00\",\"breadcrumb\":{\"@id\":\"https:\/\/www.public.sn\/index.php\/2022\/11\/08\/arrestation-de-pape-ale-niang-pa-assane-seck-assenes-ses-verites\/#breadcrumb\"},\"inLanguage\":\"fr-FR\",\"potentialAction\":[{\"@type\":\"ReadAction\",\"target\":[\"https:\/\/www.public.sn\/index.php\/2022\/11\/08\/arrestation-de-pape-ale-niang-pa-assane-seck-assenes-ses-verites\/\"]}]},{\"@type\":\"ImageObject\",\"inLanguage\":\"fr-FR\",\"@id\":\"https:\/\/www.public.sn\/index.php\/2022\/11\/08\/arrestation-de-pape-ale-niang-pa-assane-seck-assenes-ses-verites\/#primaryimage\",\"url\":\"https:\/\/www.public.sn\/wp-content\/uploads\/2022\/11\/Pa-Assane-miniature-extrait-2.jpg\",\"contentUrl\":\"https:\/\/www.public.sn\/wp-content\/uploads\/2022\/11\/Pa-Assane-miniature-extrait-2.jpg\",\"width\":1920,\"height\":1080},{\"@type\":\"BreadcrumbList\",\"@id\":\"https:\/\/www.public.sn\/index.php\/2022\/11\/08\/arrestation-de-pape-ale-niang-pa-assane-seck-assenes-ses-verites\/#breadcrumb\",\"itemListElement\":[{\"@type\":\"ListItem\",\"position\":1,\"name\":\"Accueil\",\"item\":\"https:\/\/www.public.sn\/\"},{\"@type\":\"ListItem\",\"position\":2,\"name\":\"Arrestation de Pape Al\u00e9 Niang\u00a0: Pa Assane Seck ass\u00e8nes ses v\u00e9rit\u00e9s\u00a0\u2026\"}]},{\"@type\":\"WebSite\",\"@id\":\"https:\/\/www.public.sn\/#website\",\"url\":\"https:\/\/www.public.sn\/\",\"name\":\"LE PUBLIC\",\"description\":\"\",\"publisher\":{\"@id\":\"https:\/\/www.public.sn\/#organization\"},\"potentialAction\":[{\"@type\":\"SearchAction\",\"target\":{\"@type\":\"EntryPoint\",\"urlTemplate\":\"https:\/\/www.public.sn\/?s={search_term_string}\"},\"query-input\":{\"@type\":\"PropertyValueSpecification\",\"valueRequired\":true,\"valueName\":\"search_term_string\"}}],\"inLanguage\":\"fr-FR\"},{\"@type\":\"Organization\",\"@id\":\"https:\/\/www.public.sn\/#organization\",\"name\":\"LE PUBLIC\",\"url\":\"https:\/\/www.public.sn\/\",\"logo\":{\"@type\":\"ImageObject\",\"inLanguage\":\"fr-FR\",\"@id\":\"https:\/\/www.public.sn\/#\/schema\/logo\/image\/\",\"url\":\"https:\/\/www.public.sn\/wp-content\/uploads\/2024\/05\/cropped-LOGO-PUBLIC.SN_.png\",\"contentUrl\":\"https:\/\/www.public.sn\/wp-content\/uploads\/2024\/05\/cropped-LOGO-PUBLIC.SN_.png\",\"width\":682,\"height\":192,\"caption\":\"LE PUBLIC\"},\"image\":{\"@id\":\"https:\/\/www.public.sn\/#\/schema\/logo\/image\/\"}},{\"@type\":\"Person\",\"@id\":\"https:\/\/www.public.sn\/#\/schema\/person\/e3f4a11b037d4203902db148f9bc8d5a\",\"name\":\"LA REDACTION\",\"image\":{\"@type\":\"ImageObject\",\"inLanguage\":\"fr-FR\",\"@id\":\"https:\/\/www.public.sn\/#\/schema\/person\/image\/\",\"url\":\"https:\/\/secure.gravatar.com\/avatar\/d6c030db45db2883c075085c5d6c6258654a801a93766b49af0b82d4f454e2a5?s=96&d=mm&r=g\",\"contentUrl\":\"https:\/\/secure.gravatar.com\/avatar\/d6c030db45db2883c075085c5d6c6258654a801a93766b49af0b82d4f454e2a5?s=96&d=mm&r=g\",\"caption\":\"LA REDACTION\"},\"sameAs\":[\"http:\/\/www.public.sn\"],\"url\":\"https:\/\/www.public.sn\/index.php\/author\/admin7324\/\"}]}<\/script>\n<!-- \/ Yoast SEO plugin. -->","yoast_head_json":{"title":"Arrestation de Pape Al\u00e9 Niang\u00a0: Pa Assane Seck ass\u00e8nes ses v\u00e9rit\u00e9s\u00a0\u2026 - LE PUBLIC","robots":{"index":"index","follow":"follow","max-snippet":"max-snippet:-1","max-image-preview":"max-image-preview:large","max-video-preview":"max-video-preview:-1"},"canonical":"https:\/\/www.public.sn\/index.php\/2022\/11\/08\/arrestation-de-pape-ale-niang-pa-assane-seck-assenes-ses-verites\/","og_locale":"fr_FR","og_type":"article","og_title":"Arrestation de Pape Al\u00e9 Niang\u00a0: Pa Assane Seck ass\u00e8nes ses v\u00e9rit\u00e9s\u00a0\u2026 - LE PUBLIC","og_description":"Le journaliste d\u2019investigation\u00a0 de Darkarmatin Pape Al\u00e9 Niang a \u00e9t\u00e9 interpell\u00e9 par les policiers sous ordre du procureur . Cela fait suite a la publication d\u2019une information nuisible \u00e0 la s\u00e9curit\u00e9. Lors d\u2019une &nbsp;interview avec Public TV, le journaliste Chroniqueur Pape Assane Seck &nbsp;revient sur ce cas qui d\u00e9fraie la chronique. \u00a0\u00a0\u00ab\u00a0En 2004, y avait un journaliste du nom de Madiambal Diagne, c \u00e9tait au temps de \u00a0Abdoulaye Wade,\u00a0 il a \u00e9t\u00e9 \u00a0arr\u00eat\u00e9 parce qu\u2019on l\u2019accusait d\u2019avoir diffus\u00e9 de fausses nouvelles et des documents secrets. Je ne comprends pas aujourd\u2019hui \u00a0pourquoi certains journalistes pensent que Pape Al\u00e9 a viol\u00e9 la loi\u00a0?\u00bb Maimouna Niang.","og_url":"https:\/\/www.public.sn\/index.php\/2022\/11\/08\/arrestation-de-pape-ale-niang-pa-assane-seck-assenes-ses-verites\/","og_site_name":"LE PUBLIC","article_published_time":"2022-11-08T10:18:58+00:00","article_modified_time":"2022-11-08T10:19:25+00:00","og_image":[{"width":1920,"height":1080,"url":"https:\/\/www.public.sn\/wp-content\/uploads\/2022\/11\/Pa-Assane-miniature-extrait-2.jpg","type":"image\/jpeg"}],"author":"LA REDACTION","twitter_card":"summary_large_image","twitter_misc":{"\u00c9crit par":"LA REDACTION","Dur\u00e9e de lecture estim\u00e9e":"1 minute"},"schema":{"@context":"https:\/\/schema.org","@graph":[{"@type":"Article","@id":"https:\/\/www.public.sn\/index.php\/2022\/11\/08\/arrestation-de-pape-ale-niang-pa-assane-seck-assenes-ses-verites\/#article","isPartOf":{"@id":"https:\/\/www.public.sn\/index.php\/2022\/11\/08\/arrestation-de-pape-ale-niang-pa-assane-seck-assenes-ses-verites\/"},"author":{"name":"LA REDACTION","@id":"https:\/\/www.public.sn\/#\/schema\/person\/e3f4a11b037d4203902db148f9bc8d5a"},"headline":"Arrestation de Pape Al\u00e9 Niang\u00a0: Pa Assane Seck ass\u00e8nes ses v\u00e9rit\u00e9s\u00a0\u2026","datePublished":"2022-11-08T10:18:58+00:00","dateModified":"2022-11-08T10:19:25+00:00","mainEntityOfPage":{"@id":"https:\/\/www.public.sn\/index.php\/2022\/11\/08\/arrestation-de-pape-ale-niang-pa-assane-seck-assenes-ses-verites\/"},"wordCount":126,"commentCount":0,"publisher":{"@id":"https:\/\/www.public.sn\/#organization"},"image":{"@id":"https:\/\/www.public.sn\/index.php\/2022\/11\/08\/arrestation-de-pape-ale-niang-pa-assane-seck-assenes-ses-verites\/#primaryimage"},"thumbnailUrl":"https:\/\/www.public.sn\/wp-content\/uploads\/2022\/11\/Pa-Assane-miniature-extrait-2.jpg","keywords":["arrestation","Pape ALE","PAPE ASSANE"],"articleSection":["ACTUALIT\u00c9S","POLITIQUE","PUBLIC TV","S\u00c9N\u00c9GAL","VEDETTE","VIDEOS"],"inLanguage":"fr-FR","potentialAction":[{"@type":"CommentAction","name":"Comment","target":["https:\/\/www.public.sn\/index.php\/2022\/11\/08\/arrestation-de-pape-ale-niang-pa-assane-seck-assenes-ses-verites\/#respond"]}]},{"@type":"WebPage","@id":"https:\/\/www.public.sn\/index.php\/2022\/11\/08\/arrestation-de-pape-ale-niang-pa-assane-seck-assenes-ses-verites\/","url":"https:\/\/www.public.sn\/index.php\/2022\/11\/08\/arrestation-de-pape-ale-niang-pa-assane-seck-assenes-ses-verites\/","name":"Arrestation de Pape Al\u00e9 Niang\u00a0: Pa Assane Seck ass\u00e8nes ses v\u00e9rit\u00e9s\u00a0\u2026 - LE PUBLIC","isPartOf":{"@id":"https:\/\/www.public.sn\/#website"},"primaryImageOfPage":{"@id":"https:\/\/www.public.sn\/index.php\/2022\/11\/08\/arrestation-de-pape-ale-niang-pa-assane-seck-assenes-ses-verites\/#primaryimage"},"image":{"@id":"https:\/\/www.public.sn\/index.php\/2022\/11\/08\/arrestation-de-pape-ale-niang-pa-assane-seck-assenes-ses-verites\/#primaryimage"},"thumbnailUrl":"https:\/\/www.public.sn\/wp-content\/uploads\/2022\/11\/Pa-Assane-miniature-extrait-2.jpg","datePublished":"2022-11-08T10:18:58+00:00","dateModified":"2022-11-08T10:19:25+00:00","breadcrumb":{"@id":"https:\/\/www.public.sn\/index.php\/2022\/11\/08\/arrestation-de-pape-ale-niang-pa-assane-seck-assenes-ses-verites\/#breadcrumb"},"inLanguage":"fr-FR","potentialAction":[{"@type":"ReadAction","target":["https:\/\/www.public.sn\/index.php\/2022\/11\/08\/arrestation-de-pape-ale-niang-pa-assane-seck-assenes-ses-verites\/"]}]},{"@type":"ImageObject","inLanguage":"fr-FR","@id":"https:\/\/www.public.sn\/index.php\/2022\/11\/08\/arrestation-de-pape-ale-niang-pa-assane-seck-assenes-ses-verites\/#primaryimage","url":"https:\/\/www.public.sn\/wp-content\/uploads\/2022\/11\/Pa-Assane-miniature-extrait-2.jpg","contentUrl":"https:\/\/www.public.sn\/wp-content\/uploads\/2022\/11\/Pa-Assane-miniature-extrait-2.jpg","width":1920,"height":1080},{"@type":"BreadcrumbList","@id":"https:\/\/www.public.sn\/index.php\/2022\/11\/08\/arrestation-de-pape-ale-niang-pa-assane-seck-assenes-ses-verites\/#breadcrumb","itemListElement":[{"@type":"ListItem","position":1,"name":"Accueil","item":"https:\/\/www.public.sn\/"},{"@type":"ListItem","position":2,"name":"Arrestation de Pape Al\u00e9 Niang\u00a0: Pa Assane Seck ass\u00e8nes ses v\u00e9rit\u00e9s\u00a0\u2026"}]},{"@type":"WebSite","@id":"https:\/\/www.public.sn\/#website","url":"https:\/\/www.public.sn\/","name":"LE PUBLIC","description":"","publisher":{"@id":"https:\/\/www.public.sn\/#organization"},"potentialAction":[{"@type":"SearchAction","target":{"@type":"EntryPoint","urlTemplate":"https:\/\/www.public.sn\/?s={search_term_string}"},"query-input":{"@type":"PropertyValueSpecification","valueRequired":true,"valueName":"search_term_string"}}],"inLanguage":"fr-FR"},{"@type":"Organization","@id":"https:\/\/www.public.sn\/#organization","name":"LE PUBLIC","url":"https:\/\/www.public.sn\/","logo":{"@type":"ImageObject","inLanguage":"fr-FR","@id":"https:\/\/www.public.sn\/#\/schema\/logo\/image\/","url":"https:\/\/www.public.sn\/wp-content\/uploads\/2024\/05\/cropped-LOGO-PUBLIC.SN_.png","contentUrl":"https:\/\/www.public.sn\/wp-content\/uploads\/2024\/05\/cropped-LOGO-PUBLIC.SN_.png","width":682,"height":192,"caption":"LE PUBLIC"},"image":{"@id":"https:\/\/www.public.sn\/#\/schema\/logo\/image\/"}},{"@type":"Person","@id":"https:\/\/www.public.sn\/#\/schema\/person\/e3f4a11b037d4203902db148f9bc8d5a","name":"LA REDACTION","image":{"@type":"ImageObject","inLanguage":"fr-FR","@id":"https:\/\/www.public.sn\/#\/schema\/person\/image\/","url":"https:\/\/secure.gravatar.com\/avatar\/d6c030db45db2883c075085c5d6c6258654a801a93766b49af0b82d4f454e2a5?s=96&d=mm&r=g","contentUrl":"https:\/\/secure.gravatar.com\/avatar\/d6c030db45db2883c075085c5d6c6258654a801a93766b49af0b82d4f454e2a5?s=96&d=mm&r=g","caption":"LA REDACTION"},"sameAs":["http:\/\/www.public.sn"],"url":"https:\/\/www.public.sn\/index.php\/author\/admin7324\/"}]}},"jetpack_featured_media_url":"https:\/\/www.public.sn\/wp-content\/uploads\/2022\/11\/Pa-Assane-miniature-extrait-2.jpg","jetpack_sharing_enabled":true,"_links":{"self":[{"href":"https:\/\/www.public.sn\/index.php\/wp-json\/wp\/v2\/posts\/7418","targetHints":{"allow":["GET"]}}],"collection":[{"href":"https:\/\/www.public.sn\/index.php\/wp-json\/wp\/v2\/posts"}],"about":[{"href":"https:\/\/www.public.sn\/index.php\/wp-json\/wp\/v2\/types\/post"}],"author":[{"embeddable":true,"href":"https:\/\/www.public.sn\/index.php\/wp-json\/wp\/v2\/users\/1"}],"replies":[{"embeddable":true,"href":"https:\/\/www.public.sn\/index.php\/wp-json\/wp\/v2\/comments?post=7418"}],"version-history":[{"count":2,"href":"https:\/\/www.public.sn\/index.php\/wp-json\/wp\/v2\/posts\/7418\/revisions"}],"predecessor-version":[{"id":7431,"href":"https:\/\/www.public.sn\/index.php\/wp-json\/wp\/v2\/posts\/7418\/revisions\/7431"}],"wp:featuredmedia":[{"embeddable":true,"href":"https:\/\/www.public.sn\/index.php\/wp-json\/wp\/v2\/media\/7329"}],"wp:attachment":[{"href":"https:\/\/www.public.sn\/index.php\/wp-json\/wp\/v2\/media?parent=7418"}],"wp:term":[{"taxonomy":"category","embeddable":true,"href":"https:\/\/www.public.sn\/index.php\/wp-json\/wp\/v2\/categories?post=7418"},{"taxonomy":"post_tag","embeddable":true,"href":"https:\/\/www.public.sn\/index.php\/wp-json\/wp\/v2\/tags?post=7418"}],"curies":[{"name":"wp","href":"https:\/\/api.w.org\/{rel}","templated":true}]}}