{"id":742,"date":"2022-08-27T10:31:41","date_gmt":"2022-08-27T08:31:41","guid":{"rendered":"https:\/\/www.public.sn\/?p=742"},"modified":"2022-08-27T10:31:42","modified_gmt":"2022-08-27T08:31:42","slug":"affaire-francois-mancabou-les-membres-de-la-famille-auditionnes-livrent-tout-aux-enqueteurs","status":"publish","type":"post","link":"https:\/\/www.public.sn\/index.php\/2022\/08\/27\/affaire-francois-mancabou-les-membres-de-la-famille-auditionnes-livrent-tout-aux-enqueteurs\/","title":{"rendered":"Affaire Fran\u00e7ois Mancabou : Les membres de la famille auditionn\u00e9s livrent tout aux enqu\u00eateurs."},"content":{"rendered":"\n<p>La Division sp\u00e9ciale de cybers\u00e9curit\u00e9 (DSC) poursuit l\u2019enqu\u00eate sur la plainte des membres de la famille de Fran\u00e7ois Mancabou. Ces derniers ont saisi la police pour d\u00e9noncer des menaces et tentatives d\u2019intimidations re\u00e7ues de personnes sur leurs t\u00e9l\u00e9phones.<br>Christine Coly, la compagne de Fran\u00e7ois Mancabou, a \u00e9t\u00e9 la premi\u00e8re \u00e0 \u00eatre auditionn\u00e9e. Elle avait confirm\u00e9 sa plainte, remis les num\u00e9ros incrimin\u00e9s et rapport\u00e9 les contenus des \u00e9changes avec les correspondants myst\u00e9rieux.<\/p><div class=\"publi-paragraphe1\" style=\"margin-top: 10px;margin-bottom: 10px;margin-left: auto;margin-right: auto;text-align: center;\" id=\"publi-1933157263\"><div class=\"publi-adlabel\">Publicit\u00e9<\/div><script async src=\"\/\/pagead2.googlesyndication.com\/pagead\/js\/adsbygoogle.js?client=ca-pub-4089586018074219\" crossorigin=\"anonymous\"><\/script><ins class=\"adsbygoogle\" style=\"display:block;\" data-ad-client=\"ca-pub-4089586018074219\" \ndata-ad-slot=\"2087940154\" \ndata-ad-format=\"auto\"><\/ins>\n<script> \n(adsbygoogle = window.adsbygoogle || []).push({}); \n<\/script>\n<\/div>\n\n\n\n<p>Ces derniers lui parlaient de sa participation \u00e0 une manifestation organis\u00e9e par Guy-Marius Sagna. Et l\u2019un d\u2019entre eux disait vouloir r\u00e9cup\u00e9rer un v\u00eatement que Fran\u00e7ois Mancabou lui aurait offert.<br>Trois autres personnes ont \u00e9t\u00e9 entendues, d\u2019apr\u00e8s Lib\u00e9ration. Dans son \u00e9dition de ce samedi, le journal, qui a perc\u00e9 l\u2019enqu\u00eate, informe qu\u2019il s\u2019agit du fr\u00e8re de Christine Coly, Jean-Baptiste Coly, et de deux cousins de Fran\u00e7ois Mancabou, Justin Boucal et Alain Mancor.<br>Lib\u00e9ration rapporte que Jean-Baptiste Coly a appel\u00e9 sur l\u2019un des num\u00e9ros avec lesquels sa s\u0153ur a \u00e9t\u00e9 contact\u00e9e pour demander \u00e0 la personne \u00e0 l\u2019autre bout du fil de cesser ses appels.<br>Boucal et Mancor, eux, ont re\u00e7u des audio. Dans l\u2019un des enregistrements, quelqu\u2019un se pr\u00e9sente comme un proche d\u2019un leader politique qui souhaiterait aider la famille Mancabou. Dans un autre, l\u2019appelant pr\u00e9tend \u00eatre un brancardier de l\u2019h\u00f4pital Principal et vouloir donner des informations sur la mort de Fran\u00e7ois Mancabou.<br>L\u2019enqu\u00eate suit son cours.j<\/p>\n\n\n\n<p><em>R\u00e9dactions Public SN<\/em><\/p>\n<div class=\"publi-apres-le-contenu\" style=\"margin-top: 10px;margin-bottom: 10px;margin-left: auto;margin-right: auto;text-align: center;\" id=\"publi-1505057019\"><div class=\"publi-adlabel\">Publicit\u00e9<\/div><script async src=\"\/\/pagead2.googlesyndication.com\/pagead\/js\/adsbygoogle.js?client=ca-pub-4089586018074219\" crossorigin=\"anonymous\"><\/script><ins class=\"adsbygoogle\" style=\"display:block;\" data-ad-client=\"ca-pub-4089586018074219\" \ndata-ad-slot=\"2087940154\" \ndata-ad-format=\"auto\"><\/ins>\n<script> \n(adsbygoogle = window.adsbygoogle || []).push({}); \n<\/script>\n<\/div>","protected":false},"excerpt":{"rendered":"<p>La Division sp\u00e9ciale de cybers\u00e9curit\u00e9 (DSC) poursuit l\u2019enqu\u00eate sur la plainte des membres de la famille de Fran\u00e7ois Mancabou. Ces derniers ont saisi la police pour d\u00e9noncer des menaces et tentatives d\u2019intimidations re\u00e7ues de personnes sur leurs t\u00e9l\u00e9phones.Christine Coly, la compagne de Fran\u00e7ois Mancabou, a \u00e9t\u00e9 la premi\u00e8re \u00e0 \u00eatre auditionn\u00e9e. Elle avait confirm\u00e9 sa plainte, remis les num\u00e9ros incrimin\u00e9s et rapport\u00e9 les contenus des \u00e9changes avec les correspondants myst\u00e9rieux. Ces derniers lui parlaient de sa participation \u00e0 une manifestation organis\u00e9e par Guy-Marius Sagna. Et l\u2019un d\u2019entre eux disait vouloir r\u00e9cup\u00e9rer un v\u00eatement que Fran\u00e7ois Mancabou lui aurait offert.Trois autres personnes ont \u00e9t\u00e9 entendues, d\u2019apr\u00e8s Lib\u00e9ration. Dans son \u00e9dition de ce samedi, le journal, qui a perc\u00e9 l\u2019enqu\u00eate, informe qu\u2019il s\u2019agit du fr\u00e8re de Christine Coly, Jean-Baptiste Coly, et de deux cousins de Fran\u00e7ois Mancabou, Justin Boucal et Alain Mancor.Lib\u00e9ration rapporte que Jean-Baptiste Coly a appel\u00e9 sur l\u2019un des num\u00e9ros avec lesquels sa s\u0153ur a \u00e9t\u00e9 contact\u00e9e pour demander \u00e0 la personne \u00e0 l\u2019autre bout du fil de cesser ses appels.Boucal et Mancor, eux, ont re\u00e7u des audio. Dans l\u2019un des enregistrements, quelqu\u2019un se pr\u00e9sente comme un proche d\u2019un leader politique qui souhaiterait aider la famille Mancabou. Dans un autre, l\u2019appelant pr\u00e9tend \u00eatre un brancardier de l\u2019h\u00f4pital Principal et vouloir donner des informations sur la mort de Fran\u00e7ois Mancabou.L\u2019enqu\u00eate suit son cours.j R\u00e9dactions Public SN<\/p>\n","protected":false},"author":1,"featured_media":743,"comment_status":"open","ping_status":"open","sticky":false,"template":"","format":"standard","meta":{"_jetpack_memberships_contains_paid_content":false,"footnotes":""},"categories":[4],"tags":[],"class_list":["post-742","post","type-post","status-publish","format-standard","has-post-thumbnail","hentry","category-societe","entry","has-media","owp-thumbs-layout-horizontal","owp-btn-normal","owp-tabs-layout-horizontal","has-no-thumbnails","has-product-nav"],"yoast_head":"<!-- This site is optimized with the Yoast SEO plugin v25.5 - https:\/\/yoast.com\/wordpress\/plugins\/seo\/ -->\n<title>Affaire Fran\u00e7ois Mancabou : Les membres de la famille auditionn\u00e9s livrent tout aux enqu\u00eateurs. - LE PUBLIC<\/title>\n<meta name=\"robots\" content=\"index, follow, max-snippet:-1, max-image-preview:large, max-video-preview:-1\" \/>\n<link rel=\"canonical\" href=\"https:\/\/www.public.sn\/index.php\/2022\/08\/27\/affaire-francois-mancabou-les-membres-de-la-famille-auditionnes-livrent-tout-aux-enqueteurs\/\" \/>\n<meta property=\"og:locale\" content=\"fr_FR\" \/>\n<meta property=\"og:type\" content=\"article\" \/>\n<meta property=\"og:title\" content=\"Affaire Fran\u00e7ois Mancabou : Les membres de la famille auditionn\u00e9s livrent tout aux enqu\u00eateurs. - LE PUBLIC\" \/>\n<meta property=\"og:description\" content=\"La Division sp\u00e9ciale de cybers\u00e9curit\u00e9 (DSC) poursuit l\u2019enqu\u00eate sur la plainte des membres de la famille de Fran\u00e7ois Mancabou. Ces derniers ont saisi la police pour d\u00e9noncer des menaces et tentatives d\u2019intimidations re\u00e7ues de personnes sur leurs t\u00e9l\u00e9phones.Christine Coly, la compagne de Fran\u00e7ois Mancabou, a \u00e9t\u00e9 la premi\u00e8re \u00e0 \u00eatre auditionn\u00e9e. Elle avait confirm\u00e9 sa plainte, remis les num\u00e9ros incrimin\u00e9s et rapport\u00e9 les contenus des \u00e9changes avec les correspondants myst\u00e9rieux. Ces derniers lui parlaient de sa participation \u00e0 une manifestation organis\u00e9e par Guy-Marius Sagna. Et l\u2019un d\u2019entre eux disait vouloir r\u00e9cup\u00e9rer un v\u00eatement que Fran\u00e7ois Mancabou lui aurait offert.Trois autres personnes ont \u00e9t\u00e9 entendues, d\u2019apr\u00e8s Lib\u00e9ration. Dans son \u00e9dition de ce samedi, le journal, qui a perc\u00e9 l\u2019enqu\u00eate, informe qu\u2019il s\u2019agit du fr\u00e8re de Christine Coly, Jean-Baptiste Coly, et de deux cousins de Fran\u00e7ois Mancabou, Justin Boucal et Alain Mancor.Lib\u00e9ration rapporte que Jean-Baptiste Coly a appel\u00e9 sur l\u2019un des num\u00e9ros avec lesquels sa s\u0153ur a \u00e9t\u00e9 contact\u00e9e pour demander \u00e0 la personne \u00e0 l\u2019autre bout du fil de cesser ses appels.Boucal et Mancor, eux, ont re\u00e7u des audio. Dans l\u2019un des enregistrements, quelqu\u2019un se pr\u00e9sente comme un proche d\u2019un leader politique qui souhaiterait aider la famille Mancabou. Dans un autre, l\u2019appelant pr\u00e9tend \u00eatre un brancardier de l\u2019h\u00f4pital Principal et vouloir donner des informations sur la mort de Fran\u00e7ois Mancabou.L\u2019enqu\u00eate suit son cours.j R\u00e9dactions Public SN\" \/>\n<meta property=\"og:url\" content=\"https:\/\/www.public.sn\/index.php\/2022\/08\/27\/affaire-francois-mancabou-les-membres-de-la-famille-auditionnes-livrent-tout-aux-enqueteurs\/\" \/>\n<meta property=\"og:site_name\" content=\"LE PUBLIC\" \/>\n<meta property=\"article:published_time\" content=\"2022-08-27T08:31:41+00:00\" \/>\n<meta property=\"article:modified_time\" content=\"2022-08-27T08:31:42+00:00\" \/>\n<meta property=\"og:image\" content=\"https:\/\/www.public.sn\/wp-content\/uploads\/2022\/08\/072999DE-D787-4875-84BD-8C2452EF9BE0.jpeg\" \/>\n\t<meta property=\"og:image:width\" content=\"696\" \/>\n\t<meta property=\"og:image:height\" content=\"398\" \/>\n\t<meta property=\"og:image:type\" content=\"image\/jpeg\" \/>\n<meta name=\"author\" content=\"LA REDACTION\" \/>\n<meta name=\"twitter:card\" content=\"summary_large_image\" \/>\n<meta name=\"twitter:label1\" content=\"\u00c9crit par\" \/>\n\t<meta name=\"twitter:data1\" content=\"LA REDACTION\" \/>\n\t<meta name=\"twitter:label2\" content=\"Dur\u00e9e de lecture estim\u00e9e\" \/>\n\t<meta name=\"twitter:data2\" content=\"2 minutes\" \/>\n<script type=\"application\/ld+json\" class=\"yoast-schema-graph\">{\"@context\":\"https:\/\/schema.org\",\"@graph\":[{\"@type\":\"Article\",\"@id\":\"https:\/\/www.public.sn\/index.php\/2022\/08\/27\/affaire-francois-mancabou-les-membres-de-la-famille-auditionnes-livrent-tout-aux-enqueteurs\/#article\",\"isPartOf\":{\"@id\":\"https:\/\/www.public.sn\/index.php\/2022\/08\/27\/affaire-francois-mancabou-les-membres-de-la-famille-auditionnes-livrent-tout-aux-enqueteurs\/\"},\"author\":{\"name\":\"LA REDACTION\",\"@id\":\"https:\/\/www.public.sn\/#\/schema\/person\/e3f4a11b037d4203902db148f9bc8d5a\"},\"headline\":\"Affaire Fran\u00e7ois Mancabou : Les membres de la famille auditionn\u00e9s livrent tout aux enqu\u00eateurs.\",\"datePublished\":\"2022-08-27T08:31:41+00:00\",\"dateModified\":\"2022-08-27T08:31:42+00:00\",\"mainEntityOfPage\":{\"@id\":\"https:\/\/www.public.sn\/index.php\/2022\/08\/27\/affaire-francois-mancabou-les-membres-de-la-famille-auditionnes-livrent-tout-aux-enqueteurs\/\"},\"wordCount\":294,\"commentCount\":0,\"publisher\":{\"@id\":\"https:\/\/www.public.sn\/#organization\"},\"image\":{\"@id\":\"https:\/\/www.public.sn\/index.php\/2022\/08\/27\/affaire-francois-mancabou-les-membres-de-la-famille-auditionnes-livrent-tout-aux-enqueteurs\/#primaryimage\"},\"thumbnailUrl\":\"https:\/\/www.public.sn\/wp-content\/uploads\/2022\/08\/072999DE-D787-4875-84BD-8C2452EF9BE0.jpeg\",\"articleSection\":[\"SOCIETE\"],\"inLanguage\":\"fr-FR\",\"potentialAction\":[{\"@type\":\"CommentAction\",\"name\":\"Comment\",\"target\":[\"https:\/\/www.public.sn\/index.php\/2022\/08\/27\/affaire-francois-mancabou-les-membres-de-la-famille-auditionnes-livrent-tout-aux-enqueteurs\/#respond\"]}]},{\"@type\":\"WebPage\",\"@id\":\"https:\/\/www.public.sn\/index.php\/2022\/08\/27\/affaire-francois-mancabou-les-membres-de-la-famille-auditionnes-livrent-tout-aux-enqueteurs\/\",\"url\":\"https:\/\/www.public.sn\/index.php\/2022\/08\/27\/affaire-francois-mancabou-les-membres-de-la-famille-auditionnes-livrent-tout-aux-enqueteurs\/\",\"name\":\"Affaire Fran\u00e7ois Mancabou : Les membres de la famille auditionn\u00e9s livrent tout aux enqu\u00eateurs. - LE PUBLIC\",\"isPartOf\":{\"@id\":\"https:\/\/www.public.sn\/#website\"},\"primaryImageOfPage\":{\"@id\":\"https:\/\/www.public.sn\/index.php\/2022\/08\/27\/affaire-francois-mancabou-les-membres-de-la-famille-auditionnes-livrent-tout-aux-enqueteurs\/#primaryimage\"},\"image\":{\"@id\":\"https:\/\/www.public.sn\/index.php\/2022\/08\/27\/affaire-francois-mancabou-les-membres-de-la-famille-auditionnes-livrent-tout-aux-enqueteurs\/#primaryimage\"},\"thumbnailUrl\":\"https:\/\/www.public.sn\/wp-content\/uploads\/2022\/08\/072999DE-D787-4875-84BD-8C2452EF9BE0.jpeg\",\"datePublished\":\"2022-08-27T08:31:41+00:00\",\"dateModified\":\"2022-08-27T08:31:42+00:00\",\"breadcrumb\":{\"@id\":\"https:\/\/www.public.sn\/index.php\/2022\/08\/27\/affaire-francois-mancabou-les-membres-de-la-famille-auditionnes-livrent-tout-aux-enqueteurs\/#breadcrumb\"},\"inLanguage\":\"fr-FR\",\"potentialAction\":[{\"@type\":\"ReadAction\",\"target\":[\"https:\/\/www.public.sn\/index.php\/2022\/08\/27\/affaire-francois-mancabou-les-membres-de-la-famille-auditionnes-livrent-tout-aux-enqueteurs\/\"]}]},{\"@type\":\"ImageObject\",\"inLanguage\":\"fr-FR\",\"@id\":\"https:\/\/www.public.sn\/index.php\/2022\/08\/27\/affaire-francois-mancabou-les-membres-de-la-famille-auditionnes-livrent-tout-aux-enqueteurs\/#primaryimage\",\"url\":\"https:\/\/www.public.sn\/wp-content\/uploads\/2022\/08\/072999DE-D787-4875-84BD-8C2452EF9BE0.jpeg\",\"contentUrl\":\"https:\/\/www.public.sn\/wp-content\/uploads\/2022\/08\/072999DE-D787-4875-84BD-8C2452EF9BE0.jpeg\",\"width\":696,\"height\":398},{\"@type\":\"BreadcrumbList\",\"@id\":\"https:\/\/www.public.sn\/index.php\/2022\/08\/27\/affaire-francois-mancabou-les-membres-de-la-famille-auditionnes-livrent-tout-aux-enqueteurs\/#breadcrumb\",\"itemListElement\":[{\"@type\":\"ListItem\",\"position\":1,\"name\":\"Accueil\",\"item\":\"https:\/\/www.public.sn\/\"},{\"@type\":\"ListItem\",\"position\":2,\"name\":\"Affaire Fran\u00e7ois Mancabou : Les membres de la famille auditionn\u00e9s livrent tout aux enqu\u00eateurs.\"}]},{\"@type\":\"WebSite\",\"@id\":\"https:\/\/www.public.sn\/#website\",\"url\":\"https:\/\/www.public.sn\/\",\"name\":\"LE PUBLIC\",\"description\":\"\",\"publisher\":{\"@id\":\"https:\/\/www.public.sn\/#organization\"},\"potentialAction\":[{\"@type\":\"SearchAction\",\"target\":{\"@type\":\"EntryPoint\",\"urlTemplate\":\"https:\/\/www.public.sn\/?s={search_term_string}\"},\"query-input\":{\"@type\":\"PropertyValueSpecification\",\"valueRequired\":true,\"valueName\":\"search_term_string\"}}],\"inLanguage\":\"fr-FR\"},{\"@type\":\"Organization\",\"@id\":\"https:\/\/www.public.sn\/#organization\",\"name\":\"LE PUBLIC\",\"url\":\"https:\/\/www.public.sn\/\",\"logo\":{\"@type\":\"ImageObject\",\"inLanguage\":\"fr-FR\",\"@id\":\"https:\/\/www.public.sn\/#\/schema\/logo\/image\/\",\"url\":\"https:\/\/www.public.sn\/wp-content\/uploads\/2024\/05\/cropped-LOGO-PUBLIC.SN_.png\",\"contentUrl\":\"https:\/\/www.public.sn\/wp-content\/uploads\/2024\/05\/cropped-LOGO-PUBLIC.SN_.png\",\"width\":682,\"height\":192,\"caption\":\"LE PUBLIC\"},\"image\":{\"@id\":\"https:\/\/www.public.sn\/#\/schema\/logo\/image\/\"}},{\"@type\":\"Person\",\"@id\":\"https:\/\/www.public.sn\/#\/schema\/person\/e3f4a11b037d4203902db148f9bc8d5a\",\"name\":\"LA REDACTION\",\"image\":{\"@type\":\"ImageObject\",\"inLanguage\":\"fr-FR\",\"@id\":\"https:\/\/www.public.sn\/#\/schema\/person\/image\/\",\"url\":\"https:\/\/secure.gravatar.com\/avatar\/d6c030db45db2883c075085c5d6c6258654a801a93766b49af0b82d4f454e2a5?s=96&d=mm&r=g\",\"contentUrl\":\"https:\/\/secure.gravatar.com\/avatar\/d6c030db45db2883c075085c5d6c6258654a801a93766b49af0b82d4f454e2a5?s=96&d=mm&r=g\",\"caption\":\"LA REDACTION\"},\"sameAs\":[\"http:\/\/www.public.sn\"],\"url\":\"https:\/\/www.public.sn\/index.php\/author\/admin7324\/\"}]}<\/script>\n<!-- \/ Yoast SEO plugin. -->","yoast_head_json":{"title":"Affaire Fran\u00e7ois Mancabou : Les membres de la famille auditionn\u00e9s livrent tout aux enqu\u00eateurs. - LE PUBLIC","robots":{"index":"index","follow":"follow","max-snippet":"max-snippet:-1","max-image-preview":"max-image-preview:large","max-video-preview":"max-video-preview:-1"},"canonical":"https:\/\/www.public.sn\/index.php\/2022\/08\/27\/affaire-francois-mancabou-les-membres-de-la-famille-auditionnes-livrent-tout-aux-enqueteurs\/","og_locale":"fr_FR","og_type":"article","og_title":"Affaire Fran\u00e7ois Mancabou : Les membres de la famille auditionn\u00e9s livrent tout aux enqu\u00eateurs. - LE PUBLIC","og_description":"La Division sp\u00e9ciale de cybers\u00e9curit\u00e9 (DSC) poursuit l\u2019enqu\u00eate sur la plainte des membres de la famille de Fran\u00e7ois Mancabou. Ces derniers ont saisi la police pour d\u00e9noncer des menaces et tentatives d\u2019intimidations re\u00e7ues de personnes sur leurs t\u00e9l\u00e9phones.Christine Coly, la compagne de Fran\u00e7ois Mancabou, a \u00e9t\u00e9 la premi\u00e8re \u00e0 \u00eatre auditionn\u00e9e. Elle avait confirm\u00e9 sa plainte, remis les num\u00e9ros incrimin\u00e9s et rapport\u00e9 les contenus des \u00e9changes avec les correspondants myst\u00e9rieux. Ces derniers lui parlaient de sa participation \u00e0 une manifestation organis\u00e9e par Guy-Marius Sagna. Et l\u2019un d\u2019entre eux disait vouloir r\u00e9cup\u00e9rer un v\u00eatement que Fran\u00e7ois Mancabou lui aurait offert.Trois autres personnes ont \u00e9t\u00e9 entendues, d\u2019apr\u00e8s Lib\u00e9ration. Dans son \u00e9dition de ce samedi, le journal, qui a perc\u00e9 l\u2019enqu\u00eate, informe qu\u2019il s\u2019agit du fr\u00e8re de Christine Coly, Jean-Baptiste Coly, et de deux cousins de Fran\u00e7ois Mancabou, Justin Boucal et Alain Mancor.Lib\u00e9ration rapporte que Jean-Baptiste Coly a appel\u00e9 sur l\u2019un des num\u00e9ros avec lesquels sa s\u0153ur a \u00e9t\u00e9 contact\u00e9e pour demander \u00e0 la personne \u00e0 l\u2019autre bout du fil de cesser ses appels.Boucal et Mancor, eux, ont re\u00e7u des audio. Dans l\u2019un des enregistrements, quelqu\u2019un se pr\u00e9sente comme un proche d\u2019un leader politique qui souhaiterait aider la famille Mancabou. Dans un autre, l\u2019appelant pr\u00e9tend \u00eatre un brancardier de l\u2019h\u00f4pital Principal et vouloir donner des informations sur la mort de Fran\u00e7ois Mancabou.L\u2019enqu\u00eate suit son cours.j R\u00e9dactions Public SN","og_url":"https:\/\/www.public.sn\/index.php\/2022\/08\/27\/affaire-francois-mancabou-les-membres-de-la-famille-auditionnes-livrent-tout-aux-enqueteurs\/","og_site_name":"LE PUBLIC","article_published_time":"2022-08-27T08:31:41+00:00","article_modified_time":"2022-08-27T08:31:42+00:00","og_image":[{"width":696,"height":398,"url":"https:\/\/www.public.sn\/wp-content\/uploads\/2022\/08\/072999DE-D787-4875-84BD-8C2452EF9BE0.jpeg","type":"image\/jpeg"}],"author":"LA REDACTION","twitter_card":"summary_large_image","twitter_misc":{"\u00c9crit par":"LA REDACTION","Dur\u00e9e de lecture estim\u00e9e":"2 minutes"},"schema":{"@context":"https:\/\/schema.org","@graph":[{"@type":"Article","@id":"https:\/\/www.public.sn\/index.php\/2022\/08\/27\/affaire-francois-mancabou-les-membres-de-la-famille-auditionnes-livrent-tout-aux-enqueteurs\/#article","isPartOf":{"@id":"https:\/\/www.public.sn\/index.php\/2022\/08\/27\/affaire-francois-mancabou-les-membres-de-la-famille-auditionnes-livrent-tout-aux-enqueteurs\/"},"author":{"name":"LA REDACTION","@id":"https:\/\/www.public.sn\/#\/schema\/person\/e3f4a11b037d4203902db148f9bc8d5a"},"headline":"Affaire Fran\u00e7ois Mancabou : Les membres de la famille auditionn\u00e9s livrent tout aux enqu\u00eateurs.","datePublished":"2022-08-27T08:31:41+00:00","dateModified":"2022-08-27T08:31:42+00:00","mainEntityOfPage":{"@id":"https:\/\/www.public.sn\/index.php\/2022\/08\/27\/affaire-francois-mancabou-les-membres-de-la-famille-auditionnes-livrent-tout-aux-enqueteurs\/"},"wordCount":294,"commentCount":0,"publisher":{"@id":"https:\/\/www.public.sn\/#organization"},"image":{"@id":"https:\/\/www.public.sn\/index.php\/2022\/08\/27\/affaire-francois-mancabou-les-membres-de-la-famille-auditionnes-livrent-tout-aux-enqueteurs\/#primaryimage"},"thumbnailUrl":"https:\/\/www.public.sn\/wp-content\/uploads\/2022\/08\/072999DE-D787-4875-84BD-8C2452EF9BE0.jpeg","articleSection":["SOCIETE"],"inLanguage":"fr-FR","potentialAction":[{"@type":"CommentAction","name":"Comment","target":["https:\/\/www.public.sn\/index.php\/2022\/08\/27\/affaire-francois-mancabou-les-membres-de-la-famille-auditionnes-livrent-tout-aux-enqueteurs\/#respond"]}]},{"@type":"WebPage","@id":"https:\/\/www.public.sn\/index.php\/2022\/08\/27\/affaire-francois-mancabou-les-membres-de-la-famille-auditionnes-livrent-tout-aux-enqueteurs\/","url":"https:\/\/www.public.sn\/index.php\/2022\/08\/27\/affaire-francois-mancabou-les-membres-de-la-famille-auditionnes-livrent-tout-aux-enqueteurs\/","name":"Affaire Fran\u00e7ois Mancabou : Les membres de la famille auditionn\u00e9s livrent tout aux enqu\u00eateurs. - LE PUBLIC","isPartOf":{"@id":"https:\/\/www.public.sn\/#website"},"primaryImageOfPage":{"@id":"https:\/\/www.public.sn\/index.php\/2022\/08\/27\/affaire-francois-mancabou-les-membres-de-la-famille-auditionnes-livrent-tout-aux-enqueteurs\/#primaryimage"},"image":{"@id":"https:\/\/www.public.sn\/index.php\/2022\/08\/27\/affaire-francois-mancabou-les-membres-de-la-famille-auditionnes-livrent-tout-aux-enqueteurs\/#primaryimage"},"thumbnailUrl":"https:\/\/www.public.sn\/wp-content\/uploads\/2022\/08\/072999DE-D787-4875-84BD-8C2452EF9BE0.jpeg","datePublished":"2022-08-27T08:31:41+00:00","dateModified":"2022-08-27T08:31:42+00:00","breadcrumb":{"@id":"https:\/\/www.public.sn\/index.php\/2022\/08\/27\/affaire-francois-mancabou-les-membres-de-la-famille-auditionnes-livrent-tout-aux-enqueteurs\/#breadcrumb"},"inLanguage":"fr-FR","potentialAction":[{"@type":"ReadAction","target":["https:\/\/www.public.sn\/index.php\/2022\/08\/27\/affaire-francois-mancabou-les-membres-de-la-famille-auditionnes-livrent-tout-aux-enqueteurs\/"]}]},{"@type":"ImageObject","inLanguage":"fr-FR","@id":"https:\/\/www.public.sn\/index.php\/2022\/08\/27\/affaire-francois-mancabou-les-membres-de-la-famille-auditionnes-livrent-tout-aux-enqueteurs\/#primaryimage","url":"https:\/\/www.public.sn\/wp-content\/uploads\/2022\/08\/072999DE-D787-4875-84BD-8C2452EF9BE0.jpeg","contentUrl":"https:\/\/www.public.sn\/wp-content\/uploads\/2022\/08\/072999DE-D787-4875-84BD-8C2452EF9BE0.jpeg","width":696,"height":398},{"@type":"BreadcrumbList","@id":"https:\/\/www.public.sn\/index.php\/2022\/08\/27\/affaire-francois-mancabou-les-membres-de-la-famille-auditionnes-livrent-tout-aux-enqueteurs\/#breadcrumb","itemListElement":[{"@type":"ListItem","position":1,"name":"Accueil","item":"https:\/\/www.public.sn\/"},{"@type":"ListItem","position":2,"name":"Affaire Fran\u00e7ois Mancabou : Les membres de la famille auditionn\u00e9s livrent tout aux enqu\u00eateurs."}]},{"@type":"WebSite","@id":"https:\/\/www.public.sn\/#website","url":"https:\/\/www.public.sn\/","name":"LE PUBLIC","description":"","publisher":{"@id":"https:\/\/www.public.sn\/#organization"},"potentialAction":[{"@type":"SearchAction","target":{"@type":"EntryPoint","urlTemplate":"https:\/\/www.public.sn\/?s={search_term_string}"},"query-input":{"@type":"PropertyValueSpecification","valueRequired":true,"valueName":"search_term_string"}}],"inLanguage":"fr-FR"},{"@type":"Organization","@id":"https:\/\/www.public.sn\/#organization","name":"LE PUBLIC","url":"https:\/\/www.public.sn\/","logo":{"@type":"ImageObject","inLanguage":"fr-FR","@id":"https:\/\/www.public.sn\/#\/schema\/logo\/image\/","url":"https:\/\/www.public.sn\/wp-content\/uploads\/2024\/05\/cropped-LOGO-PUBLIC.SN_.png","contentUrl":"https:\/\/www.public.sn\/wp-content\/uploads\/2024\/05\/cropped-LOGO-PUBLIC.SN_.png","width":682,"height":192,"caption":"LE PUBLIC"},"image":{"@id":"https:\/\/www.public.sn\/#\/schema\/logo\/image\/"}},{"@type":"Person","@id":"https:\/\/www.public.sn\/#\/schema\/person\/e3f4a11b037d4203902db148f9bc8d5a","name":"LA REDACTION","image":{"@type":"ImageObject","inLanguage":"fr-FR","@id":"https:\/\/www.public.sn\/#\/schema\/person\/image\/","url":"https:\/\/secure.gravatar.com\/avatar\/d6c030db45db2883c075085c5d6c6258654a801a93766b49af0b82d4f454e2a5?s=96&d=mm&r=g","contentUrl":"https:\/\/secure.gravatar.com\/avatar\/d6c030db45db2883c075085c5d6c6258654a801a93766b49af0b82d4f454e2a5?s=96&d=mm&r=g","caption":"LA REDACTION"},"sameAs":["http:\/\/www.public.sn"],"url":"https:\/\/www.public.sn\/index.php\/author\/admin7324\/"}]}},"jetpack_featured_media_url":"https:\/\/www.public.sn\/wp-content\/uploads\/2022\/08\/072999DE-D787-4875-84BD-8C2452EF9BE0.jpeg","jetpack_sharing_enabled":true,"_links":{"self":[{"href":"https:\/\/www.public.sn\/index.php\/wp-json\/wp\/v2\/posts\/742","targetHints":{"allow":["GET"]}}],"collection":[{"href":"https:\/\/www.public.sn\/index.php\/wp-json\/wp\/v2\/posts"}],"about":[{"href":"https:\/\/www.public.sn\/index.php\/wp-json\/wp\/v2\/types\/post"}],"author":[{"embeddable":true,"href":"https:\/\/www.public.sn\/index.php\/wp-json\/wp\/v2\/users\/1"}],"replies":[{"embeddable":true,"href":"https:\/\/www.public.sn\/index.php\/wp-json\/wp\/v2\/comments?post=742"}],"version-history":[{"count":1,"href":"https:\/\/www.public.sn\/index.php\/wp-json\/wp\/v2\/posts\/742\/revisions"}],"predecessor-version":[{"id":744,"href":"https:\/\/www.public.sn\/index.php\/wp-json\/wp\/v2\/posts\/742\/revisions\/744"}],"wp:featuredmedia":[{"embeddable":true,"href":"https:\/\/www.public.sn\/index.php\/wp-json\/wp\/v2\/media\/743"}],"wp:attachment":[{"href":"https:\/\/www.public.sn\/index.php\/wp-json\/wp\/v2\/media?parent=742"}],"wp:term":[{"taxonomy":"category","embeddable":true,"href":"https:\/\/www.public.sn\/index.php\/wp-json\/wp\/v2\/categories?post=742"},{"taxonomy":"post_tag","embeddable":true,"href":"https:\/\/www.public.sn\/index.php\/wp-json\/wp\/v2\/tags?post=742"}],"curies":[{"name":"wp","href":"https:\/\/api.w.org\/{rel}","templated":true}]}}