{"id":7425,"date":"2022-11-08T10:08:25","date_gmt":"2022-11-08T10:08:25","guid":{"rendered":"https:\/\/www.public.sn\/?p=7425"},"modified":"2022-11-08T10:08:27","modified_gmt":"2022-11-08T10:08:27","slug":"affaire-fallou-sene-son-pere-continue-de-reclamer-justice","status":"publish","type":"post","link":"https:\/\/www.public.sn\/index.php\/2022\/11\/08\/affaire-fallou-sene-son-pere-continue-de-reclamer-justice\/","title":{"rendered":"Affaire Fallou S\u00e9ne\u00a0: Son p\u00e8re continue de r\u00e9clamer Justice."},"content":{"rendered":"\n<p><\/p>\n\n\n\n<p>4 ans apr\u00e8s sa disparition, la lumi\u00e8re n\u2019est toujours pas faite sur la mort de l\u2019\u00e9tudiant Fallou S\u00e9ne. Son p\u00e8re meurtri, demande que justice soit faite pour son fils. Celui-ci dit qu\u2019il vit un v\u00e9ritable calvaire. Abdoulaye S\u00e9n\u00e9 avance dit ne pas comprendre la posture des autorit\u00e9s dans le quotidien l&rsquo;AS. <\/p><div class=\"publi-paragraphe1\" style=\"margin-top: 10px;margin-bottom: 10px;margin-left: auto;margin-right: auto;text-align: center;\" id=\"publi-1167964484\"><div class=\"publi-adlabel\">Publicit\u00e9<\/div><script async src=\"\/\/pagead2.googlesyndication.com\/pagead\/js\/adsbygoogle.js?client=ca-pub-4089586018074219\" crossorigin=\"anonymous\"><\/script><ins class=\"adsbygoogle\" style=\"display:block;\" data-ad-client=\"ca-pub-4089586018074219\" \ndata-ad-slot=\"2087940154\" \ndata-ad-format=\"auto\"><\/ins>\n<script> \n(adsbygoogle = window.adsbygoogle || []).push({}); \n<\/script>\n<\/div>\n\n\n\n<p><\/p>\n\n\n\n<p>En effet depuis l\u2019\u00e9clatement de l\u2019affaire, le dossier est toujours au point mort et absolument rien ne semble \u00eatre fait pour que les choses soient \u00e9lucid\u00e9es. Le p\u00e8re de Fallou S\u00e9ne veut que les coupables soient punis d\u2019autant plus que d\u2019autres dossiers sont vid\u00e9s tous les jours. Il dit \u00eatre \u00e0 l\u2019\u00e9coute de la Justice car m\u00eame la m\u00e8re de son enfant avant son rappel \u00e0 Dieu avait souhait\u00e9 que toute la lumi\u00e8re soit faite sur la mort de son fils. <\/p>\n\n\n\n<p><\/p>\n\n\n\n<p>Pour rappel, Fallou S\u00e9ne \u00e9tudiant inscrit en 2eme ann\u00e9e de Lettres modernes \u00e0 l\u2019Universit\u00e9 Gaston Berger de Saint Louis avait \u00e9t\u00e9 tu\u00e9 lors d\u2019une manifestation des \u00e9tudiants qui r\u00e9clamaient de meilleures conditions d\u2019\u00e9tudes. Et depuis lors, le dossier est dans les tiroirs et son p\u00e8re demande \u00e0 la Justice de faire son travail pour que toute la lumi\u00e8re soit faite sur cette affaire..<\/p>\n\n\n\n<p>Samba SY.<\/p>\n<div class=\"publi-apres-le-contenu\" style=\"margin-top: 10px;margin-bottom: 10px;margin-left: auto;margin-right: auto;text-align: center;\" id=\"publi-1905250324\"><div class=\"publi-adlabel\">Publicit\u00e9<\/div><script async src=\"\/\/pagead2.googlesyndication.com\/pagead\/js\/adsbygoogle.js?client=ca-pub-4089586018074219\" crossorigin=\"anonymous\"><\/script><ins class=\"adsbygoogle\" style=\"display:block;\" data-ad-client=\"ca-pub-4089586018074219\" \ndata-ad-slot=\"2087940154\" \ndata-ad-format=\"auto\"><\/ins>\n<script> \n(adsbygoogle = window.adsbygoogle || []).push({}); \n<\/script>\n<\/div>","protected":false},"excerpt":{"rendered":"<p>4 ans apr\u00e8s sa disparition, la lumi\u00e8re n\u2019est toujours pas faite sur la mort de l\u2019\u00e9tudiant Fallou S\u00e9ne. Son p\u00e8re meurtri, demande que justice soit faite pour son fils. Celui-ci dit qu\u2019il vit un v\u00e9ritable calvaire. Abdoulaye S\u00e9n\u00e9 avance dit ne pas comprendre la posture des autorit\u00e9s dans le quotidien l&rsquo;AS. En effet depuis l\u2019\u00e9clatement de l\u2019affaire, le dossier est toujours au point mort et absolument rien ne semble \u00eatre fait pour que les choses soient \u00e9lucid\u00e9es. Le p\u00e8re de Fallou S\u00e9ne veut que les coupables soient punis d\u2019autant plus que d\u2019autres dossiers sont vid\u00e9s tous les jours. Il dit \u00eatre \u00e0 l\u2019\u00e9coute de la Justice car m\u00eame la m\u00e8re de son enfant avant son rappel \u00e0 Dieu avait souhait\u00e9 que toute la lumi\u00e8re soit faite sur la mort de son fils. Pour rappel, Fallou S\u00e9ne \u00e9tudiant inscrit en 2eme ann\u00e9e de Lettres modernes \u00e0 l\u2019Universit\u00e9 Gaston Berger de Saint Louis avait \u00e9t\u00e9 tu\u00e9 lors d\u2019une manifestation des \u00e9tudiants qui r\u00e9clamaient de meilleures conditions d\u2019\u00e9tudes. Et depuis lors, le dossier est dans les tiroirs et son p\u00e8re demande \u00e0 la Justice de faire son travail pour que toute la lumi\u00e8re soit faite sur cette affaire.. Samba SY.<\/p>\n","protected":false},"author":7,"featured_media":7426,"comment_status":"open","ping_status":"open","sticky":false,"template":"","format":"standard","meta":{"_jetpack_memberships_contains_paid_content":false,"footnotes":""},"categories":[375,1051,1],"tags":[2560,2559,24],"class_list":["post-7425","post","type-post","status-publish","format-standard","has-post-thumbnail","hentry","category-actualites","category-drame","category-non-classe","tag-abdoulaye-sene","tag-affaire-fallou-sene","tag-justice","entry","has-media","owp-thumbs-layout-horizontal","owp-btn-normal","owp-tabs-layout-horizontal","has-no-thumbnails","has-product-nav"],"yoast_head":"<!-- This site is optimized with the Yoast SEO plugin v25.5 - https:\/\/yoast.com\/wordpress\/plugins\/seo\/ -->\n<title>Affaire Fallou S\u00e9ne\u00a0: Son p\u00e8re continue de r\u00e9clamer Justice. - LE PUBLIC<\/title>\n<meta name=\"robots\" content=\"index, follow, max-snippet:-1, max-image-preview:large, max-video-preview:-1\" \/>\n<link rel=\"canonical\" href=\"https:\/\/www.public.sn\/index.php\/2022\/11\/08\/affaire-fallou-sene-son-pere-continue-de-reclamer-justice\/\" \/>\n<meta property=\"og:locale\" content=\"fr_FR\" \/>\n<meta property=\"og:type\" content=\"article\" \/>\n<meta property=\"og:title\" content=\"Affaire Fallou S\u00e9ne\u00a0: Son p\u00e8re continue de r\u00e9clamer Justice. - LE PUBLIC\" \/>\n<meta property=\"og:description\" content=\"4 ans apr\u00e8s sa disparition, la lumi\u00e8re n\u2019est toujours pas faite sur la mort de l\u2019\u00e9tudiant Fallou S\u00e9ne. Son p\u00e8re meurtri, demande que justice soit faite pour son fils. Celui-ci dit qu\u2019il vit un v\u00e9ritable calvaire. Abdoulaye S\u00e9n\u00e9 avance dit ne pas comprendre la posture des autorit\u00e9s dans le quotidien l&rsquo;AS. En effet depuis l\u2019\u00e9clatement de l\u2019affaire, le dossier est toujours au point mort et absolument rien ne semble \u00eatre fait pour que les choses soient \u00e9lucid\u00e9es. Le p\u00e8re de Fallou S\u00e9ne veut que les coupables soient punis d\u2019autant plus que d\u2019autres dossiers sont vid\u00e9s tous les jours. Il dit \u00eatre \u00e0 l\u2019\u00e9coute de la Justice car m\u00eame la m\u00e8re de son enfant avant son rappel \u00e0 Dieu avait souhait\u00e9 que toute la lumi\u00e8re soit faite sur la mort de son fils. Pour rappel, Fallou S\u00e9ne \u00e9tudiant inscrit en 2eme ann\u00e9e de Lettres modernes \u00e0 l\u2019Universit\u00e9 Gaston Berger de Saint Louis avait \u00e9t\u00e9 tu\u00e9 lors d\u2019une manifestation des \u00e9tudiants qui r\u00e9clamaient de meilleures conditions d\u2019\u00e9tudes. Et depuis lors, le dossier est dans les tiroirs et son p\u00e8re demande \u00e0 la Justice de faire son travail pour que toute la lumi\u00e8re soit faite sur cette affaire.. Samba SY.\" \/>\n<meta property=\"og:url\" content=\"https:\/\/www.public.sn\/index.php\/2022\/11\/08\/affaire-fallou-sene-son-pere-continue-de-reclamer-justice\/\" \/>\n<meta property=\"og:site_name\" content=\"LE PUBLIC\" \/>\n<meta property=\"article:published_time\" content=\"2022-11-08T10:08:25+00:00\" \/>\n<meta property=\"article:modified_time\" content=\"2022-11-08T10:08:27+00:00\" \/>\n<meta property=\"og:image\" content=\"https:\/\/www.public.sn\/wp-content\/uploads\/2022\/11\/abdoulaye-sene.jpg\" \/>\n\t<meta property=\"og:image:width\" content=\"282\" \/>\n\t<meta property=\"og:image:height\" content=\"179\" \/>\n\t<meta property=\"og:image:type\" content=\"image\/jpeg\" \/>\n<meta name=\"author\" content=\"LA REDACTION\" \/>\n<meta name=\"twitter:card\" content=\"summary_large_image\" \/>\n<meta name=\"twitter:label1\" content=\"\u00c9crit par\" \/>\n\t<meta name=\"twitter:data1\" content=\"LA REDACTION\" \/>\n\t<meta name=\"twitter:label2\" content=\"Dur\u00e9e de lecture estim\u00e9e\" \/>\n\t<meta name=\"twitter:data2\" content=\"2 minutes\" \/>\n<script type=\"application\/ld+json\" class=\"yoast-schema-graph\">{\"@context\":\"https:\/\/schema.org\",\"@graph\":[{\"@type\":\"Article\",\"@id\":\"https:\/\/www.public.sn\/index.php\/2022\/11\/08\/affaire-fallou-sene-son-pere-continue-de-reclamer-justice\/#article\",\"isPartOf\":{\"@id\":\"https:\/\/www.public.sn\/index.php\/2022\/11\/08\/affaire-fallou-sene-son-pere-continue-de-reclamer-justice\/\"},\"author\":{\"name\":\"LA REDACTION\",\"@id\":\"https:\/\/www.public.sn\/#\/schema\/person\/cb76c8e1b8becc6be61fb5e92d6d0224\"},\"headline\":\"Affaire Fallou S\u00e9ne\u00a0: Son p\u00e8re continue de r\u00e9clamer Justice.\",\"datePublished\":\"2022-11-08T10:08:25+00:00\",\"dateModified\":\"2022-11-08T10:08:27+00:00\",\"mainEntityOfPage\":{\"@id\":\"https:\/\/www.public.sn\/index.php\/2022\/11\/08\/affaire-fallou-sene-son-pere-continue-de-reclamer-justice\/\"},\"wordCount\":234,\"commentCount\":0,\"publisher\":{\"@id\":\"https:\/\/www.public.sn\/#organization\"},\"image\":{\"@id\":\"https:\/\/www.public.sn\/index.php\/2022\/11\/08\/affaire-fallou-sene-son-pere-continue-de-reclamer-justice\/#primaryimage\"},\"thumbnailUrl\":\"https:\/\/www.public.sn\/wp-content\/uploads\/2022\/11\/abdoulaye-sene.jpg\",\"keywords\":[\"abdoulaye sene\",\"affaire fallou sene\",\"Justice\"],\"articleSection\":[\"ACTUALIT\u00c9S\",\"DRAME\",\"S\u00c9N\u00c9GAL\"],\"inLanguage\":\"fr-FR\",\"potentialAction\":[{\"@type\":\"CommentAction\",\"name\":\"Comment\",\"target\":[\"https:\/\/www.public.sn\/index.php\/2022\/11\/08\/affaire-fallou-sene-son-pere-continue-de-reclamer-justice\/#respond\"]}]},{\"@type\":\"WebPage\",\"@id\":\"https:\/\/www.public.sn\/index.php\/2022\/11\/08\/affaire-fallou-sene-son-pere-continue-de-reclamer-justice\/\",\"url\":\"https:\/\/www.public.sn\/index.php\/2022\/11\/08\/affaire-fallou-sene-son-pere-continue-de-reclamer-justice\/\",\"name\":\"Affaire Fallou S\u00e9ne\u00a0: Son p\u00e8re continue de r\u00e9clamer Justice. - LE PUBLIC\",\"isPartOf\":{\"@id\":\"https:\/\/www.public.sn\/#website\"},\"primaryImageOfPage\":{\"@id\":\"https:\/\/www.public.sn\/index.php\/2022\/11\/08\/affaire-fallou-sene-son-pere-continue-de-reclamer-justice\/#primaryimage\"},\"image\":{\"@id\":\"https:\/\/www.public.sn\/index.php\/2022\/11\/08\/affaire-fallou-sene-son-pere-continue-de-reclamer-justice\/#primaryimage\"},\"thumbnailUrl\":\"https:\/\/www.public.sn\/wp-content\/uploads\/2022\/11\/abdoulaye-sene.jpg\",\"datePublished\":\"2022-11-08T10:08:25+00:00\",\"dateModified\":\"2022-11-08T10:08:27+00:00\",\"breadcrumb\":{\"@id\":\"https:\/\/www.public.sn\/index.php\/2022\/11\/08\/affaire-fallou-sene-son-pere-continue-de-reclamer-justice\/#breadcrumb\"},\"inLanguage\":\"fr-FR\",\"potentialAction\":[{\"@type\":\"ReadAction\",\"target\":[\"https:\/\/www.public.sn\/index.php\/2022\/11\/08\/affaire-fallou-sene-son-pere-continue-de-reclamer-justice\/\"]}]},{\"@type\":\"ImageObject\",\"inLanguage\":\"fr-FR\",\"@id\":\"https:\/\/www.public.sn\/index.php\/2022\/11\/08\/affaire-fallou-sene-son-pere-continue-de-reclamer-justice\/#primaryimage\",\"url\":\"https:\/\/www.public.sn\/wp-content\/uploads\/2022\/11\/abdoulaye-sene.jpg\",\"contentUrl\":\"https:\/\/www.public.sn\/wp-content\/uploads\/2022\/11\/abdoulaye-sene.jpg\",\"width\":282,\"height\":179,\"caption\":\"publicsn\"},{\"@type\":\"BreadcrumbList\",\"@id\":\"https:\/\/www.public.sn\/index.php\/2022\/11\/08\/affaire-fallou-sene-son-pere-continue-de-reclamer-justice\/#breadcrumb\",\"itemListElement\":[{\"@type\":\"ListItem\",\"position\":1,\"name\":\"Accueil\",\"item\":\"https:\/\/www.public.sn\/\"},{\"@type\":\"ListItem\",\"position\":2,\"name\":\"Affaire Fallou S\u00e9ne\u00a0: Son p\u00e8re continue de r\u00e9clamer Justice.\"}]},{\"@type\":\"WebSite\",\"@id\":\"https:\/\/www.public.sn\/#website\",\"url\":\"https:\/\/www.public.sn\/\",\"name\":\"LE PUBLIC\",\"description\":\"\",\"publisher\":{\"@id\":\"https:\/\/www.public.sn\/#organization\"},\"potentialAction\":[{\"@type\":\"SearchAction\",\"target\":{\"@type\":\"EntryPoint\",\"urlTemplate\":\"https:\/\/www.public.sn\/?s={search_term_string}\"},\"query-input\":{\"@type\":\"PropertyValueSpecification\",\"valueRequired\":true,\"valueName\":\"search_term_string\"}}],\"inLanguage\":\"fr-FR\"},{\"@type\":\"Organization\",\"@id\":\"https:\/\/www.public.sn\/#organization\",\"name\":\"LE PUBLIC\",\"url\":\"https:\/\/www.public.sn\/\",\"logo\":{\"@type\":\"ImageObject\",\"inLanguage\":\"fr-FR\",\"@id\":\"https:\/\/www.public.sn\/#\/schema\/logo\/image\/\",\"url\":\"https:\/\/www.public.sn\/wp-content\/uploads\/2024\/05\/cropped-LOGO-PUBLIC.SN_.png\",\"contentUrl\":\"https:\/\/www.public.sn\/wp-content\/uploads\/2024\/05\/cropped-LOGO-PUBLIC.SN_.png\",\"width\":682,\"height\":192,\"caption\":\"LE PUBLIC\"},\"image\":{\"@id\":\"https:\/\/www.public.sn\/#\/schema\/logo\/image\/\"}},{\"@type\":\"Person\",\"@id\":\"https:\/\/www.public.sn\/#\/schema\/person\/cb76c8e1b8becc6be61fb5e92d6d0224\",\"name\":\"LA REDACTION\",\"image\":{\"@type\":\"ImageObject\",\"inLanguage\":\"fr-FR\",\"@id\":\"https:\/\/www.public.sn\/#\/schema\/person\/image\/\",\"url\":\"https:\/\/secure.gravatar.com\/avatar\/2dce5ddd34b8fef0180efe03aa2a9bee7d953856048f9a16b298190a3178407c?s=96&d=mm&r=g\",\"contentUrl\":\"https:\/\/secure.gravatar.com\/avatar\/2dce5ddd34b8fef0180efe03aa2a9bee7d953856048f9a16b298190a3178407c?s=96&d=mm&r=g\",\"caption\":\"LA REDACTION\"},\"url\":\"https:\/\/www.public.sn\/index.php\/author\/editeurpsn\/\"}]}<\/script>\n<!-- \/ Yoast SEO plugin. -->","yoast_head_json":{"title":"Affaire Fallou S\u00e9ne\u00a0: Son p\u00e8re continue de r\u00e9clamer Justice. - LE PUBLIC","robots":{"index":"index","follow":"follow","max-snippet":"max-snippet:-1","max-image-preview":"max-image-preview:large","max-video-preview":"max-video-preview:-1"},"canonical":"https:\/\/www.public.sn\/index.php\/2022\/11\/08\/affaire-fallou-sene-son-pere-continue-de-reclamer-justice\/","og_locale":"fr_FR","og_type":"article","og_title":"Affaire Fallou S\u00e9ne\u00a0: Son p\u00e8re continue de r\u00e9clamer Justice. - LE PUBLIC","og_description":"4 ans apr\u00e8s sa disparition, la lumi\u00e8re n\u2019est toujours pas faite sur la mort de l\u2019\u00e9tudiant Fallou S\u00e9ne. Son p\u00e8re meurtri, demande que justice soit faite pour son fils. Celui-ci dit qu\u2019il vit un v\u00e9ritable calvaire. Abdoulaye S\u00e9n\u00e9 avance dit ne pas comprendre la posture des autorit\u00e9s dans le quotidien l&rsquo;AS. En effet depuis l\u2019\u00e9clatement de l\u2019affaire, le dossier est toujours au point mort et absolument rien ne semble \u00eatre fait pour que les choses soient \u00e9lucid\u00e9es. Le p\u00e8re de Fallou S\u00e9ne veut que les coupables soient punis d\u2019autant plus que d\u2019autres dossiers sont vid\u00e9s tous les jours. Il dit \u00eatre \u00e0 l\u2019\u00e9coute de la Justice car m\u00eame la m\u00e8re de son enfant avant son rappel \u00e0 Dieu avait souhait\u00e9 que toute la lumi\u00e8re soit faite sur la mort de son fils. Pour rappel, Fallou S\u00e9ne \u00e9tudiant inscrit en 2eme ann\u00e9e de Lettres modernes \u00e0 l\u2019Universit\u00e9 Gaston Berger de Saint Louis avait \u00e9t\u00e9 tu\u00e9 lors d\u2019une manifestation des \u00e9tudiants qui r\u00e9clamaient de meilleures conditions d\u2019\u00e9tudes. Et depuis lors, le dossier est dans les tiroirs et son p\u00e8re demande \u00e0 la Justice de faire son travail pour que toute la lumi\u00e8re soit faite sur cette affaire.. Samba SY.","og_url":"https:\/\/www.public.sn\/index.php\/2022\/11\/08\/affaire-fallou-sene-son-pere-continue-de-reclamer-justice\/","og_site_name":"LE PUBLIC","article_published_time":"2022-11-08T10:08:25+00:00","article_modified_time":"2022-11-08T10:08:27+00:00","og_image":[{"width":282,"height":179,"url":"https:\/\/www.public.sn\/wp-content\/uploads\/2022\/11\/abdoulaye-sene.jpg","type":"image\/jpeg"}],"author":"LA REDACTION","twitter_card":"summary_large_image","twitter_misc":{"\u00c9crit par":"LA REDACTION","Dur\u00e9e de lecture estim\u00e9e":"2 minutes"},"schema":{"@context":"https:\/\/schema.org","@graph":[{"@type":"Article","@id":"https:\/\/www.public.sn\/index.php\/2022\/11\/08\/affaire-fallou-sene-son-pere-continue-de-reclamer-justice\/#article","isPartOf":{"@id":"https:\/\/www.public.sn\/index.php\/2022\/11\/08\/affaire-fallou-sene-son-pere-continue-de-reclamer-justice\/"},"author":{"name":"LA REDACTION","@id":"https:\/\/www.public.sn\/#\/schema\/person\/cb76c8e1b8becc6be61fb5e92d6d0224"},"headline":"Affaire Fallou S\u00e9ne\u00a0: Son p\u00e8re continue de r\u00e9clamer Justice.","datePublished":"2022-11-08T10:08:25+00:00","dateModified":"2022-11-08T10:08:27+00:00","mainEntityOfPage":{"@id":"https:\/\/www.public.sn\/index.php\/2022\/11\/08\/affaire-fallou-sene-son-pere-continue-de-reclamer-justice\/"},"wordCount":234,"commentCount":0,"publisher":{"@id":"https:\/\/www.public.sn\/#organization"},"image":{"@id":"https:\/\/www.public.sn\/index.php\/2022\/11\/08\/affaire-fallou-sene-son-pere-continue-de-reclamer-justice\/#primaryimage"},"thumbnailUrl":"https:\/\/www.public.sn\/wp-content\/uploads\/2022\/11\/abdoulaye-sene.jpg","keywords":["abdoulaye sene","affaire fallou sene","Justice"],"articleSection":["ACTUALIT\u00c9S","DRAME","S\u00c9N\u00c9GAL"],"inLanguage":"fr-FR","potentialAction":[{"@type":"CommentAction","name":"Comment","target":["https:\/\/www.public.sn\/index.php\/2022\/11\/08\/affaire-fallou-sene-son-pere-continue-de-reclamer-justice\/#respond"]}]},{"@type":"WebPage","@id":"https:\/\/www.public.sn\/index.php\/2022\/11\/08\/affaire-fallou-sene-son-pere-continue-de-reclamer-justice\/","url":"https:\/\/www.public.sn\/index.php\/2022\/11\/08\/affaire-fallou-sene-son-pere-continue-de-reclamer-justice\/","name":"Affaire Fallou S\u00e9ne\u00a0: Son p\u00e8re continue de r\u00e9clamer Justice. - LE PUBLIC","isPartOf":{"@id":"https:\/\/www.public.sn\/#website"},"primaryImageOfPage":{"@id":"https:\/\/www.public.sn\/index.php\/2022\/11\/08\/affaire-fallou-sene-son-pere-continue-de-reclamer-justice\/#primaryimage"},"image":{"@id":"https:\/\/www.public.sn\/index.php\/2022\/11\/08\/affaire-fallou-sene-son-pere-continue-de-reclamer-justice\/#primaryimage"},"thumbnailUrl":"https:\/\/www.public.sn\/wp-content\/uploads\/2022\/11\/abdoulaye-sene.jpg","datePublished":"2022-11-08T10:08:25+00:00","dateModified":"2022-11-08T10:08:27+00:00","breadcrumb":{"@id":"https:\/\/www.public.sn\/index.php\/2022\/11\/08\/affaire-fallou-sene-son-pere-continue-de-reclamer-justice\/#breadcrumb"},"inLanguage":"fr-FR","potentialAction":[{"@type":"ReadAction","target":["https:\/\/www.public.sn\/index.php\/2022\/11\/08\/affaire-fallou-sene-son-pere-continue-de-reclamer-justice\/"]}]},{"@type":"ImageObject","inLanguage":"fr-FR","@id":"https:\/\/www.public.sn\/index.php\/2022\/11\/08\/affaire-fallou-sene-son-pere-continue-de-reclamer-justice\/#primaryimage","url":"https:\/\/www.public.sn\/wp-content\/uploads\/2022\/11\/abdoulaye-sene.jpg","contentUrl":"https:\/\/www.public.sn\/wp-content\/uploads\/2022\/11\/abdoulaye-sene.jpg","width":282,"height":179,"caption":"publicsn"},{"@type":"BreadcrumbList","@id":"https:\/\/www.public.sn\/index.php\/2022\/11\/08\/affaire-fallou-sene-son-pere-continue-de-reclamer-justice\/#breadcrumb","itemListElement":[{"@type":"ListItem","position":1,"name":"Accueil","item":"https:\/\/www.public.sn\/"},{"@type":"ListItem","position":2,"name":"Affaire Fallou S\u00e9ne\u00a0: Son p\u00e8re continue de r\u00e9clamer Justice."}]},{"@type":"WebSite","@id":"https:\/\/www.public.sn\/#website","url":"https:\/\/www.public.sn\/","name":"LE PUBLIC","description":"","publisher":{"@id":"https:\/\/www.public.sn\/#organization"},"potentialAction":[{"@type":"SearchAction","target":{"@type":"EntryPoint","urlTemplate":"https:\/\/www.public.sn\/?s={search_term_string}"},"query-input":{"@type":"PropertyValueSpecification","valueRequired":true,"valueName":"search_term_string"}}],"inLanguage":"fr-FR"},{"@type":"Organization","@id":"https:\/\/www.public.sn\/#organization","name":"LE PUBLIC","url":"https:\/\/www.public.sn\/","logo":{"@type":"ImageObject","inLanguage":"fr-FR","@id":"https:\/\/www.public.sn\/#\/schema\/logo\/image\/","url":"https:\/\/www.public.sn\/wp-content\/uploads\/2024\/05\/cropped-LOGO-PUBLIC.SN_.png","contentUrl":"https:\/\/www.public.sn\/wp-content\/uploads\/2024\/05\/cropped-LOGO-PUBLIC.SN_.png","width":682,"height":192,"caption":"LE PUBLIC"},"image":{"@id":"https:\/\/www.public.sn\/#\/schema\/logo\/image\/"}},{"@type":"Person","@id":"https:\/\/www.public.sn\/#\/schema\/person\/cb76c8e1b8becc6be61fb5e92d6d0224","name":"LA REDACTION","image":{"@type":"ImageObject","inLanguage":"fr-FR","@id":"https:\/\/www.public.sn\/#\/schema\/person\/image\/","url":"https:\/\/secure.gravatar.com\/avatar\/2dce5ddd34b8fef0180efe03aa2a9bee7d953856048f9a16b298190a3178407c?s=96&d=mm&r=g","contentUrl":"https:\/\/secure.gravatar.com\/avatar\/2dce5ddd34b8fef0180efe03aa2a9bee7d953856048f9a16b298190a3178407c?s=96&d=mm&r=g","caption":"LA REDACTION"},"url":"https:\/\/www.public.sn\/index.php\/author\/editeurpsn\/"}]}},"jetpack_featured_media_url":"https:\/\/www.public.sn\/wp-content\/uploads\/2022\/11\/abdoulaye-sene.jpg","jetpack_sharing_enabled":true,"_links":{"self":[{"href":"https:\/\/www.public.sn\/index.php\/wp-json\/wp\/v2\/posts\/7425","targetHints":{"allow":["GET"]}}],"collection":[{"href":"https:\/\/www.public.sn\/index.php\/wp-json\/wp\/v2\/posts"}],"about":[{"href":"https:\/\/www.public.sn\/index.php\/wp-json\/wp\/v2\/types\/post"}],"author":[{"embeddable":true,"href":"https:\/\/www.public.sn\/index.php\/wp-json\/wp\/v2\/users\/7"}],"replies":[{"embeddable":true,"href":"https:\/\/www.public.sn\/index.php\/wp-json\/wp\/v2\/comments?post=7425"}],"version-history":[{"count":1,"href":"https:\/\/www.public.sn\/index.php\/wp-json\/wp\/v2\/posts\/7425\/revisions"}],"predecessor-version":[{"id":7427,"href":"https:\/\/www.public.sn\/index.php\/wp-json\/wp\/v2\/posts\/7425\/revisions\/7427"}],"wp:featuredmedia":[{"embeddable":true,"href":"https:\/\/www.public.sn\/index.php\/wp-json\/wp\/v2\/media\/7426"}],"wp:attachment":[{"href":"https:\/\/www.public.sn\/index.php\/wp-json\/wp\/v2\/media?parent=7425"}],"wp:term":[{"taxonomy":"category","embeddable":true,"href":"https:\/\/www.public.sn\/index.php\/wp-json\/wp\/v2\/categories?post=7425"},{"taxonomy":"post_tag","embeddable":true,"href":"https:\/\/www.public.sn\/index.php\/wp-json\/wp\/v2\/tags?post=7425"}],"curies":[{"name":"wp","href":"https:\/\/api.w.org\/{rel}","templated":true}]}}