{"id":7472,"date":"2022-11-08T12:24:54","date_gmt":"2022-11-08T12:24:54","guid":{"rendered":"https:\/\/www.public.sn\/?p=7472"},"modified":"2022-11-08T12:24:56","modified_gmt":"2022-11-08T12:24:56","slug":"qatar-2022-aliou-cisse-publie-sa-liste-ce-vendredi","status":"publish","type":"post","link":"https:\/\/www.public.sn\/index.php\/2022\/11\/08\/qatar-2022-aliou-cisse-publie-sa-liste-ce-vendredi\/","title":{"rendered":"Qatar 2022\u00a0: \u00a0Aliou Ciss\u00e9 publie sa liste ce Vendredi."},"content":{"rendered":"\n<p><\/p>\n\n\n\n<p>C\u2019est ce Vendredi que le s\u00e9lectionneur national, Aliou Ciss\u00e9 va rencontrer la presse nationale. Une rencontre avec la presse afin de publier la liste des joueurs devant participer \u00e0 la coupe du monde pr\u00e9vue au Qatar.<\/p><div class=\"publi-paragraphe1\" style=\"margin-top: 10px;margin-bottom: 10px;margin-left: auto;margin-right: auto;text-align: center;\" id=\"publi-1601233235\"><div class=\"publi-adlabel\">Publicit\u00e9<\/div><script async src=\"\/\/pagead2.googlesyndication.com\/pagead\/js\/adsbygoogle.js?client=ca-pub-4089586018074219\" crossorigin=\"anonymous\"><\/script><ins class=\"adsbygoogle\" style=\"display:block;\" data-ad-client=\"ca-pub-4089586018074219\" \ndata-ad-slot=\"2087940154\" \ndata-ad-format=\"auto\"><\/ins>\n<script> \n(adsbygoogle = window.adsbygoogle || []).push({}); \n<\/script>\n<\/div>\n\n\n\n<p><\/p>\n\n\n\n<p>La F\u00e9d\u00e9ration s\u00e9n\u00e9galaise de football ((Fsf) informe que le s\u00e9lectionneur national dans un communiqu\u00e9 renseigne qu\u2019elle tiendra une conf\u00e9rence de presse ce vendredi 11 novembre 2022 \u00e0 10h00 au restaurant Good Rade, sis sur la VDN. L\u2019occasion pour le s\u00e9lectionneur de d\u00e9voiler les joueurs qui prendront part \u00e0 la 22e \u00e9dition de la Coupe du Monde au Qatar.<\/p>\n\n\n\n<p>Samba SY.<\/p>\n<div class=\"publi-apres-le-contenu\" style=\"margin-top: 10px;margin-bottom: 10px;margin-left: auto;margin-right: auto;text-align: center;\" id=\"publi-794754118\"><div class=\"publi-adlabel\">Publicit\u00e9<\/div><script async src=\"\/\/pagead2.googlesyndication.com\/pagead\/js\/adsbygoogle.js?client=ca-pub-4089586018074219\" crossorigin=\"anonymous\"><\/script><ins class=\"adsbygoogle\" style=\"display:block;\" data-ad-client=\"ca-pub-4089586018074219\" \ndata-ad-slot=\"2087940154\" \ndata-ad-format=\"auto\"><\/ins>\n<script> \n(adsbygoogle = window.adsbygoogle || []).push({}); \n<\/script>\n<\/div>","protected":false},"excerpt":{"rendered":"<p>C\u2019est ce Vendredi que le s\u00e9lectionneur national, Aliou Ciss\u00e9 va rencontrer la presse nationale. Une rencontre avec la presse afin de publier la liste des joueurs devant participer \u00e0 la coupe du monde pr\u00e9vue au Qatar. La F\u00e9d\u00e9ration s\u00e9n\u00e9galaise de football ((Fsf) informe que le s\u00e9lectionneur national dans un communiqu\u00e9 renseigne qu\u2019elle tiendra une conf\u00e9rence de presse ce vendredi 11 novembre 2022 \u00e0 10h00 au restaurant Good Rade, sis sur la VDN. L\u2019occasion pour le s\u00e9lectionneur de d\u00e9voiler les joueurs qui prendront part \u00e0 la 22e \u00e9dition de la Coupe du Monde au Qatar. Samba SY.<\/p>\n","protected":false},"author":7,"featured_media":7473,"comment_status":"open","ping_status":"open","sticky":false,"template":"","format":"standard","meta":{"_jetpack_memberships_contains_paid_content":false,"footnotes":""},"categories":[375,1,7],"tags":[1820,68,2577],"class_list":["post-7472","post","type-post","status-publish","format-standard","has-post-thumbnail","hentry","category-actualites","category-non-classe","category-sport","tag-aliou-cisse-2","tag-football","tag-liste-coupe-du-monde","entry","has-media","owp-thumbs-layout-horizontal","owp-btn-normal","owp-tabs-layout-horizontal","has-no-thumbnails","has-product-nav"],"yoast_head":"<!-- This site is optimized with the Yoast SEO plugin v25.5 - https:\/\/yoast.com\/wordpress\/plugins\/seo\/ -->\n<title>Qatar 2022\u00a0: \u00a0Aliou Ciss\u00e9 publie sa liste ce Vendredi. - LE PUBLIC<\/title>\n<meta name=\"robots\" content=\"index, follow, max-snippet:-1, max-image-preview:large, max-video-preview:-1\" \/>\n<link rel=\"canonical\" href=\"https:\/\/www.public.sn\/index.php\/2022\/11\/08\/qatar-2022-aliou-cisse-publie-sa-liste-ce-vendredi\/\" \/>\n<meta property=\"og:locale\" content=\"fr_FR\" \/>\n<meta property=\"og:type\" content=\"article\" \/>\n<meta property=\"og:title\" content=\"Qatar 2022\u00a0: \u00a0Aliou Ciss\u00e9 publie sa liste ce Vendredi. - LE PUBLIC\" \/>\n<meta property=\"og:description\" content=\"C\u2019est ce Vendredi que le s\u00e9lectionneur national, Aliou Ciss\u00e9 va rencontrer la presse nationale. Une rencontre avec la presse afin de publier la liste des joueurs devant participer \u00e0 la coupe du monde pr\u00e9vue au Qatar. La F\u00e9d\u00e9ration s\u00e9n\u00e9galaise de football ((Fsf) informe que le s\u00e9lectionneur national dans un communiqu\u00e9 renseigne qu\u2019elle tiendra une conf\u00e9rence de presse ce vendredi 11 novembre 2022 \u00e0 10h00 au restaurant Good Rade, sis sur la VDN. L\u2019occasion pour le s\u00e9lectionneur de d\u00e9voiler les joueurs qui prendront part \u00e0 la 22e \u00e9dition de la Coupe du Monde au Qatar. Samba SY.\" \/>\n<meta property=\"og:url\" content=\"https:\/\/www.public.sn\/index.php\/2022\/11\/08\/qatar-2022-aliou-cisse-publie-sa-liste-ce-vendredi\/\" \/>\n<meta property=\"og:site_name\" content=\"LE PUBLIC\" \/>\n<meta property=\"article:published_time\" content=\"2022-11-08T12:24:54+00:00\" \/>\n<meta property=\"article:modified_time\" content=\"2022-11-08T12:24:56+00:00\" \/>\n<meta property=\"og:image\" content=\"https:\/\/www.public.sn\/wp-content\/uploads\/2022\/11\/aliou-cisse-696x454-1.jpg\" \/>\n\t<meta property=\"og:image:width\" content=\"696\" \/>\n\t<meta property=\"og:image:height\" content=\"454\" \/>\n\t<meta property=\"og:image:type\" content=\"image\/jpeg\" \/>\n<meta name=\"author\" content=\"LA REDACTION\" \/>\n<meta name=\"twitter:card\" content=\"summary_large_image\" \/>\n<meta name=\"twitter:label1\" content=\"\u00c9crit par\" \/>\n\t<meta name=\"twitter:data1\" content=\"LA REDACTION\" \/>\n\t<meta name=\"twitter:label2\" content=\"Dur\u00e9e de lecture estim\u00e9e\" \/>\n\t<meta name=\"twitter:data2\" content=\"1 minute\" \/>\n<script type=\"application\/ld+json\" class=\"yoast-schema-graph\">{\"@context\":\"https:\/\/schema.org\",\"@graph\":[{\"@type\":\"Article\",\"@id\":\"https:\/\/www.public.sn\/index.php\/2022\/11\/08\/qatar-2022-aliou-cisse-publie-sa-liste-ce-vendredi\/#article\",\"isPartOf\":{\"@id\":\"https:\/\/www.public.sn\/index.php\/2022\/11\/08\/qatar-2022-aliou-cisse-publie-sa-liste-ce-vendredi\/\"},\"author\":{\"name\":\"LA REDACTION\",\"@id\":\"https:\/\/www.public.sn\/#\/schema\/person\/cb76c8e1b8becc6be61fb5e92d6d0224\"},\"headline\":\"Qatar 2022\u00a0: \u00a0Aliou Ciss\u00e9 publie sa liste ce Vendredi.\",\"datePublished\":\"2022-11-08T12:24:54+00:00\",\"dateModified\":\"2022-11-08T12:24:56+00:00\",\"mainEntityOfPage\":{\"@id\":\"https:\/\/www.public.sn\/index.php\/2022\/11\/08\/qatar-2022-aliou-cisse-publie-sa-liste-ce-vendredi\/\"},\"wordCount\":112,\"commentCount\":0,\"publisher\":{\"@id\":\"https:\/\/www.public.sn\/#organization\"},\"image\":{\"@id\":\"https:\/\/www.public.sn\/index.php\/2022\/11\/08\/qatar-2022-aliou-cisse-publie-sa-liste-ce-vendredi\/#primaryimage\"},\"thumbnailUrl\":\"https:\/\/www.public.sn\/wp-content\/uploads\/2022\/11\/aliou-cisse-696x454-1.jpg\",\"keywords\":[\"aliou cisse\",\"Football\",\"liste coupe du monde\"],\"articleSection\":[\"ACTUALIT\u00c9S\",\"S\u00c9N\u00c9GAL\",\"SPORTS\"],\"inLanguage\":\"fr-FR\",\"potentialAction\":[{\"@type\":\"CommentAction\",\"name\":\"Comment\",\"target\":[\"https:\/\/www.public.sn\/index.php\/2022\/11\/08\/qatar-2022-aliou-cisse-publie-sa-liste-ce-vendredi\/#respond\"]}]},{\"@type\":\"WebPage\",\"@id\":\"https:\/\/www.public.sn\/index.php\/2022\/11\/08\/qatar-2022-aliou-cisse-publie-sa-liste-ce-vendredi\/\",\"url\":\"https:\/\/www.public.sn\/index.php\/2022\/11\/08\/qatar-2022-aliou-cisse-publie-sa-liste-ce-vendredi\/\",\"name\":\"Qatar 2022\u00a0: \u00a0Aliou Ciss\u00e9 publie sa liste ce Vendredi. - LE PUBLIC\",\"isPartOf\":{\"@id\":\"https:\/\/www.public.sn\/#website\"},\"primaryImageOfPage\":{\"@id\":\"https:\/\/www.public.sn\/index.php\/2022\/11\/08\/qatar-2022-aliou-cisse-publie-sa-liste-ce-vendredi\/#primaryimage\"},\"image\":{\"@id\":\"https:\/\/www.public.sn\/index.php\/2022\/11\/08\/qatar-2022-aliou-cisse-publie-sa-liste-ce-vendredi\/#primaryimage\"},\"thumbnailUrl\":\"https:\/\/www.public.sn\/wp-content\/uploads\/2022\/11\/aliou-cisse-696x454-1.jpg\",\"datePublished\":\"2022-11-08T12:24:54+00:00\",\"dateModified\":\"2022-11-08T12:24:56+00:00\",\"breadcrumb\":{\"@id\":\"https:\/\/www.public.sn\/index.php\/2022\/11\/08\/qatar-2022-aliou-cisse-publie-sa-liste-ce-vendredi\/#breadcrumb\"},\"inLanguage\":\"fr-FR\",\"potentialAction\":[{\"@type\":\"ReadAction\",\"target\":[\"https:\/\/www.public.sn\/index.php\/2022\/11\/08\/qatar-2022-aliou-cisse-publie-sa-liste-ce-vendredi\/\"]}]},{\"@type\":\"ImageObject\",\"inLanguage\":\"fr-FR\",\"@id\":\"https:\/\/www.public.sn\/index.php\/2022\/11\/08\/qatar-2022-aliou-cisse-publie-sa-liste-ce-vendredi\/#primaryimage\",\"url\":\"https:\/\/www.public.sn\/wp-content\/uploads\/2022\/11\/aliou-cisse-696x454-1.jpg\",\"contentUrl\":\"https:\/\/www.public.sn\/wp-content\/uploads\/2022\/11\/aliou-cisse-696x454-1.jpg\",\"width\":696,\"height\":454,\"caption\":\"publicsn\"},{\"@type\":\"BreadcrumbList\",\"@id\":\"https:\/\/www.public.sn\/index.php\/2022\/11\/08\/qatar-2022-aliou-cisse-publie-sa-liste-ce-vendredi\/#breadcrumb\",\"itemListElement\":[{\"@type\":\"ListItem\",\"position\":1,\"name\":\"Accueil\",\"item\":\"https:\/\/www.public.sn\/\"},{\"@type\":\"ListItem\",\"position\":2,\"name\":\"Qatar 2022\u00a0: \u00a0Aliou Ciss\u00e9 publie sa liste ce Vendredi.\"}]},{\"@type\":\"WebSite\",\"@id\":\"https:\/\/www.public.sn\/#website\",\"url\":\"https:\/\/www.public.sn\/\",\"name\":\"LE PUBLIC\",\"description\":\"\",\"publisher\":{\"@id\":\"https:\/\/www.public.sn\/#organization\"},\"potentialAction\":[{\"@type\":\"SearchAction\",\"target\":{\"@type\":\"EntryPoint\",\"urlTemplate\":\"https:\/\/www.public.sn\/?s={search_term_string}\"},\"query-input\":{\"@type\":\"PropertyValueSpecification\",\"valueRequired\":true,\"valueName\":\"search_term_string\"}}],\"inLanguage\":\"fr-FR\"},{\"@type\":\"Organization\",\"@id\":\"https:\/\/www.public.sn\/#organization\",\"name\":\"LE PUBLIC\",\"url\":\"https:\/\/www.public.sn\/\",\"logo\":{\"@type\":\"ImageObject\",\"inLanguage\":\"fr-FR\",\"@id\":\"https:\/\/www.public.sn\/#\/schema\/logo\/image\/\",\"url\":\"https:\/\/www.public.sn\/wp-content\/uploads\/2024\/05\/cropped-LOGO-PUBLIC.SN_.png\",\"contentUrl\":\"https:\/\/www.public.sn\/wp-content\/uploads\/2024\/05\/cropped-LOGO-PUBLIC.SN_.png\",\"width\":682,\"height\":192,\"caption\":\"LE PUBLIC\"},\"image\":{\"@id\":\"https:\/\/www.public.sn\/#\/schema\/logo\/image\/\"}},{\"@type\":\"Person\",\"@id\":\"https:\/\/www.public.sn\/#\/schema\/person\/cb76c8e1b8becc6be61fb5e92d6d0224\",\"name\":\"LA REDACTION\",\"image\":{\"@type\":\"ImageObject\",\"inLanguage\":\"fr-FR\",\"@id\":\"https:\/\/www.public.sn\/#\/schema\/person\/image\/\",\"url\":\"https:\/\/secure.gravatar.com\/avatar\/2dce5ddd34b8fef0180efe03aa2a9bee7d953856048f9a16b298190a3178407c?s=96&d=mm&r=g\",\"contentUrl\":\"https:\/\/secure.gravatar.com\/avatar\/2dce5ddd34b8fef0180efe03aa2a9bee7d953856048f9a16b298190a3178407c?s=96&d=mm&r=g\",\"caption\":\"LA REDACTION\"},\"url\":\"https:\/\/www.public.sn\/index.php\/author\/editeurpsn\/\"}]}<\/script>\n<!-- \/ Yoast SEO plugin. -->","yoast_head_json":{"title":"Qatar 2022\u00a0: \u00a0Aliou Ciss\u00e9 publie sa liste ce Vendredi. - LE PUBLIC","robots":{"index":"index","follow":"follow","max-snippet":"max-snippet:-1","max-image-preview":"max-image-preview:large","max-video-preview":"max-video-preview:-1"},"canonical":"https:\/\/www.public.sn\/index.php\/2022\/11\/08\/qatar-2022-aliou-cisse-publie-sa-liste-ce-vendredi\/","og_locale":"fr_FR","og_type":"article","og_title":"Qatar 2022\u00a0: \u00a0Aliou Ciss\u00e9 publie sa liste ce Vendredi. - LE PUBLIC","og_description":"C\u2019est ce Vendredi que le s\u00e9lectionneur national, Aliou Ciss\u00e9 va rencontrer la presse nationale. Une rencontre avec la presse afin de publier la liste des joueurs devant participer \u00e0 la coupe du monde pr\u00e9vue au Qatar. La F\u00e9d\u00e9ration s\u00e9n\u00e9galaise de football ((Fsf) informe que le s\u00e9lectionneur national dans un communiqu\u00e9 renseigne qu\u2019elle tiendra une conf\u00e9rence de presse ce vendredi 11 novembre 2022 \u00e0 10h00 au restaurant Good Rade, sis sur la VDN. L\u2019occasion pour le s\u00e9lectionneur de d\u00e9voiler les joueurs qui prendront part \u00e0 la 22e \u00e9dition de la Coupe du Monde au Qatar. Samba SY.","og_url":"https:\/\/www.public.sn\/index.php\/2022\/11\/08\/qatar-2022-aliou-cisse-publie-sa-liste-ce-vendredi\/","og_site_name":"LE PUBLIC","article_published_time":"2022-11-08T12:24:54+00:00","article_modified_time":"2022-11-08T12:24:56+00:00","og_image":[{"width":696,"height":454,"url":"https:\/\/www.public.sn\/wp-content\/uploads\/2022\/11\/aliou-cisse-696x454-1.jpg","type":"image\/jpeg"}],"author":"LA REDACTION","twitter_card":"summary_large_image","twitter_misc":{"\u00c9crit par":"LA REDACTION","Dur\u00e9e de lecture estim\u00e9e":"1 minute"},"schema":{"@context":"https:\/\/schema.org","@graph":[{"@type":"Article","@id":"https:\/\/www.public.sn\/index.php\/2022\/11\/08\/qatar-2022-aliou-cisse-publie-sa-liste-ce-vendredi\/#article","isPartOf":{"@id":"https:\/\/www.public.sn\/index.php\/2022\/11\/08\/qatar-2022-aliou-cisse-publie-sa-liste-ce-vendredi\/"},"author":{"name":"LA REDACTION","@id":"https:\/\/www.public.sn\/#\/schema\/person\/cb76c8e1b8becc6be61fb5e92d6d0224"},"headline":"Qatar 2022\u00a0: \u00a0Aliou Ciss\u00e9 publie sa liste ce Vendredi.","datePublished":"2022-11-08T12:24:54+00:00","dateModified":"2022-11-08T12:24:56+00:00","mainEntityOfPage":{"@id":"https:\/\/www.public.sn\/index.php\/2022\/11\/08\/qatar-2022-aliou-cisse-publie-sa-liste-ce-vendredi\/"},"wordCount":112,"commentCount":0,"publisher":{"@id":"https:\/\/www.public.sn\/#organization"},"image":{"@id":"https:\/\/www.public.sn\/index.php\/2022\/11\/08\/qatar-2022-aliou-cisse-publie-sa-liste-ce-vendredi\/#primaryimage"},"thumbnailUrl":"https:\/\/www.public.sn\/wp-content\/uploads\/2022\/11\/aliou-cisse-696x454-1.jpg","keywords":["aliou cisse","Football","liste coupe du monde"],"articleSection":["ACTUALIT\u00c9S","S\u00c9N\u00c9GAL","SPORTS"],"inLanguage":"fr-FR","potentialAction":[{"@type":"CommentAction","name":"Comment","target":["https:\/\/www.public.sn\/index.php\/2022\/11\/08\/qatar-2022-aliou-cisse-publie-sa-liste-ce-vendredi\/#respond"]}]},{"@type":"WebPage","@id":"https:\/\/www.public.sn\/index.php\/2022\/11\/08\/qatar-2022-aliou-cisse-publie-sa-liste-ce-vendredi\/","url":"https:\/\/www.public.sn\/index.php\/2022\/11\/08\/qatar-2022-aliou-cisse-publie-sa-liste-ce-vendredi\/","name":"Qatar 2022\u00a0: \u00a0Aliou Ciss\u00e9 publie sa liste ce Vendredi. - LE PUBLIC","isPartOf":{"@id":"https:\/\/www.public.sn\/#website"},"primaryImageOfPage":{"@id":"https:\/\/www.public.sn\/index.php\/2022\/11\/08\/qatar-2022-aliou-cisse-publie-sa-liste-ce-vendredi\/#primaryimage"},"image":{"@id":"https:\/\/www.public.sn\/index.php\/2022\/11\/08\/qatar-2022-aliou-cisse-publie-sa-liste-ce-vendredi\/#primaryimage"},"thumbnailUrl":"https:\/\/www.public.sn\/wp-content\/uploads\/2022\/11\/aliou-cisse-696x454-1.jpg","datePublished":"2022-11-08T12:24:54+00:00","dateModified":"2022-11-08T12:24:56+00:00","breadcrumb":{"@id":"https:\/\/www.public.sn\/index.php\/2022\/11\/08\/qatar-2022-aliou-cisse-publie-sa-liste-ce-vendredi\/#breadcrumb"},"inLanguage":"fr-FR","potentialAction":[{"@type":"ReadAction","target":["https:\/\/www.public.sn\/index.php\/2022\/11\/08\/qatar-2022-aliou-cisse-publie-sa-liste-ce-vendredi\/"]}]},{"@type":"ImageObject","inLanguage":"fr-FR","@id":"https:\/\/www.public.sn\/index.php\/2022\/11\/08\/qatar-2022-aliou-cisse-publie-sa-liste-ce-vendredi\/#primaryimage","url":"https:\/\/www.public.sn\/wp-content\/uploads\/2022\/11\/aliou-cisse-696x454-1.jpg","contentUrl":"https:\/\/www.public.sn\/wp-content\/uploads\/2022\/11\/aliou-cisse-696x454-1.jpg","width":696,"height":454,"caption":"publicsn"},{"@type":"BreadcrumbList","@id":"https:\/\/www.public.sn\/index.php\/2022\/11\/08\/qatar-2022-aliou-cisse-publie-sa-liste-ce-vendredi\/#breadcrumb","itemListElement":[{"@type":"ListItem","position":1,"name":"Accueil","item":"https:\/\/www.public.sn\/"},{"@type":"ListItem","position":2,"name":"Qatar 2022\u00a0: \u00a0Aliou Ciss\u00e9 publie sa liste ce Vendredi."}]},{"@type":"WebSite","@id":"https:\/\/www.public.sn\/#website","url":"https:\/\/www.public.sn\/","name":"LE PUBLIC","description":"","publisher":{"@id":"https:\/\/www.public.sn\/#organization"},"potentialAction":[{"@type":"SearchAction","target":{"@type":"EntryPoint","urlTemplate":"https:\/\/www.public.sn\/?s={search_term_string}"},"query-input":{"@type":"PropertyValueSpecification","valueRequired":true,"valueName":"search_term_string"}}],"inLanguage":"fr-FR"},{"@type":"Organization","@id":"https:\/\/www.public.sn\/#organization","name":"LE PUBLIC","url":"https:\/\/www.public.sn\/","logo":{"@type":"ImageObject","inLanguage":"fr-FR","@id":"https:\/\/www.public.sn\/#\/schema\/logo\/image\/","url":"https:\/\/www.public.sn\/wp-content\/uploads\/2024\/05\/cropped-LOGO-PUBLIC.SN_.png","contentUrl":"https:\/\/www.public.sn\/wp-content\/uploads\/2024\/05\/cropped-LOGO-PUBLIC.SN_.png","width":682,"height":192,"caption":"LE PUBLIC"},"image":{"@id":"https:\/\/www.public.sn\/#\/schema\/logo\/image\/"}},{"@type":"Person","@id":"https:\/\/www.public.sn\/#\/schema\/person\/cb76c8e1b8becc6be61fb5e92d6d0224","name":"LA REDACTION","image":{"@type":"ImageObject","inLanguage":"fr-FR","@id":"https:\/\/www.public.sn\/#\/schema\/person\/image\/","url":"https:\/\/secure.gravatar.com\/avatar\/2dce5ddd34b8fef0180efe03aa2a9bee7d953856048f9a16b298190a3178407c?s=96&d=mm&r=g","contentUrl":"https:\/\/secure.gravatar.com\/avatar\/2dce5ddd34b8fef0180efe03aa2a9bee7d953856048f9a16b298190a3178407c?s=96&d=mm&r=g","caption":"LA REDACTION"},"url":"https:\/\/www.public.sn\/index.php\/author\/editeurpsn\/"}]}},"jetpack_featured_media_url":"https:\/\/www.public.sn\/wp-content\/uploads\/2022\/11\/aliou-cisse-696x454-1.jpg","jetpack_sharing_enabled":true,"_links":{"self":[{"href":"https:\/\/www.public.sn\/index.php\/wp-json\/wp\/v2\/posts\/7472","targetHints":{"allow":["GET"]}}],"collection":[{"href":"https:\/\/www.public.sn\/index.php\/wp-json\/wp\/v2\/posts"}],"about":[{"href":"https:\/\/www.public.sn\/index.php\/wp-json\/wp\/v2\/types\/post"}],"author":[{"embeddable":true,"href":"https:\/\/www.public.sn\/index.php\/wp-json\/wp\/v2\/users\/7"}],"replies":[{"embeddable":true,"href":"https:\/\/www.public.sn\/index.php\/wp-json\/wp\/v2\/comments?post=7472"}],"version-history":[{"count":2,"href":"https:\/\/www.public.sn\/index.php\/wp-json\/wp\/v2\/posts\/7472\/revisions"}],"predecessor-version":[{"id":7475,"href":"https:\/\/www.public.sn\/index.php\/wp-json\/wp\/v2\/posts\/7472\/revisions\/7475"}],"wp:featuredmedia":[{"embeddable":true,"href":"https:\/\/www.public.sn\/index.php\/wp-json\/wp\/v2\/media\/7473"}],"wp:attachment":[{"href":"https:\/\/www.public.sn\/index.php\/wp-json\/wp\/v2\/media?parent=7472"}],"wp:term":[{"taxonomy":"category","embeddable":true,"href":"https:\/\/www.public.sn\/index.php\/wp-json\/wp\/v2\/categories?post=7472"},{"taxonomy":"post_tag","embeddable":true,"href":"https:\/\/www.public.sn\/index.php\/wp-json\/wp\/v2\/tags?post=7472"}],"curies":[{"name":"wp","href":"https:\/\/api.w.org\/{rel}","templated":true}]}}