{"id":7481,"date":"2022-11-08T12:53:33","date_gmt":"2022-11-08T12:53:33","guid":{"rendered":"https:\/\/www.public.sn\/?p=7481"},"modified":"2022-11-08T13:28:59","modified_gmt":"2022-11-08T13:28:59","slug":"affaire-thicky-les-cinq-gardes-du-corps-de-sonko-places-sous-mandat-de-depot","status":"publish","type":"post","link":"https:\/\/www.public.sn\/index.php\/2022\/11\/08\/affaire-thicky-les-cinq-gardes-du-corps-de-sonko-places-sous-mandat-de-depot\/","title":{"rendered":"Affaire Thicky : Les cinq\u00a0gardes du corps de Sonko plac\u00e9s sous mandat de d\u00e9p\u00f4t et jug\u00e9s ce 15 Novembre."},"content":{"rendered":"<p><strong>Suite et pas fin des affrontements de Thicky. En effet, les cinq gardes du corps de Ousmane Sonko, auditionn\u00e9s de nouveau ce mardi par le procureur du Tribunal de grande instance de Mbour, sont tous plac\u00e9s sous mandat de d\u00e9p\u00f4t.<\/strong><\/p><div class=\"publi-paragraphe1\" style=\"margin-top: 10px;margin-bottom: 10px;margin-left: auto;margin-right: auto;text-align: center;\" id=\"publi-2411817513\"><div class=\"publi-adlabel\">Publicit\u00e9<\/div><script async src=\"\/\/pagead2.googlesyndication.com\/pagead\/js\/adsbygoogle.js?client=ca-pub-4089586018074219\" crossorigin=\"anonymous\"><\/script><ins class=\"adsbygoogle\" style=\"display:block;\" data-ad-client=\"ca-pub-4089586018074219\" \ndata-ad-slot=\"2087940154\" \ndata-ad-format=\"auto\"><\/ins>\n<script> \n(adsbygoogle = window.adsbygoogle || []).push({}); \n<\/script>\n<\/div>\n<p>Apr\u00e8s leur retour de parquet lundi, les cinq gardes du corps de Ousmane Sonko viennent d\u2019\u00eatre plac\u00e9s sous mandat de d\u00e9p\u00f4t, selon la Rfm.<\/p>\n<p>Toujours selon la m\u00eame source, ils seront jug\u00e9s ce Mardi 15 Novembre.<\/p>\n<div class=\"publi-apres-le-contenu\" style=\"margin-top: 10px;margin-bottom: 10px;margin-left: auto;margin-right: auto;text-align: center;\" id=\"publi-1304294094\"><div class=\"publi-adlabel\">Publicit\u00e9<\/div><script async src=\"\/\/pagead2.googlesyndication.com\/pagead\/js\/adsbygoogle.js?client=ca-pub-4089586018074219\" crossorigin=\"anonymous\"><\/script><ins class=\"adsbygoogle\" style=\"display:block;\" data-ad-client=\"ca-pub-4089586018074219\" \ndata-ad-slot=\"2087940154\" \ndata-ad-format=\"auto\"><\/ins>\n<script> \n(adsbygoogle = window.adsbygoogle || []).push({}); \n<\/script>\n<\/div>","protected":false},"excerpt":{"rendered":"<p>Suite et pas fin des affrontements de Thicky. En effet, les cinq gardes du corps de Ousmane Sonko, auditionn\u00e9s de nouveau ce mardi par le procureur du Tribunal de grande instance de Mbour, sont tous plac\u00e9s sous mandat de d\u00e9p\u00f4t. Apr\u00e8s leur retour de parquet lundi, les cinq gardes du corps de Ousmane Sonko viennent d\u2019\u00eatre plac\u00e9s sous mandat de d\u00e9p\u00f4t, selon la Rfm. Toujours selon la m\u00eame source, ils seront jug\u00e9s ce Mardi 15 Novembre.<\/p>\n","protected":false},"author":1,"featured_media":7483,"comment_status":"open","ping_status":"open","sticky":false,"template":"","format":"standard","meta":{"_jetpack_memberships_contains_paid_content":false,"footnotes":""},"categories":[375,376,1,4,372],"tags":[2579,16,2578],"class_list":["post-7481","post","type-post","status-publish","format-standard","has-post-thumbnail","hentry","category-actualites","category-securite-justice","category-non-classe","category-societe","category-vedette","tag-garde-du-corps","tag-ousmane-sonko","tag-thicky","entry","has-media","owp-thumbs-layout-horizontal","owp-btn-normal","owp-tabs-layout-horizontal","has-no-thumbnails","has-product-nav"],"yoast_head":"<!-- This site is optimized with the Yoast SEO plugin v25.5 - https:\/\/yoast.com\/wordpress\/plugins\/seo\/ -->\n<title>Affaire Thicky : Les cinq\u00a0gardes du corps de Sonko plac\u00e9s sous mandat de d\u00e9p\u00f4t et jug\u00e9s ce 15 Novembre. - LE PUBLIC<\/title>\n<meta name=\"robots\" content=\"index, follow, max-snippet:-1, max-image-preview:large, max-video-preview:-1\" \/>\n<link rel=\"canonical\" href=\"https:\/\/www.public.sn\/index.php\/2022\/11\/08\/affaire-thicky-les-cinq-gardes-du-corps-de-sonko-places-sous-mandat-de-depot\/\" \/>\n<meta property=\"og:locale\" content=\"fr_FR\" \/>\n<meta property=\"og:type\" content=\"article\" \/>\n<meta property=\"og:title\" content=\"Affaire Thicky : Les cinq\u00a0gardes du corps de Sonko plac\u00e9s sous mandat de d\u00e9p\u00f4t et jug\u00e9s ce 15 Novembre. - LE PUBLIC\" \/>\n<meta property=\"og:description\" content=\"Suite et pas fin des affrontements de Thicky. En effet, les cinq gardes du corps de Ousmane Sonko, auditionn\u00e9s de nouveau ce mardi par le procureur du Tribunal de grande instance de Mbour, sont tous plac\u00e9s sous mandat de d\u00e9p\u00f4t. Apr\u00e8s leur retour de parquet lundi, les cinq gardes du corps de Ousmane Sonko viennent d\u2019\u00eatre plac\u00e9s sous mandat de d\u00e9p\u00f4t, selon la Rfm. Toujours selon la m\u00eame source, ils seront jug\u00e9s ce Mardi 15 Novembre.\" \/>\n<meta property=\"og:url\" content=\"https:\/\/www.public.sn\/index.php\/2022\/11\/08\/affaire-thicky-les-cinq-gardes-du-corps-de-sonko-places-sous-mandat-de-depot\/\" \/>\n<meta property=\"og:site_name\" content=\"LE PUBLIC\" \/>\n<meta property=\"article:published_time\" content=\"2022-11-08T12:53:33+00:00\" \/>\n<meta property=\"article:modified_time\" content=\"2022-11-08T13:28:59+00:00\" \/>\n<meta property=\"og:image\" content=\"https:\/\/www.public.sn\/wp-content\/uploads\/2022\/11\/garde-du-corps-de-sonko.jpg\" \/>\n\t<meta property=\"og:image:width\" content=\"696\" \/>\n\t<meta property=\"og:image:height\" content=\"402\" \/>\n\t<meta property=\"og:image:type\" content=\"image\/jpeg\" \/>\n<meta name=\"author\" content=\"LA REDACTION\" \/>\n<meta name=\"twitter:card\" content=\"summary_large_image\" \/>\n<meta name=\"twitter:label1\" content=\"\u00c9crit par\" \/>\n\t<meta name=\"twitter:data1\" content=\"LA REDACTION\" \/>\n\t<meta name=\"twitter:label2\" content=\"Dur\u00e9e de lecture estim\u00e9e\" \/>\n\t<meta name=\"twitter:data2\" content=\"1 minute\" \/>\n<script type=\"application\/ld+json\" class=\"yoast-schema-graph\">{\"@context\":\"https:\/\/schema.org\",\"@graph\":[{\"@type\":\"Article\",\"@id\":\"https:\/\/www.public.sn\/index.php\/2022\/11\/08\/affaire-thicky-les-cinq-gardes-du-corps-de-sonko-places-sous-mandat-de-depot\/#article\",\"isPartOf\":{\"@id\":\"https:\/\/www.public.sn\/index.php\/2022\/11\/08\/affaire-thicky-les-cinq-gardes-du-corps-de-sonko-places-sous-mandat-de-depot\/\"},\"author\":{\"name\":\"LA REDACTION\",\"@id\":\"https:\/\/www.public.sn\/#\/schema\/person\/e3f4a11b037d4203902db148f9bc8d5a\"},\"headline\":\"Affaire Thicky : Les cinq\u00a0gardes du corps de Sonko plac\u00e9s sous mandat de d\u00e9p\u00f4t et jug\u00e9s ce 15 Novembre.\",\"datePublished\":\"2022-11-08T12:53:33+00:00\",\"dateModified\":\"2022-11-08T13:28:59+00:00\",\"mainEntityOfPage\":{\"@id\":\"https:\/\/www.public.sn\/index.php\/2022\/11\/08\/affaire-thicky-les-cinq-gardes-du-corps-de-sonko-places-sous-mandat-de-depot\/\"},\"wordCount\":108,\"commentCount\":0,\"publisher\":{\"@id\":\"https:\/\/www.public.sn\/#organization\"},\"image\":{\"@id\":\"https:\/\/www.public.sn\/index.php\/2022\/11\/08\/affaire-thicky-les-cinq-gardes-du-corps-de-sonko-places-sous-mandat-de-depot\/#primaryimage\"},\"thumbnailUrl\":\"https:\/\/www.public.sn\/wp-content\/uploads\/2022\/11\/garde-du-corps-de-sonko.jpg\",\"keywords\":[\"Garde du corps\",\"Ousmane Sonko\",\"Thicky\"],\"articleSection\":[\"ACTUALIT\u00c9S\",\"S\u00c9CURIT\u00c9 &amp; JUSTICE\",\"S\u00c9N\u00c9GAL\",\"SOCIETE\",\"VEDETTE\"],\"inLanguage\":\"fr-FR\",\"potentialAction\":[{\"@type\":\"CommentAction\",\"name\":\"Comment\",\"target\":[\"https:\/\/www.public.sn\/index.php\/2022\/11\/08\/affaire-thicky-les-cinq-gardes-du-corps-de-sonko-places-sous-mandat-de-depot\/#respond\"]}]},{\"@type\":\"WebPage\",\"@id\":\"https:\/\/www.public.sn\/index.php\/2022\/11\/08\/affaire-thicky-les-cinq-gardes-du-corps-de-sonko-places-sous-mandat-de-depot\/\",\"url\":\"https:\/\/www.public.sn\/index.php\/2022\/11\/08\/affaire-thicky-les-cinq-gardes-du-corps-de-sonko-places-sous-mandat-de-depot\/\",\"name\":\"Affaire Thicky : Les cinq\u00a0gardes du corps de Sonko plac\u00e9s sous mandat de d\u00e9p\u00f4t et jug\u00e9s ce 15 Novembre. - LE PUBLIC\",\"isPartOf\":{\"@id\":\"https:\/\/www.public.sn\/#website\"},\"primaryImageOfPage\":{\"@id\":\"https:\/\/www.public.sn\/index.php\/2022\/11\/08\/affaire-thicky-les-cinq-gardes-du-corps-de-sonko-places-sous-mandat-de-depot\/#primaryimage\"},\"image\":{\"@id\":\"https:\/\/www.public.sn\/index.php\/2022\/11\/08\/affaire-thicky-les-cinq-gardes-du-corps-de-sonko-places-sous-mandat-de-depot\/#primaryimage\"},\"thumbnailUrl\":\"https:\/\/www.public.sn\/wp-content\/uploads\/2022\/11\/garde-du-corps-de-sonko.jpg\",\"datePublished\":\"2022-11-08T12:53:33+00:00\",\"dateModified\":\"2022-11-08T13:28:59+00:00\",\"breadcrumb\":{\"@id\":\"https:\/\/www.public.sn\/index.php\/2022\/11\/08\/affaire-thicky-les-cinq-gardes-du-corps-de-sonko-places-sous-mandat-de-depot\/#breadcrumb\"},\"inLanguage\":\"fr-FR\",\"potentialAction\":[{\"@type\":\"ReadAction\",\"target\":[\"https:\/\/www.public.sn\/index.php\/2022\/11\/08\/affaire-thicky-les-cinq-gardes-du-corps-de-sonko-places-sous-mandat-de-depot\/\"]}]},{\"@type\":\"ImageObject\",\"inLanguage\":\"fr-FR\",\"@id\":\"https:\/\/www.public.sn\/index.php\/2022\/11\/08\/affaire-thicky-les-cinq-gardes-du-corps-de-sonko-places-sous-mandat-de-depot\/#primaryimage\",\"url\":\"https:\/\/www.public.sn\/wp-content\/uploads\/2022\/11\/garde-du-corps-de-sonko.jpg\",\"contentUrl\":\"https:\/\/www.public.sn\/wp-content\/uploads\/2022\/11\/garde-du-corps-de-sonko.jpg\",\"width\":696,\"height\":402},{\"@type\":\"BreadcrumbList\",\"@id\":\"https:\/\/www.public.sn\/index.php\/2022\/11\/08\/affaire-thicky-les-cinq-gardes-du-corps-de-sonko-places-sous-mandat-de-depot\/#breadcrumb\",\"itemListElement\":[{\"@type\":\"ListItem\",\"position\":1,\"name\":\"Accueil\",\"item\":\"https:\/\/www.public.sn\/\"},{\"@type\":\"ListItem\",\"position\":2,\"name\":\"Affaire Thicky : Les cinq\u00a0gardes du corps de Sonko plac\u00e9s sous mandat de d\u00e9p\u00f4t et jug\u00e9s ce 15 Novembre.\"}]},{\"@type\":\"WebSite\",\"@id\":\"https:\/\/www.public.sn\/#website\",\"url\":\"https:\/\/www.public.sn\/\",\"name\":\"LE PUBLIC\",\"description\":\"\",\"publisher\":{\"@id\":\"https:\/\/www.public.sn\/#organization\"},\"potentialAction\":[{\"@type\":\"SearchAction\",\"target\":{\"@type\":\"EntryPoint\",\"urlTemplate\":\"https:\/\/www.public.sn\/?s={search_term_string}\"},\"query-input\":{\"@type\":\"PropertyValueSpecification\",\"valueRequired\":true,\"valueName\":\"search_term_string\"}}],\"inLanguage\":\"fr-FR\"},{\"@type\":\"Organization\",\"@id\":\"https:\/\/www.public.sn\/#organization\",\"name\":\"LE PUBLIC\",\"url\":\"https:\/\/www.public.sn\/\",\"logo\":{\"@type\":\"ImageObject\",\"inLanguage\":\"fr-FR\",\"@id\":\"https:\/\/www.public.sn\/#\/schema\/logo\/image\/\",\"url\":\"https:\/\/www.public.sn\/wp-content\/uploads\/2024\/05\/cropped-LOGO-PUBLIC.SN_.png\",\"contentUrl\":\"https:\/\/www.public.sn\/wp-content\/uploads\/2024\/05\/cropped-LOGO-PUBLIC.SN_.png\",\"width\":682,\"height\":192,\"caption\":\"LE PUBLIC\"},\"image\":{\"@id\":\"https:\/\/www.public.sn\/#\/schema\/logo\/image\/\"}},{\"@type\":\"Person\",\"@id\":\"https:\/\/www.public.sn\/#\/schema\/person\/e3f4a11b037d4203902db148f9bc8d5a\",\"name\":\"LA REDACTION\",\"image\":{\"@type\":\"ImageObject\",\"inLanguage\":\"fr-FR\",\"@id\":\"https:\/\/www.public.sn\/#\/schema\/person\/image\/\",\"url\":\"https:\/\/secure.gravatar.com\/avatar\/d6c030db45db2883c075085c5d6c6258654a801a93766b49af0b82d4f454e2a5?s=96&d=mm&r=g\",\"contentUrl\":\"https:\/\/secure.gravatar.com\/avatar\/d6c030db45db2883c075085c5d6c6258654a801a93766b49af0b82d4f454e2a5?s=96&d=mm&r=g\",\"caption\":\"LA REDACTION\"},\"sameAs\":[\"http:\/\/www.public.sn\"],\"url\":\"https:\/\/www.public.sn\/index.php\/author\/admin7324\/\"}]}<\/script>\n<!-- \/ Yoast SEO plugin. -->","yoast_head_json":{"title":"Affaire Thicky : Les cinq\u00a0gardes du corps de Sonko plac\u00e9s sous mandat de d\u00e9p\u00f4t et jug\u00e9s ce 15 Novembre. - LE PUBLIC","robots":{"index":"index","follow":"follow","max-snippet":"max-snippet:-1","max-image-preview":"max-image-preview:large","max-video-preview":"max-video-preview:-1"},"canonical":"https:\/\/www.public.sn\/index.php\/2022\/11\/08\/affaire-thicky-les-cinq-gardes-du-corps-de-sonko-places-sous-mandat-de-depot\/","og_locale":"fr_FR","og_type":"article","og_title":"Affaire Thicky : Les cinq\u00a0gardes du corps de Sonko plac\u00e9s sous mandat de d\u00e9p\u00f4t et jug\u00e9s ce 15 Novembre. - LE PUBLIC","og_description":"Suite et pas fin des affrontements de Thicky. En effet, les cinq gardes du corps de Ousmane Sonko, auditionn\u00e9s de nouveau ce mardi par le procureur du Tribunal de grande instance de Mbour, sont tous plac\u00e9s sous mandat de d\u00e9p\u00f4t. Apr\u00e8s leur retour de parquet lundi, les cinq gardes du corps de Ousmane Sonko viennent d\u2019\u00eatre plac\u00e9s sous mandat de d\u00e9p\u00f4t, selon la Rfm. Toujours selon la m\u00eame source, ils seront jug\u00e9s ce Mardi 15 Novembre.","og_url":"https:\/\/www.public.sn\/index.php\/2022\/11\/08\/affaire-thicky-les-cinq-gardes-du-corps-de-sonko-places-sous-mandat-de-depot\/","og_site_name":"LE PUBLIC","article_published_time":"2022-11-08T12:53:33+00:00","article_modified_time":"2022-11-08T13:28:59+00:00","og_image":[{"width":696,"height":402,"url":"https:\/\/www.public.sn\/wp-content\/uploads\/2022\/11\/garde-du-corps-de-sonko.jpg","type":"image\/jpeg"}],"author":"LA REDACTION","twitter_card":"summary_large_image","twitter_misc":{"\u00c9crit par":"LA REDACTION","Dur\u00e9e de lecture estim\u00e9e":"1 minute"},"schema":{"@context":"https:\/\/schema.org","@graph":[{"@type":"Article","@id":"https:\/\/www.public.sn\/index.php\/2022\/11\/08\/affaire-thicky-les-cinq-gardes-du-corps-de-sonko-places-sous-mandat-de-depot\/#article","isPartOf":{"@id":"https:\/\/www.public.sn\/index.php\/2022\/11\/08\/affaire-thicky-les-cinq-gardes-du-corps-de-sonko-places-sous-mandat-de-depot\/"},"author":{"name":"LA REDACTION","@id":"https:\/\/www.public.sn\/#\/schema\/person\/e3f4a11b037d4203902db148f9bc8d5a"},"headline":"Affaire Thicky : Les cinq\u00a0gardes du corps de Sonko plac\u00e9s sous mandat de d\u00e9p\u00f4t et jug\u00e9s ce 15 Novembre.","datePublished":"2022-11-08T12:53:33+00:00","dateModified":"2022-11-08T13:28:59+00:00","mainEntityOfPage":{"@id":"https:\/\/www.public.sn\/index.php\/2022\/11\/08\/affaire-thicky-les-cinq-gardes-du-corps-de-sonko-places-sous-mandat-de-depot\/"},"wordCount":108,"commentCount":0,"publisher":{"@id":"https:\/\/www.public.sn\/#organization"},"image":{"@id":"https:\/\/www.public.sn\/index.php\/2022\/11\/08\/affaire-thicky-les-cinq-gardes-du-corps-de-sonko-places-sous-mandat-de-depot\/#primaryimage"},"thumbnailUrl":"https:\/\/www.public.sn\/wp-content\/uploads\/2022\/11\/garde-du-corps-de-sonko.jpg","keywords":["Garde du corps","Ousmane Sonko","Thicky"],"articleSection":["ACTUALIT\u00c9S","S\u00c9CURIT\u00c9 &amp; JUSTICE","S\u00c9N\u00c9GAL","SOCIETE","VEDETTE"],"inLanguage":"fr-FR","potentialAction":[{"@type":"CommentAction","name":"Comment","target":["https:\/\/www.public.sn\/index.php\/2022\/11\/08\/affaire-thicky-les-cinq-gardes-du-corps-de-sonko-places-sous-mandat-de-depot\/#respond"]}]},{"@type":"WebPage","@id":"https:\/\/www.public.sn\/index.php\/2022\/11\/08\/affaire-thicky-les-cinq-gardes-du-corps-de-sonko-places-sous-mandat-de-depot\/","url":"https:\/\/www.public.sn\/index.php\/2022\/11\/08\/affaire-thicky-les-cinq-gardes-du-corps-de-sonko-places-sous-mandat-de-depot\/","name":"Affaire Thicky : Les cinq\u00a0gardes du corps de Sonko plac\u00e9s sous mandat de d\u00e9p\u00f4t et jug\u00e9s ce 15 Novembre. - LE PUBLIC","isPartOf":{"@id":"https:\/\/www.public.sn\/#website"},"primaryImageOfPage":{"@id":"https:\/\/www.public.sn\/index.php\/2022\/11\/08\/affaire-thicky-les-cinq-gardes-du-corps-de-sonko-places-sous-mandat-de-depot\/#primaryimage"},"image":{"@id":"https:\/\/www.public.sn\/index.php\/2022\/11\/08\/affaire-thicky-les-cinq-gardes-du-corps-de-sonko-places-sous-mandat-de-depot\/#primaryimage"},"thumbnailUrl":"https:\/\/www.public.sn\/wp-content\/uploads\/2022\/11\/garde-du-corps-de-sonko.jpg","datePublished":"2022-11-08T12:53:33+00:00","dateModified":"2022-11-08T13:28:59+00:00","breadcrumb":{"@id":"https:\/\/www.public.sn\/index.php\/2022\/11\/08\/affaire-thicky-les-cinq-gardes-du-corps-de-sonko-places-sous-mandat-de-depot\/#breadcrumb"},"inLanguage":"fr-FR","potentialAction":[{"@type":"ReadAction","target":["https:\/\/www.public.sn\/index.php\/2022\/11\/08\/affaire-thicky-les-cinq-gardes-du-corps-de-sonko-places-sous-mandat-de-depot\/"]}]},{"@type":"ImageObject","inLanguage":"fr-FR","@id":"https:\/\/www.public.sn\/index.php\/2022\/11\/08\/affaire-thicky-les-cinq-gardes-du-corps-de-sonko-places-sous-mandat-de-depot\/#primaryimage","url":"https:\/\/www.public.sn\/wp-content\/uploads\/2022\/11\/garde-du-corps-de-sonko.jpg","contentUrl":"https:\/\/www.public.sn\/wp-content\/uploads\/2022\/11\/garde-du-corps-de-sonko.jpg","width":696,"height":402},{"@type":"BreadcrumbList","@id":"https:\/\/www.public.sn\/index.php\/2022\/11\/08\/affaire-thicky-les-cinq-gardes-du-corps-de-sonko-places-sous-mandat-de-depot\/#breadcrumb","itemListElement":[{"@type":"ListItem","position":1,"name":"Accueil","item":"https:\/\/www.public.sn\/"},{"@type":"ListItem","position":2,"name":"Affaire Thicky : Les cinq\u00a0gardes du corps de Sonko plac\u00e9s sous mandat de d\u00e9p\u00f4t et jug\u00e9s ce 15 Novembre."}]},{"@type":"WebSite","@id":"https:\/\/www.public.sn\/#website","url":"https:\/\/www.public.sn\/","name":"LE PUBLIC","description":"","publisher":{"@id":"https:\/\/www.public.sn\/#organization"},"potentialAction":[{"@type":"SearchAction","target":{"@type":"EntryPoint","urlTemplate":"https:\/\/www.public.sn\/?s={search_term_string}"},"query-input":{"@type":"PropertyValueSpecification","valueRequired":true,"valueName":"search_term_string"}}],"inLanguage":"fr-FR"},{"@type":"Organization","@id":"https:\/\/www.public.sn\/#organization","name":"LE PUBLIC","url":"https:\/\/www.public.sn\/","logo":{"@type":"ImageObject","inLanguage":"fr-FR","@id":"https:\/\/www.public.sn\/#\/schema\/logo\/image\/","url":"https:\/\/www.public.sn\/wp-content\/uploads\/2024\/05\/cropped-LOGO-PUBLIC.SN_.png","contentUrl":"https:\/\/www.public.sn\/wp-content\/uploads\/2024\/05\/cropped-LOGO-PUBLIC.SN_.png","width":682,"height":192,"caption":"LE PUBLIC"},"image":{"@id":"https:\/\/www.public.sn\/#\/schema\/logo\/image\/"}},{"@type":"Person","@id":"https:\/\/www.public.sn\/#\/schema\/person\/e3f4a11b037d4203902db148f9bc8d5a","name":"LA REDACTION","image":{"@type":"ImageObject","inLanguage":"fr-FR","@id":"https:\/\/www.public.sn\/#\/schema\/person\/image\/","url":"https:\/\/secure.gravatar.com\/avatar\/d6c030db45db2883c075085c5d6c6258654a801a93766b49af0b82d4f454e2a5?s=96&d=mm&r=g","contentUrl":"https:\/\/secure.gravatar.com\/avatar\/d6c030db45db2883c075085c5d6c6258654a801a93766b49af0b82d4f454e2a5?s=96&d=mm&r=g","caption":"LA REDACTION"},"sameAs":["http:\/\/www.public.sn"],"url":"https:\/\/www.public.sn\/index.php\/author\/admin7324\/"}]}},"jetpack_featured_media_url":"https:\/\/www.public.sn\/wp-content\/uploads\/2022\/11\/garde-du-corps-de-sonko.jpg","jetpack_sharing_enabled":true,"_links":{"self":[{"href":"https:\/\/www.public.sn\/index.php\/wp-json\/wp\/v2\/posts\/7481","targetHints":{"allow":["GET"]}}],"collection":[{"href":"https:\/\/www.public.sn\/index.php\/wp-json\/wp\/v2\/posts"}],"about":[{"href":"https:\/\/www.public.sn\/index.php\/wp-json\/wp\/v2\/types\/post"}],"author":[{"embeddable":true,"href":"https:\/\/www.public.sn\/index.php\/wp-json\/wp\/v2\/users\/1"}],"replies":[{"embeddable":true,"href":"https:\/\/www.public.sn\/index.php\/wp-json\/wp\/v2\/comments?post=7481"}],"version-history":[{"count":2,"href":"https:\/\/www.public.sn\/index.php\/wp-json\/wp\/v2\/posts\/7481\/revisions"}],"predecessor-version":[{"id":7497,"href":"https:\/\/www.public.sn\/index.php\/wp-json\/wp\/v2\/posts\/7481\/revisions\/7497"}],"wp:featuredmedia":[{"embeddable":true,"href":"https:\/\/www.public.sn\/index.php\/wp-json\/wp\/v2\/media\/7483"}],"wp:attachment":[{"href":"https:\/\/www.public.sn\/index.php\/wp-json\/wp\/v2\/media?parent=7481"}],"wp:term":[{"taxonomy":"category","embeddable":true,"href":"https:\/\/www.public.sn\/index.php\/wp-json\/wp\/v2\/categories?post=7481"},{"taxonomy":"post_tag","embeddable":true,"href":"https:\/\/www.public.sn\/index.php\/wp-json\/wp\/v2\/tags?post=7481"}],"curies":[{"name":"wp","href":"https:\/\/api.w.org\/{rel}","templated":true}]}}