{"id":7547,"date":"2022-11-08T16:16:32","date_gmt":"2022-11-08T16:16:32","guid":{"rendered":"https:\/\/www.public.sn\/?p=7547"},"modified":"2022-11-08T16:21:43","modified_gmt":"2022-11-08T16:21:43","slug":"arrestation-de-pape-ale-niang-ibrahima-lissa-faye-decele-les-veritables-problemes-de-la-presse-et-annonce-d","status":"publish","type":"post","link":"https:\/\/www.public.sn\/index.php\/2022\/11\/08\/arrestation-de-pape-ale-niang-ibrahima-lissa-faye-decele-les-veritables-problemes-de-la-presse-et-annonce-d\/","title":{"rendered":"Arrestation de Pape Al\u00e9 Niang : Ibrahima Lissa Faye d\u00e9c\u00e8le les v\u00e9ritables probl\u00e8mes de la presse et annonce d\u2026"},"content":{"rendered":"<p><strong>Apr\u00e8s avoir regrett\u00e9 l\u2019arrestation de Pape Al\u00e9 Niang , Ibrahima Lissa Faye exige la lib\u00e9ration imm\u00e9diate et sans condition de son confr\u00e8re.\u00a0 Le journaliste par ailleurs,\u00a0 pr\u00e9sident de l\u2019Association des Professionnels de la Presse en Ligne (Appel),\u00a0 est convaincu que l&rsquo;administrateur de Dakarmatin va d&rsquo;ci peu recouvrer la libert\u00e9 puisque la presse est avec lui et est pr\u00eate \u00e0 tout pour sa lib\u00e9ration.\u00a0 Il l&rsquo;a fait savoir dans un entretien avec Public TV.<\/strong><\/p><div class=\"publi-paragraphe1\" style=\"margin-top: 10px;margin-bottom: 10px;margin-left: auto;margin-right: auto;text-align: center;\" id=\"publi-3007653869\"><div class=\"publi-adlabel\">Publicit\u00e9<\/div><script async src=\"\/\/pagead2.googlesyndication.com\/pagead\/js\/adsbygoogle.js?client=ca-pub-4089586018074219\" crossorigin=\"anonymous\"><\/script><ins class=\"adsbygoogle\" style=\"display:block;\" data-ad-client=\"ca-pub-4089586018074219\" \ndata-ad-slot=\"2087940154\" \ndata-ad-format=\"auto\"><\/ins>\n<script> \n(adsbygoogle = window.adsbygoogle || []).push({}); \n<\/script>\n<\/div>\n<p>Cependant, Ibrahima Lissa Faye a reconnu que la presse a des v\u00e9ritables probl\u00e8mes auxquelles les autorit\u00e9s et acteurs des m\u00e9dias sont en train de chercher des solutions ad\u00e9quates pour y rem\u00e9dier. Sur ce, la carte nationale de Presse et la formation des professionnelles de l&rsquo;information et de la communication seraient des solutions idoines pour att\u00e9nuer ces d\u00e9rives.<\/p>\n<p>Suivez l&rsquo;int\u00e9gralit\u00e9 de l&rsquo;entretien<\/p>\n<p><iframe title=\"Affaire Pape Al\u00e9 Niang : Ibrahima Lissa Faye liste les maux de la presse s\u00e9n\u00e9galaise et annonce ...\" src=\"https:\/\/www.youtube.com\/embed\/r63GCOJVS3c\" width=\"640\" height=\"360\" frameborder=\"0\" allowfullscreen=\"allowfullscreen\"><\/iframe><\/p>\n<p><strong>Par\u00a0 Ma\u00efmouna Diallo<\/strong><\/p>\n<div class=\"publi-apres-le-contenu\" style=\"margin-top: 10px;margin-bottom: 10px;margin-left: auto;margin-right: auto;text-align: center;\" id=\"publi-1675007294\"><div class=\"publi-adlabel\">Publicit\u00e9<\/div><script async src=\"\/\/pagead2.googlesyndication.com\/pagead\/js\/adsbygoogle.js?client=ca-pub-4089586018074219\" crossorigin=\"anonymous\"><\/script><ins class=\"adsbygoogle\" style=\"display:block;\" data-ad-client=\"ca-pub-4089586018074219\" \ndata-ad-slot=\"2087940154\" \ndata-ad-format=\"auto\"><\/ins>\n<script> \n(adsbygoogle = window.adsbygoogle || []).push({}); \n<\/script>\n<\/div>","protected":false},"excerpt":{"rendered":"<p>Apr\u00e8s avoir regrett\u00e9 l\u2019arrestation de Pape Al\u00e9 Niang , Ibrahima Lissa Faye exige la lib\u00e9ration imm\u00e9diate et sans condition de son confr\u00e8re.\u00a0 Le journaliste par ailleurs,\u00a0 pr\u00e9sident de l\u2019Association des Professionnels de la Presse en Ligne (Appel),\u00a0 est convaincu que l&rsquo;administrateur de Dakarmatin va d&rsquo;ci peu recouvrer la libert\u00e9 puisque la presse est avec lui et est pr\u00eate \u00e0 tout pour sa lib\u00e9ration.\u00a0 Il l&rsquo;a fait savoir dans un entretien avec Public TV. Cependant, Ibrahima Lissa Faye a reconnu que la presse a des v\u00e9ritables probl\u00e8mes auxquelles les autorit\u00e9s et acteurs des m\u00e9dias sont en train de chercher des solutions ad\u00e9quates pour y rem\u00e9dier. Sur ce, la carte nationale de Presse et la formation des professionnelles de l&rsquo;information et de la communication seraient des solutions idoines pour att\u00e9nuer ces d\u00e9rives. Suivez l&rsquo;int\u00e9gralit\u00e9 de l&rsquo;entretien Par\u00a0 Ma\u00efmouna Diallo<\/p>\n","protected":false},"author":1,"featured_media":7562,"comment_status":"open","ping_status":"open","sticky":false,"template":"","format":"standard","meta":{"_jetpack_memberships_contains_paid_content":false,"footnotes":""},"categories":[375,961,8,1,372,6],"tags":[2602,2601,2489],"class_list":["post-7547","post","type-post","status-publish","format-standard","has-post-thumbnail","hentry","category-actualites","category-medias","category-public-tv","category-non-classe","category-vedette","category-videos","tag-carte-nationale-de-presse","tag-ibrahima-lissa-faye","tag-pape-ale-niang","entry","has-media","owp-thumbs-layout-horizontal","owp-btn-normal","owp-tabs-layout-horizontal","has-no-thumbnails","has-product-nav"],"yoast_head":"<!-- This site is optimized with the Yoast SEO plugin v25.5 - https:\/\/yoast.com\/wordpress\/plugins\/seo\/ -->\n<title>Arrestation de Pape Al\u00e9 Niang : Ibrahima Lissa Faye d\u00e9c\u00e8le les v\u00e9ritables probl\u00e8mes de la presse et annonce d\u2026 - LE PUBLIC<\/title>\n<meta name=\"robots\" content=\"index, follow, max-snippet:-1, max-image-preview:large, max-video-preview:-1\" \/>\n<link rel=\"canonical\" href=\"https:\/\/www.public.sn\/index.php\/2022\/11\/08\/arrestation-de-pape-ale-niang-ibrahima-lissa-faye-decele-les-veritables-problemes-de-la-presse-et-annonce-d\/\" \/>\n<meta property=\"og:locale\" content=\"fr_FR\" \/>\n<meta property=\"og:type\" content=\"article\" \/>\n<meta property=\"og:title\" content=\"Arrestation de Pape Al\u00e9 Niang : Ibrahima Lissa Faye d\u00e9c\u00e8le les v\u00e9ritables probl\u00e8mes de la presse et annonce d\u2026 - LE PUBLIC\" \/>\n<meta property=\"og:description\" content=\"Apr\u00e8s avoir regrett\u00e9 l\u2019arrestation de Pape Al\u00e9 Niang , Ibrahima Lissa Faye exige la lib\u00e9ration imm\u00e9diate et sans condition de son confr\u00e8re.\u00a0 Le journaliste par ailleurs,\u00a0 pr\u00e9sident de l\u2019Association des Professionnels de la Presse en Ligne (Appel),\u00a0 est convaincu que l&rsquo;administrateur de Dakarmatin va d&rsquo;ci peu recouvrer la libert\u00e9 puisque la presse est avec lui et est pr\u00eate \u00e0 tout pour sa lib\u00e9ration.\u00a0 Il l&rsquo;a fait savoir dans un entretien avec Public TV. Cependant, Ibrahima Lissa Faye a reconnu que la presse a des v\u00e9ritables probl\u00e8mes auxquelles les autorit\u00e9s et acteurs des m\u00e9dias sont en train de chercher des solutions ad\u00e9quates pour y rem\u00e9dier. Sur ce, la carte nationale de Presse et la formation des professionnelles de l&rsquo;information et de la communication seraient des solutions idoines pour att\u00e9nuer ces d\u00e9rives. Suivez l&rsquo;int\u00e9gralit\u00e9 de l&rsquo;entretien Par\u00a0 Ma\u00efmouna Diallo\" \/>\n<meta property=\"og:url\" content=\"https:\/\/www.public.sn\/index.php\/2022\/11\/08\/arrestation-de-pape-ale-niang-ibrahima-lissa-faye-decele-les-veritables-problemes-de-la-presse-et-annonce-d\/\" \/>\n<meta property=\"og:site_name\" content=\"LE PUBLIC\" \/>\n<meta property=\"article:published_time\" content=\"2022-11-08T16:16:32+00:00\" \/>\n<meta property=\"article:modified_time\" content=\"2022-11-08T16:21:43+00:00\" \/>\n<meta property=\"og:image\" content=\"https:\/\/www.public.sn\/wp-content\/uploads\/2022\/11\/WhatsApp-Image-2022-11-08-at-16.08.42.jpeg\" \/>\n\t<meta property=\"og:image:width\" content=\"1080\" \/>\n\t<meta property=\"og:image:height\" content=\"607\" \/>\n\t<meta property=\"og:image:type\" content=\"image\/jpeg\" \/>\n<meta name=\"author\" content=\"LA REDACTION\" \/>\n<meta name=\"twitter:card\" content=\"summary_large_image\" \/>\n<meta name=\"twitter:label1\" content=\"\u00c9crit par\" \/>\n\t<meta name=\"twitter:data1\" content=\"LA REDACTION\" \/>\n\t<meta name=\"twitter:label2\" content=\"Dur\u00e9e de lecture estim\u00e9e\" \/>\n\t<meta name=\"twitter:data2\" content=\"1 minute\" \/>\n<script type=\"application\/ld+json\" class=\"yoast-schema-graph\">{\"@context\":\"https:\/\/schema.org\",\"@graph\":[{\"@type\":\"Article\",\"@id\":\"https:\/\/www.public.sn\/index.php\/2022\/11\/08\/arrestation-de-pape-ale-niang-ibrahima-lissa-faye-decele-les-veritables-problemes-de-la-presse-et-annonce-d\/#article\",\"isPartOf\":{\"@id\":\"https:\/\/www.public.sn\/index.php\/2022\/11\/08\/arrestation-de-pape-ale-niang-ibrahima-lissa-faye-decele-les-veritables-problemes-de-la-presse-et-annonce-d\/\"},\"author\":{\"name\":\"LA REDACTION\",\"@id\":\"https:\/\/www.public.sn\/#\/schema\/person\/e3f4a11b037d4203902db148f9bc8d5a\"},\"headline\":\"Arrestation de Pape Al\u00e9 Niang : Ibrahima Lissa Faye d\u00e9c\u00e8le les v\u00e9ritables probl\u00e8mes de la presse et annonce d\u2026\",\"datePublished\":\"2022-11-08T16:16:32+00:00\",\"dateModified\":\"2022-11-08T16:21:43+00:00\",\"mainEntityOfPage\":{\"@id\":\"https:\/\/www.public.sn\/index.php\/2022\/11\/08\/arrestation-de-pape-ale-niang-ibrahima-lissa-faye-decele-les-veritables-problemes-de-la-presse-et-annonce-d\/\"},\"wordCount\":176,\"commentCount\":0,\"publisher\":{\"@id\":\"https:\/\/www.public.sn\/#organization\"},\"image\":{\"@id\":\"https:\/\/www.public.sn\/index.php\/2022\/11\/08\/arrestation-de-pape-ale-niang-ibrahima-lissa-faye-decele-les-veritables-problemes-de-la-presse-et-annonce-d\/#primaryimage\"},\"thumbnailUrl\":\"https:\/\/www.public.sn\/wp-content\/uploads\/2022\/11\/WhatsApp-Image-2022-11-08-at-16.08.42.jpeg\",\"keywords\":[\"Carte nationale de Presse\",\"Ibrahima Lissa Faye\",\"Pape Al\u00e9 Niang\"],\"articleSection\":[\"ACTUALIT\u00c9S\",\"M\u00c9DIAS\",\"PUBLIC TV\",\"S\u00c9N\u00c9GAL\",\"VEDETTE\",\"VIDEOS\"],\"inLanguage\":\"fr-FR\",\"potentialAction\":[{\"@type\":\"CommentAction\",\"name\":\"Comment\",\"target\":[\"https:\/\/www.public.sn\/index.php\/2022\/11\/08\/arrestation-de-pape-ale-niang-ibrahima-lissa-faye-decele-les-veritables-problemes-de-la-presse-et-annonce-d\/#respond\"]}]},{\"@type\":\"WebPage\",\"@id\":\"https:\/\/www.public.sn\/index.php\/2022\/11\/08\/arrestation-de-pape-ale-niang-ibrahima-lissa-faye-decele-les-veritables-problemes-de-la-presse-et-annonce-d\/\",\"url\":\"https:\/\/www.public.sn\/index.php\/2022\/11\/08\/arrestation-de-pape-ale-niang-ibrahima-lissa-faye-decele-les-veritables-problemes-de-la-presse-et-annonce-d\/\",\"name\":\"Arrestation de Pape Al\u00e9 Niang : Ibrahima Lissa Faye d\u00e9c\u00e8le les v\u00e9ritables probl\u00e8mes de la presse et annonce d\u2026 - LE PUBLIC\",\"isPartOf\":{\"@id\":\"https:\/\/www.public.sn\/#website\"},\"primaryImageOfPage\":{\"@id\":\"https:\/\/www.public.sn\/index.php\/2022\/11\/08\/arrestation-de-pape-ale-niang-ibrahima-lissa-faye-decele-les-veritables-problemes-de-la-presse-et-annonce-d\/#primaryimage\"},\"image\":{\"@id\":\"https:\/\/www.public.sn\/index.php\/2022\/11\/08\/arrestation-de-pape-ale-niang-ibrahima-lissa-faye-decele-les-veritables-problemes-de-la-presse-et-annonce-d\/#primaryimage\"},\"thumbnailUrl\":\"https:\/\/www.public.sn\/wp-content\/uploads\/2022\/11\/WhatsApp-Image-2022-11-08-at-16.08.42.jpeg\",\"datePublished\":\"2022-11-08T16:16:32+00:00\",\"dateModified\":\"2022-11-08T16:21:43+00:00\",\"breadcrumb\":{\"@id\":\"https:\/\/www.public.sn\/index.php\/2022\/11\/08\/arrestation-de-pape-ale-niang-ibrahima-lissa-faye-decele-les-veritables-problemes-de-la-presse-et-annonce-d\/#breadcrumb\"},\"inLanguage\":\"fr-FR\",\"potentialAction\":[{\"@type\":\"ReadAction\",\"target\":[\"https:\/\/www.public.sn\/index.php\/2022\/11\/08\/arrestation-de-pape-ale-niang-ibrahima-lissa-faye-decele-les-veritables-problemes-de-la-presse-et-annonce-d\/\"]}]},{\"@type\":\"ImageObject\",\"inLanguage\":\"fr-FR\",\"@id\":\"https:\/\/www.public.sn\/index.php\/2022\/11\/08\/arrestation-de-pape-ale-niang-ibrahima-lissa-faye-decele-les-veritables-problemes-de-la-presse-et-annonce-d\/#primaryimage\",\"url\":\"https:\/\/www.public.sn\/wp-content\/uploads\/2022\/11\/WhatsApp-Image-2022-11-08-at-16.08.42.jpeg\",\"contentUrl\":\"https:\/\/www.public.sn\/wp-content\/uploads\/2022\/11\/WhatsApp-Image-2022-11-08-at-16.08.42.jpeg\",\"width\":1080,\"height\":607},{\"@type\":\"BreadcrumbList\",\"@id\":\"https:\/\/www.public.sn\/index.php\/2022\/11\/08\/arrestation-de-pape-ale-niang-ibrahima-lissa-faye-decele-les-veritables-problemes-de-la-presse-et-annonce-d\/#breadcrumb\",\"itemListElement\":[{\"@type\":\"ListItem\",\"position\":1,\"name\":\"Accueil\",\"item\":\"https:\/\/www.public.sn\/\"},{\"@type\":\"ListItem\",\"position\":2,\"name\":\"Arrestation de Pape Al\u00e9 Niang : Ibrahima Lissa Faye d\u00e9c\u00e8le les v\u00e9ritables probl\u00e8mes de la presse et annonce d\u2026\"}]},{\"@type\":\"WebSite\",\"@id\":\"https:\/\/www.public.sn\/#website\",\"url\":\"https:\/\/www.public.sn\/\",\"name\":\"LE PUBLIC\",\"description\":\"\",\"publisher\":{\"@id\":\"https:\/\/www.public.sn\/#organization\"},\"potentialAction\":[{\"@type\":\"SearchAction\",\"target\":{\"@type\":\"EntryPoint\",\"urlTemplate\":\"https:\/\/www.public.sn\/?s={search_term_string}\"},\"query-input\":{\"@type\":\"PropertyValueSpecification\",\"valueRequired\":true,\"valueName\":\"search_term_string\"}}],\"inLanguage\":\"fr-FR\"},{\"@type\":\"Organization\",\"@id\":\"https:\/\/www.public.sn\/#organization\",\"name\":\"LE PUBLIC\",\"url\":\"https:\/\/www.public.sn\/\",\"logo\":{\"@type\":\"ImageObject\",\"inLanguage\":\"fr-FR\",\"@id\":\"https:\/\/www.public.sn\/#\/schema\/logo\/image\/\",\"url\":\"https:\/\/www.public.sn\/wp-content\/uploads\/2024\/05\/cropped-LOGO-PUBLIC.SN_.png\",\"contentUrl\":\"https:\/\/www.public.sn\/wp-content\/uploads\/2024\/05\/cropped-LOGO-PUBLIC.SN_.png\",\"width\":682,\"height\":192,\"caption\":\"LE PUBLIC\"},\"image\":{\"@id\":\"https:\/\/www.public.sn\/#\/schema\/logo\/image\/\"}},{\"@type\":\"Person\",\"@id\":\"https:\/\/www.public.sn\/#\/schema\/person\/e3f4a11b037d4203902db148f9bc8d5a\",\"name\":\"LA REDACTION\",\"image\":{\"@type\":\"ImageObject\",\"inLanguage\":\"fr-FR\",\"@id\":\"https:\/\/www.public.sn\/#\/schema\/person\/image\/\",\"url\":\"https:\/\/secure.gravatar.com\/avatar\/d6c030db45db2883c075085c5d6c6258654a801a93766b49af0b82d4f454e2a5?s=96&d=mm&r=g\",\"contentUrl\":\"https:\/\/secure.gravatar.com\/avatar\/d6c030db45db2883c075085c5d6c6258654a801a93766b49af0b82d4f454e2a5?s=96&d=mm&r=g\",\"caption\":\"LA REDACTION\"},\"sameAs\":[\"http:\/\/www.public.sn\"],\"url\":\"https:\/\/www.public.sn\/index.php\/author\/admin7324\/\"}]}<\/script>\n<!-- \/ Yoast SEO plugin. -->","yoast_head_json":{"title":"Arrestation de Pape Al\u00e9 Niang : Ibrahima Lissa Faye d\u00e9c\u00e8le les v\u00e9ritables probl\u00e8mes de la presse et annonce d\u2026 - LE PUBLIC","robots":{"index":"index","follow":"follow","max-snippet":"max-snippet:-1","max-image-preview":"max-image-preview:large","max-video-preview":"max-video-preview:-1"},"canonical":"https:\/\/www.public.sn\/index.php\/2022\/11\/08\/arrestation-de-pape-ale-niang-ibrahima-lissa-faye-decele-les-veritables-problemes-de-la-presse-et-annonce-d\/","og_locale":"fr_FR","og_type":"article","og_title":"Arrestation de Pape Al\u00e9 Niang : Ibrahima Lissa Faye d\u00e9c\u00e8le les v\u00e9ritables probl\u00e8mes de la presse et annonce d\u2026 - LE PUBLIC","og_description":"Apr\u00e8s avoir regrett\u00e9 l\u2019arrestation de Pape Al\u00e9 Niang , Ibrahima Lissa Faye exige la lib\u00e9ration imm\u00e9diate et sans condition de son confr\u00e8re.\u00a0 Le journaliste par ailleurs,\u00a0 pr\u00e9sident de l\u2019Association des Professionnels de la Presse en Ligne (Appel),\u00a0 est convaincu que l&rsquo;administrateur de Dakarmatin va d&rsquo;ci peu recouvrer la libert\u00e9 puisque la presse est avec lui et est pr\u00eate \u00e0 tout pour sa lib\u00e9ration.\u00a0 Il l&rsquo;a fait savoir dans un entretien avec Public TV. Cependant, Ibrahima Lissa Faye a reconnu que la presse a des v\u00e9ritables probl\u00e8mes auxquelles les autorit\u00e9s et acteurs des m\u00e9dias sont en train de chercher des solutions ad\u00e9quates pour y rem\u00e9dier. Sur ce, la carte nationale de Presse et la formation des professionnelles de l&rsquo;information et de la communication seraient des solutions idoines pour att\u00e9nuer ces d\u00e9rives. Suivez l&rsquo;int\u00e9gralit\u00e9 de l&rsquo;entretien Par\u00a0 Ma\u00efmouna Diallo","og_url":"https:\/\/www.public.sn\/index.php\/2022\/11\/08\/arrestation-de-pape-ale-niang-ibrahima-lissa-faye-decele-les-veritables-problemes-de-la-presse-et-annonce-d\/","og_site_name":"LE PUBLIC","article_published_time":"2022-11-08T16:16:32+00:00","article_modified_time":"2022-11-08T16:21:43+00:00","og_image":[{"width":1080,"height":607,"url":"https:\/\/www.public.sn\/wp-content\/uploads\/2022\/11\/WhatsApp-Image-2022-11-08-at-16.08.42.jpeg","type":"image\/jpeg"}],"author":"LA REDACTION","twitter_card":"summary_large_image","twitter_misc":{"\u00c9crit par":"LA REDACTION","Dur\u00e9e de lecture estim\u00e9e":"1 minute"},"schema":{"@context":"https:\/\/schema.org","@graph":[{"@type":"Article","@id":"https:\/\/www.public.sn\/index.php\/2022\/11\/08\/arrestation-de-pape-ale-niang-ibrahima-lissa-faye-decele-les-veritables-problemes-de-la-presse-et-annonce-d\/#article","isPartOf":{"@id":"https:\/\/www.public.sn\/index.php\/2022\/11\/08\/arrestation-de-pape-ale-niang-ibrahima-lissa-faye-decele-les-veritables-problemes-de-la-presse-et-annonce-d\/"},"author":{"name":"LA REDACTION","@id":"https:\/\/www.public.sn\/#\/schema\/person\/e3f4a11b037d4203902db148f9bc8d5a"},"headline":"Arrestation de Pape Al\u00e9 Niang : Ibrahima Lissa Faye d\u00e9c\u00e8le les v\u00e9ritables probl\u00e8mes de la presse et annonce d\u2026","datePublished":"2022-11-08T16:16:32+00:00","dateModified":"2022-11-08T16:21:43+00:00","mainEntityOfPage":{"@id":"https:\/\/www.public.sn\/index.php\/2022\/11\/08\/arrestation-de-pape-ale-niang-ibrahima-lissa-faye-decele-les-veritables-problemes-de-la-presse-et-annonce-d\/"},"wordCount":176,"commentCount":0,"publisher":{"@id":"https:\/\/www.public.sn\/#organization"},"image":{"@id":"https:\/\/www.public.sn\/index.php\/2022\/11\/08\/arrestation-de-pape-ale-niang-ibrahima-lissa-faye-decele-les-veritables-problemes-de-la-presse-et-annonce-d\/#primaryimage"},"thumbnailUrl":"https:\/\/www.public.sn\/wp-content\/uploads\/2022\/11\/WhatsApp-Image-2022-11-08-at-16.08.42.jpeg","keywords":["Carte nationale de Presse","Ibrahima Lissa Faye","Pape Al\u00e9 Niang"],"articleSection":["ACTUALIT\u00c9S","M\u00c9DIAS","PUBLIC TV","S\u00c9N\u00c9GAL","VEDETTE","VIDEOS"],"inLanguage":"fr-FR","potentialAction":[{"@type":"CommentAction","name":"Comment","target":["https:\/\/www.public.sn\/index.php\/2022\/11\/08\/arrestation-de-pape-ale-niang-ibrahima-lissa-faye-decele-les-veritables-problemes-de-la-presse-et-annonce-d\/#respond"]}]},{"@type":"WebPage","@id":"https:\/\/www.public.sn\/index.php\/2022\/11\/08\/arrestation-de-pape-ale-niang-ibrahima-lissa-faye-decele-les-veritables-problemes-de-la-presse-et-annonce-d\/","url":"https:\/\/www.public.sn\/index.php\/2022\/11\/08\/arrestation-de-pape-ale-niang-ibrahima-lissa-faye-decele-les-veritables-problemes-de-la-presse-et-annonce-d\/","name":"Arrestation de Pape Al\u00e9 Niang : Ibrahima Lissa Faye d\u00e9c\u00e8le les v\u00e9ritables probl\u00e8mes de la presse et annonce d\u2026 - LE PUBLIC","isPartOf":{"@id":"https:\/\/www.public.sn\/#website"},"primaryImageOfPage":{"@id":"https:\/\/www.public.sn\/index.php\/2022\/11\/08\/arrestation-de-pape-ale-niang-ibrahima-lissa-faye-decele-les-veritables-problemes-de-la-presse-et-annonce-d\/#primaryimage"},"image":{"@id":"https:\/\/www.public.sn\/index.php\/2022\/11\/08\/arrestation-de-pape-ale-niang-ibrahima-lissa-faye-decele-les-veritables-problemes-de-la-presse-et-annonce-d\/#primaryimage"},"thumbnailUrl":"https:\/\/www.public.sn\/wp-content\/uploads\/2022\/11\/WhatsApp-Image-2022-11-08-at-16.08.42.jpeg","datePublished":"2022-11-08T16:16:32+00:00","dateModified":"2022-11-08T16:21:43+00:00","breadcrumb":{"@id":"https:\/\/www.public.sn\/index.php\/2022\/11\/08\/arrestation-de-pape-ale-niang-ibrahima-lissa-faye-decele-les-veritables-problemes-de-la-presse-et-annonce-d\/#breadcrumb"},"inLanguage":"fr-FR","potentialAction":[{"@type":"ReadAction","target":["https:\/\/www.public.sn\/index.php\/2022\/11\/08\/arrestation-de-pape-ale-niang-ibrahima-lissa-faye-decele-les-veritables-problemes-de-la-presse-et-annonce-d\/"]}]},{"@type":"ImageObject","inLanguage":"fr-FR","@id":"https:\/\/www.public.sn\/index.php\/2022\/11\/08\/arrestation-de-pape-ale-niang-ibrahima-lissa-faye-decele-les-veritables-problemes-de-la-presse-et-annonce-d\/#primaryimage","url":"https:\/\/www.public.sn\/wp-content\/uploads\/2022\/11\/WhatsApp-Image-2022-11-08-at-16.08.42.jpeg","contentUrl":"https:\/\/www.public.sn\/wp-content\/uploads\/2022\/11\/WhatsApp-Image-2022-11-08-at-16.08.42.jpeg","width":1080,"height":607},{"@type":"BreadcrumbList","@id":"https:\/\/www.public.sn\/index.php\/2022\/11\/08\/arrestation-de-pape-ale-niang-ibrahima-lissa-faye-decele-les-veritables-problemes-de-la-presse-et-annonce-d\/#breadcrumb","itemListElement":[{"@type":"ListItem","position":1,"name":"Accueil","item":"https:\/\/www.public.sn\/"},{"@type":"ListItem","position":2,"name":"Arrestation de Pape Al\u00e9 Niang : Ibrahima Lissa Faye d\u00e9c\u00e8le les v\u00e9ritables probl\u00e8mes de la presse et annonce d\u2026"}]},{"@type":"WebSite","@id":"https:\/\/www.public.sn\/#website","url":"https:\/\/www.public.sn\/","name":"LE PUBLIC","description":"","publisher":{"@id":"https:\/\/www.public.sn\/#organization"},"potentialAction":[{"@type":"SearchAction","target":{"@type":"EntryPoint","urlTemplate":"https:\/\/www.public.sn\/?s={search_term_string}"},"query-input":{"@type":"PropertyValueSpecification","valueRequired":true,"valueName":"search_term_string"}}],"inLanguage":"fr-FR"},{"@type":"Organization","@id":"https:\/\/www.public.sn\/#organization","name":"LE PUBLIC","url":"https:\/\/www.public.sn\/","logo":{"@type":"ImageObject","inLanguage":"fr-FR","@id":"https:\/\/www.public.sn\/#\/schema\/logo\/image\/","url":"https:\/\/www.public.sn\/wp-content\/uploads\/2024\/05\/cropped-LOGO-PUBLIC.SN_.png","contentUrl":"https:\/\/www.public.sn\/wp-content\/uploads\/2024\/05\/cropped-LOGO-PUBLIC.SN_.png","width":682,"height":192,"caption":"LE PUBLIC"},"image":{"@id":"https:\/\/www.public.sn\/#\/schema\/logo\/image\/"}},{"@type":"Person","@id":"https:\/\/www.public.sn\/#\/schema\/person\/e3f4a11b037d4203902db148f9bc8d5a","name":"LA REDACTION","image":{"@type":"ImageObject","inLanguage":"fr-FR","@id":"https:\/\/www.public.sn\/#\/schema\/person\/image\/","url":"https:\/\/secure.gravatar.com\/avatar\/d6c030db45db2883c075085c5d6c6258654a801a93766b49af0b82d4f454e2a5?s=96&d=mm&r=g","contentUrl":"https:\/\/secure.gravatar.com\/avatar\/d6c030db45db2883c075085c5d6c6258654a801a93766b49af0b82d4f454e2a5?s=96&d=mm&r=g","caption":"LA REDACTION"},"sameAs":["http:\/\/www.public.sn"],"url":"https:\/\/www.public.sn\/index.php\/author\/admin7324\/"}]}},"jetpack_featured_media_url":"https:\/\/www.public.sn\/wp-content\/uploads\/2022\/11\/WhatsApp-Image-2022-11-08-at-16.08.42.jpeg","jetpack_sharing_enabled":true,"_links":{"self":[{"href":"https:\/\/www.public.sn\/index.php\/wp-json\/wp\/v2\/posts\/7547","targetHints":{"allow":["GET"]}}],"collection":[{"href":"https:\/\/www.public.sn\/index.php\/wp-json\/wp\/v2\/posts"}],"about":[{"href":"https:\/\/www.public.sn\/index.php\/wp-json\/wp\/v2\/types\/post"}],"author":[{"embeddable":true,"href":"https:\/\/www.public.sn\/index.php\/wp-json\/wp\/v2\/users\/1"}],"replies":[{"embeddable":true,"href":"https:\/\/www.public.sn\/index.php\/wp-json\/wp\/v2\/comments?post=7547"}],"version-history":[{"count":3,"href":"https:\/\/www.public.sn\/index.php\/wp-json\/wp\/v2\/posts\/7547\/revisions"}],"predecessor-version":[{"id":7563,"href":"https:\/\/www.public.sn\/index.php\/wp-json\/wp\/v2\/posts\/7547\/revisions\/7563"}],"wp:featuredmedia":[{"embeddable":true,"href":"https:\/\/www.public.sn\/index.php\/wp-json\/wp\/v2\/media\/7562"}],"wp:attachment":[{"href":"https:\/\/www.public.sn\/index.php\/wp-json\/wp\/v2\/media?parent=7547"}],"wp:term":[{"taxonomy":"category","embeddable":true,"href":"https:\/\/www.public.sn\/index.php\/wp-json\/wp\/v2\/categories?post=7547"},{"taxonomy":"post_tag","embeddable":true,"href":"https:\/\/www.public.sn\/index.php\/wp-json\/wp\/v2\/tags?post=7547"}],"curies":[{"name":"wp","href":"https:\/\/api.w.org\/{rel}","templated":true}]}}