{"id":756,"date":"2022-08-27T14:47:02","date_gmt":"2022-08-27T12:47:02","guid":{"rendered":"https:\/\/www.public.sn\/?p=756"},"modified":"2022-08-27T15:54:50","modified_gmt":"2022-08-27T13:54:50","slug":"mamoudou-ibra-kane-met-hors-service-ousmane-sonko-sans-le-nommer","status":"publish","type":"post","link":"https:\/\/www.public.sn\/index.php\/2022\/08\/27\/mamoudou-ibra-kane-met-hors-service-ousmane-sonko-sans-le-nommer\/","title":{"rendered":"Mamoudou Ibra Kane met hors service Ousmane Sonko sans le nommer."},"content":{"rendered":"\n<p><strong><em>\u00ab\u00a0N&rsquo;acceptez pas que l&rsquo;on vous arrache votre micro. Il vous appartient et vous avez le droit de poser des questions\u00a0\u00bb<\/em>, lache le Directeur G\u00e9n\u00e9ral du groupe Emedia Invest lors de sa conf\u00e9rence de presse dans le conflit opposant son groupe \u00e0 la Rts dans le cadre de l&rsquo;acquisition des droits exclusifs de la diffusion des matchs de la coupe du monde qui se jouera dans trois (03) \u00e0 Qatar.<\/strong><\/p><div class=\"publi-paragraphe1\" style=\"margin-top: 10px;margin-bottom: 10px;margin-left: auto;margin-right: auto;text-align: center;\" id=\"publi-2008762266\"><div class=\"publi-adlabel\">Publicit\u00e9<\/div><script async src=\"\/\/pagead2.googlesyndication.com\/pagead\/js\/adsbygoogle.js?client=ca-pub-4089586018074219\" crossorigin=\"anonymous\"><\/script><ins class=\"adsbygoogle\" style=\"display:block;\" data-ad-client=\"ca-pub-4089586018074219\" \ndata-ad-slot=\"2087940154\" \ndata-ad-format=\"auto\"><\/ins>\n<script> \n(adsbygoogle = window.adsbygoogle || []).push({}); \n<\/script>\n<\/div>\n\n\n\n<p>Depuis l&rsquo;\u00e9clatement de l&rsquo;affaire Adji Sarr, le leader de Pastef \u00e9vite de r\u00e9pondre aux questions des journalistes. D&rsquo;ailleurs, ces derniers n&rsquo;ont m\u00eame pas l&rsquo;occasion de lui en poser. Ousmane Sonko durant ses sorties, se contente de faire une d\u00e9claration qui est reprise par les reporters.<\/p>\n\n\n\n<p>Mamoudou Ibra Kane a jet\u00e9 un regard critique sur la nouvelle fa\u00e7on de faire, de communiquer d&rsquo;Ousmane Sonko sans le nommer une seule fois. Ce dernier qui n&rsquo;a jamais donn\u00e9 l&rsquo;occasion aux journalistes de lui poser des questions, pas une seule fois, \u00e0 chaque fois qu&rsquo;il se donne rendez-vous avec la presse. Comme si l&rsquo;on \u00e9tait dans la spirale de la communication o\u00f9 un seul a le monopole de la parole sans les autres n&rsquo;aient cette possibilit\u00e9 de poser des questions. <\/p>\n\n\n\n<p>Apr\u00e8s les d\u00e9clarations des uns et des autres, le Directeur g\u00e9n\u00e9ral du groupe E-M\u00e9dia a d\u00e9cid\u00e9 de donner la parole aux journalistes. Une parole qui leur est trop souvent retir\u00e9e \u00e0 son go\u00fbt.<\/p>\n\n\n\n<p><em>\u00ab\u00a0Depuis quelque temps, apparemment il y a un mode de communication devenu m\u00eame un mod\u00e8le qui consiste \u00e0 convoquer les journalistes, \u00e0 faire une d\u00e9claration de presse ou un point de presse et \u00e0 vous priver de parole\u201d<\/em>, a-t-il d\u00e9plor\u00e9.<\/p>\n\n\n\n<p><em>\u00ab\u00a0Vu que nous sommes transparents et que nous sommes des professionnels des m\u00e9dias, nous voulons vous rendre ce qui vous appartient\u00a0\u00bb<\/em>, a-t-il poursuivi.<\/p>\n\n\n\n<p>Allant plus loin, Mamadou Ibra Kane exhorte les journalistes \u00e0 ne pas se laisser faire. <em>\u00ab\u00a0N&rsquo;acceptez pas que l&rsquo;on vous arrache votre micro. Il vous appartient et vous avez le droit de poser des questions. C&rsquo;est ce qui fait votre honneur et votre dignit\u00e9\u00a0\u00bb,<\/em> exhorte le pr\u00e9sentateur de Jury du Dimanche.<\/p>\n\n\n\n<figure class=\"wp-block-embed is-type-rich is-provider-prise-en-charge-des-contenus-embarques wp-block-embed-prise-en-charge-des-contenus-embarques wp-embed-aspect-16-9 wp-has-aspect-ratio\"><div class=\"wp-block-embed__wrapper\">\n<p class=\"responsive-video-wrap clr\"><iframe title=\"Abdoulaye Seydou Sow: \u201cOusmane Sonko a tenu des grossi\u00e8ret\u00e9s choquantes sur l\u2019Arm\u00e9e\u201d.\" width=\"1200\" height=\"675\" src=\"https:\/\/www.youtube.com\/embed\/jBpbGs4kCpc?feature=oembed\" frameborder=\"0\" allow=\"accelerometer; autoplay; clipboard-write; encrypted-media; gyroscope; picture-in-picture\" allowfullscreen><\/iframe><\/p>\n<\/div><\/figure>\n\n\n\n<p><em>R\u00e9dactions Public SN<\/em><\/p>\n<div class=\"publi-apres-le-contenu\" style=\"margin-top: 10px;margin-bottom: 10px;margin-left: auto;margin-right: auto;text-align: center;\" id=\"publi-4122927213\"><div class=\"publi-adlabel\">Publicit\u00e9<\/div><script async src=\"\/\/pagead2.googlesyndication.com\/pagead\/js\/adsbygoogle.js?client=ca-pub-4089586018074219\" crossorigin=\"anonymous\"><\/script><ins class=\"adsbygoogle\" style=\"display:block;\" data-ad-client=\"ca-pub-4089586018074219\" \ndata-ad-slot=\"2087940154\" \ndata-ad-format=\"auto\"><\/ins>\n<script> \n(adsbygoogle = window.adsbygoogle || []).push({}); \n<\/script>\n<\/div>","protected":false},"excerpt":{"rendered":"<p>\u00ab\u00a0N&rsquo;acceptez pas que l&rsquo;on vous arrache votre micro. Il vous appartient et vous avez le droit de poser des questions\u00a0\u00bb, lache le Directeur G\u00e9n\u00e9ral du groupe Emedia Invest lors de sa conf\u00e9rence de presse dans le conflit opposant son groupe \u00e0 la Rts dans le cadre de l&rsquo;acquisition des droits exclusifs de la diffusion des matchs de la coupe du monde qui se jouera dans trois (03) \u00e0 Qatar. Depuis l&rsquo;\u00e9clatement de l&rsquo;affaire Adji Sarr, le leader de Pastef \u00e9vite de r\u00e9pondre aux questions des journalistes. D&rsquo;ailleurs, ces derniers n&rsquo;ont m\u00eame pas l&rsquo;occasion de lui en poser. Ousmane Sonko durant ses sorties, se contente de faire une d\u00e9claration qui est reprise par les reporters. Mamoudou Ibra Kane a jet\u00e9 un regard critique sur la nouvelle fa\u00e7on de faire, de communiquer d&rsquo;Ousmane Sonko sans le nommer une seule fois. Ce dernier qui n&rsquo;a jamais donn\u00e9 l&rsquo;occasion aux journalistes de lui poser des questions, pas une seule fois, \u00e0 chaque fois qu&rsquo;il se donne rendez-vous avec la presse. Comme si l&rsquo;on \u00e9tait dans la spirale de la communication o\u00f9 un seul a le monopole de la parole sans les autres n&rsquo;aient cette possibilit\u00e9 de poser des questions. Apr\u00e8s les d\u00e9clarations des uns et des autres, le Directeur g\u00e9n\u00e9ral du groupe E-M\u00e9dia a d\u00e9cid\u00e9 de donner la parole aux journalistes. Une parole qui leur est trop souvent retir\u00e9e \u00e0 son go\u00fbt. \u00ab\u00a0Depuis quelque temps, apparemment il y a un mode de communication devenu m\u00eame un mod\u00e8le qui consiste \u00e0 convoquer les journalistes, \u00e0 faire une d\u00e9claration de presse ou un point de presse et \u00e0 vous priver de parole\u201d, a-t-il d\u00e9plor\u00e9. \u00ab\u00a0Vu que nous sommes transparents et que nous sommes des professionnels des m\u00e9dias, nous voulons vous rendre ce qui vous appartient\u00a0\u00bb, a-t-il poursuivi. Allant plus loin, Mamadou Ibra Kane exhorte les journalistes \u00e0 ne pas se laisser faire. \u00ab\u00a0N&rsquo;acceptez pas que l&rsquo;on vous arrache votre micro. Il vous appartient et vous avez le droit de poser des questions. C&rsquo;est ce qui fait votre honneur et votre dignit\u00e9\u00a0\u00bb, exhorte le pr\u00e9sentateur de Jury du Dimanche. R\u00e9dactions Public SN<\/p>\n","protected":false},"author":1,"featured_media":757,"comment_status":"open","ping_status":"open","sticky":false,"template":"","format":"standard","meta":{"_jetpack_memberships_contains_paid_content":false,"footnotes":""},"categories":[4],"tags":[],"class_list":["post-756","post","type-post","status-publish","format-standard","has-post-thumbnail","hentry","category-societe","entry","has-media","owp-thumbs-layout-horizontal","owp-btn-normal","owp-tabs-layout-horizontal","has-no-thumbnails","has-product-nav"],"yoast_head":"<!-- This site is optimized with the Yoast SEO plugin v25.5 - https:\/\/yoast.com\/wordpress\/plugins\/seo\/ -->\n<title>Mamoudou Ibra Kane met hors service Ousmane Sonko sans le nommer. - LE PUBLIC<\/title>\n<meta name=\"robots\" content=\"index, follow, max-snippet:-1, max-image-preview:large, max-video-preview:-1\" \/>\n<link rel=\"canonical\" href=\"https:\/\/www.public.sn\/index.php\/2022\/08\/27\/mamoudou-ibra-kane-met-hors-service-ousmane-sonko-sans-le-nommer\/\" \/>\n<meta property=\"og:locale\" content=\"fr_FR\" \/>\n<meta property=\"og:type\" content=\"article\" \/>\n<meta property=\"og:title\" content=\"Mamoudou Ibra Kane met hors service Ousmane Sonko sans le nommer. - LE PUBLIC\" \/>\n<meta property=\"og:description\" content=\"\u00ab\u00a0N&rsquo;acceptez pas que l&rsquo;on vous arrache votre micro. Il vous appartient et vous avez le droit de poser des questions\u00a0\u00bb, lache le Directeur G\u00e9n\u00e9ral du groupe Emedia Invest lors de sa conf\u00e9rence de presse dans le conflit opposant son groupe \u00e0 la Rts dans le cadre de l&rsquo;acquisition des droits exclusifs de la diffusion des matchs de la coupe du monde qui se jouera dans trois (03) \u00e0 Qatar. Depuis l&rsquo;\u00e9clatement de l&rsquo;affaire Adji Sarr, le leader de Pastef \u00e9vite de r\u00e9pondre aux questions des journalistes. D&rsquo;ailleurs, ces derniers n&rsquo;ont m\u00eame pas l&rsquo;occasion de lui en poser. Ousmane Sonko durant ses sorties, se contente de faire une d\u00e9claration qui est reprise par les reporters. Mamoudou Ibra Kane a jet\u00e9 un regard critique sur la nouvelle fa\u00e7on de faire, de communiquer d&rsquo;Ousmane Sonko sans le nommer une seule fois. Ce dernier qui n&rsquo;a jamais donn\u00e9 l&rsquo;occasion aux journalistes de lui poser des questions, pas une seule fois, \u00e0 chaque fois qu&rsquo;il se donne rendez-vous avec la presse. Comme si l&rsquo;on \u00e9tait dans la spirale de la communication o\u00f9 un seul a le monopole de la parole sans les autres n&rsquo;aient cette possibilit\u00e9 de poser des questions. Apr\u00e8s les d\u00e9clarations des uns et des autres, le Directeur g\u00e9n\u00e9ral du groupe E-M\u00e9dia a d\u00e9cid\u00e9 de donner la parole aux journalistes. Une parole qui leur est trop souvent retir\u00e9e \u00e0 son go\u00fbt. \u00ab\u00a0Depuis quelque temps, apparemment il y a un mode de communication devenu m\u00eame un mod\u00e8le qui consiste \u00e0 convoquer les journalistes, \u00e0 faire une d\u00e9claration de presse ou un point de presse et \u00e0 vous priver de parole\u201d, a-t-il d\u00e9plor\u00e9. \u00ab\u00a0Vu que nous sommes transparents et que nous sommes des professionnels des m\u00e9dias, nous voulons vous rendre ce qui vous appartient\u00a0\u00bb, a-t-il poursuivi. Allant plus loin, Mamadou Ibra Kane exhorte les journalistes \u00e0 ne pas se laisser faire. \u00ab\u00a0N&rsquo;acceptez pas que l&rsquo;on vous arrache votre micro. Il vous appartient et vous avez le droit de poser des questions. C&rsquo;est ce qui fait votre honneur et votre dignit\u00e9\u00a0\u00bb, exhorte le pr\u00e9sentateur de Jury du Dimanche. R\u00e9dactions Public SN\" \/>\n<meta property=\"og:url\" content=\"https:\/\/www.public.sn\/index.php\/2022\/08\/27\/mamoudou-ibra-kane-met-hors-service-ousmane-sonko-sans-le-nommer\/\" \/>\n<meta property=\"og:site_name\" content=\"LE PUBLIC\" \/>\n<meta property=\"article:published_time\" content=\"2022-08-27T12:47:02+00:00\" \/>\n<meta property=\"article:modified_time\" content=\"2022-08-27T13:54:50+00:00\" \/>\n<meta property=\"og:image\" content=\"https:\/\/www.public.sn\/wp-content\/uploads\/2022\/08\/52069518-39811962.jpg\" \/>\n\t<meta property=\"og:image:width\" content=\"720\" \/>\n\t<meta property=\"og:image:height\" content=\"375\" \/>\n\t<meta property=\"og:image:type\" content=\"image\/jpeg\" \/>\n<meta name=\"author\" content=\"LA REDACTION\" \/>\n<meta name=\"twitter:card\" content=\"summary_large_image\" \/>\n<meta name=\"twitter:label1\" content=\"\u00c9crit par\" \/>\n\t<meta name=\"twitter:data1\" content=\"LA REDACTION\" \/>\n\t<meta name=\"twitter:label2\" content=\"Dur\u00e9e de lecture estim\u00e9e\" \/>\n\t<meta name=\"twitter:data2\" content=\"2 minutes\" \/>\n<script type=\"application\/ld+json\" class=\"yoast-schema-graph\">{\"@context\":\"https:\/\/schema.org\",\"@graph\":[{\"@type\":\"Article\",\"@id\":\"https:\/\/www.public.sn\/index.php\/2022\/08\/27\/mamoudou-ibra-kane-met-hors-service-ousmane-sonko-sans-le-nommer\/#article\",\"isPartOf\":{\"@id\":\"https:\/\/www.public.sn\/index.php\/2022\/08\/27\/mamoudou-ibra-kane-met-hors-service-ousmane-sonko-sans-le-nommer\/\"},\"author\":{\"name\":\"LA REDACTION\",\"@id\":\"https:\/\/www.public.sn\/#\/schema\/person\/e3f4a11b037d4203902db148f9bc8d5a\"},\"headline\":\"Mamoudou Ibra Kane met hors service Ousmane Sonko sans le nommer.\",\"datePublished\":\"2022-08-27T12:47:02+00:00\",\"dateModified\":\"2022-08-27T13:54:50+00:00\",\"mainEntityOfPage\":{\"@id\":\"https:\/\/www.public.sn\/index.php\/2022\/08\/27\/mamoudou-ibra-kane-met-hors-service-ousmane-sonko-sans-le-nommer\/\"},\"wordCount\":377,\"commentCount\":0,\"publisher\":{\"@id\":\"https:\/\/www.public.sn\/#organization\"},\"image\":{\"@id\":\"https:\/\/www.public.sn\/index.php\/2022\/08\/27\/mamoudou-ibra-kane-met-hors-service-ousmane-sonko-sans-le-nommer\/#primaryimage\"},\"thumbnailUrl\":\"https:\/\/www.public.sn\/wp-content\/uploads\/2022\/08\/52069518-39811962.jpg\",\"articleSection\":[\"SOCIETE\"],\"inLanguage\":\"fr-FR\",\"potentialAction\":[{\"@type\":\"CommentAction\",\"name\":\"Comment\",\"target\":[\"https:\/\/www.public.sn\/index.php\/2022\/08\/27\/mamoudou-ibra-kane-met-hors-service-ousmane-sonko-sans-le-nommer\/#respond\"]}]},{\"@type\":\"WebPage\",\"@id\":\"https:\/\/www.public.sn\/index.php\/2022\/08\/27\/mamoudou-ibra-kane-met-hors-service-ousmane-sonko-sans-le-nommer\/\",\"url\":\"https:\/\/www.public.sn\/index.php\/2022\/08\/27\/mamoudou-ibra-kane-met-hors-service-ousmane-sonko-sans-le-nommer\/\",\"name\":\"Mamoudou Ibra Kane met hors service Ousmane Sonko sans le nommer. - LE PUBLIC\",\"isPartOf\":{\"@id\":\"https:\/\/www.public.sn\/#website\"},\"primaryImageOfPage\":{\"@id\":\"https:\/\/www.public.sn\/index.php\/2022\/08\/27\/mamoudou-ibra-kane-met-hors-service-ousmane-sonko-sans-le-nommer\/#primaryimage\"},\"image\":{\"@id\":\"https:\/\/www.public.sn\/index.php\/2022\/08\/27\/mamoudou-ibra-kane-met-hors-service-ousmane-sonko-sans-le-nommer\/#primaryimage\"},\"thumbnailUrl\":\"https:\/\/www.public.sn\/wp-content\/uploads\/2022\/08\/52069518-39811962.jpg\",\"datePublished\":\"2022-08-27T12:47:02+00:00\",\"dateModified\":\"2022-08-27T13:54:50+00:00\",\"breadcrumb\":{\"@id\":\"https:\/\/www.public.sn\/index.php\/2022\/08\/27\/mamoudou-ibra-kane-met-hors-service-ousmane-sonko-sans-le-nommer\/#breadcrumb\"},\"inLanguage\":\"fr-FR\",\"potentialAction\":[{\"@type\":\"ReadAction\",\"target\":[\"https:\/\/www.public.sn\/index.php\/2022\/08\/27\/mamoudou-ibra-kane-met-hors-service-ousmane-sonko-sans-le-nommer\/\"]}]},{\"@type\":\"ImageObject\",\"inLanguage\":\"fr-FR\",\"@id\":\"https:\/\/www.public.sn\/index.php\/2022\/08\/27\/mamoudou-ibra-kane-met-hors-service-ousmane-sonko-sans-le-nommer\/#primaryimage\",\"url\":\"https:\/\/www.public.sn\/wp-content\/uploads\/2022\/08\/52069518-39811962.jpg\",\"contentUrl\":\"https:\/\/www.public.sn\/wp-content\/uploads\/2022\/08\/52069518-39811962.jpg\",\"width\":720,\"height\":375},{\"@type\":\"BreadcrumbList\",\"@id\":\"https:\/\/www.public.sn\/index.php\/2022\/08\/27\/mamoudou-ibra-kane-met-hors-service-ousmane-sonko-sans-le-nommer\/#breadcrumb\",\"itemListElement\":[{\"@type\":\"ListItem\",\"position\":1,\"name\":\"Accueil\",\"item\":\"https:\/\/www.public.sn\/\"},{\"@type\":\"ListItem\",\"position\":2,\"name\":\"Mamoudou Ibra Kane met hors service Ousmane Sonko sans le nommer.\"}]},{\"@type\":\"WebSite\",\"@id\":\"https:\/\/www.public.sn\/#website\",\"url\":\"https:\/\/www.public.sn\/\",\"name\":\"LE PUBLIC\",\"description\":\"\",\"publisher\":{\"@id\":\"https:\/\/www.public.sn\/#organization\"},\"potentialAction\":[{\"@type\":\"SearchAction\",\"target\":{\"@type\":\"EntryPoint\",\"urlTemplate\":\"https:\/\/www.public.sn\/?s={search_term_string}\"},\"query-input\":{\"@type\":\"PropertyValueSpecification\",\"valueRequired\":true,\"valueName\":\"search_term_string\"}}],\"inLanguage\":\"fr-FR\"},{\"@type\":\"Organization\",\"@id\":\"https:\/\/www.public.sn\/#organization\",\"name\":\"LE PUBLIC\",\"url\":\"https:\/\/www.public.sn\/\",\"logo\":{\"@type\":\"ImageObject\",\"inLanguage\":\"fr-FR\",\"@id\":\"https:\/\/www.public.sn\/#\/schema\/logo\/image\/\",\"url\":\"https:\/\/www.public.sn\/wp-content\/uploads\/2024\/05\/cropped-LOGO-PUBLIC.SN_.png\",\"contentUrl\":\"https:\/\/www.public.sn\/wp-content\/uploads\/2024\/05\/cropped-LOGO-PUBLIC.SN_.png\",\"width\":682,\"height\":192,\"caption\":\"LE PUBLIC\"},\"image\":{\"@id\":\"https:\/\/www.public.sn\/#\/schema\/logo\/image\/\"}},{\"@type\":\"Person\",\"@id\":\"https:\/\/www.public.sn\/#\/schema\/person\/e3f4a11b037d4203902db148f9bc8d5a\",\"name\":\"LA REDACTION\",\"image\":{\"@type\":\"ImageObject\",\"inLanguage\":\"fr-FR\",\"@id\":\"https:\/\/www.public.sn\/#\/schema\/person\/image\/\",\"url\":\"https:\/\/secure.gravatar.com\/avatar\/d6c030db45db2883c075085c5d6c6258654a801a93766b49af0b82d4f454e2a5?s=96&d=mm&r=g\",\"contentUrl\":\"https:\/\/secure.gravatar.com\/avatar\/d6c030db45db2883c075085c5d6c6258654a801a93766b49af0b82d4f454e2a5?s=96&d=mm&r=g\",\"caption\":\"LA REDACTION\"},\"sameAs\":[\"http:\/\/www.public.sn\"],\"url\":\"https:\/\/www.public.sn\/index.php\/author\/admin7324\/\"}]}<\/script>\n<!-- \/ Yoast SEO plugin. -->","yoast_head_json":{"title":"Mamoudou Ibra Kane met hors service Ousmane Sonko sans le nommer. - LE PUBLIC","robots":{"index":"index","follow":"follow","max-snippet":"max-snippet:-1","max-image-preview":"max-image-preview:large","max-video-preview":"max-video-preview:-1"},"canonical":"https:\/\/www.public.sn\/index.php\/2022\/08\/27\/mamoudou-ibra-kane-met-hors-service-ousmane-sonko-sans-le-nommer\/","og_locale":"fr_FR","og_type":"article","og_title":"Mamoudou Ibra Kane met hors service Ousmane Sonko sans le nommer. - LE PUBLIC","og_description":"\u00ab\u00a0N&rsquo;acceptez pas que l&rsquo;on vous arrache votre micro. Il vous appartient et vous avez le droit de poser des questions\u00a0\u00bb, lache le Directeur G\u00e9n\u00e9ral du groupe Emedia Invest lors de sa conf\u00e9rence de presse dans le conflit opposant son groupe \u00e0 la Rts dans le cadre de l&rsquo;acquisition des droits exclusifs de la diffusion des matchs de la coupe du monde qui se jouera dans trois (03) \u00e0 Qatar. Depuis l&rsquo;\u00e9clatement de l&rsquo;affaire Adji Sarr, le leader de Pastef \u00e9vite de r\u00e9pondre aux questions des journalistes. D&rsquo;ailleurs, ces derniers n&rsquo;ont m\u00eame pas l&rsquo;occasion de lui en poser. Ousmane Sonko durant ses sorties, se contente de faire une d\u00e9claration qui est reprise par les reporters. Mamoudou Ibra Kane a jet\u00e9 un regard critique sur la nouvelle fa\u00e7on de faire, de communiquer d&rsquo;Ousmane Sonko sans le nommer une seule fois. Ce dernier qui n&rsquo;a jamais donn\u00e9 l&rsquo;occasion aux journalistes de lui poser des questions, pas une seule fois, \u00e0 chaque fois qu&rsquo;il se donne rendez-vous avec la presse. Comme si l&rsquo;on \u00e9tait dans la spirale de la communication o\u00f9 un seul a le monopole de la parole sans les autres n&rsquo;aient cette possibilit\u00e9 de poser des questions. Apr\u00e8s les d\u00e9clarations des uns et des autres, le Directeur g\u00e9n\u00e9ral du groupe E-M\u00e9dia a d\u00e9cid\u00e9 de donner la parole aux journalistes. Une parole qui leur est trop souvent retir\u00e9e \u00e0 son go\u00fbt. \u00ab\u00a0Depuis quelque temps, apparemment il y a un mode de communication devenu m\u00eame un mod\u00e8le qui consiste \u00e0 convoquer les journalistes, \u00e0 faire une d\u00e9claration de presse ou un point de presse et \u00e0 vous priver de parole\u201d, a-t-il d\u00e9plor\u00e9. \u00ab\u00a0Vu que nous sommes transparents et que nous sommes des professionnels des m\u00e9dias, nous voulons vous rendre ce qui vous appartient\u00a0\u00bb, a-t-il poursuivi. Allant plus loin, Mamadou Ibra Kane exhorte les journalistes \u00e0 ne pas se laisser faire. \u00ab\u00a0N&rsquo;acceptez pas que l&rsquo;on vous arrache votre micro. Il vous appartient et vous avez le droit de poser des questions. C&rsquo;est ce qui fait votre honneur et votre dignit\u00e9\u00a0\u00bb, exhorte le pr\u00e9sentateur de Jury du Dimanche. R\u00e9dactions Public SN","og_url":"https:\/\/www.public.sn\/index.php\/2022\/08\/27\/mamoudou-ibra-kane-met-hors-service-ousmane-sonko-sans-le-nommer\/","og_site_name":"LE PUBLIC","article_published_time":"2022-08-27T12:47:02+00:00","article_modified_time":"2022-08-27T13:54:50+00:00","og_image":[{"width":720,"height":375,"url":"https:\/\/www.public.sn\/wp-content\/uploads\/2022\/08\/52069518-39811962.jpg","type":"image\/jpeg"}],"author":"LA REDACTION","twitter_card":"summary_large_image","twitter_misc":{"\u00c9crit par":"LA REDACTION","Dur\u00e9e de lecture estim\u00e9e":"2 minutes"},"schema":{"@context":"https:\/\/schema.org","@graph":[{"@type":"Article","@id":"https:\/\/www.public.sn\/index.php\/2022\/08\/27\/mamoudou-ibra-kane-met-hors-service-ousmane-sonko-sans-le-nommer\/#article","isPartOf":{"@id":"https:\/\/www.public.sn\/index.php\/2022\/08\/27\/mamoudou-ibra-kane-met-hors-service-ousmane-sonko-sans-le-nommer\/"},"author":{"name":"LA REDACTION","@id":"https:\/\/www.public.sn\/#\/schema\/person\/e3f4a11b037d4203902db148f9bc8d5a"},"headline":"Mamoudou Ibra Kane met hors service Ousmane Sonko sans le nommer.","datePublished":"2022-08-27T12:47:02+00:00","dateModified":"2022-08-27T13:54:50+00:00","mainEntityOfPage":{"@id":"https:\/\/www.public.sn\/index.php\/2022\/08\/27\/mamoudou-ibra-kane-met-hors-service-ousmane-sonko-sans-le-nommer\/"},"wordCount":377,"commentCount":0,"publisher":{"@id":"https:\/\/www.public.sn\/#organization"},"image":{"@id":"https:\/\/www.public.sn\/index.php\/2022\/08\/27\/mamoudou-ibra-kane-met-hors-service-ousmane-sonko-sans-le-nommer\/#primaryimage"},"thumbnailUrl":"https:\/\/www.public.sn\/wp-content\/uploads\/2022\/08\/52069518-39811962.jpg","articleSection":["SOCIETE"],"inLanguage":"fr-FR","potentialAction":[{"@type":"CommentAction","name":"Comment","target":["https:\/\/www.public.sn\/index.php\/2022\/08\/27\/mamoudou-ibra-kane-met-hors-service-ousmane-sonko-sans-le-nommer\/#respond"]}]},{"@type":"WebPage","@id":"https:\/\/www.public.sn\/index.php\/2022\/08\/27\/mamoudou-ibra-kane-met-hors-service-ousmane-sonko-sans-le-nommer\/","url":"https:\/\/www.public.sn\/index.php\/2022\/08\/27\/mamoudou-ibra-kane-met-hors-service-ousmane-sonko-sans-le-nommer\/","name":"Mamoudou Ibra Kane met hors service Ousmane Sonko sans le nommer. - LE PUBLIC","isPartOf":{"@id":"https:\/\/www.public.sn\/#website"},"primaryImageOfPage":{"@id":"https:\/\/www.public.sn\/index.php\/2022\/08\/27\/mamoudou-ibra-kane-met-hors-service-ousmane-sonko-sans-le-nommer\/#primaryimage"},"image":{"@id":"https:\/\/www.public.sn\/index.php\/2022\/08\/27\/mamoudou-ibra-kane-met-hors-service-ousmane-sonko-sans-le-nommer\/#primaryimage"},"thumbnailUrl":"https:\/\/www.public.sn\/wp-content\/uploads\/2022\/08\/52069518-39811962.jpg","datePublished":"2022-08-27T12:47:02+00:00","dateModified":"2022-08-27T13:54:50+00:00","breadcrumb":{"@id":"https:\/\/www.public.sn\/index.php\/2022\/08\/27\/mamoudou-ibra-kane-met-hors-service-ousmane-sonko-sans-le-nommer\/#breadcrumb"},"inLanguage":"fr-FR","potentialAction":[{"@type":"ReadAction","target":["https:\/\/www.public.sn\/index.php\/2022\/08\/27\/mamoudou-ibra-kane-met-hors-service-ousmane-sonko-sans-le-nommer\/"]}]},{"@type":"ImageObject","inLanguage":"fr-FR","@id":"https:\/\/www.public.sn\/index.php\/2022\/08\/27\/mamoudou-ibra-kane-met-hors-service-ousmane-sonko-sans-le-nommer\/#primaryimage","url":"https:\/\/www.public.sn\/wp-content\/uploads\/2022\/08\/52069518-39811962.jpg","contentUrl":"https:\/\/www.public.sn\/wp-content\/uploads\/2022\/08\/52069518-39811962.jpg","width":720,"height":375},{"@type":"BreadcrumbList","@id":"https:\/\/www.public.sn\/index.php\/2022\/08\/27\/mamoudou-ibra-kane-met-hors-service-ousmane-sonko-sans-le-nommer\/#breadcrumb","itemListElement":[{"@type":"ListItem","position":1,"name":"Accueil","item":"https:\/\/www.public.sn\/"},{"@type":"ListItem","position":2,"name":"Mamoudou Ibra Kane met hors service Ousmane Sonko sans le nommer."}]},{"@type":"WebSite","@id":"https:\/\/www.public.sn\/#website","url":"https:\/\/www.public.sn\/","name":"LE PUBLIC","description":"","publisher":{"@id":"https:\/\/www.public.sn\/#organization"},"potentialAction":[{"@type":"SearchAction","target":{"@type":"EntryPoint","urlTemplate":"https:\/\/www.public.sn\/?s={search_term_string}"},"query-input":{"@type":"PropertyValueSpecification","valueRequired":true,"valueName":"search_term_string"}}],"inLanguage":"fr-FR"},{"@type":"Organization","@id":"https:\/\/www.public.sn\/#organization","name":"LE PUBLIC","url":"https:\/\/www.public.sn\/","logo":{"@type":"ImageObject","inLanguage":"fr-FR","@id":"https:\/\/www.public.sn\/#\/schema\/logo\/image\/","url":"https:\/\/www.public.sn\/wp-content\/uploads\/2024\/05\/cropped-LOGO-PUBLIC.SN_.png","contentUrl":"https:\/\/www.public.sn\/wp-content\/uploads\/2024\/05\/cropped-LOGO-PUBLIC.SN_.png","width":682,"height":192,"caption":"LE PUBLIC"},"image":{"@id":"https:\/\/www.public.sn\/#\/schema\/logo\/image\/"}},{"@type":"Person","@id":"https:\/\/www.public.sn\/#\/schema\/person\/e3f4a11b037d4203902db148f9bc8d5a","name":"LA REDACTION","image":{"@type":"ImageObject","inLanguage":"fr-FR","@id":"https:\/\/www.public.sn\/#\/schema\/person\/image\/","url":"https:\/\/secure.gravatar.com\/avatar\/d6c030db45db2883c075085c5d6c6258654a801a93766b49af0b82d4f454e2a5?s=96&d=mm&r=g","contentUrl":"https:\/\/secure.gravatar.com\/avatar\/d6c030db45db2883c075085c5d6c6258654a801a93766b49af0b82d4f454e2a5?s=96&d=mm&r=g","caption":"LA REDACTION"},"sameAs":["http:\/\/www.public.sn"],"url":"https:\/\/www.public.sn\/index.php\/author\/admin7324\/"}]}},"jetpack_featured_media_url":"https:\/\/www.public.sn\/wp-content\/uploads\/2022\/08\/52069518-39811962.jpg","jetpack_sharing_enabled":true,"_links":{"self":[{"href":"https:\/\/www.public.sn\/index.php\/wp-json\/wp\/v2\/posts\/756","targetHints":{"allow":["GET"]}}],"collection":[{"href":"https:\/\/www.public.sn\/index.php\/wp-json\/wp\/v2\/posts"}],"about":[{"href":"https:\/\/www.public.sn\/index.php\/wp-json\/wp\/v2\/types\/post"}],"author":[{"embeddable":true,"href":"https:\/\/www.public.sn\/index.php\/wp-json\/wp\/v2\/users\/1"}],"replies":[{"embeddable":true,"href":"https:\/\/www.public.sn\/index.php\/wp-json\/wp\/v2\/comments?post=756"}],"version-history":[{"count":2,"href":"https:\/\/www.public.sn\/index.php\/wp-json\/wp\/v2\/posts\/756\/revisions"}],"predecessor-version":[{"id":783,"href":"https:\/\/www.public.sn\/index.php\/wp-json\/wp\/v2\/posts\/756\/revisions\/783"}],"wp:featuredmedia":[{"embeddable":true,"href":"https:\/\/www.public.sn\/index.php\/wp-json\/wp\/v2\/media\/757"}],"wp:attachment":[{"href":"https:\/\/www.public.sn\/index.php\/wp-json\/wp\/v2\/media?parent=756"}],"wp:term":[{"taxonomy":"category","embeddable":true,"href":"https:\/\/www.public.sn\/index.php\/wp-json\/wp\/v2\/categories?post=756"},{"taxonomy":"post_tag","embeddable":true,"href":"https:\/\/www.public.sn\/index.php\/wp-json\/wp\/v2\/tags?post=756"}],"curies":[{"name":"wp","href":"https:\/\/api.w.org\/{rel}","templated":true}]}}