{"id":7561,"date":"2022-11-08T16:57:35","date_gmt":"2022-11-08T16:57:35","guid":{"rendered":"https:\/\/www.public.sn\/?p=7561"},"modified":"2022-11-08T17:02:19","modified_gmt":"2022-11-08T17:02:19","slug":"troisieme-candidature-ces-proches-du-president-qui-devraient-etre-entendus-par-le-procureur-pa-assane-seck-sonne-lalerte-public-tv","status":"publish","type":"post","link":"https:\/\/www.public.sn\/index.php\/2022\/11\/08\/troisieme-candidature-ces-proches-du-president-qui-devraient-etre-entendus-par-le-procureur-pa-assane-seck-sonne-lalerte-public-tv\/","title":{"rendered":"Troisi\u00e8me candidature\u00a0\u00a0 \/ \u00ab\u00a0Ces proches du pr\u00e9sident qui devraient \u00eatre entendus par le procureur\u00a0\u00bb Pa Assane Seck sonne l\u2019alerte (PUBLIC TV)"},"content":{"rendered":"<p><strong>Un mot qui n\u2019est toujours pas clair dans l\u2019esprit collectif des S\u00e9n\u00e9galais. Le Pr\u00e9sident Macky Sall maintient toujours le flou avec son ni Oui ni Non pour sa troisi\u00e8me candidature en 2024.<\/strong><\/p><div class=\"publi-paragraphe1\" style=\"margin-top: 10px;margin-bottom: 10px;margin-left: auto;margin-right: auto;text-align: center;\" id=\"publi-2730612793\"><div class=\"publi-adlabel\">Publicit\u00e9<\/div><script async src=\"\/\/pagead2.googlesyndication.com\/pagead\/js\/adsbygoogle.js?client=ca-pub-4089586018074219\" crossorigin=\"anonymous\"><\/script><ins class=\"adsbygoogle\" style=\"display:block;\" data-ad-client=\"ca-pub-4089586018074219\" \ndata-ad-slot=\"2087940154\" \ndata-ad-format=\"auto\"><\/ins>\n<script> \n(adsbygoogle = window.adsbygoogle || []).push({}); \n<\/script>\n<\/div>\n<p>Lors d\u2019une interview avec Public TV, le journaliste Pa Assane Seck \u00e9voque \u00ab le Pr\u00e9sident Macky Sall est le mieux \u00e9lu parmi tous les pr\u00e9sidents pr\u00e9c\u00e9dents a 65% au premier tour, tous les s\u00e9n\u00e9galais \u00e9taient contents .Tous les gens qui sont derniers \u00e0 r\u00e9clamer ce troisi\u00e8me mandat doivent \u00eatre convoqu\u00e9 par le procureur de la R\u00e9publique parce que c\u2019est offense au chef de l\u2019Etat. Le Pr\u00e9sident avait dit que si je fais 7 ans, les 5 ans \u00e0 venir seront comptabilis\u00e9s. Il n y\u2019 a aucun juriste au monde qui peut enlever cela. \u00bb<\/p>\n<p><iframe title=\"\u00ab Ces proches de Macky Sall qui devraient \u00eatre entendus par le procureur \u00bb : Pa Assane dit tout\" src=\"https:\/\/www.youtube.com\/embed\/PtEmydBoRao\" width=\"640\" height=\"360\" frameborder=\"0\" allowfullscreen=\"allowfullscreen\"><\/iframe><\/p>\n<div class=\"publi-apres-le-contenu\" style=\"margin-top: 10px;margin-bottom: 10px;margin-left: auto;margin-right: auto;text-align: center;\" id=\"publi-3343027656\"><div class=\"publi-adlabel\">Publicit\u00e9<\/div><script async src=\"\/\/pagead2.googlesyndication.com\/pagead\/js\/adsbygoogle.js?client=ca-pub-4089586018074219\" crossorigin=\"anonymous\"><\/script><ins class=\"adsbygoogle\" style=\"display:block;\" data-ad-client=\"ca-pub-4089586018074219\" \ndata-ad-slot=\"2087940154\" \ndata-ad-format=\"auto\"><\/ins>\n<script> \n(adsbygoogle = window.adsbygoogle || []).push({}); \n<\/script>\n<\/div>","protected":false},"excerpt":{"rendered":"<p>Un mot qui n\u2019est toujours pas clair dans l\u2019esprit collectif des S\u00e9n\u00e9galais. Le Pr\u00e9sident Macky Sall maintient toujours le flou avec son ni Oui ni Non pour sa troisi\u00e8me candidature en 2024. Lors d\u2019une interview avec Public TV, le journaliste Pa Assane Seck \u00e9voque \u00ab le Pr\u00e9sident Macky Sall est le mieux \u00e9lu parmi tous les pr\u00e9sidents pr\u00e9c\u00e9dents a 65% au premier tour, tous les s\u00e9n\u00e9galais \u00e9taient contents .Tous les gens qui sont derniers \u00e0 r\u00e9clamer ce troisi\u00e8me mandat doivent \u00eatre convoqu\u00e9 par le procureur de la R\u00e9publique parce que c\u2019est offense au chef de l\u2019Etat. Le Pr\u00e9sident avait dit que si je fais 7 ans, les 5 ans \u00e0 venir seront comptabilis\u00e9s. Il n y\u2019 a aucun juriste au monde qui peut enlever cela. \u00bb<\/p>\n","protected":false},"author":1,"featured_media":7573,"comment_status":"open","ping_status":"open","sticky":false,"template":"","format":"standard","meta":{"_jetpack_memberships_contains_paid_content":false,"footnotes":""},"categories":[375,3,8,1,6],"tags":[1950,2609,2608],"class_list":["post-7561","post","type-post","status-publish","format-standard","has-post-thumbnail","hentry","category-actualites","category-politique","category-public-tv","category-non-classe","category-videos","tag-macky","tag-pa-assane","tag-troisieme-mandat-2","entry","has-media","owp-thumbs-layout-horizontal","owp-btn-normal","owp-tabs-layout-horizontal","has-no-thumbnails","has-product-nav"],"yoast_head":"<!-- This site is optimized with the Yoast SEO plugin v25.5 - https:\/\/yoast.com\/wordpress\/plugins\/seo\/ -->\n<title>Troisi\u00e8me candidature\u00a0\u00a0 \/ \u00ab\u00a0Ces proches du pr\u00e9sident qui devraient \u00eatre entendus par le procureur\u00a0\u00bb Pa Assane Seck sonne l\u2019alerte (PUBLIC TV) - LE PUBLIC<\/title>\n<meta name=\"robots\" content=\"index, follow, max-snippet:-1, max-image-preview:large, max-video-preview:-1\" \/>\n<link rel=\"canonical\" href=\"https:\/\/www.public.sn\/index.php\/2022\/11\/08\/troisieme-candidature-ces-proches-du-president-qui-devraient-etre-entendus-par-le-procureur-pa-assane-seck-sonne-lalerte-public-tv\/\" \/>\n<meta property=\"og:locale\" content=\"fr_FR\" \/>\n<meta property=\"og:type\" content=\"article\" \/>\n<meta property=\"og:title\" content=\"Troisi\u00e8me candidature\u00a0\u00a0 \/ \u00ab\u00a0Ces proches du pr\u00e9sident qui devraient \u00eatre entendus par le procureur\u00a0\u00bb Pa Assane Seck sonne l\u2019alerte (PUBLIC TV) - LE PUBLIC\" \/>\n<meta property=\"og:description\" content=\"Un mot qui n\u2019est toujours pas clair dans l\u2019esprit collectif des S\u00e9n\u00e9galais. Le Pr\u00e9sident Macky Sall maintient toujours le flou avec son ni Oui ni Non pour sa troisi\u00e8me candidature en 2024. Lors d\u2019une interview avec Public TV, le journaliste Pa Assane Seck \u00e9voque \u00ab le Pr\u00e9sident Macky Sall est le mieux \u00e9lu parmi tous les pr\u00e9sidents pr\u00e9c\u00e9dents a 65% au premier tour, tous les s\u00e9n\u00e9galais \u00e9taient contents .Tous les gens qui sont derniers \u00e0 r\u00e9clamer ce troisi\u00e8me mandat doivent \u00eatre convoqu\u00e9 par le procureur de la R\u00e9publique parce que c\u2019est offense au chef de l\u2019Etat. Le Pr\u00e9sident avait dit que si je fais 7 ans, les 5 ans \u00e0 venir seront comptabilis\u00e9s. Il n y\u2019 a aucun juriste au monde qui peut enlever cela. \u00bb\" \/>\n<meta property=\"og:url\" content=\"https:\/\/www.public.sn\/index.php\/2022\/11\/08\/troisieme-candidature-ces-proches-du-president-qui-devraient-etre-entendus-par-le-procureur-pa-assane-seck-sonne-lalerte-public-tv\/\" \/>\n<meta property=\"og:site_name\" content=\"LE PUBLIC\" \/>\n<meta property=\"article:published_time\" content=\"2022-11-08T16:57:35+00:00\" \/>\n<meta property=\"article:modified_time\" content=\"2022-11-08T17:02:19+00:00\" \/>\n<meta property=\"og:image\" content=\"https:\/\/www.public.sn\/wp-content\/uploads\/2022\/11\/Pa-Assane-miniature-extrait-3-1.jpg\" \/>\n\t<meta property=\"og:image:width\" content=\"1920\" \/>\n\t<meta property=\"og:image:height\" content=\"1080\" \/>\n\t<meta property=\"og:image:type\" content=\"image\/jpeg\" \/>\n<meta name=\"author\" content=\"LA REDACTION\" \/>\n<meta name=\"twitter:card\" content=\"summary_large_image\" \/>\n<meta name=\"twitter:label1\" content=\"\u00c9crit par\" \/>\n\t<meta name=\"twitter:data1\" content=\"LA REDACTION\" \/>\n\t<meta name=\"twitter:label2\" content=\"Dur\u00e9e de lecture estim\u00e9e\" \/>\n\t<meta name=\"twitter:data2\" content=\"1 minute\" \/>\n<script type=\"application\/ld+json\" class=\"yoast-schema-graph\">{\"@context\":\"https:\/\/schema.org\",\"@graph\":[{\"@type\":\"Article\",\"@id\":\"https:\/\/www.public.sn\/index.php\/2022\/11\/08\/troisieme-candidature-ces-proches-du-president-qui-devraient-etre-entendus-par-le-procureur-pa-assane-seck-sonne-lalerte-public-tv\/#article\",\"isPartOf\":{\"@id\":\"https:\/\/www.public.sn\/index.php\/2022\/11\/08\/troisieme-candidature-ces-proches-du-president-qui-devraient-etre-entendus-par-le-procureur-pa-assane-seck-sonne-lalerte-public-tv\/\"},\"author\":{\"name\":\"LA REDACTION\",\"@id\":\"https:\/\/www.public.sn\/#\/schema\/person\/e3f4a11b037d4203902db148f9bc8d5a\"},\"headline\":\"Troisi\u00e8me candidature\u00a0\u00a0 \/ \u00ab\u00a0Ces proches du pr\u00e9sident qui devraient \u00eatre entendus par le procureur\u00a0\u00bb Pa Assane Seck sonne l\u2019alerte (PUBLIC TV)\",\"datePublished\":\"2022-11-08T16:57:35+00:00\",\"dateModified\":\"2022-11-08T17:02:19+00:00\",\"mainEntityOfPage\":{\"@id\":\"https:\/\/www.public.sn\/index.php\/2022\/11\/08\/troisieme-candidature-ces-proches-du-president-qui-devraient-etre-entendus-par-le-procureur-pa-assane-seck-sonne-lalerte-public-tv\/\"},\"wordCount\":161,\"commentCount\":0,\"publisher\":{\"@id\":\"https:\/\/www.public.sn\/#organization\"},\"image\":{\"@id\":\"https:\/\/www.public.sn\/index.php\/2022\/11\/08\/troisieme-candidature-ces-proches-du-president-qui-devraient-etre-entendus-par-le-procureur-pa-assane-seck-sonne-lalerte-public-tv\/#primaryimage\"},\"thumbnailUrl\":\"https:\/\/www.public.sn\/wp-content\/uploads\/2022\/11\/Pa-Assane-miniature-extrait-3-1.jpg\",\"keywords\":[\"macky\",\"Pa Assane\",\"troisieme mandat\"],\"articleSection\":[\"ACTUALIT\u00c9S\",\"POLITIQUE\",\"PUBLIC TV\",\"S\u00c9N\u00c9GAL\",\"VIDEOS\"],\"inLanguage\":\"fr-FR\",\"potentialAction\":[{\"@type\":\"CommentAction\",\"name\":\"Comment\",\"target\":[\"https:\/\/www.public.sn\/index.php\/2022\/11\/08\/troisieme-candidature-ces-proches-du-president-qui-devraient-etre-entendus-par-le-procureur-pa-assane-seck-sonne-lalerte-public-tv\/#respond\"]}]},{\"@type\":\"WebPage\",\"@id\":\"https:\/\/www.public.sn\/index.php\/2022\/11\/08\/troisieme-candidature-ces-proches-du-president-qui-devraient-etre-entendus-par-le-procureur-pa-assane-seck-sonne-lalerte-public-tv\/\",\"url\":\"https:\/\/www.public.sn\/index.php\/2022\/11\/08\/troisieme-candidature-ces-proches-du-president-qui-devraient-etre-entendus-par-le-procureur-pa-assane-seck-sonne-lalerte-public-tv\/\",\"name\":\"Troisi\u00e8me candidature\u00a0\u00a0 \/ \u00ab\u00a0Ces proches du pr\u00e9sident qui devraient \u00eatre entendus par le procureur\u00a0\u00bb Pa Assane Seck sonne l\u2019alerte (PUBLIC TV) - LE PUBLIC\",\"isPartOf\":{\"@id\":\"https:\/\/www.public.sn\/#website\"},\"primaryImageOfPage\":{\"@id\":\"https:\/\/www.public.sn\/index.php\/2022\/11\/08\/troisieme-candidature-ces-proches-du-president-qui-devraient-etre-entendus-par-le-procureur-pa-assane-seck-sonne-lalerte-public-tv\/#primaryimage\"},\"image\":{\"@id\":\"https:\/\/www.public.sn\/index.php\/2022\/11\/08\/troisieme-candidature-ces-proches-du-president-qui-devraient-etre-entendus-par-le-procureur-pa-assane-seck-sonne-lalerte-public-tv\/#primaryimage\"},\"thumbnailUrl\":\"https:\/\/www.public.sn\/wp-content\/uploads\/2022\/11\/Pa-Assane-miniature-extrait-3-1.jpg\",\"datePublished\":\"2022-11-08T16:57:35+00:00\",\"dateModified\":\"2022-11-08T17:02:19+00:00\",\"breadcrumb\":{\"@id\":\"https:\/\/www.public.sn\/index.php\/2022\/11\/08\/troisieme-candidature-ces-proches-du-president-qui-devraient-etre-entendus-par-le-procureur-pa-assane-seck-sonne-lalerte-public-tv\/#breadcrumb\"},\"inLanguage\":\"fr-FR\",\"potentialAction\":[{\"@type\":\"ReadAction\",\"target\":[\"https:\/\/www.public.sn\/index.php\/2022\/11\/08\/troisieme-candidature-ces-proches-du-president-qui-devraient-etre-entendus-par-le-procureur-pa-assane-seck-sonne-lalerte-public-tv\/\"]}]},{\"@type\":\"ImageObject\",\"inLanguage\":\"fr-FR\",\"@id\":\"https:\/\/www.public.sn\/index.php\/2022\/11\/08\/troisieme-candidature-ces-proches-du-president-qui-devraient-etre-entendus-par-le-procureur-pa-assane-seck-sonne-lalerte-public-tv\/#primaryimage\",\"url\":\"https:\/\/www.public.sn\/wp-content\/uploads\/2022\/11\/Pa-Assane-miniature-extrait-3-1.jpg\",\"contentUrl\":\"https:\/\/www.public.sn\/wp-content\/uploads\/2022\/11\/Pa-Assane-miniature-extrait-3-1.jpg\",\"width\":1920,\"height\":1080,\"caption\":\"Publicsn\"},{\"@type\":\"BreadcrumbList\",\"@id\":\"https:\/\/www.public.sn\/index.php\/2022\/11\/08\/troisieme-candidature-ces-proches-du-president-qui-devraient-etre-entendus-par-le-procureur-pa-assane-seck-sonne-lalerte-public-tv\/#breadcrumb\",\"itemListElement\":[{\"@type\":\"ListItem\",\"position\":1,\"name\":\"Accueil\",\"item\":\"https:\/\/www.public.sn\/\"},{\"@type\":\"ListItem\",\"position\":2,\"name\":\"Troisi\u00e8me candidature\u00a0\u00a0 \/ \u00ab\u00a0Ces proches du pr\u00e9sident qui devraient \u00eatre entendus par le procureur\u00a0\u00bb Pa Assane Seck sonne l\u2019alerte (PUBLIC TV)\"}]},{\"@type\":\"WebSite\",\"@id\":\"https:\/\/www.public.sn\/#website\",\"url\":\"https:\/\/www.public.sn\/\",\"name\":\"LE PUBLIC\",\"description\":\"\",\"publisher\":{\"@id\":\"https:\/\/www.public.sn\/#organization\"},\"potentialAction\":[{\"@type\":\"SearchAction\",\"target\":{\"@type\":\"EntryPoint\",\"urlTemplate\":\"https:\/\/www.public.sn\/?s={search_term_string}\"},\"query-input\":{\"@type\":\"PropertyValueSpecification\",\"valueRequired\":true,\"valueName\":\"search_term_string\"}}],\"inLanguage\":\"fr-FR\"},{\"@type\":\"Organization\",\"@id\":\"https:\/\/www.public.sn\/#organization\",\"name\":\"LE PUBLIC\",\"url\":\"https:\/\/www.public.sn\/\",\"logo\":{\"@type\":\"ImageObject\",\"inLanguage\":\"fr-FR\",\"@id\":\"https:\/\/www.public.sn\/#\/schema\/logo\/image\/\",\"url\":\"https:\/\/www.public.sn\/wp-content\/uploads\/2024\/05\/cropped-LOGO-PUBLIC.SN_.png\",\"contentUrl\":\"https:\/\/www.public.sn\/wp-content\/uploads\/2024\/05\/cropped-LOGO-PUBLIC.SN_.png\",\"width\":682,\"height\":192,\"caption\":\"LE PUBLIC\"},\"image\":{\"@id\":\"https:\/\/www.public.sn\/#\/schema\/logo\/image\/\"}},{\"@type\":\"Person\",\"@id\":\"https:\/\/www.public.sn\/#\/schema\/person\/e3f4a11b037d4203902db148f9bc8d5a\",\"name\":\"LA REDACTION\",\"image\":{\"@type\":\"ImageObject\",\"inLanguage\":\"fr-FR\",\"@id\":\"https:\/\/www.public.sn\/#\/schema\/person\/image\/\",\"url\":\"https:\/\/secure.gravatar.com\/avatar\/d6c030db45db2883c075085c5d6c6258654a801a93766b49af0b82d4f454e2a5?s=96&d=mm&r=g\",\"contentUrl\":\"https:\/\/secure.gravatar.com\/avatar\/d6c030db45db2883c075085c5d6c6258654a801a93766b49af0b82d4f454e2a5?s=96&d=mm&r=g\",\"caption\":\"LA REDACTION\"},\"sameAs\":[\"http:\/\/www.public.sn\"],\"url\":\"https:\/\/www.public.sn\/index.php\/author\/admin7324\/\"}]}<\/script>\n<!-- \/ Yoast SEO plugin. -->","yoast_head_json":{"title":"Troisi\u00e8me candidature\u00a0\u00a0 \/ \u00ab\u00a0Ces proches du pr\u00e9sident qui devraient \u00eatre entendus par le procureur\u00a0\u00bb Pa Assane Seck sonne l\u2019alerte (PUBLIC TV) - LE PUBLIC","robots":{"index":"index","follow":"follow","max-snippet":"max-snippet:-1","max-image-preview":"max-image-preview:large","max-video-preview":"max-video-preview:-1"},"canonical":"https:\/\/www.public.sn\/index.php\/2022\/11\/08\/troisieme-candidature-ces-proches-du-president-qui-devraient-etre-entendus-par-le-procureur-pa-assane-seck-sonne-lalerte-public-tv\/","og_locale":"fr_FR","og_type":"article","og_title":"Troisi\u00e8me candidature\u00a0\u00a0 \/ \u00ab\u00a0Ces proches du pr\u00e9sident qui devraient \u00eatre entendus par le procureur\u00a0\u00bb Pa Assane Seck sonne l\u2019alerte (PUBLIC TV) - LE PUBLIC","og_description":"Un mot qui n\u2019est toujours pas clair dans l\u2019esprit collectif des S\u00e9n\u00e9galais. Le Pr\u00e9sident Macky Sall maintient toujours le flou avec son ni Oui ni Non pour sa troisi\u00e8me candidature en 2024. Lors d\u2019une interview avec Public TV, le journaliste Pa Assane Seck \u00e9voque \u00ab le Pr\u00e9sident Macky Sall est le mieux \u00e9lu parmi tous les pr\u00e9sidents pr\u00e9c\u00e9dents a 65% au premier tour, tous les s\u00e9n\u00e9galais \u00e9taient contents .Tous les gens qui sont derniers \u00e0 r\u00e9clamer ce troisi\u00e8me mandat doivent \u00eatre convoqu\u00e9 par le procureur de la R\u00e9publique parce que c\u2019est offense au chef de l\u2019Etat. Le Pr\u00e9sident avait dit que si je fais 7 ans, les 5 ans \u00e0 venir seront comptabilis\u00e9s. Il n y\u2019 a aucun juriste au monde qui peut enlever cela. \u00bb","og_url":"https:\/\/www.public.sn\/index.php\/2022\/11\/08\/troisieme-candidature-ces-proches-du-president-qui-devraient-etre-entendus-par-le-procureur-pa-assane-seck-sonne-lalerte-public-tv\/","og_site_name":"LE PUBLIC","article_published_time":"2022-11-08T16:57:35+00:00","article_modified_time":"2022-11-08T17:02:19+00:00","og_image":[{"width":1920,"height":1080,"url":"https:\/\/www.public.sn\/wp-content\/uploads\/2022\/11\/Pa-Assane-miniature-extrait-3-1.jpg","type":"image\/jpeg"}],"author":"LA REDACTION","twitter_card":"summary_large_image","twitter_misc":{"\u00c9crit par":"LA REDACTION","Dur\u00e9e de lecture estim\u00e9e":"1 minute"},"schema":{"@context":"https:\/\/schema.org","@graph":[{"@type":"Article","@id":"https:\/\/www.public.sn\/index.php\/2022\/11\/08\/troisieme-candidature-ces-proches-du-president-qui-devraient-etre-entendus-par-le-procureur-pa-assane-seck-sonne-lalerte-public-tv\/#article","isPartOf":{"@id":"https:\/\/www.public.sn\/index.php\/2022\/11\/08\/troisieme-candidature-ces-proches-du-president-qui-devraient-etre-entendus-par-le-procureur-pa-assane-seck-sonne-lalerte-public-tv\/"},"author":{"name":"LA REDACTION","@id":"https:\/\/www.public.sn\/#\/schema\/person\/e3f4a11b037d4203902db148f9bc8d5a"},"headline":"Troisi\u00e8me candidature\u00a0\u00a0 \/ \u00ab\u00a0Ces proches du pr\u00e9sident qui devraient \u00eatre entendus par le procureur\u00a0\u00bb Pa Assane Seck sonne l\u2019alerte (PUBLIC TV)","datePublished":"2022-11-08T16:57:35+00:00","dateModified":"2022-11-08T17:02:19+00:00","mainEntityOfPage":{"@id":"https:\/\/www.public.sn\/index.php\/2022\/11\/08\/troisieme-candidature-ces-proches-du-president-qui-devraient-etre-entendus-par-le-procureur-pa-assane-seck-sonne-lalerte-public-tv\/"},"wordCount":161,"commentCount":0,"publisher":{"@id":"https:\/\/www.public.sn\/#organization"},"image":{"@id":"https:\/\/www.public.sn\/index.php\/2022\/11\/08\/troisieme-candidature-ces-proches-du-president-qui-devraient-etre-entendus-par-le-procureur-pa-assane-seck-sonne-lalerte-public-tv\/#primaryimage"},"thumbnailUrl":"https:\/\/www.public.sn\/wp-content\/uploads\/2022\/11\/Pa-Assane-miniature-extrait-3-1.jpg","keywords":["macky","Pa Assane","troisieme mandat"],"articleSection":["ACTUALIT\u00c9S","POLITIQUE","PUBLIC TV","S\u00c9N\u00c9GAL","VIDEOS"],"inLanguage":"fr-FR","potentialAction":[{"@type":"CommentAction","name":"Comment","target":["https:\/\/www.public.sn\/index.php\/2022\/11\/08\/troisieme-candidature-ces-proches-du-president-qui-devraient-etre-entendus-par-le-procureur-pa-assane-seck-sonne-lalerte-public-tv\/#respond"]}]},{"@type":"WebPage","@id":"https:\/\/www.public.sn\/index.php\/2022\/11\/08\/troisieme-candidature-ces-proches-du-president-qui-devraient-etre-entendus-par-le-procureur-pa-assane-seck-sonne-lalerte-public-tv\/","url":"https:\/\/www.public.sn\/index.php\/2022\/11\/08\/troisieme-candidature-ces-proches-du-president-qui-devraient-etre-entendus-par-le-procureur-pa-assane-seck-sonne-lalerte-public-tv\/","name":"Troisi\u00e8me candidature\u00a0\u00a0 \/ \u00ab\u00a0Ces proches du pr\u00e9sident qui devraient \u00eatre entendus par le procureur\u00a0\u00bb Pa Assane Seck sonne l\u2019alerte (PUBLIC TV) - LE PUBLIC","isPartOf":{"@id":"https:\/\/www.public.sn\/#website"},"primaryImageOfPage":{"@id":"https:\/\/www.public.sn\/index.php\/2022\/11\/08\/troisieme-candidature-ces-proches-du-president-qui-devraient-etre-entendus-par-le-procureur-pa-assane-seck-sonne-lalerte-public-tv\/#primaryimage"},"image":{"@id":"https:\/\/www.public.sn\/index.php\/2022\/11\/08\/troisieme-candidature-ces-proches-du-president-qui-devraient-etre-entendus-par-le-procureur-pa-assane-seck-sonne-lalerte-public-tv\/#primaryimage"},"thumbnailUrl":"https:\/\/www.public.sn\/wp-content\/uploads\/2022\/11\/Pa-Assane-miniature-extrait-3-1.jpg","datePublished":"2022-11-08T16:57:35+00:00","dateModified":"2022-11-08T17:02:19+00:00","breadcrumb":{"@id":"https:\/\/www.public.sn\/index.php\/2022\/11\/08\/troisieme-candidature-ces-proches-du-president-qui-devraient-etre-entendus-par-le-procureur-pa-assane-seck-sonne-lalerte-public-tv\/#breadcrumb"},"inLanguage":"fr-FR","potentialAction":[{"@type":"ReadAction","target":["https:\/\/www.public.sn\/index.php\/2022\/11\/08\/troisieme-candidature-ces-proches-du-president-qui-devraient-etre-entendus-par-le-procureur-pa-assane-seck-sonne-lalerte-public-tv\/"]}]},{"@type":"ImageObject","inLanguage":"fr-FR","@id":"https:\/\/www.public.sn\/index.php\/2022\/11\/08\/troisieme-candidature-ces-proches-du-president-qui-devraient-etre-entendus-par-le-procureur-pa-assane-seck-sonne-lalerte-public-tv\/#primaryimage","url":"https:\/\/www.public.sn\/wp-content\/uploads\/2022\/11\/Pa-Assane-miniature-extrait-3-1.jpg","contentUrl":"https:\/\/www.public.sn\/wp-content\/uploads\/2022\/11\/Pa-Assane-miniature-extrait-3-1.jpg","width":1920,"height":1080,"caption":"Publicsn"},{"@type":"BreadcrumbList","@id":"https:\/\/www.public.sn\/index.php\/2022\/11\/08\/troisieme-candidature-ces-proches-du-president-qui-devraient-etre-entendus-par-le-procureur-pa-assane-seck-sonne-lalerte-public-tv\/#breadcrumb","itemListElement":[{"@type":"ListItem","position":1,"name":"Accueil","item":"https:\/\/www.public.sn\/"},{"@type":"ListItem","position":2,"name":"Troisi\u00e8me candidature\u00a0\u00a0 \/ \u00ab\u00a0Ces proches du pr\u00e9sident qui devraient \u00eatre entendus par le procureur\u00a0\u00bb Pa Assane Seck sonne l\u2019alerte (PUBLIC TV)"}]},{"@type":"WebSite","@id":"https:\/\/www.public.sn\/#website","url":"https:\/\/www.public.sn\/","name":"LE PUBLIC","description":"","publisher":{"@id":"https:\/\/www.public.sn\/#organization"},"potentialAction":[{"@type":"SearchAction","target":{"@type":"EntryPoint","urlTemplate":"https:\/\/www.public.sn\/?s={search_term_string}"},"query-input":{"@type":"PropertyValueSpecification","valueRequired":true,"valueName":"search_term_string"}}],"inLanguage":"fr-FR"},{"@type":"Organization","@id":"https:\/\/www.public.sn\/#organization","name":"LE PUBLIC","url":"https:\/\/www.public.sn\/","logo":{"@type":"ImageObject","inLanguage":"fr-FR","@id":"https:\/\/www.public.sn\/#\/schema\/logo\/image\/","url":"https:\/\/www.public.sn\/wp-content\/uploads\/2024\/05\/cropped-LOGO-PUBLIC.SN_.png","contentUrl":"https:\/\/www.public.sn\/wp-content\/uploads\/2024\/05\/cropped-LOGO-PUBLIC.SN_.png","width":682,"height":192,"caption":"LE PUBLIC"},"image":{"@id":"https:\/\/www.public.sn\/#\/schema\/logo\/image\/"}},{"@type":"Person","@id":"https:\/\/www.public.sn\/#\/schema\/person\/e3f4a11b037d4203902db148f9bc8d5a","name":"LA REDACTION","image":{"@type":"ImageObject","inLanguage":"fr-FR","@id":"https:\/\/www.public.sn\/#\/schema\/person\/image\/","url":"https:\/\/secure.gravatar.com\/avatar\/d6c030db45db2883c075085c5d6c6258654a801a93766b49af0b82d4f454e2a5?s=96&d=mm&r=g","contentUrl":"https:\/\/secure.gravatar.com\/avatar\/d6c030db45db2883c075085c5d6c6258654a801a93766b49af0b82d4f454e2a5?s=96&d=mm&r=g","caption":"LA REDACTION"},"sameAs":["http:\/\/www.public.sn"],"url":"https:\/\/www.public.sn\/index.php\/author\/admin7324\/"}]}},"jetpack_featured_media_url":"https:\/\/www.public.sn\/wp-content\/uploads\/2022\/11\/Pa-Assane-miniature-extrait-3-1.jpg","jetpack_sharing_enabled":true,"_links":{"self":[{"href":"https:\/\/www.public.sn\/index.php\/wp-json\/wp\/v2\/posts\/7561","targetHints":{"allow":["GET"]}}],"collection":[{"href":"https:\/\/www.public.sn\/index.php\/wp-json\/wp\/v2\/posts"}],"about":[{"href":"https:\/\/www.public.sn\/index.php\/wp-json\/wp\/v2\/types\/post"}],"author":[{"embeddable":true,"href":"https:\/\/www.public.sn\/index.php\/wp-json\/wp\/v2\/users\/1"}],"replies":[{"embeddable":true,"href":"https:\/\/www.public.sn\/index.php\/wp-json\/wp\/v2\/comments?post=7561"}],"version-history":[{"count":2,"href":"https:\/\/www.public.sn\/index.php\/wp-json\/wp\/v2\/posts\/7561\/revisions"}],"predecessor-version":[{"id":7577,"href":"https:\/\/www.public.sn\/index.php\/wp-json\/wp\/v2\/posts\/7561\/revisions\/7577"}],"wp:featuredmedia":[{"embeddable":true,"href":"https:\/\/www.public.sn\/index.php\/wp-json\/wp\/v2\/media\/7573"}],"wp:attachment":[{"href":"https:\/\/www.public.sn\/index.php\/wp-json\/wp\/v2\/media?parent=7561"}],"wp:term":[{"taxonomy":"category","embeddable":true,"href":"https:\/\/www.public.sn\/index.php\/wp-json\/wp\/v2\/categories?post=7561"},{"taxonomy":"post_tag","embeddable":true,"href":"https:\/\/www.public.sn\/index.php\/wp-json\/wp\/v2\/tags?post=7561"}],"curies":[{"name":"wp","href":"https:\/\/api.w.org\/{rel}","templated":true}]}}