{"id":7565,"date":"2022-11-08T16:22:59","date_gmt":"2022-11-08T16:22:59","guid":{"rendered":"https:\/\/www.public.sn\/?p=7565"},"modified":"2022-11-08T16:23:01","modified_gmt":"2022-11-08T16:23:01","slug":"awa-nar-fall-le-roller-nest-pas-bien-considere","status":"publish","type":"post","link":"https:\/\/www.public.sn\/index.php\/2022\/11\/08\/awa-nar-fall-le-roller-nest-pas-bien-considere\/","title":{"rendered":"Awa Nar Fall\u00a0:\u00a0\u00ab\u00a0Le roller n\u2019est pas bien consid\u00e9r\u00e9\u2026\u00bb"},"content":{"rendered":"\n<p><\/p>\n\n\n\n<p><strong>Le roller s\u00e9n\u00e9galais se porte bien et cela se confirme avec le titre de champion du monde remport\u00e9 par Dame Fall lors des derniers championnats tenus en Argentine. Un voyage tr\u00e8s compliqu\u00e9 selon la pr\u00e9sidente de la f\u00e9d\u00e9ration. Elle avance qu\u2019\u00e0 chaque comp\u00e9tition, et malgr\u00e9 les bons r\u00e9sultats, \u00a0le minist\u00e8re leur dit qu\u2019il n\u2019y a pas de budget pour la discipline. En entretien avec Wiwisport, Awa Nard all revient sur les troph\u00e9es et la marginalisation dont \u00ab\u00a0son sport\u00a0\u00bb est victime.<\/strong><\/p><div class=\"publi-paragraphe1\" style=\"margin-top: 10px;margin-bottom: 10px;margin-left: auto;margin-right: auto;text-align: center;\" id=\"publi-109856219\"><div class=\"publi-adlabel\">Publicit\u00e9<\/div><script async src=\"\/\/pagead2.googlesyndication.com\/pagead\/js\/adsbygoogle.js?client=ca-pub-4089586018074219\" crossorigin=\"anonymous\"><\/script><ins class=\"adsbygoogle\" style=\"display:block;\" data-ad-client=\"ca-pub-4089586018074219\" \ndata-ad-slot=\"2087940154\" \ndata-ad-format=\"auto\"><\/ins>\n<script> \n(adsbygoogle = window.adsbygoogle || []).push({}); \n<\/script>\n<\/div>\n\n\n\n<p><\/p>\n\n\n\n<p>Ce n\u2019est pas une premi\u00e8re pour la F\u00e9d\u00e9ration S\u00e9n\u00e9galaise de Roller et Skateboard qui a vu le jour en 2017. La m\u00eame ann\u00e9e, on a particip\u00e9 \u00e0 notre premi\u00e8re campagne en Chine la m\u00eame ann\u00e9e et on a remport\u00e9 deux m\u00e9dailles d\u2019or avec Dame Fall et Awa Bald\u00e9. En 2019 en Espagne, on a confirm\u00e9 avec une m\u00e9daille d\u2019or remport\u00e9e par une fille, une autre en argent remport\u00e9e par Dame Fall et une troisi\u00e8me en bronze remport\u00e9e par un gar\u00e7on. En 2022 ici en Argentine, on a confirm\u00e9 notre supr\u00e9matie et on d\u00e9die ce troph\u00e9e \u00e0 tous les s\u00e9n\u00e9galais notamment le chef de l\u2019Etat qui a l\u2019habitude de dire \u00ab \u00c0 tout seigneur, tout honneur \u00bb \u00ab 4 athl\u00e8tes, un encadreur et moi composons la d\u00e9l\u00e9gation du S\u00e9n\u00e9gal ici en Argentine. Nous avons prit part \u00e0 trois disciplines: free jump, course et skate cross o\u00f9 nous esp\u00e9rons remporter une autre m\u00e9daille. Nous sommes contents des r\u00e9sultats qui traduisent aussi le travail de la f\u00e9d\u00e9ration qui en peu de temps d\u2019existence repr\u00e9sente dignement le S\u00e9n\u00e9gal dans les comp\u00e9titions internationales \u00bb.<\/p>\n\n\n\n<p><\/p>\n\n\n\n<p>La pr\u00e9sidente de la f\u00e9d\u00e9ration s\u00e9n\u00e9galaise de roller avance que le voyage d\u2019Argentine n\u2019a pas \u00e9t\u00e9 de tout repos. \u00ab C\u2019\u00e9tait un voyage difficile \u00bb explique t-elle. \u00ab Nous avons d\u2019\u00e9normes difficult\u00e9s pour avoir les visas parce qu\u2019il n\u2019y a pas de repr\u00e9sentant diplomatique de l\u2019Argentine \u00e0 Dakar. Il fallait se d\u00e9placer jusqu\u2019au Nig\u00e9ria pour se procurer les visas et les frais de ce voyage co\u00fbtent chers. Au minist\u00e8re des sports, on nous a fait savoir que rien n\u2019\u00e9tait pr\u00e9vu pour nous. Une somme \u00e9tait disponible en attendant de rentrer. C\u2019est d\u2019ailleurs \u00e0 cause de ces soucis financiers que nous avons du r\u00e9duire la d\u00e9l\u00e9gation, ce qui a encore diminu\u00e9 nos chances de remporter d\u2019autres m\u00e9dailles. Il faut le dire, \u00e0 chaque comp\u00e9tition, on vit les m\u00eames probl\u00e8mes de budget avec le minist\u00e8re des sports \u00bb<\/p>\n\n\n\n<p><\/p>\n\n\n\n<p>Samba SY.<\/p>\n<div class=\"publi-apres-le-contenu\" style=\"margin-top: 10px;margin-bottom: 10px;margin-left: auto;margin-right: auto;text-align: center;\" id=\"publi-2791212905\"><div class=\"publi-adlabel\">Publicit\u00e9<\/div><script async src=\"\/\/pagead2.googlesyndication.com\/pagead\/js\/adsbygoogle.js?client=ca-pub-4089586018074219\" crossorigin=\"anonymous\"><\/script><ins class=\"adsbygoogle\" style=\"display:block;\" data-ad-client=\"ca-pub-4089586018074219\" \ndata-ad-slot=\"2087940154\" \ndata-ad-format=\"auto\"><\/ins>\n<script> \n(adsbygoogle = window.adsbygoogle || []).push({}); \n<\/script>\n<\/div>","protected":false},"excerpt":{"rendered":"<p>Le roller s\u00e9n\u00e9galais se porte bien et cela se confirme avec le titre de champion du monde remport\u00e9 par Dame Fall lors des derniers championnats tenus en Argentine. Un voyage tr\u00e8s compliqu\u00e9 selon la pr\u00e9sidente de la f\u00e9d\u00e9ration. Elle avance qu\u2019\u00e0 chaque comp\u00e9tition, et malgr\u00e9 les bons r\u00e9sultats, \u00a0le minist\u00e8re leur dit qu\u2019il n\u2019y a pas de budget pour la discipline. En entretien avec Wiwisport, Awa Nard all revient sur les troph\u00e9es et la marginalisation dont \u00ab\u00a0son sport\u00a0\u00bb est victime. Ce n\u2019est pas une premi\u00e8re pour la F\u00e9d\u00e9ration S\u00e9n\u00e9galaise de Roller et Skateboard qui a vu le jour en 2017. La m\u00eame ann\u00e9e, on a particip\u00e9 \u00e0 notre premi\u00e8re campagne en Chine la m\u00eame ann\u00e9e et on a remport\u00e9 deux m\u00e9dailles d\u2019or avec Dame Fall et Awa Bald\u00e9. En 2019 en Espagne, on a confirm\u00e9 avec une m\u00e9daille d\u2019or remport\u00e9e par une fille, une autre en argent remport\u00e9e par Dame Fall et une troisi\u00e8me en bronze remport\u00e9e par un gar\u00e7on. En 2022 ici en Argentine, on a confirm\u00e9 notre supr\u00e9matie et on d\u00e9die ce troph\u00e9e \u00e0 tous les s\u00e9n\u00e9galais notamment le chef de l\u2019Etat qui a l\u2019habitude de dire \u00ab \u00c0 tout seigneur, tout honneur \u00bb \u00ab 4 athl\u00e8tes, un encadreur et moi composons la d\u00e9l\u00e9gation du S\u00e9n\u00e9gal ici en Argentine. Nous avons prit part \u00e0 trois disciplines: free jump, course et skate cross o\u00f9 nous esp\u00e9rons remporter une autre m\u00e9daille. Nous sommes contents des r\u00e9sultats qui traduisent aussi le travail de la f\u00e9d\u00e9ration qui en peu de temps d\u2019existence repr\u00e9sente dignement le S\u00e9n\u00e9gal dans les comp\u00e9titions internationales \u00bb. La pr\u00e9sidente de la f\u00e9d\u00e9ration s\u00e9n\u00e9galaise de roller avance que le voyage d\u2019Argentine n\u2019a pas \u00e9t\u00e9 de tout repos. \u00ab C\u2019\u00e9tait un voyage difficile \u00bb explique t-elle. \u00ab Nous avons d\u2019\u00e9normes difficult\u00e9s pour avoir les visas parce qu\u2019il n\u2019y a pas de repr\u00e9sentant diplomatique de l\u2019Argentine \u00e0 Dakar. Il fallait se d\u00e9placer jusqu\u2019au Nig\u00e9ria pour se procurer les visas et les frais de ce voyage co\u00fbtent chers. Au minist\u00e8re des sports, on nous a fait savoir que rien n\u2019\u00e9tait pr\u00e9vu pour nous. Une somme \u00e9tait disponible en attendant de rentrer. C\u2019est d\u2019ailleurs \u00e0 cause de ces soucis financiers que nous avons du r\u00e9duire la d\u00e9l\u00e9gation, ce qui a encore diminu\u00e9 nos chances de remporter d\u2019autres m\u00e9dailles. Il faut le dire, \u00e0 chaque comp\u00e9tition, on vit les m\u00eames probl\u00e8mes de budget avec le minist\u00e8re des sports \u00bb Samba SY.<\/p>\n","protected":false},"author":7,"featured_media":7566,"comment_status":"open","ping_status":"open","sticky":false,"template":"","format":"standard","meta":{"_jetpack_memberships_contains_paid_content":false,"footnotes":""},"categories":[375,1,7],"tags":[2603,2094,2604],"class_list":["post-7565","post","type-post","status-publish","format-standard","has-post-thumbnail","hentry","category-actualites","category-non-classe","category-sport","tag-awa-nar-fall","tag-or","tag-roller","entry","has-media","owp-thumbs-layout-horizontal","owp-btn-normal","owp-tabs-layout-horizontal","has-no-thumbnails","has-product-nav"],"yoast_head":"<!-- This site is optimized with the Yoast SEO plugin v25.5 - https:\/\/yoast.com\/wordpress\/plugins\/seo\/ -->\n<title>Awa Nar Fall\u00a0:\u00a0\u00ab\u00a0Le roller n\u2019est pas bien consid\u00e9r\u00e9\u2026\u00bb - LE PUBLIC<\/title>\n<meta name=\"robots\" content=\"index, follow, max-snippet:-1, max-image-preview:large, max-video-preview:-1\" \/>\n<link rel=\"canonical\" href=\"https:\/\/www.public.sn\/index.php\/2022\/11\/08\/awa-nar-fall-le-roller-nest-pas-bien-considere\/\" \/>\n<meta property=\"og:locale\" content=\"fr_FR\" \/>\n<meta property=\"og:type\" content=\"article\" \/>\n<meta property=\"og:title\" content=\"Awa Nar Fall\u00a0:\u00a0\u00ab\u00a0Le roller n\u2019est pas bien consid\u00e9r\u00e9\u2026\u00bb - LE PUBLIC\" \/>\n<meta property=\"og:description\" content=\"Le roller s\u00e9n\u00e9galais se porte bien et cela se confirme avec le titre de champion du monde remport\u00e9 par Dame Fall lors des derniers championnats tenus en Argentine. Un voyage tr\u00e8s compliqu\u00e9 selon la pr\u00e9sidente de la f\u00e9d\u00e9ration. Elle avance qu\u2019\u00e0 chaque comp\u00e9tition, et malgr\u00e9 les bons r\u00e9sultats, \u00a0le minist\u00e8re leur dit qu\u2019il n\u2019y a pas de budget pour la discipline. En entretien avec Wiwisport, Awa Nard all revient sur les troph\u00e9es et la marginalisation dont \u00ab\u00a0son sport\u00a0\u00bb est victime. Ce n\u2019est pas une premi\u00e8re pour la F\u00e9d\u00e9ration S\u00e9n\u00e9galaise de Roller et Skateboard qui a vu le jour en 2017. La m\u00eame ann\u00e9e, on a particip\u00e9 \u00e0 notre premi\u00e8re campagne en Chine la m\u00eame ann\u00e9e et on a remport\u00e9 deux m\u00e9dailles d\u2019or avec Dame Fall et Awa Bald\u00e9. En 2019 en Espagne, on a confirm\u00e9 avec une m\u00e9daille d\u2019or remport\u00e9e par une fille, une autre en argent remport\u00e9e par Dame Fall et une troisi\u00e8me en bronze remport\u00e9e par un gar\u00e7on. En 2022 ici en Argentine, on a confirm\u00e9 notre supr\u00e9matie et on d\u00e9die ce troph\u00e9e \u00e0 tous les s\u00e9n\u00e9galais notamment le chef de l\u2019Etat qui a l\u2019habitude de dire \u00ab \u00c0 tout seigneur, tout honneur \u00bb \u00ab 4 athl\u00e8tes, un encadreur et moi composons la d\u00e9l\u00e9gation du S\u00e9n\u00e9gal ici en Argentine. Nous avons prit part \u00e0 trois disciplines: free jump, course et skate cross o\u00f9 nous esp\u00e9rons remporter une autre m\u00e9daille. Nous sommes contents des r\u00e9sultats qui traduisent aussi le travail de la f\u00e9d\u00e9ration qui en peu de temps d\u2019existence repr\u00e9sente dignement le S\u00e9n\u00e9gal dans les comp\u00e9titions internationales \u00bb. La pr\u00e9sidente de la f\u00e9d\u00e9ration s\u00e9n\u00e9galaise de roller avance que le voyage d\u2019Argentine n\u2019a pas \u00e9t\u00e9 de tout repos. \u00ab C\u2019\u00e9tait un voyage difficile \u00bb explique t-elle. \u00ab Nous avons d\u2019\u00e9normes difficult\u00e9s pour avoir les visas parce qu\u2019il n\u2019y a pas de repr\u00e9sentant diplomatique de l\u2019Argentine \u00e0 Dakar. Il fallait se d\u00e9placer jusqu\u2019au Nig\u00e9ria pour se procurer les visas et les frais de ce voyage co\u00fbtent chers. Au minist\u00e8re des sports, on nous a fait savoir que rien n\u2019\u00e9tait pr\u00e9vu pour nous. Une somme \u00e9tait disponible en attendant de rentrer. C\u2019est d\u2019ailleurs \u00e0 cause de ces soucis financiers que nous avons du r\u00e9duire la d\u00e9l\u00e9gation, ce qui a encore diminu\u00e9 nos chances de remporter d\u2019autres m\u00e9dailles. Il faut le dire, \u00e0 chaque comp\u00e9tition, on vit les m\u00eames probl\u00e8mes de budget avec le minist\u00e8re des sports \u00bb Samba SY.\" \/>\n<meta property=\"og:url\" content=\"https:\/\/www.public.sn\/index.php\/2022\/11\/08\/awa-nar-fall-le-roller-nest-pas-bien-considere\/\" \/>\n<meta property=\"og:site_name\" content=\"LE PUBLIC\" \/>\n<meta property=\"article:published_time\" content=\"2022-11-08T16:22:59+00:00\" \/>\n<meta property=\"article:modified_time\" content=\"2022-11-08T16:23:01+00:00\" \/>\n<meta property=\"og:image\" content=\"https:\/\/www.public.sn\/wp-content\/uploads\/2022\/11\/awa-nar-fall.jpg\" \/>\n\t<meta property=\"og:image:width\" content=\"820\" \/>\n\t<meta property=\"og:image:height\" content=\"544\" \/>\n\t<meta property=\"og:image:type\" content=\"image\/jpeg\" \/>\n<meta name=\"author\" content=\"LA REDACTION\" \/>\n<meta name=\"twitter:card\" content=\"summary_large_image\" \/>\n<meta name=\"twitter:label1\" content=\"\u00c9crit par\" \/>\n\t<meta name=\"twitter:data1\" content=\"LA REDACTION\" \/>\n\t<meta name=\"twitter:label2\" content=\"Dur\u00e9e de lecture estim\u00e9e\" \/>\n\t<meta name=\"twitter:data2\" content=\"2 minutes\" \/>\n<script type=\"application\/ld+json\" class=\"yoast-schema-graph\">{\"@context\":\"https:\/\/schema.org\",\"@graph\":[{\"@type\":\"Article\",\"@id\":\"https:\/\/www.public.sn\/index.php\/2022\/11\/08\/awa-nar-fall-le-roller-nest-pas-bien-considere\/#article\",\"isPartOf\":{\"@id\":\"https:\/\/www.public.sn\/index.php\/2022\/11\/08\/awa-nar-fall-le-roller-nest-pas-bien-considere\/\"},\"author\":{\"name\":\"LA REDACTION\",\"@id\":\"https:\/\/www.public.sn\/#\/schema\/person\/cb76c8e1b8becc6be61fb5e92d6d0224\"},\"headline\":\"Awa Nar Fall\u00a0:\u00a0\u00ab\u00a0Le roller n\u2019est pas bien consid\u00e9r\u00e9\u2026\u00bb\",\"datePublished\":\"2022-11-08T16:22:59+00:00\",\"dateModified\":\"2022-11-08T16:23:01+00:00\",\"mainEntityOfPage\":{\"@id\":\"https:\/\/www.public.sn\/index.php\/2022\/11\/08\/awa-nar-fall-le-roller-nest-pas-bien-considere\/\"},\"wordCount\":475,\"commentCount\":0,\"publisher\":{\"@id\":\"https:\/\/www.public.sn\/#organization\"},\"image\":{\"@id\":\"https:\/\/www.public.sn\/index.php\/2022\/11\/08\/awa-nar-fall-le-roller-nest-pas-bien-considere\/#primaryimage\"},\"thumbnailUrl\":\"https:\/\/www.public.sn\/wp-content\/uploads\/2022\/11\/awa-nar-fall.jpg\",\"keywords\":[\"awa nar fall\",\"or\",\"roller\"],\"articleSection\":[\"ACTUALIT\u00c9S\",\"S\u00c9N\u00c9GAL\",\"SPORTS\"],\"inLanguage\":\"fr-FR\",\"potentialAction\":[{\"@type\":\"CommentAction\",\"name\":\"Comment\",\"target\":[\"https:\/\/www.public.sn\/index.php\/2022\/11\/08\/awa-nar-fall-le-roller-nest-pas-bien-considere\/#respond\"]}]},{\"@type\":\"WebPage\",\"@id\":\"https:\/\/www.public.sn\/index.php\/2022\/11\/08\/awa-nar-fall-le-roller-nest-pas-bien-considere\/\",\"url\":\"https:\/\/www.public.sn\/index.php\/2022\/11\/08\/awa-nar-fall-le-roller-nest-pas-bien-considere\/\",\"name\":\"Awa Nar Fall\u00a0:\u00a0\u00ab\u00a0Le roller n\u2019est pas bien consid\u00e9r\u00e9\u2026\u00bb - LE PUBLIC\",\"isPartOf\":{\"@id\":\"https:\/\/www.public.sn\/#website\"},\"primaryImageOfPage\":{\"@id\":\"https:\/\/www.public.sn\/index.php\/2022\/11\/08\/awa-nar-fall-le-roller-nest-pas-bien-considere\/#primaryimage\"},\"image\":{\"@id\":\"https:\/\/www.public.sn\/index.php\/2022\/11\/08\/awa-nar-fall-le-roller-nest-pas-bien-considere\/#primaryimage\"},\"thumbnailUrl\":\"https:\/\/www.public.sn\/wp-content\/uploads\/2022\/11\/awa-nar-fall.jpg\",\"datePublished\":\"2022-11-08T16:22:59+00:00\",\"dateModified\":\"2022-11-08T16:23:01+00:00\",\"breadcrumb\":{\"@id\":\"https:\/\/www.public.sn\/index.php\/2022\/11\/08\/awa-nar-fall-le-roller-nest-pas-bien-considere\/#breadcrumb\"},\"inLanguage\":\"fr-FR\",\"potentialAction\":[{\"@type\":\"ReadAction\",\"target\":[\"https:\/\/www.public.sn\/index.php\/2022\/11\/08\/awa-nar-fall-le-roller-nest-pas-bien-considere\/\"]}]},{\"@type\":\"ImageObject\",\"inLanguage\":\"fr-FR\",\"@id\":\"https:\/\/www.public.sn\/index.php\/2022\/11\/08\/awa-nar-fall-le-roller-nest-pas-bien-considere\/#primaryimage\",\"url\":\"https:\/\/www.public.sn\/wp-content\/uploads\/2022\/11\/awa-nar-fall.jpg\",\"contentUrl\":\"https:\/\/www.public.sn\/wp-content\/uploads\/2022\/11\/awa-nar-fall.jpg\",\"width\":820,\"height\":544,\"caption\":\"publicsn\"},{\"@type\":\"BreadcrumbList\",\"@id\":\"https:\/\/www.public.sn\/index.php\/2022\/11\/08\/awa-nar-fall-le-roller-nest-pas-bien-considere\/#breadcrumb\",\"itemListElement\":[{\"@type\":\"ListItem\",\"position\":1,\"name\":\"Accueil\",\"item\":\"https:\/\/www.public.sn\/\"},{\"@type\":\"ListItem\",\"position\":2,\"name\":\"Awa Nar Fall\u00a0:\u00a0\u00ab\u00a0Le roller n\u2019est pas bien consid\u00e9r\u00e9\u2026\u00bb\"}]},{\"@type\":\"WebSite\",\"@id\":\"https:\/\/www.public.sn\/#website\",\"url\":\"https:\/\/www.public.sn\/\",\"name\":\"LE PUBLIC\",\"description\":\"\",\"publisher\":{\"@id\":\"https:\/\/www.public.sn\/#organization\"},\"potentialAction\":[{\"@type\":\"SearchAction\",\"target\":{\"@type\":\"EntryPoint\",\"urlTemplate\":\"https:\/\/www.public.sn\/?s={search_term_string}\"},\"query-input\":{\"@type\":\"PropertyValueSpecification\",\"valueRequired\":true,\"valueName\":\"search_term_string\"}}],\"inLanguage\":\"fr-FR\"},{\"@type\":\"Organization\",\"@id\":\"https:\/\/www.public.sn\/#organization\",\"name\":\"LE PUBLIC\",\"url\":\"https:\/\/www.public.sn\/\",\"logo\":{\"@type\":\"ImageObject\",\"inLanguage\":\"fr-FR\",\"@id\":\"https:\/\/www.public.sn\/#\/schema\/logo\/image\/\",\"url\":\"https:\/\/www.public.sn\/wp-content\/uploads\/2024\/05\/cropped-LOGO-PUBLIC.SN_.png\",\"contentUrl\":\"https:\/\/www.public.sn\/wp-content\/uploads\/2024\/05\/cropped-LOGO-PUBLIC.SN_.png\",\"width\":682,\"height\":192,\"caption\":\"LE PUBLIC\"},\"image\":{\"@id\":\"https:\/\/www.public.sn\/#\/schema\/logo\/image\/\"}},{\"@type\":\"Person\",\"@id\":\"https:\/\/www.public.sn\/#\/schema\/person\/cb76c8e1b8becc6be61fb5e92d6d0224\",\"name\":\"LA REDACTION\",\"image\":{\"@type\":\"ImageObject\",\"inLanguage\":\"fr-FR\",\"@id\":\"https:\/\/www.public.sn\/#\/schema\/person\/image\/\",\"url\":\"https:\/\/secure.gravatar.com\/avatar\/2dce5ddd34b8fef0180efe03aa2a9bee7d953856048f9a16b298190a3178407c?s=96&d=mm&r=g\",\"contentUrl\":\"https:\/\/secure.gravatar.com\/avatar\/2dce5ddd34b8fef0180efe03aa2a9bee7d953856048f9a16b298190a3178407c?s=96&d=mm&r=g\",\"caption\":\"LA REDACTION\"},\"url\":\"https:\/\/www.public.sn\/index.php\/author\/editeurpsn\/\"}]}<\/script>\n<!-- \/ Yoast SEO plugin. -->","yoast_head_json":{"title":"Awa Nar Fall\u00a0:\u00a0\u00ab\u00a0Le roller n\u2019est pas bien consid\u00e9r\u00e9\u2026\u00bb - LE PUBLIC","robots":{"index":"index","follow":"follow","max-snippet":"max-snippet:-1","max-image-preview":"max-image-preview:large","max-video-preview":"max-video-preview:-1"},"canonical":"https:\/\/www.public.sn\/index.php\/2022\/11\/08\/awa-nar-fall-le-roller-nest-pas-bien-considere\/","og_locale":"fr_FR","og_type":"article","og_title":"Awa Nar Fall\u00a0:\u00a0\u00ab\u00a0Le roller n\u2019est pas bien consid\u00e9r\u00e9\u2026\u00bb - LE PUBLIC","og_description":"Le roller s\u00e9n\u00e9galais se porte bien et cela se confirme avec le titre de champion du monde remport\u00e9 par Dame Fall lors des derniers championnats tenus en Argentine. Un voyage tr\u00e8s compliqu\u00e9 selon la pr\u00e9sidente de la f\u00e9d\u00e9ration. Elle avance qu\u2019\u00e0 chaque comp\u00e9tition, et malgr\u00e9 les bons r\u00e9sultats, \u00a0le minist\u00e8re leur dit qu\u2019il n\u2019y a pas de budget pour la discipline. En entretien avec Wiwisport, Awa Nard all revient sur les troph\u00e9es et la marginalisation dont \u00ab\u00a0son sport\u00a0\u00bb est victime. Ce n\u2019est pas une premi\u00e8re pour la F\u00e9d\u00e9ration S\u00e9n\u00e9galaise de Roller et Skateboard qui a vu le jour en 2017. La m\u00eame ann\u00e9e, on a particip\u00e9 \u00e0 notre premi\u00e8re campagne en Chine la m\u00eame ann\u00e9e et on a remport\u00e9 deux m\u00e9dailles d\u2019or avec Dame Fall et Awa Bald\u00e9. En 2019 en Espagne, on a confirm\u00e9 avec une m\u00e9daille d\u2019or remport\u00e9e par une fille, une autre en argent remport\u00e9e par Dame Fall et une troisi\u00e8me en bronze remport\u00e9e par un gar\u00e7on. En 2022 ici en Argentine, on a confirm\u00e9 notre supr\u00e9matie et on d\u00e9die ce troph\u00e9e \u00e0 tous les s\u00e9n\u00e9galais notamment le chef de l\u2019Etat qui a l\u2019habitude de dire \u00ab \u00c0 tout seigneur, tout honneur \u00bb \u00ab 4 athl\u00e8tes, un encadreur et moi composons la d\u00e9l\u00e9gation du S\u00e9n\u00e9gal ici en Argentine. Nous avons prit part \u00e0 trois disciplines: free jump, course et skate cross o\u00f9 nous esp\u00e9rons remporter une autre m\u00e9daille. Nous sommes contents des r\u00e9sultats qui traduisent aussi le travail de la f\u00e9d\u00e9ration qui en peu de temps d\u2019existence repr\u00e9sente dignement le S\u00e9n\u00e9gal dans les comp\u00e9titions internationales \u00bb. La pr\u00e9sidente de la f\u00e9d\u00e9ration s\u00e9n\u00e9galaise de roller avance que le voyage d\u2019Argentine n\u2019a pas \u00e9t\u00e9 de tout repos. \u00ab C\u2019\u00e9tait un voyage difficile \u00bb explique t-elle. \u00ab Nous avons d\u2019\u00e9normes difficult\u00e9s pour avoir les visas parce qu\u2019il n\u2019y a pas de repr\u00e9sentant diplomatique de l\u2019Argentine \u00e0 Dakar. Il fallait se d\u00e9placer jusqu\u2019au Nig\u00e9ria pour se procurer les visas et les frais de ce voyage co\u00fbtent chers. Au minist\u00e8re des sports, on nous a fait savoir que rien n\u2019\u00e9tait pr\u00e9vu pour nous. Une somme \u00e9tait disponible en attendant de rentrer. C\u2019est d\u2019ailleurs \u00e0 cause de ces soucis financiers que nous avons du r\u00e9duire la d\u00e9l\u00e9gation, ce qui a encore diminu\u00e9 nos chances de remporter d\u2019autres m\u00e9dailles. Il faut le dire, \u00e0 chaque comp\u00e9tition, on vit les m\u00eames probl\u00e8mes de budget avec le minist\u00e8re des sports \u00bb Samba SY.","og_url":"https:\/\/www.public.sn\/index.php\/2022\/11\/08\/awa-nar-fall-le-roller-nest-pas-bien-considere\/","og_site_name":"LE PUBLIC","article_published_time":"2022-11-08T16:22:59+00:00","article_modified_time":"2022-11-08T16:23:01+00:00","og_image":[{"width":820,"height":544,"url":"https:\/\/www.public.sn\/wp-content\/uploads\/2022\/11\/awa-nar-fall.jpg","type":"image\/jpeg"}],"author":"LA REDACTION","twitter_card":"summary_large_image","twitter_misc":{"\u00c9crit par":"LA REDACTION","Dur\u00e9e de lecture estim\u00e9e":"2 minutes"},"schema":{"@context":"https:\/\/schema.org","@graph":[{"@type":"Article","@id":"https:\/\/www.public.sn\/index.php\/2022\/11\/08\/awa-nar-fall-le-roller-nest-pas-bien-considere\/#article","isPartOf":{"@id":"https:\/\/www.public.sn\/index.php\/2022\/11\/08\/awa-nar-fall-le-roller-nest-pas-bien-considere\/"},"author":{"name":"LA REDACTION","@id":"https:\/\/www.public.sn\/#\/schema\/person\/cb76c8e1b8becc6be61fb5e92d6d0224"},"headline":"Awa Nar Fall\u00a0:\u00a0\u00ab\u00a0Le roller n\u2019est pas bien consid\u00e9r\u00e9\u2026\u00bb","datePublished":"2022-11-08T16:22:59+00:00","dateModified":"2022-11-08T16:23:01+00:00","mainEntityOfPage":{"@id":"https:\/\/www.public.sn\/index.php\/2022\/11\/08\/awa-nar-fall-le-roller-nest-pas-bien-considere\/"},"wordCount":475,"commentCount":0,"publisher":{"@id":"https:\/\/www.public.sn\/#organization"},"image":{"@id":"https:\/\/www.public.sn\/index.php\/2022\/11\/08\/awa-nar-fall-le-roller-nest-pas-bien-considere\/#primaryimage"},"thumbnailUrl":"https:\/\/www.public.sn\/wp-content\/uploads\/2022\/11\/awa-nar-fall.jpg","keywords":["awa nar fall","or","roller"],"articleSection":["ACTUALIT\u00c9S","S\u00c9N\u00c9GAL","SPORTS"],"inLanguage":"fr-FR","potentialAction":[{"@type":"CommentAction","name":"Comment","target":["https:\/\/www.public.sn\/index.php\/2022\/11\/08\/awa-nar-fall-le-roller-nest-pas-bien-considere\/#respond"]}]},{"@type":"WebPage","@id":"https:\/\/www.public.sn\/index.php\/2022\/11\/08\/awa-nar-fall-le-roller-nest-pas-bien-considere\/","url":"https:\/\/www.public.sn\/index.php\/2022\/11\/08\/awa-nar-fall-le-roller-nest-pas-bien-considere\/","name":"Awa Nar Fall\u00a0:\u00a0\u00ab\u00a0Le roller n\u2019est pas bien consid\u00e9r\u00e9\u2026\u00bb - LE PUBLIC","isPartOf":{"@id":"https:\/\/www.public.sn\/#website"},"primaryImageOfPage":{"@id":"https:\/\/www.public.sn\/index.php\/2022\/11\/08\/awa-nar-fall-le-roller-nest-pas-bien-considere\/#primaryimage"},"image":{"@id":"https:\/\/www.public.sn\/index.php\/2022\/11\/08\/awa-nar-fall-le-roller-nest-pas-bien-considere\/#primaryimage"},"thumbnailUrl":"https:\/\/www.public.sn\/wp-content\/uploads\/2022\/11\/awa-nar-fall.jpg","datePublished":"2022-11-08T16:22:59+00:00","dateModified":"2022-11-08T16:23:01+00:00","breadcrumb":{"@id":"https:\/\/www.public.sn\/index.php\/2022\/11\/08\/awa-nar-fall-le-roller-nest-pas-bien-considere\/#breadcrumb"},"inLanguage":"fr-FR","potentialAction":[{"@type":"ReadAction","target":["https:\/\/www.public.sn\/index.php\/2022\/11\/08\/awa-nar-fall-le-roller-nest-pas-bien-considere\/"]}]},{"@type":"ImageObject","inLanguage":"fr-FR","@id":"https:\/\/www.public.sn\/index.php\/2022\/11\/08\/awa-nar-fall-le-roller-nest-pas-bien-considere\/#primaryimage","url":"https:\/\/www.public.sn\/wp-content\/uploads\/2022\/11\/awa-nar-fall.jpg","contentUrl":"https:\/\/www.public.sn\/wp-content\/uploads\/2022\/11\/awa-nar-fall.jpg","width":820,"height":544,"caption":"publicsn"},{"@type":"BreadcrumbList","@id":"https:\/\/www.public.sn\/index.php\/2022\/11\/08\/awa-nar-fall-le-roller-nest-pas-bien-considere\/#breadcrumb","itemListElement":[{"@type":"ListItem","position":1,"name":"Accueil","item":"https:\/\/www.public.sn\/"},{"@type":"ListItem","position":2,"name":"Awa Nar Fall\u00a0:\u00a0\u00ab\u00a0Le roller n\u2019est pas bien consid\u00e9r\u00e9\u2026\u00bb"}]},{"@type":"WebSite","@id":"https:\/\/www.public.sn\/#website","url":"https:\/\/www.public.sn\/","name":"LE PUBLIC","description":"","publisher":{"@id":"https:\/\/www.public.sn\/#organization"},"potentialAction":[{"@type":"SearchAction","target":{"@type":"EntryPoint","urlTemplate":"https:\/\/www.public.sn\/?s={search_term_string}"},"query-input":{"@type":"PropertyValueSpecification","valueRequired":true,"valueName":"search_term_string"}}],"inLanguage":"fr-FR"},{"@type":"Organization","@id":"https:\/\/www.public.sn\/#organization","name":"LE PUBLIC","url":"https:\/\/www.public.sn\/","logo":{"@type":"ImageObject","inLanguage":"fr-FR","@id":"https:\/\/www.public.sn\/#\/schema\/logo\/image\/","url":"https:\/\/www.public.sn\/wp-content\/uploads\/2024\/05\/cropped-LOGO-PUBLIC.SN_.png","contentUrl":"https:\/\/www.public.sn\/wp-content\/uploads\/2024\/05\/cropped-LOGO-PUBLIC.SN_.png","width":682,"height":192,"caption":"LE PUBLIC"},"image":{"@id":"https:\/\/www.public.sn\/#\/schema\/logo\/image\/"}},{"@type":"Person","@id":"https:\/\/www.public.sn\/#\/schema\/person\/cb76c8e1b8becc6be61fb5e92d6d0224","name":"LA REDACTION","image":{"@type":"ImageObject","inLanguage":"fr-FR","@id":"https:\/\/www.public.sn\/#\/schema\/person\/image\/","url":"https:\/\/secure.gravatar.com\/avatar\/2dce5ddd34b8fef0180efe03aa2a9bee7d953856048f9a16b298190a3178407c?s=96&d=mm&r=g","contentUrl":"https:\/\/secure.gravatar.com\/avatar\/2dce5ddd34b8fef0180efe03aa2a9bee7d953856048f9a16b298190a3178407c?s=96&d=mm&r=g","caption":"LA REDACTION"},"url":"https:\/\/www.public.sn\/index.php\/author\/editeurpsn\/"}]}},"jetpack_featured_media_url":"https:\/\/www.public.sn\/wp-content\/uploads\/2022\/11\/awa-nar-fall.jpg","jetpack_sharing_enabled":true,"_links":{"self":[{"href":"https:\/\/www.public.sn\/index.php\/wp-json\/wp\/v2\/posts\/7565","targetHints":{"allow":["GET"]}}],"collection":[{"href":"https:\/\/www.public.sn\/index.php\/wp-json\/wp\/v2\/posts"}],"about":[{"href":"https:\/\/www.public.sn\/index.php\/wp-json\/wp\/v2\/types\/post"}],"author":[{"embeddable":true,"href":"https:\/\/www.public.sn\/index.php\/wp-json\/wp\/v2\/users\/7"}],"replies":[{"embeddable":true,"href":"https:\/\/www.public.sn\/index.php\/wp-json\/wp\/v2\/comments?post=7565"}],"version-history":[{"count":1,"href":"https:\/\/www.public.sn\/index.php\/wp-json\/wp\/v2\/posts\/7565\/revisions"}],"predecessor-version":[{"id":7567,"href":"https:\/\/www.public.sn\/index.php\/wp-json\/wp\/v2\/posts\/7565\/revisions\/7567"}],"wp:featuredmedia":[{"embeddable":true,"href":"https:\/\/www.public.sn\/index.php\/wp-json\/wp\/v2\/media\/7566"}],"wp:attachment":[{"href":"https:\/\/www.public.sn\/index.php\/wp-json\/wp\/v2\/media?parent=7565"}],"wp:term":[{"taxonomy":"category","embeddable":true,"href":"https:\/\/www.public.sn\/index.php\/wp-json\/wp\/v2\/categories?post=7565"},{"taxonomy":"post_tag","embeddable":true,"href":"https:\/\/www.public.sn\/index.php\/wp-json\/wp\/v2\/tags?post=7565"}],"curies":[{"name":"wp","href":"https:\/\/api.w.org\/{rel}","templated":true}]}}