{"id":7642,"date":"2022-11-09T08:41:59","date_gmt":"2022-11-09T08:41:59","guid":{"rendered":"https:\/\/www.public.sn\/?p=7642"},"modified":"2022-11-09T08:42:00","modified_gmt":"2022-11-09T08:42:00","slug":"saint-louis-5-disparus-dans-la-breche","status":"publish","type":"post","link":"https:\/\/www.public.sn\/index.php\/2022\/11\/09\/saint-louis-5-disparus-dans-la-breche\/","title":{"rendered":"Saint Louis\u00a0: 5 disparus dans la br\u00e8che."},"content":{"rendered":"\n<p><\/p>\n\n\n\n<p>La br\u00e8che de Saint Louis vient de faire de nouvelles victimes. En effet 5 p\u00eacheurs de Ndar Toute ont \u00e9t\u00e9 port\u00e9s disparus apr\u00e8s le chavirement de leur pirogue au niveau de la br\u00e8che. <\/p><div class=\"publi-paragraphe1\" style=\"margin-top: 10px;margin-bottom: 10px;margin-left: auto;margin-right: auto;text-align: center;\" id=\"publi-2554590766\"><div class=\"publi-adlabel\">Publicit\u00e9<\/div><script async src=\"\/\/pagead2.googlesyndication.com\/pagead\/js\/adsbygoogle.js?client=ca-pub-4089586018074219\" crossorigin=\"anonymous\"><\/script><ins class=\"adsbygoogle\" style=\"display:block;\" data-ad-client=\"ca-pub-4089586018074219\" \ndata-ad-slot=\"2087940154\" \ndata-ad-format=\"auto\"><\/ins>\n<script> \n(adsbygoogle = window.adsbygoogle || []).push({}); \n<\/script>\n<\/div>\n\n\n\n<p><\/p>\n\n\n\n<p>Le propri\u00e9taire de la pirogue Omar a affirmait qu\u2019ils \u00e9taient 5 et que le mauvais temps serait \u00e0 l\u2019origine de l\u2019accident. Les recherches ont \u00e9t\u00e9 entrepris par les p\u00eacheurs de guet Ndar et la Marine Nationale mais aucun corps n\u2019a encore \u00e9t\u00e9 retrouv\u00e9. Leurs proches ne gardent pas espoir de revoir vivant leurs proches.<\/p>\n\n\n\n<p><\/p>\n\n\n\n<p> La br\u00e8che \u00e0 fait plusieurs centaines de morts et le dragage est toujours r\u00e9clam\u00e9 par les p\u00eacheurs de la localit\u00e9. Et pourtant la M\u00e9t\u00e9o avait recommand\u00e9 aux p\u00eacheurs de ne pas aller en mer car le temps risquait d\u2019\u00eatre mauvais.<\/p>\n\n\n\n<p>Samba SY.<\/p>\n<div class=\"publi-apres-le-contenu\" style=\"margin-top: 10px;margin-bottom: 10px;margin-left: auto;margin-right: auto;text-align: center;\" id=\"publi-3922627534\"><div class=\"publi-adlabel\">Publicit\u00e9<\/div><script async src=\"\/\/pagead2.googlesyndication.com\/pagead\/js\/adsbygoogle.js?client=ca-pub-4089586018074219\" crossorigin=\"anonymous\"><\/script><ins class=\"adsbygoogle\" style=\"display:block;\" data-ad-client=\"ca-pub-4089586018074219\" \ndata-ad-slot=\"2087940154\" \ndata-ad-format=\"auto\"><\/ins>\n<script> \n(adsbygoogle = window.adsbygoogle || []).push({}); \n<\/script>\n<\/div>","protected":false},"excerpt":{"rendered":"<p>La br\u00e8che de Saint Louis vient de faire de nouvelles victimes. En effet 5 p\u00eacheurs de Ndar Toute ont \u00e9t\u00e9 port\u00e9s disparus apr\u00e8s le chavirement de leur pirogue au niveau de la br\u00e8che. Le propri\u00e9taire de la pirogue Omar a affirmait qu\u2019ils \u00e9taient 5 et que le mauvais temps serait \u00e0 l\u2019origine de l\u2019accident. Les recherches ont \u00e9t\u00e9 entrepris par les p\u00eacheurs de guet Ndar et la Marine Nationale mais aucun corps n\u2019a encore \u00e9t\u00e9 retrouv\u00e9. Leurs proches ne gardent pas espoir de revoir vivant leurs proches. La br\u00e8che \u00e0 fait plusieurs centaines de morts et le dragage est toujours r\u00e9clam\u00e9 par les p\u00eacheurs de la localit\u00e9. Et pourtant la M\u00e9t\u00e9o avait recommand\u00e9 aux p\u00eacheurs de ne pas aller en mer car le temps risquait d\u2019\u00eatre mauvais. Samba SY.<\/p>\n","protected":false},"author":7,"featured_media":7643,"comment_status":"open","ping_status":"open","sticky":false,"template":"","format":"standard","meta":{"_jetpack_memberships_contains_paid_content":false,"footnotes":""},"categories":[375,1,4],"tags":[102,2619,589],"class_list":["post-7642","post","type-post","status-publish","format-standard","has-post-thumbnail","hentry","category-actualites","category-non-classe","category-societe","tag-accident","tag-breche","tag-saint-louis","entry","has-media","owp-thumbs-layout-horizontal","owp-btn-normal","owp-tabs-layout-horizontal","has-no-thumbnails","has-product-nav"],"yoast_head":"<!-- This site is optimized with the Yoast SEO plugin v25.5 - https:\/\/yoast.com\/wordpress\/plugins\/seo\/ -->\n<title>Saint Louis\u00a0: 5 disparus dans la br\u00e8che. - LE PUBLIC<\/title>\n<meta name=\"robots\" content=\"index, follow, max-snippet:-1, max-image-preview:large, max-video-preview:-1\" \/>\n<link rel=\"canonical\" href=\"https:\/\/www.public.sn\/index.php\/2022\/11\/09\/saint-louis-5-disparus-dans-la-breche\/\" \/>\n<meta property=\"og:locale\" content=\"fr_FR\" \/>\n<meta property=\"og:type\" content=\"article\" \/>\n<meta property=\"og:title\" content=\"Saint Louis\u00a0: 5 disparus dans la br\u00e8che. - LE PUBLIC\" \/>\n<meta property=\"og:description\" content=\"La br\u00e8che de Saint Louis vient de faire de nouvelles victimes. En effet 5 p\u00eacheurs de Ndar Toute ont \u00e9t\u00e9 port\u00e9s disparus apr\u00e8s le chavirement de leur pirogue au niveau de la br\u00e8che. Le propri\u00e9taire de la pirogue Omar a affirmait qu\u2019ils \u00e9taient 5 et que le mauvais temps serait \u00e0 l\u2019origine de l\u2019accident. Les recherches ont \u00e9t\u00e9 entrepris par les p\u00eacheurs de guet Ndar et la Marine Nationale mais aucun corps n\u2019a encore \u00e9t\u00e9 retrouv\u00e9. Leurs proches ne gardent pas espoir de revoir vivant leurs proches. La br\u00e8che \u00e0 fait plusieurs centaines de morts et le dragage est toujours r\u00e9clam\u00e9 par les p\u00eacheurs de la localit\u00e9. Et pourtant la M\u00e9t\u00e9o avait recommand\u00e9 aux p\u00eacheurs de ne pas aller en mer car le temps risquait d\u2019\u00eatre mauvais. Samba SY.\" \/>\n<meta property=\"og:url\" content=\"https:\/\/www.public.sn\/index.php\/2022\/11\/09\/saint-louis-5-disparus-dans-la-breche\/\" \/>\n<meta property=\"og:site_name\" content=\"LE PUBLIC\" \/>\n<meta property=\"article:published_time\" content=\"2022-11-09T08:41:59+00:00\" \/>\n<meta property=\"article:modified_time\" content=\"2022-11-09T08:42:00+00:00\" \/>\n<meta property=\"og:image\" content=\"https:\/\/www.public.sn\/wp-content\/uploads\/2022\/11\/breche.jpg\" \/>\n\t<meta property=\"og:image:width\" content=\"586\" \/>\n\t<meta property=\"og:image:height\" content=\"363\" \/>\n\t<meta property=\"og:image:type\" content=\"image\/jpeg\" \/>\n<meta name=\"author\" content=\"LA REDACTION\" \/>\n<meta name=\"twitter:card\" content=\"summary_large_image\" \/>\n<meta name=\"twitter:label1\" content=\"\u00c9crit par\" \/>\n\t<meta name=\"twitter:data1\" content=\"LA REDACTION\" \/>\n\t<meta name=\"twitter:label2\" content=\"Dur\u00e9e de lecture estim\u00e9e\" \/>\n\t<meta name=\"twitter:data2\" content=\"1 minute\" \/>\n<script type=\"application\/ld+json\" class=\"yoast-schema-graph\">{\"@context\":\"https:\/\/schema.org\",\"@graph\":[{\"@type\":\"Article\",\"@id\":\"https:\/\/www.public.sn\/index.php\/2022\/11\/09\/saint-louis-5-disparus-dans-la-breche\/#article\",\"isPartOf\":{\"@id\":\"https:\/\/www.public.sn\/index.php\/2022\/11\/09\/saint-louis-5-disparus-dans-la-breche\/\"},\"author\":{\"name\":\"LA REDACTION\",\"@id\":\"https:\/\/www.public.sn\/#\/schema\/person\/cb76c8e1b8becc6be61fb5e92d6d0224\"},\"headline\":\"Saint Louis\u00a0: 5 disparus dans la br\u00e8che.\",\"datePublished\":\"2022-11-09T08:41:59+00:00\",\"dateModified\":\"2022-11-09T08:42:00+00:00\",\"mainEntityOfPage\":{\"@id\":\"https:\/\/www.public.sn\/index.php\/2022\/11\/09\/saint-louis-5-disparus-dans-la-breche\/\"},\"wordCount\":150,\"commentCount\":0,\"publisher\":{\"@id\":\"https:\/\/www.public.sn\/#organization\"},\"image\":{\"@id\":\"https:\/\/www.public.sn\/index.php\/2022\/11\/09\/saint-louis-5-disparus-dans-la-breche\/#primaryimage\"},\"thumbnailUrl\":\"https:\/\/www.public.sn\/wp-content\/uploads\/2022\/11\/breche.jpg\",\"keywords\":[\"Accident\",\"breche\",\"Saint Louis\"],\"articleSection\":[\"ACTUALIT\u00c9S\",\"S\u00c9N\u00c9GAL\",\"SOCIETE\"],\"inLanguage\":\"fr-FR\",\"potentialAction\":[{\"@type\":\"CommentAction\",\"name\":\"Comment\",\"target\":[\"https:\/\/www.public.sn\/index.php\/2022\/11\/09\/saint-louis-5-disparus-dans-la-breche\/#respond\"]}]},{\"@type\":\"WebPage\",\"@id\":\"https:\/\/www.public.sn\/index.php\/2022\/11\/09\/saint-louis-5-disparus-dans-la-breche\/\",\"url\":\"https:\/\/www.public.sn\/index.php\/2022\/11\/09\/saint-louis-5-disparus-dans-la-breche\/\",\"name\":\"Saint Louis\u00a0: 5 disparus dans la br\u00e8che. - LE PUBLIC\",\"isPartOf\":{\"@id\":\"https:\/\/www.public.sn\/#website\"},\"primaryImageOfPage\":{\"@id\":\"https:\/\/www.public.sn\/index.php\/2022\/11\/09\/saint-louis-5-disparus-dans-la-breche\/#primaryimage\"},\"image\":{\"@id\":\"https:\/\/www.public.sn\/index.php\/2022\/11\/09\/saint-louis-5-disparus-dans-la-breche\/#primaryimage\"},\"thumbnailUrl\":\"https:\/\/www.public.sn\/wp-content\/uploads\/2022\/11\/breche.jpg\",\"datePublished\":\"2022-11-09T08:41:59+00:00\",\"dateModified\":\"2022-11-09T08:42:00+00:00\",\"breadcrumb\":{\"@id\":\"https:\/\/www.public.sn\/index.php\/2022\/11\/09\/saint-louis-5-disparus-dans-la-breche\/#breadcrumb\"},\"inLanguage\":\"fr-FR\",\"potentialAction\":[{\"@type\":\"ReadAction\",\"target\":[\"https:\/\/www.public.sn\/index.php\/2022\/11\/09\/saint-louis-5-disparus-dans-la-breche\/\"]}]},{\"@type\":\"ImageObject\",\"inLanguage\":\"fr-FR\",\"@id\":\"https:\/\/www.public.sn\/index.php\/2022\/11\/09\/saint-louis-5-disparus-dans-la-breche\/#primaryimage\",\"url\":\"https:\/\/www.public.sn\/wp-content\/uploads\/2022\/11\/breche.jpg\",\"contentUrl\":\"https:\/\/www.public.sn\/wp-content\/uploads\/2022\/11\/breche.jpg\",\"width\":586,\"height\":363,\"caption\":\"publicsn\"},{\"@type\":\"BreadcrumbList\",\"@id\":\"https:\/\/www.public.sn\/index.php\/2022\/11\/09\/saint-louis-5-disparus-dans-la-breche\/#breadcrumb\",\"itemListElement\":[{\"@type\":\"ListItem\",\"position\":1,\"name\":\"Accueil\",\"item\":\"https:\/\/www.public.sn\/\"},{\"@type\":\"ListItem\",\"position\":2,\"name\":\"Saint Louis\u00a0: 5 disparus dans la br\u00e8che.\"}]},{\"@type\":\"WebSite\",\"@id\":\"https:\/\/www.public.sn\/#website\",\"url\":\"https:\/\/www.public.sn\/\",\"name\":\"LE PUBLIC\",\"description\":\"\",\"publisher\":{\"@id\":\"https:\/\/www.public.sn\/#organization\"},\"potentialAction\":[{\"@type\":\"SearchAction\",\"target\":{\"@type\":\"EntryPoint\",\"urlTemplate\":\"https:\/\/www.public.sn\/?s={search_term_string}\"},\"query-input\":{\"@type\":\"PropertyValueSpecification\",\"valueRequired\":true,\"valueName\":\"search_term_string\"}}],\"inLanguage\":\"fr-FR\"},{\"@type\":\"Organization\",\"@id\":\"https:\/\/www.public.sn\/#organization\",\"name\":\"LE PUBLIC\",\"url\":\"https:\/\/www.public.sn\/\",\"logo\":{\"@type\":\"ImageObject\",\"inLanguage\":\"fr-FR\",\"@id\":\"https:\/\/www.public.sn\/#\/schema\/logo\/image\/\",\"url\":\"https:\/\/www.public.sn\/wp-content\/uploads\/2024\/05\/cropped-LOGO-PUBLIC.SN_.png\",\"contentUrl\":\"https:\/\/www.public.sn\/wp-content\/uploads\/2024\/05\/cropped-LOGO-PUBLIC.SN_.png\",\"width\":682,\"height\":192,\"caption\":\"LE PUBLIC\"},\"image\":{\"@id\":\"https:\/\/www.public.sn\/#\/schema\/logo\/image\/\"}},{\"@type\":\"Person\",\"@id\":\"https:\/\/www.public.sn\/#\/schema\/person\/cb76c8e1b8becc6be61fb5e92d6d0224\",\"name\":\"LA REDACTION\",\"image\":{\"@type\":\"ImageObject\",\"inLanguage\":\"fr-FR\",\"@id\":\"https:\/\/www.public.sn\/#\/schema\/person\/image\/\",\"url\":\"https:\/\/secure.gravatar.com\/avatar\/2dce5ddd34b8fef0180efe03aa2a9bee7d953856048f9a16b298190a3178407c?s=96&d=mm&r=g\",\"contentUrl\":\"https:\/\/secure.gravatar.com\/avatar\/2dce5ddd34b8fef0180efe03aa2a9bee7d953856048f9a16b298190a3178407c?s=96&d=mm&r=g\",\"caption\":\"LA REDACTION\"},\"url\":\"https:\/\/www.public.sn\/index.php\/author\/editeurpsn\/\"}]}<\/script>\n<!-- \/ Yoast SEO plugin. -->","yoast_head_json":{"title":"Saint Louis\u00a0: 5 disparus dans la br\u00e8che. - LE PUBLIC","robots":{"index":"index","follow":"follow","max-snippet":"max-snippet:-1","max-image-preview":"max-image-preview:large","max-video-preview":"max-video-preview:-1"},"canonical":"https:\/\/www.public.sn\/index.php\/2022\/11\/09\/saint-louis-5-disparus-dans-la-breche\/","og_locale":"fr_FR","og_type":"article","og_title":"Saint Louis\u00a0: 5 disparus dans la br\u00e8che. - LE PUBLIC","og_description":"La br\u00e8che de Saint Louis vient de faire de nouvelles victimes. En effet 5 p\u00eacheurs de Ndar Toute ont \u00e9t\u00e9 port\u00e9s disparus apr\u00e8s le chavirement de leur pirogue au niveau de la br\u00e8che. Le propri\u00e9taire de la pirogue Omar a affirmait qu\u2019ils \u00e9taient 5 et que le mauvais temps serait \u00e0 l\u2019origine de l\u2019accident. Les recherches ont \u00e9t\u00e9 entrepris par les p\u00eacheurs de guet Ndar et la Marine Nationale mais aucun corps n\u2019a encore \u00e9t\u00e9 retrouv\u00e9. Leurs proches ne gardent pas espoir de revoir vivant leurs proches. La br\u00e8che \u00e0 fait plusieurs centaines de morts et le dragage est toujours r\u00e9clam\u00e9 par les p\u00eacheurs de la localit\u00e9. Et pourtant la M\u00e9t\u00e9o avait recommand\u00e9 aux p\u00eacheurs de ne pas aller en mer car le temps risquait d\u2019\u00eatre mauvais. Samba SY.","og_url":"https:\/\/www.public.sn\/index.php\/2022\/11\/09\/saint-louis-5-disparus-dans-la-breche\/","og_site_name":"LE PUBLIC","article_published_time":"2022-11-09T08:41:59+00:00","article_modified_time":"2022-11-09T08:42:00+00:00","og_image":[{"width":586,"height":363,"url":"https:\/\/www.public.sn\/wp-content\/uploads\/2022\/11\/breche.jpg","type":"image\/jpeg"}],"author":"LA REDACTION","twitter_card":"summary_large_image","twitter_misc":{"\u00c9crit par":"LA REDACTION","Dur\u00e9e de lecture estim\u00e9e":"1 minute"},"schema":{"@context":"https:\/\/schema.org","@graph":[{"@type":"Article","@id":"https:\/\/www.public.sn\/index.php\/2022\/11\/09\/saint-louis-5-disparus-dans-la-breche\/#article","isPartOf":{"@id":"https:\/\/www.public.sn\/index.php\/2022\/11\/09\/saint-louis-5-disparus-dans-la-breche\/"},"author":{"name":"LA REDACTION","@id":"https:\/\/www.public.sn\/#\/schema\/person\/cb76c8e1b8becc6be61fb5e92d6d0224"},"headline":"Saint Louis\u00a0: 5 disparus dans la br\u00e8che.","datePublished":"2022-11-09T08:41:59+00:00","dateModified":"2022-11-09T08:42:00+00:00","mainEntityOfPage":{"@id":"https:\/\/www.public.sn\/index.php\/2022\/11\/09\/saint-louis-5-disparus-dans-la-breche\/"},"wordCount":150,"commentCount":0,"publisher":{"@id":"https:\/\/www.public.sn\/#organization"},"image":{"@id":"https:\/\/www.public.sn\/index.php\/2022\/11\/09\/saint-louis-5-disparus-dans-la-breche\/#primaryimage"},"thumbnailUrl":"https:\/\/www.public.sn\/wp-content\/uploads\/2022\/11\/breche.jpg","keywords":["Accident","breche","Saint Louis"],"articleSection":["ACTUALIT\u00c9S","S\u00c9N\u00c9GAL","SOCIETE"],"inLanguage":"fr-FR","potentialAction":[{"@type":"CommentAction","name":"Comment","target":["https:\/\/www.public.sn\/index.php\/2022\/11\/09\/saint-louis-5-disparus-dans-la-breche\/#respond"]}]},{"@type":"WebPage","@id":"https:\/\/www.public.sn\/index.php\/2022\/11\/09\/saint-louis-5-disparus-dans-la-breche\/","url":"https:\/\/www.public.sn\/index.php\/2022\/11\/09\/saint-louis-5-disparus-dans-la-breche\/","name":"Saint Louis\u00a0: 5 disparus dans la br\u00e8che. - LE PUBLIC","isPartOf":{"@id":"https:\/\/www.public.sn\/#website"},"primaryImageOfPage":{"@id":"https:\/\/www.public.sn\/index.php\/2022\/11\/09\/saint-louis-5-disparus-dans-la-breche\/#primaryimage"},"image":{"@id":"https:\/\/www.public.sn\/index.php\/2022\/11\/09\/saint-louis-5-disparus-dans-la-breche\/#primaryimage"},"thumbnailUrl":"https:\/\/www.public.sn\/wp-content\/uploads\/2022\/11\/breche.jpg","datePublished":"2022-11-09T08:41:59+00:00","dateModified":"2022-11-09T08:42:00+00:00","breadcrumb":{"@id":"https:\/\/www.public.sn\/index.php\/2022\/11\/09\/saint-louis-5-disparus-dans-la-breche\/#breadcrumb"},"inLanguage":"fr-FR","potentialAction":[{"@type":"ReadAction","target":["https:\/\/www.public.sn\/index.php\/2022\/11\/09\/saint-louis-5-disparus-dans-la-breche\/"]}]},{"@type":"ImageObject","inLanguage":"fr-FR","@id":"https:\/\/www.public.sn\/index.php\/2022\/11\/09\/saint-louis-5-disparus-dans-la-breche\/#primaryimage","url":"https:\/\/www.public.sn\/wp-content\/uploads\/2022\/11\/breche.jpg","contentUrl":"https:\/\/www.public.sn\/wp-content\/uploads\/2022\/11\/breche.jpg","width":586,"height":363,"caption":"publicsn"},{"@type":"BreadcrumbList","@id":"https:\/\/www.public.sn\/index.php\/2022\/11\/09\/saint-louis-5-disparus-dans-la-breche\/#breadcrumb","itemListElement":[{"@type":"ListItem","position":1,"name":"Accueil","item":"https:\/\/www.public.sn\/"},{"@type":"ListItem","position":2,"name":"Saint Louis\u00a0: 5 disparus dans la br\u00e8che."}]},{"@type":"WebSite","@id":"https:\/\/www.public.sn\/#website","url":"https:\/\/www.public.sn\/","name":"LE PUBLIC","description":"","publisher":{"@id":"https:\/\/www.public.sn\/#organization"},"potentialAction":[{"@type":"SearchAction","target":{"@type":"EntryPoint","urlTemplate":"https:\/\/www.public.sn\/?s={search_term_string}"},"query-input":{"@type":"PropertyValueSpecification","valueRequired":true,"valueName":"search_term_string"}}],"inLanguage":"fr-FR"},{"@type":"Organization","@id":"https:\/\/www.public.sn\/#organization","name":"LE PUBLIC","url":"https:\/\/www.public.sn\/","logo":{"@type":"ImageObject","inLanguage":"fr-FR","@id":"https:\/\/www.public.sn\/#\/schema\/logo\/image\/","url":"https:\/\/www.public.sn\/wp-content\/uploads\/2024\/05\/cropped-LOGO-PUBLIC.SN_.png","contentUrl":"https:\/\/www.public.sn\/wp-content\/uploads\/2024\/05\/cropped-LOGO-PUBLIC.SN_.png","width":682,"height":192,"caption":"LE PUBLIC"},"image":{"@id":"https:\/\/www.public.sn\/#\/schema\/logo\/image\/"}},{"@type":"Person","@id":"https:\/\/www.public.sn\/#\/schema\/person\/cb76c8e1b8becc6be61fb5e92d6d0224","name":"LA REDACTION","image":{"@type":"ImageObject","inLanguage":"fr-FR","@id":"https:\/\/www.public.sn\/#\/schema\/person\/image\/","url":"https:\/\/secure.gravatar.com\/avatar\/2dce5ddd34b8fef0180efe03aa2a9bee7d953856048f9a16b298190a3178407c?s=96&d=mm&r=g","contentUrl":"https:\/\/secure.gravatar.com\/avatar\/2dce5ddd34b8fef0180efe03aa2a9bee7d953856048f9a16b298190a3178407c?s=96&d=mm&r=g","caption":"LA REDACTION"},"url":"https:\/\/www.public.sn\/index.php\/author\/editeurpsn\/"}]}},"jetpack_featured_media_url":"https:\/\/www.public.sn\/wp-content\/uploads\/2022\/11\/breche.jpg","jetpack_sharing_enabled":true,"_links":{"self":[{"href":"https:\/\/www.public.sn\/index.php\/wp-json\/wp\/v2\/posts\/7642","targetHints":{"allow":["GET"]}}],"collection":[{"href":"https:\/\/www.public.sn\/index.php\/wp-json\/wp\/v2\/posts"}],"about":[{"href":"https:\/\/www.public.sn\/index.php\/wp-json\/wp\/v2\/types\/post"}],"author":[{"embeddable":true,"href":"https:\/\/www.public.sn\/index.php\/wp-json\/wp\/v2\/users\/7"}],"replies":[{"embeddable":true,"href":"https:\/\/www.public.sn\/index.php\/wp-json\/wp\/v2\/comments?post=7642"}],"version-history":[{"count":1,"href":"https:\/\/www.public.sn\/index.php\/wp-json\/wp\/v2\/posts\/7642\/revisions"}],"predecessor-version":[{"id":7644,"href":"https:\/\/www.public.sn\/index.php\/wp-json\/wp\/v2\/posts\/7642\/revisions\/7644"}],"wp:featuredmedia":[{"embeddable":true,"href":"https:\/\/www.public.sn\/index.php\/wp-json\/wp\/v2\/media\/7643"}],"wp:attachment":[{"href":"https:\/\/www.public.sn\/index.php\/wp-json\/wp\/v2\/media?parent=7642"}],"wp:term":[{"taxonomy":"category","embeddable":true,"href":"https:\/\/www.public.sn\/index.php\/wp-json\/wp\/v2\/categories?post=7642"},{"taxonomy":"post_tag","embeddable":true,"href":"https:\/\/www.public.sn\/index.php\/wp-json\/wp\/v2\/tags?post=7642"}],"curies":[{"name":"wp","href":"https:\/\/api.w.org\/{rel}","templated":true}]}}