{"id":7660,"date":"2022-11-09T10:27:16","date_gmt":"2022-11-09T10:27:16","guid":{"rendered":"https:\/\/www.public.sn\/?p=7660"},"modified":"2022-11-09T10:28:16","modified_gmt":"2022-11-09T10:28:16","slug":"derniere-minute-coup-dur-pour-le-senegal-sadio-mane-forfait-pour-la-coupe-du-monde","status":"publish","type":"post","link":"https:\/\/www.public.sn\/index.php\/2022\/11\/09\/derniere-minute-coup-dur-pour-le-senegal-sadio-mane-forfait-pour-la-coupe-du-monde\/","title":{"rendered":"Derni\u00e8re minute : Coup dur pour le S\u00e9n\u00e9gal, Sadio Man\u00e9 forfait pour la Coupe du monde"},"content":{"rendered":"<p><strong>Catastrophique! Sadio Man\u00e9 ne disputera pas la Coupe du monde (20 novembre \u2013 18 d\u00e9cembre) au Qatar. En tout cas, a en croire les le journal fran\u00e7ais L\u2019Equipe, l&rsquo;enfant de Bambaly est forfait pour la coupe du monde.<\/strong><\/p><div class=\"publi-paragraphe1\" style=\"margin-top: 10px;margin-bottom: 10px;margin-left: auto;margin-right: auto;text-align: center;\" id=\"publi-3149115534\"><div class=\"publi-adlabel\">Publicit\u00e9<\/div><script async src=\"\/\/pagead2.googlesyndication.com\/pagead\/js\/adsbygoogle.js?client=ca-pub-4089586018074219\" crossorigin=\"anonymous\"><\/script><ins class=\"adsbygoogle\" style=\"display:block;\" data-ad-client=\"ca-pub-4089586018074219\" \ndata-ad-slot=\"2087940154\" \ndata-ad-format=\"auto\"><\/ins>\n<script> \n(adsbygoogle = window.adsbygoogle || []).push({}); \n<\/script>\n<\/div>\n<p>Un v\u00e9ritable coup dur. Sorti sur blessure lors de la victoire du Bayern Munich face au Werder Br\u00eame (6-1) mardi soir, le S\u00e9n\u00e9galais Sadio Man\u00e9 ne disputera pas la Coupe du monde. Apr\u00e8s la victoire du Bayern Munich face \u00e0 Br\u00eame mardi soir (6-1), le milieu offensif se voulait pourtant rassurant, malgr\u00e9 sa sortie sur blessure. L\u2019ensemble du staff bavarois \u00e9voquait de son c\u00f4t\u00e9 un simple coup re\u00e7u.<\/p>\n<p>L\u2019ancien joueur de Liverpool souffre en r\u00e9alit\u00e9 d\u2019un tendon et devrait manquer plusieurs semaines de comp\u00e9tition. Le s\u00e9lectionneur du S\u00e9n\u00e9gal Aliou Ciss\u00e9 doit annoncer sa liste de joueurs qui iront au Qatar vendredi.<\/p>\n<div class=\"publi-apres-le-contenu\" style=\"margin-top: 10px;margin-bottom: 10px;margin-left: auto;margin-right: auto;text-align: center;\" id=\"publi-540659983\"><div class=\"publi-adlabel\">Publicit\u00e9<\/div><script async src=\"\/\/pagead2.googlesyndication.com\/pagead\/js\/adsbygoogle.js?client=ca-pub-4089586018074219\" crossorigin=\"anonymous\"><\/script><ins class=\"adsbygoogle\" style=\"display:block;\" data-ad-client=\"ca-pub-4089586018074219\" \ndata-ad-slot=\"2087940154\" \ndata-ad-format=\"auto\"><\/ins>\n<script> \n(adsbygoogle = window.adsbygoogle || []).push({}); \n<\/script>\n<\/div>","protected":false},"excerpt":{"rendered":"<p>Catastrophique! Sadio Man\u00e9 ne disputera pas la Coupe du monde (20 novembre \u2013 18 d\u00e9cembre) au Qatar. En tout cas, a en croire les le journal fran\u00e7ais L\u2019Equipe, l&rsquo;enfant de Bambaly est forfait pour la coupe du monde. Un v\u00e9ritable coup dur. Sorti sur blessure lors de la victoire du Bayern Munich face au Werder Br\u00eame (6-1) mardi soir, le S\u00e9n\u00e9galais Sadio Man\u00e9 ne disputera pas la Coupe du monde. Apr\u00e8s la victoire du Bayern Munich face \u00e0 Br\u00eame mardi soir (6-1), le milieu offensif se voulait pourtant rassurant, malgr\u00e9 sa sortie sur blessure. L\u2019ensemble du staff bavarois \u00e9voquait de son c\u00f4t\u00e9 un simple coup re\u00e7u. L\u2019ancien joueur de Liverpool souffre en r\u00e9alit\u00e9 d\u2019un tendon et devrait manquer plusieurs semaines de comp\u00e9tition. Le s\u00e9lectionneur du S\u00e9n\u00e9gal Aliou Ciss\u00e9 doit annoncer sa liste de joueurs qui iront au Qatar vendredi.<\/p>\n","protected":false},"author":1,"featured_media":7661,"comment_status":"open","ping_status":"open","sticky":false,"template":"","format":"standard","meta":{"_jetpack_memberships_contains_paid_content":false,"footnotes":""},"categories":[375,550,1,7,372],"tags":[2052,1725,47],"class_list":["post-7660","post","type-post","status-publish","format-standard","has-post-thumbnail","hentry","category-actualites","category-afrique-monde","category-non-classe","category-sport","category-vedette","tag-forfait","tag-mondial","tag-sadio-mane","entry","has-media","owp-thumbs-layout-horizontal","owp-btn-normal","owp-tabs-layout-horizontal","has-no-thumbnails","has-product-nav"],"yoast_head":"<!-- This site is optimized with the Yoast SEO plugin v25.5 - https:\/\/yoast.com\/wordpress\/plugins\/seo\/ -->\n<title>Derni\u00e8re minute : Coup dur pour le S\u00e9n\u00e9gal, Sadio Man\u00e9 forfait pour la Coupe du monde - LE PUBLIC<\/title>\n<meta name=\"robots\" content=\"index, follow, max-snippet:-1, max-image-preview:large, max-video-preview:-1\" \/>\n<link rel=\"canonical\" href=\"https:\/\/www.public.sn\/index.php\/2022\/11\/09\/derniere-minute-coup-dur-pour-le-senegal-sadio-mane-forfait-pour-la-coupe-du-monde\/\" \/>\n<meta property=\"og:locale\" content=\"fr_FR\" \/>\n<meta property=\"og:type\" content=\"article\" \/>\n<meta property=\"og:title\" content=\"Derni\u00e8re minute : Coup dur pour le S\u00e9n\u00e9gal, Sadio Man\u00e9 forfait pour la Coupe du monde - LE PUBLIC\" \/>\n<meta property=\"og:description\" content=\"Catastrophique! Sadio Man\u00e9 ne disputera pas la Coupe du monde (20 novembre \u2013 18 d\u00e9cembre) au Qatar. En tout cas, a en croire les le journal fran\u00e7ais L\u2019Equipe, l&rsquo;enfant de Bambaly est forfait pour la coupe du monde. Un v\u00e9ritable coup dur. Sorti sur blessure lors de la victoire du Bayern Munich face au Werder Br\u00eame (6-1) mardi soir, le S\u00e9n\u00e9galais Sadio Man\u00e9 ne disputera pas la Coupe du monde. Apr\u00e8s la victoire du Bayern Munich face \u00e0 Br\u00eame mardi soir (6-1), le milieu offensif se voulait pourtant rassurant, malgr\u00e9 sa sortie sur blessure. L\u2019ensemble du staff bavarois \u00e9voquait de son c\u00f4t\u00e9 un simple coup re\u00e7u. L\u2019ancien joueur de Liverpool souffre en r\u00e9alit\u00e9 d\u2019un tendon et devrait manquer plusieurs semaines de comp\u00e9tition. Le s\u00e9lectionneur du S\u00e9n\u00e9gal Aliou Ciss\u00e9 doit annoncer sa liste de joueurs qui iront au Qatar vendredi.\" \/>\n<meta property=\"og:url\" content=\"https:\/\/www.public.sn\/index.php\/2022\/11\/09\/derniere-minute-coup-dur-pour-le-senegal-sadio-mane-forfait-pour-la-coupe-du-monde\/\" \/>\n<meta property=\"og:site_name\" content=\"LE PUBLIC\" \/>\n<meta property=\"article:published_time\" content=\"2022-11-09T10:27:16+00:00\" \/>\n<meta property=\"article:modified_time\" content=\"2022-11-09T10:28:16+00:00\" \/>\n<meta property=\"og:image\" content=\"https:\/\/www.public.sn\/wp-content\/uploads\/2022\/11\/Sadio-Mane-2.jpg\" \/>\n\t<meta property=\"og:image:width\" content=\"1000\" \/>\n\t<meta property=\"og:image:height\" content=\"667\" \/>\n\t<meta property=\"og:image:type\" content=\"image\/jpeg\" \/>\n<meta name=\"author\" content=\"LA REDACTION\" \/>\n<meta name=\"twitter:card\" content=\"summary_large_image\" \/>\n<meta name=\"twitter:label1\" content=\"\u00c9crit par\" \/>\n\t<meta name=\"twitter:data1\" content=\"LA REDACTION\" \/>\n\t<meta name=\"twitter:label2\" content=\"Dur\u00e9e de lecture estim\u00e9e\" \/>\n\t<meta name=\"twitter:data2\" content=\"1 minute\" \/>\n<script type=\"application\/ld+json\" class=\"yoast-schema-graph\">{\"@context\":\"https:\/\/schema.org\",\"@graph\":[{\"@type\":\"Article\",\"@id\":\"https:\/\/www.public.sn\/index.php\/2022\/11\/09\/derniere-minute-coup-dur-pour-le-senegal-sadio-mane-forfait-pour-la-coupe-du-monde\/#article\",\"isPartOf\":{\"@id\":\"https:\/\/www.public.sn\/index.php\/2022\/11\/09\/derniere-minute-coup-dur-pour-le-senegal-sadio-mane-forfait-pour-la-coupe-du-monde\/\"},\"author\":{\"name\":\"LA REDACTION\",\"@id\":\"https:\/\/www.public.sn\/#\/schema\/person\/e3f4a11b037d4203902db148f9bc8d5a\"},\"headline\":\"Derni\u00e8re minute : Coup dur pour le S\u00e9n\u00e9gal, Sadio Man\u00e9 forfait pour la Coupe du monde\",\"datePublished\":\"2022-11-09T10:27:16+00:00\",\"dateModified\":\"2022-11-09T10:28:16+00:00\",\"mainEntityOfPage\":{\"@id\":\"https:\/\/www.public.sn\/index.php\/2022\/11\/09\/derniere-minute-coup-dur-pour-le-senegal-sadio-mane-forfait-pour-la-coupe-du-monde\/\"},\"wordCount\":172,\"commentCount\":0,\"publisher\":{\"@id\":\"https:\/\/www.public.sn\/#organization\"},\"image\":{\"@id\":\"https:\/\/www.public.sn\/index.php\/2022\/11\/09\/derniere-minute-coup-dur-pour-le-senegal-sadio-mane-forfait-pour-la-coupe-du-monde\/#primaryimage\"},\"thumbnailUrl\":\"https:\/\/www.public.sn\/wp-content\/uploads\/2022\/11\/Sadio-Mane-2.jpg\",\"keywords\":[\"forfait\",\"mondial\",\"Sadio Man\u00e9\"],\"articleSection\":[\"ACTUALIT\u00c9S\",\"AFRIQUE &amp; MONDE\",\"S\u00c9N\u00c9GAL\",\"SPORTS\",\"VEDETTE\"],\"inLanguage\":\"fr-FR\",\"potentialAction\":[{\"@type\":\"CommentAction\",\"name\":\"Comment\",\"target\":[\"https:\/\/www.public.sn\/index.php\/2022\/11\/09\/derniere-minute-coup-dur-pour-le-senegal-sadio-mane-forfait-pour-la-coupe-du-monde\/#respond\"]}]},{\"@type\":\"WebPage\",\"@id\":\"https:\/\/www.public.sn\/index.php\/2022\/11\/09\/derniere-minute-coup-dur-pour-le-senegal-sadio-mane-forfait-pour-la-coupe-du-monde\/\",\"url\":\"https:\/\/www.public.sn\/index.php\/2022\/11\/09\/derniere-minute-coup-dur-pour-le-senegal-sadio-mane-forfait-pour-la-coupe-du-monde\/\",\"name\":\"Derni\u00e8re minute : Coup dur pour le S\u00e9n\u00e9gal, Sadio Man\u00e9 forfait pour la Coupe du monde - LE PUBLIC\",\"isPartOf\":{\"@id\":\"https:\/\/www.public.sn\/#website\"},\"primaryImageOfPage\":{\"@id\":\"https:\/\/www.public.sn\/index.php\/2022\/11\/09\/derniere-minute-coup-dur-pour-le-senegal-sadio-mane-forfait-pour-la-coupe-du-monde\/#primaryimage\"},\"image\":{\"@id\":\"https:\/\/www.public.sn\/index.php\/2022\/11\/09\/derniere-minute-coup-dur-pour-le-senegal-sadio-mane-forfait-pour-la-coupe-du-monde\/#primaryimage\"},\"thumbnailUrl\":\"https:\/\/www.public.sn\/wp-content\/uploads\/2022\/11\/Sadio-Mane-2.jpg\",\"datePublished\":\"2022-11-09T10:27:16+00:00\",\"dateModified\":\"2022-11-09T10:28:16+00:00\",\"breadcrumb\":{\"@id\":\"https:\/\/www.public.sn\/index.php\/2022\/11\/09\/derniere-minute-coup-dur-pour-le-senegal-sadio-mane-forfait-pour-la-coupe-du-monde\/#breadcrumb\"},\"inLanguage\":\"fr-FR\",\"potentialAction\":[{\"@type\":\"ReadAction\",\"target\":[\"https:\/\/www.public.sn\/index.php\/2022\/11\/09\/derniere-minute-coup-dur-pour-le-senegal-sadio-mane-forfait-pour-la-coupe-du-monde\/\"]}]},{\"@type\":\"ImageObject\",\"inLanguage\":\"fr-FR\",\"@id\":\"https:\/\/www.public.sn\/index.php\/2022\/11\/09\/derniere-minute-coup-dur-pour-le-senegal-sadio-mane-forfait-pour-la-coupe-du-monde\/#primaryimage\",\"url\":\"https:\/\/www.public.sn\/wp-content\/uploads\/2022\/11\/Sadio-Mane-2.jpg\",\"contentUrl\":\"https:\/\/www.public.sn\/wp-content\/uploads\/2022\/11\/Sadio-Mane-2.jpg\",\"width\":1000,\"height\":667},{\"@type\":\"BreadcrumbList\",\"@id\":\"https:\/\/www.public.sn\/index.php\/2022\/11\/09\/derniere-minute-coup-dur-pour-le-senegal-sadio-mane-forfait-pour-la-coupe-du-monde\/#breadcrumb\",\"itemListElement\":[{\"@type\":\"ListItem\",\"position\":1,\"name\":\"Accueil\",\"item\":\"https:\/\/www.public.sn\/\"},{\"@type\":\"ListItem\",\"position\":2,\"name\":\"Derni\u00e8re minute : Coup dur pour le S\u00e9n\u00e9gal, Sadio Man\u00e9 forfait pour la Coupe du monde\"}]},{\"@type\":\"WebSite\",\"@id\":\"https:\/\/www.public.sn\/#website\",\"url\":\"https:\/\/www.public.sn\/\",\"name\":\"LE PUBLIC\",\"description\":\"\",\"publisher\":{\"@id\":\"https:\/\/www.public.sn\/#organization\"},\"potentialAction\":[{\"@type\":\"SearchAction\",\"target\":{\"@type\":\"EntryPoint\",\"urlTemplate\":\"https:\/\/www.public.sn\/?s={search_term_string}\"},\"query-input\":{\"@type\":\"PropertyValueSpecification\",\"valueRequired\":true,\"valueName\":\"search_term_string\"}}],\"inLanguage\":\"fr-FR\"},{\"@type\":\"Organization\",\"@id\":\"https:\/\/www.public.sn\/#organization\",\"name\":\"LE PUBLIC\",\"url\":\"https:\/\/www.public.sn\/\",\"logo\":{\"@type\":\"ImageObject\",\"inLanguage\":\"fr-FR\",\"@id\":\"https:\/\/www.public.sn\/#\/schema\/logo\/image\/\",\"url\":\"https:\/\/www.public.sn\/wp-content\/uploads\/2024\/05\/cropped-LOGO-PUBLIC.SN_.png\",\"contentUrl\":\"https:\/\/www.public.sn\/wp-content\/uploads\/2024\/05\/cropped-LOGO-PUBLIC.SN_.png\",\"width\":682,\"height\":192,\"caption\":\"LE PUBLIC\"},\"image\":{\"@id\":\"https:\/\/www.public.sn\/#\/schema\/logo\/image\/\"}},{\"@type\":\"Person\",\"@id\":\"https:\/\/www.public.sn\/#\/schema\/person\/e3f4a11b037d4203902db148f9bc8d5a\",\"name\":\"LA REDACTION\",\"image\":{\"@type\":\"ImageObject\",\"inLanguage\":\"fr-FR\",\"@id\":\"https:\/\/www.public.sn\/#\/schema\/person\/image\/\",\"url\":\"https:\/\/secure.gravatar.com\/avatar\/d6c030db45db2883c075085c5d6c6258654a801a93766b49af0b82d4f454e2a5?s=96&d=mm&r=g\",\"contentUrl\":\"https:\/\/secure.gravatar.com\/avatar\/d6c030db45db2883c075085c5d6c6258654a801a93766b49af0b82d4f454e2a5?s=96&d=mm&r=g\",\"caption\":\"LA REDACTION\"},\"sameAs\":[\"http:\/\/www.public.sn\"],\"url\":\"https:\/\/www.public.sn\/index.php\/author\/admin7324\/\"}]}<\/script>\n<!-- \/ Yoast SEO plugin. -->","yoast_head_json":{"title":"Derni\u00e8re minute : Coup dur pour le S\u00e9n\u00e9gal, Sadio Man\u00e9 forfait pour la Coupe du monde - LE PUBLIC","robots":{"index":"index","follow":"follow","max-snippet":"max-snippet:-1","max-image-preview":"max-image-preview:large","max-video-preview":"max-video-preview:-1"},"canonical":"https:\/\/www.public.sn\/index.php\/2022\/11\/09\/derniere-minute-coup-dur-pour-le-senegal-sadio-mane-forfait-pour-la-coupe-du-monde\/","og_locale":"fr_FR","og_type":"article","og_title":"Derni\u00e8re minute : Coup dur pour le S\u00e9n\u00e9gal, Sadio Man\u00e9 forfait pour la Coupe du monde - LE PUBLIC","og_description":"Catastrophique! Sadio Man\u00e9 ne disputera pas la Coupe du monde (20 novembre \u2013 18 d\u00e9cembre) au Qatar. En tout cas, a en croire les le journal fran\u00e7ais L\u2019Equipe, l&rsquo;enfant de Bambaly est forfait pour la coupe du monde. Un v\u00e9ritable coup dur. Sorti sur blessure lors de la victoire du Bayern Munich face au Werder Br\u00eame (6-1) mardi soir, le S\u00e9n\u00e9galais Sadio Man\u00e9 ne disputera pas la Coupe du monde. Apr\u00e8s la victoire du Bayern Munich face \u00e0 Br\u00eame mardi soir (6-1), le milieu offensif se voulait pourtant rassurant, malgr\u00e9 sa sortie sur blessure. L\u2019ensemble du staff bavarois \u00e9voquait de son c\u00f4t\u00e9 un simple coup re\u00e7u. L\u2019ancien joueur de Liverpool souffre en r\u00e9alit\u00e9 d\u2019un tendon et devrait manquer plusieurs semaines de comp\u00e9tition. Le s\u00e9lectionneur du S\u00e9n\u00e9gal Aliou Ciss\u00e9 doit annoncer sa liste de joueurs qui iront au Qatar vendredi.","og_url":"https:\/\/www.public.sn\/index.php\/2022\/11\/09\/derniere-minute-coup-dur-pour-le-senegal-sadio-mane-forfait-pour-la-coupe-du-monde\/","og_site_name":"LE PUBLIC","article_published_time":"2022-11-09T10:27:16+00:00","article_modified_time":"2022-11-09T10:28:16+00:00","og_image":[{"width":1000,"height":667,"url":"https:\/\/www.public.sn\/wp-content\/uploads\/2022\/11\/Sadio-Mane-2.jpg","type":"image\/jpeg"}],"author":"LA REDACTION","twitter_card":"summary_large_image","twitter_misc":{"\u00c9crit par":"LA REDACTION","Dur\u00e9e de lecture estim\u00e9e":"1 minute"},"schema":{"@context":"https:\/\/schema.org","@graph":[{"@type":"Article","@id":"https:\/\/www.public.sn\/index.php\/2022\/11\/09\/derniere-minute-coup-dur-pour-le-senegal-sadio-mane-forfait-pour-la-coupe-du-monde\/#article","isPartOf":{"@id":"https:\/\/www.public.sn\/index.php\/2022\/11\/09\/derniere-minute-coup-dur-pour-le-senegal-sadio-mane-forfait-pour-la-coupe-du-monde\/"},"author":{"name":"LA REDACTION","@id":"https:\/\/www.public.sn\/#\/schema\/person\/e3f4a11b037d4203902db148f9bc8d5a"},"headline":"Derni\u00e8re minute : Coup dur pour le S\u00e9n\u00e9gal, Sadio Man\u00e9 forfait pour la Coupe du monde","datePublished":"2022-11-09T10:27:16+00:00","dateModified":"2022-11-09T10:28:16+00:00","mainEntityOfPage":{"@id":"https:\/\/www.public.sn\/index.php\/2022\/11\/09\/derniere-minute-coup-dur-pour-le-senegal-sadio-mane-forfait-pour-la-coupe-du-monde\/"},"wordCount":172,"commentCount":0,"publisher":{"@id":"https:\/\/www.public.sn\/#organization"},"image":{"@id":"https:\/\/www.public.sn\/index.php\/2022\/11\/09\/derniere-minute-coup-dur-pour-le-senegal-sadio-mane-forfait-pour-la-coupe-du-monde\/#primaryimage"},"thumbnailUrl":"https:\/\/www.public.sn\/wp-content\/uploads\/2022\/11\/Sadio-Mane-2.jpg","keywords":["forfait","mondial","Sadio Man\u00e9"],"articleSection":["ACTUALIT\u00c9S","AFRIQUE &amp; MONDE","S\u00c9N\u00c9GAL","SPORTS","VEDETTE"],"inLanguage":"fr-FR","potentialAction":[{"@type":"CommentAction","name":"Comment","target":["https:\/\/www.public.sn\/index.php\/2022\/11\/09\/derniere-minute-coup-dur-pour-le-senegal-sadio-mane-forfait-pour-la-coupe-du-monde\/#respond"]}]},{"@type":"WebPage","@id":"https:\/\/www.public.sn\/index.php\/2022\/11\/09\/derniere-minute-coup-dur-pour-le-senegal-sadio-mane-forfait-pour-la-coupe-du-monde\/","url":"https:\/\/www.public.sn\/index.php\/2022\/11\/09\/derniere-minute-coup-dur-pour-le-senegal-sadio-mane-forfait-pour-la-coupe-du-monde\/","name":"Derni\u00e8re minute : Coup dur pour le S\u00e9n\u00e9gal, Sadio Man\u00e9 forfait pour la Coupe du monde - LE PUBLIC","isPartOf":{"@id":"https:\/\/www.public.sn\/#website"},"primaryImageOfPage":{"@id":"https:\/\/www.public.sn\/index.php\/2022\/11\/09\/derniere-minute-coup-dur-pour-le-senegal-sadio-mane-forfait-pour-la-coupe-du-monde\/#primaryimage"},"image":{"@id":"https:\/\/www.public.sn\/index.php\/2022\/11\/09\/derniere-minute-coup-dur-pour-le-senegal-sadio-mane-forfait-pour-la-coupe-du-monde\/#primaryimage"},"thumbnailUrl":"https:\/\/www.public.sn\/wp-content\/uploads\/2022\/11\/Sadio-Mane-2.jpg","datePublished":"2022-11-09T10:27:16+00:00","dateModified":"2022-11-09T10:28:16+00:00","breadcrumb":{"@id":"https:\/\/www.public.sn\/index.php\/2022\/11\/09\/derniere-minute-coup-dur-pour-le-senegal-sadio-mane-forfait-pour-la-coupe-du-monde\/#breadcrumb"},"inLanguage":"fr-FR","potentialAction":[{"@type":"ReadAction","target":["https:\/\/www.public.sn\/index.php\/2022\/11\/09\/derniere-minute-coup-dur-pour-le-senegal-sadio-mane-forfait-pour-la-coupe-du-monde\/"]}]},{"@type":"ImageObject","inLanguage":"fr-FR","@id":"https:\/\/www.public.sn\/index.php\/2022\/11\/09\/derniere-minute-coup-dur-pour-le-senegal-sadio-mane-forfait-pour-la-coupe-du-monde\/#primaryimage","url":"https:\/\/www.public.sn\/wp-content\/uploads\/2022\/11\/Sadio-Mane-2.jpg","contentUrl":"https:\/\/www.public.sn\/wp-content\/uploads\/2022\/11\/Sadio-Mane-2.jpg","width":1000,"height":667},{"@type":"BreadcrumbList","@id":"https:\/\/www.public.sn\/index.php\/2022\/11\/09\/derniere-minute-coup-dur-pour-le-senegal-sadio-mane-forfait-pour-la-coupe-du-monde\/#breadcrumb","itemListElement":[{"@type":"ListItem","position":1,"name":"Accueil","item":"https:\/\/www.public.sn\/"},{"@type":"ListItem","position":2,"name":"Derni\u00e8re minute : Coup dur pour le S\u00e9n\u00e9gal, Sadio Man\u00e9 forfait pour la Coupe du monde"}]},{"@type":"WebSite","@id":"https:\/\/www.public.sn\/#website","url":"https:\/\/www.public.sn\/","name":"LE PUBLIC","description":"","publisher":{"@id":"https:\/\/www.public.sn\/#organization"},"potentialAction":[{"@type":"SearchAction","target":{"@type":"EntryPoint","urlTemplate":"https:\/\/www.public.sn\/?s={search_term_string}"},"query-input":{"@type":"PropertyValueSpecification","valueRequired":true,"valueName":"search_term_string"}}],"inLanguage":"fr-FR"},{"@type":"Organization","@id":"https:\/\/www.public.sn\/#organization","name":"LE PUBLIC","url":"https:\/\/www.public.sn\/","logo":{"@type":"ImageObject","inLanguage":"fr-FR","@id":"https:\/\/www.public.sn\/#\/schema\/logo\/image\/","url":"https:\/\/www.public.sn\/wp-content\/uploads\/2024\/05\/cropped-LOGO-PUBLIC.SN_.png","contentUrl":"https:\/\/www.public.sn\/wp-content\/uploads\/2024\/05\/cropped-LOGO-PUBLIC.SN_.png","width":682,"height":192,"caption":"LE PUBLIC"},"image":{"@id":"https:\/\/www.public.sn\/#\/schema\/logo\/image\/"}},{"@type":"Person","@id":"https:\/\/www.public.sn\/#\/schema\/person\/e3f4a11b037d4203902db148f9bc8d5a","name":"LA REDACTION","image":{"@type":"ImageObject","inLanguage":"fr-FR","@id":"https:\/\/www.public.sn\/#\/schema\/person\/image\/","url":"https:\/\/secure.gravatar.com\/avatar\/d6c030db45db2883c075085c5d6c6258654a801a93766b49af0b82d4f454e2a5?s=96&d=mm&r=g","contentUrl":"https:\/\/secure.gravatar.com\/avatar\/d6c030db45db2883c075085c5d6c6258654a801a93766b49af0b82d4f454e2a5?s=96&d=mm&r=g","caption":"LA REDACTION"},"sameAs":["http:\/\/www.public.sn"],"url":"https:\/\/www.public.sn\/index.php\/author\/admin7324\/"}]}},"jetpack_featured_media_url":"https:\/\/www.public.sn\/wp-content\/uploads\/2022\/11\/Sadio-Mane-2.jpg","jetpack_sharing_enabled":true,"_links":{"self":[{"href":"https:\/\/www.public.sn\/index.php\/wp-json\/wp\/v2\/posts\/7660","targetHints":{"allow":["GET"]}}],"collection":[{"href":"https:\/\/www.public.sn\/index.php\/wp-json\/wp\/v2\/posts"}],"about":[{"href":"https:\/\/www.public.sn\/index.php\/wp-json\/wp\/v2\/types\/post"}],"author":[{"embeddable":true,"href":"https:\/\/www.public.sn\/index.php\/wp-json\/wp\/v2\/users\/1"}],"replies":[{"embeddable":true,"href":"https:\/\/www.public.sn\/index.php\/wp-json\/wp\/v2\/comments?post=7660"}],"version-history":[{"count":1,"href":"https:\/\/www.public.sn\/index.php\/wp-json\/wp\/v2\/posts\/7660\/revisions"}],"predecessor-version":[{"id":7662,"href":"https:\/\/www.public.sn\/index.php\/wp-json\/wp\/v2\/posts\/7660\/revisions\/7662"}],"wp:featuredmedia":[{"embeddable":true,"href":"https:\/\/www.public.sn\/index.php\/wp-json\/wp\/v2\/media\/7661"}],"wp:attachment":[{"href":"https:\/\/www.public.sn\/index.php\/wp-json\/wp\/v2\/media?parent=7660"}],"wp:term":[{"taxonomy":"category","embeddable":true,"href":"https:\/\/www.public.sn\/index.php\/wp-json\/wp\/v2\/categories?post=7660"},{"taxonomy":"post_tag","embeddable":true,"href":"https:\/\/www.public.sn\/index.php\/wp-json\/wp\/v2\/tags?post=7660"}],"curies":[{"name":"wp","href":"https:\/\/api.w.org\/{rel}","templated":true}]}}