{"id":7686,"date":"2022-11-09T11:55:06","date_gmt":"2022-11-09T11:55:06","guid":{"rendered":"https:\/\/www.public.sn\/?p=7686"},"modified":"2022-11-09T11:55:08","modified_gmt":"2022-11-09T11:55:08","slug":"louga-lancien-militaire-viole-une-mineure-deficiente-mentale","status":"publish","type":"post","link":"https:\/\/www.public.sn\/index.php\/2022\/11\/09\/louga-lancien-militaire-viole-une-mineure-deficiente-mentale\/","title":{"rendered":"Louga&nbsp;: L\u2019ancien militaire viole une mineure d\u00e9ficiente mentale."},"content":{"rendered":"\n<p><\/p>\n\n\n\n<p><strong>C\u2019est ce 15 Novembre que l\u2019ancien militaire accus\u00e9 de viol sur une fille mineure de 16 ans et en plus d\u00e9ficiente mentale va \u00eatre \u00e9difi\u00e9 sur son sort. Il est poursuivi pour avoir entretenu des rapports intimes avec la jeune fille selon l\u2019Observateur.<\/strong><\/p><div class=\"publi-paragraphe1\" style=\"margin-top: 10px;margin-bottom: 10px;margin-left: auto;margin-right: auto;text-align: center;\" id=\"publi-4043939513\"><div class=\"publi-adlabel\">Publicit\u00e9<\/div><script async src=\"\/\/pagead2.googlesyndication.com\/pagead\/js\/adsbygoogle.js?client=ca-pub-4089586018074219\" crossorigin=\"anonymous\"><\/script><ins class=\"adsbygoogle\" style=\"display:block;\" data-ad-client=\"ca-pub-4089586018074219\" \ndata-ad-slot=\"2087940154\" \ndata-ad-format=\"auto\"><\/ins>\n<script> \n(adsbygoogle = window.adsbygoogle || []).push({}); \n<\/script>\n<\/div>\n\n\n\n<p><\/p>\n\n\n\n<p>Devant la barre du tribunal de grande instance de Louga, l\u2019ancien militaire fraichement lib\u00e9r\u00e9 \u00e0 essayer de se sortir du mauvais pas dans lequel il se trouve. La d\u00e9n\u00e9gation \u00e9tant le jeu favori des pr\u00e9venus, il n\u2019a pas manqu\u00e9 d\u2019en user. Devant les juges, il avance qu\u2019il n\u2019est jamais entr\u00e9 \u00e0 l\u2019int\u00e9rieur d\u2019un b\u00e2timent en construction. <\/p>\n\n\n\n<p><\/p>\n\n\n\n<p>Pouss\u00e9 au bout, il fini par reconnaitre qu\u2019il est rentr\u00e9 mais ils n\u2019ont fait que discuter car il consid\u00e8re la fille comme sa petite s\u0153ur. Mais celle-ci contredit  ses dires et avance qu\u2019ils ont bien entretenus des relations intimes \u00e0 plusieurs reprises. Elle est d\u2019ailleurs pass\u00e9e \u00e0 deux reprises lui rendre visite au camp militaire. Les d\u00e9n\u00e9gations de l\u2019ancien militaire seront contredites par un t\u00e9moin. Une dame dit avoir crois\u00e9 l\u2019ancien militaire sortant du b\u00e2timent inachev\u00e9, et celui-ci avait \u00e9vit\u00e9 son regard en se d\u00e9barrassant du sable sur son corps. Et c\u2019est quelques m\u00e8tres plus loin qu\u2019elle a crois\u00e9 la fille qui elle aussi essay\u00e9 de se d\u00e9barrasser du sable coll\u00e9 \u00e0 son corps. Elle venait de comprendre ce qui s\u2019\u00e9tait pass\u00e9 et \u00e0 avis\u00e9 \u00a0les parents de la victime. <\/p>\n\n\n\n<p><\/p>\n\n\n\n<p>Ces derniers ont ainsi port\u00e9 l\u2019affaire devant la Justice pour d\u00e9tournement et viol d\u2019une mineure. Et pour l\u2019avocat de la partie civile, la culpabilit\u00e9 de l\u2019ancien soldat ne souffre d\u2019aucune ambig\u00fcit\u00e9. C\u2019est bien lui qui a d\u00e9plac\u00e9 la fille d\u2019un lieu \u00e0 un autre et les t\u00e9moignages du t\u00e9moin montrent \u00e0 suffisance sa culpabilit\u00e9. Le procureur quant \u00e0 lui requiert une peine de 2 mois ferme. Et l\u2019ancien militaire devra attendre jusqu\u2019au 15 Novembre pour \u00eatre \u00e9difier sur son sort.<\/p>\n\n\n\n<p><\/p>\n\n\n\n<p>Samba SY.<\/p>\n<div class=\"publi-apres-le-contenu\" style=\"margin-top: 10px;margin-bottom: 10px;margin-left: auto;margin-right: auto;text-align: center;\" id=\"publi-3875276487\"><div class=\"publi-adlabel\">Publicit\u00e9<\/div><script async src=\"\/\/pagead2.googlesyndication.com\/pagead\/js\/adsbygoogle.js?client=ca-pub-4089586018074219\" crossorigin=\"anonymous\"><\/script><ins class=\"adsbygoogle\" style=\"display:block;\" data-ad-client=\"ca-pub-4089586018074219\" \ndata-ad-slot=\"2087940154\" \ndata-ad-format=\"auto\"><\/ins>\n<script> \n(adsbygoogle = window.adsbygoogle || []).push({}); \n<\/script>\n<\/div>","protected":false},"excerpt":{"rendered":"<p>C\u2019est ce 15 Novembre que l\u2019ancien militaire accus\u00e9 de viol sur une fille mineure de 16 ans et en plus d\u00e9ficiente mentale va \u00eatre \u00e9difi\u00e9 sur son sort. Il est poursuivi pour avoir entretenu des rapports intimes avec la jeune fille selon l\u2019Observateur. Devant la barre du tribunal de grande instance de Louga, l\u2019ancien militaire fraichement lib\u00e9r\u00e9 \u00e0 essayer de se sortir du mauvais pas dans lequel il se trouve. La d\u00e9n\u00e9gation \u00e9tant le jeu favori des pr\u00e9venus, il n\u2019a pas manqu\u00e9 d\u2019en user. Devant les juges, il avance qu\u2019il n\u2019est jamais entr\u00e9 \u00e0 l\u2019int\u00e9rieur d\u2019un b\u00e2timent en construction. Pouss\u00e9 au bout, il fini par reconnaitre qu\u2019il est rentr\u00e9 mais ils n\u2019ont fait que discuter car il consid\u00e8re la fille comme sa petite s\u0153ur. Mais celle-ci contredit ses dires et avance qu\u2019ils ont bien entretenus des relations intimes \u00e0 plusieurs reprises. Elle est d\u2019ailleurs pass\u00e9e \u00e0 deux reprises lui rendre visite au camp militaire. Les d\u00e9n\u00e9gations de l\u2019ancien militaire seront contredites par un t\u00e9moin. Une dame dit avoir crois\u00e9 l\u2019ancien militaire sortant du b\u00e2timent inachev\u00e9, et celui-ci avait \u00e9vit\u00e9 son regard en se d\u00e9barrassant du sable sur son corps. Et c\u2019est quelques m\u00e8tres plus loin qu\u2019elle a crois\u00e9 la fille qui elle aussi essay\u00e9 de se d\u00e9barrasser du sable coll\u00e9 \u00e0 son corps. Elle venait de comprendre ce qui s\u2019\u00e9tait pass\u00e9 et \u00e0 avis\u00e9 \u00a0les parents de la victime. Ces derniers ont ainsi port\u00e9 l\u2019affaire devant la Justice pour d\u00e9tournement et viol d\u2019une mineure. Et pour l\u2019avocat de la partie civile, la culpabilit\u00e9 de l\u2019ancien soldat ne souffre d\u2019aucune ambig\u00fcit\u00e9. C\u2019est bien lui qui a d\u00e9plac\u00e9 la fille d\u2019un lieu \u00e0 un autre et les t\u00e9moignages du t\u00e9moin montrent \u00e0 suffisance sa culpabilit\u00e9. Le procureur quant \u00e0 lui requiert une peine de 2 mois ferme. Et l\u2019ancien militaire devra attendre jusqu\u2019au 15 Novembre pour \u00eatre \u00e9difier sur son sort. Samba SY.<\/p>\n","protected":false},"author":7,"featured_media":7688,"comment_status":"open","ping_status":"open","sticky":false,"template":"","format":"standard","meta":{"_jetpack_memberships_contains_paid_content":false,"footnotes":""},"categories":[375,379,1],"tags":[2636,2518,263],"class_list":["post-7686","post","type-post","status-publish","format-standard","has-post-thumbnail","hentry","category-actualites","category-faits-divers","category-non-classe","tag-ancien-militaire","tag-fille-mineure","tag-viol","entry","has-media","owp-thumbs-layout-horizontal","owp-btn-normal","owp-tabs-layout-horizontal","has-no-thumbnails","has-product-nav"],"yoast_head":"<!-- This site is optimized with the Yoast SEO plugin v25.5 - https:\/\/yoast.com\/wordpress\/plugins\/seo\/ -->\n<title>Louga&nbsp;: L\u2019ancien militaire viole une mineure d\u00e9ficiente mentale. - LE PUBLIC<\/title>\n<meta name=\"robots\" content=\"index, follow, max-snippet:-1, max-image-preview:large, max-video-preview:-1\" \/>\n<link rel=\"canonical\" href=\"https:\/\/www.public.sn\/index.php\/2022\/11\/09\/louga-lancien-militaire-viole-une-mineure-deficiente-mentale\/\" \/>\n<meta property=\"og:locale\" content=\"fr_FR\" \/>\n<meta property=\"og:type\" content=\"article\" \/>\n<meta property=\"og:title\" content=\"Louga&nbsp;: L\u2019ancien militaire viole une mineure d\u00e9ficiente mentale. - LE PUBLIC\" \/>\n<meta property=\"og:description\" content=\"C\u2019est ce 15 Novembre que l\u2019ancien militaire accus\u00e9 de viol sur une fille mineure de 16 ans et en plus d\u00e9ficiente mentale va \u00eatre \u00e9difi\u00e9 sur son sort. Il est poursuivi pour avoir entretenu des rapports intimes avec la jeune fille selon l\u2019Observateur. Devant la barre du tribunal de grande instance de Louga, l\u2019ancien militaire fraichement lib\u00e9r\u00e9 \u00e0 essayer de se sortir du mauvais pas dans lequel il se trouve. La d\u00e9n\u00e9gation \u00e9tant le jeu favori des pr\u00e9venus, il n\u2019a pas manqu\u00e9 d\u2019en user. Devant les juges, il avance qu\u2019il n\u2019est jamais entr\u00e9 \u00e0 l\u2019int\u00e9rieur d\u2019un b\u00e2timent en construction. Pouss\u00e9 au bout, il fini par reconnaitre qu\u2019il est rentr\u00e9 mais ils n\u2019ont fait que discuter car il consid\u00e8re la fille comme sa petite s\u0153ur. Mais celle-ci contredit ses dires et avance qu\u2019ils ont bien entretenus des relations intimes \u00e0 plusieurs reprises. Elle est d\u2019ailleurs pass\u00e9e \u00e0 deux reprises lui rendre visite au camp militaire. Les d\u00e9n\u00e9gations de l\u2019ancien militaire seront contredites par un t\u00e9moin. Une dame dit avoir crois\u00e9 l\u2019ancien militaire sortant du b\u00e2timent inachev\u00e9, et celui-ci avait \u00e9vit\u00e9 son regard en se d\u00e9barrassant du sable sur son corps. Et c\u2019est quelques m\u00e8tres plus loin qu\u2019elle a crois\u00e9 la fille qui elle aussi essay\u00e9 de se d\u00e9barrasser du sable coll\u00e9 \u00e0 son corps. Elle venait de comprendre ce qui s\u2019\u00e9tait pass\u00e9 et \u00e0 avis\u00e9 \u00a0les parents de la victime. Ces derniers ont ainsi port\u00e9 l\u2019affaire devant la Justice pour d\u00e9tournement et viol d\u2019une mineure. Et pour l\u2019avocat de la partie civile, la culpabilit\u00e9 de l\u2019ancien soldat ne souffre d\u2019aucune ambig\u00fcit\u00e9. C\u2019est bien lui qui a d\u00e9plac\u00e9 la fille d\u2019un lieu \u00e0 un autre et les t\u00e9moignages du t\u00e9moin montrent \u00e0 suffisance sa culpabilit\u00e9. Le procureur quant \u00e0 lui requiert une peine de 2 mois ferme. Et l\u2019ancien militaire devra attendre jusqu\u2019au 15 Novembre pour \u00eatre \u00e9difier sur son sort. Samba SY.\" \/>\n<meta property=\"og:url\" content=\"https:\/\/www.public.sn\/index.php\/2022\/11\/09\/louga-lancien-militaire-viole-une-mineure-deficiente-mentale\/\" \/>\n<meta property=\"og:site_name\" content=\"LE PUBLIC\" \/>\n<meta property=\"article:published_time\" content=\"2022-11-09T11:55:06+00:00\" \/>\n<meta property=\"article:modified_time\" content=\"2022-11-09T11:55:08+00:00\" \/>\n<meta property=\"og:image\" content=\"https:\/\/www.public.sn\/wp-content\/uploads\/2022\/11\/viol.webp\" \/>\n\t<meta property=\"og:image:width\" content=\"800\" \/>\n\t<meta property=\"og:image:height\" content=\"450\" \/>\n\t<meta property=\"og:image:type\" content=\"image\/webp\" \/>\n<meta name=\"author\" content=\"LA REDACTION\" \/>\n<meta name=\"twitter:card\" content=\"summary_large_image\" \/>\n<meta name=\"twitter:label1\" content=\"\u00c9crit par\" \/>\n\t<meta name=\"twitter:data1\" content=\"LA REDACTION\" \/>\n\t<meta name=\"twitter:label2\" content=\"Dur\u00e9e de lecture estim\u00e9e\" \/>\n\t<meta name=\"twitter:data2\" content=\"2 minutes\" \/>\n<script type=\"application\/ld+json\" class=\"yoast-schema-graph\">{\"@context\":\"https:\/\/schema.org\",\"@graph\":[{\"@type\":\"Article\",\"@id\":\"https:\/\/www.public.sn\/index.php\/2022\/11\/09\/louga-lancien-militaire-viole-une-mineure-deficiente-mentale\/#article\",\"isPartOf\":{\"@id\":\"https:\/\/www.public.sn\/index.php\/2022\/11\/09\/louga-lancien-militaire-viole-une-mineure-deficiente-mentale\/\"},\"author\":{\"name\":\"LA REDACTION\",\"@id\":\"https:\/\/www.public.sn\/#\/schema\/person\/cb76c8e1b8becc6be61fb5e92d6d0224\"},\"headline\":\"Louga&nbsp;: L\u2019ancien militaire viole une mineure d\u00e9ficiente mentale.\",\"datePublished\":\"2022-11-09T11:55:06+00:00\",\"dateModified\":\"2022-11-09T11:55:08+00:00\",\"mainEntityOfPage\":{\"@id\":\"https:\/\/www.public.sn\/index.php\/2022\/11\/09\/louga-lancien-militaire-viole-une-mineure-deficiente-mentale\/\"},\"wordCount\":359,\"commentCount\":0,\"publisher\":{\"@id\":\"https:\/\/www.public.sn\/#organization\"},\"image\":{\"@id\":\"https:\/\/www.public.sn\/index.php\/2022\/11\/09\/louga-lancien-militaire-viole-une-mineure-deficiente-mentale\/#primaryimage\"},\"thumbnailUrl\":\"https:\/\/www.public.sn\/wp-content\/uploads\/2022\/11\/viol.webp\",\"keywords\":[\"ancien militaire\",\"fille mineure\",\"Viol\"],\"articleSection\":[\"ACTUALIT\u00c9S\",\"FAITS DIVERS\",\"S\u00c9N\u00c9GAL\"],\"inLanguage\":\"fr-FR\",\"potentialAction\":[{\"@type\":\"CommentAction\",\"name\":\"Comment\",\"target\":[\"https:\/\/www.public.sn\/index.php\/2022\/11\/09\/louga-lancien-militaire-viole-une-mineure-deficiente-mentale\/#respond\"]}]},{\"@type\":\"WebPage\",\"@id\":\"https:\/\/www.public.sn\/index.php\/2022\/11\/09\/louga-lancien-militaire-viole-une-mineure-deficiente-mentale\/\",\"url\":\"https:\/\/www.public.sn\/index.php\/2022\/11\/09\/louga-lancien-militaire-viole-une-mineure-deficiente-mentale\/\",\"name\":\"Louga&nbsp;: L\u2019ancien militaire viole une mineure d\u00e9ficiente mentale. - LE PUBLIC\",\"isPartOf\":{\"@id\":\"https:\/\/www.public.sn\/#website\"},\"primaryImageOfPage\":{\"@id\":\"https:\/\/www.public.sn\/index.php\/2022\/11\/09\/louga-lancien-militaire-viole-une-mineure-deficiente-mentale\/#primaryimage\"},\"image\":{\"@id\":\"https:\/\/www.public.sn\/index.php\/2022\/11\/09\/louga-lancien-militaire-viole-une-mineure-deficiente-mentale\/#primaryimage\"},\"thumbnailUrl\":\"https:\/\/www.public.sn\/wp-content\/uploads\/2022\/11\/viol.webp\",\"datePublished\":\"2022-11-09T11:55:06+00:00\",\"dateModified\":\"2022-11-09T11:55:08+00:00\",\"breadcrumb\":{\"@id\":\"https:\/\/www.public.sn\/index.php\/2022\/11\/09\/louga-lancien-militaire-viole-une-mineure-deficiente-mentale\/#breadcrumb\"},\"inLanguage\":\"fr-FR\",\"potentialAction\":[{\"@type\":\"ReadAction\",\"target\":[\"https:\/\/www.public.sn\/index.php\/2022\/11\/09\/louga-lancien-militaire-viole-une-mineure-deficiente-mentale\/\"]}]},{\"@type\":\"ImageObject\",\"inLanguage\":\"fr-FR\",\"@id\":\"https:\/\/www.public.sn\/index.php\/2022\/11\/09\/louga-lancien-militaire-viole-une-mineure-deficiente-mentale\/#primaryimage\",\"url\":\"https:\/\/www.public.sn\/wp-content\/uploads\/2022\/11\/viol.webp\",\"contentUrl\":\"https:\/\/www.public.sn\/wp-content\/uploads\/2022\/11\/viol.webp\",\"width\":800,\"height\":450,\"caption\":\"publicsn\"},{\"@type\":\"BreadcrumbList\",\"@id\":\"https:\/\/www.public.sn\/index.php\/2022\/11\/09\/louga-lancien-militaire-viole-une-mineure-deficiente-mentale\/#breadcrumb\",\"itemListElement\":[{\"@type\":\"ListItem\",\"position\":1,\"name\":\"Accueil\",\"item\":\"https:\/\/www.public.sn\/\"},{\"@type\":\"ListItem\",\"position\":2,\"name\":\"Louga&nbsp;: L\u2019ancien militaire viole une mineure d\u00e9ficiente mentale.\"}]},{\"@type\":\"WebSite\",\"@id\":\"https:\/\/www.public.sn\/#website\",\"url\":\"https:\/\/www.public.sn\/\",\"name\":\"LE PUBLIC\",\"description\":\"\",\"publisher\":{\"@id\":\"https:\/\/www.public.sn\/#organization\"},\"potentialAction\":[{\"@type\":\"SearchAction\",\"target\":{\"@type\":\"EntryPoint\",\"urlTemplate\":\"https:\/\/www.public.sn\/?s={search_term_string}\"},\"query-input\":{\"@type\":\"PropertyValueSpecification\",\"valueRequired\":true,\"valueName\":\"search_term_string\"}}],\"inLanguage\":\"fr-FR\"},{\"@type\":\"Organization\",\"@id\":\"https:\/\/www.public.sn\/#organization\",\"name\":\"LE PUBLIC\",\"url\":\"https:\/\/www.public.sn\/\",\"logo\":{\"@type\":\"ImageObject\",\"inLanguage\":\"fr-FR\",\"@id\":\"https:\/\/www.public.sn\/#\/schema\/logo\/image\/\",\"url\":\"https:\/\/www.public.sn\/wp-content\/uploads\/2024\/05\/cropped-LOGO-PUBLIC.SN_.png\",\"contentUrl\":\"https:\/\/www.public.sn\/wp-content\/uploads\/2024\/05\/cropped-LOGO-PUBLIC.SN_.png\",\"width\":682,\"height\":192,\"caption\":\"LE PUBLIC\"},\"image\":{\"@id\":\"https:\/\/www.public.sn\/#\/schema\/logo\/image\/\"}},{\"@type\":\"Person\",\"@id\":\"https:\/\/www.public.sn\/#\/schema\/person\/cb76c8e1b8becc6be61fb5e92d6d0224\",\"name\":\"LA REDACTION\",\"image\":{\"@type\":\"ImageObject\",\"inLanguage\":\"fr-FR\",\"@id\":\"https:\/\/www.public.sn\/#\/schema\/person\/image\/\",\"url\":\"https:\/\/secure.gravatar.com\/avatar\/2dce5ddd34b8fef0180efe03aa2a9bee7d953856048f9a16b298190a3178407c?s=96&d=mm&r=g\",\"contentUrl\":\"https:\/\/secure.gravatar.com\/avatar\/2dce5ddd34b8fef0180efe03aa2a9bee7d953856048f9a16b298190a3178407c?s=96&d=mm&r=g\",\"caption\":\"LA REDACTION\"},\"url\":\"https:\/\/www.public.sn\/index.php\/author\/editeurpsn\/\"}]}<\/script>\n<!-- \/ Yoast SEO plugin. -->","yoast_head_json":{"title":"Louga&nbsp;: L\u2019ancien militaire viole une mineure d\u00e9ficiente mentale. - LE PUBLIC","robots":{"index":"index","follow":"follow","max-snippet":"max-snippet:-1","max-image-preview":"max-image-preview:large","max-video-preview":"max-video-preview:-1"},"canonical":"https:\/\/www.public.sn\/index.php\/2022\/11\/09\/louga-lancien-militaire-viole-une-mineure-deficiente-mentale\/","og_locale":"fr_FR","og_type":"article","og_title":"Louga&nbsp;: L\u2019ancien militaire viole une mineure d\u00e9ficiente mentale. - LE PUBLIC","og_description":"C\u2019est ce 15 Novembre que l\u2019ancien militaire accus\u00e9 de viol sur une fille mineure de 16 ans et en plus d\u00e9ficiente mentale va \u00eatre \u00e9difi\u00e9 sur son sort. Il est poursuivi pour avoir entretenu des rapports intimes avec la jeune fille selon l\u2019Observateur. Devant la barre du tribunal de grande instance de Louga, l\u2019ancien militaire fraichement lib\u00e9r\u00e9 \u00e0 essayer de se sortir du mauvais pas dans lequel il se trouve. La d\u00e9n\u00e9gation \u00e9tant le jeu favori des pr\u00e9venus, il n\u2019a pas manqu\u00e9 d\u2019en user. Devant les juges, il avance qu\u2019il n\u2019est jamais entr\u00e9 \u00e0 l\u2019int\u00e9rieur d\u2019un b\u00e2timent en construction. Pouss\u00e9 au bout, il fini par reconnaitre qu\u2019il est rentr\u00e9 mais ils n\u2019ont fait que discuter car il consid\u00e8re la fille comme sa petite s\u0153ur. Mais celle-ci contredit ses dires et avance qu\u2019ils ont bien entretenus des relations intimes \u00e0 plusieurs reprises. Elle est d\u2019ailleurs pass\u00e9e \u00e0 deux reprises lui rendre visite au camp militaire. Les d\u00e9n\u00e9gations de l\u2019ancien militaire seront contredites par un t\u00e9moin. Une dame dit avoir crois\u00e9 l\u2019ancien militaire sortant du b\u00e2timent inachev\u00e9, et celui-ci avait \u00e9vit\u00e9 son regard en se d\u00e9barrassant du sable sur son corps. Et c\u2019est quelques m\u00e8tres plus loin qu\u2019elle a crois\u00e9 la fille qui elle aussi essay\u00e9 de se d\u00e9barrasser du sable coll\u00e9 \u00e0 son corps. Elle venait de comprendre ce qui s\u2019\u00e9tait pass\u00e9 et \u00e0 avis\u00e9 \u00a0les parents de la victime. Ces derniers ont ainsi port\u00e9 l\u2019affaire devant la Justice pour d\u00e9tournement et viol d\u2019une mineure. Et pour l\u2019avocat de la partie civile, la culpabilit\u00e9 de l\u2019ancien soldat ne souffre d\u2019aucune ambig\u00fcit\u00e9. C\u2019est bien lui qui a d\u00e9plac\u00e9 la fille d\u2019un lieu \u00e0 un autre et les t\u00e9moignages du t\u00e9moin montrent \u00e0 suffisance sa culpabilit\u00e9. Le procureur quant \u00e0 lui requiert une peine de 2 mois ferme. Et l\u2019ancien militaire devra attendre jusqu\u2019au 15 Novembre pour \u00eatre \u00e9difier sur son sort. Samba SY.","og_url":"https:\/\/www.public.sn\/index.php\/2022\/11\/09\/louga-lancien-militaire-viole-une-mineure-deficiente-mentale\/","og_site_name":"LE PUBLIC","article_published_time":"2022-11-09T11:55:06+00:00","article_modified_time":"2022-11-09T11:55:08+00:00","og_image":[{"width":800,"height":450,"url":"https:\/\/www.public.sn\/wp-content\/uploads\/2022\/11\/viol.webp","type":"image\/webp"}],"author":"LA REDACTION","twitter_card":"summary_large_image","twitter_misc":{"\u00c9crit par":"LA REDACTION","Dur\u00e9e de lecture estim\u00e9e":"2 minutes"},"schema":{"@context":"https:\/\/schema.org","@graph":[{"@type":"Article","@id":"https:\/\/www.public.sn\/index.php\/2022\/11\/09\/louga-lancien-militaire-viole-une-mineure-deficiente-mentale\/#article","isPartOf":{"@id":"https:\/\/www.public.sn\/index.php\/2022\/11\/09\/louga-lancien-militaire-viole-une-mineure-deficiente-mentale\/"},"author":{"name":"LA REDACTION","@id":"https:\/\/www.public.sn\/#\/schema\/person\/cb76c8e1b8becc6be61fb5e92d6d0224"},"headline":"Louga&nbsp;: L\u2019ancien militaire viole une mineure d\u00e9ficiente mentale.","datePublished":"2022-11-09T11:55:06+00:00","dateModified":"2022-11-09T11:55:08+00:00","mainEntityOfPage":{"@id":"https:\/\/www.public.sn\/index.php\/2022\/11\/09\/louga-lancien-militaire-viole-une-mineure-deficiente-mentale\/"},"wordCount":359,"commentCount":0,"publisher":{"@id":"https:\/\/www.public.sn\/#organization"},"image":{"@id":"https:\/\/www.public.sn\/index.php\/2022\/11\/09\/louga-lancien-militaire-viole-une-mineure-deficiente-mentale\/#primaryimage"},"thumbnailUrl":"https:\/\/www.public.sn\/wp-content\/uploads\/2022\/11\/viol.webp","keywords":["ancien militaire","fille mineure","Viol"],"articleSection":["ACTUALIT\u00c9S","FAITS DIVERS","S\u00c9N\u00c9GAL"],"inLanguage":"fr-FR","potentialAction":[{"@type":"CommentAction","name":"Comment","target":["https:\/\/www.public.sn\/index.php\/2022\/11\/09\/louga-lancien-militaire-viole-une-mineure-deficiente-mentale\/#respond"]}]},{"@type":"WebPage","@id":"https:\/\/www.public.sn\/index.php\/2022\/11\/09\/louga-lancien-militaire-viole-une-mineure-deficiente-mentale\/","url":"https:\/\/www.public.sn\/index.php\/2022\/11\/09\/louga-lancien-militaire-viole-une-mineure-deficiente-mentale\/","name":"Louga&nbsp;: L\u2019ancien militaire viole une mineure d\u00e9ficiente mentale. - LE PUBLIC","isPartOf":{"@id":"https:\/\/www.public.sn\/#website"},"primaryImageOfPage":{"@id":"https:\/\/www.public.sn\/index.php\/2022\/11\/09\/louga-lancien-militaire-viole-une-mineure-deficiente-mentale\/#primaryimage"},"image":{"@id":"https:\/\/www.public.sn\/index.php\/2022\/11\/09\/louga-lancien-militaire-viole-une-mineure-deficiente-mentale\/#primaryimage"},"thumbnailUrl":"https:\/\/www.public.sn\/wp-content\/uploads\/2022\/11\/viol.webp","datePublished":"2022-11-09T11:55:06+00:00","dateModified":"2022-11-09T11:55:08+00:00","breadcrumb":{"@id":"https:\/\/www.public.sn\/index.php\/2022\/11\/09\/louga-lancien-militaire-viole-une-mineure-deficiente-mentale\/#breadcrumb"},"inLanguage":"fr-FR","potentialAction":[{"@type":"ReadAction","target":["https:\/\/www.public.sn\/index.php\/2022\/11\/09\/louga-lancien-militaire-viole-une-mineure-deficiente-mentale\/"]}]},{"@type":"ImageObject","inLanguage":"fr-FR","@id":"https:\/\/www.public.sn\/index.php\/2022\/11\/09\/louga-lancien-militaire-viole-une-mineure-deficiente-mentale\/#primaryimage","url":"https:\/\/www.public.sn\/wp-content\/uploads\/2022\/11\/viol.webp","contentUrl":"https:\/\/www.public.sn\/wp-content\/uploads\/2022\/11\/viol.webp","width":800,"height":450,"caption":"publicsn"},{"@type":"BreadcrumbList","@id":"https:\/\/www.public.sn\/index.php\/2022\/11\/09\/louga-lancien-militaire-viole-une-mineure-deficiente-mentale\/#breadcrumb","itemListElement":[{"@type":"ListItem","position":1,"name":"Accueil","item":"https:\/\/www.public.sn\/"},{"@type":"ListItem","position":2,"name":"Louga&nbsp;: L\u2019ancien militaire viole une mineure d\u00e9ficiente mentale."}]},{"@type":"WebSite","@id":"https:\/\/www.public.sn\/#website","url":"https:\/\/www.public.sn\/","name":"LE PUBLIC","description":"","publisher":{"@id":"https:\/\/www.public.sn\/#organization"},"potentialAction":[{"@type":"SearchAction","target":{"@type":"EntryPoint","urlTemplate":"https:\/\/www.public.sn\/?s={search_term_string}"},"query-input":{"@type":"PropertyValueSpecification","valueRequired":true,"valueName":"search_term_string"}}],"inLanguage":"fr-FR"},{"@type":"Organization","@id":"https:\/\/www.public.sn\/#organization","name":"LE PUBLIC","url":"https:\/\/www.public.sn\/","logo":{"@type":"ImageObject","inLanguage":"fr-FR","@id":"https:\/\/www.public.sn\/#\/schema\/logo\/image\/","url":"https:\/\/www.public.sn\/wp-content\/uploads\/2024\/05\/cropped-LOGO-PUBLIC.SN_.png","contentUrl":"https:\/\/www.public.sn\/wp-content\/uploads\/2024\/05\/cropped-LOGO-PUBLIC.SN_.png","width":682,"height":192,"caption":"LE PUBLIC"},"image":{"@id":"https:\/\/www.public.sn\/#\/schema\/logo\/image\/"}},{"@type":"Person","@id":"https:\/\/www.public.sn\/#\/schema\/person\/cb76c8e1b8becc6be61fb5e92d6d0224","name":"LA REDACTION","image":{"@type":"ImageObject","inLanguage":"fr-FR","@id":"https:\/\/www.public.sn\/#\/schema\/person\/image\/","url":"https:\/\/secure.gravatar.com\/avatar\/2dce5ddd34b8fef0180efe03aa2a9bee7d953856048f9a16b298190a3178407c?s=96&d=mm&r=g","contentUrl":"https:\/\/secure.gravatar.com\/avatar\/2dce5ddd34b8fef0180efe03aa2a9bee7d953856048f9a16b298190a3178407c?s=96&d=mm&r=g","caption":"LA REDACTION"},"url":"https:\/\/www.public.sn\/index.php\/author\/editeurpsn\/"}]}},"jetpack_featured_media_url":"https:\/\/www.public.sn\/wp-content\/uploads\/2022\/11\/viol.webp","jetpack_sharing_enabled":true,"_links":{"self":[{"href":"https:\/\/www.public.sn\/index.php\/wp-json\/wp\/v2\/posts\/7686","targetHints":{"allow":["GET"]}}],"collection":[{"href":"https:\/\/www.public.sn\/index.php\/wp-json\/wp\/v2\/posts"}],"about":[{"href":"https:\/\/www.public.sn\/index.php\/wp-json\/wp\/v2\/types\/post"}],"author":[{"embeddable":true,"href":"https:\/\/www.public.sn\/index.php\/wp-json\/wp\/v2\/users\/7"}],"replies":[{"embeddable":true,"href":"https:\/\/www.public.sn\/index.php\/wp-json\/wp\/v2\/comments?post=7686"}],"version-history":[{"count":2,"href":"https:\/\/www.public.sn\/index.php\/wp-json\/wp\/v2\/posts\/7686\/revisions"}],"predecessor-version":[{"id":7690,"href":"https:\/\/www.public.sn\/index.php\/wp-json\/wp\/v2\/posts\/7686\/revisions\/7690"}],"wp:featuredmedia":[{"embeddable":true,"href":"https:\/\/www.public.sn\/index.php\/wp-json\/wp\/v2\/media\/7688"}],"wp:attachment":[{"href":"https:\/\/www.public.sn\/index.php\/wp-json\/wp\/v2\/media?parent=7686"}],"wp:term":[{"taxonomy":"category","embeddable":true,"href":"https:\/\/www.public.sn\/index.php\/wp-json\/wp\/v2\/categories?post=7686"},{"taxonomy":"post_tag","embeddable":true,"href":"https:\/\/www.public.sn\/index.php\/wp-json\/wp\/v2\/tags?post=7686"}],"curies":[{"name":"wp","href":"https:\/\/api.w.org\/{rel}","templated":true}]}}