{"id":7693,"date":"2022-11-09T12:13:48","date_gmt":"2022-11-09T12:13:48","guid":{"rendered":"https:\/\/www.public.sn\/?p=7693"},"modified":"2022-11-09T12:13:52","modified_gmt":"2022-11-09T12:13:52","slug":"foot-forfait-de-sadio-pour-le-mondial","status":"publish","type":"post","link":"https:\/\/www.public.sn\/index.php\/2022\/11\/09\/foot-forfait-de-sadio-pour-le-mondial\/","title":{"rendered":"Foot\u00a0: Forfait de Sadio pour le Mondial."},"content":{"rendered":"\n<p><\/p>\n\n\n\n<p>Forfait annonc\u00e9 de Sadio Man\u00e9 \u00e0 la coupe du monde de Qatar 2024. C\u2019est le Journal sp\u00e9cialis\u00e9 \u00ab\u00a0Equipe\u00a0\u00bb qui annonce la nouvelle alors que Figaro avance que c\u2019est le S\u00e9n\u00e9gal qui perd son meilleur joueur pour la coupe du monde.<\/p><div class=\"publi-paragraphe1\" style=\"margin-top: 10px;margin-bottom: 10px;margin-left: auto;margin-right: auto;text-align: center;\" id=\"publi-3939337050\"><div class=\"publi-adlabel\">Publicit\u00e9<\/div><script async src=\"\/\/pagead2.googlesyndication.com\/pagead\/js\/adsbygoogle.js?client=ca-pub-4089586018074219\" crossorigin=\"anonymous\"><\/script><ins class=\"adsbygoogle\" style=\"display:block;\" data-ad-client=\"ca-pub-4089586018074219\" \ndata-ad-slot=\"2087940154\" \ndata-ad-format=\"auto\"><\/ins>\n<script> \n(adsbygoogle = window.adsbygoogle || []).push({}); \n<\/script>\n<\/div>\n\n\n\n<p><\/p>\n\n\n\n<p> Le Journal allemand Bild affirme que Sadio Man\u00e9 ne pourra pas participer au mondial car sa blessure n\u00e9cessite une indisponibilit\u00e9 de 3 \u00e0 4 semaines selon RFI. Un coup de tonnerre pour le monde du football s\u00e9n\u00e9galais. Il faut toutefois dire que d\u2019autres informations avancent que le forfait n\u2019est pas encore s\u00fbr et que le club du Bayern n\u2019a toujours pas communiqu\u00e9 sur un probable forfait.<\/p>\n\n\n\n<p><\/p>\n\n\n\n<p>Samba SY.<\/p>\n<div class=\"publi-apres-le-contenu\" style=\"margin-top: 10px;margin-bottom: 10px;margin-left: auto;margin-right: auto;text-align: center;\" id=\"publi-3770402397\"><div class=\"publi-adlabel\">Publicit\u00e9<\/div><script async src=\"\/\/pagead2.googlesyndication.com\/pagead\/js\/adsbygoogle.js?client=ca-pub-4089586018074219\" crossorigin=\"anonymous\"><\/script><ins class=\"adsbygoogle\" style=\"display:block;\" data-ad-client=\"ca-pub-4089586018074219\" \ndata-ad-slot=\"2087940154\" \ndata-ad-format=\"auto\"><\/ins>\n<script> \n(adsbygoogle = window.adsbygoogle || []).push({}); \n<\/script>\n<\/div>","protected":false},"excerpt":{"rendered":"<p>Forfait annonc\u00e9 de Sadio Man\u00e9 \u00e0 la coupe du monde de Qatar 2024. C\u2019est le Journal sp\u00e9cialis\u00e9 \u00ab\u00a0Equipe\u00a0\u00bb qui annonce la nouvelle alors que Figaro avance que c\u2019est le S\u00e9n\u00e9gal qui perd son meilleur joueur pour la coupe du monde. Le Journal allemand Bild affirme que Sadio Man\u00e9 ne pourra pas participer au mondial car sa blessure n\u00e9cessite une indisponibilit\u00e9 de 3 \u00e0 4 semaines selon RFI. Un coup de tonnerre pour le monde du football s\u00e9n\u00e9galais. Il faut toutefois dire que d\u2019autres informations avancent que le forfait n\u2019est pas encore s\u00fbr et que le club du Bayern n\u2019a toujours pas communiqu\u00e9 sur un probable forfait. Samba SY.<\/p>\n","protected":false},"author":7,"featured_media":7695,"comment_status":"open","ping_status":"open","sticky":false,"template":"","format":"standard","meta":{"_jetpack_memberships_contains_paid_content":false,"footnotes":""},"categories":[375,1,7,372],"tags":[2637,1725,1419],"class_list":["post-7693","post","type-post","status-publish","format-standard","has-post-thumbnail","hentry","category-actualites","category-non-classe","category-sport","category-vedette","tag-forfait-sadio","tag-mondial","tag-qatar","entry","has-media","owp-thumbs-layout-horizontal","owp-btn-normal","owp-tabs-layout-horizontal","has-no-thumbnails","has-product-nav"],"yoast_head":"<!-- This site is optimized with the Yoast SEO plugin v25.5 - https:\/\/yoast.com\/wordpress\/plugins\/seo\/ -->\n<title>Foot\u00a0: Forfait de Sadio pour le Mondial. - LE PUBLIC<\/title>\n<meta name=\"robots\" content=\"index, follow, max-snippet:-1, max-image-preview:large, max-video-preview:-1\" \/>\n<link rel=\"canonical\" href=\"https:\/\/www.public.sn\/index.php\/2022\/11\/09\/foot-forfait-de-sadio-pour-le-mondial\/\" \/>\n<meta property=\"og:locale\" content=\"fr_FR\" \/>\n<meta property=\"og:type\" content=\"article\" \/>\n<meta property=\"og:title\" content=\"Foot\u00a0: Forfait de Sadio pour le Mondial. - LE PUBLIC\" \/>\n<meta property=\"og:description\" content=\"Forfait annonc\u00e9 de Sadio Man\u00e9 \u00e0 la coupe du monde de Qatar 2024. C\u2019est le Journal sp\u00e9cialis\u00e9 \u00ab\u00a0Equipe\u00a0\u00bb qui annonce la nouvelle alors que Figaro avance que c\u2019est le S\u00e9n\u00e9gal qui perd son meilleur joueur pour la coupe du monde. Le Journal allemand Bild affirme que Sadio Man\u00e9 ne pourra pas participer au mondial car sa blessure n\u00e9cessite une indisponibilit\u00e9 de 3 \u00e0 4 semaines selon RFI. Un coup de tonnerre pour le monde du football s\u00e9n\u00e9galais. Il faut toutefois dire que d\u2019autres informations avancent que le forfait n\u2019est pas encore s\u00fbr et que le club du Bayern n\u2019a toujours pas communiqu\u00e9 sur un probable forfait. Samba SY.\" \/>\n<meta property=\"og:url\" content=\"https:\/\/www.public.sn\/index.php\/2022\/11\/09\/foot-forfait-de-sadio-pour-le-mondial\/\" \/>\n<meta property=\"og:site_name\" content=\"LE PUBLIC\" \/>\n<meta property=\"article:published_time\" content=\"2022-11-09T12:13:48+00:00\" \/>\n<meta property=\"article:modified_time\" content=\"2022-11-09T12:13:52+00:00\" \/>\n<meta property=\"og:image\" content=\"https:\/\/www.public.sn\/wp-content\/uploads\/2022\/11\/sadio-mane.jpg\" \/>\n\t<meta property=\"og:image:width\" content=\"1200\" \/>\n\t<meta property=\"og:image:height\" content=\"675\" \/>\n\t<meta property=\"og:image:type\" content=\"image\/jpeg\" \/>\n<meta name=\"author\" content=\"LA REDACTION\" \/>\n<meta name=\"twitter:card\" content=\"summary_large_image\" \/>\n<meta name=\"twitter:label1\" content=\"\u00c9crit par\" \/>\n\t<meta name=\"twitter:data1\" content=\"LA REDACTION\" \/>\n\t<meta name=\"twitter:label2\" content=\"Dur\u00e9e de lecture estim\u00e9e\" \/>\n\t<meta name=\"twitter:data2\" content=\"1 minute\" \/>\n<script type=\"application\/ld+json\" class=\"yoast-schema-graph\">{\"@context\":\"https:\/\/schema.org\",\"@graph\":[{\"@type\":\"Article\",\"@id\":\"https:\/\/www.public.sn\/index.php\/2022\/11\/09\/foot-forfait-de-sadio-pour-le-mondial\/#article\",\"isPartOf\":{\"@id\":\"https:\/\/www.public.sn\/index.php\/2022\/11\/09\/foot-forfait-de-sadio-pour-le-mondial\/\"},\"author\":{\"name\":\"LA REDACTION\",\"@id\":\"https:\/\/www.public.sn\/#\/schema\/person\/cb76c8e1b8becc6be61fb5e92d6d0224\"},\"headline\":\"Foot\u00a0: Forfait de Sadio pour le Mondial.\",\"datePublished\":\"2022-11-09T12:13:48+00:00\",\"dateModified\":\"2022-11-09T12:13:52+00:00\",\"mainEntityOfPage\":{\"@id\":\"https:\/\/www.public.sn\/index.php\/2022\/11\/09\/foot-forfait-de-sadio-pour-le-mondial\/\"},\"wordCount\":122,\"commentCount\":0,\"publisher\":{\"@id\":\"https:\/\/www.public.sn\/#organization\"},\"image\":{\"@id\":\"https:\/\/www.public.sn\/index.php\/2022\/11\/09\/foot-forfait-de-sadio-pour-le-mondial\/#primaryimage\"},\"thumbnailUrl\":\"https:\/\/www.public.sn\/wp-content\/uploads\/2022\/11\/sadio-mane.jpg\",\"keywords\":[\"forfait sadio\",\"mondial\",\"qatar\"],\"articleSection\":[\"ACTUALIT\u00c9S\",\"S\u00c9N\u00c9GAL\",\"SPORTS\",\"VEDETTE\"],\"inLanguage\":\"fr-FR\",\"potentialAction\":[{\"@type\":\"CommentAction\",\"name\":\"Comment\",\"target\":[\"https:\/\/www.public.sn\/index.php\/2022\/11\/09\/foot-forfait-de-sadio-pour-le-mondial\/#respond\"]}]},{\"@type\":\"WebPage\",\"@id\":\"https:\/\/www.public.sn\/index.php\/2022\/11\/09\/foot-forfait-de-sadio-pour-le-mondial\/\",\"url\":\"https:\/\/www.public.sn\/index.php\/2022\/11\/09\/foot-forfait-de-sadio-pour-le-mondial\/\",\"name\":\"Foot\u00a0: Forfait de Sadio pour le Mondial. - LE PUBLIC\",\"isPartOf\":{\"@id\":\"https:\/\/www.public.sn\/#website\"},\"primaryImageOfPage\":{\"@id\":\"https:\/\/www.public.sn\/index.php\/2022\/11\/09\/foot-forfait-de-sadio-pour-le-mondial\/#primaryimage\"},\"image\":{\"@id\":\"https:\/\/www.public.sn\/index.php\/2022\/11\/09\/foot-forfait-de-sadio-pour-le-mondial\/#primaryimage\"},\"thumbnailUrl\":\"https:\/\/www.public.sn\/wp-content\/uploads\/2022\/11\/sadio-mane.jpg\",\"datePublished\":\"2022-11-09T12:13:48+00:00\",\"dateModified\":\"2022-11-09T12:13:52+00:00\",\"breadcrumb\":{\"@id\":\"https:\/\/www.public.sn\/index.php\/2022\/11\/09\/foot-forfait-de-sadio-pour-le-mondial\/#breadcrumb\"},\"inLanguage\":\"fr-FR\",\"potentialAction\":[{\"@type\":\"ReadAction\",\"target\":[\"https:\/\/www.public.sn\/index.php\/2022\/11\/09\/foot-forfait-de-sadio-pour-le-mondial\/\"]}]},{\"@type\":\"ImageObject\",\"inLanguage\":\"fr-FR\",\"@id\":\"https:\/\/www.public.sn\/index.php\/2022\/11\/09\/foot-forfait-de-sadio-pour-le-mondial\/#primaryimage\",\"url\":\"https:\/\/www.public.sn\/wp-content\/uploads\/2022\/11\/sadio-mane.jpg\",\"contentUrl\":\"https:\/\/www.public.sn\/wp-content\/uploads\/2022\/11\/sadio-mane.jpg\",\"width\":1200,\"height\":675,\"caption\":\"publicsn\"},{\"@type\":\"BreadcrumbList\",\"@id\":\"https:\/\/www.public.sn\/index.php\/2022\/11\/09\/foot-forfait-de-sadio-pour-le-mondial\/#breadcrumb\",\"itemListElement\":[{\"@type\":\"ListItem\",\"position\":1,\"name\":\"Accueil\",\"item\":\"https:\/\/www.public.sn\/\"},{\"@type\":\"ListItem\",\"position\":2,\"name\":\"Foot\u00a0: Forfait de Sadio pour le Mondial.\"}]},{\"@type\":\"WebSite\",\"@id\":\"https:\/\/www.public.sn\/#website\",\"url\":\"https:\/\/www.public.sn\/\",\"name\":\"LE PUBLIC\",\"description\":\"\",\"publisher\":{\"@id\":\"https:\/\/www.public.sn\/#organization\"},\"potentialAction\":[{\"@type\":\"SearchAction\",\"target\":{\"@type\":\"EntryPoint\",\"urlTemplate\":\"https:\/\/www.public.sn\/?s={search_term_string}\"},\"query-input\":{\"@type\":\"PropertyValueSpecification\",\"valueRequired\":true,\"valueName\":\"search_term_string\"}}],\"inLanguage\":\"fr-FR\"},{\"@type\":\"Organization\",\"@id\":\"https:\/\/www.public.sn\/#organization\",\"name\":\"LE PUBLIC\",\"url\":\"https:\/\/www.public.sn\/\",\"logo\":{\"@type\":\"ImageObject\",\"inLanguage\":\"fr-FR\",\"@id\":\"https:\/\/www.public.sn\/#\/schema\/logo\/image\/\",\"url\":\"https:\/\/www.public.sn\/wp-content\/uploads\/2024\/05\/cropped-LOGO-PUBLIC.SN_.png\",\"contentUrl\":\"https:\/\/www.public.sn\/wp-content\/uploads\/2024\/05\/cropped-LOGO-PUBLIC.SN_.png\",\"width\":682,\"height\":192,\"caption\":\"LE PUBLIC\"},\"image\":{\"@id\":\"https:\/\/www.public.sn\/#\/schema\/logo\/image\/\"}},{\"@type\":\"Person\",\"@id\":\"https:\/\/www.public.sn\/#\/schema\/person\/cb76c8e1b8becc6be61fb5e92d6d0224\",\"name\":\"LA REDACTION\",\"image\":{\"@type\":\"ImageObject\",\"inLanguage\":\"fr-FR\",\"@id\":\"https:\/\/www.public.sn\/#\/schema\/person\/image\/\",\"url\":\"https:\/\/secure.gravatar.com\/avatar\/2dce5ddd34b8fef0180efe03aa2a9bee7d953856048f9a16b298190a3178407c?s=96&d=mm&r=g\",\"contentUrl\":\"https:\/\/secure.gravatar.com\/avatar\/2dce5ddd34b8fef0180efe03aa2a9bee7d953856048f9a16b298190a3178407c?s=96&d=mm&r=g\",\"caption\":\"LA REDACTION\"},\"url\":\"https:\/\/www.public.sn\/index.php\/author\/editeurpsn\/\"}]}<\/script>\n<!-- \/ Yoast SEO plugin. -->","yoast_head_json":{"title":"Foot\u00a0: Forfait de Sadio pour le Mondial. - LE PUBLIC","robots":{"index":"index","follow":"follow","max-snippet":"max-snippet:-1","max-image-preview":"max-image-preview:large","max-video-preview":"max-video-preview:-1"},"canonical":"https:\/\/www.public.sn\/index.php\/2022\/11\/09\/foot-forfait-de-sadio-pour-le-mondial\/","og_locale":"fr_FR","og_type":"article","og_title":"Foot\u00a0: Forfait de Sadio pour le Mondial. - LE PUBLIC","og_description":"Forfait annonc\u00e9 de Sadio Man\u00e9 \u00e0 la coupe du monde de Qatar 2024. C\u2019est le Journal sp\u00e9cialis\u00e9 \u00ab\u00a0Equipe\u00a0\u00bb qui annonce la nouvelle alors que Figaro avance que c\u2019est le S\u00e9n\u00e9gal qui perd son meilleur joueur pour la coupe du monde. Le Journal allemand Bild affirme que Sadio Man\u00e9 ne pourra pas participer au mondial car sa blessure n\u00e9cessite une indisponibilit\u00e9 de 3 \u00e0 4 semaines selon RFI. Un coup de tonnerre pour le monde du football s\u00e9n\u00e9galais. Il faut toutefois dire que d\u2019autres informations avancent que le forfait n\u2019est pas encore s\u00fbr et que le club du Bayern n\u2019a toujours pas communiqu\u00e9 sur un probable forfait. Samba SY.","og_url":"https:\/\/www.public.sn\/index.php\/2022\/11\/09\/foot-forfait-de-sadio-pour-le-mondial\/","og_site_name":"LE PUBLIC","article_published_time":"2022-11-09T12:13:48+00:00","article_modified_time":"2022-11-09T12:13:52+00:00","og_image":[{"width":1200,"height":675,"url":"https:\/\/www.public.sn\/wp-content\/uploads\/2022\/11\/sadio-mane.jpg","type":"image\/jpeg"}],"author":"LA REDACTION","twitter_card":"summary_large_image","twitter_misc":{"\u00c9crit par":"LA REDACTION","Dur\u00e9e de lecture estim\u00e9e":"1 minute"},"schema":{"@context":"https:\/\/schema.org","@graph":[{"@type":"Article","@id":"https:\/\/www.public.sn\/index.php\/2022\/11\/09\/foot-forfait-de-sadio-pour-le-mondial\/#article","isPartOf":{"@id":"https:\/\/www.public.sn\/index.php\/2022\/11\/09\/foot-forfait-de-sadio-pour-le-mondial\/"},"author":{"name":"LA REDACTION","@id":"https:\/\/www.public.sn\/#\/schema\/person\/cb76c8e1b8becc6be61fb5e92d6d0224"},"headline":"Foot\u00a0: Forfait de Sadio pour le Mondial.","datePublished":"2022-11-09T12:13:48+00:00","dateModified":"2022-11-09T12:13:52+00:00","mainEntityOfPage":{"@id":"https:\/\/www.public.sn\/index.php\/2022\/11\/09\/foot-forfait-de-sadio-pour-le-mondial\/"},"wordCount":122,"commentCount":0,"publisher":{"@id":"https:\/\/www.public.sn\/#organization"},"image":{"@id":"https:\/\/www.public.sn\/index.php\/2022\/11\/09\/foot-forfait-de-sadio-pour-le-mondial\/#primaryimage"},"thumbnailUrl":"https:\/\/www.public.sn\/wp-content\/uploads\/2022\/11\/sadio-mane.jpg","keywords":["forfait sadio","mondial","qatar"],"articleSection":["ACTUALIT\u00c9S","S\u00c9N\u00c9GAL","SPORTS","VEDETTE"],"inLanguage":"fr-FR","potentialAction":[{"@type":"CommentAction","name":"Comment","target":["https:\/\/www.public.sn\/index.php\/2022\/11\/09\/foot-forfait-de-sadio-pour-le-mondial\/#respond"]}]},{"@type":"WebPage","@id":"https:\/\/www.public.sn\/index.php\/2022\/11\/09\/foot-forfait-de-sadio-pour-le-mondial\/","url":"https:\/\/www.public.sn\/index.php\/2022\/11\/09\/foot-forfait-de-sadio-pour-le-mondial\/","name":"Foot\u00a0: Forfait de Sadio pour le Mondial. - LE PUBLIC","isPartOf":{"@id":"https:\/\/www.public.sn\/#website"},"primaryImageOfPage":{"@id":"https:\/\/www.public.sn\/index.php\/2022\/11\/09\/foot-forfait-de-sadio-pour-le-mondial\/#primaryimage"},"image":{"@id":"https:\/\/www.public.sn\/index.php\/2022\/11\/09\/foot-forfait-de-sadio-pour-le-mondial\/#primaryimage"},"thumbnailUrl":"https:\/\/www.public.sn\/wp-content\/uploads\/2022\/11\/sadio-mane.jpg","datePublished":"2022-11-09T12:13:48+00:00","dateModified":"2022-11-09T12:13:52+00:00","breadcrumb":{"@id":"https:\/\/www.public.sn\/index.php\/2022\/11\/09\/foot-forfait-de-sadio-pour-le-mondial\/#breadcrumb"},"inLanguage":"fr-FR","potentialAction":[{"@type":"ReadAction","target":["https:\/\/www.public.sn\/index.php\/2022\/11\/09\/foot-forfait-de-sadio-pour-le-mondial\/"]}]},{"@type":"ImageObject","inLanguage":"fr-FR","@id":"https:\/\/www.public.sn\/index.php\/2022\/11\/09\/foot-forfait-de-sadio-pour-le-mondial\/#primaryimage","url":"https:\/\/www.public.sn\/wp-content\/uploads\/2022\/11\/sadio-mane.jpg","contentUrl":"https:\/\/www.public.sn\/wp-content\/uploads\/2022\/11\/sadio-mane.jpg","width":1200,"height":675,"caption":"publicsn"},{"@type":"BreadcrumbList","@id":"https:\/\/www.public.sn\/index.php\/2022\/11\/09\/foot-forfait-de-sadio-pour-le-mondial\/#breadcrumb","itemListElement":[{"@type":"ListItem","position":1,"name":"Accueil","item":"https:\/\/www.public.sn\/"},{"@type":"ListItem","position":2,"name":"Foot\u00a0: Forfait de Sadio pour le Mondial."}]},{"@type":"WebSite","@id":"https:\/\/www.public.sn\/#website","url":"https:\/\/www.public.sn\/","name":"LE PUBLIC","description":"","publisher":{"@id":"https:\/\/www.public.sn\/#organization"},"potentialAction":[{"@type":"SearchAction","target":{"@type":"EntryPoint","urlTemplate":"https:\/\/www.public.sn\/?s={search_term_string}"},"query-input":{"@type":"PropertyValueSpecification","valueRequired":true,"valueName":"search_term_string"}}],"inLanguage":"fr-FR"},{"@type":"Organization","@id":"https:\/\/www.public.sn\/#organization","name":"LE PUBLIC","url":"https:\/\/www.public.sn\/","logo":{"@type":"ImageObject","inLanguage":"fr-FR","@id":"https:\/\/www.public.sn\/#\/schema\/logo\/image\/","url":"https:\/\/www.public.sn\/wp-content\/uploads\/2024\/05\/cropped-LOGO-PUBLIC.SN_.png","contentUrl":"https:\/\/www.public.sn\/wp-content\/uploads\/2024\/05\/cropped-LOGO-PUBLIC.SN_.png","width":682,"height":192,"caption":"LE PUBLIC"},"image":{"@id":"https:\/\/www.public.sn\/#\/schema\/logo\/image\/"}},{"@type":"Person","@id":"https:\/\/www.public.sn\/#\/schema\/person\/cb76c8e1b8becc6be61fb5e92d6d0224","name":"LA REDACTION","image":{"@type":"ImageObject","inLanguage":"fr-FR","@id":"https:\/\/www.public.sn\/#\/schema\/person\/image\/","url":"https:\/\/secure.gravatar.com\/avatar\/2dce5ddd34b8fef0180efe03aa2a9bee7d953856048f9a16b298190a3178407c?s=96&d=mm&r=g","contentUrl":"https:\/\/secure.gravatar.com\/avatar\/2dce5ddd34b8fef0180efe03aa2a9bee7d953856048f9a16b298190a3178407c?s=96&d=mm&r=g","caption":"LA REDACTION"},"url":"https:\/\/www.public.sn\/index.php\/author\/editeurpsn\/"}]}},"jetpack_featured_media_url":"https:\/\/www.public.sn\/wp-content\/uploads\/2022\/11\/sadio-mane.jpg","jetpack_sharing_enabled":true,"_links":{"self":[{"href":"https:\/\/www.public.sn\/index.php\/wp-json\/wp\/v2\/posts\/7693","targetHints":{"allow":["GET"]}}],"collection":[{"href":"https:\/\/www.public.sn\/index.php\/wp-json\/wp\/v2\/posts"}],"about":[{"href":"https:\/\/www.public.sn\/index.php\/wp-json\/wp\/v2\/types\/post"}],"author":[{"embeddable":true,"href":"https:\/\/www.public.sn\/index.php\/wp-json\/wp\/v2\/users\/7"}],"replies":[{"embeddable":true,"href":"https:\/\/www.public.sn\/index.php\/wp-json\/wp\/v2\/comments?post=7693"}],"version-history":[{"count":2,"href":"https:\/\/www.public.sn\/index.php\/wp-json\/wp\/v2\/posts\/7693\/revisions"}],"predecessor-version":[{"id":7697,"href":"https:\/\/www.public.sn\/index.php\/wp-json\/wp\/v2\/posts\/7693\/revisions\/7697"}],"wp:featuredmedia":[{"embeddable":true,"href":"https:\/\/www.public.sn\/index.php\/wp-json\/wp\/v2\/media\/7695"}],"wp:attachment":[{"href":"https:\/\/www.public.sn\/index.php\/wp-json\/wp\/v2\/media?parent=7693"}],"wp:term":[{"taxonomy":"category","embeddable":true,"href":"https:\/\/www.public.sn\/index.php\/wp-json\/wp\/v2\/categories?post=7693"},{"taxonomy":"post_tag","embeddable":true,"href":"https:\/\/www.public.sn\/index.php\/wp-json\/wp\/v2\/tags?post=7693"}],"curies":[{"name":"wp","href":"https:\/\/api.w.org\/{rel}","templated":true}]}}