{"id":7715,"date":"2022-11-09T13:24:01","date_gmt":"2022-11-09T13:24:01","guid":{"rendered":"https:\/\/www.public.sn\/?p=7715"},"modified":"2022-11-09T13:24:03","modified_gmt":"2022-11-09T13:24:03","slug":"communique-du-ministere-de-la-defense-sur-larrestation-de-pape-ale","status":"publish","type":"post","link":"https:\/\/www.public.sn\/index.php\/2022\/11\/09\/communique-du-ministere-de-la-defense-sur-larrestation-de-pape-ale\/","title":{"rendered":"Communiqu\u00e9 du minist\u00e8re de la d\u00e9fense sur l\u2019arrestation de Pape Al\u00e9."},"content":{"rendered":"\n<p><\/p>\n\n\n\n<p><strong>Dans un communiqu\u00e9, le ministre de la D\u00e9fense souligne que la protection du secret relatif \u00e0 la d\u00e9fense nationale \u00a0est applicable \u00e0 l\u2019ensemble des citoyens s\u00e9n\u00e9galais (civils ou militaires) et aux \u00e9trangers qui, sans en avoir la qualit\u00e9, proc\u00e8dent \u00e0 la divulgation ou diffusion, malveillante ou non, des informations y relatives. Tout contrevenant \u00e0 ces dispositions devra faire face \u00e0 l\u2019application stricte de la Loi.<\/strong><\/p><div class=\"publi-paragraphe1\" style=\"margin-top: 10px;margin-bottom: 10px;margin-left: auto;margin-right: auto;text-align: center;\" id=\"publi-821683382\"><div class=\"publi-adlabel\">Publicit\u00e9<\/div><script async src=\"\/\/pagead2.googlesyndication.com\/pagead\/js\/adsbygoogle.js?client=ca-pub-4089586018074219\" crossorigin=\"anonymous\"><\/script><ins class=\"adsbygoogle\" style=\"display:block;\" data-ad-client=\"ca-pub-4089586018074219\" \ndata-ad-slot=\"2087940154\" \ndata-ad-format=\"auto\"><\/ins>\n<script> \n(adsbygoogle = window.adsbygoogle || []).push({}); \n<\/script>\n<\/div>\n\n\n\n<p><\/p>\n\n\n\n<p>Pour Me Sidiki Kaba \u00ab\u00a0Ces crimes et d\u00e9lits pour atteintes \u00e0 la d\u00e9fense nationale sont \u00a0sanctionn\u00e9es par le Code p\u00e9nal s\u00e9n\u00e9galais en ses articles 60. Et notamment l\u2019article 64 qui vise toute personne qui \u00a0sans intention de trahison ou d\u2019espionnage, aura port\u00e9 \u00e0 la connaissance d\u2019une personne non qualifi\u00e9e ou du public une information militaire non rendue publique par l\u2019autorit\u00e9 comp\u00e9tente\u2026. Tous les documents ayant trait \u00e0 la pr\u00e9paration et \u00e0 la conduite des op\u00e9rations, non rendus publics par l\u2019Etat-major g\u00e9n\u00e9ral des Arm\u00e9es entrent dans cette cat\u00e9gorie. Leur diffusion ou divulgation tombent sous le coup de la loi\u00bb<\/p>\n\n\n\n<p><\/p>\n\n\n\n<p>Le communiqu\u00e9 du minist\u00e8re de la d\u00e9fense \u00a0souligne que que \u00ab\u00a0le d\u00e9cret en 4\u00e8re r\u00e9f\u00e9rence et son instruction d\u2019application pr\u00e9cisent par ailleurs les diff\u00e9rentes classifications des informations consid\u00e9r\u00e9es comme secr\u00e8tes et rappellent les dispositions relatives \u00e0 la mise en jeu de la responsabilit\u00e9 p\u00e9nale des contrevenants. Il y a lieu de rappeler que les sanctions p\u00e9nales pr\u00e9vues par le code de justice militaire cit\u00e9e en deuxi\u00e8me r\u00e9f\u00e9rence, applicables aux militaires et paramilitaires ainsi qu\u2019\u00e0 leurs complices civils dans certains cas, sont beaucoup plus s\u00e9v\u00e8res\u00a0\u00bb.<\/p>\n\n\n\n<p><\/p>\n\n\n\n<p>Aux &nbsp;diff\u00e9rents acteurs intervenant dans le champ de la diffusion de l\u2019information, \u00e0 titre professionnel ou non, le ministre leur demande de pr\u00eater une attention particuli\u00e8re \u00e0 ne pas diffuser ou relayer des informations susceptibles de porter atteinte \u00e0 la D\u00e9fense nationale, quel qu\u2019en soit le support et par quelque moyen qu\u2019ils l\u2019ont acquis sinon ils seront sous le coup de la Loi.<\/p>\n\n\n\n<p>Samba SY.<\/p>\n<div class=\"publi-apres-le-contenu\" style=\"margin-top: 10px;margin-bottom: 10px;margin-left: auto;margin-right: auto;text-align: center;\" id=\"publi-3519067053\"><div class=\"publi-adlabel\">Publicit\u00e9<\/div><script async src=\"\/\/pagead2.googlesyndication.com\/pagead\/js\/adsbygoogle.js?client=ca-pub-4089586018074219\" crossorigin=\"anonymous\"><\/script><ins class=\"adsbygoogle\" style=\"display:block;\" data-ad-client=\"ca-pub-4089586018074219\" \ndata-ad-slot=\"2087940154\" \ndata-ad-format=\"auto\"><\/ins>\n<script> \n(adsbygoogle = window.adsbygoogle || []).push({}); \n<\/script>\n<\/div>","protected":false},"excerpt":{"rendered":"<p>Dans un communiqu\u00e9, le ministre de la D\u00e9fense souligne que la protection du secret relatif \u00e0 la d\u00e9fense nationale \u00a0est applicable \u00e0 l\u2019ensemble des citoyens s\u00e9n\u00e9galais (civils ou militaires) et aux \u00e9trangers qui, sans en avoir la qualit\u00e9, proc\u00e8dent \u00e0 la divulgation ou diffusion, malveillante ou non, des informations y relatives. Tout contrevenant \u00e0 ces dispositions devra faire face \u00e0 l\u2019application stricte de la Loi. Pour Me Sidiki Kaba \u00ab\u00a0Ces crimes et d\u00e9lits pour atteintes \u00e0 la d\u00e9fense nationale sont \u00a0sanctionn\u00e9es par le Code p\u00e9nal s\u00e9n\u00e9galais en ses articles 60. Et notamment l\u2019article 64 qui vise toute personne qui \u00a0sans intention de trahison ou d\u2019espionnage, aura port\u00e9 \u00e0 la connaissance d\u2019une personne non qualifi\u00e9e ou du public une information militaire non rendue publique par l\u2019autorit\u00e9 comp\u00e9tente\u2026. Tous les documents ayant trait \u00e0 la pr\u00e9paration et \u00e0 la conduite des op\u00e9rations, non rendus publics par l\u2019Etat-major g\u00e9n\u00e9ral des Arm\u00e9es entrent dans cette cat\u00e9gorie. Leur diffusion ou divulgation tombent sous le coup de la loi\u00bb Le communiqu\u00e9 du minist\u00e8re de la d\u00e9fense \u00a0souligne que que \u00ab\u00a0le d\u00e9cret en 4\u00e8re r\u00e9f\u00e9rence et son instruction d\u2019application pr\u00e9cisent par ailleurs les diff\u00e9rentes classifications des informations consid\u00e9r\u00e9es comme secr\u00e8tes et rappellent les dispositions relatives \u00e0 la mise en jeu de la responsabilit\u00e9 p\u00e9nale des contrevenants. Il y a lieu de rappeler que les sanctions p\u00e9nales pr\u00e9vues par le code de justice militaire cit\u00e9e en deuxi\u00e8me r\u00e9f\u00e9rence, applicables aux militaires et paramilitaires ainsi qu\u2019\u00e0 leurs complices civils dans certains cas, sont beaucoup plus s\u00e9v\u00e8res\u00a0\u00bb. Aux &nbsp;diff\u00e9rents acteurs intervenant dans le champ de la diffusion de l\u2019information, \u00e0 titre professionnel ou non, le ministre leur demande de pr\u00eater une attention particuli\u00e8re \u00e0 ne pas diffuser ou relayer des informations susceptibles de porter atteinte \u00e0 la D\u00e9fense nationale, quel qu\u2019en soit le support et par quelque moyen qu\u2019ils l\u2019ont acquis sinon ils seront sous le coup de la Loi. Samba SY.<\/p>\n","protected":false},"author":7,"featured_media":7717,"comment_status":"open","ping_status":"open","sticky":false,"template":"","format":"standard","meta":{"_jetpack_memberships_contains_paid_content":false,"footnotes":""},"categories":[375,1,4],"tags":[2644,1827,2643],"class_list":["post-7715","post","type-post","status-publish","format-standard","has-post-thumbnail","hentry","category-actualites","category-non-classe","category-societe","tag-affaire-ale-niang","tag-arrestations","tag-communique-ministere-de-la-defense","entry","has-media","owp-thumbs-layout-horizontal","owp-btn-normal","owp-tabs-layout-horizontal","has-no-thumbnails","has-product-nav"],"yoast_head":"<!-- This site is optimized with the Yoast SEO plugin v25.5 - https:\/\/yoast.com\/wordpress\/plugins\/seo\/ -->\n<title>Communiqu\u00e9 du minist\u00e8re de la d\u00e9fense sur l\u2019arrestation de Pape Al\u00e9. - LE PUBLIC<\/title>\n<meta name=\"robots\" content=\"index, follow, max-snippet:-1, max-image-preview:large, max-video-preview:-1\" \/>\n<link rel=\"canonical\" href=\"https:\/\/www.public.sn\/index.php\/2022\/11\/09\/communique-du-ministere-de-la-defense-sur-larrestation-de-pape-ale\/\" \/>\n<meta property=\"og:locale\" content=\"fr_FR\" \/>\n<meta property=\"og:type\" content=\"article\" \/>\n<meta property=\"og:title\" content=\"Communiqu\u00e9 du minist\u00e8re de la d\u00e9fense sur l\u2019arrestation de Pape Al\u00e9. - LE PUBLIC\" \/>\n<meta property=\"og:description\" content=\"Dans un communiqu\u00e9, le ministre de la D\u00e9fense souligne que la protection du secret relatif \u00e0 la d\u00e9fense nationale \u00a0est applicable \u00e0 l\u2019ensemble des citoyens s\u00e9n\u00e9galais (civils ou militaires) et aux \u00e9trangers qui, sans en avoir la qualit\u00e9, proc\u00e8dent \u00e0 la divulgation ou diffusion, malveillante ou non, des informations y relatives. Tout contrevenant \u00e0 ces dispositions devra faire face \u00e0 l\u2019application stricte de la Loi. Pour Me Sidiki Kaba \u00ab\u00a0Ces crimes et d\u00e9lits pour atteintes \u00e0 la d\u00e9fense nationale sont \u00a0sanctionn\u00e9es par le Code p\u00e9nal s\u00e9n\u00e9galais en ses articles 60. Et notamment l\u2019article 64 qui vise toute personne qui \u00a0sans intention de trahison ou d\u2019espionnage, aura port\u00e9 \u00e0 la connaissance d\u2019une personne non qualifi\u00e9e ou du public une information militaire non rendue publique par l\u2019autorit\u00e9 comp\u00e9tente\u2026. Tous les documents ayant trait \u00e0 la pr\u00e9paration et \u00e0 la conduite des op\u00e9rations, non rendus publics par l\u2019Etat-major g\u00e9n\u00e9ral des Arm\u00e9es entrent dans cette cat\u00e9gorie. Leur diffusion ou divulgation tombent sous le coup de la loi\u00bb Le communiqu\u00e9 du minist\u00e8re de la d\u00e9fense \u00a0souligne que que \u00ab\u00a0le d\u00e9cret en 4\u00e8re r\u00e9f\u00e9rence et son instruction d\u2019application pr\u00e9cisent par ailleurs les diff\u00e9rentes classifications des informations consid\u00e9r\u00e9es comme secr\u00e8tes et rappellent les dispositions relatives \u00e0 la mise en jeu de la responsabilit\u00e9 p\u00e9nale des contrevenants. Il y a lieu de rappeler que les sanctions p\u00e9nales pr\u00e9vues par le code de justice militaire cit\u00e9e en deuxi\u00e8me r\u00e9f\u00e9rence, applicables aux militaires et paramilitaires ainsi qu\u2019\u00e0 leurs complices civils dans certains cas, sont beaucoup plus s\u00e9v\u00e8res\u00a0\u00bb. Aux &nbsp;diff\u00e9rents acteurs intervenant dans le champ de la diffusion de l\u2019information, \u00e0 titre professionnel ou non, le ministre leur demande de pr\u00eater une attention particuli\u00e8re \u00e0 ne pas diffuser ou relayer des informations susceptibles de porter atteinte \u00e0 la D\u00e9fense nationale, quel qu\u2019en soit le support et par quelque moyen qu\u2019ils l\u2019ont acquis sinon ils seront sous le coup de la Loi. Samba SY.\" \/>\n<meta property=\"og:url\" content=\"https:\/\/www.public.sn\/index.php\/2022\/11\/09\/communique-du-ministere-de-la-defense-sur-larrestation-de-pape-ale\/\" \/>\n<meta property=\"og:site_name\" content=\"LE PUBLIC\" \/>\n<meta property=\"article:published_time\" content=\"2022-11-09T13:24:01+00:00\" \/>\n<meta property=\"article:modified_time\" content=\"2022-11-09T13:24:03+00:00\" \/>\n<meta property=\"og:image\" content=\"https:\/\/www.public.sn\/wp-content\/uploads\/2022\/11\/me-sidiki-kaba.png\" \/>\n\t<meta property=\"og:image:width\" content=\"720\" \/>\n\t<meta property=\"og:image:height\" content=\"518\" \/>\n\t<meta property=\"og:image:type\" content=\"image\/png\" \/>\n<meta name=\"author\" content=\"LA REDACTION\" \/>\n<meta name=\"twitter:card\" content=\"summary_large_image\" \/>\n<meta name=\"twitter:label1\" content=\"\u00c9crit par\" \/>\n\t<meta name=\"twitter:data1\" content=\"LA REDACTION\" \/>\n\t<meta name=\"twitter:label2\" content=\"Dur\u00e9e de lecture estim\u00e9e\" \/>\n\t<meta name=\"twitter:data2\" content=\"2 minutes\" \/>\n<script type=\"application\/ld+json\" class=\"yoast-schema-graph\">{\"@context\":\"https:\/\/schema.org\",\"@graph\":[{\"@type\":\"Article\",\"@id\":\"https:\/\/www.public.sn\/index.php\/2022\/11\/09\/communique-du-ministere-de-la-defense-sur-larrestation-de-pape-ale\/#article\",\"isPartOf\":{\"@id\":\"https:\/\/www.public.sn\/index.php\/2022\/11\/09\/communique-du-ministere-de-la-defense-sur-larrestation-de-pape-ale\/\"},\"author\":{\"name\":\"LA REDACTION\",\"@id\":\"https:\/\/www.public.sn\/#\/schema\/person\/cb76c8e1b8becc6be61fb5e92d6d0224\"},\"headline\":\"Communiqu\u00e9 du minist\u00e8re de la d\u00e9fense sur l\u2019arrestation de Pape Al\u00e9.\",\"datePublished\":\"2022-11-09T13:24:01+00:00\",\"dateModified\":\"2022-11-09T13:24:03+00:00\",\"mainEntityOfPage\":{\"@id\":\"https:\/\/www.public.sn\/index.php\/2022\/11\/09\/communique-du-ministere-de-la-defense-sur-larrestation-de-pape-ale\/\"},\"wordCount\":366,\"commentCount\":0,\"publisher\":{\"@id\":\"https:\/\/www.public.sn\/#organization\"},\"image\":{\"@id\":\"https:\/\/www.public.sn\/index.php\/2022\/11\/09\/communique-du-ministere-de-la-defense-sur-larrestation-de-pape-ale\/#primaryimage\"},\"thumbnailUrl\":\"https:\/\/www.public.sn\/wp-content\/uploads\/2022\/11\/me-sidiki-kaba.png\",\"keywords\":[\"affaire al\u00e9 niang\",\"arrestations\",\"communique ministere de la defense\"],\"articleSection\":[\"ACTUALIT\u00c9S\",\"S\u00c9N\u00c9GAL\",\"SOCIETE\"],\"inLanguage\":\"fr-FR\",\"potentialAction\":[{\"@type\":\"CommentAction\",\"name\":\"Comment\",\"target\":[\"https:\/\/www.public.sn\/index.php\/2022\/11\/09\/communique-du-ministere-de-la-defense-sur-larrestation-de-pape-ale\/#respond\"]}]},{\"@type\":\"WebPage\",\"@id\":\"https:\/\/www.public.sn\/index.php\/2022\/11\/09\/communique-du-ministere-de-la-defense-sur-larrestation-de-pape-ale\/\",\"url\":\"https:\/\/www.public.sn\/index.php\/2022\/11\/09\/communique-du-ministere-de-la-defense-sur-larrestation-de-pape-ale\/\",\"name\":\"Communiqu\u00e9 du minist\u00e8re de la d\u00e9fense sur l\u2019arrestation de Pape Al\u00e9. - LE PUBLIC\",\"isPartOf\":{\"@id\":\"https:\/\/www.public.sn\/#website\"},\"primaryImageOfPage\":{\"@id\":\"https:\/\/www.public.sn\/index.php\/2022\/11\/09\/communique-du-ministere-de-la-defense-sur-larrestation-de-pape-ale\/#primaryimage\"},\"image\":{\"@id\":\"https:\/\/www.public.sn\/index.php\/2022\/11\/09\/communique-du-ministere-de-la-defense-sur-larrestation-de-pape-ale\/#primaryimage\"},\"thumbnailUrl\":\"https:\/\/www.public.sn\/wp-content\/uploads\/2022\/11\/me-sidiki-kaba.png\",\"datePublished\":\"2022-11-09T13:24:01+00:00\",\"dateModified\":\"2022-11-09T13:24:03+00:00\",\"breadcrumb\":{\"@id\":\"https:\/\/www.public.sn\/index.php\/2022\/11\/09\/communique-du-ministere-de-la-defense-sur-larrestation-de-pape-ale\/#breadcrumb\"},\"inLanguage\":\"fr-FR\",\"potentialAction\":[{\"@type\":\"ReadAction\",\"target\":[\"https:\/\/www.public.sn\/index.php\/2022\/11\/09\/communique-du-ministere-de-la-defense-sur-larrestation-de-pape-ale\/\"]}]},{\"@type\":\"ImageObject\",\"inLanguage\":\"fr-FR\",\"@id\":\"https:\/\/www.public.sn\/index.php\/2022\/11\/09\/communique-du-ministere-de-la-defense-sur-larrestation-de-pape-ale\/#primaryimage\",\"url\":\"https:\/\/www.public.sn\/wp-content\/uploads\/2022\/11\/me-sidiki-kaba.png\",\"contentUrl\":\"https:\/\/www.public.sn\/wp-content\/uploads\/2022\/11\/me-sidiki-kaba.png\",\"width\":720,\"height\":518,\"caption\":\"publicsn\"},{\"@type\":\"BreadcrumbList\",\"@id\":\"https:\/\/www.public.sn\/index.php\/2022\/11\/09\/communique-du-ministere-de-la-defense-sur-larrestation-de-pape-ale\/#breadcrumb\",\"itemListElement\":[{\"@type\":\"ListItem\",\"position\":1,\"name\":\"Accueil\",\"item\":\"https:\/\/www.public.sn\/\"},{\"@type\":\"ListItem\",\"position\":2,\"name\":\"Communiqu\u00e9 du minist\u00e8re de la d\u00e9fense sur l\u2019arrestation de Pape Al\u00e9.\"}]},{\"@type\":\"WebSite\",\"@id\":\"https:\/\/www.public.sn\/#website\",\"url\":\"https:\/\/www.public.sn\/\",\"name\":\"LE PUBLIC\",\"description\":\"\",\"publisher\":{\"@id\":\"https:\/\/www.public.sn\/#organization\"},\"potentialAction\":[{\"@type\":\"SearchAction\",\"target\":{\"@type\":\"EntryPoint\",\"urlTemplate\":\"https:\/\/www.public.sn\/?s={search_term_string}\"},\"query-input\":{\"@type\":\"PropertyValueSpecification\",\"valueRequired\":true,\"valueName\":\"search_term_string\"}}],\"inLanguage\":\"fr-FR\"},{\"@type\":\"Organization\",\"@id\":\"https:\/\/www.public.sn\/#organization\",\"name\":\"LE PUBLIC\",\"url\":\"https:\/\/www.public.sn\/\",\"logo\":{\"@type\":\"ImageObject\",\"inLanguage\":\"fr-FR\",\"@id\":\"https:\/\/www.public.sn\/#\/schema\/logo\/image\/\",\"url\":\"https:\/\/www.public.sn\/wp-content\/uploads\/2024\/05\/cropped-LOGO-PUBLIC.SN_.png\",\"contentUrl\":\"https:\/\/www.public.sn\/wp-content\/uploads\/2024\/05\/cropped-LOGO-PUBLIC.SN_.png\",\"width\":682,\"height\":192,\"caption\":\"LE PUBLIC\"},\"image\":{\"@id\":\"https:\/\/www.public.sn\/#\/schema\/logo\/image\/\"}},{\"@type\":\"Person\",\"@id\":\"https:\/\/www.public.sn\/#\/schema\/person\/cb76c8e1b8becc6be61fb5e92d6d0224\",\"name\":\"LA REDACTION\",\"image\":{\"@type\":\"ImageObject\",\"inLanguage\":\"fr-FR\",\"@id\":\"https:\/\/www.public.sn\/#\/schema\/person\/image\/\",\"url\":\"https:\/\/secure.gravatar.com\/avatar\/2dce5ddd34b8fef0180efe03aa2a9bee7d953856048f9a16b298190a3178407c?s=96&d=mm&r=g\",\"contentUrl\":\"https:\/\/secure.gravatar.com\/avatar\/2dce5ddd34b8fef0180efe03aa2a9bee7d953856048f9a16b298190a3178407c?s=96&d=mm&r=g\",\"caption\":\"LA REDACTION\"},\"url\":\"https:\/\/www.public.sn\/index.php\/author\/editeurpsn\/\"}]}<\/script>\n<!-- \/ Yoast SEO plugin. -->","yoast_head_json":{"title":"Communiqu\u00e9 du minist\u00e8re de la d\u00e9fense sur l\u2019arrestation de Pape Al\u00e9. - LE PUBLIC","robots":{"index":"index","follow":"follow","max-snippet":"max-snippet:-1","max-image-preview":"max-image-preview:large","max-video-preview":"max-video-preview:-1"},"canonical":"https:\/\/www.public.sn\/index.php\/2022\/11\/09\/communique-du-ministere-de-la-defense-sur-larrestation-de-pape-ale\/","og_locale":"fr_FR","og_type":"article","og_title":"Communiqu\u00e9 du minist\u00e8re de la d\u00e9fense sur l\u2019arrestation de Pape Al\u00e9. - LE PUBLIC","og_description":"Dans un communiqu\u00e9, le ministre de la D\u00e9fense souligne que la protection du secret relatif \u00e0 la d\u00e9fense nationale \u00a0est applicable \u00e0 l\u2019ensemble des citoyens s\u00e9n\u00e9galais (civils ou militaires) et aux \u00e9trangers qui, sans en avoir la qualit\u00e9, proc\u00e8dent \u00e0 la divulgation ou diffusion, malveillante ou non, des informations y relatives. Tout contrevenant \u00e0 ces dispositions devra faire face \u00e0 l\u2019application stricte de la Loi. Pour Me Sidiki Kaba \u00ab\u00a0Ces crimes et d\u00e9lits pour atteintes \u00e0 la d\u00e9fense nationale sont \u00a0sanctionn\u00e9es par le Code p\u00e9nal s\u00e9n\u00e9galais en ses articles 60. Et notamment l\u2019article 64 qui vise toute personne qui \u00a0sans intention de trahison ou d\u2019espionnage, aura port\u00e9 \u00e0 la connaissance d\u2019une personne non qualifi\u00e9e ou du public une information militaire non rendue publique par l\u2019autorit\u00e9 comp\u00e9tente\u2026. Tous les documents ayant trait \u00e0 la pr\u00e9paration et \u00e0 la conduite des op\u00e9rations, non rendus publics par l\u2019Etat-major g\u00e9n\u00e9ral des Arm\u00e9es entrent dans cette cat\u00e9gorie. Leur diffusion ou divulgation tombent sous le coup de la loi\u00bb Le communiqu\u00e9 du minist\u00e8re de la d\u00e9fense \u00a0souligne que que \u00ab\u00a0le d\u00e9cret en 4\u00e8re r\u00e9f\u00e9rence et son instruction d\u2019application pr\u00e9cisent par ailleurs les diff\u00e9rentes classifications des informations consid\u00e9r\u00e9es comme secr\u00e8tes et rappellent les dispositions relatives \u00e0 la mise en jeu de la responsabilit\u00e9 p\u00e9nale des contrevenants. Il y a lieu de rappeler que les sanctions p\u00e9nales pr\u00e9vues par le code de justice militaire cit\u00e9e en deuxi\u00e8me r\u00e9f\u00e9rence, applicables aux militaires et paramilitaires ainsi qu\u2019\u00e0 leurs complices civils dans certains cas, sont beaucoup plus s\u00e9v\u00e8res\u00a0\u00bb. Aux &nbsp;diff\u00e9rents acteurs intervenant dans le champ de la diffusion de l\u2019information, \u00e0 titre professionnel ou non, le ministre leur demande de pr\u00eater une attention particuli\u00e8re \u00e0 ne pas diffuser ou relayer des informations susceptibles de porter atteinte \u00e0 la D\u00e9fense nationale, quel qu\u2019en soit le support et par quelque moyen qu\u2019ils l\u2019ont acquis sinon ils seront sous le coup de la Loi. Samba SY.","og_url":"https:\/\/www.public.sn\/index.php\/2022\/11\/09\/communique-du-ministere-de-la-defense-sur-larrestation-de-pape-ale\/","og_site_name":"LE PUBLIC","article_published_time":"2022-11-09T13:24:01+00:00","article_modified_time":"2022-11-09T13:24:03+00:00","og_image":[{"width":720,"height":518,"url":"https:\/\/www.public.sn\/wp-content\/uploads\/2022\/11\/me-sidiki-kaba.png","type":"image\/png"}],"author":"LA REDACTION","twitter_card":"summary_large_image","twitter_misc":{"\u00c9crit par":"LA REDACTION","Dur\u00e9e de lecture estim\u00e9e":"2 minutes"},"schema":{"@context":"https:\/\/schema.org","@graph":[{"@type":"Article","@id":"https:\/\/www.public.sn\/index.php\/2022\/11\/09\/communique-du-ministere-de-la-defense-sur-larrestation-de-pape-ale\/#article","isPartOf":{"@id":"https:\/\/www.public.sn\/index.php\/2022\/11\/09\/communique-du-ministere-de-la-defense-sur-larrestation-de-pape-ale\/"},"author":{"name":"LA REDACTION","@id":"https:\/\/www.public.sn\/#\/schema\/person\/cb76c8e1b8becc6be61fb5e92d6d0224"},"headline":"Communiqu\u00e9 du minist\u00e8re de la d\u00e9fense sur l\u2019arrestation de Pape Al\u00e9.","datePublished":"2022-11-09T13:24:01+00:00","dateModified":"2022-11-09T13:24:03+00:00","mainEntityOfPage":{"@id":"https:\/\/www.public.sn\/index.php\/2022\/11\/09\/communique-du-ministere-de-la-defense-sur-larrestation-de-pape-ale\/"},"wordCount":366,"commentCount":0,"publisher":{"@id":"https:\/\/www.public.sn\/#organization"},"image":{"@id":"https:\/\/www.public.sn\/index.php\/2022\/11\/09\/communique-du-ministere-de-la-defense-sur-larrestation-de-pape-ale\/#primaryimage"},"thumbnailUrl":"https:\/\/www.public.sn\/wp-content\/uploads\/2022\/11\/me-sidiki-kaba.png","keywords":["affaire al\u00e9 niang","arrestations","communique ministere de la defense"],"articleSection":["ACTUALIT\u00c9S","S\u00c9N\u00c9GAL","SOCIETE"],"inLanguage":"fr-FR","potentialAction":[{"@type":"CommentAction","name":"Comment","target":["https:\/\/www.public.sn\/index.php\/2022\/11\/09\/communique-du-ministere-de-la-defense-sur-larrestation-de-pape-ale\/#respond"]}]},{"@type":"WebPage","@id":"https:\/\/www.public.sn\/index.php\/2022\/11\/09\/communique-du-ministere-de-la-defense-sur-larrestation-de-pape-ale\/","url":"https:\/\/www.public.sn\/index.php\/2022\/11\/09\/communique-du-ministere-de-la-defense-sur-larrestation-de-pape-ale\/","name":"Communiqu\u00e9 du minist\u00e8re de la d\u00e9fense sur l\u2019arrestation de Pape Al\u00e9. - LE PUBLIC","isPartOf":{"@id":"https:\/\/www.public.sn\/#website"},"primaryImageOfPage":{"@id":"https:\/\/www.public.sn\/index.php\/2022\/11\/09\/communique-du-ministere-de-la-defense-sur-larrestation-de-pape-ale\/#primaryimage"},"image":{"@id":"https:\/\/www.public.sn\/index.php\/2022\/11\/09\/communique-du-ministere-de-la-defense-sur-larrestation-de-pape-ale\/#primaryimage"},"thumbnailUrl":"https:\/\/www.public.sn\/wp-content\/uploads\/2022\/11\/me-sidiki-kaba.png","datePublished":"2022-11-09T13:24:01+00:00","dateModified":"2022-11-09T13:24:03+00:00","breadcrumb":{"@id":"https:\/\/www.public.sn\/index.php\/2022\/11\/09\/communique-du-ministere-de-la-defense-sur-larrestation-de-pape-ale\/#breadcrumb"},"inLanguage":"fr-FR","potentialAction":[{"@type":"ReadAction","target":["https:\/\/www.public.sn\/index.php\/2022\/11\/09\/communique-du-ministere-de-la-defense-sur-larrestation-de-pape-ale\/"]}]},{"@type":"ImageObject","inLanguage":"fr-FR","@id":"https:\/\/www.public.sn\/index.php\/2022\/11\/09\/communique-du-ministere-de-la-defense-sur-larrestation-de-pape-ale\/#primaryimage","url":"https:\/\/www.public.sn\/wp-content\/uploads\/2022\/11\/me-sidiki-kaba.png","contentUrl":"https:\/\/www.public.sn\/wp-content\/uploads\/2022\/11\/me-sidiki-kaba.png","width":720,"height":518,"caption":"publicsn"},{"@type":"BreadcrumbList","@id":"https:\/\/www.public.sn\/index.php\/2022\/11\/09\/communique-du-ministere-de-la-defense-sur-larrestation-de-pape-ale\/#breadcrumb","itemListElement":[{"@type":"ListItem","position":1,"name":"Accueil","item":"https:\/\/www.public.sn\/"},{"@type":"ListItem","position":2,"name":"Communiqu\u00e9 du minist\u00e8re de la d\u00e9fense sur l\u2019arrestation de Pape Al\u00e9."}]},{"@type":"WebSite","@id":"https:\/\/www.public.sn\/#website","url":"https:\/\/www.public.sn\/","name":"LE PUBLIC","description":"","publisher":{"@id":"https:\/\/www.public.sn\/#organization"},"potentialAction":[{"@type":"SearchAction","target":{"@type":"EntryPoint","urlTemplate":"https:\/\/www.public.sn\/?s={search_term_string}"},"query-input":{"@type":"PropertyValueSpecification","valueRequired":true,"valueName":"search_term_string"}}],"inLanguage":"fr-FR"},{"@type":"Organization","@id":"https:\/\/www.public.sn\/#organization","name":"LE PUBLIC","url":"https:\/\/www.public.sn\/","logo":{"@type":"ImageObject","inLanguage":"fr-FR","@id":"https:\/\/www.public.sn\/#\/schema\/logo\/image\/","url":"https:\/\/www.public.sn\/wp-content\/uploads\/2024\/05\/cropped-LOGO-PUBLIC.SN_.png","contentUrl":"https:\/\/www.public.sn\/wp-content\/uploads\/2024\/05\/cropped-LOGO-PUBLIC.SN_.png","width":682,"height":192,"caption":"LE PUBLIC"},"image":{"@id":"https:\/\/www.public.sn\/#\/schema\/logo\/image\/"}},{"@type":"Person","@id":"https:\/\/www.public.sn\/#\/schema\/person\/cb76c8e1b8becc6be61fb5e92d6d0224","name":"LA REDACTION","image":{"@type":"ImageObject","inLanguage":"fr-FR","@id":"https:\/\/www.public.sn\/#\/schema\/person\/image\/","url":"https:\/\/secure.gravatar.com\/avatar\/2dce5ddd34b8fef0180efe03aa2a9bee7d953856048f9a16b298190a3178407c?s=96&d=mm&r=g","contentUrl":"https:\/\/secure.gravatar.com\/avatar\/2dce5ddd34b8fef0180efe03aa2a9bee7d953856048f9a16b298190a3178407c?s=96&d=mm&r=g","caption":"LA REDACTION"},"url":"https:\/\/www.public.sn\/index.php\/author\/editeurpsn\/"}]}},"jetpack_featured_media_url":"https:\/\/www.public.sn\/wp-content\/uploads\/2022\/11\/me-sidiki-kaba.png","jetpack_sharing_enabled":true,"_links":{"self":[{"href":"https:\/\/www.public.sn\/index.php\/wp-json\/wp\/v2\/posts\/7715","targetHints":{"allow":["GET"]}}],"collection":[{"href":"https:\/\/www.public.sn\/index.php\/wp-json\/wp\/v2\/posts"}],"about":[{"href":"https:\/\/www.public.sn\/index.php\/wp-json\/wp\/v2\/types\/post"}],"author":[{"embeddable":true,"href":"https:\/\/www.public.sn\/index.php\/wp-json\/wp\/v2\/users\/7"}],"replies":[{"embeddable":true,"href":"https:\/\/www.public.sn\/index.php\/wp-json\/wp\/v2\/comments?post=7715"}],"version-history":[{"count":2,"href":"https:\/\/www.public.sn\/index.php\/wp-json\/wp\/v2\/posts\/7715\/revisions"}],"predecessor-version":[{"id":7719,"href":"https:\/\/www.public.sn\/index.php\/wp-json\/wp\/v2\/posts\/7715\/revisions\/7719"}],"wp:featuredmedia":[{"embeddable":true,"href":"https:\/\/www.public.sn\/index.php\/wp-json\/wp\/v2\/media\/7717"}],"wp:attachment":[{"href":"https:\/\/www.public.sn\/index.php\/wp-json\/wp\/v2\/media?parent=7715"}],"wp:term":[{"taxonomy":"category","embeddable":true,"href":"https:\/\/www.public.sn\/index.php\/wp-json\/wp\/v2\/categories?post=7715"},{"taxonomy":"post_tag","embeddable":true,"href":"https:\/\/www.public.sn\/index.php\/wp-json\/wp\/v2\/tags?post=7715"}],"curies":[{"name":"wp","href":"https:\/\/api.w.org\/{rel}","templated":true}]}}