{"id":7748,"date":"2022-11-09T15:19:29","date_gmt":"2022-11-09T15:19:29","guid":{"rendered":"https:\/\/www.public.sn\/?p=7748"},"modified":"2022-11-09T15:19:56","modified_gmt":"2022-11-09T15:19:56","slug":"imam-mactar-ndiaye-la-mort-du-talibe-de-thies-est-un-acte-odieux","status":"publish","type":"post","link":"https:\/\/www.public.sn\/index.php\/2022\/11\/09\/imam-mactar-ndiaye-la-mort-du-talibe-de-thies-est-un-acte-odieux\/","title":{"rendered":"Imam Mactar Ndiaye\u00a0: \u00ab\u00a0La mort du talib\u00e9 de Thi\u00e8s est un acte odieux\u2026\u00a0\u00bb."},"content":{"rendered":"\n<p><\/p>\n\n\n\n<p>Imam Mactar Ndiaye, le charg\u00e9 de la communication de l\u2019association des Imams et Oul\u00e9mas du S\u00e9n\u00e9gal condamne avec \u00e9nergie la mort du talib\u00e9 Moustapha Samb \u00e0 Thi\u00e8s.<\/p><div class=\"publi-paragraphe1\" style=\"margin-top: 10px;margin-bottom: 10px;margin-left: auto;margin-right: auto;text-align: center;\" id=\"publi-291841242\"><div class=\"publi-adlabel\">Publicit\u00e9<\/div><script async src=\"\/\/pagead2.googlesyndication.com\/pagead\/js\/adsbygoogle.js?client=ca-pub-4089586018074219\" crossorigin=\"anonymous\"><\/script><ins class=\"adsbygoogle\" style=\"display:block;\" data-ad-client=\"ca-pub-4089586018074219\" \ndata-ad-slot=\"2087940154\" \ndata-ad-format=\"auto\"><\/ins>\n<script> \n(adsbygoogle = window.adsbygoogle || []).push({}); \n<\/script>\n<\/div>\n\n\n\n<p><\/p>\n\n\n\n<p> Pour lui \u00ab\u00a0cela est un acte odieux et prouve que certains maitres coranique sont tr\u00e8s n\u00e9gligeant. Quand un parent te confie son enfant, il faut \u00eatre tr\u00e8s regardant en son endroit. Les responsables de daaras doivent prendre des mesures s\u00e9curitaires, prot\u00e9ger les talib\u00e9s, les mettre \u00e0 l\u2019abri de tous danger\u00a0\u00bb l\u2019Imam poursuit pour dire \u00ab\u00a0qu\u2019un responsable de groupe doit avoir une certaine maturit\u00e9 pour pouvoir surveiller et canalise les talib\u00e9s. Si on prend un enfant immature qui a le m\u00eame \u00e2ge que les apprenants, il est possible que de pareils crimes ou incidents se produisent\u00a0\u00bb. <\/p>\n\n\n\n<p><\/p>\n\n\n\n<p>L\u2019occasion a \u00e9t\u00e9 \u00e9galement saisie par le charg\u00e9 de communication de l\u2019association des imams et Oul\u00e9mas du S\u00e9n\u00e9gal d\u2019interpeller le ministre de l\u2019\u00e9ducation. En effet \u00ab\u00a0il faut que les conditions pour ouvrir un daara soient plus contraignants. Vous voyez souvent des maitres coraniques ou des responsables de daaras qui ne sont jamais sur place et qui exercent d\u2019autres activit\u00e9s. Ils laissent les talib\u00e9s avec n\u2019importe qui, des responsables immatures qui n\u2019ont aucune exp\u00e9rience pour g\u00e9rer les enfants. Il faut aussi que la f\u00e9d\u00e9ration des maitres coraniques, qui par ailleurs fait un travail remarquables, m\u00e8ne des inspections permanentes et rigoureuse dans les daaras et les internats pour voir si les normes s\u00e9curitaires et sanitaires\u00a0 sont respect\u00e9es ou pas. Il y\u2019a des brebis galeuses partout comme on le voit dans d\u2019autres corps de m\u00e9tier et cela existe \u00e9galement dans les daaras et internats. Des gens qui ternissent l\u2019image des vrais maitres coraniques, des gens qui ne sont nullement des maitres coraniques et qui n\u2019ont aucune exp\u00e9rience, aucune connaissance dans ce domaine. Et si cela n\u2019est pas fait, de pareils crimes vont se r\u00e9p\u00e9ter\u00a0\u00bb pr\u00e9cise Imam Mactar Ndiaye.<\/p>\n\n\n\n<p>Samba SY.<\/p>\n<div class=\"publi-apres-le-contenu\" style=\"margin-top: 10px;margin-bottom: 10px;margin-left: auto;margin-right: auto;text-align: center;\" id=\"publi-2618619032\"><div class=\"publi-adlabel\">Publicit\u00e9<\/div><script async src=\"\/\/pagead2.googlesyndication.com\/pagead\/js\/adsbygoogle.js?client=ca-pub-4089586018074219\" crossorigin=\"anonymous\"><\/script><ins class=\"adsbygoogle\" style=\"display:block;\" data-ad-client=\"ca-pub-4089586018074219\" \ndata-ad-slot=\"2087940154\" \ndata-ad-format=\"auto\"><\/ins>\n<script> \n(adsbygoogle = window.adsbygoogle || []).push({}); \n<\/script>\n<\/div>","protected":false},"excerpt":{"rendered":"<p>Imam Mactar Ndiaye, le charg\u00e9 de la communication de l\u2019association des Imams et Oul\u00e9mas du S\u00e9n\u00e9gal condamne avec \u00e9nergie la mort du talib\u00e9 Moustapha Samb \u00e0 Thi\u00e8s. Pour lui \u00ab\u00a0cela est un acte odieux et prouve que certains maitres coranique sont tr\u00e8s n\u00e9gligeant. Quand un parent te confie son enfant, il faut \u00eatre tr\u00e8s regardant en son endroit. Les responsables de daaras doivent prendre des mesures s\u00e9curitaires, prot\u00e9ger les talib\u00e9s, les mettre \u00e0 l\u2019abri de tous danger\u00a0\u00bb l\u2019Imam poursuit pour dire \u00ab\u00a0qu\u2019un responsable de groupe doit avoir une certaine maturit\u00e9 pour pouvoir surveiller et canalise les talib\u00e9s. Si on prend un enfant immature qui a le m\u00eame \u00e2ge que les apprenants, il est possible que de pareils crimes ou incidents se produisent\u00a0\u00bb. L\u2019occasion a \u00e9t\u00e9 \u00e9galement saisie par le charg\u00e9 de communication de l\u2019association des imams et Oul\u00e9mas du S\u00e9n\u00e9gal d\u2019interpeller le ministre de l\u2019\u00e9ducation. En effet \u00ab\u00a0il faut que les conditions pour ouvrir un daara soient plus contraignants. Vous voyez souvent des maitres coraniques ou des responsables de daaras qui ne sont jamais sur place et qui exercent d\u2019autres activit\u00e9s. Ils laissent les talib\u00e9s avec n\u2019importe qui, des responsables immatures qui n\u2019ont aucune exp\u00e9rience pour g\u00e9rer les enfants. Il faut aussi que la f\u00e9d\u00e9ration des maitres coraniques, qui par ailleurs fait un travail remarquables, m\u00e8ne des inspections permanentes et rigoureuse dans les daaras et les internats pour voir si les normes s\u00e9curitaires et sanitaires\u00a0 sont respect\u00e9es ou pas. Il y\u2019a des brebis galeuses partout comme on le voit dans d\u2019autres corps de m\u00e9tier et cela existe \u00e9galement dans les daaras et internats. Des gens qui ternissent l\u2019image des vrais maitres coraniques, des gens qui ne sont nullement des maitres coraniques et qui n\u2019ont aucune exp\u00e9rience, aucune connaissance dans ce domaine. Et si cela n\u2019est pas fait, de pareils crimes vont se r\u00e9p\u00e9ter\u00a0\u00bb pr\u00e9cise Imam Mactar Ndiaye. Samba SY.<\/p>\n","protected":false},"author":7,"featured_media":7749,"comment_status":"open","ping_status":"open","sticky":false,"template":"","format":"standard","meta":{"_jetpack_memberships_contains_paid_content":false,"footnotes":""},"categories":[375,878,1],"tags":[2658,2659,2657],"class_list":["post-7748","post","type-post","status-publish","format-standard","has-post-thumbnail","hentry","category-actualites","category-religion","category-non-classe","tag-imam-ndiaye","tag-maitre-coranique","tag-mort-talibe","entry","has-media","owp-thumbs-layout-horizontal","owp-btn-normal","owp-tabs-layout-horizontal","has-no-thumbnails","has-product-nav"],"yoast_head":"<!-- This site is optimized with the Yoast SEO plugin v25.5 - https:\/\/yoast.com\/wordpress\/plugins\/seo\/ -->\n<title>Imam Mactar Ndiaye\u00a0: \u00ab\u00a0La mort du talib\u00e9 de Thi\u00e8s est un acte odieux\u2026\u00a0\u00bb. - LE PUBLIC<\/title>\n<meta name=\"robots\" content=\"index, follow, max-snippet:-1, max-image-preview:large, max-video-preview:-1\" \/>\n<link rel=\"canonical\" href=\"https:\/\/www.public.sn\/index.php\/2022\/11\/09\/imam-mactar-ndiaye-la-mort-du-talibe-de-thies-est-un-acte-odieux\/\" \/>\n<meta property=\"og:locale\" content=\"fr_FR\" \/>\n<meta property=\"og:type\" content=\"article\" \/>\n<meta property=\"og:title\" content=\"Imam Mactar Ndiaye\u00a0: \u00ab\u00a0La mort du talib\u00e9 de Thi\u00e8s est un acte odieux\u2026\u00a0\u00bb. - LE PUBLIC\" \/>\n<meta property=\"og:description\" content=\"Imam Mactar Ndiaye, le charg\u00e9 de la communication de l\u2019association des Imams et Oul\u00e9mas du S\u00e9n\u00e9gal condamne avec \u00e9nergie la mort du talib\u00e9 Moustapha Samb \u00e0 Thi\u00e8s. Pour lui \u00ab\u00a0cela est un acte odieux et prouve que certains maitres coranique sont tr\u00e8s n\u00e9gligeant. Quand un parent te confie son enfant, il faut \u00eatre tr\u00e8s regardant en son endroit. Les responsables de daaras doivent prendre des mesures s\u00e9curitaires, prot\u00e9ger les talib\u00e9s, les mettre \u00e0 l\u2019abri de tous danger\u00a0\u00bb l\u2019Imam poursuit pour dire \u00ab\u00a0qu\u2019un responsable de groupe doit avoir une certaine maturit\u00e9 pour pouvoir surveiller et canalise les talib\u00e9s. Si on prend un enfant immature qui a le m\u00eame \u00e2ge que les apprenants, il est possible que de pareils crimes ou incidents se produisent\u00a0\u00bb. L\u2019occasion a \u00e9t\u00e9 \u00e9galement saisie par le charg\u00e9 de communication de l\u2019association des imams et Oul\u00e9mas du S\u00e9n\u00e9gal d\u2019interpeller le ministre de l\u2019\u00e9ducation. En effet \u00ab\u00a0il faut que les conditions pour ouvrir un daara soient plus contraignants. Vous voyez souvent des maitres coraniques ou des responsables de daaras qui ne sont jamais sur place et qui exercent d\u2019autres activit\u00e9s. Ils laissent les talib\u00e9s avec n\u2019importe qui, des responsables immatures qui n\u2019ont aucune exp\u00e9rience pour g\u00e9rer les enfants. Il faut aussi que la f\u00e9d\u00e9ration des maitres coraniques, qui par ailleurs fait un travail remarquables, m\u00e8ne des inspections permanentes et rigoureuse dans les daaras et les internats pour voir si les normes s\u00e9curitaires et sanitaires\u00a0 sont respect\u00e9es ou pas. Il y\u2019a des brebis galeuses partout comme on le voit dans d\u2019autres corps de m\u00e9tier et cela existe \u00e9galement dans les daaras et internats. Des gens qui ternissent l\u2019image des vrais maitres coraniques, des gens qui ne sont nullement des maitres coraniques et qui n\u2019ont aucune exp\u00e9rience, aucune connaissance dans ce domaine. Et si cela n\u2019est pas fait, de pareils crimes vont se r\u00e9p\u00e9ter\u00a0\u00bb pr\u00e9cise Imam Mactar Ndiaye. Samba SY.\" \/>\n<meta property=\"og:url\" content=\"https:\/\/www.public.sn\/index.php\/2022\/11\/09\/imam-mactar-ndiaye-la-mort-du-talibe-de-thies-est-un-acte-odieux\/\" \/>\n<meta property=\"og:site_name\" content=\"LE PUBLIC\" \/>\n<meta property=\"article:published_time\" content=\"2022-11-09T15:19:29+00:00\" \/>\n<meta property=\"article:modified_time\" content=\"2022-11-09T15:19:56+00:00\" \/>\n<meta property=\"og:image\" content=\"https:\/\/www.public.sn\/wp-content\/uploads\/2022\/11\/mame-mactar-ndiaye.jpg\" \/>\n\t<meta property=\"og:image:width\" content=\"1024\" \/>\n\t<meta property=\"og:image:height\" content=\"592\" \/>\n\t<meta property=\"og:image:type\" content=\"image\/jpeg\" \/>\n<meta name=\"author\" content=\"LA REDACTION\" \/>\n<meta name=\"twitter:card\" content=\"summary_large_image\" \/>\n<meta name=\"twitter:label1\" content=\"\u00c9crit par\" \/>\n\t<meta name=\"twitter:data1\" content=\"LA REDACTION\" \/>\n\t<meta name=\"twitter:label2\" content=\"Dur\u00e9e de lecture estim\u00e9e\" \/>\n\t<meta name=\"twitter:data2\" content=\"2 minutes\" \/>\n<script type=\"application\/ld+json\" class=\"yoast-schema-graph\">{\"@context\":\"https:\/\/schema.org\",\"@graph\":[{\"@type\":\"Article\",\"@id\":\"https:\/\/www.public.sn\/index.php\/2022\/11\/09\/imam-mactar-ndiaye-la-mort-du-talibe-de-thies-est-un-acte-odieux\/#article\",\"isPartOf\":{\"@id\":\"https:\/\/www.public.sn\/index.php\/2022\/11\/09\/imam-mactar-ndiaye-la-mort-du-talibe-de-thies-est-un-acte-odieux\/\"},\"author\":{\"name\":\"LA REDACTION\",\"@id\":\"https:\/\/www.public.sn\/#\/schema\/person\/cb76c8e1b8becc6be61fb5e92d6d0224\"},\"headline\":\"Imam Mactar Ndiaye\u00a0: \u00ab\u00a0La mort du talib\u00e9 de Thi\u00e8s est un acte odieux\u2026\u00a0\u00bb.\",\"datePublished\":\"2022-11-09T15:19:29+00:00\",\"dateModified\":\"2022-11-09T15:19:56+00:00\",\"mainEntityOfPage\":{\"@id\":\"https:\/\/www.public.sn\/index.php\/2022\/11\/09\/imam-mactar-ndiaye-la-mort-du-talibe-de-thies-est-un-acte-odieux\/\"},\"wordCount\":366,\"commentCount\":0,\"publisher\":{\"@id\":\"https:\/\/www.public.sn\/#organization\"},\"image\":{\"@id\":\"https:\/\/www.public.sn\/index.php\/2022\/11\/09\/imam-mactar-ndiaye-la-mort-du-talibe-de-thies-est-un-acte-odieux\/#primaryimage\"},\"thumbnailUrl\":\"https:\/\/www.public.sn\/wp-content\/uploads\/2022\/11\/mame-mactar-ndiaye.jpg\",\"keywords\":[\"imam ndiaye\",\"maitre coranique\",\"mort talib\u00e9\"],\"articleSection\":[\"ACTUALIT\u00c9S\",\"RELIGION\",\"S\u00c9N\u00c9GAL\"],\"inLanguage\":\"fr-FR\",\"potentialAction\":[{\"@type\":\"CommentAction\",\"name\":\"Comment\",\"target\":[\"https:\/\/www.public.sn\/index.php\/2022\/11\/09\/imam-mactar-ndiaye-la-mort-du-talibe-de-thies-est-un-acte-odieux\/#respond\"]}]},{\"@type\":\"WebPage\",\"@id\":\"https:\/\/www.public.sn\/index.php\/2022\/11\/09\/imam-mactar-ndiaye-la-mort-du-talibe-de-thies-est-un-acte-odieux\/\",\"url\":\"https:\/\/www.public.sn\/index.php\/2022\/11\/09\/imam-mactar-ndiaye-la-mort-du-talibe-de-thies-est-un-acte-odieux\/\",\"name\":\"Imam Mactar Ndiaye\u00a0: \u00ab\u00a0La mort du talib\u00e9 de Thi\u00e8s est un acte odieux\u2026\u00a0\u00bb. - LE PUBLIC\",\"isPartOf\":{\"@id\":\"https:\/\/www.public.sn\/#website\"},\"primaryImageOfPage\":{\"@id\":\"https:\/\/www.public.sn\/index.php\/2022\/11\/09\/imam-mactar-ndiaye-la-mort-du-talibe-de-thies-est-un-acte-odieux\/#primaryimage\"},\"image\":{\"@id\":\"https:\/\/www.public.sn\/index.php\/2022\/11\/09\/imam-mactar-ndiaye-la-mort-du-talibe-de-thies-est-un-acte-odieux\/#primaryimage\"},\"thumbnailUrl\":\"https:\/\/www.public.sn\/wp-content\/uploads\/2022\/11\/mame-mactar-ndiaye.jpg\",\"datePublished\":\"2022-11-09T15:19:29+00:00\",\"dateModified\":\"2022-11-09T15:19:56+00:00\",\"breadcrumb\":{\"@id\":\"https:\/\/www.public.sn\/index.php\/2022\/11\/09\/imam-mactar-ndiaye-la-mort-du-talibe-de-thies-est-un-acte-odieux\/#breadcrumb\"},\"inLanguage\":\"fr-FR\",\"potentialAction\":[{\"@type\":\"ReadAction\",\"target\":[\"https:\/\/www.public.sn\/index.php\/2022\/11\/09\/imam-mactar-ndiaye-la-mort-du-talibe-de-thies-est-un-acte-odieux\/\"]}]},{\"@type\":\"ImageObject\",\"inLanguage\":\"fr-FR\",\"@id\":\"https:\/\/www.public.sn\/index.php\/2022\/11\/09\/imam-mactar-ndiaye-la-mort-du-talibe-de-thies-est-un-acte-odieux\/#primaryimage\",\"url\":\"https:\/\/www.public.sn\/wp-content\/uploads\/2022\/11\/mame-mactar-ndiaye.jpg\",\"contentUrl\":\"https:\/\/www.public.sn\/wp-content\/uploads\/2022\/11\/mame-mactar-ndiaye.jpg\",\"width\":1024,\"height\":592,\"caption\":\"publicsn\"},{\"@type\":\"BreadcrumbList\",\"@id\":\"https:\/\/www.public.sn\/index.php\/2022\/11\/09\/imam-mactar-ndiaye-la-mort-du-talibe-de-thies-est-un-acte-odieux\/#breadcrumb\",\"itemListElement\":[{\"@type\":\"ListItem\",\"position\":1,\"name\":\"Accueil\",\"item\":\"https:\/\/www.public.sn\/\"},{\"@type\":\"ListItem\",\"position\":2,\"name\":\"Imam Mactar Ndiaye\u00a0: \u00ab\u00a0La mort du talib\u00e9 de Thi\u00e8s est un acte odieux\u2026\u00a0\u00bb.\"}]},{\"@type\":\"WebSite\",\"@id\":\"https:\/\/www.public.sn\/#website\",\"url\":\"https:\/\/www.public.sn\/\",\"name\":\"LE PUBLIC\",\"description\":\"\",\"publisher\":{\"@id\":\"https:\/\/www.public.sn\/#organization\"},\"potentialAction\":[{\"@type\":\"SearchAction\",\"target\":{\"@type\":\"EntryPoint\",\"urlTemplate\":\"https:\/\/www.public.sn\/?s={search_term_string}\"},\"query-input\":{\"@type\":\"PropertyValueSpecification\",\"valueRequired\":true,\"valueName\":\"search_term_string\"}}],\"inLanguage\":\"fr-FR\"},{\"@type\":\"Organization\",\"@id\":\"https:\/\/www.public.sn\/#organization\",\"name\":\"LE PUBLIC\",\"url\":\"https:\/\/www.public.sn\/\",\"logo\":{\"@type\":\"ImageObject\",\"inLanguage\":\"fr-FR\",\"@id\":\"https:\/\/www.public.sn\/#\/schema\/logo\/image\/\",\"url\":\"https:\/\/www.public.sn\/wp-content\/uploads\/2024\/05\/cropped-LOGO-PUBLIC.SN_.png\",\"contentUrl\":\"https:\/\/www.public.sn\/wp-content\/uploads\/2024\/05\/cropped-LOGO-PUBLIC.SN_.png\",\"width\":682,\"height\":192,\"caption\":\"LE PUBLIC\"},\"image\":{\"@id\":\"https:\/\/www.public.sn\/#\/schema\/logo\/image\/\"}},{\"@type\":\"Person\",\"@id\":\"https:\/\/www.public.sn\/#\/schema\/person\/cb76c8e1b8becc6be61fb5e92d6d0224\",\"name\":\"LA REDACTION\",\"image\":{\"@type\":\"ImageObject\",\"inLanguage\":\"fr-FR\",\"@id\":\"https:\/\/www.public.sn\/#\/schema\/person\/image\/\",\"url\":\"https:\/\/secure.gravatar.com\/avatar\/2dce5ddd34b8fef0180efe03aa2a9bee7d953856048f9a16b298190a3178407c?s=96&d=mm&r=g\",\"contentUrl\":\"https:\/\/secure.gravatar.com\/avatar\/2dce5ddd34b8fef0180efe03aa2a9bee7d953856048f9a16b298190a3178407c?s=96&d=mm&r=g\",\"caption\":\"LA REDACTION\"},\"url\":\"https:\/\/www.public.sn\/index.php\/author\/editeurpsn\/\"}]}<\/script>\n<!-- \/ Yoast SEO plugin. -->","yoast_head_json":{"title":"Imam Mactar Ndiaye\u00a0: \u00ab\u00a0La mort du talib\u00e9 de Thi\u00e8s est un acte odieux\u2026\u00a0\u00bb. - LE PUBLIC","robots":{"index":"index","follow":"follow","max-snippet":"max-snippet:-1","max-image-preview":"max-image-preview:large","max-video-preview":"max-video-preview:-1"},"canonical":"https:\/\/www.public.sn\/index.php\/2022\/11\/09\/imam-mactar-ndiaye-la-mort-du-talibe-de-thies-est-un-acte-odieux\/","og_locale":"fr_FR","og_type":"article","og_title":"Imam Mactar Ndiaye\u00a0: \u00ab\u00a0La mort du talib\u00e9 de Thi\u00e8s est un acte odieux\u2026\u00a0\u00bb. - LE PUBLIC","og_description":"Imam Mactar Ndiaye, le charg\u00e9 de la communication de l\u2019association des Imams et Oul\u00e9mas du S\u00e9n\u00e9gal condamne avec \u00e9nergie la mort du talib\u00e9 Moustapha Samb \u00e0 Thi\u00e8s. Pour lui \u00ab\u00a0cela est un acte odieux et prouve que certains maitres coranique sont tr\u00e8s n\u00e9gligeant. Quand un parent te confie son enfant, il faut \u00eatre tr\u00e8s regardant en son endroit. Les responsables de daaras doivent prendre des mesures s\u00e9curitaires, prot\u00e9ger les talib\u00e9s, les mettre \u00e0 l\u2019abri de tous danger\u00a0\u00bb l\u2019Imam poursuit pour dire \u00ab\u00a0qu\u2019un responsable de groupe doit avoir une certaine maturit\u00e9 pour pouvoir surveiller et canalise les talib\u00e9s. Si on prend un enfant immature qui a le m\u00eame \u00e2ge que les apprenants, il est possible que de pareils crimes ou incidents se produisent\u00a0\u00bb. L\u2019occasion a \u00e9t\u00e9 \u00e9galement saisie par le charg\u00e9 de communication de l\u2019association des imams et Oul\u00e9mas du S\u00e9n\u00e9gal d\u2019interpeller le ministre de l\u2019\u00e9ducation. En effet \u00ab\u00a0il faut que les conditions pour ouvrir un daara soient plus contraignants. Vous voyez souvent des maitres coraniques ou des responsables de daaras qui ne sont jamais sur place et qui exercent d\u2019autres activit\u00e9s. Ils laissent les talib\u00e9s avec n\u2019importe qui, des responsables immatures qui n\u2019ont aucune exp\u00e9rience pour g\u00e9rer les enfants. Il faut aussi que la f\u00e9d\u00e9ration des maitres coraniques, qui par ailleurs fait un travail remarquables, m\u00e8ne des inspections permanentes et rigoureuse dans les daaras et les internats pour voir si les normes s\u00e9curitaires et sanitaires\u00a0 sont respect\u00e9es ou pas. Il y\u2019a des brebis galeuses partout comme on le voit dans d\u2019autres corps de m\u00e9tier et cela existe \u00e9galement dans les daaras et internats. Des gens qui ternissent l\u2019image des vrais maitres coraniques, des gens qui ne sont nullement des maitres coraniques et qui n\u2019ont aucune exp\u00e9rience, aucune connaissance dans ce domaine. Et si cela n\u2019est pas fait, de pareils crimes vont se r\u00e9p\u00e9ter\u00a0\u00bb pr\u00e9cise Imam Mactar Ndiaye. Samba SY.","og_url":"https:\/\/www.public.sn\/index.php\/2022\/11\/09\/imam-mactar-ndiaye-la-mort-du-talibe-de-thies-est-un-acte-odieux\/","og_site_name":"LE PUBLIC","article_published_time":"2022-11-09T15:19:29+00:00","article_modified_time":"2022-11-09T15:19:56+00:00","og_image":[{"width":1024,"height":592,"url":"https:\/\/www.public.sn\/wp-content\/uploads\/2022\/11\/mame-mactar-ndiaye.jpg","type":"image\/jpeg"}],"author":"LA REDACTION","twitter_card":"summary_large_image","twitter_misc":{"\u00c9crit par":"LA REDACTION","Dur\u00e9e de lecture estim\u00e9e":"2 minutes"},"schema":{"@context":"https:\/\/schema.org","@graph":[{"@type":"Article","@id":"https:\/\/www.public.sn\/index.php\/2022\/11\/09\/imam-mactar-ndiaye-la-mort-du-talibe-de-thies-est-un-acte-odieux\/#article","isPartOf":{"@id":"https:\/\/www.public.sn\/index.php\/2022\/11\/09\/imam-mactar-ndiaye-la-mort-du-talibe-de-thies-est-un-acte-odieux\/"},"author":{"name":"LA REDACTION","@id":"https:\/\/www.public.sn\/#\/schema\/person\/cb76c8e1b8becc6be61fb5e92d6d0224"},"headline":"Imam Mactar Ndiaye\u00a0: \u00ab\u00a0La mort du talib\u00e9 de Thi\u00e8s est un acte odieux\u2026\u00a0\u00bb.","datePublished":"2022-11-09T15:19:29+00:00","dateModified":"2022-11-09T15:19:56+00:00","mainEntityOfPage":{"@id":"https:\/\/www.public.sn\/index.php\/2022\/11\/09\/imam-mactar-ndiaye-la-mort-du-talibe-de-thies-est-un-acte-odieux\/"},"wordCount":366,"commentCount":0,"publisher":{"@id":"https:\/\/www.public.sn\/#organization"},"image":{"@id":"https:\/\/www.public.sn\/index.php\/2022\/11\/09\/imam-mactar-ndiaye-la-mort-du-talibe-de-thies-est-un-acte-odieux\/#primaryimage"},"thumbnailUrl":"https:\/\/www.public.sn\/wp-content\/uploads\/2022\/11\/mame-mactar-ndiaye.jpg","keywords":["imam ndiaye","maitre coranique","mort talib\u00e9"],"articleSection":["ACTUALIT\u00c9S","RELIGION","S\u00c9N\u00c9GAL"],"inLanguage":"fr-FR","potentialAction":[{"@type":"CommentAction","name":"Comment","target":["https:\/\/www.public.sn\/index.php\/2022\/11\/09\/imam-mactar-ndiaye-la-mort-du-talibe-de-thies-est-un-acte-odieux\/#respond"]}]},{"@type":"WebPage","@id":"https:\/\/www.public.sn\/index.php\/2022\/11\/09\/imam-mactar-ndiaye-la-mort-du-talibe-de-thies-est-un-acte-odieux\/","url":"https:\/\/www.public.sn\/index.php\/2022\/11\/09\/imam-mactar-ndiaye-la-mort-du-talibe-de-thies-est-un-acte-odieux\/","name":"Imam Mactar Ndiaye\u00a0: \u00ab\u00a0La mort du talib\u00e9 de Thi\u00e8s est un acte odieux\u2026\u00a0\u00bb. - LE PUBLIC","isPartOf":{"@id":"https:\/\/www.public.sn\/#website"},"primaryImageOfPage":{"@id":"https:\/\/www.public.sn\/index.php\/2022\/11\/09\/imam-mactar-ndiaye-la-mort-du-talibe-de-thies-est-un-acte-odieux\/#primaryimage"},"image":{"@id":"https:\/\/www.public.sn\/index.php\/2022\/11\/09\/imam-mactar-ndiaye-la-mort-du-talibe-de-thies-est-un-acte-odieux\/#primaryimage"},"thumbnailUrl":"https:\/\/www.public.sn\/wp-content\/uploads\/2022\/11\/mame-mactar-ndiaye.jpg","datePublished":"2022-11-09T15:19:29+00:00","dateModified":"2022-11-09T15:19:56+00:00","breadcrumb":{"@id":"https:\/\/www.public.sn\/index.php\/2022\/11\/09\/imam-mactar-ndiaye-la-mort-du-talibe-de-thies-est-un-acte-odieux\/#breadcrumb"},"inLanguage":"fr-FR","potentialAction":[{"@type":"ReadAction","target":["https:\/\/www.public.sn\/index.php\/2022\/11\/09\/imam-mactar-ndiaye-la-mort-du-talibe-de-thies-est-un-acte-odieux\/"]}]},{"@type":"ImageObject","inLanguage":"fr-FR","@id":"https:\/\/www.public.sn\/index.php\/2022\/11\/09\/imam-mactar-ndiaye-la-mort-du-talibe-de-thies-est-un-acte-odieux\/#primaryimage","url":"https:\/\/www.public.sn\/wp-content\/uploads\/2022\/11\/mame-mactar-ndiaye.jpg","contentUrl":"https:\/\/www.public.sn\/wp-content\/uploads\/2022\/11\/mame-mactar-ndiaye.jpg","width":1024,"height":592,"caption":"publicsn"},{"@type":"BreadcrumbList","@id":"https:\/\/www.public.sn\/index.php\/2022\/11\/09\/imam-mactar-ndiaye-la-mort-du-talibe-de-thies-est-un-acte-odieux\/#breadcrumb","itemListElement":[{"@type":"ListItem","position":1,"name":"Accueil","item":"https:\/\/www.public.sn\/"},{"@type":"ListItem","position":2,"name":"Imam Mactar Ndiaye\u00a0: \u00ab\u00a0La mort du talib\u00e9 de Thi\u00e8s est un acte odieux\u2026\u00a0\u00bb."}]},{"@type":"WebSite","@id":"https:\/\/www.public.sn\/#website","url":"https:\/\/www.public.sn\/","name":"LE PUBLIC","description":"","publisher":{"@id":"https:\/\/www.public.sn\/#organization"},"potentialAction":[{"@type":"SearchAction","target":{"@type":"EntryPoint","urlTemplate":"https:\/\/www.public.sn\/?s={search_term_string}"},"query-input":{"@type":"PropertyValueSpecification","valueRequired":true,"valueName":"search_term_string"}}],"inLanguage":"fr-FR"},{"@type":"Organization","@id":"https:\/\/www.public.sn\/#organization","name":"LE PUBLIC","url":"https:\/\/www.public.sn\/","logo":{"@type":"ImageObject","inLanguage":"fr-FR","@id":"https:\/\/www.public.sn\/#\/schema\/logo\/image\/","url":"https:\/\/www.public.sn\/wp-content\/uploads\/2024\/05\/cropped-LOGO-PUBLIC.SN_.png","contentUrl":"https:\/\/www.public.sn\/wp-content\/uploads\/2024\/05\/cropped-LOGO-PUBLIC.SN_.png","width":682,"height":192,"caption":"LE PUBLIC"},"image":{"@id":"https:\/\/www.public.sn\/#\/schema\/logo\/image\/"}},{"@type":"Person","@id":"https:\/\/www.public.sn\/#\/schema\/person\/cb76c8e1b8becc6be61fb5e92d6d0224","name":"LA REDACTION","image":{"@type":"ImageObject","inLanguage":"fr-FR","@id":"https:\/\/www.public.sn\/#\/schema\/person\/image\/","url":"https:\/\/secure.gravatar.com\/avatar\/2dce5ddd34b8fef0180efe03aa2a9bee7d953856048f9a16b298190a3178407c?s=96&d=mm&r=g","contentUrl":"https:\/\/secure.gravatar.com\/avatar\/2dce5ddd34b8fef0180efe03aa2a9bee7d953856048f9a16b298190a3178407c?s=96&d=mm&r=g","caption":"LA REDACTION"},"url":"https:\/\/www.public.sn\/index.php\/author\/editeurpsn\/"}]}},"jetpack_featured_media_url":"https:\/\/www.public.sn\/wp-content\/uploads\/2022\/11\/mame-mactar-ndiaye.jpg","jetpack_sharing_enabled":true,"_links":{"self":[{"href":"https:\/\/www.public.sn\/index.php\/wp-json\/wp\/v2\/posts\/7748","targetHints":{"allow":["GET"]}}],"collection":[{"href":"https:\/\/www.public.sn\/index.php\/wp-json\/wp\/v2\/posts"}],"about":[{"href":"https:\/\/www.public.sn\/index.php\/wp-json\/wp\/v2\/types\/post"}],"author":[{"embeddable":true,"href":"https:\/\/www.public.sn\/index.php\/wp-json\/wp\/v2\/users\/7"}],"replies":[{"embeddable":true,"href":"https:\/\/www.public.sn\/index.php\/wp-json\/wp\/v2\/comments?post=7748"}],"version-history":[{"count":2,"href":"https:\/\/www.public.sn\/index.php\/wp-json\/wp\/v2\/posts\/7748\/revisions"}],"predecessor-version":[{"id":7751,"href":"https:\/\/www.public.sn\/index.php\/wp-json\/wp\/v2\/posts\/7748\/revisions\/7751"}],"wp:featuredmedia":[{"embeddable":true,"href":"https:\/\/www.public.sn\/index.php\/wp-json\/wp\/v2\/media\/7749"}],"wp:attachment":[{"href":"https:\/\/www.public.sn\/index.php\/wp-json\/wp\/v2\/media?parent=7748"}],"wp:term":[{"taxonomy":"category","embeddable":true,"href":"https:\/\/www.public.sn\/index.php\/wp-json\/wp\/v2\/categories?post=7748"},{"taxonomy":"post_tag","embeddable":true,"href":"https:\/\/www.public.sn\/index.php\/wp-json\/wp\/v2\/tags?post=7748"}],"curies":[{"name":"wp","href":"https:\/\/api.w.org\/{rel}","templated":true}]}}