{"id":7753,"date":"2022-11-09T15:33:59","date_gmt":"2022-11-09T15:33:59","guid":{"rendered":"https:\/\/www.public.sn\/?p=7753"},"modified":"2022-11-09T15:34:01","modified_gmt":"2022-11-09T15:34:01","slug":"sans-club-le-cas-saliou-ciss-divise","status":"publish","type":"post","link":"https:\/\/www.public.sn\/index.php\/2022\/11\/09\/sans-club-le-cas-saliou-ciss-divise\/","title":{"rendered":"Sans club, le cas Saliou Ciss divise."},"content":{"rendered":"\n<p><\/p>\n\n\n\n<p>Le cas du d\u00e9fenseur Saliou Ciss suscite un v\u00e9ritable d\u00e9bat au sein des sp\u00e9cialistes du football. Dans la logique du coach national, les joueurs non comp\u00e9titifs ne peuvent pas \u00eatre appel\u00e9s en \u00e9quipe nationale. Et malheureusement pour lui, Saliou Ciss n&rsquo;a m\u00eame pas de club. Une situation burlesque pour un joueur dont le talent n&rsquo;est plus \u00e0 d\u00e9montrer.<\/p><div class=\"publi-paragraphe1\" style=\"margin-top: 10px;margin-bottom: 10px;margin-left: auto;margin-right: auto;text-align: center;\" id=\"publi-3146799403\"><div class=\"publi-adlabel\">Publicit\u00e9<\/div><script async src=\"\/\/pagead2.googlesyndication.com\/pagead\/js\/adsbygoogle.js?client=ca-pub-4089586018074219\" crossorigin=\"anonymous\"><\/script><ins class=\"adsbygoogle\" style=\"display:block;\" data-ad-client=\"ca-pub-4089586018074219\" \ndata-ad-slot=\"2087940154\" \ndata-ad-format=\"auto\"><\/ins>\n<script> \n(adsbygoogle = window.adsbygoogle || []).push({}); \n<\/script>\n<\/div>\n\n\n\n<p><\/p>\n\n\n\n<p> Une th\u00e9orie souvent \u00e9voqu\u00e9e pour expliquer la non-s\u00e9lection de certains joueurs pour les grandes comp\u00e9titions. Mais pour des sp\u00e9cialistes, le cas de Saliou Ciss m\u00e9rite que le coach Aliou Ciss\u00e9 revoie sa position sur la question. Celui-ci n\u2019a pas club depuis le retour de la Coupe d\u2019Afrique des nations. Il est vrai qu\u2019il effectuait ses entrainements avec l\u2019\u00e9quipe de Jambar m\u00eame s\u2019il ne jouait mais toujours est- il que Saliou Ciss a \u00e9t\u00e9 l\u2019un des meilleurs joueurs de la Coupe d\u2019Afrique. <\/p>\n\n\n\n<p><\/p>\n\n\n\n<p>Son apport sur le plan offensif en tant que lat\u00e9ral n\u2019est plus \u00e0 d\u00e9montrer pour l\u2019\u00e9quipe nationale du S\u00e9n\u00e9gal. Sans nul doute que Saliou Ciss pourrait faire l\u2019exception dans la logique de Aliou Ciss\u00e9 pour une place avec les 26 joueurs convoqu\u00e9s pour la coupe du monde.<\/p>\n\n\n\n<p>Samba SY.<\/p>\n<div class=\"publi-apres-le-contenu\" style=\"margin-top: 10px;margin-bottom: 10px;margin-left: auto;margin-right: auto;text-align: center;\" id=\"publi-1354750132\"><div class=\"publi-adlabel\">Publicit\u00e9<\/div><script async src=\"\/\/pagead2.googlesyndication.com\/pagead\/js\/adsbygoogle.js?client=ca-pub-4089586018074219\" crossorigin=\"anonymous\"><\/script><ins class=\"adsbygoogle\" style=\"display:block;\" data-ad-client=\"ca-pub-4089586018074219\" \ndata-ad-slot=\"2087940154\" \ndata-ad-format=\"auto\"><\/ins>\n<script> \n(adsbygoogle = window.adsbygoogle || []).push({}); \n<\/script>\n<\/div>","protected":false},"excerpt":{"rendered":"<p>Le cas du d\u00e9fenseur Saliou Ciss suscite un v\u00e9ritable d\u00e9bat au sein des sp\u00e9cialistes du football. Dans la logique du coach national, les joueurs non comp\u00e9titifs ne peuvent pas \u00eatre appel\u00e9s en \u00e9quipe nationale. Et malheureusement pour lui, Saliou Ciss n&rsquo;a m\u00eame pas de club. Une situation burlesque pour un joueur dont le talent n&rsquo;est plus \u00e0 d\u00e9montrer. Une th\u00e9orie souvent \u00e9voqu\u00e9e pour expliquer la non-s\u00e9lection de certains joueurs pour les grandes comp\u00e9titions. Mais pour des sp\u00e9cialistes, le cas de Saliou Ciss m\u00e9rite que le coach Aliou Ciss\u00e9 revoie sa position sur la question. Celui-ci n\u2019a pas club depuis le retour de la Coupe d\u2019Afrique des nations. Il est vrai qu\u2019il effectuait ses entrainements avec l\u2019\u00e9quipe de Jambar m\u00eame s\u2019il ne jouait mais toujours est- il que Saliou Ciss a \u00e9t\u00e9 l\u2019un des meilleurs joueurs de la Coupe d\u2019Afrique. Son apport sur le plan offensif en tant que lat\u00e9ral n\u2019est plus \u00e0 d\u00e9montrer pour l\u2019\u00e9quipe nationale du S\u00e9n\u00e9gal. Sans nul doute que Saliou Ciss pourrait faire l\u2019exception dans la logique de Aliou Ciss\u00e9 pour une place avec les 26 joueurs convoqu\u00e9s pour la coupe du monde. Samba SY.<\/p>\n","protected":false},"author":7,"featured_media":7754,"comment_status":"open","ping_status":"open","sticky":false,"template":"","format":"standard","meta":{"_jetpack_memberships_contains_paid_content":false,"footnotes":""},"categories":[375,1,7],"tags":[1222,1224,1262],"class_list":["post-7753","post","type-post","status-publish","format-standard","has-post-thumbnail","hentry","category-actualites","category-non-classe","category-sport","tag-saliou-ciss","tag-sans-club","tag-sport","entry","has-media","owp-thumbs-layout-horizontal","owp-btn-normal","owp-tabs-layout-horizontal","has-no-thumbnails","has-product-nav"],"yoast_head":"<!-- This site is optimized with the Yoast SEO plugin v25.5 - https:\/\/yoast.com\/wordpress\/plugins\/seo\/ -->\n<title>Sans club, le cas Saliou Ciss divise. - LE PUBLIC<\/title>\n<meta name=\"robots\" content=\"index, follow, max-snippet:-1, max-image-preview:large, max-video-preview:-1\" \/>\n<link rel=\"canonical\" href=\"https:\/\/www.public.sn\/index.php\/2022\/11\/09\/sans-club-le-cas-saliou-ciss-divise\/\" \/>\n<meta property=\"og:locale\" content=\"fr_FR\" \/>\n<meta property=\"og:type\" content=\"article\" \/>\n<meta property=\"og:title\" content=\"Sans club, le cas Saliou Ciss divise. - LE PUBLIC\" \/>\n<meta property=\"og:description\" content=\"Le cas du d\u00e9fenseur Saliou Ciss suscite un v\u00e9ritable d\u00e9bat au sein des sp\u00e9cialistes du football. Dans la logique du coach national, les joueurs non comp\u00e9titifs ne peuvent pas \u00eatre appel\u00e9s en \u00e9quipe nationale. Et malheureusement pour lui, Saliou Ciss n&rsquo;a m\u00eame pas de club. Une situation burlesque pour un joueur dont le talent n&rsquo;est plus \u00e0 d\u00e9montrer. Une th\u00e9orie souvent \u00e9voqu\u00e9e pour expliquer la non-s\u00e9lection de certains joueurs pour les grandes comp\u00e9titions. Mais pour des sp\u00e9cialistes, le cas de Saliou Ciss m\u00e9rite que le coach Aliou Ciss\u00e9 revoie sa position sur la question. Celui-ci n\u2019a pas club depuis le retour de la Coupe d\u2019Afrique des nations. Il est vrai qu\u2019il effectuait ses entrainements avec l\u2019\u00e9quipe de Jambar m\u00eame s\u2019il ne jouait mais toujours est- il que Saliou Ciss a \u00e9t\u00e9 l\u2019un des meilleurs joueurs de la Coupe d\u2019Afrique. Son apport sur le plan offensif en tant que lat\u00e9ral n\u2019est plus \u00e0 d\u00e9montrer pour l\u2019\u00e9quipe nationale du S\u00e9n\u00e9gal. Sans nul doute que Saliou Ciss pourrait faire l\u2019exception dans la logique de Aliou Ciss\u00e9 pour une place avec les 26 joueurs convoqu\u00e9s pour la coupe du monde. Samba SY.\" \/>\n<meta property=\"og:url\" content=\"https:\/\/www.public.sn\/index.php\/2022\/11\/09\/sans-club-le-cas-saliou-ciss-divise\/\" \/>\n<meta property=\"og:site_name\" content=\"LE PUBLIC\" \/>\n<meta property=\"article:published_time\" content=\"2022-11-09T15:33:59+00:00\" \/>\n<meta property=\"article:modified_time\" content=\"2022-11-09T15:34:01+00:00\" \/>\n<meta property=\"og:image\" content=\"https:\/\/www.public.sn\/wp-content\/uploads\/2022\/11\/Aliou-Cisse-Saliou-Ciss.webp\" \/>\n\t<meta property=\"og:image:width\" content=\"600\" \/>\n\t<meta property=\"og:image:height\" content=\"375\" \/>\n\t<meta property=\"og:image:type\" content=\"image\/webp\" \/>\n<meta name=\"author\" content=\"LA REDACTION\" \/>\n<meta name=\"twitter:card\" content=\"summary_large_image\" \/>\n<meta name=\"twitter:label1\" content=\"\u00c9crit par\" \/>\n\t<meta name=\"twitter:data1\" content=\"LA REDACTION\" \/>\n\t<meta name=\"twitter:label2\" content=\"Dur\u00e9e de lecture estim\u00e9e\" \/>\n\t<meta name=\"twitter:data2\" content=\"1 minute\" \/>\n<script type=\"application\/ld+json\" class=\"yoast-schema-graph\">{\"@context\":\"https:\/\/schema.org\",\"@graph\":[{\"@type\":\"Article\",\"@id\":\"https:\/\/www.public.sn\/index.php\/2022\/11\/09\/sans-club-le-cas-saliou-ciss-divise\/#article\",\"isPartOf\":{\"@id\":\"https:\/\/www.public.sn\/index.php\/2022\/11\/09\/sans-club-le-cas-saliou-ciss-divise\/\"},\"author\":{\"name\":\"LA REDACTION\",\"@id\":\"https:\/\/www.public.sn\/#\/schema\/person\/cb76c8e1b8becc6be61fb5e92d6d0224\"},\"headline\":\"Sans club, le cas Saliou Ciss divise.\",\"datePublished\":\"2022-11-09T15:33:59+00:00\",\"dateModified\":\"2022-11-09T15:34:01+00:00\",\"mainEntityOfPage\":{\"@id\":\"https:\/\/www.public.sn\/index.php\/2022\/11\/09\/sans-club-le-cas-saliou-ciss-divise\/\"},\"wordCount\":222,\"commentCount\":0,\"publisher\":{\"@id\":\"https:\/\/www.public.sn\/#organization\"},\"image\":{\"@id\":\"https:\/\/www.public.sn\/index.php\/2022\/11\/09\/sans-club-le-cas-saliou-ciss-divise\/#primaryimage\"},\"thumbnailUrl\":\"https:\/\/www.public.sn\/wp-content\/uploads\/2022\/11\/Aliou-Cisse-Saliou-Ciss.webp\",\"keywords\":[\"saliou ciss\",\"sans club\",\"Sport\"],\"articleSection\":[\"ACTUALIT\u00c9S\",\"S\u00c9N\u00c9GAL\",\"SPORTS\"],\"inLanguage\":\"fr-FR\",\"potentialAction\":[{\"@type\":\"CommentAction\",\"name\":\"Comment\",\"target\":[\"https:\/\/www.public.sn\/index.php\/2022\/11\/09\/sans-club-le-cas-saliou-ciss-divise\/#respond\"]}]},{\"@type\":\"WebPage\",\"@id\":\"https:\/\/www.public.sn\/index.php\/2022\/11\/09\/sans-club-le-cas-saliou-ciss-divise\/\",\"url\":\"https:\/\/www.public.sn\/index.php\/2022\/11\/09\/sans-club-le-cas-saliou-ciss-divise\/\",\"name\":\"Sans club, le cas Saliou Ciss divise. - LE PUBLIC\",\"isPartOf\":{\"@id\":\"https:\/\/www.public.sn\/#website\"},\"primaryImageOfPage\":{\"@id\":\"https:\/\/www.public.sn\/index.php\/2022\/11\/09\/sans-club-le-cas-saliou-ciss-divise\/#primaryimage\"},\"image\":{\"@id\":\"https:\/\/www.public.sn\/index.php\/2022\/11\/09\/sans-club-le-cas-saliou-ciss-divise\/#primaryimage\"},\"thumbnailUrl\":\"https:\/\/www.public.sn\/wp-content\/uploads\/2022\/11\/Aliou-Cisse-Saliou-Ciss.webp\",\"datePublished\":\"2022-11-09T15:33:59+00:00\",\"dateModified\":\"2022-11-09T15:34:01+00:00\",\"breadcrumb\":{\"@id\":\"https:\/\/www.public.sn\/index.php\/2022\/11\/09\/sans-club-le-cas-saliou-ciss-divise\/#breadcrumb\"},\"inLanguage\":\"fr-FR\",\"potentialAction\":[{\"@type\":\"ReadAction\",\"target\":[\"https:\/\/www.public.sn\/index.php\/2022\/11\/09\/sans-club-le-cas-saliou-ciss-divise\/\"]}]},{\"@type\":\"ImageObject\",\"inLanguage\":\"fr-FR\",\"@id\":\"https:\/\/www.public.sn\/index.php\/2022\/11\/09\/sans-club-le-cas-saliou-ciss-divise\/#primaryimage\",\"url\":\"https:\/\/www.public.sn\/wp-content\/uploads\/2022\/11\/Aliou-Cisse-Saliou-Ciss.webp\",\"contentUrl\":\"https:\/\/www.public.sn\/wp-content\/uploads\/2022\/11\/Aliou-Cisse-Saliou-Ciss.webp\",\"width\":600,\"height\":375,\"caption\":\"publicsn\"},{\"@type\":\"BreadcrumbList\",\"@id\":\"https:\/\/www.public.sn\/index.php\/2022\/11\/09\/sans-club-le-cas-saliou-ciss-divise\/#breadcrumb\",\"itemListElement\":[{\"@type\":\"ListItem\",\"position\":1,\"name\":\"Accueil\",\"item\":\"https:\/\/www.public.sn\/\"},{\"@type\":\"ListItem\",\"position\":2,\"name\":\"Sans club, le cas Saliou Ciss divise.\"}]},{\"@type\":\"WebSite\",\"@id\":\"https:\/\/www.public.sn\/#website\",\"url\":\"https:\/\/www.public.sn\/\",\"name\":\"LE PUBLIC\",\"description\":\"\",\"publisher\":{\"@id\":\"https:\/\/www.public.sn\/#organization\"},\"potentialAction\":[{\"@type\":\"SearchAction\",\"target\":{\"@type\":\"EntryPoint\",\"urlTemplate\":\"https:\/\/www.public.sn\/?s={search_term_string}\"},\"query-input\":{\"@type\":\"PropertyValueSpecification\",\"valueRequired\":true,\"valueName\":\"search_term_string\"}}],\"inLanguage\":\"fr-FR\"},{\"@type\":\"Organization\",\"@id\":\"https:\/\/www.public.sn\/#organization\",\"name\":\"LE PUBLIC\",\"url\":\"https:\/\/www.public.sn\/\",\"logo\":{\"@type\":\"ImageObject\",\"inLanguage\":\"fr-FR\",\"@id\":\"https:\/\/www.public.sn\/#\/schema\/logo\/image\/\",\"url\":\"https:\/\/www.public.sn\/wp-content\/uploads\/2024\/05\/cropped-LOGO-PUBLIC.SN_.png\",\"contentUrl\":\"https:\/\/www.public.sn\/wp-content\/uploads\/2024\/05\/cropped-LOGO-PUBLIC.SN_.png\",\"width\":682,\"height\":192,\"caption\":\"LE PUBLIC\"},\"image\":{\"@id\":\"https:\/\/www.public.sn\/#\/schema\/logo\/image\/\"}},{\"@type\":\"Person\",\"@id\":\"https:\/\/www.public.sn\/#\/schema\/person\/cb76c8e1b8becc6be61fb5e92d6d0224\",\"name\":\"LA REDACTION\",\"image\":{\"@type\":\"ImageObject\",\"inLanguage\":\"fr-FR\",\"@id\":\"https:\/\/www.public.sn\/#\/schema\/person\/image\/\",\"url\":\"https:\/\/secure.gravatar.com\/avatar\/2dce5ddd34b8fef0180efe03aa2a9bee7d953856048f9a16b298190a3178407c?s=96&d=mm&r=g\",\"contentUrl\":\"https:\/\/secure.gravatar.com\/avatar\/2dce5ddd34b8fef0180efe03aa2a9bee7d953856048f9a16b298190a3178407c?s=96&d=mm&r=g\",\"caption\":\"LA REDACTION\"},\"url\":\"https:\/\/www.public.sn\/index.php\/author\/editeurpsn\/\"}]}<\/script>\n<!-- \/ Yoast SEO plugin. -->","yoast_head_json":{"title":"Sans club, le cas Saliou Ciss divise. - LE PUBLIC","robots":{"index":"index","follow":"follow","max-snippet":"max-snippet:-1","max-image-preview":"max-image-preview:large","max-video-preview":"max-video-preview:-1"},"canonical":"https:\/\/www.public.sn\/index.php\/2022\/11\/09\/sans-club-le-cas-saliou-ciss-divise\/","og_locale":"fr_FR","og_type":"article","og_title":"Sans club, le cas Saliou Ciss divise. - LE PUBLIC","og_description":"Le cas du d\u00e9fenseur Saliou Ciss suscite un v\u00e9ritable d\u00e9bat au sein des sp\u00e9cialistes du football. Dans la logique du coach national, les joueurs non comp\u00e9titifs ne peuvent pas \u00eatre appel\u00e9s en \u00e9quipe nationale. Et malheureusement pour lui, Saliou Ciss n&rsquo;a m\u00eame pas de club. Une situation burlesque pour un joueur dont le talent n&rsquo;est plus \u00e0 d\u00e9montrer. Une th\u00e9orie souvent \u00e9voqu\u00e9e pour expliquer la non-s\u00e9lection de certains joueurs pour les grandes comp\u00e9titions. Mais pour des sp\u00e9cialistes, le cas de Saliou Ciss m\u00e9rite que le coach Aliou Ciss\u00e9 revoie sa position sur la question. Celui-ci n\u2019a pas club depuis le retour de la Coupe d\u2019Afrique des nations. Il est vrai qu\u2019il effectuait ses entrainements avec l\u2019\u00e9quipe de Jambar m\u00eame s\u2019il ne jouait mais toujours est- il que Saliou Ciss a \u00e9t\u00e9 l\u2019un des meilleurs joueurs de la Coupe d\u2019Afrique. Son apport sur le plan offensif en tant que lat\u00e9ral n\u2019est plus \u00e0 d\u00e9montrer pour l\u2019\u00e9quipe nationale du S\u00e9n\u00e9gal. Sans nul doute que Saliou Ciss pourrait faire l\u2019exception dans la logique de Aliou Ciss\u00e9 pour une place avec les 26 joueurs convoqu\u00e9s pour la coupe du monde. Samba SY.","og_url":"https:\/\/www.public.sn\/index.php\/2022\/11\/09\/sans-club-le-cas-saliou-ciss-divise\/","og_site_name":"LE PUBLIC","article_published_time":"2022-11-09T15:33:59+00:00","article_modified_time":"2022-11-09T15:34:01+00:00","og_image":[{"width":600,"height":375,"url":"https:\/\/www.public.sn\/wp-content\/uploads\/2022\/11\/Aliou-Cisse-Saliou-Ciss.webp","type":"image\/webp"}],"author":"LA REDACTION","twitter_card":"summary_large_image","twitter_misc":{"\u00c9crit par":"LA REDACTION","Dur\u00e9e de lecture estim\u00e9e":"1 minute"},"schema":{"@context":"https:\/\/schema.org","@graph":[{"@type":"Article","@id":"https:\/\/www.public.sn\/index.php\/2022\/11\/09\/sans-club-le-cas-saliou-ciss-divise\/#article","isPartOf":{"@id":"https:\/\/www.public.sn\/index.php\/2022\/11\/09\/sans-club-le-cas-saliou-ciss-divise\/"},"author":{"name":"LA REDACTION","@id":"https:\/\/www.public.sn\/#\/schema\/person\/cb76c8e1b8becc6be61fb5e92d6d0224"},"headline":"Sans club, le cas Saliou Ciss divise.","datePublished":"2022-11-09T15:33:59+00:00","dateModified":"2022-11-09T15:34:01+00:00","mainEntityOfPage":{"@id":"https:\/\/www.public.sn\/index.php\/2022\/11\/09\/sans-club-le-cas-saliou-ciss-divise\/"},"wordCount":222,"commentCount":0,"publisher":{"@id":"https:\/\/www.public.sn\/#organization"},"image":{"@id":"https:\/\/www.public.sn\/index.php\/2022\/11\/09\/sans-club-le-cas-saliou-ciss-divise\/#primaryimage"},"thumbnailUrl":"https:\/\/www.public.sn\/wp-content\/uploads\/2022\/11\/Aliou-Cisse-Saliou-Ciss.webp","keywords":["saliou ciss","sans club","Sport"],"articleSection":["ACTUALIT\u00c9S","S\u00c9N\u00c9GAL","SPORTS"],"inLanguage":"fr-FR","potentialAction":[{"@type":"CommentAction","name":"Comment","target":["https:\/\/www.public.sn\/index.php\/2022\/11\/09\/sans-club-le-cas-saliou-ciss-divise\/#respond"]}]},{"@type":"WebPage","@id":"https:\/\/www.public.sn\/index.php\/2022\/11\/09\/sans-club-le-cas-saliou-ciss-divise\/","url":"https:\/\/www.public.sn\/index.php\/2022\/11\/09\/sans-club-le-cas-saliou-ciss-divise\/","name":"Sans club, le cas Saliou Ciss divise. - LE PUBLIC","isPartOf":{"@id":"https:\/\/www.public.sn\/#website"},"primaryImageOfPage":{"@id":"https:\/\/www.public.sn\/index.php\/2022\/11\/09\/sans-club-le-cas-saliou-ciss-divise\/#primaryimage"},"image":{"@id":"https:\/\/www.public.sn\/index.php\/2022\/11\/09\/sans-club-le-cas-saliou-ciss-divise\/#primaryimage"},"thumbnailUrl":"https:\/\/www.public.sn\/wp-content\/uploads\/2022\/11\/Aliou-Cisse-Saliou-Ciss.webp","datePublished":"2022-11-09T15:33:59+00:00","dateModified":"2022-11-09T15:34:01+00:00","breadcrumb":{"@id":"https:\/\/www.public.sn\/index.php\/2022\/11\/09\/sans-club-le-cas-saliou-ciss-divise\/#breadcrumb"},"inLanguage":"fr-FR","potentialAction":[{"@type":"ReadAction","target":["https:\/\/www.public.sn\/index.php\/2022\/11\/09\/sans-club-le-cas-saliou-ciss-divise\/"]}]},{"@type":"ImageObject","inLanguage":"fr-FR","@id":"https:\/\/www.public.sn\/index.php\/2022\/11\/09\/sans-club-le-cas-saliou-ciss-divise\/#primaryimage","url":"https:\/\/www.public.sn\/wp-content\/uploads\/2022\/11\/Aliou-Cisse-Saliou-Ciss.webp","contentUrl":"https:\/\/www.public.sn\/wp-content\/uploads\/2022\/11\/Aliou-Cisse-Saliou-Ciss.webp","width":600,"height":375,"caption":"publicsn"},{"@type":"BreadcrumbList","@id":"https:\/\/www.public.sn\/index.php\/2022\/11\/09\/sans-club-le-cas-saliou-ciss-divise\/#breadcrumb","itemListElement":[{"@type":"ListItem","position":1,"name":"Accueil","item":"https:\/\/www.public.sn\/"},{"@type":"ListItem","position":2,"name":"Sans club, le cas Saliou Ciss divise."}]},{"@type":"WebSite","@id":"https:\/\/www.public.sn\/#website","url":"https:\/\/www.public.sn\/","name":"LE PUBLIC","description":"","publisher":{"@id":"https:\/\/www.public.sn\/#organization"},"potentialAction":[{"@type":"SearchAction","target":{"@type":"EntryPoint","urlTemplate":"https:\/\/www.public.sn\/?s={search_term_string}"},"query-input":{"@type":"PropertyValueSpecification","valueRequired":true,"valueName":"search_term_string"}}],"inLanguage":"fr-FR"},{"@type":"Organization","@id":"https:\/\/www.public.sn\/#organization","name":"LE PUBLIC","url":"https:\/\/www.public.sn\/","logo":{"@type":"ImageObject","inLanguage":"fr-FR","@id":"https:\/\/www.public.sn\/#\/schema\/logo\/image\/","url":"https:\/\/www.public.sn\/wp-content\/uploads\/2024\/05\/cropped-LOGO-PUBLIC.SN_.png","contentUrl":"https:\/\/www.public.sn\/wp-content\/uploads\/2024\/05\/cropped-LOGO-PUBLIC.SN_.png","width":682,"height":192,"caption":"LE PUBLIC"},"image":{"@id":"https:\/\/www.public.sn\/#\/schema\/logo\/image\/"}},{"@type":"Person","@id":"https:\/\/www.public.sn\/#\/schema\/person\/cb76c8e1b8becc6be61fb5e92d6d0224","name":"LA REDACTION","image":{"@type":"ImageObject","inLanguage":"fr-FR","@id":"https:\/\/www.public.sn\/#\/schema\/person\/image\/","url":"https:\/\/secure.gravatar.com\/avatar\/2dce5ddd34b8fef0180efe03aa2a9bee7d953856048f9a16b298190a3178407c?s=96&d=mm&r=g","contentUrl":"https:\/\/secure.gravatar.com\/avatar\/2dce5ddd34b8fef0180efe03aa2a9bee7d953856048f9a16b298190a3178407c?s=96&d=mm&r=g","caption":"LA REDACTION"},"url":"https:\/\/www.public.sn\/index.php\/author\/editeurpsn\/"}]}},"jetpack_featured_media_url":"https:\/\/www.public.sn\/wp-content\/uploads\/2022\/11\/Aliou-Cisse-Saliou-Ciss.webp","jetpack_sharing_enabled":true,"_links":{"self":[{"href":"https:\/\/www.public.sn\/index.php\/wp-json\/wp\/v2\/posts\/7753","targetHints":{"allow":["GET"]}}],"collection":[{"href":"https:\/\/www.public.sn\/index.php\/wp-json\/wp\/v2\/posts"}],"about":[{"href":"https:\/\/www.public.sn\/index.php\/wp-json\/wp\/v2\/types\/post"}],"author":[{"embeddable":true,"href":"https:\/\/www.public.sn\/index.php\/wp-json\/wp\/v2\/users\/7"}],"replies":[{"embeddable":true,"href":"https:\/\/www.public.sn\/index.php\/wp-json\/wp\/v2\/comments?post=7753"}],"version-history":[{"count":2,"href":"https:\/\/www.public.sn\/index.php\/wp-json\/wp\/v2\/posts\/7753\/revisions"}],"predecessor-version":[{"id":7756,"href":"https:\/\/www.public.sn\/index.php\/wp-json\/wp\/v2\/posts\/7753\/revisions\/7756"}],"wp:featuredmedia":[{"embeddable":true,"href":"https:\/\/www.public.sn\/index.php\/wp-json\/wp\/v2\/media\/7754"}],"wp:attachment":[{"href":"https:\/\/www.public.sn\/index.php\/wp-json\/wp\/v2\/media?parent=7753"}],"wp:term":[{"taxonomy":"category","embeddable":true,"href":"https:\/\/www.public.sn\/index.php\/wp-json\/wp\/v2\/categories?post=7753"},{"taxonomy":"post_tag","embeddable":true,"href":"https:\/\/www.public.sn\/index.php\/wp-json\/wp\/v2\/tags?post=7753"}],"curies":[{"name":"wp","href":"https:\/\/api.w.org\/{rel}","templated":true}]}}