{"id":7803,"date":"2022-11-09T17:56:47","date_gmt":"2022-11-09T17:56:47","guid":{"rendered":"https:\/\/www.public.sn\/?p=7803"},"modified":"2022-11-09T17:58:30","modified_gmt":"2022-11-09T17:58:30","slug":"toute-la-verite-sur-la-blessure-de-sadio-mane-selon-ce-chroniqueur-sportif-base-en-allemagne","status":"publish","type":"post","link":"https:\/\/www.public.sn\/index.php\/2022\/11\/09\/toute-la-verite-sur-la-blessure-de-sadio-mane-selon-ce-chroniqueur-sportif-base-en-allemagne\/","title":{"rendered":"Toute la v\u00e9rit\u00e9 sur la blessure de Sadio Man\u00e9 selon ce chroniqueur sportif bas\u00e9 en Allemagne"},"content":{"rendered":"<p><strong>La blessure de Sadio Man\u00e9 est l&rsquo;actualit\u00e9 sportive la plus comment\u00e9 du jour. Intervenant dans l\u2019\u00e9dition sp\u00e9ciale d\u2019Iradio, ce mercredi 9 novembre, Thiendou Ciss\u00e9, \u00e9tabli en Allemagne, a d\u00e9menti l\u2019information, annonc\u00e9e par L\u2019\u00c9quipe concernant un \u00e9ventuel forfait de la star de l\u2019\u00e9quipe nationale du S\u00e9n\u00e9gal \u00e0 la Coupe du monde (20 novembre \u2013 18 d\u00e9cembre) 2022.<\/strong><\/p><div class=\"publi-paragraphe1\" style=\"margin-top: 10px;margin-bottom: 10px;margin-left: auto;margin-right: auto;text-align: center;\" id=\"publi-169195130\"><div class=\"publi-adlabel\">Publicit\u00e9<\/div><script async src=\"\/\/pagead2.googlesyndication.com\/pagead\/js\/adsbygoogle.js?client=ca-pub-4089586018074219\" crossorigin=\"anonymous\"><\/script><ins class=\"adsbygoogle\" style=\"display:block;\" data-ad-client=\"ca-pub-4089586018074219\" \ndata-ad-slot=\"2087940154\" \ndata-ad-format=\"auto\"><\/ins>\n<script> \n(adsbygoogle = window.adsbygoogle || []).push({}); \n<\/script>\n<\/div>\n<p>Ainsi, le chroniqueur sportif d&rsquo;\u00e9clairer : \u00ab Je viens de quitter les locaux du Bayern de Munich, j\u2019ai parl\u00e9 aux orthop\u00e9distes de l\u2019\u00e9quipe, ils m\u2019ont dit qu\u2019il y a plus de peur que de mal \u00bb.<\/p>\n<p>Plus loin, il pr\u00e9cise qu\u2019aucun m\u00e9dia ne parle du forfait de Sadio Man\u00e9 pour le Mondial 2022.<\/p>\n<p>Il avoue, toutefois, n\u2019avoir pas \u00e9chang\u00e9 avec le joueur concern\u00e9. \u00ab Mais j\u2019ai parl\u00e9 aux m\u00e9decins \u00bb, a-t-il insist\u00e9.<\/p>\n<div class=\"publi-apres-le-contenu\" style=\"margin-top: 10px;margin-bottom: 10px;margin-left: auto;margin-right: auto;text-align: center;\" id=\"publi-226170279\"><div class=\"publi-adlabel\">Publicit\u00e9<\/div><script async src=\"\/\/pagead2.googlesyndication.com\/pagead\/js\/adsbygoogle.js?client=ca-pub-4089586018074219\" crossorigin=\"anonymous\"><\/script><ins class=\"adsbygoogle\" style=\"display:block;\" data-ad-client=\"ca-pub-4089586018074219\" \ndata-ad-slot=\"2087940154\" \ndata-ad-format=\"auto\"><\/ins>\n<script> \n(adsbygoogle = window.adsbygoogle || []).push({}); \n<\/script>\n<\/div>","protected":false},"excerpt":{"rendered":"<p>La blessure de Sadio Man\u00e9 est l&rsquo;actualit\u00e9 sportive la plus comment\u00e9 du jour. Intervenant dans l\u2019\u00e9dition sp\u00e9ciale d\u2019Iradio, ce mercredi 9 novembre, Thiendou Ciss\u00e9, \u00e9tabli en Allemagne, a d\u00e9menti l\u2019information, annonc\u00e9e par L\u2019\u00c9quipe concernant un \u00e9ventuel forfait de la star de l\u2019\u00e9quipe nationale du S\u00e9n\u00e9gal \u00e0 la Coupe du monde (20 novembre \u2013 18 d\u00e9cembre) 2022. Ainsi, le chroniqueur sportif d&rsquo;\u00e9clairer : \u00ab Je viens de quitter les locaux du Bayern de Munich, j\u2019ai parl\u00e9 aux orthop\u00e9distes de l\u2019\u00e9quipe, ils m\u2019ont dit qu\u2019il y a plus de peur que de mal \u00bb. Plus loin, il pr\u00e9cise qu\u2019aucun m\u00e9dia ne parle du forfait de Sadio Man\u00e9 pour le Mondial 2022. Il avoue, toutefois, n\u2019avoir pas \u00e9chang\u00e9 avec le joueur concern\u00e9. \u00ab Mais j\u2019ai parl\u00e9 aux m\u00e9decins \u00bb, a-t-il insist\u00e9.<\/p>\n","protected":false},"author":1,"featured_media":7804,"comment_status":"open","ping_status":"open","sticky":false,"template":"","format":"standard","meta":{"_jetpack_memberships_contains_paid_content":false,"footnotes":""},"categories":[375,1,7],"tags":[47,2666],"class_list":["post-7803","post","type-post","status-publish","format-standard","has-post-thumbnail","hentry","category-actualites","category-non-classe","category-sport","tag-sadio-mane","tag-thiendou-cisse","entry","has-media","owp-thumbs-layout-horizontal","owp-btn-normal","owp-tabs-layout-horizontal","has-no-thumbnails","has-product-nav"],"yoast_head":"<!-- This site is optimized with the Yoast SEO plugin v25.5 - https:\/\/yoast.com\/wordpress\/plugins\/seo\/ -->\n<title>Toute la v\u00e9rit\u00e9 sur la blessure de Sadio Man\u00e9 selon ce chroniqueur sportif bas\u00e9 en Allemagne - LE PUBLIC<\/title>\n<meta name=\"robots\" content=\"index, follow, max-snippet:-1, max-image-preview:large, max-video-preview:-1\" \/>\n<link rel=\"canonical\" href=\"https:\/\/www.public.sn\/index.php\/2022\/11\/09\/toute-la-verite-sur-la-blessure-de-sadio-mane-selon-ce-chroniqueur-sportif-base-en-allemagne\/\" \/>\n<meta property=\"og:locale\" content=\"fr_FR\" \/>\n<meta property=\"og:type\" content=\"article\" \/>\n<meta property=\"og:title\" content=\"Toute la v\u00e9rit\u00e9 sur la blessure de Sadio Man\u00e9 selon ce chroniqueur sportif bas\u00e9 en Allemagne - LE PUBLIC\" \/>\n<meta property=\"og:description\" content=\"La blessure de Sadio Man\u00e9 est l&rsquo;actualit\u00e9 sportive la plus comment\u00e9 du jour. Intervenant dans l\u2019\u00e9dition sp\u00e9ciale d\u2019Iradio, ce mercredi 9 novembre, Thiendou Ciss\u00e9, \u00e9tabli en Allemagne, a d\u00e9menti l\u2019information, annonc\u00e9e par L\u2019\u00c9quipe concernant un \u00e9ventuel forfait de la star de l\u2019\u00e9quipe nationale du S\u00e9n\u00e9gal \u00e0 la Coupe du monde (20 novembre \u2013 18 d\u00e9cembre) 2022. Ainsi, le chroniqueur sportif d&rsquo;\u00e9clairer : \u00ab Je viens de quitter les locaux du Bayern de Munich, j\u2019ai parl\u00e9 aux orthop\u00e9distes de l\u2019\u00e9quipe, ils m\u2019ont dit qu\u2019il y a plus de peur que de mal \u00bb. Plus loin, il pr\u00e9cise qu\u2019aucun m\u00e9dia ne parle du forfait de Sadio Man\u00e9 pour le Mondial 2022. Il avoue, toutefois, n\u2019avoir pas \u00e9chang\u00e9 avec le joueur concern\u00e9. \u00ab Mais j\u2019ai parl\u00e9 aux m\u00e9decins \u00bb, a-t-il insist\u00e9.\" \/>\n<meta property=\"og:url\" content=\"https:\/\/www.public.sn\/index.php\/2022\/11\/09\/toute-la-verite-sur-la-blessure-de-sadio-mane-selon-ce-chroniqueur-sportif-base-en-allemagne\/\" \/>\n<meta property=\"og:site_name\" content=\"LE PUBLIC\" \/>\n<meta property=\"article:published_time\" content=\"2022-11-09T17:56:47+00:00\" \/>\n<meta property=\"article:modified_time\" content=\"2022-11-09T17:58:30+00:00\" \/>\n<meta property=\"og:image\" content=\"https:\/\/www.public.sn\/wp-content\/uploads\/2022\/11\/Sadio-Mane-.jpg\" \/>\n\t<meta property=\"og:image:width\" content=\"755\" \/>\n\t<meta property=\"og:image:height\" content=\"449\" \/>\n\t<meta property=\"og:image:type\" content=\"image\/jpeg\" \/>\n<meta name=\"author\" content=\"LA REDACTION\" \/>\n<meta name=\"twitter:card\" content=\"summary_large_image\" \/>\n<meta name=\"twitter:label1\" content=\"\u00c9crit par\" \/>\n\t<meta name=\"twitter:data1\" content=\"LA REDACTION\" \/>\n\t<meta name=\"twitter:label2\" content=\"Dur\u00e9e de lecture estim\u00e9e\" \/>\n\t<meta name=\"twitter:data2\" content=\"1 minute\" \/>\n<script type=\"application\/ld+json\" class=\"yoast-schema-graph\">{\"@context\":\"https:\/\/schema.org\",\"@graph\":[{\"@type\":\"Article\",\"@id\":\"https:\/\/www.public.sn\/index.php\/2022\/11\/09\/toute-la-verite-sur-la-blessure-de-sadio-mane-selon-ce-chroniqueur-sportif-base-en-allemagne\/#article\",\"isPartOf\":{\"@id\":\"https:\/\/www.public.sn\/index.php\/2022\/11\/09\/toute-la-verite-sur-la-blessure-de-sadio-mane-selon-ce-chroniqueur-sportif-base-en-allemagne\/\"},\"author\":{\"name\":\"LA REDACTION\",\"@id\":\"https:\/\/www.public.sn\/#\/schema\/person\/e3f4a11b037d4203902db148f9bc8d5a\"},\"headline\":\"Toute la v\u00e9rit\u00e9 sur la blessure de Sadio Man\u00e9 selon ce chroniqueur sportif bas\u00e9 en Allemagne\",\"datePublished\":\"2022-11-09T17:56:47+00:00\",\"dateModified\":\"2022-11-09T17:58:30+00:00\",\"mainEntityOfPage\":{\"@id\":\"https:\/\/www.public.sn\/index.php\/2022\/11\/09\/toute-la-verite-sur-la-blessure-de-sadio-mane-selon-ce-chroniqueur-sportif-base-en-allemagne\/\"},\"wordCount\":156,\"commentCount\":0,\"publisher\":{\"@id\":\"https:\/\/www.public.sn\/#organization\"},\"image\":{\"@id\":\"https:\/\/www.public.sn\/index.php\/2022\/11\/09\/toute-la-verite-sur-la-blessure-de-sadio-mane-selon-ce-chroniqueur-sportif-base-en-allemagne\/#primaryimage\"},\"thumbnailUrl\":\"https:\/\/www.public.sn\/wp-content\/uploads\/2022\/11\/Sadio-Mane-.jpg\",\"keywords\":[\"Sadio Man\u00e9\",\"Thiendou Ciss\u00e9\"],\"articleSection\":[\"ACTUALIT\u00c9S\",\"S\u00c9N\u00c9GAL\",\"SPORTS\"],\"inLanguage\":\"fr-FR\",\"potentialAction\":[{\"@type\":\"CommentAction\",\"name\":\"Comment\",\"target\":[\"https:\/\/www.public.sn\/index.php\/2022\/11\/09\/toute-la-verite-sur-la-blessure-de-sadio-mane-selon-ce-chroniqueur-sportif-base-en-allemagne\/#respond\"]}]},{\"@type\":\"WebPage\",\"@id\":\"https:\/\/www.public.sn\/index.php\/2022\/11\/09\/toute-la-verite-sur-la-blessure-de-sadio-mane-selon-ce-chroniqueur-sportif-base-en-allemagne\/\",\"url\":\"https:\/\/www.public.sn\/index.php\/2022\/11\/09\/toute-la-verite-sur-la-blessure-de-sadio-mane-selon-ce-chroniqueur-sportif-base-en-allemagne\/\",\"name\":\"Toute la v\u00e9rit\u00e9 sur la blessure de Sadio Man\u00e9 selon ce chroniqueur sportif bas\u00e9 en Allemagne - LE PUBLIC\",\"isPartOf\":{\"@id\":\"https:\/\/www.public.sn\/#website\"},\"primaryImageOfPage\":{\"@id\":\"https:\/\/www.public.sn\/index.php\/2022\/11\/09\/toute-la-verite-sur-la-blessure-de-sadio-mane-selon-ce-chroniqueur-sportif-base-en-allemagne\/#primaryimage\"},\"image\":{\"@id\":\"https:\/\/www.public.sn\/index.php\/2022\/11\/09\/toute-la-verite-sur-la-blessure-de-sadio-mane-selon-ce-chroniqueur-sportif-base-en-allemagne\/#primaryimage\"},\"thumbnailUrl\":\"https:\/\/www.public.sn\/wp-content\/uploads\/2022\/11\/Sadio-Mane-.jpg\",\"datePublished\":\"2022-11-09T17:56:47+00:00\",\"dateModified\":\"2022-11-09T17:58:30+00:00\",\"breadcrumb\":{\"@id\":\"https:\/\/www.public.sn\/index.php\/2022\/11\/09\/toute-la-verite-sur-la-blessure-de-sadio-mane-selon-ce-chroniqueur-sportif-base-en-allemagne\/#breadcrumb\"},\"inLanguage\":\"fr-FR\",\"potentialAction\":[{\"@type\":\"ReadAction\",\"target\":[\"https:\/\/www.public.sn\/index.php\/2022\/11\/09\/toute-la-verite-sur-la-blessure-de-sadio-mane-selon-ce-chroniqueur-sportif-base-en-allemagne\/\"]}]},{\"@type\":\"ImageObject\",\"inLanguage\":\"fr-FR\",\"@id\":\"https:\/\/www.public.sn\/index.php\/2022\/11\/09\/toute-la-verite-sur-la-blessure-de-sadio-mane-selon-ce-chroniqueur-sportif-base-en-allemagne\/#primaryimage\",\"url\":\"https:\/\/www.public.sn\/wp-content\/uploads\/2022\/11\/Sadio-Mane-.jpg\",\"contentUrl\":\"https:\/\/www.public.sn\/wp-content\/uploads\/2022\/11\/Sadio-Mane-.jpg\",\"width\":755,\"height\":449},{\"@type\":\"BreadcrumbList\",\"@id\":\"https:\/\/www.public.sn\/index.php\/2022\/11\/09\/toute-la-verite-sur-la-blessure-de-sadio-mane-selon-ce-chroniqueur-sportif-base-en-allemagne\/#breadcrumb\",\"itemListElement\":[{\"@type\":\"ListItem\",\"position\":1,\"name\":\"Accueil\",\"item\":\"https:\/\/www.public.sn\/\"},{\"@type\":\"ListItem\",\"position\":2,\"name\":\"Toute la v\u00e9rit\u00e9 sur la blessure de Sadio Man\u00e9 selon ce chroniqueur sportif bas\u00e9 en Allemagne\"}]},{\"@type\":\"WebSite\",\"@id\":\"https:\/\/www.public.sn\/#website\",\"url\":\"https:\/\/www.public.sn\/\",\"name\":\"LE PUBLIC\",\"description\":\"\",\"publisher\":{\"@id\":\"https:\/\/www.public.sn\/#organization\"},\"potentialAction\":[{\"@type\":\"SearchAction\",\"target\":{\"@type\":\"EntryPoint\",\"urlTemplate\":\"https:\/\/www.public.sn\/?s={search_term_string}\"},\"query-input\":{\"@type\":\"PropertyValueSpecification\",\"valueRequired\":true,\"valueName\":\"search_term_string\"}}],\"inLanguage\":\"fr-FR\"},{\"@type\":\"Organization\",\"@id\":\"https:\/\/www.public.sn\/#organization\",\"name\":\"LE PUBLIC\",\"url\":\"https:\/\/www.public.sn\/\",\"logo\":{\"@type\":\"ImageObject\",\"inLanguage\":\"fr-FR\",\"@id\":\"https:\/\/www.public.sn\/#\/schema\/logo\/image\/\",\"url\":\"https:\/\/www.public.sn\/wp-content\/uploads\/2024\/05\/cropped-LOGO-PUBLIC.SN_.png\",\"contentUrl\":\"https:\/\/www.public.sn\/wp-content\/uploads\/2024\/05\/cropped-LOGO-PUBLIC.SN_.png\",\"width\":682,\"height\":192,\"caption\":\"LE PUBLIC\"},\"image\":{\"@id\":\"https:\/\/www.public.sn\/#\/schema\/logo\/image\/\"}},{\"@type\":\"Person\",\"@id\":\"https:\/\/www.public.sn\/#\/schema\/person\/e3f4a11b037d4203902db148f9bc8d5a\",\"name\":\"LA REDACTION\",\"image\":{\"@type\":\"ImageObject\",\"inLanguage\":\"fr-FR\",\"@id\":\"https:\/\/www.public.sn\/#\/schema\/person\/image\/\",\"url\":\"https:\/\/secure.gravatar.com\/avatar\/d6c030db45db2883c075085c5d6c6258654a801a93766b49af0b82d4f454e2a5?s=96&d=mm&r=g\",\"contentUrl\":\"https:\/\/secure.gravatar.com\/avatar\/d6c030db45db2883c075085c5d6c6258654a801a93766b49af0b82d4f454e2a5?s=96&d=mm&r=g\",\"caption\":\"LA REDACTION\"},\"sameAs\":[\"http:\/\/www.public.sn\"],\"url\":\"https:\/\/www.public.sn\/index.php\/author\/admin7324\/\"}]}<\/script>\n<!-- \/ Yoast SEO plugin. -->","yoast_head_json":{"title":"Toute la v\u00e9rit\u00e9 sur la blessure de Sadio Man\u00e9 selon ce chroniqueur sportif bas\u00e9 en Allemagne - LE PUBLIC","robots":{"index":"index","follow":"follow","max-snippet":"max-snippet:-1","max-image-preview":"max-image-preview:large","max-video-preview":"max-video-preview:-1"},"canonical":"https:\/\/www.public.sn\/index.php\/2022\/11\/09\/toute-la-verite-sur-la-blessure-de-sadio-mane-selon-ce-chroniqueur-sportif-base-en-allemagne\/","og_locale":"fr_FR","og_type":"article","og_title":"Toute la v\u00e9rit\u00e9 sur la blessure de Sadio Man\u00e9 selon ce chroniqueur sportif bas\u00e9 en Allemagne - LE PUBLIC","og_description":"La blessure de Sadio Man\u00e9 est l&rsquo;actualit\u00e9 sportive la plus comment\u00e9 du jour. Intervenant dans l\u2019\u00e9dition sp\u00e9ciale d\u2019Iradio, ce mercredi 9 novembre, Thiendou Ciss\u00e9, \u00e9tabli en Allemagne, a d\u00e9menti l\u2019information, annonc\u00e9e par L\u2019\u00c9quipe concernant un \u00e9ventuel forfait de la star de l\u2019\u00e9quipe nationale du S\u00e9n\u00e9gal \u00e0 la Coupe du monde (20 novembre \u2013 18 d\u00e9cembre) 2022. Ainsi, le chroniqueur sportif d&rsquo;\u00e9clairer : \u00ab Je viens de quitter les locaux du Bayern de Munich, j\u2019ai parl\u00e9 aux orthop\u00e9distes de l\u2019\u00e9quipe, ils m\u2019ont dit qu\u2019il y a plus de peur que de mal \u00bb. Plus loin, il pr\u00e9cise qu\u2019aucun m\u00e9dia ne parle du forfait de Sadio Man\u00e9 pour le Mondial 2022. Il avoue, toutefois, n\u2019avoir pas \u00e9chang\u00e9 avec le joueur concern\u00e9. \u00ab Mais j\u2019ai parl\u00e9 aux m\u00e9decins \u00bb, a-t-il insist\u00e9.","og_url":"https:\/\/www.public.sn\/index.php\/2022\/11\/09\/toute-la-verite-sur-la-blessure-de-sadio-mane-selon-ce-chroniqueur-sportif-base-en-allemagne\/","og_site_name":"LE PUBLIC","article_published_time":"2022-11-09T17:56:47+00:00","article_modified_time":"2022-11-09T17:58:30+00:00","og_image":[{"width":755,"height":449,"url":"https:\/\/www.public.sn\/wp-content\/uploads\/2022\/11\/Sadio-Mane-.jpg","type":"image\/jpeg"}],"author":"LA REDACTION","twitter_card":"summary_large_image","twitter_misc":{"\u00c9crit par":"LA REDACTION","Dur\u00e9e de lecture estim\u00e9e":"1 minute"},"schema":{"@context":"https:\/\/schema.org","@graph":[{"@type":"Article","@id":"https:\/\/www.public.sn\/index.php\/2022\/11\/09\/toute-la-verite-sur-la-blessure-de-sadio-mane-selon-ce-chroniqueur-sportif-base-en-allemagne\/#article","isPartOf":{"@id":"https:\/\/www.public.sn\/index.php\/2022\/11\/09\/toute-la-verite-sur-la-blessure-de-sadio-mane-selon-ce-chroniqueur-sportif-base-en-allemagne\/"},"author":{"name":"LA REDACTION","@id":"https:\/\/www.public.sn\/#\/schema\/person\/e3f4a11b037d4203902db148f9bc8d5a"},"headline":"Toute la v\u00e9rit\u00e9 sur la blessure de Sadio Man\u00e9 selon ce chroniqueur sportif bas\u00e9 en Allemagne","datePublished":"2022-11-09T17:56:47+00:00","dateModified":"2022-11-09T17:58:30+00:00","mainEntityOfPage":{"@id":"https:\/\/www.public.sn\/index.php\/2022\/11\/09\/toute-la-verite-sur-la-blessure-de-sadio-mane-selon-ce-chroniqueur-sportif-base-en-allemagne\/"},"wordCount":156,"commentCount":0,"publisher":{"@id":"https:\/\/www.public.sn\/#organization"},"image":{"@id":"https:\/\/www.public.sn\/index.php\/2022\/11\/09\/toute-la-verite-sur-la-blessure-de-sadio-mane-selon-ce-chroniqueur-sportif-base-en-allemagne\/#primaryimage"},"thumbnailUrl":"https:\/\/www.public.sn\/wp-content\/uploads\/2022\/11\/Sadio-Mane-.jpg","keywords":["Sadio Man\u00e9","Thiendou Ciss\u00e9"],"articleSection":["ACTUALIT\u00c9S","S\u00c9N\u00c9GAL","SPORTS"],"inLanguage":"fr-FR","potentialAction":[{"@type":"CommentAction","name":"Comment","target":["https:\/\/www.public.sn\/index.php\/2022\/11\/09\/toute-la-verite-sur-la-blessure-de-sadio-mane-selon-ce-chroniqueur-sportif-base-en-allemagne\/#respond"]}]},{"@type":"WebPage","@id":"https:\/\/www.public.sn\/index.php\/2022\/11\/09\/toute-la-verite-sur-la-blessure-de-sadio-mane-selon-ce-chroniqueur-sportif-base-en-allemagne\/","url":"https:\/\/www.public.sn\/index.php\/2022\/11\/09\/toute-la-verite-sur-la-blessure-de-sadio-mane-selon-ce-chroniqueur-sportif-base-en-allemagne\/","name":"Toute la v\u00e9rit\u00e9 sur la blessure de Sadio Man\u00e9 selon ce chroniqueur sportif bas\u00e9 en Allemagne - LE PUBLIC","isPartOf":{"@id":"https:\/\/www.public.sn\/#website"},"primaryImageOfPage":{"@id":"https:\/\/www.public.sn\/index.php\/2022\/11\/09\/toute-la-verite-sur-la-blessure-de-sadio-mane-selon-ce-chroniqueur-sportif-base-en-allemagne\/#primaryimage"},"image":{"@id":"https:\/\/www.public.sn\/index.php\/2022\/11\/09\/toute-la-verite-sur-la-blessure-de-sadio-mane-selon-ce-chroniqueur-sportif-base-en-allemagne\/#primaryimage"},"thumbnailUrl":"https:\/\/www.public.sn\/wp-content\/uploads\/2022\/11\/Sadio-Mane-.jpg","datePublished":"2022-11-09T17:56:47+00:00","dateModified":"2022-11-09T17:58:30+00:00","breadcrumb":{"@id":"https:\/\/www.public.sn\/index.php\/2022\/11\/09\/toute-la-verite-sur-la-blessure-de-sadio-mane-selon-ce-chroniqueur-sportif-base-en-allemagne\/#breadcrumb"},"inLanguage":"fr-FR","potentialAction":[{"@type":"ReadAction","target":["https:\/\/www.public.sn\/index.php\/2022\/11\/09\/toute-la-verite-sur-la-blessure-de-sadio-mane-selon-ce-chroniqueur-sportif-base-en-allemagne\/"]}]},{"@type":"ImageObject","inLanguage":"fr-FR","@id":"https:\/\/www.public.sn\/index.php\/2022\/11\/09\/toute-la-verite-sur-la-blessure-de-sadio-mane-selon-ce-chroniqueur-sportif-base-en-allemagne\/#primaryimage","url":"https:\/\/www.public.sn\/wp-content\/uploads\/2022\/11\/Sadio-Mane-.jpg","contentUrl":"https:\/\/www.public.sn\/wp-content\/uploads\/2022\/11\/Sadio-Mane-.jpg","width":755,"height":449},{"@type":"BreadcrumbList","@id":"https:\/\/www.public.sn\/index.php\/2022\/11\/09\/toute-la-verite-sur-la-blessure-de-sadio-mane-selon-ce-chroniqueur-sportif-base-en-allemagne\/#breadcrumb","itemListElement":[{"@type":"ListItem","position":1,"name":"Accueil","item":"https:\/\/www.public.sn\/"},{"@type":"ListItem","position":2,"name":"Toute la v\u00e9rit\u00e9 sur la blessure de Sadio Man\u00e9 selon ce chroniqueur sportif bas\u00e9 en Allemagne"}]},{"@type":"WebSite","@id":"https:\/\/www.public.sn\/#website","url":"https:\/\/www.public.sn\/","name":"LE PUBLIC","description":"","publisher":{"@id":"https:\/\/www.public.sn\/#organization"},"potentialAction":[{"@type":"SearchAction","target":{"@type":"EntryPoint","urlTemplate":"https:\/\/www.public.sn\/?s={search_term_string}"},"query-input":{"@type":"PropertyValueSpecification","valueRequired":true,"valueName":"search_term_string"}}],"inLanguage":"fr-FR"},{"@type":"Organization","@id":"https:\/\/www.public.sn\/#organization","name":"LE PUBLIC","url":"https:\/\/www.public.sn\/","logo":{"@type":"ImageObject","inLanguage":"fr-FR","@id":"https:\/\/www.public.sn\/#\/schema\/logo\/image\/","url":"https:\/\/www.public.sn\/wp-content\/uploads\/2024\/05\/cropped-LOGO-PUBLIC.SN_.png","contentUrl":"https:\/\/www.public.sn\/wp-content\/uploads\/2024\/05\/cropped-LOGO-PUBLIC.SN_.png","width":682,"height":192,"caption":"LE PUBLIC"},"image":{"@id":"https:\/\/www.public.sn\/#\/schema\/logo\/image\/"}},{"@type":"Person","@id":"https:\/\/www.public.sn\/#\/schema\/person\/e3f4a11b037d4203902db148f9bc8d5a","name":"LA REDACTION","image":{"@type":"ImageObject","inLanguage":"fr-FR","@id":"https:\/\/www.public.sn\/#\/schema\/person\/image\/","url":"https:\/\/secure.gravatar.com\/avatar\/d6c030db45db2883c075085c5d6c6258654a801a93766b49af0b82d4f454e2a5?s=96&d=mm&r=g","contentUrl":"https:\/\/secure.gravatar.com\/avatar\/d6c030db45db2883c075085c5d6c6258654a801a93766b49af0b82d4f454e2a5?s=96&d=mm&r=g","caption":"LA REDACTION"},"sameAs":["http:\/\/www.public.sn"],"url":"https:\/\/www.public.sn\/index.php\/author\/admin7324\/"}]}},"jetpack_featured_media_url":"https:\/\/www.public.sn\/wp-content\/uploads\/2022\/11\/Sadio-Mane-.jpg","jetpack_sharing_enabled":true,"_links":{"self":[{"href":"https:\/\/www.public.sn\/index.php\/wp-json\/wp\/v2\/posts\/7803","targetHints":{"allow":["GET"]}}],"collection":[{"href":"https:\/\/www.public.sn\/index.php\/wp-json\/wp\/v2\/posts"}],"about":[{"href":"https:\/\/www.public.sn\/index.php\/wp-json\/wp\/v2\/types\/post"}],"author":[{"embeddable":true,"href":"https:\/\/www.public.sn\/index.php\/wp-json\/wp\/v2\/users\/1"}],"replies":[{"embeddable":true,"href":"https:\/\/www.public.sn\/index.php\/wp-json\/wp\/v2\/comments?post=7803"}],"version-history":[{"count":1,"href":"https:\/\/www.public.sn\/index.php\/wp-json\/wp\/v2\/posts\/7803\/revisions"}],"predecessor-version":[{"id":7809,"href":"https:\/\/www.public.sn\/index.php\/wp-json\/wp\/v2\/posts\/7803\/revisions\/7809"}],"wp:featuredmedia":[{"embeddable":true,"href":"https:\/\/www.public.sn\/index.php\/wp-json\/wp\/v2\/media\/7804"}],"wp:attachment":[{"href":"https:\/\/www.public.sn\/index.php\/wp-json\/wp\/v2\/media?parent=7803"}],"wp:term":[{"taxonomy":"category","embeddable":true,"href":"https:\/\/www.public.sn\/index.php\/wp-json\/wp\/v2\/categories?post=7803"},{"taxonomy":"post_tag","embeddable":true,"href":"https:\/\/www.public.sn\/index.php\/wp-json\/wp\/v2\/tags?post=7803"}],"curies":[{"name":"wp","href":"https:\/\/api.w.org\/{rel}","templated":true}]}}