{"id":7869,"date":"2022-11-10T08:28:39","date_gmt":"2022-11-10T08:28:39","guid":{"rendered":"https:\/\/www.public.sn\/?p=7869"},"modified":"2022-11-10T16:20:32","modified_gmt":"2022-11-10T16:20:32","slug":"qatar-2024-la-france-publie-sa-liste","status":"publish","type":"post","link":"https:\/\/www.public.sn\/index.php\/2022\/11\/10\/qatar-2024-la-france-publie-sa-liste\/","title":{"rendered":"Qatar 2022: La France publie sa liste."},"content":{"rendered":"\n<p><\/p>\n\n\n\n<p><strong>L\u2019entraineur de la France vient de publier la liste de ses 25 joueurs devant participer \u00e0 la coupe du monde au Qatar du 20 novembre au18 d\u00e9cembre 2022.<\/strong><\/p><div class=\"publi-paragraphe1\" style=\"margin-top: 10px;margin-bottom: 10px;margin-left: auto;margin-right: auto;text-align: center;\" id=\"publi-3531786423\"><div class=\"publi-adlabel\">Publicit\u00e9<\/div><script async src=\"\/\/pagead2.googlesyndication.com\/pagead\/js\/adsbygoogle.js?client=ca-pub-4089586018074219\" crossorigin=\"anonymous\"><\/script><ins class=\"adsbygoogle\" style=\"display:block;\" data-ad-client=\"ca-pub-4089586018074219\" \ndata-ad-slot=\"2087940154\" \ndata-ad-format=\"auto\"><\/ins>\n<script> \n(adsbygoogle = window.adsbygoogle || []).push({}); \n<\/script>\n<\/div>\n\n\n\n<p><\/p>\n\n\n\n<p><strong>Voici la liste des 25 s\u00e9lectionn\u00e9s de Didier Deschamps&nbsp;:<\/strong><\/p>\n\n\n\n<p><strong><br><br>Gardiens :&nbsp;<\/strong>Hugo Lloris (Tottenham), Steve Mandanda (Stade Rennais), Alphonse Ar\u00e9ola (West Ham)<br><br><strong>D\u00e9fenseurs :<\/strong>&nbsp;Rapha\u00ebl Varane (Manchester United), Presnel Kimpembe (PSG), Th\u00e9o Hernandez (AC Milan), Lucas Hernandez (Bayern Munich), Benjamin Pavard (Bayern Munich), Dayot Upamecano (Bayern Munich), Jules Kound\u00e9 (FC Barcelone), William Saliba (Arsenal), Ibrahima Konat\u00e9 (Liverpool)<br><br><strong>Milieux :<\/strong>&nbsp;Adrien Rabiot (Juventus), Aur\u00e9lien Tchouam\u00e9ni (Real Madrid), Matt\u00e9o Guendouzi (OM), Jordan Veretout (OM), Youssouf Fofana (Monaco), Eduardo Camavinga (Real Madrid)<br><br><strong>Attaquants :<\/strong>&nbsp;Olivier Giroud (AC Milan), Antoine Griezmann (Atl\u00e9tico de Madrid), Kylian Mbapp\u00e9 (PSG), Ousmane Demb\u00e9l\u00e9 (FC Barcelone), Karim Benzema (Real Madrid), Christopher Nkunku (RB Leipzig), Kingsley Coman (Bayern Munich).<\/p>\n\n\n\n<p>Samba SY.<\/p>\n<div class=\"publi-apres-le-contenu\" style=\"margin-top: 10px;margin-bottom: 10px;margin-left: auto;margin-right: auto;text-align: center;\" id=\"publi-4079810321\"><div class=\"publi-adlabel\">Publicit\u00e9<\/div><script async src=\"\/\/pagead2.googlesyndication.com\/pagead\/js\/adsbygoogle.js?client=ca-pub-4089586018074219\" crossorigin=\"anonymous\"><\/script><ins class=\"adsbygoogle\" style=\"display:block;\" data-ad-client=\"ca-pub-4089586018074219\" \ndata-ad-slot=\"2087940154\" \ndata-ad-format=\"auto\"><\/ins>\n<script> \n(adsbygoogle = window.adsbygoogle || []).push({}); \n<\/script>\n<\/div>","protected":false},"excerpt":{"rendered":"<p>L\u2019entraineur de la France vient de publier la liste de ses 25 joueurs devant participer \u00e0 la coupe du monde au Qatar du 20 novembre au18 d\u00e9cembre 2022. Voici la liste des 25 s\u00e9lectionn\u00e9s de Didier Deschamps&nbsp;: Gardiens :&nbsp;Hugo Lloris (Tottenham), Steve Mandanda (Stade Rennais), Alphonse Ar\u00e9ola (West Ham) D\u00e9fenseurs :&nbsp;Rapha\u00ebl Varane (Manchester United), Presnel Kimpembe (PSG), Th\u00e9o Hernandez (AC Milan), Lucas Hernandez (Bayern Munich), Benjamin Pavard (Bayern Munich), Dayot Upamecano (Bayern Munich), Jules Kound\u00e9 (FC Barcelone), William Saliba (Arsenal), Ibrahima Konat\u00e9 (Liverpool) Milieux :&nbsp;Adrien Rabiot (Juventus), Aur\u00e9lien Tchouam\u00e9ni (Real Madrid), Matt\u00e9o Guendouzi (OM), Jordan Veretout (OM), Youssouf Fofana (Monaco), Eduardo Camavinga (Real Madrid) Attaquants :&nbsp;Olivier Giroud (AC Milan), Antoine Griezmann (Atl\u00e9tico de Madrid), Kylian Mbapp\u00e9 (PSG), Ousmane Demb\u00e9l\u00e9 (FC Barcelone), Karim Benzema (Real Madrid), Christopher Nkunku (RB Leipzig), Kingsley Coman (Bayern Munich). Samba SY.<\/p>\n","protected":false},"author":7,"featured_media":7870,"comment_status":"open","ping_status":"open","sticky":false,"template":"","format":"standard","meta":{"_jetpack_memberships_contains_paid_content":false,"footnotes":""},"categories":[375,550,7],"tags":[351,2671,1419],"class_list":["post-7869","post","type-post","status-publish","format-standard","has-post-thumbnail","hentry","category-actualites","category-afrique-monde","category-sport","tag-france","tag-liste-des-joueurs","tag-qatar","entry","has-media","owp-thumbs-layout-horizontal","owp-btn-normal","owp-tabs-layout-horizontal","has-no-thumbnails","has-product-nav"],"yoast_head":"<!-- This site is optimized with the Yoast SEO plugin v25.5 - https:\/\/yoast.com\/wordpress\/plugins\/seo\/ -->\n<title>Qatar 2022: La France publie sa liste. - LE PUBLIC<\/title>\n<meta name=\"robots\" content=\"index, follow, max-snippet:-1, max-image-preview:large, max-video-preview:-1\" \/>\n<link rel=\"canonical\" href=\"https:\/\/www.public.sn\/index.php\/2022\/11\/10\/qatar-2024-la-france-publie-sa-liste\/\" \/>\n<meta property=\"og:locale\" content=\"fr_FR\" \/>\n<meta property=\"og:type\" content=\"article\" \/>\n<meta property=\"og:title\" content=\"Qatar 2022: La France publie sa liste. - LE PUBLIC\" \/>\n<meta property=\"og:description\" content=\"L\u2019entraineur de la France vient de publier la liste de ses 25 joueurs devant participer \u00e0 la coupe du monde au Qatar du 20 novembre au18 d\u00e9cembre 2022. Voici la liste des 25 s\u00e9lectionn\u00e9s de Didier Deschamps&nbsp;: Gardiens :&nbsp;Hugo Lloris (Tottenham), Steve Mandanda (Stade Rennais), Alphonse Ar\u00e9ola (West Ham) D\u00e9fenseurs :&nbsp;Rapha\u00ebl Varane (Manchester United), Presnel Kimpembe (PSG), Th\u00e9o Hernandez (AC Milan), Lucas Hernandez (Bayern Munich), Benjamin Pavard (Bayern Munich), Dayot Upamecano (Bayern Munich), Jules Kound\u00e9 (FC Barcelone), William Saliba (Arsenal), Ibrahima Konat\u00e9 (Liverpool) Milieux :&nbsp;Adrien Rabiot (Juventus), Aur\u00e9lien Tchouam\u00e9ni (Real Madrid), Matt\u00e9o Guendouzi (OM), Jordan Veretout (OM), Youssouf Fofana (Monaco), Eduardo Camavinga (Real Madrid) Attaquants :&nbsp;Olivier Giroud (AC Milan), Antoine Griezmann (Atl\u00e9tico de Madrid), Kylian Mbapp\u00e9 (PSG), Ousmane Demb\u00e9l\u00e9 (FC Barcelone), Karim Benzema (Real Madrid), Christopher Nkunku (RB Leipzig), Kingsley Coman (Bayern Munich). Samba SY.\" \/>\n<meta property=\"og:url\" content=\"https:\/\/www.public.sn\/index.php\/2022\/11\/10\/qatar-2024-la-france-publie-sa-liste\/\" \/>\n<meta property=\"og:site_name\" content=\"LE PUBLIC\" \/>\n<meta property=\"article:published_time\" content=\"2022-11-10T08:28:39+00:00\" \/>\n<meta property=\"article:modified_time\" content=\"2022-11-10T16:20:32+00:00\" \/>\n<meta property=\"og:image\" content=\"https:\/\/www.public.sn\/wp-content\/uploads\/2022\/11\/equipe-de-france.jpg\" \/>\n\t<meta property=\"og:image:width\" content=\"1200\" \/>\n\t<meta property=\"og:image:height\" content=\"675\" \/>\n\t<meta property=\"og:image:type\" content=\"image\/jpeg\" \/>\n<meta name=\"author\" content=\"LA REDACTION\" \/>\n<meta name=\"twitter:card\" content=\"summary_large_image\" \/>\n<meta name=\"twitter:label1\" content=\"\u00c9crit par\" \/>\n\t<meta name=\"twitter:data1\" content=\"LA REDACTION\" \/>\n\t<meta name=\"twitter:label2\" content=\"Dur\u00e9e de lecture estim\u00e9e\" \/>\n\t<meta name=\"twitter:data2\" content=\"1 minute\" \/>\n<script type=\"application\/ld+json\" class=\"yoast-schema-graph\">{\"@context\":\"https:\/\/schema.org\",\"@graph\":[{\"@type\":\"Article\",\"@id\":\"https:\/\/www.public.sn\/index.php\/2022\/11\/10\/qatar-2024-la-france-publie-sa-liste\/#article\",\"isPartOf\":{\"@id\":\"https:\/\/www.public.sn\/index.php\/2022\/11\/10\/qatar-2024-la-france-publie-sa-liste\/\"},\"author\":{\"name\":\"LA REDACTION\",\"@id\":\"https:\/\/www.public.sn\/#\/schema\/person\/cb76c8e1b8becc6be61fb5e92d6d0224\"},\"headline\":\"Qatar 2022: La France publie sa liste.\",\"datePublished\":\"2022-11-10T08:28:39+00:00\",\"dateModified\":\"2022-11-10T16:20:32+00:00\",\"mainEntityOfPage\":{\"@id\":\"https:\/\/www.public.sn\/index.php\/2022\/11\/10\/qatar-2024-la-france-publie-sa-liste\/\"},\"wordCount\":154,\"commentCount\":0,\"publisher\":{\"@id\":\"https:\/\/www.public.sn\/#organization\"},\"image\":{\"@id\":\"https:\/\/www.public.sn\/index.php\/2022\/11\/10\/qatar-2024-la-france-publie-sa-liste\/#primaryimage\"},\"thumbnailUrl\":\"https:\/\/www.public.sn\/wp-content\/uploads\/2022\/11\/equipe-de-france.jpg\",\"keywords\":[\"France\",\"liste des joueurs\",\"qatar\"],\"articleSection\":[\"ACTUALIT\u00c9S\",\"AFRIQUE &amp; MONDE\",\"SPORTS\"],\"inLanguage\":\"fr-FR\",\"potentialAction\":[{\"@type\":\"CommentAction\",\"name\":\"Comment\",\"target\":[\"https:\/\/www.public.sn\/index.php\/2022\/11\/10\/qatar-2024-la-france-publie-sa-liste\/#respond\"]}]},{\"@type\":\"WebPage\",\"@id\":\"https:\/\/www.public.sn\/index.php\/2022\/11\/10\/qatar-2024-la-france-publie-sa-liste\/\",\"url\":\"https:\/\/www.public.sn\/index.php\/2022\/11\/10\/qatar-2024-la-france-publie-sa-liste\/\",\"name\":\"Qatar 2022: La France publie sa liste. - LE PUBLIC\",\"isPartOf\":{\"@id\":\"https:\/\/www.public.sn\/#website\"},\"primaryImageOfPage\":{\"@id\":\"https:\/\/www.public.sn\/index.php\/2022\/11\/10\/qatar-2024-la-france-publie-sa-liste\/#primaryimage\"},\"image\":{\"@id\":\"https:\/\/www.public.sn\/index.php\/2022\/11\/10\/qatar-2024-la-france-publie-sa-liste\/#primaryimage\"},\"thumbnailUrl\":\"https:\/\/www.public.sn\/wp-content\/uploads\/2022\/11\/equipe-de-france.jpg\",\"datePublished\":\"2022-11-10T08:28:39+00:00\",\"dateModified\":\"2022-11-10T16:20:32+00:00\",\"breadcrumb\":{\"@id\":\"https:\/\/www.public.sn\/index.php\/2022\/11\/10\/qatar-2024-la-france-publie-sa-liste\/#breadcrumb\"},\"inLanguage\":\"fr-FR\",\"potentialAction\":[{\"@type\":\"ReadAction\",\"target\":[\"https:\/\/www.public.sn\/index.php\/2022\/11\/10\/qatar-2024-la-france-publie-sa-liste\/\"]}]},{\"@type\":\"ImageObject\",\"inLanguage\":\"fr-FR\",\"@id\":\"https:\/\/www.public.sn\/index.php\/2022\/11\/10\/qatar-2024-la-france-publie-sa-liste\/#primaryimage\",\"url\":\"https:\/\/www.public.sn\/wp-content\/uploads\/2022\/11\/equipe-de-france.jpg\",\"contentUrl\":\"https:\/\/www.public.sn\/wp-content\/uploads\/2022\/11\/equipe-de-france.jpg\",\"width\":1200,\"height\":675,\"caption\":\"publicsn\"},{\"@type\":\"BreadcrumbList\",\"@id\":\"https:\/\/www.public.sn\/index.php\/2022\/11\/10\/qatar-2024-la-france-publie-sa-liste\/#breadcrumb\",\"itemListElement\":[{\"@type\":\"ListItem\",\"position\":1,\"name\":\"Accueil\",\"item\":\"https:\/\/www.public.sn\/\"},{\"@type\":\"ListItem\",\"position\":2,\"name\":\"Qatar 2022: La France publie sa liste.\"}]},{\"@type\":\"WebSite\",\"@id\":\"https:\/\/www.public.sn\/#website\",\"url\":\"https:\/\/www.public.sn\/\",\"name\":\"LE PUBLIC\",\"description\":\"\",\"publisher\":{\"@id\":\"https:\/\/www.public.sn\/#organization\"},\"potentialAction\":[{\"@type\":\"SearchAction\",\"target\":{\"@type\":\"EntryPoint\",\"urlTemplate\":\"https:\/\/www.public.sn\/?s={search_term_string}\"},\"query-input\":{\"@type\":\"PropertyValueSpecification\",\"valueRequired\":true,\"valueName\":\"search_term_string\"}}],\"inLanguage\":\"fr-FR\"},{\"@type\":\"Organization\",\"@id\":\"https:\/\/www.public.sn\/#organization\",\"name\":\"LE PUBLIC\",\"url\":\"https:\/\/www.public.sn\/\",\"logo\":{\"@type\":\"ImageObject\",\"inLanguage\":\"fr-FR\",\"@id\":\"https:\/\/www.public.sn\/#\/schema\/logo\/image\/\",\"url\":\"https:\/\/www.public.sn\/wp-content\/uploads\/2024\/05\/cropped-LOGO-PUBLIC.SN_.png\",\"contentUrl\":\"https:\/\/www.public.sn\/wp-content\/uploads\/2024\/05\/cropped-LOGO-PUBLIC.SN_.png\",\"width\":682,\"height\":192,\"caption\":\"LE PUBLIC\"},\"image\":{\"@id\":\"https:\/\/www.public.sn\/#\/schema\/logo\/image\/\"}},{\"@type\":\"Person\",\"@id\":\"https:\/\/www.public.sn\/#\/schema\/person\/cb76c8e1b8becc6be61fb5e92d6d0224\",\"name\":\"LA REDACTION\",\"image\":{\"@type\":\"ImageObject\",\"inLanguage\":\"fr-FR\",\"@id\":\"https:\/\/www.public.sn\/#\/schema\/person\/image\/\",\"url\":\"https:\/\/secure.gravatar.com\/avatar\/2dce5ddd34b8fef0180efe03aa2a9bee7d953856048f9a16b298190a3178407c?s=96&d=mm&r=g\",\"contentUrl\":\"https:\/\/secure.gravatar.com\/avatar\/2dce5ddd34b8fef0180efe03aa2a9bee7d953856048f9a16b298190a3178407c?s=96&d=mm&r=g\",\"caption\":\"LA REDACTION\"},\"url\":\"https:\/\/www.public.sn\/index.php\/author\/editeurpsn\/\"}]}<\/script>\n<!-- \/ Yoast SEO plugin. -->","yoast_head_json":{"title":"Qatar 2022: La France publie sa liste. - LE PUBLIC","robots":{"index":"index","follow":"follow","max-snippet":"max-snippet:-1","max-image-preview":"max-image-preview:large","max-video-preview":"max-video-preview:-1"},"canonical":"https:\/\/www.public.sn\/index.php\/2022\/11\/10\/qatar-2024-la-france-publie-sa-liste\/","og_locale":"fr_FR","og_type":"article","og_title":"Qatar 2022: La France publie sa liste. - LE PUBLIC","og_description":"L\u2019entraineur de la France vient de publier la liste de ses 25 joueurs devant participer \u00e0 la coupe du monde au Qatar du 20 novembre au18 d\u00e9cembre 2022. Voici la liste des 25 s\u00e9lectionn\u00e9s de Didier Deschamps&nbsp;: Gardiens :&nbsp;Hugo Lloris (Tottenham), Steve Mandanda (Stade Rennais), Alphonse Ar\u00e9ola (West Ham) D\u00e9fenseurs :&nbsp;Rapha\u00ebl Varane (Manchester United), Presnel Kimpembe (PSG), Th\u00e9o Hernandez (AC Milan), Lucas Hernandez (Bayern Munich), Benjamin Pavard (Bayern Munich), Dayot Upamecano (Bayern Munich), Jules Kound\u00e9 (FC Barcelone), William Saliba (Arsenal), Ibrahima Konat\u00e9 (Liverpool) Milieux :&nbsp;Adrien Rabiot (Juventus), Aur\u00e9lien Tchouam\u00e9ni (Real Madrid), Matt\u00e9o Guendouzi (OM), Jordan Veretout (OM), Youssouf Fofana (Monaco), Eduardo Camavinga (Real Madrid) Attaquants :&nbsp;Olivier Giroud (AC Milan), Antoine Griezmann (Atl\u00e9tico de Madrid), Kylian Mbapp\u00e9 (PSG), Ousmane Demb\u00e9l\u00e9 (FC Barcelone), Karim Benzema (Real Madrid), Christopher Nkunku (RB Leipzig), Kingsley Coman (Bayern Munich). Samba SY.","og_url":"https:\/\/www.public.sn\/index.php\/2022\/11\/10\/qatar-2024-la-france-publie-sa-liste\/","og_site_name":"LE PUBLIC","article_published_time":"2022-11-10T08:28:39+00:00","article_modified_time":"2022-11-10T16:20:32+00:00","og_image":[{"width":1200,"height":675,"url":"https:\/\/www.public.sn\/wp-content\/uploads\/2022\/11\/equipe-de-france.jpg","type":"image\/jpeg"}],"author":"LA REDACTION","twitter_card":"summary_large_image","twitter_misc":{"\u00c9crit par":"LA REDACTION","Dur\u00e9e de lecture estim\u00e9e":"1 minute"},"schema":{"@context":"https:\/\/schema.org","@graph":[{"@type":"Article","@id":"https:\/\/www.public.sn\/index.php\/2022\/11\/10\/qatar-2024-la-france-publie-sa-liste\/#article","isPartOf":{"@id":"https:\/\/www.public.sn\/index.php\/2022\/11\/10\/qatar-2024-la-france-publie-sa-liste\/"},"author":{"name":"LA REDACTION","@id":"https:\/\/www.public.sn\/#\/schema\/person\/cb76c8e1b8becc6be61fb5e92d6d0224"},"headline":"Qatar 2022: La France publie sa liste.","datePublished":"2022-11-10T08:28:39+00:00","dateModified":"2022-11-10T16:20:32+00:00","mainEntityOfPage":{"@id":"https:\/\/www.public.sn\/index.php\/2022\/11\/10\/qatar-2024-la-france-publie-sa-liste\/"},"wordCount":154,"commentCount":0,"publisher":{"@id":"https:\/\/www.public.sn\/#organization"},"image":{"@id":"https:\/\/www.public.sn\/index.php\/2022\/11\/10\/qatar-2024-la-france-publie-sa-liste\/#primaryimage"},"thumbnailUrl":"https:\/\/www.public.sn\/wp-content\/uploads\/2022\/11\/equipe-de-france.jpg","keywords":["France","liste des joueurs","qatar"],"articleSection":["ACTUALIT\u00c9S","AFRIQUE &amp; MONDE","SPORTS"],"inLanguage":"fr-FR","potentialAction":[{"@type":"CommentAction","name":"Comment","target":["https:\/\/www.public.sn\/index.php\/2022\/11\/10\/qatar-2024-la-france-publie-sa-liste\/#respond"]}]},{"@type":"WebPage","@id":"https:\/\/www.public.sn\/index.php\/2022\/11\/10\/qatar-2024-la-france-publie-sa-liste\/","url":"https:\/\/www.public.sn\/index.php\/2022\/11\/10\/qatar-2024-la-france-publie-sa-liste\/","name":"Qatar 2022: La France publie sa liste. - LE PUBLIC","isPartOf":{"@id":"https:\/\/www.public.sn\/#website"},"primaryImageOfPage":{"@id":"https:\/\/www.public.sn\/index.php\/2022\/11\/10\/qatar-2024-la-france-publie-sa-liste\/#primaryimage"},"image":{"@id":"https:\/\/www.public.sn\/index.php\/2022\/11\/10\/qatar-2024-la-france-publie-sa-liste\/#primaryimage"},"thumbnailUrl":"https:\/\/www.public.sn\/wp-content\/uploads\/2022\/11\/equipe-de-france.jpg","datePublished":"2022-11-10T08:28:39+00:00","dateModified":"2022-11-10T16:20:32+00:00","breadcrumb":{"@id":"https:\/\/www.public.sn\/index.php\/2022\/11\/10\/qatar-2024-la-france-publie-sa-liste\/#breadcrumb"},"inLanguage":"fr-FR","potentialAction":[{"@type":"ReadAction","target":["https:\/\/www.public.sn\/index.php\/2022\/11\/10\/qatar-2024-la-france-publie-sa-liste\/"]}]},{"@type":"ImageObject","inLanguage":"fr-FR","@id":"https:\/\/www.public.sn\/index.php\/2022\/11\/10\/qatar-2024-la-france-publie-sa-liste\/#primaryimage","url":"https:\/\/www.public.sn\/wp-content\/uploads\/2022\/11\/equipe-de-france.jpg","contentUrl":"https:\/\/www.public.sn\/wp-content\/uploads\/2022\/11\/equipe-de-france.jpg","width":1200,"height":675,"caption":"publicsn"},{"@type":"BreadcrumbList","@id":"https:\/\/www.public.sn\/index.php\/2022\/11\/10\/qatar-2024-la-france-publie-sa-liste\/#breadcrumb","itemListElement":[{"@type":"ListItem","position":1,"name":"Accueil","item":"https:\/\/www.public.sn\/"},{"@type":"ListItem","position":2,"name":"Qatar 2022: La France publie sa liste."}]},{"@type":"WebSite","@id":"https:\/\/www.public.sn\/#website","url":"https:\/\/www.public.sn\/","name":"LE PUBLIC","description":"","publisher":{"@id":"https:\/\/www.public.sn\/#organization"},"potentialAction":[{"@type":"SearchAction","target":{"@type":"EntryPoint","urlTemplate":"https:\/\/www.public.sn\/?s={search_term_string}"},"query-input":{"@type":"PropertyValueSpecification","valueRequired":true,"valueName":"search_term_string"}}],"inLanguage":"fr-FR"},{"@type":"Organization","@id":"https:\/\/www.public.sn\/#organization","name":"LE PUBLIC","url":"https:\/\/www.public.sn\/","logo":{"@type":"ImageObject","inLanguage":"fr-FR","@id":"https:\/\/www.public.sn\/#\/schema\/logo\/image\/","url":"https:\/\/www.public.sn\/wp-content\/uploads\/2024\/05\/cropped-LOGO-PUBLIC.SN_.png","contentUrl":"https:\/\/www.public.sn\/wp-content\/uploads\/2024\/05\/cropped-LOGO-PUBLIC.SN_.png","width":682,"height":192,"caption":"LE PUBLIC"},"image":{"@id":"https:\/\/www.public.sn\/#\/schema\/logo\/image\/"}},{"@type":"Person","@id":"https:\/\/www.public.sn\/#\/schema\/person\/cb76c8e1b8becc6be61fb5e92d6d0224","name":"LA REDACTION","image":{"@type":"ImageObject","inLanguage":"fr-FR","@id":"https:\/\/www.public.sn\/#\/schema\/person\/image\/","url":"https:\/\/secure.gravatar.com\/avatar\/2dce5ddd34b8fef0180efe03aa2a9bee7d953856048f9a16b298190a3178407c?s=96&d=mm&r=g","contentUrl":"https:\/\/secure.gravatar.com\/avatar\/2dce5ddd34b8fef0180efe03aa2a9bee7d953856048f9a16b298190a3178407c?s=96&d=mm&r=g","caption":"LA REDACTION"},"url":"https:\/\/www.public.sn\/index.php\/author\/editeurpsn\/"}]}},"jetpack_featured_media_url":"https:\/\/www.public.sn\/wp-content\/uploads\/2022\/11\/equipe-de-france.jpg","jetpack_sharing_enabled":true,"_links":{"self":[{"href":"https:\/\/www.public.sn\/index.php\/wp-json\/wp\/v2\/posts\/7869","targetHints":{"allow":["GET"]}}],"collection":[{"href":"https:\/\/www.public.sn\/index.php\/wp-json\/wp\/v2\/posts"}],"about":[{"href":"https:\/\/www.public.sn\/index.php\/wp-json\/wp\/v2\/types\/post"}],"author":[{"embeddable":true,"href":"https:\/\/www.public.sn\/index.php\/wp-json\/wp\/v2\/users\/7"}],"replies":[{"embeddable":true,"href":"https:\/\/www.public.sn\/index.php\/wp-json\/wp\/v2\/comments?post=7869"}],"version-history":[{"count":2,"href":"https:\/\/www.public.sn\/index.php\/wp-json\/wp\/v2\/posts\/7869\/revisions"}],"predecessor-version":[{"id":8021,"href":"https:\/\/www.public.sn\/index.php\/wp-json\/wp\/v2\/posts\/7869\/revisions\/8021"}],"wp:featuredmedia":[{"embeddable":true,"href":"https:\/\/www.public.sn\/index.php\/wp-json\/wp\/v2\/media\/7870"}],"wp:attachment":[{"href":"https:\/\/www.public.sn\/index.php\/wp-json\/wp\/v2\/media?parent=7869"}],"wp:term":[{"taxonomy":"category","embeddable":true,"href":"https:\/\/www.public.sn\/index.php\/wp-json\/wp\/v2\/categories?post=7869"},{"taxonomy":"post_tag","embeddable":true,"href":"https:\/\/www.public.sn\/index.php\/wp-json\/wp\/v2\/tags?post=7869"}],"curies":[{"name":"wp","href":"https:\/\/api.w.org\/{rel}","templated":true}]}}