{"id":7890,"date":"2022-11-10T09:29:07","date_gmt":"2022-11-10T09:29:07","guid":{"rendered":"https:\/\/www.public.sn\/?p=7890"},"modified":"2022-11-10T09:29:09","modified_gmt":"2022-11-10T09:29:09","slug":"foot-apres-sadio-abdou-diallo-out","status":"publish","type":"post","link":"https:\/\/www.public.sn\/index.php\/2022\/11\/10\/foot-apres-sadio-abdou-diallo-out\/","title":{"rendered":"Foot\u00a0: Apr\u00e8s Sadio, Abdou Diallo out\u00a0?"},"content":{"rendered":"\n<p><\/p>\n\n\n\n<p>Les mauvaises nouvelles s\u2019accumulent pour l\u2019\u00e9quipe nationale du S\u00e9n\u00e9gal. Apr\u00e8s que les supputations vont bon train, voil\u00e0 que le d\u00e9fenseur Abdou Diallo vient de se blesser. <\/p><div class=\"publi-paragraphe1\" style=\"margin-top: 10px;margin-bottom: 10px;margin-left: auto;margin-right: auto;text-align: center;\" id=\"publi-3764877493\"><div class=\"publi-adlabel\">Publicit\u00e9<\/div><script async src=\"\/\/pagead2.googlesyndication.com\/pagead\/js\/adsbygoogle.js?client=ca-pub-4089586018074219\" crossorigin=\"anonymous\"><\/script><ins class=\"adsbygoogle\" style=\"display:block;\" data-ad-client=\"ca-pub-4089586018074219\" \ndata-ad-slot=\"2087940154\" \ndata-ad-format=\"auto\"><\/ins>\n<script> \n(adsbygoogle = window.adsbygoogle || []).push({}); \n<\/script>\n<\/div>\n\n\n\n<p><\/p>\n\n\n\n<p>Align\u00e9 en tant que titulaire pour le match contre Fribourg, il a ressenti un g\u00e8ne au genou lors de l\u2019\u00e9chauffement d\u2019avant match et a \u00e9t\u00e9 contraint de c\u00e9der sa place \u00e0 Jo\u0161ko Gvardiol. Toutefois il faudra attendre les r\u00e9sultats de l\u2019analyse m\u00e9dicale. Le club n\u2019a pas encore communiqu\u00e9 sur les raisons de l\u2019absence de Abdou Diallo encore moins sur la gravit\u00e9 de la blessure.<\/p>\n\n\n\n<p>Samba SY.<\/p>\n<div class=\"publi-apres-le-contenu\" style=\"margin-top: 10px;margin-bottom: 10px;margin-left: auto;margin-right: auto;text-align: center;\" id=\"publi-1588618008\"><div class=\"publi-adlabel\">Publicit\u00e9<\/div><script async src=\"\/\/pagead2.googlesyndication.com\/pagead\/js\/adsbygoogle.js?client=ca-pub-4089586018074219\" crossorigin=\"anonymous\"><\/script><ins class=\"adsbygoogle\" style=\"display:block;\" data-ad-client=\"ca-pub-4089586018074219\" \ndata-ad-slot=\"2087940154\" \ndata-ad-format=\"auto\"><\/ins>\n<script> \n(adsbygoogle = window.adsbygoogle || []).push({}); \n<\/script>\n<\/div>","protected":false},"excerpt":{"rendered":"<p>Les mauvaises nouvelles s\u2019accumulent pour l\u2019\u00e9quipe nationale du S\u00e9n\u00e9gal. Apr\u00e8s que les supputations vont bon train, voil\u00e0 que le d\u00e9fenseur Abdou Diallo vient de se blesser. Align\u00e9 en tant que titulaire pour le match contre Fribourg, il a ressenti un g\u00e8ne au genou lors de l\u2019\u00e9chauffement d\u2019avant match et a \u00e9t\u00e9 contraint de c\u00e9der sa place \u00e0 Jo\u0161ko Gvardiol. Toutefois il faudra attendre les r\u00e9sultats de l\u2019analyse m\u00e9dicale. Le club n\u2019a pas encore communiqu\u00e9 sur les raisons de l\u2019absence de Abdou Diallo encore moins sur la gravit\u00e9 de la blessure. Samba SY.<\/p>\n","protected":false},"author":7,"featured_media":7891,"comment_status":"open","ping_status":"open","sticky":false,"template":"","format":"standard","meta":{"_jetpack_memberships_contains_paid_content":false,"footnotes":""},"categories":[375,550,7],"tags":[431,1274,68],"class_list":["post-7890","post","type-post","status-publish","format-standard","has-post-thumbnail","hentry","category-actualites","category-afrique-monde","category-sport","tag-abdou-diallo","tag-blessure","tag-football","entry","has-media","owp-thumbs-layout-horizontal","owp-btn-normal","owp-tabs-layout-horizontal","has-no-thumbnails","has-product-nav"],"yoast_head":"<!-- This site is optimized with the Yoast SEO plugin v25.5 - https:\/\/yoast.com\/wordpress\/plugins\/seo\/ -->\n<title>Foot\u00a0: Apr\u00e8s Sadio, Abdou Diallo out\u00a0? - LE PUBLIC<\/title>\n<meta name=\"robots\" content=\"index, follow, max-snippet:-1, max-image-preview:large, max-video-preview:-1\" \/>\n<link rel=\"canonical\" href=\"https:\/\/www.public.sn\/index.php\/2022\/11\/10\/foot-apres-sadio-abdou-diallo-out\/\" \/>\n<meta property=\"og:locale\" content=\"fr_FR\" \/>\n<meta property=\"og:type\" content=\"article\" \/>\n<meta property=\"og:title\" content=\"Foot\u00a0: Apr\u00e8s Sadio, Abdou Diallo out\u00a0? - LE PUBLIC\" \/>\n<meta property=\"og:description\" content=\"Les mauvaises nouvelles s\u2019accumulent pour l\u2019\u00e9quipe nationale du S\u00e9n\u00e9gal. Apr\u00e8s que les supputations vont bon train, voil\u00e0 que le d\u00e9fenseur Abdou Diallo vient de se blesser. Align\u00e9 en tant que titulaire pour le match contre Fribourg, il a ressenti un g\u00e8ne au genou lors de l\u2019\u00e9chauffement d\u2019avant match et a \u00e9t\u00e9 contraint de c\u00e9der sa place \u00e0 Jo\u0161ko Gvardiol. Toutefois il faudra attendre les r\u00e9sultats de l\u2019analyse m\u00e9dicale. Le club n\u2019a pas encore communiqu\u00e9 sur les raisons de l\u2019absence de Abdou Diallo encore moins sur la gravit\u00e9 de la blessure. Samba SY.\" \/>\n<meta property=\"og:url\" content=\"https:\/\/www.public.sn\/index.php\/2022\/11\/10\/foot-apres-sadio-abdou-diallo-out\/\" \/>\n<meta property=\"og:site_name\" content=\"LE PUBLIC\" \/>\n<meta property=\"article:published_time\" content=\"2022-11-10T09:29:07+00:00\" \/>\n<meta property=\"article:modified_time\" content=\"2022-11-10T09:29:09+00:00\" \/>\n<meta property=\"og:image\" content=\"https:\/\/www.public.sn\/wp-content\/uploads\/2022\/11\/abdou-diallo-1.jpg\" \/>\n\t<meta property=\"og:image:width\" content=\"275\" \/>\n\t<meta property=\"og:image:height\" content=\"183\" \/>\n\t<meta property=\"og:image:type\" content=\"image\/jpeg\" \/>\n<meta name=\"author\" content=\"LA REDACTION\" \/>\n<meta name=\"twitter:card\" content=\"summary_large_image\" \/>\n<meta name=\"twitter:label1\" content=\"\u00c9crit par\" \/>\n\t<meta name=\"twitter:data1\" content=\"LA REDACTION\" \/>\n\t<meta name=\"twitter:label2\" content=\"Dur\u00e9e de lecture estim\u00e9e\" \/>\n\t<meta name=\"twitter:data2\" content=\"1 minute\" \/>\n<script type=\"application\/ld+json\" class=\"yoast-schema-graph\">{\"@context\":\"https:\/\/schema.org\",\"@graph\":[{\"@type\":\"Article\",\"@id\":\"https:\/\/www.public.sn\/index.php\/2022\/11\/10\/foot-apres-sadio-abdou-diallo-out\/#article\",\"isPartOf\":{\"@id\":\"https:\/\/www.public.sn\/index.php\/2022\/11\/10\/foot-apres-sadio-abdou-diallo-out\/\"},\"author\":{\"name\":\"LA REDACTION\",\"@id\":\"https:\/\/www.public.sn\/#\/schema\/person\/cb76c8e1b8becc6be61fb5e92d6d0224\"},\"headline\":\"Foot\u00a0: Apr\u00e8s Sadio, Abdou Diallo out\u00a0?\",\"datePublished\":\"2022-11-10T09:29:07+00:00\",\"dateModified\":\"2022-11-10T09:29:09+00:00\",\"mainEntityOfPage\":{\"@id\":\"https:\/\/www.public.sn\/index.php\/2022\/11\/10\/foot-apres-sadio-abdou-diallo-out\/\"},\"wordCount\":114,\"commentCount\":0,\"publisher\":{\"@id\":\"https:\/\/www.public.sn\/#organization\"},\"image\":{\"@id\":\"https:\/\/www.public.sn\/index.php\/2022\/11\/10\/foot-apres-sadio-abdou-diallo-out\/#primaryimage\"},\"thumbnailUrl\":\"https:\/\/www.public.sn\/wp-content\/uploads\/2022\/11\/abdou-diallo-1.jpg\",\"keywords\":[\"Abdou Diallo\",\"blessure\",\"Football\"],\"articleSection\":[\"ACTUALIT\u00c9S\",\"AFRIQUE &amp; MONDE\",\"SPORTS\"],\"inLanguage\":\"fr-FR\",\"potentialAction\":[{\"@type\":\"CommentAction\",\"name\":\"Comment\",\"target\":[\"https:\/\/www.public.sn\/index.php\/2022\/11\/10\/foot-apres-sadio-abdou-diallo-out\/#respond\"]}]},{\"@type\":\"WebPage\",\"@id\":\"https:\/\/www.public.sn\/index.php\/2022\/11\/10\/foot-apres-sadio-abdou-diallo-out\/\",\"url\":\"https:\/\/www.public.sn\/index.php\/2022\/11\/10\/foot-apres-sadio-abdou-diallo-out\/\",\"name\":\"Foot\u00a0: Apr\u00e8s Sadio, Abdou Diallo out\u00a0? - LE PUBLIC\",\"isPartOf\":{\"@id\":\"https:\/\/www.public.sn\/#website\"},\"primaryImageOfPage\":{\"@id\":\"https:\/\/www.public.sn\/index.php\/2022\/11\/10\/foot-apres-sadio-abdou-diallo-out\/#primaryimage\"},\"image\":{\"@id\":\"https:\/\/www.public.sn\/index.php\/2022\/11\/10\/foot-apres-sadio-abdou-diallo-out\/#primaryimage\"},\"thumbnailUrl\":\"https:\/\/www.public.sn\/wp-content\/uploads\/2022\/11\/abdou-diallo-1.jpg\",\"datePublished\":\"2022-11-10T09:29:07+00:00\",\"dateModified\":\"2022-11-10T09:29:09+00:00\",\"breadcrumb\":{\"@id\":\"https:\/\/www.public.sn\/index.php\/2022\/11\/10\/foot-apres-sadio-abdou-diallo-out\/#breadcrumb\"},\"inLanguage\":\"fr-FR\",\"potentialAction\":[{\"@type\":\"ReadAction\",\"target\":[\"https:\/\/www.public.sn\/index.php\/2022\/11\/10\/foot-apres-sadio-abdou-diallo-out\/\"]}]},{\"@type\":\"ImageObject\",\"inLanguage\":\"fr-FR\",\"@id\":\"https:\/\/www.public.sn\/index.php\/2022\/11\/10\/foot-apres-sadio-abdou-diallo-out\/#primaryimage\",\"url\":\"https:\/\/www.public.sn\/wp-content\/uploads\/2022\/11\/abdou-diallo-1.jpg\",\"contentUrl\":\"https:\/\/www.public.sn\/wp-content\/uploads\/2022\/11\/abdou-diallo-1.jpg\",\"width\":275,\"height\":183,\"caption\":\"publicsn\"},{\"@type\":\"BreadcrumbList\",\"@id\":\"https:\/\/www.public.sn\/index.php\/2022\/11\/10\/foot-apres-sadio-abdou-diallo-out\/#breadcrumb\",\"itemListElement\":[{\"@type\":\"ListItem\",\"position\":1,\"name\":\"Accueil\",\"item\":\"https:\/\/www.public.sn\/\"},{\"@type\":\"ListItem\",\"position\":2,\"name\":\"Foot\u00a0: Apr\u00e8s Sadio, Abdou Diallo out\u00a0?\"}]},{\"@type\":\"WebSite\",\"@id\":\"https:\/\/www.public.sn\/#website\",\"url\":\"https:\/\/www.public.sn\/\",\"name\":\"LE PUBLIC\",\"description\":\"\",\"publisher\":{\"@id\":\"https:\/\/www.public.sn\/#organization\"},\"potentialAction\":[{\"@type\":\"SearchAction\",\"target\":{\"@type\":\"EntryPoint\",\"urlTemplate\":\"https:\/\/www.public.sn\/?s={search_term_string}\"},\"query-input\":{\"@type\":\"PropertyValueSpecification\",\"valueRequired\":true,\"valueName\":\"search_term_string\"}}],\"inLanguage\":\"fr-FR\"},{\"@type\":\"Organization\",\"@id\":\"https:\/\/www.public.sn\/#organization\",\"name\":\"LE PUBLIC\",\"url\":\"https:\/\/www.public.sn\/\",\"logo\":{\"@type\":\"ImageObject\",\"inLanguage\":\"fr-FR\",\"@id\":\"https:\/\/www.public.sn\/#\/schema\/logo\/image\/\",\"url\":\"https:\/\/www.public.sn\/wp-content\/uploads\/2024\/05\/cropped-LOGO-PUBLIC.SN_.png\",\"contentUrl\":\"https:\/\/www.public.sn\/wp-content\/uploads\/2024\/05\/cropped-LOGO-PUBLIC.SN_.png\",\"width\":682,\"height\":192,\"caption\":\"LE PUBLIC\"},\"image\":{\"@id\":\"https:\/\/www.public.sn\/#\/schema\/logo\/image\/\"}},{\"@type\":\"Person\",\"@id\":\"https:\/\/www.public.sn\/#\/schema\/person\/cb76c8e1b8becc6be61fb5e92d6d0224\",\"name\":\"LA REDACTION\",\"image\":{\"@type\":\"ImageObject\",\"inLanguage\":\"fr-FR\",\"@id\":\"https:\/\/www.public.sn\/#\/schema\/person\/image\/\",\"url\":\"https:\/\/secure.gravatar.com\/avatar\/2dce5ddd34b8fef0180efe03aa2a9bee7d953856048f9a16b298190a3178407c?s=96&d=mm&r=g\",\"contentUrl\":\"https:\/\/secure.gravatar.com\/avatar\/2dce5ddd34b8fef0180efe03aa2a9bee7d953856048f9a16b298190a3178407c?s=96&d=mm&r=g\",\"caption\":\"LA REDACTION\"},\"url\":\"https:\/\/www.public.sn\/index.php\/author\/editeurpsn\/\"}]}<\/script>\n<!-- \/ Yoast SEO plugin. -->","yoast_head_json":{"title":"Foot\u00a0: Apr\u00e8s Sadio, Abdou Diallo out\u00a0? - LE PUBLIC","robots":{"index":"index","follow":"follow","max-snippet":"max-snippet:-1","max-image-preview":"max-image-preview:large","max-video-preview":"max-video-preview:-1"},"canonical":"https:\/\/www.public.sn\/index.php\/2022\/11\/10\/foot-apres-sadio-abdou-diallo-out\/","og_locale":"fr_FR","og_type":"article","og_title":"Foot\u00a0: Apr\u00e8s Sadio, Abdou Diallo out\u00a0? - LE PUBLIC","og_description":"Les mauvaises nouvelles s\u2019accumulent pour l\u2019\u00e9quipe nationale du S\u00e9n\u00e9gal. Apr\u00e8s que les supputations vont bon train, voil\u00e0 que le d\u00e9fenseur Abdou Diallo vient de se blesser. Align\u00e9 en tant que titulaire pour le match contre Fribourg, il a ressenti un g\u00e8ne au genou lors de l\u2019\u00e9chauffement d\u2019avant match et a \u00e9t\u00e9 contraint de c\u00e9der sa place \u00e0 Jo\u0161ko Gvardiol. Toutefois il faudra attendre les r\u00e9sultats de l\u2019analyse m\u00e9dicale. Le club n\u2019a pas encore communiqu\u00e9 sur les raisons de l\u2019absence de Abdou Diallo encore moins sur la gravit\u00e9 de la blessure. Samba SY.","og_url":"https:\/\/www.public.sn\/index.php\/2022\/11\/10\/foot-apres-sadio-abdou-diallo-out\/","og_site_name":"LE PUBLIC","article_published_time":"2022-11-10T09:29:07+00:00","article_modified_time":"2022-11-10T09:29:09+00:00","og_image":[{"width":275,"height":183,"url":"https:\/\/www.public.sn\/wp-content\/uploads\/2022\/11\/abdou-diallo-1.jpg","type":"image\/jpeg"}],"author":"LA REDACTION","twitter_card":"summary_large_image","twitter_misc":{"\u00c9crit par":"LA REDACTION","Dur\u00e9e de lecture estim\u00e9e":"1 minute"},"schema":{"@context":"https:\/\/schema.org","@graph":[{"@type":"Article","@id":"https:\/\/www.public.sn\/index.php\/2022\/11\/10\/foot-apres-sadio-abdou-diallo-out\/#article","isPartOf":{"@id":"https:\/\/www.public.sn\/index.php\/2022\/11\/10\/foot-apres-sadio-abdou-diallo-out\/"},"author":{"name":"LA REDACTION","@id":"https:\/\/www.public.sn\/#\/schema\/person\/cb76c8e1b8becc6be61fb5e92d6d0224"},"headline":"Foot\u00a0: Apr\u00e8s Sadio, Abdou Diallo out\u00a0?","datePublished":"2022-11-10T09:29:07+00:00","dateModified":"2022-11-10T09:29:09+00:00","mainEntityOfPage":{"@id":"https:\/\/www.public.sn\/index.php\/2022\/11\/10\/foot-apres-sadio-abdou-diallo-out\/"},"wordCount":114,"commentCount":0,"publisher":{"@id":"https:\/\/www.public.sn\/#organization"},"image":{"@id":"https:\/\/www.public.sn\/index.php\/2022\/11\/10\/foot-apres-sadio-abdou-diallo-out\/#primaryimage"},"thumbnailUrl":"https:\/\/www.public.sn\/wp-content\/uploads\/2022\/11\/abdou-diallo-1.jpg","keywords":["Abdou Diallo","blessure","Football"],"articleSection":["ACTUALIT\u00c9S","AFRIQUE &amp; MONDE","SPORTS"],"inLanguage":"fr-FR","potentialAction":[{"@type":"CommentAction","name":"Comment","target":["https:\/\/www.public.sn\/index.php\/2022\/11\/10\/foot-apres-sadio-abdou-diallo-out\/#respond"]}]},{"@type":"WebPage","@id":"https:\/\/www.public.sn\/index.php\/2022\/11\/10\/foot-apres-sadio-abdou-diallo-out\/","url":"https:\/\/www.public.sn\/index.php\/2022\/11\/10\/foot-apres-sadio-abdou-diallo-out\/","name":"Foot\u00a0: Apr\u00e8s Sadio, Abdou Diallo out\u00a0? - LE PUBLIC","isPartOf":{"@id":"https:\/\/www.public.sn\/#website"},"primaryImageOfPage":{"@id":"https:\/\/www.public.sn\/index.php\/2022\/11\/10\/foot-apres-sadio-abdou-diallo-out\/#primaryimage"},"image":{"@id":"https:\/\/www.public.sn\/index.php\/2022\/11\/10\/foot-apres-sadio-abdou-diallo-out\/#primaryimage"},"thumbnailUrl":"https:\/\/www.public.sn\/wp-content\/uploads\/2022\/11\/abdou-diallo-1.jpg","datePublished":"2022-11-10T09:29:07+00:00","dateModified":"2022-11-10T09:29:09+00:00","breadcrumb":{"@id":"https:\/\/www.public.sn\/index.php\/2022\/11\/10\/foot-apres-sadio-abdou-diallo-out\/#breadcrumb"},"inLanguage":"fr-FR","potentialAction":[{"@type":"ReadAction","target":["https:\/\/www.public.sn\/index.php\/2022\/11\/10\/foot-apres-sadio-abdou-diallo-out\/"]}]},{"@type":"ImageObject","inLanguage":"fr-FR","@id":"https:\/\/www.public.sn\/index.php\/2022\/11\/10\/foot-apres-sadio-abdou-diallo-out\/#primaryimage","url":"https:\/\/www.public.sn\/wp-content\/uploads\/2022\/11\/abdou-diallo-1.jpg","contentUrl":"https:\/\/www.public.sn\/wp-content\/uploads\/2022\/11\/abdou-diallo-1.jpg","width":275,"height":183,"caption":"publicsn"},{"@type":"BreadcrumbList","@id":"https:\/\/www.public.sn\/index.php\/2022\/11\/10\/foot-apres-sadio-abdou-diallo-out\/#breadcrumb","itemListElement":[{"@type":"ListItem","position":1,"name":"Accueil","item":"https:\/\/www.public.sn\/"},{"@type":"ListItem","position":2,"name":"Foot\u00a0: Apr\u00e8s Sadio, Abdou Diallo out\u00a0?"}]},{"@type":"WebSite","@id":"https:\/\/www.public.sn\/#website","url":"https:\/\/www.public.sn\/","name":"LE PUBLIC","description":"","publisher":{"@id":"https:\/\/www.public.sn\/#organization"},"potentialAction":[{"@type":"SearchAction","target":{"@type":"EntryPoint","urlTemplate":"https:\/\/www.public.sn\/?s={search_term_string}"},"query-input":{"@type":"PropertyValueSpecification","valueRequired":true,"valueName":"search_term_string"}}],"inLanguage":"fr-FR"},{"@type":"Organization","@id":"https:\/\/www.public.sn\/#organization","name":"LE PUBLIC","url":"https:\/\/www.public.sn\/","logo":{"@type":"ImageObject","inLanguage":"fr-FR","@id":"https:\/\/www.public.sn\/#\/schema\/logo\/image\/","url":"https:\/\/www.public.sn\/wp-content\/uploads\/2024\/05\/cropped-LOGO-PUBLIC.SN_.png","contentUrl":"https:\/\/www.public.sn\/wp-content\/uploads\/2024\/05\/cropped-LOGO-PUBLIC.SN_.png","width":682,"height":192,"caption":"LE PUBLIC"},"image":{"@id":"https:\/\/www.public.sn\/#\/schema\/logo\/image\/"}},{"@type":"Person","@id":"https:\/\/www.public.sn\/#\/schema\/person\/cb76c8e1b8becc6be61fb5e92d6d0224","name":"LA REDACTION","image":{"@type":"ImageObject","inLanguage":"fr-FR","@id":"https:\/\/www.public.sn\/#\/schema\/person\/image\/","url":"https:\/\/secure.gravatar.com\/avatar\/2dce5ddd34b8fef0180efe03aa2a9bee7d953856048f9a16b298190a3178407c?s=96&d=mm&r=g","contentUrl":"https:\/\/secure.gravatar.com\/avatar\/2dce5ddd34b8fef0180efe03aa2a9bee7d953856048f9a16b298190a3178407c?s=96&d=mm&r=g","caption":"LA REDACTION"},"url":"https:\/\/www.public.sn\/index.php\/author\/editeurpsn\/"}]}},"jetpack_featured_media_url":"https:\/\/www.public.sn\/wp-content\/uploads\/2022\/11\/abdou-diallo-1.jpg","jetpack_sharing_enabled":true,"_links":{"self":[{"href":"https:\/\/www.public.sn\/index.php\/wp-json\/wp\/v2\/posts\/7890","targetHints":{"allow":["GET"]}}],"collection":[{"href":"https:\/\/www.public.sn\/index.php\/wp-json\/wp\/v2\/posts"}],"about":[{"href":"https:\/\/www.public.sn\/index.php\/wp-json\/wp\/v2\/types\/post"}],"author":[{"embeddable":true,"href":"https:\/\/www.public.sn\/index.php\/wp-json\/wp\/v2\/users\/7"}],"replies":[{"embeddable":true,"href":"https:\/\/www.public.sn\/index.php\/wp-json\/wp\/v2\/comments?post=7890"}],"version-history":[{"count":2,"href":"https:\/\/www.public.sn\/index.php\/wp-json\/wp\/v2\/posts\/7890\/revisions"}],"predecessor-version":[{"id":7893,"href":"https:\/\/www.public.sn\/index.php\/wp-json\/wp\/v2\/posts\/7890\/revisions\/7893"}],"wp:featuredmedia":[{"embeddable":true,"href":"https:\/\/www.public.sn\/index.php\/wp-json\/wp\/v2\/media\/7891"}],"wp:attachment":[{"href":"https:\/\/www.public.sn\/index.php\/wp-json\/wp\/v2\/media?parent=7890"}],"wp:term":[{"taxonomy":"category","embeddable":true,"href":"https:\/\/www.public.sn\/index.php\/wp-json\/wp\/v2\/categories?post=7890"},{"taxonomy":"post_tag","embeddable":true,"href":"https:\/\/www.public.sn\/index.php\/wp-json\/wp\/v2\/tags?post=7890"}],"curies":[{"name":"wp","href":"https:\/\/api.w.org\/{rel}","templated":true}]}}