{"id":7938,"date":"2022-11-10T12:34:56","date_gmt":"2022-11-10T12:34:56","guid":{"rendered":"https:\/\/www.public.sn\/?p=7938"},"modified":"2022-11-10T12:34:57","modified_gmt":"2022-11-10T12:34:57","slug":"infanticide-a-saint-louis-le-corps-dun-bebe-jete-au-cimetiere-de-thiaka-ndiaye","status":"publish","type":"post","link":"https:\/\/www.public.sn\/index.php\/2022\/11\/10\/infanticide-a-saint-louis-le-corps-dun-bebe-jete-au-cimetiere-de-thiaka-ndiaye\/","title":{"rendered":"Infanticide \u00e0 Saint Louis\u00a0: Le corps d\u2019un b\u00e9b\u00e9 jet\u00e9 au cimeti\u00e8re de Thiaka Ndiaye."},"content":{"rendered":"\n<p>Le corps sans vie d\u2019un b\u00e9b\u00e9 a \u00e9t\u00e9 d\u00e9couvert en fin de matin\u00e9e ce mercredi au cimeti\u00e8re de Thiaka Ndiaye \u00e0 Saint Louis. De sexe masculin, le corps du b\u00e9b\u00e9 a \u00e9t\u00e9 envelopp\u00e9 dans un sac riz vide et abandonn\u00e9 au niveau du cimeti\u00e8re selon le quotidien l\u2019Observateur. Une d\u00e9couverte macabre qui plonge dans une panique totale les habitants de Guet Ndar. L\u2019un d\u2019entre eux, Massow qui venait de se recueillir sur les tombes,&nbsp; est surpris de voir le petit corps du b\u00e9b\u00e9 qui n\u2019a donn\u00e9 aucun signe de vie.<\/p><div class=\"publi-paragraphe1\" style=\"margin-top: 10px;margin-bottom: 10px;margin-left: auto;margin-right: auto;text-align: center;\" id=\"publi-615720035\"><div class=\"publi-adlabel\">Publicit\u00e9<\/div><script async src=\"\/\/pagead2.googlesyndication.com\/pagead\/js\/adsbygoogle.js?client=ca-pub-4089586018074219\" crossorigin=\"anonymous\"><\/script><ins class=\"adsbygoogle\" style=\"display:block;\" data-ad-client=\"ca-pub-4089586018074219\" \ndata-ad-slot=\"2087940154\" \ndata-ad-format=\"auto\"><\/ins>\n<script> \n(adsbygoogle = window.adsbygoogle || []).push({}); \n<\/script>\n<\/div>\n\n\n\n<p>&nbsp;Inform\u00e9s, le commissariat de Saint Louis et les \u00e9l\u00e9ments de la 51<sup>e <\/sup>Compagnie d\u2019incendie et de secours se sont saisis&nbsp; de &nbsp;cette affaire d\u2019infanticide.&nbsp; Ainsi, une enqu\u00eate a \u00e9t\u00e9 ouverte, en attendant la suite, le corps du b\u00e9b\u00e9 a \u00e9t\u00e9 achemin\u00e9 \u00e0 l\u2019h\u00f4pital r\u00e9gional de Saint Louis.<\/p>\n\n\n\n<p>Maimouna Diallo.<\/p>\n<div class=\"publi-apres-le-contenu\" style=\"margin-top: 10px;margin-bottom: 10px;margin-left: auto;margin-right: auto;text-align: center;\" id=\"publi-871026961\"><div class=\"publi-adlabel\">Publicit\u00e9<\/div><script async src=\"\/\/pagead2.googlesyndication.com\/pagead\/js\/adsbygoogle.js?client=ca-pub-4089586018074219\" crossorigin=\"anonymous\"><\/script><ins class=\"adsbygoogle\" style=\"display:block;\" data-ad-client=\"ca-pub-4089586018074219\" \ndata-ad-slot=\"2087940154\" \ndata-ad-format=\"auto\"><\/ins>\n<script> \n(adsbygoogle = window.adsbygoogle || []).push({}); \n<\/script>\n<\/div>","protected":false},"excerpt":{"rendered":"<p>Le corps sans vie d\u2019un b\u00e9b\u00e9 a \u00e9t\u00e9 d\u00e9couvert en fin de matin\u00e9e ce mercredi au cimeti\u00e8re de Thiaka Ndiaye \u00e0 Saint Louis. De sexe masculin, le corps du b\u00e9b\u00e9 a \u00e9t\u00e9 envelopp\u00e9 dans un sac riz vide et abandonn\u00e9 au niveau du cimeti\u00e8re selon le quotidien l\u2019Observateur. Une d\u00e9couverte macabre qui plonge dans une panique totale les habitants de Guet Ndar. L\u2019un d\u2019entre eux, Massow qui venait de se recueillir sur les tombes,&nbsp; est surpris de voir le petit corps du b\u00e9b\u00e9 qui n\u2019a donn\u00e9 aucun signe de vie. &nbsp;Inform\u00e9s, le commissariat de Saint Louis et les \u00e9l\u00e9ments de la 51e Compagnie d\u2019incendie et de secours se sont saisis&nbsp; de &nbsp;cette affaire d\u2019infanticide.&nbsp; Ainsi, une enqu\u00eate a \u00e9t\u00e9 ouverte, en attendant la suite, le corps du b\u00e9b\u00e9 a \u00e9t\u00e9 achemin\u00e9 \u00e0 l\u2019h\u00f4pital r\u00e9gional de Saint Louis. Maimouna Diallo.<\/p>\n","protected":false},"author":1,"featured_media":7941,"comment_status":"open","ping_status":"open","sticky":false,"template":"","format":"standard","meta":{"_jetpack_memberships_contains_paid_content":false,"footnotes":""},"categories":[375,379,1],"tags":[1466,589,2699],"class_list":["post-7938","post","type-post","status-publish","format-standard","has-post-thumbnail","hentry","category-actualites","category-faits-divers","category-non-classe","tag-infanticide","tag-saint-louis","tag-thiaka-ndiaye","entry","has-media","owp-thumbs-layout-horizontal","owp-btn-normal","owp-tabs-layout-horizontal","has-no-thumbnails","has-product-nav"],"yoast_head":"<!-- This site is optimized with the Yoast SEO plugin v25.5 - https:\/\/yoast.com\/wordpress\/plugins\/seo\/ -->\n<title>Infanticide \u00e0 Saint Louis\u00a0: Le corps d\u2019un b\u00e9b\u00e9 jet\u00e9 au cimeti\u00e8re de Thiaka Ndiaye. - LE PUBLIC<\/title>\n<meta name=\"robots\" content=\"index, follow, max-snippet:-1, max-image-preview:large, max-video-preview:-1\" \/>\n<link rel=\"canonical\" href=\"https:\/\/www.public.sn\/index.php\/2022\/11\/10\/infanticide-a-saint-louis-le-corps-dun-bebe-jete-au-cimetiere-de-thiaka-ndiaye\/\" \/>\n<meta property=\"og:locale\" content=\"fr_FR\" \/>\n<meta property=\"og:type\" content=\"article\" \/>\n<meta property=\"og:title\" content=\"Infanticide \u00e0 Saint Louis\u00a0: Le corps d\u2019un b\u00e9b\u00e9 jet\u00e9 au cimeti\u00e8re de Thiaka Ndiaye. - LE PUBLIC\" \/>\n<meta property=\"og:description\" content=\"Le corps sans vie d\u2019un b\u00e9b\u00e9 a \u00e9t\u00e9 d\u00e9couvert en fin de matin\u00e9e ce mercredi au cimeti\u00e8re de Thiaka Ndiaye \u00e0 Saint Louis. De sexe masculin, le corps du b\u00e9b\u00e9 a \u00e9t\u00e9 envelopp\u00e9 dans un sac riz vide et abandonn\u00e9 au niveau du cimeti\u00e8re selon le quotidien l\u2019Observateur. Une d\u00e9couverte macabre qui plonge dans une panique totale les habitants de Guet Ndar. L\u2019un d\u2019entre eux, Massow qui venait de se recueillir sur les tombes,&nbsp; est surpris de voir le petit corps du b\u00e9b\u00e9 qui n\u2019a donn\u00e9 aucun signe de vie. &nbsp;Inform\u00e9s, le commissariat de Saint Louis et les \u00e9l\u00e9ments de la 51e Compagnie d\u2019incendie et de secours se sont saisis&nbsp; de &nbsp;cette affaire d\u2019infanticide.&nbsp; Ainsi, une enqu\u00eate a \u00e9t\u00e9 ouverte, en attendant la suite, le corps du b\u00e9b\u00e9 a \u00e9t\u00e9 achemin\u00e9 \u00e0 l\u2019h\u00f4pital r\u00e9gional de Saint Louis. Maimouna Diallo.\" \/>\n<meta property=\"og:url\" content=\"https:\/\/www.public.sn\/index.php\/2022\/11\/10\/infanticide-a-saint-louis-le-corps-dun-bebe-jete-au-cimetiere-de-thiaka-ndiaye\/\" \/>\n<meta property=\"og:site_name\" content=\"LE PUBLIC\" \/>\n<meta property=\"article:published_time\" content=\"2022-11-10T12:34:56+00:00\" \/>\n<meta property=\"article:modified_time\" content=\"2022-11-10T12:34:57+00:00\" \/>\n<meta property=\"og:image\" content=\"https:\/\/www.public.sn\/wp-content\/uploads\/2022\/11\/bebe-jete.jpg\" \/>\n\t<meta property=\"og:image:width\" content=\"696\" \/>\n\t<meta property=\"og:image:height\" content=\"398\" \/>\n\t<meta property=\"og:image:type\" content=\"image\/jpeg\" \/>\n<meta name=\"author\" content=\"LA REDACTION\" \/>\n<meta name=\"twitter:card\" content=\"summary_large_image\" \/>\n<meta name=\"twitter:label1\" content=\"\u00c9crit par\" \/>\n\t<meta name=\"twitter:data1\" content=\"LA REDACTION\" \/>\n\t<meta name=\"twitter:label2\" content=\"Dur\u00e9e de lecture estim\u00e9e\" \/>\n\t<meta name=\"twitter:data2\" content=\"1 minute\" \/>\n<script type=\"application\/ld+json\" class=\"yoast-schema-graph\">{\"@context\":\"https:\/\/schema.org\",\"@graph\":[{\"@type\":\"Article\",\"@id\":\"https:\/\/www.public.sn\/index.php\/2022\/11\/10\/infanticide-a-saint-louis-le-corps-dun-bebe-jete-au-cimetiere-de-thiaka-ndiaye\/#article\",\"isPartOf\":{\"@id\":\"https:\/\/www.public.sn\/index.php\/2022\/11\/10\/infanticide-a-saint-louis-le-corps-dun-bebe-jete-au-cimetiere-de-thiaka-ndiaye\/\"},\"author\":{\"name\":\"LA REDACTION\",\"@id\":\"https:\/\/www.public.sn\/#\/schema\/person\/e3f4a11b037d4203902db148f9bc8d5a\"},\"headline\":\"Infanticide \u00e0 Saint Louis\u00a0: Le corps d\u2019un b\u00e9b\u00e9 jet\u00e9 au cimeti\u00e8re de Thiaka Ndiaye.\",\"datePublished\":\"2022-11-10T12:34:56+00:00\",\"dateModified\":\"2022-11-10T12:34:57+00:00\",\"mainEntityOfPage\":{\"@id\":\"https:\/\/www.public.sn\/index.php\/2022\/11\/10\/infanticide-a-saint-louis-le-corps-dun-bebe-jete-au-cimetiere-de-thiaka-ndiaye\/\"},\"wordCount\":180,\"commentCount\":0,\"publisher\":{\"@id\":\"https:\/\/www.public.sn\/#organization\"},\"image\":{\"@id\":\"https:\/\/www.public.sn\/index.php\/2022\/11\/10\/infanticide-a-saint-louis-le-corps-dun-bebe-jete-au-cimetiere-de-thiaka-ndiaye\/#primaryimage\"},\"thumbnailUrl\":\"https:\/\/www.public.sn\/wp-content\/uploads\/2022\/11\/bebe-jete.jpg\",\"keywords\":[\"infanticide\",\"Saint Louis\",\"Thiaka Ndiaye\"],\"articleSection\":[\"ACTUALIT\u00c9S\",\"FAITS DIVERS\",\"S\u00c9N\u00c9GAL\"],\"inLanguage\":\"fr-FR\",\"potentialAction\":[{\"@type\":\"CommentAction\",\"name\":\"Comment\",\"target\":[\"https:\/\/www.public.sn\/index.php\/2022\/11\/10\/infanticide-a-saint-louis-le-corps-dun-bebe-jete-au-cimetiere-de-thiaka-ndiaye\/#respond\"]}]},{\"@type\":\"WebPage\",\"@id\":\"https:\/\/www.public.sn\/index.php\/2022\/11\/10\/infanticide-a-saint-louis-le-corps-dun-bebe-jete-au-cimetiere-de-thiaka-ndiaye\/\",\"url\":\"https:\/\/www.public.sn\/index.php\/2022\/11\/10\/infanticide-a-saint-louis-le-corps-dun-bebe-jete-au-cimetiere-de-thiaka-ndiaye\/\",\"name\":\"Infanticide \u00e0 Saint Louis\u00a0: Le corps d\u2019un b\u00e9b\u00e9 jet\u00e9 au cimeti\u00e8re de Thiaka Ndiaye. - LE PUBLIC\",\"isPartOf\":{\"@id\":\"https:\/\/www.public.sn\/#website\"},\"primaryImageOfPage\":{\"@id\":\"https:\/\/www.public.sn\/index.php\/2022\/11\/10\/infanticide-a-saint-louis-le-corps-dun-bebe-jete-au-cimetiere-de-thiaka-ndiaye\/#primaryimage\"},\"image\":{\"@id\":\"https:\/\/www.public.sn\/index.php\/2022\/11\/10\/infanticide-a-saint-louis-le-corps-dun-bebe-jete-au-cimetiere-de-thiaka-ndiaye\/#primaryimage\"},\"thumbnailUrl\":\"https:\/\/www.public.sn\/wp-content\/uploads\/2022\/11\/bebe-jete.jpg\",\"datePublished\":\"2022-11-10T12:34:56+00:00\",\"dateModified\":\"2022-11-10T12:34:57+00:00\",\"breadcrumb\":{\"@id\":\"https:\/\/www.public.sn\/index.php\/2022\/11\/10\/infanticide-a-saint-louis-le-corps-dun-bebe-jete-au-cimetiere-de-thiaka-ndiaye\/#breadcrumb\"},\"inLanguage\":\"fr-FR\",\"potentialAction\":[{\"@type\":\"ReadAction\",\"target\":[\"https:\/\/www.public.sn\/index.php\/2022\/11\/10\/infanticide-a-saint-louis-le-corps-dun-bebe-jete-au-cimetiere-de-thiaka-ndiaye\/\"]}]},{\"@type\":\"ImageObject\",\"inLanguage\":\"fr-FR\",\"@id\":\"https:\/\/www.public.sn\/index.php\/2022\/11\/10\/infanticide-a-saint-louis-le-corps-dun-bebe-jete-au-cimetiere-de-thiaka-ndiaye\/#primaryimage\",\"url\":\"https:\/\/www.public.sn\/wp-content\/uploads\/2022\/11\/bebe-jete.jpg\",\"contentUrl\":\"https:\/\/www.public.sn\/wp-content\/uploads\/2022\/11\/bebe-jete.jpg\",\"width\":696,\"height\":398,\"caption\":\"Public sn\"},{\"@type\":\"BreadcrumbList\",\"@id\":\"https:\/\/www.public.sn\/index.php\/2022\/11\/10\/infanticide-a-saint-louis-le-corps-dun-bebe-jete-au-cimetiere-de-thiaka-ndiaye\/#breadcrumb\",\"itemListElement\":[{\"@type\":\"ListItem\",\"position\":1,\"name\":\"Accueil\",\"item\":\"https:\/\/www.public.sn\/\"},{\"@type\":\"ListItem\",\"position\":2,\"name\":\"Infanticide \u00e0 Saint Louis\u00a0: Le corps d\u2019un b\u00e9b\u00e9 jet\u00e9 au cimeti\u00e8re de Thiaka Ndiaye.\"}]},{\"@type\":\"WebSite\",\"@id\":\"https:\/\/www.public.sn\/#website\",\"url\":\"https:\/\/www.public.sn\/\",\"name\":\"LE PUBLIC\",\"description\":\"\",\"publisher\":{\"@id\":\"https:\/\/www.public.sn\/#organization\"},\"potentialAction\":[{\"@type\":\"SearchAction\",\"target\":{\"@type\":\"EntryPoint\",\"urlTemplate\":\"https:\/\/www.public.sn\/?s={search_term_string}\"},\"query-input\":{\"@type\":\"PropertyValueSpecification\",\"valueRequired\":true,\"valueName\":\"search_term_string\"}}],\"inLanguage\":\"fr-FR\"},{\"@type\":\"Organization\",\"@id\":\"https:\/\/www.public.sn\/#organization\",\"name\":\"LE PUBLIC\",\"url\":\"https:\/\/www.public.sn\/\",\"logo\":{\"@type\":\"ImageObject\",\"inLanguage\":\"fr-FR\",\"@id\":\"https:\/\/www.public.sn\/#\/schema\/logo\/image\/\",\"url\":\"https:\/\/www.public.sn\/wp-content\/uploads\/2024\/05\/cropped-LOGO-PUBLIC.SN_.png\",\"contentUrl\":\"https:\/\/www.public.sn\/wp-content\/uploads\/2024\/05\/cropped-LOGO-PUBLIC.SN_.png\",\"width\":682,\"height\":192,\"caption\":\"LE PUBLIC\"},\"image\":{\"@id\":\"https:\/\/www.public.sn\/#\/schema\/logo\/image\/\"}},{\"@type\":\"Person\",\"@id\":\"https:\/\/www.public.sn\/#\/schema\/person\/e3f4a11b037d4203902db148f9bc8d5a\",\"name\":\"LA REDACTION\",\"image\":{\"@type\":\"ImageObject\",\"inLanguage\":\"fr-FR\",\"@id\":\"https:\/\/www.public.sn\/#\/schema\/person\/image\/\",\"url\":\"https:\/\/secure.gravatar.com\/avatar\/d6c030db45db2883c075085c5d6c6258654a801a93766b49af0b82d4f454e2a5?s=96&d=mm&r=g\",\"contentUrl\":\"https:\/\/secure.gravatar.com\/avatar\/d6c030db45db2883c075085c5d6c6258654a801a93766b49af0b82d4f454e2a5?s=96&d=mm&r=g\",\"caption\":\"LA REDACTION\"},\"sameAs\":[\"http:\/\/www.public.sn\"],\"url\":\"https:\/\/www.public.sn\/index.php\/author\/admin7324\/\"}]}<\/script>\n<!-- \/ Yoast SEO plugin. -->","yoast_head_json":{"title":"Infanticide \u00e0 Saint Louis\u00a0: Le corps d\u2019un b\u00e9b\u00e9 jet\u00e9 au cimeti\u00e8re de Thiaka Ndiaye. - LE PUBLIC","robots":{"index":"index","follow":"follow","max-snippet":"max-snippet:-1","max-image-preview":"max-image-preview:large","max-video-preview":"max-video-preview:-1"},"canonical":"https:\/\/www.public.sn\/index.php\/2022\/11\/10\/infanticide-a-saint-louis-le-corps-dun-bebe-jete-au-cimetiere-de-thiaka-ndiaye\/","og_locale":"fr_FR","og_type":"article","og_title":"Infanticide \u00e0 Saint Louis\u00a0: Le corps d\u2019un b\u00e9b\u00e9 jet\u00e9 au cimeti\u00e8re de Thiaka Ndiaye. - LE PUBLIC","og_description":"Le corps sans vie d\u2019un b\u00e9b\u00e9 a \u00e9t\u00e9 d\u00e9couvert en fin de matin\u00e9e ce mercredi au cimeti\u00e8re de Thiaka Ndiaye \u00e0 Saint Louis. De sexe masculin, le corps du b\u00e9b\u00e9 a \u00e9t\u00e9 envelopp\u00e9 dans un sac riz vide et abandonn\u00e9 au niveau du cimeti\u00e8re selon le quotidien l\u2019Observateur. Une d\u00e9couverte macabre qui plonge dans une panique totale les habitants de Guet Ndar. L\u2019un d\u2019entre eux, Massow qui venait de se recueillir sur les tombes,&nbsp; est surpris de voir le petit corps du b\u00e9b\u00e9 qui n\u2019a donn\u00e9 aucun signe de vie. &nbsp;Inform\u00e9s, le commissariat de Saint Louis et les \u00e9l\u00e9ments de la 51e Compagnie d\u2019incendie et de secours se sont saisis&nbsp; de &nbsp;cette affaire d\u2019infanticide.&nbsp; Ainsi, une enqu\u00eate a \u00e9t\u00e9 ouverte, en attendant la suite, le corps du b\u00e9b\u00e9 a \u00e9t\u00e9 achemin\u00e9 \u00e0 l\u2019h\u00f4pital r\u00e9gional de Saint Louis. Maimouna Diallo.","og_url":"https:\/\/www.public.sn\/index.php\/2022\/11\/10\/infanticide-a-saint-louis-le-corps-dun-bebe-jete-au-cimetiere-de-thiaka-ndiaye\/","og_site_name":"LE PUBLIC","article_published_time":"2022-11-10T12:34:56+00:00","article_modified_time":"2022-11-10T12:34:57+00:00","og_image":[{"width":696,"height":398,"url":"https:\/\/www.public.sn\/wp-content\/uploads\/2022\/11\/bebe-jete.jpg","type":"image\/jpeg"}],"author":"LA REDACTION","twitter_card":"summary_large_image","twitter_misc":{"\u00c9crit par":"LA REDACTION","Dur\u00e9e de lecture estim\u00e9e":"1 minute"},"schema":{"@context":"https:\/\/schema.org","@graph":[{"@type":"Article","@id":"https:\/\/www.public.sn\/index.php\/2022\/11\/10\/infanticide-a-saint-louis-le-corps-dun-bebe-jete-au-cimetiere-de-thiaka-ndiaye\/#article","isPartOf":{"@id":"https:\/\/www.public.sn\/index.php\/2022\/11\/10\/infanticide-a-saint-louis-le-corps-dun-bebe-jete-au-cimetiere-de-thiaka-ndiaye\/"},"author":{"name":"LA REDACTION","@id":"https:\/\/www.public.sn\/#\/schema\/person\/e3f4a11b037d4203902db148f9bc8d5a"},"headline":"Infanticide \u00e0 Saint Louis\u00a0: Le corps d\u2019un b\u00e9b\u00e9 jet\u00e9 au cimeti\u00e8re de Thiaka Ndiaye.","datePublished":"2022-11-10T12:34:56+00:00","dateModified":"2022-11-10T12:34:57+00:00","mainEntityOfPage":{"@id":"https:\/\/www.public.sn\/index.php\/2022\/11\/10\/infanticide-a-saint-louis-le-corps-dun-bebe-jete-au-cimetiere-de-thiaka-ndiaye\/"},"wordCount":180,"commentCount":0,"publisher":{"@id":"https:\/\/www.public.sn\/#organization"},"image":{"@id":"https:\/\/www.public.sn\/index.php\/2022\/11\/10\/infanticide-a-saint-louis-le-corps-dun-bebe-jete-au-cimetiere-de-thiaka-ndiaye\/#primaryimage"},"thumbnailUrl":"https:\/\/www.public.sn\/wp-content\/uploads\/2022\/11\/bebe-jete.jpg","keywords":["infanticide","Saint Louis","Thiaka Ndiaye"],"articleSection":["ACTUALIT\u00c9S","FAITS DIVERS","S\u00c9N\u00c9GAL"],"inLanguage":"fr-FR","potentialAction":[{"@type":"CommentAction","name":"Comment","target":["https:\/\/www.public.sn\/index.php\/2022\/11\/10\/infanticide-a-saint-louis-le-corps-dun-bebe-jete-au-cimetiere-de-thiaka-ndiaye\/#respond"]}]},{"@type":"WebPage","@id":"https:\/\/www.public.sn\/index.php\/2022\/11\/10\/infanticide-a-saint-louis-le-corps-dun-bebe-jete-au-cimetiere-de-thiaka-ndiaye\/","url":"https:\/\/www.public.sn\/index.php\/2022\/11\/10\/infanticide-a-saint-louis-le-corps-dun-bebe-jete-au-cimetiere-de-thiaka-ndiaye\/","name":"Infanticide \u00e0 Saint Louis\u00a0: Le corps d\u2019un b\u00e9b\u00e9 jet\u00e9 au cimeti\u00e8re de Thiaka Ndiaye. - LE PUBLIC","isPartOf":{"@id":"https:\/\/www.public.sn\/#website"},"primaryImageOfPage":{"@id":"https:\/\/www.public.sn\/index.php\/2022\/11\/10\/infanticide-a-saint-louis-le-corps-dun-bebe-jete-au-cimetiere-de-thiaka-ndiaye\/#primaryimage"},"image":{"@id":"https:\/\/www.public.sn\/index.php\/2022\/11\/10\/infanticide-a-saint-louis-le-corps-dun-bebe-jete-au-cimetiere-de-thiaka-ndiaye\/#primaryimage"},"thumbnailUrl":"https:\/\/www.public.sn\/wp-content\/uploads\/2022\/11\/bebe-jete.jpg","datePublished":"2022-11-10T12:34:56+00:00","dateModified":"2022-11-10T12:34:57+00:00","breadcrumb":{"@id":"https:\/\/www.public.sn\/index.php\/2022\/11\/10\/infanticide-a-saint-louis-le-corps-dun-bebe-jete-au-cimetiere-de-thiaka-ndiaye\/#breadcrumb"},"inLanguage":"fr-FR","potentialAction":[{"@type":"ReadAction","target":["https:\/\/www.public.sn\/index.php\/2022\/11\/10\/infanticide-a-saint-louis-le-corps-dun-bebe-jete-au-cimetiere-de-thiaka-ndiaye\/"]}]},{"@type":"ImageObject","inLanguage":"fr-FR","@id":"https:\/\/www.public.sn\/index.php\/2022\/11\/10\/infanticide-a-saint-louis-le-corps-dun-bebe-jete-au-cimetiere-de-thiaka-ndiaye\/#primaryimage","url":"https:\/\/www.public.sn\/wp-content\/uploads\/2022\/11\/bebe-jete.jpg","contentUrl":"https:\/\/www.public.sn\/wp-content\/uploads\/2022\/11\/bebe-jete.jpg","width":696,"height":398,"caption":"Public sn"},{"@type":"BreadcrumbList","@id":"https:\/\/www.public.sn\/index.php\/2022\/11\/10\/infanticide-a-saint-louis-le-corps-dun-bebe-jete-au-cimetiere-de-thiaka-ndiaye\/#breadcrumb","itemListElement":[{"@type":"ListItem","position":1,"name":"Accueil","item":"https:\/\/www.public.sn\/"},{"@type":"ListItem","position":2,"name":"Infanticide \u00e0 Saint Louis\u00a0: Le corps d\u2019un b\u00e9b\u00e9 jet\u00e9 au cimeti\u00e8re de Thiaka Ndiaye."}]},{"@type":"WebSite","@id":"https:\/\/www.public.sn\/#website","url":"https:\/\/www.public.sn\/","name":"LE PUBLIC","description":"","publisher":{"@id":"https:\/\/www.public.sn\/#organization"},"potentialAction":[{"@type":"SearchAction","target":{"@type":"EntryPoint","urlTemplate":"https:\/\/www.public.sn\/?s={search_term_string}"},"query-input":{"@type":"PropertyValueSpecification","valueRequired":true,"valueName":"search_term_string"}}],"inLanguage":"fr-FR"},{"@type":"Organization","@id":"https:\/\/www.public.sn\/#organization","name":"LE PUBLIC","url":"https:\/\/www.public.sn\/","logo":{"@type":"ImageObject","inLanguage":"fr-FR","@id":"https:\/\/www.public.sn\/#\/schema\/logo\/image\/","url":"https:\/\/www.public.sn\/wp-content\/uploads\/2024\/05\/cropped-LOGO-PUBLIC.SN_.png","contentUrl":"https:\/\/www.public.sn\/wp-content\/uploads\/2024\/05\/cropped-LOGO-PUBLIC.SN_.png","width":682,"height":192,"caption":"LE PUBLIC"},"image":{"@id":"https:\/\/www.public.sn\/#\/schema\/logo\/image\/"}},{"@type":"Person","@id":"https:\/\/www.public.sn\/#\/schema\/person\/e3f4a11b037d4203902db148f9bc8d5a","name":"LA REDACTION","image":{"@type":"ImageObject","inLanguage":"fr-FR","@id":"https:\/\/www.public.sn\/#\/schema\/person\/image\/","url":"https:\/\/secure.gravatar.com\/avatar\/d6c030db45db2883c075085c5d6c6258654a801a93766b49af0b82d4f454e2a5?s=96&d=mm&r=g","contentUrl":"https:\/\/secure.gravatar.com\/avatar\/d6c030db45db2883c075085c5d6c6258654a801a93766b49af0b82d4f454e2a5?s=96&d=mm&r=g","caption":"LA REDACTION"},"sameAs":["http:\/\/www.public.sn"],"url":"https:\/\/www.public.sn\/index.php\/author\/admin7324\/"}]}},"jetpack_featured_media_url":"https:\/\/www.public.sn\/wp-content\/uploads\/2022\/11\/bebe-jete.jpg","jetpack_sharing_enabled":true,"_links":{"self":[{"href":"https:\/\/www.public.sn\/index.php\/wp-json\/wp\/v2\/posts\/7938","targetHints":{"allow":["GET"]}}],"collection":[{"href":"https:\/\/www.public.sn\/index.php\/wp-json\/wp\/v2\/posts"}],"about":[{"href":"https:\/\/www.public.sn\/index.php\/wp-json\/wp\/v2\/types\/post"}],"author":[{"embeddable":true,"href":"https:\/\/www.public.sn\/index.php\/wp-json\/wp\/v2\/users\/1"}],"replies":[{"embeddable":true,"href":"https:\/\/www.public.sn\/index.php\/wp-json\/wp\/v2\/comments?post=7938"}],"version-history":[{"count":1,"href":"https:\/\/www.public.sn\/index.php\/wp-json\/wp\/v2\/posts\/7938\/revisions"}],"predecessor-version":[{"id":7942,"href":"https:\/\/www.public.sn\/index.php\/wp-json\/wp\/v2\/posts\/7938\/revisions\/7942"}],"wp:featuredmedia":[{"embeddable":true,"href":"https:\/\/www.public.sn\/index.php\/wp-json\/wp\/v2\/media\/7941"}],"wp:attachment":[{"href":"https:\/\/www.public.sn\/index.php\/wp-json\/wp\/v2\/media?parent=7938"}],"wp:term":[{"taxonomy":"category","embeddable":true,"href":"https:\/\/www.public.sn\/index.php\/wp-json\/wp\/v2\/categories?post=7938"},{"taxonomy":"post_tag","embeddable":true,"href":"https:\/\/www.public.sn\/index.php\/wp-json\/wp\/v2\/tags?post=7938"}],"curies":[{"name":"wp","href":"https:\/\/api.w.org\/{rel}","templated":true}]}}