{"id":7991,"date":"2022-11-10T15:27:45","date_gmt":"2022-11-10T15:27:45","guid":{"rendered":"https:\/\/www.public.sn\/?p=7991"},"modified":"2022-11-10T15:27:48","modified_gmt":"2022-11-10T15:27:48","slug":"la-lsdh-exige-la-liberation-de-pape-ale","status":"publish","type":"post","link":"https:\/\/www.public.sn\/index.php\/2022\/11\/10\/la-lsdh-exige-la-liberation-de-pape-ale\/","title":{"rendered":"La LSDH exige la lib\u00e9ration de Pape Al\u00e9."},"content":{"rendered":"\n<p><\/p>\n\n\n\n<p><strong>L\u2019incarc\u00e9ration de pape Al\u00e9 Niang continue de soulever l\u2019ire des organisations de d\u00e9fense des droits de l\u2019homme. Apr\u00e8s Amnesty International, c\u2019est au tour de la ligue s\u00e9n\u00e9galaise des droits de l\u2019homme d\u2019exiger sa lib\u00e9ration conform\u00e9ment \u00e0 \u00ab\u00a0la Charte de Munich\u00a0\u00bb. \u00a0<\/strong><\/p><div class=\"publi-paragraphe1\" style=\"margin-top: 10px;margin-bottom: 10px;margin-left: auto;margin-right: auto;text-align: center;\" id=\"publi-686790747\"><div class=\"publi-adlabel\">Publicit\u00e9<\/div><script async src=\"\/\/pagead2.googlesyndication.com\/pagead\/js\/adsbygoogle.js?client=ca-pub-4089586018074219\" crossorigin=\"anonymous\"><\/script><ins class=\"adsbygoogle\" style=\"display:block;\" data-ad-client=\"ca-pub-4089586018074219\" \ndata-ad-slot=\"2087940154\" \ndata-ad-format=\"auto\"><\/ins>\n<script> \n(adsbygoogle = window.adsbygoogle || []).push({}); \n<\/script>\n<\/div>\n\n\n\n<p><\/p>\n\n\n\n<p>\u00ab Nous tenons \u00e0 rappeler que le droit \u00e0 l&rsquo;information, \u00e0 la libre expression et \u00e0 la critique est une des libert\u00e9s fondamentales de tout \u00eatre humain. \u00bb. Tel est le point de vue de Alassane Seck, le pr\u00e9sident \u00a0de la ligue s\u00e9n\u00e9galaise des droits\u00a0 humains.<\/p>\n\n\n\n<p><\/p>\n\n\n\n<p>Il rappelle que \u00a0\u00ab\u00a0la Charte de Munich\u00a0\u00bb \u00a0stipule \u00a0que : \u00ab La responsabilit\u00e9 des journalistes vis-\u00e0-vis du public, prime sur toute autre responsabilit\u00e9, en particulier \u00e0 l&rsquo;\u00e9gard de leurs employeurs et des pouvoirs publics. \u00bb<\/p>\n\n\n\n<p><\/p>\n\n\n\n<p>&nbsp;\u00ab Ce sont des journalistes d&rsquo;investigation qui ont r\u00e9v\u00e9l\u00e9 bien des cas de torture, de discrimination, de corruption ou d&rsquo;abus de pouvoir dans beaucoup de pays \u00bb, Par cons\u00e9quent la libert\u00e9 des medias est un gage pour la protection de tous les autres droits de l\u2019homme. Tenant compte de tout cela, la Ligue S\u00e9n\u00e9galaise des droits Humains (LSDH) exige sa lib\u00e9ration inconditionnelle \u00bb, souligne Alassane Seck.<\/p>\n\n\n\n<p>Samba SY.<\/p>\n<div class=\"publi-apres-le-contenu\" style=\"margin-top: 10px;margin-bottom: 10px;margin-left: auto;margin-right: auto;text-align: center;\" id=\"publi-433819120\"><div class=\"publi-adlabel\">Publicit\u00e9<\/div><script async src=\"\/\/pagead2.googlesyndication.com\/pagead\/js\/adsbygoogle.js?client=ca-pub-4089586018074219\" crossorigin=\"anonymous\"><\/script><ins class=\"adsbygoogle\" style=\"display:block;\" data-ad-client=\"ca-pub-4089586018074219\" \ndata-ad-slot=\"2087940154\" \ndata-ad-format=\"auto\"><\/ins>\n<script> \n(adsbygoogle = window.adsbygoogle || []).push({}); \n<\/script>\n<\/div>","protected":false},"excerpt":{"rendered":"<p>L\u2019incarc\u00e9ration de pape Al\u00e9 Niang continue de soulever l\u2019ire des organisations de d\u00e9fense des droits de l\u2019homme. Apr\u00e8s Amnesty International, c\u2019est au tour de la ligue s\u00e9n\u00e9galaise des droits de l\u2019homme d\u2019exiger sa lib\u00e9ration conform\u00e9ment \u00e0 \u00ab\u00a0la Charte de Munich\u00a0\u00bb. \u00a0 \u00ab Nous tenons \u00e0 rappeler que le droit \u00e0 l&rsquo;information, \u00e0 la libre expression et \u00e0 la critique est une des libert\u00e9s fondamentales de tout \u00eatre humain. \u00bb. Tel est le point de vue de Alassane Seck, le pr\u00e9sident \u00a0de la ligue s\u00e9n\u00e9galaise des droits\u00a0 humains. Il rappelle que \u00a0\u00ab\u00a0la Charte de Munich\u00a0\u00bb \u00a0stipule \u00a0que : \u00ab La responsabilit\u00e9 des journalistes vis-\u00e0-vis du public, prime sur toute autre responsabilit\u00e9, en particulier \u00e0 l&rsquo;\u00e9gard de leurs employeurs et des pouvoirs publics. \u00bb &nbsp;\u00ab Ce sont des journalistes d&rsquo;investigation qui ont r\u00e9v\u00e9l\u00e9 bien des cas de torture, de discrimination, de corruption ou d&rsquo;abus de pouvoir dans beaucoup de pays \u00bb, Par cons\u00e9quent la libert\u00e9 des medias est un gage pour la protection de tous les autres droits de l\u2019homme. Tenant compte de tout cela, la Ligue S\u00e9n\u00e9galaise des droits Humains (LSDH) exige sa lib\u00e9ration inconditionnelle \u00bb, souligne Alassane Seck. Samba SY.<\/p>\n","protected":false},"author":7,"featured_media":7992,"comment_status":"open","ping_status":"open","sticky":false,"template":"","format":"standard","meta":{"_jetpack_memberships_contains_paid_content":false,"footnotes":""},"categories":[375,961,1],"tags":[2067,2714,2492],"class_list":["post-7991","post","type-post","status-publish","format-standard","has-post-thumbnail","hentry","category-actualites","category-medias","category-non-classe","tag-liberation","tag-lsdh","tag-pape-ale","entry","has-media","owp-thumbs-layout-horizontal","owp-btn-normal","owp-tabs-layout-horizontal","has-no-thumbnails","has-product-nav"],"yoast_head":"<!-- This site is optimized with the Yoast SEO plugin v25.5 - https:\/\/yoast.com\/wordpress\/plugins\/seo\/ -->\n<title>La LSDH exige la lib\u00e9ration de Pape Al\u00e9. - LE PUBLIC<\/title>\n<meta name=\"robots\" content=\"index, follow, max-snippet:-1, max-image-preview:large, max-video-preview:-1\" \/>\n<link rel=\"canonical\" href=\"https:\/\/www.public.sn\/index.php\/2022\/11\/10\/la-lsdh-exige-la-liberation-de-pape-ale\/\" \/>\n<meta property=\"og:locale\" content=\"fr_FR\" \/>\n<meta property=\"og:type\" content=\"article\" \/>\n<meta property=\"og:title\" content=\"La LSDH exige la lib\u00e9ration de Pape Al\u00e9. - LE PUBLIC\" \/>\n<meta property=\"og:description\" content=\"L\u2019incarc\u00e9ration de pape Al\u00e9 Niang continue de soulever l\u2019ire des organisations de d\u00e9fense des droits de l\u2019homme. Apr\u00e8s Amnesty International, c\u2019est au tour de la ligue s\u00e9n\u00e9galaise des droits de l\u2019homme d\u2019exiger sa lib\u00e9ration conform\u00e9ment \u00e0 \u00ab\u00a0la Charte de Munich\u00a0\u00bb. \u00a0 \u00ab Nous tenons \u00e0 rappeler que le droit \u00e0 l&rsquo;information, \u00e0 la libre expression et \u00e0 la critique est une des libert\u00e9s fondamentales de tout \u00eatre humain. \u00bb. Tel est le point de vue de Alassane Seck, le pr\u00e9sident \u00a0de la ligue s\u00e9n\u00e9galaise des droits\u00a0 humains. Il rappelle que \u00a0\u00ab\u00a0la Charte de Munich\u00a0\u00bb \u00a0stipule \u00a0que : \u00ab La responsabilit\u00e9 des journalistes vis-\u00e0-vis du public, prime sur toute autre responsabilit\u00e9, en particulier \u00e0 l&rsquo;\u00e9gard de leurs employeurs et des pouvoirs publics. \u00bb &nbsp;\u00ab Ce sont des journalistes d&rsquo;investigation qui ont r\u00e9v\u00e9l\u00e9 bien des cas de torture, de discrimination, de corruption ou d&rsquo;abus de pouvoir dans beaucoup de pays \u00bb, Par cons\u00e9quent la libert\u00e9 des medias est un gage pour la protection de tous les autres droits de l\u2019homme. Tenant compte de tout cela, la Ligue S\u00e9n\u00e9galaise des droits Humains (LSDH) exige sa lib\u00e9ration inconditionnelle \u00bb, souligne Alassane Seck. Samba SY.\" \/>\n<meta property=\"og:url\" content=\"https:\/\/www.public.sn\/index.php\/2022\/11\/10\/la-lsdh-exige-la-liberation-de-pape-ale\/\" \/>\n<meta property=\"og:site_name\" content=\"LE PUBLIC\" \/>\n<meta property=\"article:published_time\" content=\"2022-11-10T15:27:45+00:00\" \/>\n<meta property=\"article:modified_time\" content=\"2022-11-10T15:27:48+00:00\" \/>\n<meta property=\"og:image\" content=\"https:\/\/www.public.sn\/wp-content\/uploads\/2022\/11\/aa-2.jpg\" \/>\n\t<meta property=\"og:image:width\" content=\"540\" \/>\n\t<meta property=\"og:image:height\" content=\"305\" \/>\n\t<meta property=\"og:image:type\" content=\"image\/jpeg\" \/>\n<meta name=\"author\" content=\"LA REDACTION\" \/>\n<meta name=\"twitter:card\" content=\"summary_large_image\" \/>\n<meta name=\"twitter:label1\" content=\"\u00c9crit par\" \/>\n\t<meta name=\"twitter:data1\" content=\"LA REDACTION\" \/>\n\t<meta name=\"twitter:label2\" content=\"Dur\u00e9e de lecture estim\u00e9e\" \/>\n\t<meta name=\"twitter:data2\" content=\"1 minute\" \/>\n<script type=\"application\/ld+json\" class=\"yoast-schema-graph\">{\"@context\":\"https:\/\/schema.org\",\"@graph\":[{\"@type\":\"Article\",\"@id\":\"https:\/\/www.public.sn\/index.php\/2022\/11\/10\/la-lsdh-exige-la-liberation-de-pape-ale\/#article\",\"isPartOf\":{\"@id\":\"https:\/\/www.public.sn\/index.php\/2022\/11\/10\/la-lsdh-exige-la-liberation-de-pape-ale\/\"},\"author\":{\"name\":\"LA REDACTION\",\"@id\":\"https:\/\/www.public.sn\/#\/schema\/person\/cb76c8e1b8becc6be61fb5e92d6d0224\"},\"headline\":\"La LSDH exige la lib\u00e9ration de Pape Al\u00e9.\",\"datePublished\":\"2022-11-10T15:27:45+00:00\",\"dateModified\":\"2022-11-10T15:27:48+00:00\",\"mainEntityOfPage\":{\"@id\":\"https:\/\/www.public.sn\/index.php\/2022\/11\/10\/la-lsdh-exige-la-liberation-de-pape-ale\/\"},\"wordCount\":211,\"commentCount\":0,\"publisher\":{\"@id\":\"https:\/\/www.public.sn\/#organization\"},\"image\":{\"@id\":\"https:\/\/www.public.sn\/index.php\/2022\/11\/10\/la-lsdh-exige-la-liberation-de-pape-ale\/#primaryimage\"},\"thumbnailUrl\":\"https:\/\/www.public.sn\/wp-content\/uploads\/2022\/11\/aa-2.jpg\",\"keywords\":[\"liberation\",\"lsdh\",\"pape al\u00e9\"],\"articleSection\":[\"ACTUALIT\u00c9S\",\"M\u00c9DIAS\",\"S\u00c9N\u00c9GAL\"],\"inLanguage\":\"fr-FR\",\"potentialAction\":[{\"@type\":\"CommentAction\",\"name\":\"Comment\",\"target\":[\"https:\/\/www.public.sn\/index.php\/2022\/11\/10\/la-lsdh-exige-la-liberation-de-pape-ale\/#respond\"]}]},{\"@type\":\"WebPage\",\"@id\":\"https:\/\/www.public.sn\/index.php\/2022\/11\/10\/la-lsdh-exige-la-liberation-de-pape-ale\/\",\"url\":\"https:\/\/www.public.sn\/index.php\/2022\/11\/10\/la-lsdh-exige-la-liberation-de-pape-ale\/\",\"name\":\"La LSDH exige la lib\u00e9ration de Pape Al\u00e9. - LE PUBLIC\",\"isPartOf\":{\"@id\":\"https:\/\/www.public.sn\/#website\"},\"primaryImageOfPage\":{\"@id\":\"https:\/\/www.public.sn\/index.php\/2022\/11\/10\/la-lsdh-exige-la-liberation-de-pape-ale\/#primaryimage\"},\"image\":{\"@id\":\"https:\/\/www.public.sn\/index.php\/2022\/11\/10\/la-lsdh-exige-la-liberation-de-pape-ale\/#primaryimage\"},\"thumbnailUrl\":\"https:\/\/www.public.sn\/wp-content\/uploads\/2022\/11\/aa-2.jpg\",\"datePublished\":\"2022-11-10T15:27:45+00:00\",\"dateModified\":\"2022-11-10T15:27:48+00:00\",\"breadcrumb\":{\"@id\":\"https:\/\/www.public.sn\/index.php\/2022\/11\/10\/la-lsdh-exige-la-liberation-de-pape-ale\/#breadcrumb\"},\"inLanguage\":\"fr-FR\",\"potentialAction\":[{\"@type\":\"ReadAction\",\"target\":[\"https:\/\/www.public.sn\/index.php\/2022\/11\/10\/la-lsdh-exige-la-liberation-de-pape-ale\/\"]}]},{\"@type\":\"ImageObject\",\"inLanguage\":\"fr-FR\",\"@id\":\"https:\/\/www.public.sn\/index.php\/2022\/11\/10\/la-lsdh-exige-la-liberation-de-pape-ale\/#primaryimage\",\"url\":\"https:\/\/www.public.sn\/wp-content\/uploads\/2022\/11\/aa-2.jpg\",\"contentUrl\":\"https:\/\/www.public.sn\/wp-content\/uploads\/2022\/11\/aa-2.jpg\",\"width\":540,\"height\":305,\"caption\":\"publicsn\"},{\"@type\":\"BreadcrumbList\",\"@id\":\"https:\/\/www.public.sn\/index.php\/2022\/11\/10\/la-lsdh-exige-la-liberation-de-pape-ale\/#breadcrumb\",\"itemListElement\":[{\"@type\":\"ListItem\",\"position\":1,\"name\":\"Accueil\",\"item\":\"https:\/\/www.public.sn\/\"},{\"@type\":\"ListItem\",\"position\":2,\"name\":\"La LSDH exige la lib\u00e9ration de Pape Al\u00e9.\"}]},{\"@type\":\"WebSite\",\"@id\":\"https:\/\/www.public.sn\/#website\",\"url\":\"https:\/\/www.public.sn\/\",\"name\":\"LE PUBLIC\",\"description\":\"\",\"publisher\":{\"@id\":\"https:\/\/www.public.sn\/#organization\"},\"potentialAction\":[{\"@type\":\"SearchAction\",\"target\":{\"@type\":\"EntryPoint\",\"urlTemplate\":\"https:\/\/www.public.sn\/?s={search_term_string}\"},\"query-input\":{\"@type\":\"PropertyValueSpecification\",\"valueRequired\":true,\"valueName\":\"search_term_string\"}}],\"inLanguage\":\"fr-FR\"},{\"@type\":\"Organization\",\"@id\":\"https:\/\/www.public.sn\/#organization\",\"name\":\"LE PUBLIC\",\"url\":\"https:\/\/www.public.sn\/\",\"logo\":{\"@type\":\"ImageObject\",\"inLanguage\":\"fr-FR\",\"@id\":\"https:\/\/www.public.sn\/#\/schema\/logo\/image\/\",\"url\":\"https:\/\/www.public.sn\/wp-content\/uploads\/2024\/05\/cropped-LOGO-PUBLIC.SN_.png\",\"contentUrl\":\"https:\/\/www.public.sn\/wp-content\/uploads\/2024\/05\/cropped-LOGO-PUBLIC.SN_.png\",\"width\":682,\"height\":192,\"caption\":\"LE PUBLIC\"},\"image\":{\"@id\":\"https:\/\/www.public.sn\/#\/schema\/logo\/image\/\"}},{\"@type\":\"Person\",\"@id\":\"https:\/\/www.public.sn\/#\/schema\/person\/cb76c8e1b8becc6be61fb5e92d6d0224\",\"name\":\"LA REDACTION\",\"image\":{\"@type\":\"ImageObject\",\"inLanguage\":\"fr-FR\",\"@id\":\"https:\/\/www.public.sn\/#\/schema\/person\/image\/\",\"url\":\"https:\/\/secure.gravatar.com\/avatar\/2dce5ddd34b8fef0180efe03aa2a9bee7d953856048f9a16b298190a3178407c?s=96&d=mm&r=g\",\"contentUrl\":\"https:\/\/secure.gravatar.com\/avatar\/2dce5ddd34b8fef0180efe03aa2a9bee7d953856048f9a16b298190a3178407c?s=96&d=mm&r=g\",\"caption\":\"LA REDACTION\"},\"url\":\"https:\/\/www.public.sn\/index.php\/author\/editeurpsn\/\"}]}<\/script>\n<!-- \/ Yoast SEO plugin. -->","yoast_head_json":{"title":"La LSDH exige la lib\u00e9ration de Pape Al\u00e9. - LE PUBLIC","robots":{"index":"index","follow":"follow","max-snippet":"max-snippet:-1","max-image-preview":"max-image-preview:large","max-video-preview":"max-video-preview:-1"},"canonical":"https:\/\/www.public.sn\/index.php\/2022\/11\/10\/la-lsdh-exige-la-liberation-de-pape-ale\/","og_locale":"fr_FR","og_type":"article","og_title":"La LSDH exige la lib\u00e9ration de Pape Al\u00e9. - LE PUBLIC","og_description":"L\u2019incarc\u00e9ration de pape Al\u00e9 Niang continue de soulever l\u2019ire des organisations de d\u00e9fense des droits de l\u2019homme. Apr\u00e8s Amnesty International, c\u2019est au tour de la ligue s\u00e9n\u00e9galaise des droits de l\u2019homme d\u2019exiger sa lib\u00e9ration conform\u00e9ment \u00e0 \u00ab\u00a0la Charte de Munich\u00a0\u00bb. \u00a0 \u00ab Nous tenons \u00e0 rappeler que le droit \u00e0 l&rsquo;information, \u00e0 la libre expression et \u00e0 la critique est une des libert\u00e9s fondamentales de tout \u00eatre humain. \u00bb. Tel est le point de vue de Alassane Seck, le pr\u00e9sident \u00a0de la ligue s\u00e9n\u00e9galaise des droits\u00a0 humains. Il rappelle que \u00a0\u00ab\u00a0la Charte de Munich\u00a0\u00bb \u00a0stipule \u00a0que : \u00ab La responsabilit\u00e9 des journalistes vis-\u00e0-vis du public, prime sur toute autre responsabilit\u00e9, en particulier \u00e0 l&rsquo;\u00e9gard de leurs employeurs et des pouvoirs publics. \u00bb &nbsp;\u00ab Ce sont des journalistes d&rsquo;investigation qui ont r\u00e9v\u00e9l\u00e9 bien des cas de torture, de discrimination, de corruption ou d&rsquo;abus de pouvoir dans beaucoup de pays \u00bb, Par cons\u00e9quent la libert\u00e9 des medias est un gage pour la protection de tous les autres droits de l\u2019homme. Tenant compte de tout cela, la Ligue S\u00e9n\u00e9galaise des droits Humains (LSDH) exige sa lib\u00e9ration inconditionnelle \u00bb, souligne Alassane Seck. Samba SY.","og_url":"https:\/\/www.public.sn\/index.php\/2022\/11\/10\/la-lsdh-exige-la-liberation-de-pape-ale\/","og_site_name":"LE PUBLIC","article_published_time":"2022-11-10T15:27:45+00:00","article_modified_time":"2022-11-10T15:27:48+00:00","og_image":[{"width":540,"height":305,"url":"https:\/\/www.public.sn\/wp-content\/uploads\/2022\/11\/aa-2.jpg","type":"image\/jpeg"}],"author":"LA REDACTION","twitter_card":"summary_large_image","twitter_misc":{"\u00c9crit par":"LA REDACTION","Dur\u00e9e de lecture estim\u00e9e":"1 minute"},"schema":{"@context":"https:\/\/schema.org","@graph":[{"@type":"Article","@id":"https:\/\/www.public.sn\/index.php\/2022\/11\/10\/la-lsdh-exige-la-liberation-de-pape-ale\/#article","isPartOf":{"@id":"https:\/\/www.public.sn\/index.php\/2022\/11\/10\/la-lsdh-exige-la-liberation-de-pape-ale\/"},"author":{"name":"LA REDACTION","@id":"https:\/\/www.public.sn\/#\/schema\/person\/cb76c8e1b8becc6be61fb5e92d6d0224"},"headline":"La LSDH exige la lib\u00e9ration de Pape Al\u00e9.","datePublished":"2022-11-10T15:27:45+00:00","dateModified":"2022-11-10T15:27:48+00:00","mainEntityOfPage":{"@id":"https:\/\/www.public.sn\/index.php\/2022\/11\/10\/la-lsdh-exige-la-liberation-de-pape-ale\/"},"wordCount":211,"commentCount":0,"publisher":{"@id":"https:\/\/www.public.sn\/#organization"},"image":{"@id":"https:\/\/www.public.sn\/index.php\/2022\/11\/10\/la-lsdh-exige-la-liberation-de-pape-ale\/#primaryimage"},"thumbnailUrl":"https:\/\/www.public.sn\/wp-content\/uploads\/2022\/11\/aa-2.jpg","keywords":["liberation","lsdh","pape al\u00e9"],"articleSection":["ACTUALIT\u00c9S","M\u00c9DIAS","S\u00c9N\u00c9GAL"],"inLanguage":"fr-FR","potentialAction":[{"@type":"CommentAction","name":"Comment","target":["https:\/\/www.public.sn\/index.php\/2022\/11\/10\/la-lsdh-exige-la-liberation-de-pape-ale\/#respond"]}]},{"@type":"WebPage","@id":"https:\/\/www.public.sn\/index.php\/2022\/11\/10\/la-lsdh-exige-la-liberation-de-pape-ale\/","url":"https:\/\/www.public.sn\/index.php\/2022\/11\/10\/la-lsdh-exige-la-liberation-de-pape-ale\/","name":"La LSDH exige la lib\u00e9ration de Pape Al\u00e9. - LE PUBLIC","isPartOf":{"@id":"https:\/\/www.public.sn\/#website"},"primaryImageOfPage":{"@id":"https:\/\/www.public.sn\/index.php\/2022\/11\/10\/la-lsdh-exige-la-liberation-de-pape-ale\/#primaryimage"},"image":{"@id":"https:\/\/www.public.sn\/index.php\/2022\/11\/10\/la-lsdh-exige-la-liberation-de-pape-ale\/#primaryimage"},"thumbnailUrl":"https:\/\/www.public.sn\/wp-content\/uploads\/2022\/11\/aa-2.jpg","datePublished":"2022-11-10T15:27:45+00:00","dateModified":"2022-11-10T15:27:48+00:00","breadcrumb":{"@id":"https:\/\/www.public.sn\/index.php\/2022\/11\/10\/la-lsdh-exige-la-liberation-de-pape-ale\/#breadcrumb"},"inLanguage":"fr-FR","potentialAction":[{"@type":"ReadAction","target":["https:\/\/www.public.sn\/index.php\/2022\/11\/10\/la-lsdh-exige-la-liberation-de-pape-ale\/"]}]},{"@type":"ImageObject","inLanguage":"fr-FR","@id":"https:\/\/www.public.sn\/index.php\/2022\/11\/10\/la-lsdh-exige-la-liberation-de-pape-ale\/#primaryimage","url":"https:\/\/www.public.sn\/wp-content\/uploads\/2022\/11\/aa-2.jpg","contentUrl":"https:\/\/www.public.sn\/wp-content\/uploads\/2022\/11\/aa-2.jpg","width":540,"height":305,"caption":"publicsn"},{"@type":"BreadcrumbList","@id":"https:\/\/www.public.sn\/index.php\/2022\/11\/10\/la-lsdh-exige-la-liberation-de-pape-ale\/#breadcrumb","itemListElement":[{"@type":"ListItem","position":1,"name":"Accueil","item":"https:\/\/www.public.sn\/"},{"@type":"ListItem","position":2,"name":"La LSDH exige la lib\u00e9ration de Pape Al\u00e9."}]},{"@type":"WebSite","@id":"https:\/\/www.public.sn\/#website","url":"https:\/\/www.public.sn\/","name":"LE PUBLIC","description":"","publisher":{"@id":"https:\/\/www.public.sn\/#organization"},"potentialAction":[{"@type":"SearchAction","target":{"@type":"EntryPoint","urlTemplate":"https:\/\/www.public.sn\/?s={search_term_string}"},"query-input":{"@type":"PropertyValueSpecification","valueRequired":true,"valueName":"search_term_string"}}],"inLanguage":"fr-FR"},{"@type":"Organization","@id":"https:\/\/www.public.sn\/#organization","name":"LE PUBLIC","url":"https:\/\/www.public.sn\/","logo":{"@type":"ImageObject","inLanguage":"fr-FR","@id":"https:\/\/www.public.sn\/#\/schema\/logo\/image\/","url":"https:\/\/www.public.sn\/wp-content\/uploads\/2024\/05\/cropped-LOGO-PUBLIC.SN_.png","contentUrl":"https:\/\/www.public.sn\/wp-content\/uploads\/2024\/05\/cropped-LOGO-PUBLIC.SN_.png","width":682,"height":192,"caption":"LE PUBLIC"},"image":{"@id":"https:\/\/www.public.sn\/#\/schema\/logo\/image\/"}},{"@type":"Person","@id":"https:\/\/www.public.sn\/#\/schema\/person\/cb76c8e1b8becc6be61fb5e92d6d0224","name":"LA REDACTION","image":{"@type":"ImageObject","inLanguage":"fr-FR","@id":"https:\/\/www.public.sn\/#\/schema\/person\/image\/","url":"https:\/\/secure.gravatar.com\/avatar\/2dce5ddd34b8fef0180efe03aa2a9bee7d953856048f9a16b298190a3178407c?s=96&d=mm&r=g","contentUrl":"https:\/\/secure.gravatar.com\/avatar\/2dce5ddd34b8fef0180efe03aa2a9bee7d953856048f9a16b298190a3178407c?s=96&d=mm&r=g","caption":"LA REDACTION"},"url":"https:\/\/www.public.sn\/index.php\/author\/editeurpsn\/"}]}},"jetpack_featured_media_url":"https:\/\/www.public.sn\/wp-content\/uploads\/2022\/11\/aa-2.jpg","jetpack_sharing_enabled":true,"_links":{"self":[{"href":"https:\/\/www.public.sn\/index.php\/wp-json\/wp\/v2\/posts\/7991","targetHints":{"allow":["GET"]}}],"collection":[{"href":"https:\/\/www.public.sn\/index.php\/wp-json\/wp\/v2\/posts"}],"about":[{"href":"https:\/\/www.public.sn\/index.php\/wp-json\/wp\/v2\/types\/post"}],"author":[{"embeddable":true,"href":"https:\/\/www.public.sn\/index.php\/wp-json\/wp\/v2\/users\/7"}],"replies":[{"embeddable":true,"href":"https:\/\/www.public.sn\/index.php\/wp-json\/wp\/v2\/comments?post=7991"}],"version-history":[{"count":2,"href":"https:\/\/www.public.sn\/index.php\/wp-json\/wp\/v2\/posts\/7991\/revisions"}],"predecessor-version":[{"id":7994,"href":"https:\/\/www.public.sn\/index.php\/wp-json\/wp\/v2\/posts\/7991\/revisions\/7994"}],"wp:featuredmedia":[{"embeddable":true,"href":"https:\/\/www.public.sn\/index.php\/wp-json\/wp\/v2\/media\/7992"}],"wp:attachment":[{"href":"https:\/\/www.public.sn\/index.php\/wp-json\/wp\/v2\/media?parent=7991"}],"wp:term":[{"taxonomy":"category","embeddable":true,"href":"https:\/\/www.public.sn\/index.php\/wp-json\/wp\/v2\/categories?post=7991"},{"taxonomy":"post_tag","embeddable":true,"href":"https:\/\/www.public.sn\/index.php\/wp-json\/wp\/v2\/tags?post=7991"}],"curies":[{"name":"wp","href":"https:\/\/api.w.org\/{rel}","templated":true}]}}