{"id":8010,"date":"2022-11-10T17:24:10","date_gmt":"2022-11-10T17:24:10","guid":{"rendered":"https:\/\/www.public.sn\/?p=8010"},"modified":"2022-11-10T17:31:59","modified_gmt":"2022-11-10T17:31:59","slug":"recrudescence-de-la-violence-au-senegal-psychose-generale-chez-les-populations-public-tv","status":"publish","type":"post","link":"https:\/\/www.public.sn\/index.php\/2022\/11\/10\/recrudescence-de-la-violence-au-senegal-psychose-generale-chez-les-populations-public-tv\/","title":{"rendered":"Recrudescence de la violence au S\u00e9n\u00e9gal : Psychose g\u00e9n\u00e9rale chez les populations (Public TV)"},"content":{"rendered":"<p><b>Crimes, viols \u00e0 l\u2019arrach\u00e9 et avec violence, cambriolages, viols, etc. le sentiment d\u2019ins\u00e9curit\u00e9 est grandissant et la psychose g\u00e9n\u00e9rale ou presque chez les populations dans Dakar et sa banlieue. C\u2019est le constat ces derniers temps. Face aux nombreux cas d\u2019agressions d\u00e9cri\u00e9s un peu partout, avec \u00e0 la cl\u00e9 des s\u00e9ries de meurtres, Public.sn va \u00e0 la rencontre des S\u00e9n\u00e9galais qui explosent leurs v\u00e9ritables probl\u00e8mes, les causes de cette violence non sans donner des pistes de solution pour une s\u00e9curit\u00e9 des biens et des personnes.\u00a0\u00a0<\/b><\/p><div class=\"publi-paragraphe1\" style=\"margin-top: 10px;margin-bottom: 10px;margin-left: auto;margin-right: auto;text-align: center;\" id=\"publi-1818007995\"><div class=\"publi-adlabel\">Publicit\u00e9<\/div><script async src=\"\/\/pagead2.googlesyndication.com\/pagead\/js\/adsbygoogle.js?client=ca-pub-4089586018074219\" crossorigin=\"anonymous\"><\/script><ins class=\"adsbygoogle\" style=\"display:block;\" data-ad-client=\"ca-pub-4089586018074219\" \ndata-ad-slot=\"2087940154\" \ndata-ad-format=\"auto\"><\/ins>\n<script> \n(adsbygoogle = window.adsbygoogle || []).push({}); \n<\/script>\n<\/div>\n<p><strong>Suivez ce micro trottoir !<\/strong><\/p>\n<p><iframe title=\"Triste ce que vivent les S\u00e9n\u00e9galais, ces mots qui toucheront plus d'un. Regardez !\" src=\"https:\/\/www.youtube.com\/embed\/7qygQvjLP9s\" width=\"727\" height=\"409\" frameborder=\"0\" allowfullscreen=\"allowfullscreen\"><\/iframe><br \/>\nMaimouna Niang.<\/p>\n<div class=\"publi-apres-le-contenu\" style=\"margin-top: 10px;margin-bottom: 10px;margin-left: auto;margin-right: auto;text-align: center;\" id=\"publi-2857541909\"><div class=\"publi-adlabel\">Publicit\u00e9<\/div><script async src=\"\/\/pagead2.googlesyndication.com\/pagead\/js\/adsbygoogle.js?client=ca-pub-4089586018074219\" crossorigin=\"anonymous\"><\/script><ins class=\"adsbygoogle\" style=\"display:block;\" data-ad-client=\"ca-pub-4089586018074219\" \ndata-ad-slot=\"2087940154\" \ndata-ad-format=\"auto\"><\/ins>\n<script> \n(adsbygoogle = window.adsbygoogle || []).push({}); \n<\/script>\n<\/div>","protected":false},"excerpt":{"rendered":"<p>Crimes, viols \u00e0 l\u2019arrach\u00e9 et avec violence, cambriolages, viols, etc. le sentiment d\u2019ins\u00e9curit\u00e9 est grandissant et la psychose g\u00e9n\u00e9rale ou presque chez les populations dans Dakar et sa banlieue. C\u2019est le constat ces derniers temps. Face aux nombreux cas d\u2019agressions d\u00e9cri\u00e9s un peu partout, avec \u00e0 la cl\u00e9 des s\u00e9ries de meurtres, Public.sn va \u00e0 la rencontre des S\u00e9n\u00e9galais qui explosent leurs v\u00e9ritables probl\u00e8mes, les causes de cette violence non sans donner des pistes de solution pour une s\u00e9curit\u00e9 des biens et des personnes.\u00a0\u00a0 Suivez ce micro trottoir ! Maimouna Niang.<\/p>\n","protected":false},"author":1,"featured_media":8043,"comment_status":"open","ping_status":"open","sticky":false,"template":"","format":"standard","meta":{"_jetpack_memberships_contains_paid_content":false,"footnotes":""},"categories":[375,8,1,4,6],"tags":[2730,2083,2729],"class_list":["post-8010","post","type-post","status-publish","format-standard","has-post-thumbnail","hentry","category-actualites","category-public-tv","category-non-classe","category-societe","category-videos","tag-causes-et-solutions","tag-senegalais-2","tag-violenc","entry","has-media","owp-thumbs-layout-horizontal","owp-btn-normal","owp-tabs-layout-horizontal","has-no-thumbnails","has-product-nav"],"yoast_head":"<!-- This site is optimized with the Yoast SEO plugin v25.5 - https:\/\/yoast.com\/wordpress\/plugins\/seo\/ -->\n<title>Recrudescence de la violence au S\u00e9n\u00e9gal : Psychose g\u00e9n\u00e9rale chez les populations (Public TV) - LE PUBLIC<\/title>\n<meta name=\"robots\" content=\"index, follow, max-snippet:-1, max-image-preview:large, max-video-preview:-1\" \/>\n<link rel=\"canonical\" href=\"https:\/\/www.public.sn\/index.php\/2022\/11\/10\/recrudescence-de-la-violence-au-senegal-psychose-generale-chez-les-populations-public-tv\/\" \/>\n<meta property=\"og:locale\" content=\"fr_FR\" \/>\n<meta property=\"og:type\" content=\"article\" \/>\n<meta property=\"og:title\" content=\"Recrudescence de la violence au S\u00e9n\u00e9gal : Psychose g\u00e9n\u00e9rale chez les populations (Public TV) - LE PUBLIC\" \/>\n<meta property=\"og:description\" content=\"Crimes, viols \u00e0 l\u2019arrach\u00e9 et avec violence, cambriolages, viols, etc. le sentiment d\u2019ins\u00e9curit\u00e9 est grandissant et la psychose g\u00e9n\u00e9rale ou presque chez les populations dans Dakar et sa banlieue. C\u2019est le constat ces derniers temps. Face aux nombreux cas d\u2019agressions d\u00e9cri\u00e9s un peu partout, avec \u00e0 la cl\u00e9 des s\u00e9ries de meurtres, Public.sn va \u00e0 la rencontre des S\u00e9n\u00e9galais qui explosent leurs v\u00e9ritables probl\u00e8mes, les causes de cette violence non sans donner des pistes de solution pour une s\u00e9curit\u00e9 des biens et des personnes.\u00a0\u00a0 Suivez ce micro trottoir ! Maimouna Niang.\" \/>\n<meta property=\"og:url\" content=\"https:\/\/www.public.sn\/index.php\/2022\/11\/10\/recrudescence-de-la-violence-au-senegal-psychose-generale-chez-les-populations-public-tv\/\" \/>\n<meta property=\"og:site_name\" content=\"LE PUBLIC\" \/>\n<meta property=\"article:published_time\" content=\"2022-11-10T17:24:10+00:00\" \/>\n<meta property=\"article:modified_time\" content=\"2022-11-10T17:31:59+00:00\" \/>\n<meta property=\"og:image\" content=\"https:\/\/www.public.sn\/wp-content\/uploads\/2022\/11\/Sans-titre-2.jpg\" \/>\n\t<meta property=\"og:image:width\" content=\"1366\" \/>\n\t<meta property=\"og:image:height\" content=\"768\" \/>\n\t<meta property=\"og:image:type\" content=\"image\/jpeg\" \/>\n<meta name=\"author\" content=\"LA REDACTION\" \/>\n<meta name=\"twitter:card\" content=\"summary_large_image\" \/>\n<meta name=\"twitter:label1\" content=\"\u00c9crit par\" \/>\n\t<meta name=\"twitter:data1\" content=\"LA REDACTION\" \/>\n\t<meta name=\"twitter:label2\" content=\"Dur\u00e9e de lecture estim\u00e9e\" \/>\n\t<meta name=\"twitter:data2\" content=\"1 minute\" \/>\n<script type=\"application\/ld+json\" class=\"yoast-schema-graph\">{\"@context\":\"https:\/\/schema.org\",\"@graph\":[{\"@type\":\"Article\",\"@id\":\"https:\/\/www.public.sn\/index.php\/2022\/11\/10\/recrudescence-de-la-violence-au-senegal-psychose-generale-chez-les-populations-public-tv\/#article\",\"isPartOf\":{\"@id\":\"https:\/\/www.public.sn\/index.php\/2022\/11\/10\/recrudescence-de-la-violence-au-senegal-psychose-generale-chez-les-populations-public-tv\/\"},\"author\":{\"name\":\"LA REDACTION\",\"@id\":\"https:\/\/www.public.sn\/#\/schema\/person\/e3f4a11b037d4203902db148f9bc8d5a\"},\"headline\":\"Recrudescence de la violence au S\u00e9n\u00e9gal : Psychose g\u00e9n\u00e9rale chez les populations (Public TV)\",\"datePublished\":\"2022-11-10T17:24:10+00:00\",\"dateModified\":\"2022-11-10T17:31:59+00:00\",\"mainEntityOfPage\":{\"@id\":\"https:\/\/www.public.sn\/index.php\/2022\/11\/10\/recrudescence-de-la-violence-au-senegal-psychose-generale-chez-les-populations-public-tv\/\"},\"wordCount\":120,\"commentCount\":0,\"publisher\":{\"@id\":\"https:\/\/www.public.sn\/#organization\"},\"image\":{\"@id\":\"https:\/\/www.public.sn\/index.php\/2022\/11\/10\/recrudescence-de-la-violence-au-senegal-psychose-generale-chez-les-populations-public-tv\/#primaryimage\"},\"thumbnailUrl\":\"https:\/\/www.public.sn\/wp-content\/uploads\/2022\/11\/Sans-titre-2.jpg\",\"keywords\":[\"causes et solutions\",\"senegalais\",\"violenc\"],\"articleSection\":[\"ACTUALIT\u00c9S\",\"PUBLIC TV\",\"S\u00c9N\u00c9GAL\",\"SOCIETE\",\"VIDEOS\"],\"inLanguage\":\"fr-FR\",\"potentialAction\":[{\"@type\":\"CommentAction\",\"name\":\"Comment\",\"target\":[\"https:\/\/www.public.sn\/index.php\/2022\/11\/10\/recrudescence-de-la-violence-au-senegal-psychose-generale-chez-les-populations-public-tv\/#respond\"]}]},{\"@type\":\"WebPage\",\"@id\":\"https:\/\/www.public.sn\/index.php\/2022\/11\/10\/recrudescence-de-la-violence-au-senegal-psychose-generale-chez-les-populations-public-tv\/\",\"url\":\"https:\/\/www.public.sn\/index.php\/2022\/11\/10\/recrudescence-de-la-violence-au-senegal-psychose-generale-chez-les-populations-public-tv\/\",\"name\":\"Recrudescence de la violence au S\u00e9n\u00e9gal : Psychose g\u00e9n\u00e9rale chez les populations (Public TV) - LE PUBLIC\",\"isPartOf\":{\"@id\":\"https:\/\/www.public.sn\/#website\"},\"primaryImageOfPage\":{\"@id\":\"https:\/\/www.public.sn\/index.php\/2022\/11\/10\/recrudescence-de-la-violence-au-senegal-psychose-generale-chez-les-populations-public-tv\/#primaryimage\"},\"image\":{\"@id\":\"https:\/\/www.public.sn\/index.php\/2022\/11\/10\/recrudescence-de-la-violence-au-senegal-psychose-generale-chez-les-populations-public-tv\/#primaryimage\"},\"thumbnailUrl\":\"https:\/\/www.public.sn\/wp-content\/uploads\/2022\/11\/Sans-titre-2.jpg\",\"datePublished\":\"2022-11-10T17:24:10+00:00\",\"dateModified\":\"2022-11-10T17:31:59+00:00\",\"breadcrumb\":{\"@id\":\"https:\/\/www.public.sn\/index.php\/2022\/11\/10\/recrudescence-de-la-violence-au-senegal-psychose-generale-chez-les-populations-public-tv\/#breadcrumb\"},\"inLanguage\":\"fr-FR\",\"potentialAction\":[{\"@type\":\"ReadAction\",\"target\":[\"https:\/\/www.public.sn\/index.php\/2022\/11\/10\/recrudescence-de-la-violence-au-senegal-psychose-generale-chez-les-populations-public-tv\/\"]}]},{\"@type\":\"ImageObject\",\"inLanguage\":\"fr-FR\",\"@id\":\"https:\/\/www.public.sn\/index.php\/2022\/11\/10\/recrudescence-de-la-violence-au-senegal-psychose-generale-chez-les-populations-public-tv\/#primaryimage\",\"url\":\"https:\/\/www.public.sn\/wp-content\/uploads\/2022\/11\/Sans-titre-2.jpg\",\"contentUrl\":\"https:\/\/www.public.sn\/wp-content\/uploads\/2022\/11\/Sans-titre-2.jpg\",\"width\":1366,\"height\":768,\"caption\":\"publisn\"},{\"@type\":\"BreadcrumbList\",\"@id\":\"https:\/\/www.public.sn\/index.php\/2022\/11\/10\/recrudescence-de-la-violence-au-senegal-psychose-generale-chez-les-populations-public-tv\/#breadcrumb\",\"itemListElement\":[{\"@type\":\"ListItem\",\"position\":1,\"name\":\"Accueil\",\"item\":\"https:\/\/www.public.sn\/\"},{\"@type\":\"ListItem\",\"position\":2,\"name\":\"Recrudescence de la violence au S\u00e9n\u00e9gal : Psychose g\u00e9n\u00e9rale chez les populations (Public TV)\"}]},{\"@type\":\"WebSite\",\"@id\":\"https:\/\/www.public.sn\/#website\",\"url\":\"https:\/\/www.public.sn\/\",\"name\":\"LE PUBLIC\",\"description\":\"\",\"publisher\":{\"@id\":\"https:\/\/www.public.sn\/#organization\"},\"potentialAction\":[{\"@type\":\"SearchAction\",\"target\":{\"@type\":\"EntryPoint\",\"urlTemplate\":\"https:\/\/www.public.sn\/?s={search_term_string}\"},\"query-input\":{\"@type\":\"PropertyValueSpecification\",\"valueRequired\":true,\"valueName\":\"search_term_string\"}}],\"inLanguage\":\"fr-FR\"},{\"@type\":\"Organization\",\"@id\":\"https:\/\/www.public.sn\/#organization\",\"name\":\"LE PUBLIC\",\"url\":\"https:\/\/www.public.sn\/\",\"logo\":{\"@type\":\"ImageObject\",\"inLanguage\":\"fr-FR\",\"@id\":\"https:\/\/www.public.sn\/#\/schema\/logo\/image\/\",\"url\":\"https:\/\/www.public.sn\/wp-content\/uploads\/2024\/05\/cropped-LOGO-PUBLIC.SN_.png\",\"contentUrl\":\"https:\/\/www.public.sn\/wp-content\/uploads\/2024\/05\/cropped-LOGO-PUBLIC.SN_.png\",\"width\":682,\"height\":192,\"caption\":\"LE PUBLIC\"},\"image\":{\"@id\":\"https:\/\/www.public.sn\/#\/schema\/logo\/image\/\"}},{\"@type\":\"Person\",\"@id\":\"https:\/\/www.public.sn\/#\/schema\/person\/e3f4a11b037d4203902db148f9bc8d5a\",\"name\":\"LA REDACTION\",\"image\":{\"@type\":\"ImageObject\",\"inLanguage\":\"fr-FR\",\"@id\":\"https:\/\/www.public.sn\/#\/schema\/person\/image\/\",\"url\":\"https:\/\/secure.gravatar.com\/avatar\/d6c030db45db2883c075085c5d6c6258654a801a93766b49af0b82d4f454e2a5?s=96&d=mm&r=g\",\"contentUrl\":\"https:\/\/secure.gravatar.com\/avatar\/d6c030db45db2883c075085c5d6c6258654a801a93766b49af0b82d4f454e2a5?s=96&d=mm&r=g\",\"caption\":\"LA REDACTION\"},\"sameAs\":[\"http:\/\/www.public.sn\"],\"url\":\"https:\/\/www.public.sn\/index.php\/author\/admin7324\/\"}]}<\/script>\n<!-- \/ Yoast SEO plugin. -->","yoast_head_json":{"title":"Recrudescence de la violence au S\u00e9n\u00e9gal : Psychose g\u00e9n\u00e9rale chez les populations (Public TV) - LE PUBLIC","robots":{"index":"index","follow":"follow","max-snippet":"max-snippet:-1","max-image-preview":"max-image-preview:large","max-video-preview":"max-video-preview:-1"},"canonical":"https:\/\/www.public.sn\/index.php\/2022\/11\/10\/recrudescence-de-la-violence-au-senegal-psychose-generale-chez-les-populations-public-tv\/","og_locale":"fr_FR","og_type":"article","og_title":"Recrudescence de la violence au S\u00e9n\u00e9gal : Psychose g\u00e9n\u00e9rale chez les populations (Public TV) - LE PUBLIC","og_description":"Crimes, viols \u00e0 l\u2019arrach\u00e9 et avec violence, cambriolages, viols, etc. le sentiment d\u2019ins\u00e9curit\u00e9 est grandissant et la psychose g\u00e9n\u00e9rale ou presque chez les populations dans Dakar et sa banlieue. C\u2019est le constat ces derniers temps. Face aux nombreux cas d\u2019agressions d\u00e9cri\u00e9s un peu partout, avec \u00e0 la cl\u00e9 des s\u00e9ries de meurtres, Public.sn va \u00e0 la rencontre des S\u00e9n\u00e9galais qui explosent leurs v\u00e9ritables probl\u00e8mes, les causes de cette violence non sans donner des pistes de solution pour une s\u00e9curit\u00e9 des biens et des personnes.\u00a0\u00a0 Suivez ce micro trottoir ! Maimouna Niang.","og_url":"https:\/\/www.public.sn\/index.php\/2022\/11\/10\/recrudescence-de-la-violence-au-senegal-psychose-generale-chez-les-populations-public-tv\/","og_site_name":"LE PUBLIC","article_published_time":"2022-11-10T17:24:10+00:00","article_modified_time":"2022-11-10T17:31:59+00:00","og_image":[{"width":1366,"height":768,"url":"https:\/\/www.public.sn\/wp-content\/uploads\/2022\/11\/Sans-titre-2.jpg","type":"image\/jpeg"}],"author":"LA REDACTION","twitter_card":"summary_large_image","twitter_misc":{"\u00c9crit par":"LA REDACTION","Dur\u00e9e de lecture estim\u00e9e":"1 minute"},"schema":{"@context":"https:\/\/schema.org","@graph":[{"@type":"Article","@id":"https:\/\/www.public.sn\/index.php\/2022\/11\/10\/recrudescence-de-la-violence-au-senegal-psychose-generale-chez-les-populations-public-tv\/#article","isPartOf":{"@id":"https:\/\/www.public.sn\/index.php\/2022\/11\/10\/recrudescence-de-la-violence-au-senegal-psychose-generale-chez-les-populations-public-tv\/"},"author":{"name":"LA REDACTION","@id":"https:\/\/www.public.sn\/#\/schema\/person\/e3f4a11b037d4203902db148f9bc8d5a"},"headline":"Recrudescence de la violence au S\u00e9n\u00e9gal : Psychose g\u00e9n\u00e9rale chez les populations (Public TV)","datePublished":"2022-11-10T17:24:10+00:00","dateModified":"2022-11-10T17:31:59+00:00","mainEntityOfPage":{"@id":"https:\/\/www.public.sn\/index.php\/2022\/11\/10\/recrudescence-de-la-violence-au-senegal-psychose-generale-chez-les-populations-public-tv\/"},"wordCount":120,"commentCount":0,"publisher":{"@id":"https:\/\/www.public.sn\/#organization"},"image":{"@id":"https:\/\/www.public.sn\/index.php\/2022\/11\/10\/recrudescence-de-la-violence-au-senegal-psychose-generale-chez-les-populations-public-tv\/#primaryimage"},"thumbnailUrl":"https:\/\/www.public.sn\/wp-content\/uploads\/2022\/11\/Sans-titre-2.jpg","keywords":["causes et solutions","senegalais","violenc"],"articleSection":["ACTUALIT\u00c9S","PUBLIC TV","S\u00c9N\u00c9GAL","SOCIETE","VIDEOS"],"inLanguage":"fr-FR","potentialAction":[{"@type":"CommentAction","name":"Comment","target":["https:\/\/www.public.sn\/index.php\/2022\/11\/10\/recrudescence-de-la-violence-au-senegal-psychose-generale-chez-les-populations-public-tv\/#respond"]}]},{"@type":"WebPage","@id":"https:\/\/www.public.sn\/index.php\/2022\/11\/10\/recrudescence-de-la-violence-au-senegal-psychose-generale-chez-les-populations-public-tv\/","url":"https:\/\/www.public.sn\/index.php\/2022\/11\/10\/recrudescence-de-la-violence-au-senegal-psychose-generale-chez-les-populations-public-tv\/","name":"Recrudescence de la violence au S\u00e9n\u00e9gal : Psychose g\u00e9n\u00e9rale chez les populations (Public TV) - LE PUBLIC","isPartOf":{"@id":"https:\/\/www.public.sn\/#website"},"primaryImageOfPage":{"@id":"https:\/\/www.public.sn\/index.php\/2022\/11\/10\/recrudescence-de-la-violence-au-senegal-psychose-generale-chez-les-populations-public-tv\/#primaryimage"},"image":{"@id":"https:\/\/www.public.sn\/index.php\/2022\/11\/10\/recrudescence-de-la-violence-au-senegal-psychose-generale-chez-les-populations-public-tv\/#primaryimage"},"thumbnailUrl":"https:\/\/www.public.sn\/wp-content\/uploads\/2022\/11\/Sans-titre-2.jpg","datePublished":"2022-11-10T17:24:10+00:00","dateModified":"2022-11-10T17:31:59+00:00","breadcrumb":{"@id":"https:\/\/www.public.sn\/index.php\/2022\/11\/10\/recrudescence-de-la-violence-au-senegal-psychose-generale-chez-les-populations-public-tv\/#breadcrumb"},"inLanguage":"fr-FR","potentialAction":[{"@type":"ReadAction","target":["https:\/\/www.public.sn\/index.php\/2022\/11\/10\/recrudescence-de-la-violence-au-senegal-psychose-generale-chez-les-populations-public-tv\/"]}]},{"@type":"ImageObject","inLanguage":"fr-FR","@id":"https:\/\/www.public.sn\/index.php\/2022\/11\/10\/recrudescence-de-la-violence-au-senegal-psychose-generale-chez-les-populations-public-tv\/#primaryimage","url":"https:\/\/www.public.sn\/wp-content\/uploads\/2022\/11\/Sans-titre-2.jpg","contentUrl":"https:\/\/www.public.sn\/wp-content\/uploads\/2022\/11\/Sans-titre-2.jpg","width":1366,"height":768,"caption":"publisn"},{"@type":"BreadcrumbList","@id":"https:\/\/www.public.sn\/index.php\/2022\/11\/10\/recrudescence-de-la-violence-au-senegal-psychose-generale-chez-les-populations-public-tv\/#breadcrumb","itemListElement":[{"@type":"ListItem","position":1,"name":"Accueil","item":"https:\/\/www.public.sn\/"},{"@type":"ListItem","position":2,"name":"Recrudescence de la violence au S\u00e9n\u00e9gal : Psychose g\u00e9n\u00e9rale chez les populations (Public TV)"}]},{"@type":"WebSite","@id":"https:\/\/www.public.sn\/#website","url":"https:\/\/www.public.sn\/","name":"LE PUBLIC","description":"","publisher":{"@id":"https:\/\/www.public.sn\/#organization"},"potentialAction":[{"@type":"SearchAction","target":{"@type":"EntryPoint","urlTemplate":"https:\/\/www.public.sn\/?s={search_term_string}"},"query-input":{"@type":"PropertyValueSpecification","valueRequired":true,"valueName":"search_term_string"}}],"inLanguage":"fr-FR"},{"@type":"Organization","@id":"https:\/\/www.public.sn\/#organization","name":"LE PUBLIC","url":"https:\/\/www.public.sn\/","logo":{"@type":"ImageObject","inLanguage":"fr-FR","@id":"https:\/\/www.public.sn\/#\/schema\/logo\/image\/","url":"https:\/\/www.public.sn\/wp-content\/uploads\/2024\/05\/cropped-LOGO-PUBLIC.SN_.png","contentUrl":"https:\/\/www.public.sn\/wp-content\/uploads\/2024\/05\/cropped-LOGO-PUBLIC.SN_.png","width":682,"height":192,"caption":"LE PUBLIC"},"image":{"@id":"https:\/\/www.public.sn\/#\/schema\/logo\/image\/"}},{"@type":"Person","@id":"https:\/\/www.public.sn\/#\/schema\/person\/e3f4a11b037d4203902db148f9bc8d5a","name":"LA REDACTION","image":{"@type":"ImageObject","inLanguage":"fr-FR","@id":"https:\/\/www.public.sn\/#\/schema\/person\/image\/","url":"https:\/\/secure.gravatar.com\/avatar\/d6c030db45db2883c075085c5d6c6258654a801a93766b49af0b82d4f454e2a5?s=96&d=mm&r=g","contentUrl":"https:\/\/secure.gravatar.com\/avatar\/d6c030db45db2883c075085c5d6c6258654a801a93766b49af0b82d4f454e2a5?s=96&d=mm&r=g","caption":"LA REDACTION"},"sameAs":["http:\/\/www.public.sn"],"url":"https:\/\/www.public.sn\/index.php\/author\/admin7324\/"}]}},"jetpack_featured_media_url":"https:\/\/www.public.sn\/wp-content\/uploads\/2022\/11\/Sans-titre-2.jpg","jetpack_sharing_enabled":true,"_links":{"self":[{"href":"https:\/\/www.public.sn\/index.php\/wp-json\/wp\/v2\/posts\/8010","targetHints":{"allow":["GET"]}}],"collection":[{"href":"https:\/\/www.public.sn\/index.php\/wp-json\/wp\/v2\/posts"}],"about":[{"href":"https:\/\/www.public.sn\/index.php\/wp-json\/wp\/v2\/types\/post"}],"author":[{"embeddable":true,"href":"https:\/\/www.public.sn\/index.php\/wp-json\/wp\/v2\/users\/1"}],"replies":[{"embeddable":true,"href":"https:\/\/www.public.sn\/index.php\/wp-json\/wp\/v2\/comments?post=8010"}],"version-history":[{"count":9,"href":"https:\/\/www.public.sn\/index.php\/wp-json\/wp\/v2\/posts\/8010\/revisions"}],"predecessor-version":[{"id":8052,"href":"https:\/\/www.public.sn\/index.php\/wp-json\/wp\/v2\/posts\/8010\/revisions\/8052"}],"wp:featuredmedia":[{"embeddable":true,"href":"https:\/\/www.public.sn\/index.php\/wp-json\/wp\/v2\/media\/8043"}],"wp:attachment":[{"href":"https:\/\/www.public.sn\/index.php\/wp-json\/wp\/v2\/media?parent=8010"}],"wp:term":[{"taxonomy":"category","embeddable":true,"href":"https:\/\/www.public.sn\/index.php\/wp-json\/wp\/v2\/categories?post=8010"},{"taxonomy":"post_tag","embeddable":true,"href":"https:\/\/www.public.sn\/index.php\/wp-json\/wp\/v2\/tags?post=8010"}],"curies":[{"name":"wp","href":"https:\/\/api.w.org\/{rel}","templated":true}]}}