{"id":8029,"date":"2022-11-10T16:44:05","date_gmt":"2022-11-10T16:44:05","guid":{"rendered":"https:\/\/www.public.sn\/?p=8029"},"modified":"2022-11-10T18:27:53","modified_gmt":"2022-11-10T18:27:53","slug":"incroyable-liberee-de-prison-cette-fille-attaque-severement-macky-mala-eup-fiite-public-tv","status":"publish","type":"post","link":"https:\/\/www.public.sn\/index.php\/2022\/11\/10\/incroyable-liberee-de-prison-cette-fille-attaque-severement-macky-mala-eup-fiite-public-tv\/","title":{"rendered":"Incroyable, lib\u00e9r\u00e9e de prison, cette fille attaque s\u00e9v\u00e8rement Macky\u00a0: \u00ab mala eup fiite \u2026\u00bb (Public TV)"},"content":{"rendered":"\n<p><\/p>\n\n\n\n<p><strong>Lors de la manifestation de COLIDEP non autoris\u00e9e par le pr\u00e9fet de Dakar samedi dernier, 17 membres du &nbsp;collectif &nbsp;dont &nbsp;Yolande Camara ont \u00e9t\u00e9 arr\u00eat\u00e9s. &nbsp;<\/strong><\/p><div class=\"publi-paragraphe1\" style=\"margin-top: 10px;margin-bottom: 10px;margin-left: auto;margin-right: auto;text-align: center;\" id=\"publi-3579292080\"><div class=\"publi-adlabel\">Publicit\u00e9<\/div><script async src=\"\/\/pagead2.googlesyndication.com\/pagead\/js\/adsbygoogle.js?client=ca-pub-4089586018074219\" crossorigin=\"anonymous\"><\/script><ins class=\"adsbygoogle\" style=\"display:block;\" data-ad-client=\"ca-pub-4089586018074219\" \ndata-ad-slot=\"2087940154\" \ndata-ad-format=\"auto\"><\/ins>\n<script> \n(adsbygoogle = window.adsbygoogle || []).push({}); \n<\/script>\n<\/div>\n\n\n\n<p>En conf\u00e9rence de presse ce mercredi, le COLIDEP n\u2019a pas rat\u00e9 le r\u00e9gime en place. Yolande Camara qui a pris part \u00e0 la conf\u00e9rence a attaqu\u00e9 vivement le pr\u00e9sident Macky Sall.<\/p>\n\n\n\n<p>&nbsp;\u00ab&nbsp;<em>On nous a tortur\u00e9e, et &nbsp;m\u2019ont isol\u00e9e seule \u00e0 la brigade de Plateau pour faire me &nbsp;peur et que personne ne puisse me voire. Mais il faut qu\u2019il sache quelque chose il m\u2019a aid\u00e9 \u00e0 d\u00e9couvrir la prison, parce que je d\u00e9fends des gens qui sont en en d\u00e9tention sans pour autant connaitre ce qu\u2019ils endurent. Donc c\u2019\u00e9tait l\u2019occasion pour moi de d\u00e9couvrir la prison. Macky Sall sache que je suis plus brave que toi je n\u2019ai pas peur de la prison contrairement \u00e0 toi&#8230;&nbsp;<\/em>\u00bb, peste t &#8211; elle.<\/p>\n\n\n\n<p>Poursuivant la jeune dame revient sur l\u2019arrestation Pape Al\u00e9 Niang, \u00ab&nbsp;c<em>\u2019est l\u2019arrestation de Pape Al\u00e9 Niang qui nous a sauv\u00e9 parce que Macky Sall ne peut &nbsp;pas avoir deux patates chaudes \u00e0 la main&nbsp; c\u2019est ce qui fait l\u2019objet de notre lib\u00e9ration<\/em>&nbsp;\u00bb.<\/p>\n\n\n\n<p><iframe width=\"868\" height=\"488\" src=\"https:\/\/www.youtube.com\/embed\/G1wAncx_sEI\" title=\"Incroyable, lib\u00e9r\u00e9e de prison, cette fille attaque s\u00e9v\u00e8rement Macky Sall \u00abMala eupp fiit fouff \u00bb\" frameborder=\"0\" allow=\"accelerometer; autoplay; clipboard-write; encrypted-media; gyroscope; picture-in-picture\" allowfullscreen=\"\"><\/iframe>\n<p><strong>Mame Marie THIAM<\/strong><\/p><\/p>\n<div class=\"publi-apres-le-contenu\" style=\"margin-top: 10px;margin-bottom: 10px;margin-left: auto;margin-right: auto;text-align: center;\" id=\"publi-3399655824\"><div class=\"publi-adlabel\">Publicit\u00e9<\/div><script async src=\"\/\/pagead2.googlesyndication.com\/pagead\/js\/adsbygoogle.js?client=ca-pub-4089586018074219\" crossorigin=\"anonymous\"><\/script><ins class=\"adsbygoogle\" style=\"display:block;\" data-ad-client=\"ca-pub-4089586018074219\" \ndata-ad-slot=\"2087940154\" \ndata-ad-format=\"auto\"><\/ins>\n<script> \n(adsbygoogle = window.adsbygoogle || []).push({}); \n<\/script>\n<\/div>","protected":false},"excerpt":{"rendered":"<p>Lors de la manifestation de COLIDEP non autoris\u00e9e par le pr\u00e9fet de Dakar samedi dernier, 17 membres du &nbsp;collectif &nbsp;dont &nbsp;Yolande Camara ont \u00e9t\u00e9 arr\u00eat\u00e9s. &nbsp; En conf\u00e9rence de presse ce mercredi, le COLIDEP n\u2019a pas rat\u00e9 le r\u00e9gime en place. Yolande Camara qui a pris part \u00e0 la conf\u00e9rence a attaqu\u00e9 vivement le pr\u00e9sident Macky Sall. &nbsp;\u00ab&nbsp;On nous a tortur\u00e9e, et &nbsp;m\u2019ont isol\u00e9e seule \u00e0 la brigade de Plateau pour faire me &nbsp;peur et que personne ne puisse me voire. Mais il faut qu\u2019il sache quelque chose il m\u2019a aid\u00e9 \u00e0 d\u00e9couvrir la prison, parce que je d\u00e9fends des gens qui sont en en d\u00e9tention sans pour autant connaitre ce qu\u2019ils endurent. Donc c\u2019\u00e9tait l\u2019occasion pour moi de d\u00e9couvrir la prison. Macky Sall sache que je suis plus brave que toi je n\u2019ai pas peur de la prison contrairement \u00e0 toi&#8230;&nbsp;\u00bb, peste t &#8211; elle. Poursuivant la jeune dame revient sur l\u2019arrestation Pape Al\u00e9 Niang, \u00ab&nbsp;c\u2019est l\u2019arrestation de Pape Al\u00e9 Niang qui nous a sauv\u00e9 parce que Macky Sall ne peut &nbsp;pas avoir deux patates chaudes \u00e0 la main&nbsp; c\u2019est ce qui fait l\u2019objet de notre lib\u00e9ration&nbsp;\u00bb. Mame Marie THIAM<\/p>\n","protected":false},"author":7,"featured_media":8030,"comment_status":"open","ping_status":"open","sticky":false,"template":"","format":"standard","meta":{"_jetpack_memberships_contains_paid_content":false,"footnotes":""},"categories":[375,3,8,1,4],"tags":[526,1950,2721],"class_list":["post-8029","post","type-post","status-publish","format-standard","has-post-thumbnail","hentry","category-actualites","category-politique","category-public-tv","category-non-classe","category-societe","tag-attaque","tag-macky","tag-yolande-camara","entry","has-media","owp-thumbs-layout-horizontal","owp-btn-normal","owp-tabs-layout-horizontal","has-no-thumbnails","has-product-nav"],"yoast_head":"<!-- This site is optimized with the Yoast SEO plugin v25.5 - https:\/\/yoast.com\/wordpress\/plugins\/seo\/ -->\n<title>Incroyable, lib\u00e9r\u00e9e de prison, cette fille attaque s\u00e9v\u00e8rement Macky\u00a0: \u00ab mala eup fiite \u2026\u00bb (Public TV) - LE PUBLIC<\/title>\n<meta name=\"robots\" content=\"index, follow, max-snippet:-1, max-image-preview:large, max-video-preview:-1\" \/>\n<link rel=\"canonical\" href=\"https:\/\/www.public.sn\/index.php\/2022\/11\/10\/incroyable-liberee-de-prison-cette-fille-attaque-severement-macky-mala-eup-fiite-public-tv\/\" \/>\n<meta property=\"og:locale\" content=\"fr_FR\" \/>\n<meta property=\"og:type\" content=\"article\" \/>\n<meta property=\"og:title\" content=\"Incroyable, lib\u00e9r\u00e9e de prison, cette fille attaque s\u00e9v\u00e8rement Macky\u00a0: \u00ab mala eup fiite \u2026\u00bb (Public TV) - LE PUBLIC\" \/>\n<meta property=\"og:description\" content=\"Lors de la manifestation de COLIDEP non autoris\u00e9e par le pr\u00e9fet de Dakar samedi dernier, 17 membres du &nbsp;collectif &nbsp;dont &nbsp;Yolande Camara ont \u00e9t\u00e9 arr\u00eat\u00e9s. &nbsp; En conf\u00e9rence de presse ce mercredi, le COLIDEP n\u2019a pas rat\u00e9 le r\u00e9gime en place. Yolande Camara qui a pris part \u00e0 la conf\u00e9rence a attaqu\u00e9 vivement le pr\u00e9sident Macky Sall. &nbsp;\u00ab&nbsp;On nous a tortur\u00e9e, et &nbsp;m\u2019ont isol\u00e9e seule \u00e0 la brigade de Plateau pour faire me &nbsp;peur et que personne ne puisse me voire. Mais il faut qu\u2019il sache quelque chose il m\u2019a aid\u00e9 \u00e0 d\u00e9couvrir la prison, parce que je d\u00e9fends des gens qui sont en en d\u00e9tention sans pour autant connaitre ce qu\u2019ils endurent. Donc c\u2019\u00e9tait l\u2019occasion pour moi de d\u00e9couvrir la prison. Macky Sall sache que je suis plus brave que toi je n\u2019ai pas peur de la prison contrairement \u00e0 toi&#8230;&nbsp;\u00bb, peste t &#8211; elle. Poursuivant la jeune dame revient sur l\u2019arrestation Pape Al\u00e9 Niang, \u00ab&nbsp;c\u2019est l\u2019arrestation de Pape Al\u00e9 Niang qui nous a sauv\u00e9 parce que Macky Sall ne peut &nbsp;pas avoir deux patates chaudes \u00e0 la main&nbsp; c\u2019est ce qui fait l\u2019objet de notre lib\u00e9ration&nbsp;\u00bb. Mame Marie THIAM\" \/>\n<meta property=\"og:url\" content=\"https:\/\/www.public.sn\/index.php\/2022\/11\/10\/incroyable-liberee-de-prison-cette-fille-attaque-severement-macky-mala-eup-fiite-public-tv\/\" \/>\n<meta property=\"og:site_name\" content=\"LE PUBLIC\" \/>\n<meta property=\"article:published_time\" content=\"2022-11-10T16:44:05+00:00\" \/>\n<meta property=\"article:modified_time\" content=\"2022-11-10T18:27:53+00:00\" \/>\n<meta property=\"og:image\" content=\"https:\/\/www.public.sn\/wp-content\/uploads\/2022\/11\/yolande.png\" \/>\n\t<meta property=\"og:image:width\" content=\"505\" \/>\n\t<meta property=\"og:image:height\" content=\"325\" \/>\n\t<meta property=\"og:image:type\" content=\"image\/png\" \/>\n<meta name=\"author\" content=\"LA REDACTION\" \/>\n<meta name=\"twitter:card\" content=\"summary_large_image\" \/>\n<meta name=\"twitter:label1\" content=\"\u00c9crit par\" \/>\n\t<meta name=\"twitter:data1\" content=\"LA REDACTION\" \/>\n\t<meta name=\"twitter:label2\" content=\"Dur\u00e9e de lecture estim\u00e9e\" \/>\n\t<meta name=\"twitter:data2\" content=\"1 minute\" \/>\n<script type=\"application\/ld+json\" class=\"yoast-schema-graph\">{\"@context\":\"https:\/\/schema.org\",\"@graph\":[{\"@type\":\"Article\",\"@id\":\"https:\/\/www.public.sn\/index.php\/2022\/11\/10\/incroyable-liberee-de-prison-cette-fille-attaque-severement-macky-mala-eup-fiite-public-tv\/#article\",\"isPartOf\":{\"@id\":\"https:\/\/www.public.sn\/index.php\/2022\/11\/10\/incroyable-liberee-de-prison-cette-fille-attaque-severement-macky-mala-eup-fiite-public-tv\/\"},\"author\":{\"name\":\"LA REDACTION\",\"@id\":\"https:\/\/www.public.sn\/#\/schema\/person\/cb76c8e1b8becc6be61fb5e92d6d0224\"},\"headline\":\"Incroyable, lib\u00e9r\u00e9e de prison, cette fille attaque s\u00e9v\u00e8rement Macky\u00a0: \u00ab mala eup fiite \u2026\u00bb (Public TV)\",\"datePublished\":\"2022-11-10T16:44:05+00:00\",\"dateModified\":\"2022-11-10T18:27:53+00:00\",\"mainEntityOfPage\":{\"@id\":\"https:\/\/www.public.sn\/index.php\/2022\/11\/10\/incroyable-liberee-de-prison-cette-fille-attaque-severement-macky-mala-eup-fiite-public-tv\/\"},\"wordCount\":243,\"commentCount\":0,\"publisher\":{\"@id\":\"https:\/\/www.public.sn\/#organization\"},\"image\":{\"@id\":\"https:\/\/www.public.sn\/index.php\/2022\/11\/10\/incroyable-liberee-de-prison-cette-fille-attaque-severement-macky-mala-eup-fiite-public-tv\/#primaryimage\"},\"thumbnailUrl\":\"https:\/\/www.public.sn\/wp-content\/uploads\/2022\/11\/yolande.png\",\"keywords\":[\"Attaque\",\"macky\",\"yolande camara\"],\"articleSection\":[\"ACTUALIT\u00c9S\",\"POLITIQUE\",\"PUBLIC TV\",\"S\u00c9N\u00c9GAL\",\"SOCIETE\"],\"inLanguage\":\"fr-FR\",\"potentialAction\":[{\"@type\":\"CommentAction\",\"name\":\"Comment\",\"target\":[\"https:\/\/www.public.sn\/index.php\/2022\/11\/10\/incroyable-liberee-de-prison-cette-fille-attaque-severement-macky-mala-eup-fiite-public-tv\/#respond\"]}]},{\"@type\":\"WebPage\",\"@id\":\"https:\/\/www.public.sn\/index.php\/2022\/11\/10\/incroyable-liberee-de-prison-cette-fille-attaque-severement-macky-mala-eup-fiite-public-tv\/\",\"url\":\"https:\/\/www.public.sn\/index.php\/2022\/11\/10\/incroyable-liberee-de-prison-cette-fille-attaque-severement-macky-mala-eup-fiite-public-tv\/\",\"name\":\"Incroyable, lib\u00e9r\u00e9e de prison, cette fille attaque s\u00e9v\u00e8rement Macky\u00a0: \u00ab mala eup fiite \u2026\u00bb (Public TV) - LE PUBLIC\",\"isPartOf\":{\"@id\":\"https:\/\/www.public.sn\/#website\"},\"primaryImageOfPage\":{\"@id\":\"https:\/\/www.public.sn\/index.php\/2022\/11\/10\/incroyable-liberee-de-prison-cette-fille-attaque-severement-macky-mala-eup-fiite-public-tv\/#primaryimage\"},\"image\":{\"@id\":\"https:\/\/www.public.sn\/index.php\/2022\/11\/10\/incroyable-liberee-de-prison-cette-fille-attaque-severement-macky-mala-eup-fiite-public-tv\/#primaryimage\"},\"thumbnailUrl\":\"https:\/\/www.public.sn\/wp-content\/uploads\/2022\/11\/yolande.png\",\"datePublished\":\"2022-11-10T16:44:05+00:00\",\"dateModified\":\"2022-11-10T18:27:53+00:00\",\"breadcrumb\":{\"@id\":\"https:\/\/www.public.sn\/index.php\/2022\/11\/10\/incroyable-liberee-de-prison-cette-fille-attaque-severement-macky-mala-eup-fiite-public-tv\/#breadcrumb\"},\"inLanguage\":\"fr-FR\",\"potentialAction\":[{\"@type\":\"ReadAction\",\"target\":[\"https:\/\/www.public.sn\/index.php\/2022\/11\/10\/incroyable-liberee-de-prison-cette-fille-attaque-severement-macky-mala-eup-fiite-public-tv\/\"]}]},{\"@type\":\"ImageObject\",\"inLanguage\":\"fr-FR\",\"@id\":\"https:\/\/www.public.sn\/index.php\/2022\/11\/10\/incroyable-liberee-de-prison-cette-fille-attaque-severement-macky-mala-eup-fiite-public-tv\/#primaryimage\",\"url\":\"https:\/\/www.public.sn\/wp-content\/uploads\/2022\/11\/yolande.png\",\"contentUrl\":\"https:\/\/www.public.sn\/wp-content\/uploads\/2022\/11\/yolande.png\",\"width\":505,\"height\":325},{\"@type\":\"BreadcrumbList\",\"@id\":\"https:\/\/www.public.sn\/index.php\/2022\/11\/10\/incroyable-liberee-de-prison-cette-fille-attaque-severement-macky-mala-eup-fiite-public-tv\/#breadcrumb\",\"itemListElement\":[{\"@type\":\"ListItem\",\"position\":1,\"name\":\"Accueil\",\"item\":\"https:\/\/www.public.sn\/\"},{\"@type\":\"ListItem\",\"position\":2,\"name\":\"Incroyable, lib\u00e9r\u00e9e de prison, cette fille attaque s\u00e9v\u00e8rement Macky\u00a0: \u00ab mala eup fiite \u2026\u00bb (Public TV)\"}]},{\"@type\":\"WebSite\",\"@id\":\"https:\/\/www.public.sn\/#website\",\"url\":\"https:\/\/www.public.sn\/\",\"name\":\"LE PUBLIC\",\"description\":\"\",\"publisher\":{\"@id\":\"https:\/\/www.public.sn\/#organization\"},\"potentialAction\":[{\"@type\":\"SearchAction\",\"target\":{\"@type\":\"EntryPoint\",\"urlTemplate\":\"https:\/\/www.public.sn\/?s={search_term_string}\"},\"query-input\":{\"@type\":\"PropertyValueSpecification\",\"valueRequired\":true,\"valueName\":\"search_term_string\"}}],\"inLanguage\":\"fr-FR\"},{\"@type\":\"Organization\",\"@id\":\"https:\/\/www.public.sn\/#organization\",\"name\":\"LE PUBLIC\",\"url\":\"https:\/\/www.public.sn\/\",\"logo\":{\"@type\":\"ImageObject\",\"inLanguage\":\"fr-FR\",\"@id\":\"https:\/\/www.public.sn\/#\/schema\/logo\/image\/\",\"url\":\"https:\/\/www.public.sn\/wp-content\/uploads\/2024\/05\/cropped-LOGO-PUBLIC.SN_.png\",\"contentUrl\":\"https:\/\/www.public.sn\/wp-content\/uploads\/2024\/05\/cropped-LOGO-PUBLIC.SN_.png\",\"width\":682,\"height\":192,\"caption\":\"LE PUBLIC\"},\"image\":{\"@id\":\"https:\/\/www.public.sn\/#\/schema\/logo\/image\/\"}},{\"@type\":\"Person\",\"@id\":\"https:\/\/www.public.sn\/#\/schema\/person\/cb76c8e1b8becc6be61fb5e92d6d0224\",\"name\":\"LA REDACTION\",\"image\":{\"@type\":\"ImageObject\",\"inLanguage\":\"fr-FR\",\"@id\":\"https:\/\/www.public.sn\/#\/schema\/person\/image\/\",\"url\":\"https:\/\/secure.gravatar.com\/avatar\/2dce5ddd34b8fef0180efe03aa2a9bee7d953856048f9a16b298190a3178407c?s=96&d=mm&r=g\",\"contentUrl\":\"https:\/\/secure.gravatar.com\/avatar\/2dce5ddd34b8fef0180efe03aa2a9bee7d953856048f9a16b298190a3178407c?s=96&d=mm&r=g\",\"caption\":\"LA REDACTION\"},\"url\":\"https:\/\/www.public.sn\/index.php\/author\/editeurpsn\/\"}]}<\/script>\n<!-- \/ Yoast SEO plugin. -->","yoast_head_json":{"title":"Incroyable, lib\u00e9r\u00e9e de prison, cette fille attaque s\u00e9v\u00e8rement Macky\u00a0: \u00ab mala eup fiite \u2026\u00bb (Public TV) - LE PUBLIC","robots":{"index":"index","follow":"follow","max-snippet":"max-snippet:-1","max-image-preview":"max-image-preview:large","max-video-preview":"max-video-preview:-1"},"canonical":"https:\/\/www.public.sn\/index.php\/2022\/11\/10\/incroyable-liberee-de-prison-cette-fille-attaque-severement-macky-mala-eup-fiite-public-tv\/","og_locale":"fr_FR","og_type":"article","og_title":"Incroyable, lib\u00e9r\u00e9e de prison, cette fille attaque s\u00e9v\u00e8rement Macky\u00a0: \u00ab mala eup fiite \u2026\u00bb (Public TV) - LE PUBLIC","og_description":"Lors de la manifestation de COLIDEP non autoris\u00e9e par le pr\u00e9fet de Dakar samedi dernier, 17 membres du &nbsp;collectif &nbsp;dont &nbsp;Yolande Camara ont \u00e9t\u00e9 arr\u00eat\u00e9s. &nbsp; En conf\u00e9rence de presse ce mercredi, le COLIDEP n\u2019a pas rat\u00e9 le r\u00e9gime en place. Yolande Camara qui a pris part \u00e0 la conf\u00e9rence a attaqu\u00e9 vivement le pr\u00e9sident Macky Sall. &nbsp;\u00ab&nbsp;On nous a tortur\u00e9e, et &nbsp;m\u2019ont isol\u00e9e seule \u00e0 la brigade de Plateau pour faire me &nbsp;peur et que personne ne puisse me voire. Mais il faut qu\u2019il sache quelque chose il m\u2019a aid\u00e9 \u00e0 d\u00e9couvrir la prison, parce que je d\u00e9fends des gens qui sont en en d\u00e9tention sans pour autant connaitre ce qu\u2019ils endurent. Donc c\u2019\u00e9tait l\u2019occasion pour moi de d\u00e9couvrir la prison. Macky Sall sache que je suis plus brave que toi je n\u2019ai pas peur de la prison contrairement \u00e0 toi&#8230;&nbsp;\u00bb, peste t &#8211; elle. Poursuivant la jeune dame revient sur l\u2019arrestation Pape Al\u00e9 Niang, \u00ab&nbsp;c\u2019est l\u2019arrestation de Pape Al\u00e9 Niang qui nous a sauv\u00e9 parce que Macky Sall ne peut &nbsp;pas avoir deux patates chaudes \u00e0 la main&nbsp; c\u2019est ce qui fait l\u2019objet de notre lib\u00e9ration&nbsp;\u00bb. Mame Marie THIAM","og_url":"https:\/\/www.public.sn\/index.php\/2022\/11\/10\/incroyable-liberee-de-prison-cette-fille-attaque-severement-macky-mala-eup-fiite-public-tv\/","og_site_name":"LE PUBLIC","article_published_time":"2022-11-10T16:44:05+00:00","article_modified_time":"2022-11-10T18:27:53+00:00","og_image":[{"width":505,"height":325,"url":"https:\/\/www.public.sn\/wp-content\/uploads\/2022\/11\/yolande.png","type":"image\/png"}],"author":"LA REDACTION","twitter_card":"summary_large_image","twitter_misc":{"\u00c9crit par":"LA REDACTION","Dur\u00e9e de lecture estim\u00e9e":"1 minute"},"schema":{"@context":"https:\/\/schema.org","@graph":[{"@type":"Article","@id":"https:\/\/www.public.sn\/index.php\/2022\/11\/10\/incroyable-liberee-de-prison-cette-fille-attaque-severement-macky-mala-eup-fiite-public-tv\/#article","isPartOf":{"@id":"https:\/\/www.public.sn\/index.php\/2022\/11\/10\/incroyable-liberee-de-prison-cette-fille-attaque-severement-macky-mala-eup-fiite-public-tv\/"},"author":{"name":"LA REDACTION","@id":"https:\/\/www.public.sn\/#\/schema\/person\/cb76c8e1b8becc6be61fb5e92d6d0224"},"headline":"Incroyable, lib\u00e9r\u00e9e de prison, cette fille attaque s\u00e9v\u00e8rement Macky\u00a0: \u00ab mala eup fiite \u2026\u00bb (Public TV)","datePublished":"2022-11-10T16:44:05+00:00","dateModified":"2022-11-10T18:27:53+00:00","mainEntityOfPage":{"@id":"https:\/\/www.public.sn\/index.php\/2022\/11\/10\/incroyable-liberee-de-prison-cette-fille-attaque-severement-macky-mala-eup-fiite-public-tv\/"},"wordCount":243,"commentCount":0,"publisher":{"@id":"https:\/\/www.public.sn\/#organization"},"image":{"@id":"https:\/\/www.public.sn\/index.php\/2022\/11\/10\/incroyable-liberee-de-prison-cette-fille-attaque-severement-macky-mala-eup-fiite-public-tv\/#primaryimage"},"thumbnailUrl":"https:\/\/www.public.sn\/wp-content\/uploads\/2022\/11\/yolande.png","keywords":["Attaque","macky","yolande camara"],"articleSection":["ACTUALIT\u00c9S","POLITIQUE","PUBLIC TV","S\u00c9N\u00c9GAL","SOCIETE"],"inLanguage":"fr-FR","potentialAction":[{"@type":"CommentAction","name":"Comment","target":["https:\/\/www.public.sn\/index.php\/2022\/11\/10\/incroyable-liberee-de-prison-cette-fille-attaque-severement-macky-mala-eup-fiite-public-tv\/#respond"]}]},{"@type":"WebPage","@id":"https:\/\/www.public.sn\/index.php\/2022\/11\/10\/incroyable-liberee-de-prison-cette-fille-attaque-severement-macky-mala-eup-fiite-public-tv\/","url":"https:\/\/www.public.sn\/index.php\/2022\/11\/10\/incroyable-liberee-de-prison-cette-fille-attaque-severement-macky-mala-eup-fiite-public-tv\/","name":"Incroyable, lib\u00e9r\u00e9e de prison, cette fille attaque s\u00e9v\u00e8rement Macky\u00a0: \u00ab mala eup fiite \u2026\u00bb (Public TV) - LE PUBLIC","isPartOf":{"@id":"https:\/\/www.public.sn\/#website"},"primaryImageOfPage":{"@id":"https:\/\/www.public.sn\/index.php\/2022\/11\/10\/incroyable-liberee-de-prison-cette-fille-attaque-severement-macky-mala-eup-fiite-public-tv\/#primaryimage"},"image":{"@id":"https:\/\/www.public.sn\/index.php\/2022\/11\/10\/incroyable-liberee-de-prison-cette-fille-attaque-severement-macky-mala-eup-fiite-public-tv\/#primaryimage"},"thumbnailUrl":"https:\/\/www.public.sn\/wp-content\/uploads\/2022\/11\/yolande.png","datePublished":"2022-11-10T16:44:05+00:00","dateModified":"2022-11-10T18:27:53+00:00","breadcrumb":{"@id":"https:\/\/www.public.sn\/index.php\/2022\/11\/10\/incroyable-liberee-de-prison-cette-fille-attaque-severement-macky-mala-eup-fiite-public-tv\/#breadcrumb"},"inLanguage":"fr-FR","potentialAction":[{"@type":"ReadAction","target":["https:\/\/www.public.sn\/index.php\/2022\/11\/10\/incroyable-liberee-de-prison-cette-fille-attaque-severement-macky-mala-eup-fiite-public-tv\/"]}]},{"@type":"ImageObject","inLanguage":"fr-FR","@id":"https:\/\/www.public.sn\/index.php\/2022\/11\/10\/incroyable-liberee-de-prison-cette-fille-attaque-severement-macky-mala-eup-fiite-public-tv\/#primaryimage","url":"https:\/\/www.public.sn\/wp-content\/uploads\/2022\/11\/yolande.png","contentUrl":"https:\/\/www.public.sn\/wp-content\/uploads\/2022\/11\/yolande.png","width":505,"height":325},{"@type":"BreadcrumbList","@id":"https:\/\/www.public.sn\/index.php\/2022\/11\/10\/incroyable-liberee-de-prison-cette-fille-attaque-severement-macky-mala-eup-fiite-public-tv\/#breadcrumb","itemListElement":[{"@type":"ListItem","position":1,"name":"Accueil","item":"https:\/\/www.public.sn\/"},{"@type":"ListItem","position":2,"name":"Incroyable, lib\u00e9r\u00e9e de prison, cette fille attaque s\u00e9v\u00e8rement Macky\u00a0: \u00ab mala eup fiite \u2026\u00bb (Public TV)"}]},{"@type":"WebSite","@id":"https:\/\/www.public.sn\/#website","url":"https:\/\/www.public.sn\/","name":"LE PUBLIC","description":"","publisher":{"@id":"https:\/\/www.public.sn\/#organization"},"potentialAction":[{"@type":"SearchAction","target":{"@type":"EntryPoint","urlTemplate":"https:\/\/www.public.sn\/?s={search_term_string}"},"query-input":{"@type":"PropertyValueSpecification","valueRequired":true,"valueName":"search_term_string"}}],"inLanguage":"fr-FR"},{"@type":"Organization","@id":"https:\/\/www.public.sn\/#organization","name":"LE PUBLIC","url":"https:\/\/www.public.sn\/","logo":{"@type":"ImageObject","inLanguage":"fr-FR","@id":"https:\/\/www.public.sn\/#\/schema\/logo\/image\/","url":"https:\/\/www.public.sn\/wp-content\/uploads\/2024\/05\/cropped-LOGO-PUBLIC.SN_.png","contentUrl":"https:\/\/www.public.sn\/wp-content\/uploads\/2024\/05\/cropped-LOGO-PUBLIC.SN_.png","width":682,"height":192,"caption":"LE PUBLIC"},"image":{"@id":"https:\/\/www.public.sn\/#\/schema\/logo\/image\/"}},{"@type":"Person","@id":"https:\/\/www.public.sn\/#\/schema\/person\/cb76c8e1b8becc6be61fb5e92d6d0224","name":"LA REDACTION","image":{"@type":"ImageObject","inLanguage":"fr-FR","@id":"https:\/\/www.public.sn\/#\/schema\/person\/image\/","url":"https:\/\/secure.gravatar.com\/avatar\/2dce5ddd34b8fef0180efe03aa2a9bee7d953856048f9a16b298190a3178407c?s=96&d=mm&r=g","contentUrl":"https:\/\/secure.gravatar.com\/avatar\/2dce5ddd34b8fef0180efe03aa2a9bee7d953856048f9a16b298190a3178407c?s=96&d=mm&r=g","caption":"LA REDACTION"},"url":"https:\/\/www.public.sn\/index.php\/author\/editeurpsn\/"}]}},"jetpack_featured_media_url":"https:\/\/www.public.sn\/wp-content\/uploads\/2022\/11\/yolande.png","jetpack_sharing_enabled":true,"_links":{"self":[{"href":"https:\/\/www.public.sn\/index.php\/wp-json\/wp\/v2\/posts\/8029","targetHints":{"allow":["GET"]}}],"collection":[{"href":"https:\/\/www.public.sn\/index.php\/wp-json\/wp\/v2\/posts"}],"about":[{"href":"https:\/\/www.public.sn\/index.php\/wp-json\/wp\/v2\/types\/post"}],"author":[{"embeddable":true,"href":"https:\/\/www.public.sn\/index.php\/wp-json\/wp\/v2\/users\/7"}],"replies":[{"embeddable":true,"href":"https:\/\/www.public.sn\/index.php\/wp-json\/wp\/v2\/comments?post=8029"}],"version-history":[{"count":4,"href":"https:\/\/www.public.sn\/index.php\/wp-json\/wp\/v2\/posts\/8029\/revisions"}],"predecessor-version":[{"id":8063,"href":"https:\/\/www.public.sn\/index.php\/wp-json\/wp\/v2\/posts\/8029\/revisions\/8063"}],"wp:featuredmedia":[{"embeddable":true,"href":"https:\/\/www.public.sn\/index.php\/wp-json\/wp\/v2\/media\/8030"}],"wp:attachment":[{"href":"https:\/\/www.public.sn\/index.php\/wp-json\/wp\/v2\/media?parent=8029"}],"wp:term":[{"taxonomy":"category","embeddable":true,"href":"https:\/\/www.public.sn\/index.php\/wp-json\/wp\/v2\/categories?post=8029"},{"taxonomy":"post_tag","embeddable":true,"href":"https:\/\/www.public.sn\/index.php\/wp-json\/wp\/v2\/tags?post=8029"}],"curies":[{"name":"wp","href":"https:\/\/api.w.org\/{rel}","templated":true}]}}