{"id":8056,"date":"2022-11-10T18:16:03","date_gmt":"2022-11-10T18:16:03","guid":{"rendered":"https:\/\/www.public.sn\/?p=8056"},"modified":"2022-11-10T18:16:14","modified_gmt":"2022-11-10T18:16:14","slug":"sonko-rend-visite-a-malick-gackou","status":"publish","type":"post","link":"https:\/\/www.public.sn\/index.php\/2022\/11\/10\/sonko-rend-visite-a-malick-gackou\/","title":{"rendered":"Sonko rend visite \u00e0 Malick Gackou."},"content":{"rendered":"\n<p><\/p>\n\n\n\n<p><strong>Le pr\u00e9sident du Pastef poursuit ses visites de courtoisie aupr\u00e8s de certains chefs de partis politique. Apr\u00e8s le point de presse de ce Jeudi, Ousmane Sonko a rendu visite \u00e0 Malick Gackou le pr\u00e9sident du grand parti.<\/strong><\/p><div class=\"publi-paragraphe1\" style=\"margin-top: 10px;margin-bottom: 10px;margin-left: auto;margin-right: auto;text-align: center;\" id=\"publi-93008944\"><div class=\"publi-adlabel\">Publicit\u00e9<\/div><script async src=\"\/\/pagead2.googlesyndication.com\/pagead\/js\/adsbygoogle.js?client=ca-pub-4089586018074219\" crossorigin=\"anonymous\"><\/script><ins class=\"adsbygoogle\" style=\"display:block;\" data-ad-client=\"ca-pub-4089586018074219\" \ndata-ad-slot=\"2087940154\" \ndata-ad-format=\"auto\"><\/ins>\n<script> \n(adsbygoogle = window.adsbygoogle || []).push({}); \n<\/script>\n<\/div>\n\n\n\n<p><\/p>\n\n\n\n<p>\u00a0 La nature de leurs discussions n\u2019a pas \u00e9t\u00e9 d\u00e9voil\u00e9e mais sans nul doute que l\u2019actualit\u00e9 politique a \u00e9t\u00e9 au c\u0153ur des \u00e9changes. A rappeler que Malick Gackou est \u00e9galement candidat \u00e0 la pr\u00e9sidentielle de 2024 au m\u00eame titre que son homologue Ousmane Sonko. Les jours \u00e0 venir nous \u00e9difierons sans doute sur la convergence des discussions entre les deux acteurs politiques.<\/p>\n\n\n\n<p>Samba SY.<\/p>\n<div class=\"publi-apres-le-contenu\" style=\"margin-top: 10px;margin-bottom: 10px;margin-left: auto;margin-right: auto;text-align: center;\" id=\"publi-904244711\"><div class=\"publi-adlabel\">Publicit\u00e9<\/div><script async src=\"\/\/pagead2.googlesyndication.com\/pagead\/js\/adsbygoogle.js?client=ca-pub-4089586018074219\" crossorigin=\"anonymous\"><\/script><ins class=\"adsbygoogle\" style=\"display:block;\" data-ad-client=\"ca-pub-4089586018074219\" \ndata-ad-slot=\"2087940154\" \ndata-ad-format=\"auto\"><\/ins>\n<script> \n(adsbygoogle = window.adsbygoogle || []).push({}); \n<\/script>\n<\/div>","protected":false},"excerpt":{"rendered":"<p>Le pr\u00e9sident du Pastef poursuit ses visites de courtoisie aupr\u00e8s de certains chefs de partis politique. Apr\u00e8s le point de presse de ce Jeudi, Ousmane Sonko a rendu visite \u00e0 Malick Gackou le pr\u00e9sident du grand parti. \u00a0 La nature de leurs discussions n\u2019a pas \u00e9t\u00e9 d\u00e9voil\u00e9e mais sans nul doute que l\u2019actualit\u00e9 politique a \u00e9t\u00e9 au c\u0153ur des \u00e9changes. A rappeler que Malick Gackou est \u00e9galement candidat \u00e0 la pr\u00e9sidentielle de 2024 au m\u00eame titre que son homologue Ousmane Sonko. Les jours \u00e0 venir nous \u00e9difierons sans doute sur la convergence des discussions entre les deux acteurs politiques. Samba SY.<\/p>\n","protected":false},"author":7,"featured_media":8057,"comment_status":"open","ping_status":"open","sticky":false,"template":"","format":"standard","meta":{"_jetpack_memberships_contains_paid_content":false,"footnotes":""},"categories":[375,3,1],"tags":[2732,357,306],"class_list":["post-8056","post","type-post","status-publish","format-standard","has-post-thumbnail","hentry","category-actualites","category-politique","category-non-classe","tag-discussion","tag-malick-gackou","tag-sonko","entry","has-media","owp-thumbs-layout-horizontal","owp-btn-normal","owp-tabs-layout-horizontal","has-no-thumbnails","has-product-nav"],"yoast_head":"<!-- This site is optimized with the Yoast SEO plugin v25.5 - https:\/\/yoast.com\/wordpress\/plugins\/seo\/ -->\n<title>Sonko rend visite \u00e0 Malick Gackou. - LE PUBLIC<\/title>\n<meta name=\"robots\" content=\"index, follow, max-snippet:-1, max-image-preview:large, max-video-preview:-1\" \/>\n<link rel=\"canonical\" href=\"https:\/\/www.public.sn\/index.php\/2022\/11\/10\/sonko-rend-visite-a-malick-gackou\/\" \/>\n<meta property=\"og:locale\" content=\"fr_FR\" \/>\n<meta property=\"og:type\" content=\"article\" \/>\n<meta property=\"og:title\" content=\"Sonko rend visite \u00e0 Malick Gackou. - LE PUBLIC\" \/>\n<meta property=\"og:description\" content=\"Le pr\u00e9sident du Pastef poursuit ses visites de courtoisie aupr\u00e8s de certains chefs de partis politique. Apr\u00e8s le point de presse de ce Jeudi, Ousmane Sonko a rendu visite \u00e0 Malick Gackou le pr\u00e9sident du grand parti. \u00a0 La nature de leurs discussions n\u2019a pas \u00e9t\u00e9 d\u00e9voil\u00e9e mais sans nul doute que l\u2019actualit\u00e9 politique a \u00e9t\u00e9 au c\u0153ur des \u00e9changes. A rappeler que Malick Gackou est \u00e9galement candidat \u00e0 la pr\u00e9sidentielle de 2024 au m\u00eame titre que son homologue Ousmane Sonko. Les jours \u00e0 venir nous \u00e9difierons sans doute sur la convergence des discussions entre les deux acteurs politiques. Samba SY.\" \/>\n<meta property=\"og:url\" content=\"https:\/\/www.public.sn\/index.php\/2022\/11\/10\/sonko-rend-visite-a-malick-gackou\/\" \/>\n<meta property=\"og:site_name\" content=\"LE PUBLIC\" \/>\n<meta property=\"article:published_time\" content=\"2022-11-10T18:16:03+00:00\" \/>\n<meta property=\"article:modified_time\" content=\"2022-11-10T18:16:14+00:00\" \/>\n<meta property=\"og:image\" content=\"https:\/\/www.public.sn\/wp-content\/uploads\/2022\/11\/gackou.jpg\" \/>\n\t<meta property=\"og:image:width\" content=\"700\" \/>\n\t<meta property=\"og:image:height\" content=\"525\" \/>\n\t<meta property=\"og:image:type\" content=\"image\/jpeg\" \/>\n<meta name=\"author\" content=\"LA REDACTION\" \/>\n<meta name=\"twitter:card\" content=\"summary_large_image\" \/>\n<meta name=\"twitter:label1\" content=\"\u00c9crit par\" \/>\n\t<meta name=\"twitter:data1\" content=\"LA REDACTION\" \/>\n\t<meta name=\"twitter:label2\" content=\"Dur\u00e9e de lecture estim\u00e9e\" \/>\n\t<meta name=\"twitter:data2\" content=\"1 minute\" \/>\n<script type=\"application\/ld+json\" class=\"yoast-schema-graph\">{\"@context\":\"https:\/\/schema.org\",\"@graph\":[{\"@type\":\"Article\",\"@id\":\"https:\/\/www.public.sn\/index.php\/2022\/11\/10\/sonko-rend-visite-a-malick-gackou\/#article\",\"isPartOf\":{\"@id\":\"https:\/\/www.public.sn\/index.php\/2022\/11\/10\/sonko-rend-visite-a-malick-gackou\/\"},\"author\":{\"name\":\"LA REDACTION\",\"@id\":\"https:\/\/www.public.sn\/#\/schema\/person\/cb76c8e1b8becc6be61fb5e92d6d0224\"},\"headline\":\"Sonko rend visite \u00e0 Malick Gackou.\",\"datePublished\":\"2022-11-10T18:16:03+00:00\",\"dateModified\":\"2022-11-10T18:16:14+00:00\",\"mainEntityOfPage\":{\"@id\":\"https:\/\/www.public.sn\/index.php\/2022\/11\/10\/sonko-rend-visite-a-malick-gackou\/\"},\"wordCount\":112,\"commentCount\":0,\"publisher\":{\"@id\":\"https:\/\/www.public.sn\/#organization\"},\"image\":{\"@id\":\"https:\/\/www.public.sn\/index.php\/2022\/11\/10\/sonko-rend-visite-a-malick-gackou\/#primaryimage\"},\"thumbnailUrl\":\"https:\/\/www.public.sn\/wp-content\/uploads\/2022\/11\/gackou.jpg\",\"keywords\":[\"discussion\",\"Malick Gackou\",\"sonko\"],\"articleSection\":[\"ACTUALIT\u00c9S\",\"POLITIQUE\",\"S\u00c9N\u00c9GAL\"],\"inLanguage\":\"fr-FR\",\"potentialAction\":[{\"@type\":\"CommentAction\",\"name\":\"Comment\",\"target\":[\"https:\/\/www.public.sn\/index.php\/2022\/11\/10\/sonko-rend-visite-a-malick-gackou\/#respond\"]}]},{\"@type\":\"WebPage\",\"@id\":\"https:\/\/www.public.sn\/index.php\/2022\/11\/10\/sonko-rend-visite-a-malick-gackou\/\",\"url\":\"https:\/\/www.public.sn\/index.php\/2022\/11\/10\/sonko-rend-visite-a-malick-gackou\/\",\"name\":\"Sonko rend visite \u00e0 Malick Gackou. - LE PUBLIC\",\"isPartOf\":{\"@id\":\"https:\/\/www.public.sn\/#website\"},\"primaryImageOfPage\":{\"@id\":\"https:\/\/www.public.sn\/index.php\/2022\/11\/10\/sonko-rend-visite-a-malick-gackou\/#primaryimage\"},\"image\":{\"@id\":\"https:\/\/www.public.sn\/index.php\/2022\/11\/10\/sonko-rend-visite-a-malick-gackou\/#primaryimage\"},\"thumbnailUrl\":\"https:\/\/www.public.sn\/wp-content\/uploads\/2022\/11\/gackou.jpg\",\"datePublished\":\"2022-11-10T18:16:03+00:00\",\"dateModified\":\"2022-11-10T18:16:14+00:00\",\"breadcrumb\":{\"@id\":\"https:\/\/www.public.sn\/index.php\/2022\/11\/10\/sonko-rend-visite-a-malick-gackou\/#breadcrumb\"},\"inLanguage\":\"fr-FR\",\"potentialAction\":[{\"@type\":\"ReadAction\",\"target\":[\"https:\/\/www.public.sn\/index.php\/2022\/11\/10\/sonko-rend-visite-a-malick-gackou\/\"]}]},{\"@type\":\"ImageObject\",\"inLanguage\":\"fr-FR\",\"@id\":\"https:\/\/www.public.sn\/index.php\/2022\/11\/10\/sonko-rend-visite-a-malick-gackou\/#primaryimage\",\"url\":\"https:\/\/www.public.sn\/wp-content\/uploads\/2022\/11\/gackou.jpg\",\"contentUrl\":\"https:\/\/www.public.sn\/wp-content\/uploads\/2022\/11\/gackou.jpg\",\"width\":700,\"height\":525,\"caption\":\"publicsn\"},{\"@type\":\"BreadcrumbList\",\"@id\":\"https:\/\/www.public.sn\/index.php\/2022\/11\/10\/sonko-rend-visite-a-malick-gackou\/#breadcrumb\",\"itemListElement\":[{\"@type\":\"ListItem\",\"position\":1,\"name\":\"Accueil\",\"item\":\"https:\/\/www.public.sn\/\"},{\"@type\":\"ListItem\",\"position\":2,\"name\":\"Sonko rend visite \u00e0 Malick Gackou.\"}]},{\"@type\":\"WebSite\",\"@id\":\"https:\/\/www.public.sn\/#website\",\"url\":\"https:\/\/www.public.sn\/\",\"name\":\"LE PUBLIC\",\"description\":\"\",\"publisher\":{\"@id\":\"https:\/\/www.public.sn\/#organization\"},\"potentialAction\":[{\"@type\":\"SearchAction\",\"target\":{\"@type\":\"EntryPoint\",\"urlTemplate\":\"https:\/\/www.public.sn\/?s={search_term_string}\"},\"query-input\":{\"@type\":\"PropertyValueSpecification\",\"valueRequired\":true,\"valueName\":\"search_term_string\"}}],\"inLanguage\":\"fr-FR\"},{\"@type\":\"Organization\",\"@id\":\"https:\/\/www.public.sn\/#organization\",\"name\":\"LE PUBLIC\",\"url\":\"https:\/\/www.public.sn\/\",\"logo\":{\"@type\":\"ImageObject\",\"inLanguage\":\"fr-FR\",\"@id\":\"https:\/\/www.public.sn\/#\/schema\/logo\/image\/\",\"url\":\"https:\/\/www.public.sn\/wp-content\/uploads\/2024\/05\/cropped-LOGO-PUBLIC.SN_.png\",\"contentUrl\":\"https:\/\/www.public.sn\/wp-content\/uploads\/2024\/05\/cropped-LOGO-PUBLIC.SN_.png\",\"width\":682,\"height\":192,\"caption\":\"LE PUBLIC\"},\"image\":{\"@id\":\"https:\/\/www.public.sn\/#\/schema\/logo\/image\/\"}},{\"@type\":\"Person\",\"@id\":\"https:\/\/www.public.sn\/#\/schema\/person\/cb76c8e1b8becc6be61fb5e92d6d0224\",\"name\":\"LA REDACTION\",\"image\":{\"@type\":\"ImageObject\",\"inLanguage\":\"fr-FR\",\"@id\":\"https:\/\/www.public.sn\/#\/schema\/person\/image\/\",\"url\":\"https:\/\/secure.gravatar.com\/avatar\/2dce5ddd34b8fef0180efe03aa2a9bee7d953856048f9a16b298190a3178407c?s=96&d=mm&r=g\",\"contentUrl\":\"https:\/\/secure.gravatar.com\/avatar\/2dce5ddd34b8fef0180efe03aa2a9bee7d953856048f9a16b298190a3178407c?s=96&d=mm&r=g\",\"caption\":\"LA REDACTION\"},\"url\":\"https:\/\/www.public.sn\/index.php\/author\/editeurpsn\/\"}]}<\/script>\n<!-- \/ Yoast SEO plugin. -->","yoast_head_json":{"title":"Sonko rend visite \u00e0 Malick Gackou. - LE PUBLIC","robots":{"index":"index","follow":"follow","max-snippet":"max-snippet:-1","max-image-preview":"max-image-preview:large","max-video-preview":"max-video-preview:-1"},"canonical":"https:\/\/www.public.sn\/index.php\/2022\/11\/10\/sonko-rend-visite-a-malick-gackou\/","og_locale":"fr_FR","og_type":"article","og_title":"Sonko rend visite \u00e0 Malick Gackou. - LE PUBLIC","og_description":"Le pr\u00e9sident du Pastef poursuit ses visites de courtoisie aupr\u00e8s de certains chefs de partis politique. Apr\u00e8s le point de presse de ce Jeudi, Ousmane Sonko a rendu visite \u00e0 Malick Gackou le pr\u00e9sident du grand parti. \u00a0 La nature de leurs discussions n\u2019a pas \u00e9t\u00e9 d\u00e9voil\u00e9e mais sans nul doute que l\u2019actualit\u00e9 politique a \u00e9t\u00e9 au c\u0153ur des \u00e9changes. A rappeler que Malick Gackou est \u00e9galement candidat \u00e0 la pr\u00e9sidentielle de 2024 au m\u00eame titre que son homologue Ousmane Sonko. Les jours \u00e0 venir nous \u00e9difierons sans doute sur la convergence des discussions entre les deux acteurs politiques. Samba SY.","og_url":"https:\/\/www.public.sn\/index.php\/2022\/11\/10\/sonko-rend-visite-a-malick-gackou\/","og_site_name":"LE PUBLIC","article_published_time":"2022-11-10T18:16:03+00:00","article_modified_time":"2022-11-10T18:16:14+00:00","og_image":[{"width":700,"height":525,"url":"https:\/\/www.public.sn\/wp-content\/uploads\/2022\/11\/gackou.jpg","type":"image\/jpeg"}],"author":"LA REDACTION","twitter_card":"summary_large_image","twitter_misc":{"\u00c9crit par":"LA REDACTION","Dur\u00e9e de lecture estim\u00e9e":"1 minute"},"schema":{"@context":"https:\/\/schema.org","@graph":[{"@type":"Article","@id":"https:\/\/www.public.sn\/index.php\/2022\/11\/10\/sonko-rend-visite-a-malick-gackou\/#article","isPartOf":{"@id":"https:\/\/www.public.sn\/index.php\/2022\/11\/10\/sonko-rend-visite-a-malick-gackou\/"},"author":{"name":"LA REDACTION","@id":"https:\/\/www.public.sn\/#\/schema\/person\/cb76c8e1b8becc6be61fb5e92d6d0224"},"headline":"Sonko rend visite \u00e0 Malick Gackou.","datePublished":"2022-11-10T18:16:03+00:00","dateModified":"2022-11-10T18:16:14+00:00","mainEntityOfPage":{"@id":"https:\/\/www.public.sn\/index.php\/2022\/11\/10\/sonko-rend-visite-a-malick-gackou\/"},"wordCount":112,"commentCount":0,"publisher":{"@id":"https:\/\/www.public.sn\/#organization"},"image":{"@id":"https:\/\/www.public.sn\/index.php\/2022\/11\/10\/sonko-rend-visite-a-malick-gackou\/#primaryimage"},"thumbnailUrl":"https:\/\/www.public.sn\/wp-content\/uploads\/2022\/11\/gackou.jpg","keywords":["discussion","Malick Gackou","sonko"],"articleSection":["ACTUALIT\u00c9S","POLITIQUE","S\u00c9N\u00c9GAL"],"inLanguage":"fr-FR","potentialAction":[{"@type":"CommentAction","name":"Comment","target":["https:\/\/www.public.sn\/index.php\/2022\/11\/10\/sonko-rend-visite-a-malick-gackou\/#respond"]}]},{"@type":"WebPage","@id":"https:\/\/www.public.sn\/index.php\/2022\/11\/10\/sonko-rend-visite-a-malick-gackou\/","url":"https:\/\/www.public.sn\/index.php\/2022\/11\/10\/sonko-rend-visite-a-malick-gackou\/","name":"Sonko rend visite \u00e0 Malick Gackou. - LE PUBLIC","isPartOf":{"@id":"https:\/\/www.public.sn\/#website"},"primaryImageOfPage":{"@id":"https:\/\/www.public.sn\/index.php\/2022\/11\/10\/sonko-rend-visite-a-malick-gackou\/#primaryimage"},"image":{"@id":"https:\/\/www.public.sn\/index.php\/2022\/11\/10\/sonko-rend-visite-a-malick-gackou\/#primaryimage"},"thumbnailUrl":"https:\/\/www.public.sn\/wp-content\/uploads\/2022\/11\/gackou.jpg","datePublished":"2022-11-10T18:16:03+00:00","dateModified":"2022-11-10T18:16:14+00:00","breadcrumb":{"@id":"https:\/\/www.public.sn\/index.php\/2022\/11\/10\/sonko-rend-visite-a-malick-gackou\/#breadcrumb"},"inLanguage":"fr-FR","potentialAction":[{"@type":"ReadAction","target":["https:\/\/www.public.sn\/index.php\/2022\/11\/10\/sonko-rend-visite-a-malick-gackou\/"]}]},{"@type":"ImageObject","inLanguage":"fr-FR","@id":"https:\/\/www.public.sn\/index.php\/2022\/11\/10\/sonko-rend-visite-a-malick-gackou\/#primaryimage","url":"https:\/\/www.public.sn\/wp-content\/uploads\/2022\/11\/gackou.jpg","contentUrl":"https:\/\/www.public.sn\/wp-content\/uploads\/2022\/11\/gackou.jpg","width":700,"height":525,"caption":"publicsn"},{"@type":"BreadcrumbList","@id":"https:\/\/www.public.sn\/index.php\/2022\/11\/10\/sonko-rend-visite-a-malick-gackou\/#breadcrumb","itemListElement":[{"@type":"ListItem","position":1,"name":"Accueil","item":"https:\/\/www.public.sn\/"},{"@type":"ListItem","position":2,"name":"Sonko rend visite \u00e0 Malick Gackou."}]},{"@type":"WebSite","@id":"https:\/\/www.public.sn\/#website","url":"https:\/\/www.public.sn\/","name":"LE PUBLIC","description":"","publisher":{"@id":"https:\/\/www.public.sn\/#organization"},"potentialAction":[{"@type":"SearchAction","target":{"@type":"EntryPoint","urlTemplate":"https:\/\/www.public.sn\/?s={search_term_string}"},"query-input":{"@type":"PropertyValueSpecification","valueRequired":true,"valueName":"search_term_string"}}],"inLanguage":"fr-FR"},{"@type":"Organization","@id":"https:\/\/www.public.sn\/#organization","name":"LE PUBLIC","url":"https:\/\/www.public.sn\/","logo":{"@type":"ImageObject","inLanguage":"fr-FR","@id":"https:\/\/www.public.sn\/#\/schema\/logo\/image\/","url":"https:\/\/www.public.sn\/wp-content\/uploads\/2024\/05\/cropped-LOGO-PUBLIC.SN_.png","contentUrl":"https:\/\/www.public.sn\/wp-content\/uploads\/2024\/05\/cropped-LOGO-PUBLIC.SN_.png","width":682,"height":192,"caption":"LE PUBLIC"},"image":{"@id":"https:\/\/www.public.sn\/#\/schema\/logo\/image\/"}},{"@type":"Person","@id":"https:\/\/www.public.sn\/#\/schema\/person\/cb76c8e1b8becc6be61fb5e92d6d0224","name":"LA REDACTION","image":{"@type":"ImageObject","inLanguage":"fr-FR","@id":"https:\/\/www.public.sn\/#\/schema\/person\/image\/","url":"https:\/\/secure.gravatar.com\/avatar\/2dce5ddd34b8fef0180efe03aa2a9bee7d953856048f9a16b298190a3178407c?s=96&d=mm&r=g","contentUrl":"https:\/\/secure.gravatar.com\/avatar\/2dce5ddd34b8fef0180efe03aa2a9bee7d953856048f9a16b298190a3178407c?s=96&d=mm&r=g","caption":"LA REDACTION"},"url":"https:\/\/www.public.sn\/index.php\/author\/editeurpsn\/"}]}},"jetpack_featured_media_url":"https:\/\/www.public.sn\/wp-content\/uploads\/2022\/11\/gackou.jpg","jetpack_sharing_enabled":true,"_links":{"self":[{"href":"https:\/\/www.public.sn\/index.php\/wp-json\/wp\/v2\/posts\/8056","targetHints":{"allow":["GET"]}}],"collection":[{"href":"https:\/\/www.public.sn\/index.php\/wp-json\/wp\/v2\/posts"}],"about":[{"href":"https:\/\/www.public.sn\/index.php\/wp-json\/wp\/v2\/types\/post"}],"author":[{"embeddable":true,"href":"https:\/\/www.public.sn\/index.php\/wp-json\/wp\/v2\/users\/7"}],"replies":[{"embeddable":true,"href":"https:\/\/www.public.sn\/index.php\/wp-json\/wp\/v2\/comments?post=8056"}],"version-history":[{"count":2,"href":"https:\/\/www.public.sn\/index.php\/wp-json\/wp\/v2\/posts\/8056\/revisions"}],"predecessor-version":[{"id":8060,"href":"https:\/\/www.public.sn\/index.php\/wp-json\/wp\/v2\/posts\/8056\/revisions\/8060"}],"wp:featuredmedia":[{"embeddable":true,"href":"https:\/\/www.public.sn\/index.php\/wp-json\/wp\/v2\/media\/8057"}],"wp:attachment":[{"href":"https:\/\/www.public.sn\/index.php\/wp-json\/wp\/v2\/media?parent=8056"}],"wp:term":[{"taxonomy":"category","embeddable":true,"href":"https:\/\/www.public.sn\/index.php\/wp-json\/wp\/v2\/categories?post=8056"},{"taxonomy":"post_tag","embeddable":true,"href":"https:\/\/www.public.sn\/index.php\/wp-json\/wp\/v2\/tags?post=8056"}],"curies":[{"name":"wp","href":"https:\/\/api.w.org\/{rel}","templated":true}]}}