{"id":807,"date":"2022-08-28T14:34:13","date_gmt":"2022-08-28T12:34:13","guid":{"rendered":"https:\/\/www.public.sn\/?p=807"},"modified":"2022-08-28T14:34:14","modified_gmt":"2022-08-28T12:34:14","slug":"madiambal-diagne-envoie-une-pique-aux-journalistes-amadou-ba-de-pastef-sen-offusque","status":"publish","type":"post","link":"https:\/\/www.public.sn\/index.php\/2022\/08\/28\/madiambal-diagne-envoie-une-pique-aux-journalistes-amadou-ba-de-pastef-sen-offusque\/","title":{"rendered":"Madiambal Diagne envoie une \u00a0\u201cpique\u201d aux journalistes,  Amadou Ba de Pastef s\u2019en offusque."},"content":{"rendered":"\n<p><strong><em>Une pique,  encore,  lanc\u00e9e par Madiambal Diagne aux journalistes qui couvrent les points de presse du leader du Pastef\u00a0Ousmane Sonko.<\/em><\/strong><\/p><div class=\"publi-paragraphe1\" style=\"margin-top: 10px;margin-bottom: 10px;margin-left: auto;margin-right: auto;text-align: center;\" id=\"publi-2495754907\"><div class=\"publi-adlabel\">Publicit\u00e9<\/div><script async src=\"\/\/pagead2.googlesyndication.com\/pagead\/js\/adsbygoogle.js?client=ca-pub-4089586018074219\" crossorigin=\"anonymous\"><\/script><ins class=\"adsbygoogle\" style=\"display:block;\" data-ad-client=\"ca-pub-4089586018074219\" \ndata-ad-slot=\"2087940154\" \ndata-ad-format=\"auto\"><\/ins>\n<script> \n(adsbygoogle = window.adsbygoogle || []).push({}); \n<\/script>\n<\/div>\n\n\n\n<p>Dans une note publi\u00e9e sur Twitter, le journaliste de d\u00e9clarer : \u00ab\u00a0<em>Quelle indignit\u00e9 r\u00e9v\u00e9l\u00e9e par cette photo! La prochaine fois ils enl\u00e8veront leurs chaussures avant d\u2019entrer\u00a0\u00bb. Quelle indignit\u00e9 r\u00e9v\u00e9l\u00e9e par cette photo! <\/em>La prochaine fois ils enl\u00e8veront leurs chaussures avant d&rsquo;entrer.<\/p>\n\n\n\n<p>Et pour Amadou Ba de Pastef, \u00ab\u00a0<em>Madiambal Diagne insulte les journalistes qui couvrent les points de presse de Sonko\u00a0\u00bb.<\/em><\/p>\n\n\n\n<p>Selon lui, \u00ab\u00a0<em>Les hommes politiques ont toujours librement choisis le format de leur communication avec les m\u00e9dias: point de presse, conf\u00e9rence de presse, entretiens, interviews, etc\u2026\u00a0\u00bb<\/em><\/p>\n\n\n\n<p><em>R\u00e9dactions Public SN<\/em><\/p>\n<div class=\"publi-apres-le-contenu\" style=\"margin-top: 10px;margin-bottom: 10px;margin-left: auto;margin-right: auto;text-align: center;\" id=\"publi-2979330121\"><div class=\"publi-adlabel\">Publicit\u00e9<\/div><script async src=\"\/\/pagead2.googlesyndication.com\/pagead\/js\/adsbygoogle.js?client=ca-pub-4089586018074219\" crossorigin=\"anonymous\"><\/script><ins class=\"adsbygoogle\" style=\"display:block;\" data-ad-client=\"ca-pub-4089586018074219\" \ndata-ad-slot=\"2087940154\" \ndata-ad-format=\"auto\"><\/ins>\n<script> \n(adsbygoogle = window.adsbygoogle || []).push({}); \n<\/script>\n<\/div>","protected":false},"excerpt":{"rendered":"<p>Une pique, encore, lanc\u00e9e par Madiambal Diagne aux journalistes qui couvrent les points de presse du leader du Pastef\u00a0Ousmane Sonko. Dans une note publi\u00e9e sur Twitter, le journaliste de d\u00e9clarer : \u00ab\u00a0Quelle indignit\u00e9 r\u00e9v\u00e9l\u00e9e par cette photo! La prochaine fois ils enl\u00e8veront leurs chaussures avant d\u2019entrer\u00a0\u00bb. Quelle indignit\u00e9 r\u00e9v\u00e9l\u00e9e par cette photo! La prochaine fois ils enl\u00e8veront leurs chaussures avant d&rsquo;entrer. Et pour Amadou Ba de Pastef, \u00ab\u00a0Madiambal Diagne insulte les journalistes qui couvrent les points de presse de Sonko\u00a0\u00bb. Selon lui, \u00ab\u00a0Les hommes politiques ont toujours librement choisis le format de leur communication avec les m\u00e9dias: point de presse, conf\u00e9rence de presse, entretiens, interviews, etc\u2026\u00a0\u00bb R\u00e9dactions Public SN<\/p>\n","protected":false},"author":1,"featured_media":808,"comment_status":"open","ping_status":"open","sticky":false,"template":"","format":"standard","meta":{"_jetpack_memberships_contains_paid_content":false,"footnotes":""},"categories":[1],"tags":[],"class_list":["post-807","post","type-post","status-publish","format-standard","has-post-thumbnail","hentry","category-non-classe","entry","has-media","owp-thumbs-layout-horizontal","owp-btn-normal","owp-tabs-layout-horizontal","has-no-thumbnails","has-product-nav"],"yoast_head":"<!-- This site is optimized with the Yoast SEO plugin v25.5 - https:\/\/yoast.com\/wordpress\/plugins\/seo\/ -->\n<title>Madiambal Diagne envoie une \u00a0\u201cpique\u201d aux journalistes, Amadou Ba de Pastef s\u2019en offusque. - LE PUBLIC<\/title>\n<meta name=\"robots\" content=\"index, follow, max-snippet:-1, max-image-preview:large, max-video-preview:-1\" \/>\n<link rel=\"canonical\" href=\"https:\/\/www.public.sn\/index.php\/2022\/08\/28\/madiambal-diagne-envoie-une-pique-aux-journalistes-amadou-ba-de-pastef-sen-offusque\/\" \/>\n<meta property=\"og:locale\" content=\"fr_FR\" \/>\n<meta property=\"og:type\" content=\"article\" \/>\n<meta property=\"og:title\" content=\"Madiambal Diagne envoie une \u00a0\u201cpique\u201d aux journalistes, Amadou Ba de Pastef s\u2019en offusque. - LE PUBLIC\" \/>\n<meta property=\"og:description\" content=\"Une pique, encore, lanc\u00e9e par Madiambal Diagne aux journalistes qui couvrent les points de presse du leader du Pastef\u00a0Ousmane Sonko. Dans une note publi\u00e9e sur Twitter, le journaliste de d\u00e9clarer : \u00ab\u00a0Quelle indignit\u00e9 r\u00e9v\u00e9l\u00e9e par cette photo! La prochaine fois ils enl\u00e8veront leurs chaussures avant d\u2019entrer\u00a0\u00bb. Quelle indignit\u00e9 r\u00e9v\u00e9l\u00e9e par cette photo! La prochaine fois ils enl\u00e8veront leurs chaussures avant d&rsquo;entrer. Et pour Amadou Ba de Pastef, \u00ab\u00a0Madiambal Diagne insulte les journalistes qui couvrent les points de presse de Sonko\u00a0\u00bb. Selon lui, \u00ab\u00a0Les hommes politiques ont toujours librement choisis le format de leur communication avec les m\u00e9dias: point de presse, conf\u00e9rence de presse, entretiens, interviews, etc\u2026\u00a0\u00bb R\u00e9dactions Public SN\" \/>\n<meta property=\"og:url\" content=\"https:\/\/www.public.sn\/index.php\/2022\/08\/28\/madiambal-diagne-envoie-une-pique-aux-journalistes-amadou-ba-de-pastef-sen-offusque\/\" \/>\n<meta property=\"og:site_name\" content=\"LE PUBLIC\" \/>\n<meta property=\"article:published_time\" content=\"2022-08-28T12:34:13+00:00\" \/>\n<meta property=\"article:modified_time\" content=\"2022-08-28T12:34:14+00:00\" \/>\n<meta property=\"og:image\" content=\"https:\/\/www.public.sn\/wp-content\/uploads\/2022\/08\/4A4947D7-F984-4CD8-9DD4-9A06E18D3EA1.png\" \/>\n\t<meta property=\"og:image:width\" content=\"661\" \/>\n\t<meta property=\"og:image:height\" content=\"416\" \/>\n\t<meta property=\"og:image:type\" content=\"image\/png\" \/>\n<meta name=\"author\" content=\"LA REDACTION\" \/>\n<meta name=\"twitter:card\" content=\"summary_large_image\" \/>\n<meta name=\"twitter:label1\" content=\"\u00c9crit par\" \/>\n\t<meta name=\"twitter:data1\" content=\"LA REDACTION\" \/>\n\t<meta name=\"twitter:label2\" content=\"Dur\u00e9e de lecture estim\u00e9e\" \/>\n\t<meta name=\"twitter:data2\" content=\"1 minute\" \/>\n<script type=\"application\/ld+json\" class=\"yoast-schema-graph\">{\"@context\":\"https:\/\/schema.org\",\"@graph\":[{\"@type\":\"Article\",\"@id\":\"https:\/\/www.public.sn\/index.php\/2022\/08\/28\/madiambal-diagne-envoie-une-pique-aux-journalistes-amadou-ba-de-pastef-sen-offusque\/#article\",\"isPartOf\":{\"@id\":\"https:\/\/www.public.sn\/index.php\/2022\/08\/28\/madiambal-diagne-envoie-une-pique-aux-journalistes-amadou-ba-de-pastef-sen-offusque\/\"},\"author\":{\"name\":\"LA REDACTION\",\"@id\":\"https:\/\/www.public.sn\/#\/schema\/person\/e3f4a11b037d4203902db148f9bc8d5a\"},\"headline\":\"Madiambal Diagne envoie une \u00a0\u201cpique\u201d aux journalistes, Amadou Ba de Pastef s\u2019en offusque.\",\"datePublished\":\"2022-08-28T12:34:13+00:00\",\"dateModified\":\"2022-08-28T12:34:14+00:00\",\"mainEntityOfPage\":{\"@id\":\"https:\/\/www.public.sn\/index.php\/2022\/08\/28\/madiambal-diagne-envoie-une-pique-aux-journalistes-amadou-ba-de-pastef-sen-offusque\/\"},\"wordCount\":138,\"commentCount\":0,\"publisher\":{\"@id\":\"https:\/\/www.public.sn\/#organization\"},\"image\":{\"@id\":\"https:\/\/www.public.sn\/index.php\/2022\/08\/28\/madiambal-diagne-envoie-une-pique-aux-journalistes-amadou-ba-de-pastef-sen-offusque\/#primaryimage\"},\"thumbnailUrl\":\"https:\/\/www.public.sn\/wp-content\/uploads\/2022\/08\/4A4947D7-F984-4CD8-9DD4-9A06E18D3EA1.png\",\"articleSection\":[\"S\u00c9N\u00c9GAL\"],\"inLanguage\":\"fr-FR\",\"potentialAction\":[{\"@type\":\"CommentAction\",\"name\":\"Comment\",\"target\":[\"https:\/\/www.public.sn\/index.php\/2022\/08\/28\/madiambal-diagne-envoie-une-pique-aux-journalistes-amadou-ba-de-pastef-sen-offusque\/#respond\"]}]},{\"@type\":\"WebPage\",\"@id\":\"https:\/\/www.public.sn\/index.php\/2022\/08\/28\/madiambal-diagne-envoie-une-pique-aux-journalistes-amadou-ba-de-pastef-sen-offusque\/\",\"url\":\"https:\/\/www.public.sn\/index.php\/2022\/08\/28\/madiambal-diagne-envoie-une-pique-aux-journalistes-amadou-ba-de-pastef-sen-offusque\/\",\"name\":\"Madiambal Diagne envoie une \u00a0\u201cpique\u201d aux journalistes, Amadou Ba de Pastef s\u2019en offusque. - LE PUBLIC\",\"isPartOf\":{\"@id\":\"https:\/\/www.public.sn\/#website\"},\"primaryImageOfPage\":{\"@id\":\"https:\/\/www.public.sn\/index.php\/2022\/08\/28\/madiambal-diagne-envoie-une-pique-aux-journalistes-amadou-ba-de-pastef-sen-offusque\/#primaryimage\"},\"image\":{\"@id\":\"https:\/\/www.public.sn\/index.php\/2022\/08\/28\/madiambal-diagne-envoie-une-pique-aux-journalistes-amadou-ba-de-pastef-sen-offusque\/#primaryimage\"},\"thumbnailUrl\":\"https:\/\/www.public.sn\/wp-content\/uploads\/2022\/08\/4A4947D7-F984-4CD8-9DD4-9A06E18D3EA1.png\",\"datePublished\":\"2022-08-28T12:34:13+00:00\",\"dateModified\":\"2022-08-28T12:34:14+00:00\",\"breadcrumb\":{\"@id\":\"https:\/\/www.public.sn\/index.php\/2022\/08\/28\/madiambal-diagne-envoie-une-pique-aux-journalistes-amadou-ba-de-pastef-sen-offusque\/#breadcrumb\"},\"inLanguage\":\"fr-FR\",\"potentialAction\":[{\"@type\":\"ReadAction\",\"target\":[\"https:\/\/www.public.sn\/index.php\/2022\/08\/28\/madiambal-diagne-envoie-une-pique-aux-journalistes-amadou-ba-de-pastef-sen-offusque\/\"]}]},{\"@type\":\"ImageObject\",\"inLanguage\":\"fr-FR\",\"@id\":\"https:\/\/www.public.sn\/index.php\/2022\/08\/28\/madiambal-diagne-envoie-une-pique-aux-journalistes-amadou-ba-de-pastef-sen-offusque\/#primaryimage\",\"url\":\"https:\/\/www.public.sn\/wp-content\/uploads\/2022\/08\/4A4947D7-F984-4CD8-9DD4-9A06E18D3EA1.png\",\"contentUrl\":\"https:\/\/www.public.sn\/wp-content\/uploads\/2022\/08\/4A4947D7-F984-4CD8-9DD4-9A06E18D3EA1.png\",\"width\":661,\"height\":416},{\"@type\":\"BreadcrumbList\",\"@id\":\"https:\/\/www.public.sn\/index.php\/2022\/08\/28\/madiambal-diagne-envoie-une-pique-aux-journalistes-amadou-ba-de-pastef-sen-offusque\/#breadcrumb\",\"itemListElement\":[{\"@type\":\"ListItem\",\"position\":1,\"name\":\"Accueil\",\"item\":\"https:\/\/www.public.sn\/\"},{\"@type\":\"ListItem\",\"position\":2,\"name\":\"Madiambal Diagne envoie une \u00a0\u201cpique\u201d aux journalistes, Amadou Ba de Pastef s\u2019en offusque.\"}]},{\"@type\":\"WebSite\",\"@id\":\"https:\/\/www.public.sn\/#website\",\"url\":\"https:\/\/www.public.sn\/\",\"name\":\"LE PUBLIC\",\"description\":\"\",\"publisher\":{\"@id\":\"https:\/\/www.public.sn\/#organization\"},\"potentialAction\":[{\"@type\":\"SearchAction\",\"target\":{\"@type\":\"EntryPoint\",\"urlTemplate\":\"https:\/\/www.public.sn\/?s={search_term_string}\"},\"query-input\":{\"@type\":\"PropertyValueSpecification\",\"valueRequired\":true,\"valueName\":\"search_term_string\"}}],\"inLanguage\":\"fr-FR\"},{\"@type\":\"Organization\",\"@id\":\"https:\/\/www.public.sn\/#organization\",\"name\":\"LE PUBLIC\",\"url\":\"https:\/\/www.public.sn\/\",\"logo\":{\"@type\":\"ImageObject\",\"inLanguage\":\"fr-FR\",\"@id\":\"https:\/\/www.public.sn\/#\/schema\/logo\/image\/\",\"url\":\"https:\/\/www.public.sn\/wp-content\/uploads\/2024\/05\/cropped-LOGO-PUBLIC.SN_.png\",\"contentUrl\":\"https:\/\/www.public.sn\/wp-content\/uploads\/2024\/05\/cropped-LOGO-PUBLIC.SN_.png\",\"width\":682,\"height\":192,\"caption\":\"LE PUBLIC\"},\"image\":{\"@id\":\"https:\/\/www.public.sn\/#\/schema\/logo\/image\/\"}},{\"@type\":\"Person\",\"@id\":\"https:\/\/www.public.sn\/#\/schema\/person\/e3f4a11b037d4203902db148f9bc8d5a\",\"name\":\"LA REDACTION\",\"image\":{\"@type\":\"ImageObject\",\"inLanguage\":\"fr-FR\",\"@id\":\"https:\/\/www.public.sn\/#\/schema\/person\/image\/\",\"url\":\"https:\/\/secure.gravatar.com\/avatar\/d6c030db45db2883c075085c5d6c6258654a801a93766b49af0b82d4f454e2a5?s=96&d=mm&r=g\",\"contentUrl\":\"https:\/\/secure.gravatar.com\/avatar\/d6c030db45db2883c075085c5d6c6258654a801a93766b49af0b82d4f454e2a5?s=96&d=mm&r=g\",\"caption\":\"LA REDACTION\"},\"sameAs\":[\"http:\/\/www.public.sn\"],\"url\":\"https:\/\/www.public.sn\/index.php\/author\/admin7324\/\"}]}<\/script>\n<!-- \/ Yoast SEO plugin. -->","yoast_head_json":{"title":"Madiambal Diagne envoie une \u00a0\u201cpique\u201d aux journalistes, Amadou Ba de Pastef s\u2019en offusque. - LE PUBLIC","robots":{"index":"index","follow":"follow","max-snippet":"max-snippet:-1","max-image-preview":"max-image-preview:large","max-video-preview":"max-video-preview:-1"},"canonical":"https:\/\/www.public.sn\/index.php\/2022\/08\/28\/madiambal-diagne-envoie-une-pique-aux-journalistes-amadou-ba-de-pastef-sen-offusque\/","og_locale":"fr_FR","og_type":"article","og_title":"Madiambal Diagne envoie une \u00a0\u201cpique\u201d aux journalistes, Amadou Ba de Pastef s\u2019en offusque. - LE PUBLIC","og_description":"Une pique, encore, lanc\u00e9e par Madiambal Diagne aux journalistes qui couvrent les points de presse du leader du Pastef\u00a0Ousmane Sonko. Dans une note publi\u00e9e sur Twitter, le journaliste de d\u00e9clarer : \u00ab\u00a0Quelle indignit\u00e9 r\u00e9v\u00e9l\u00e9e par cette photo! La prochaine fois ils enl\u00e8veront leurs chaussures avant d\u2019entrer\u00a0\u00bb. Quelle indignit\u00e9 r\u00e9v\u00e9l\u00e9e par cette photo! La prochaine fois ils enl\u00e8veront leurs chaussures avant d&rsquo;entrer. Et pour Amadou Ba de Pastef, \u00ab\u00a0Madiambal Diagne insulte les journalistes qui couvrent les points de presse de Sonko\u00a0\u00bb. Selon lui, \u00ab\u00a0Les hommes politiques ont toujours librement choisis le format de leur communication avec les m\u00e9dias: point de presse, conf\u00e9rence de presse, entretiens, interviews, etc\u2026\u00a0\u00bb R\u00e9dactions Public SN","og_url":"https:\/\/www.public.sn\/index.php\/2022\/08\/28\/madiambal-diagne-envoie-une-pique-aux-journalistes-amadou-ba-de-pastef-sen-offusque\/","og_site_name":"LE PUBLIC","article_published_time":"2022-08-28T12:34:13+00:00","article_modified_time":"2022-08-28T12:34:14+00:00","og_image":[{"width":661,"height":416,"url":"https:\/\/www.public.sn\/wp-content\/uploads\/2022\/08\/4A4947D7-F984-4CD8-9DD4-9A06E18D3EA1.png","type":"image\/png"}],"author":"LA REDACTION","twitter_card":"summary_large_image","twitter_misc":{"\u00c9crit par":"LA REDACTION","Dur\u00e9e de lecture estim\u00e9e":"1 minute"},"schema":{"@context":"https:\/\/schema.org","@graph":[{"@type":"Article","@id":"https:\/\/www.public.sn\/index.php\/2022\/08\/28\/madiambal-diagne-envoie-une-pique-aux-journalistes-amadou-ba-de-pastef-sen-offusque\/#article","isPartOf":{"@id":"https:\/\/www.public.sn\/index.php\/2022\/08\/28\/madiambal-diagne-envoie-une-pique-aux-journalistes-amadou-ba-de-pastef-sen-offusque\/"},"author":{"name":"LA REDACTION","@id":"https:\/\/www.public.sn\/#\/schema\/person\/e3f4a11b037d4203902db148f9bc8d5a"},"headline":"Madiambal Diagne envoie une \u00a0\u201cpique\u201d aux journalistes, Amadou Ba de Pastef s\u2019en offusque.","datePublished":"2022-08-28T12:34:13+00:00","dateModified":"2022-08-28T12:34:14+00:00","mainEntityOfPage":{"@id":"https:\/\/www.public.sn\/index.php\/2022\/08\/28\/madiambal-diagne-envoie-une-pique-aux-journalistes-amadou-ba-de-pastef-sen-offusque\/"},"wordCount":138,"commentCount":0,"publisher":{"@id":"https:\/\/www.public.sn\/#organization"},"image":{"@id":"https:\/\/www.public.sn\/index.php\/2022\/08\/28\/madiambal-diagne-envoie-une-pique-aux-journalistes-amadou-ba-de-pastef-sen-offusque\/#primaryimage"},"thumbnailUrl":"https:\/\/www.public.sn\/wp-content\/uploads\/2022\/08\/4A4947D7-F984-4CD8-9DD4-9A06E18D3EA1.png","articleSection":["S\u00c9N\u00c9GAL"],"inLanguage":"fr-FR","potentialAction":[{"@type":"CommentAction","name":"Comment","target":["https:\/\/www.public.sn\/index.php\/2022\/08\/28\/madiambal-diagne-envoie-une-pique-aux-journalistes-amadou-ba-de-pastef-sen-offusque\/#respond"]}]},{"@type":"WebPage","@id":"https:\/\/www.public.sn\/index.php\/2022\/08\/28\/madiambal-diagne-envoie-une-pique-aux-journalistes-amadou-ba-de-pastef-sen-offusque\/","url":"https:\/\/www.public.sn\/index.php\/2022\/08\/28\/madiambal-diagne-envoie-une-pique-aux-journalistes-amadou-ba-de-pastef-sen-offusque\/","name":"Madiambal Diagne envoie une \u00a0\u201cpique\u201d aux journalistes, Amadou Ba de Pastef s\u2019en offusque. - LE PUBLIC","isPartOf":{"@id":"https:\/\/www.public.sn\/#website"},"primaryImageOfPage":{"@id":"https:\/\/www.public.sn\/index.php\/2022\/08\/28\/madiambal-diagne-envoie-une-pique-aux-journalistes-amadou-ba-de-pastef-sen-offusque\/#primaryimage"},"image":{"@id":"https:\/\/www.public.sn\/index.php\/2022\/08\/28\/madiambal-diagne-envoie-une-pique-aux-journalistes-amadou-ba-de-pastef-sen-offusque\/#primaryimage"},"thumbnailUrl":"https:\/\/www.public.sn\/wp-content\/uploads\/2022\/08\/4A4947D7-F984-4CD8-9DD4-9A06E18D3EA1.png","datePublished":"2022-08-28T12:34:13+00:00","dateModified":"2022-08-28T12:34:14+00:00","breadcrumb":{"@id":"https:\/\/www.public.sn\/index.php\/2022\/08\/28\/madiambal-diagne-envoie-une-pique-aux-journalistes-amadou-ba-de-pastef-sen-offusque\/#breadcrumb"},"inLanguage":"fr-FR","potentialAction":[{"@type":"ReadAction","target":["https:\/\/www.public.sn\/index.php\/2022\/08\/28\/madiambal-diagne-envoie-une-pique-aux-journalistes-amadou-ba-de-pastef-sen-offusque\/"]}]},{"@type":"ImageObject","inLanguage":"fr-FR","@id":"https:\/\/www.public.sn\/index.php\/2022\/08\/28\/madiambal-diagne-envoie-une-pique-aux-journalistes-amadou-ba-de-pastef-sen-offusque\/#primaryimage","url":"https:\/\/www.public.sn\/wp-content\/uploads\/2022\/08\/4A4947D7-F984-4CD8-9DD4-9A06E18D3EA1.png","contentUrl":"https:\/\/www.public.sn\/wp-content\/uploads\/2022\/08\/4A4947D7-F984-4CD8-9DD4-9A06E18D3EA1.png","width":661,"height":416},{"@type":"BreadcrumbList","@id":"https:\/\/www.public.sn\/index.php\/2022\/08\/28\/madiambal-diagne-envoie-une-pique-aux-journalistes-amadou-ba-de-pastef-sen-offusque\/#breadcrumb","itemListElement":[{"@type":"ListItem","position":1,"name":"Accueil","item":"https:\/\/www.public.sn\/"},{"@type":"ListItem","position":2,"name":"Madiambal Diagne envoie une \u00a0\u201cpique\u201d aux journalistes, Amadou Ba de Pastef s\u2019en offusque."}]},{"@type":"WebSite","@id":"https:\/\/www.public.sn\/#website","url":"https:\/\/www.public.sn\/","name":"LE PUBLIC","description":"","publisher":{"@id":"https:\/\/www.public.sn\/#organization"},"potentialAction":[{"@type":"SearchAction","target":{"@type":"EntryPoint","urlTemplate":"https:\/\/www.public.sn\/?s={search_term_string}"},"query-input":{"@type":"PropertyValueSpecification","valueRequired":true,"valueName":"search_term_string"}}],"inLanguage":"fr-FR"},{"@type":"Organization","@id":"https:\/\/www.public.sn\/#organization","name":"LE PUBLIC","url":"https:\/\/www.public.sn\/","logo":{"@type":"ImageObject","inLanguage":"fr-FR","@id":"https:\/\/www.public.sn\/#\/schema\/logo\/image\/","url":"https:\/\/www.public.sn\/wp-content\/uploads\/2024\/05\/cropped-LOGO-PUBLIC.SN_.png","contentUrl":"https:\/\/www.public.sn\/wp-content\/uploads\/2024\/05\/cropped-LOGO-PUBLIC.SN_.png","width":682,"height":192,"caption":"LE PUBLIC"},"image":{"@id":"https:\/\/www.public.sn\/#\/schema\/logo\/image\/"}},{"@type":"Person","@id":"https:\/\/www.public.sn\/#\/schema\/person\/e3f4a11b037d4203902db148f9bc8d5a","name":"LA REDACTION","image":{"@type":"ImageObject","inLanguage":"fr-FR","@id":"https:\/\/www.public.sn\/#\/schema\/person\/image\/","url":"https:\/\/secure.gravatar.com\/avatar\/d6c030db45db2883c075085c5d6c6258654a801a93766b49af0b82d4f454e2a5?s=96&d=mm&r=g","contentUrl":"https:\/\/secure.gravatar.com\/avatar\/d6c030db45db2883c075085c5d6c6258654a801a93766b49af0b82d4f454e2a5?s=96&d=mm&r=g","caption":"LA REDACTION"},"sameAs":["http:\/\/www.public.sn"],"url":"https:\/\/www.public.sn\/index.php\/author\/admin7324\/"}]}},"jetpack_featured_media_url":"https:\/\/www.public.sn\/wp-content\/uploads\/2022\/08\/4A4947D7-F984-4CD8-9DD4-9A06E18D3EA1.png","jetpack_sharing_enabled":true,"_links":{"self":[{"href":"https:\/\/www.public.sn\/index.php\/wp-json\/wp\/v2\/posts\/807","targetHints":{"allow":["GET"]}}],"collection":[{"href":"https:\/\/www.public.sn\/index.php\/wp-json\/wp\/v2\/posts"}],"about":[{"href":"https:\/\/www.public.sn\/index.php\/wp-json\/wp\/v2\/types\/post"}],"author":[{"embeddable":true,"href":"https:\/\/www.public.sn\/index.php\/wp-json\/wp\/v2\/users\/1"}],"replies":[{"embeddable":true,"href":"https:\/\/www.public.sn\/index.php\/wp-json\/wp\/v2\/comments?post=807"}],"version-history":[{"count":1,"href":"https:\/\/www.public.sn\/index.php\/wp-json\/wp\/v2\/posts\/807\/revisions"}],"predecessor-version":[{"id":809,"href":"https:\/\/www.public.sn\/index.php\/wp-json\/wp\/v2\/posts\/807\/revisions\/809"}],"wp:featuredmedia":[{"embeddable":true,"href":"https:\/\/www.public.sn\/index.php\/wp-json\/wp\/v2\/media\/808"}],"wp:attachment":[{"href":"https:\/\/www.public.sn\/index.php\/wp-json\/wp\/v2\/media?parent=807"}],"wp:term":[{"taxonomy":"category","embeddable":true,"href":"https:\/\/www.public.sn\/index.php\/wp-json\/wp\/v2\/categories?post=807"},{"taxonomy":"post_tag","embeddable":true,"href":"https:\/\/www.public.sn\/index.php\/wp-json\/wp\/v2\/tags?post=807"}],"curies":[{"name":"wp","href":"https:\/\/api.w.org\/{rel}","templated":true}]}}