{"id":831,"date":"2022-08-28T23:28:10","date_gmt":"2022-08-28T21:28:10","guid":{"rendered":"https:\/\/www.public.sn\/?p=831"},"modified":"2022-08-29T20:58:19","modified_gmt":"2022-08-29T18:58:19","slug":"mame-m-niang-la-candidature-de-macky-sall-en-2024-ne-souffre-daucune-ambiguite","status":"publish","type":"post","link":"https:\/\/www.public.sn\/index.php\/2022\/08\/28\/mame-m-niang-la-candidature-de-macky-sall-en-2024-ne-souffre-daucune-ambiguite\/","title":{"rendered":"Mame M. Niang : \u00ab\u00a0La candidature de Macky Sall en 2024 ne souffre d&rsquo;aucune ambigu\u00eft\u00e9\u00a0\u00bb."},"content":{"rendered":"\n<p><\/p>\n\n\n\n<p>\u201c<em>Macky Sall peut bel et bien briguer un troisi\u00e8me mandat\u201c<\/em> , dixit Mame Mbaye Niang dans le Grand Jury de la Rfm , ce dimanche.<\/p><div class=\"publi-paragraphe1\" style=\"margin-top: 10px;margin-bottom: 10px;margin-left: auto;margin-right: auto;text-align: center;\" id=\"publi-4260788356\"><div class=\"publi-adlabel\">Publicit\u00e9<\/div><script async src=\"\/\/pagead2.googlesyndication.com\/pagead\/js\/adsbygoogle.js?client=ca-pub-4089586018074219\" crossorigin=\"anonymous\"><\/script><ins class=\"adsbygoogle\" style=\"display:block;\" data-ad-client=\"ca-pub-4089586018074219\" \ndata-ad-slot=\"2087940154\" \ndata-ad-format=\"auto\"><\/ins>\n<script> \n(adsbygoogle = window.adsbygoogle || []).push({}); \n<\/script>\n<\/div>\n\n\n\n<p><\/p>\n\n\n\n<p>Le ministre chef de cabinet du Pr\u00e9sident de la R\u00e9publique , assure que le r\u00e9f\u00e9rendum du 20 mars 2016 a d\u00e9j\u00e0 r\u00e9gl\u00e9 la question de la troisi\u00e8me candidature. Par cons\u00e9quent , \u00e0 l&rsquo;en croire, \u201c<em>Ceux qui posent le probl\u00e8me du 3\u00e8me mandat ne le font pas par rapport \u00e0 la l\u00e9galit\u00e9.  Ils le savent. <\/em>\u00ab\u00a0<\/p>\n\n\n\n<p>Mame Mbaye Niang affirme que la seule r\u00e9f\u00e9rence reste l\u2019arr\u00eat\u00e9 rendu public par le conseil constitutionnel. \u201cCeux qui veulent en d\u00e9battre, ils peuvent continuer mais il faut qu&rsquo;ils soient honn\u00eates et reconnaissent que cette question est d\u00e9j\u00e0 r\u00e9gl\u00e9e constitutionnellement et juridiquement. Il s&rsquo;agit d&rsquo;un probl\u00e8me politique, il faut donc des r\u00e9ponses politiques\u201d.<\/p>\n\n\n\n<p>Dans tous les cas , le Pr\u00e9sident Macky Sall  maintient le flou sur sa participation ou pas \u00e0 la pr\u00e9sidentielle de 2024 avec son fameux  \u00ab\u00a0ni oui ni non\u00a0\u00bb.<\/p>\n<div class=\"publi-apres-le-contenu\" style=\"margin-top: 10px;margin-bottom: 10px;margin-left: auto;margin-right: auto;text-align: center;\" id=\"publi-412702649\"><div class=\"publi-adlabel\">Publicit\u00e9<\/div><script async src=\"\/\/pagead2.googlesyndication.com\/pagead\/js\/adsbygoogle.js?client=ca-pub-4089586018074219\" crossorigin=\"anonymous\"><\/script><ins class=\"adsbygoogle\" style=\"display:block;\" data-ad-client=\"ca-pub-4089586018074219\" \ndata-ad-slot=\"2087940154\" \ndata-ad-format=\"auto\"><\/ins>\n<script> \n(adsbygoogle = window.adsbygoogle || []).push({}); \n<\/script>\n<\/div>","protected":false},"excerpt":{"rendered":"<p>\u201cMacky Sall peut bel et bien briguer un troisi\u00e8me mandat\u201c , dixit Mame Mbaye Niang dans le Grand Jury de la Rfm , ce dimanche. Le ministre chef de cabinet du Pr\u00e9sident de la R\u00e9publique , assure que le r\u00e9f\u00e9rendum du 20 mars 2016 a d\u00e9j\u00e0 r\u00e9gl\u00e9 la question de la troisi\u00e8me candidature. Par cons\u00e9quent , \u00e0 l&rsquo;en croire, \u201cCeux qui posent le probl\u00e8me du 3\u00e8me mandat ne le font pas par rapport \u00e0 la l\u00e9galit\u00e9. Ils le savent. \u00ab\u00a0 Mame Mbaye Niang affirme que la seule r\u00e9f\u00e9rence reste l\u2019arr\u00eat\u00e9 rendu public par le conseil constitutionnel. \u201cCeux qui veulent en d\u00e9battre, ils peuvent continuer mais il faut qu&rsquo;ils soient honn\u00eates et reconnaissent que cette question est d\u00e9j\u00e0 r\u00e9gl\u00e9e constitutionnellement et juridiquement. Il s&rsquo;agit d&rsquo;un probl\u00e8me politique, il faut donc des r\u00e9ponses politiques\u201d. Dans tous les cas , le Pr\u00e9sident Macky Sall maintient le flou sur sa participation ou pas \u00e0 la pr\u00e9sidentielle de 2024 avec son fameux \u00ab\u00a0ni oui ni non\u00a0\u00bb.<\/p>\n","protected":false},"author":1,"featured_media":838,"comment_status":"open","ping_status":"open","sticky":false,"template":"","format":"standard","meta":{"_jetpack_memberships_contains_paid_content":false,"footnotes":""},"categories":[3],"tags":[11,293,296],"class_list":["post-831","post","type-post","status-publish","format-standard","has-post-thumbnail","hentry","category-politique","tag-macky-sall","tag-mame-mbaye-niang","tag-presidentielle-2024-2","entry","has-media","owp-thumbs-layout-horizontal","owp-btn-normal","owp-tabs-layout-horizontal","has-no-thumbnails","has-product-nav"],"yoast_head":"<!-- This site is optimized with the Yoast SEO plugin v25.5 - https:\/\/yoast.com\/wordpress\/plugins\/seo\/ -->\n<title>Mame M. Niang : &quot;La candidature de Macky Sall en 2024 ne souffre d&#039;aucune ambigu\u00eft\u00e9&quot;. - LE PUBLIC<\/title>\n<meta name=\"robots\" content=\"index, follow, max-snippet:-1, max-image-preview:large, max-video-preview:-1\" \/>\n<link rel=\"canonical\" href=\"https:\/\/www.public.sn\/index.php\/2022\/08\/28\/mame-m-niang-la-candidature-de-macky-sall-en-2024-ne-souffre-daucune-ambiguite\/\" \/>\n<meta property=\"og:locale\" content=\"fr_FR\" \/>\n<meta property=\"og:type\" content=\"article\" \/>\n<meta property=\"og:title\" content=\"Mame M. Niang : &quot;La candidature de Macky Sall en 2024 ne souffre d&#039;aucune ambigu\u00eft\u00e9&quot;. - LE PUBLIC\" \/>\n<meta property=\"og:description\" content=\"\u201cMacky Sall peut bel et bien briguer un troisi\u00e8me mandat\u201c , dixit Mame Mbaye Niang dans le Grand Jury de la Rfm , ce dimanche. Le ministre chef de cabinet du Pr\u00e9sident de la R\u00e9publique , assure que le r\u00e9f\u00e9rendum du 20 mars 2016 a d\u00e9j\u00e0 r\u00e9gl\u00e9 la question de la troisi\u00e8me candidature. Par cons\u00e9quent , \u00e0 l&rsquo;en croire, \u201cCeux qui posent le probl\u00e8me du 3\u00e8me mandat ne le font pas par rapport \u00e0 la l\u00e9galit\u00e9. Ils le savent. \u00ab\u00a0 Mame Mbaye Niang affirme que la seule r\u00e9f\u00e9rence reste l\u2019arr\u00eat\u00e9 rendu public par le conseil constitutionnel. \u201cCeux qui veulent en d\u00e9battre, ils peuvent continuer mais il faut qu&rsquo;ils soient honn\u00eates et reconnaissent que cette question est d\u00e9j\u00e0 r\u00e9gl\u00e9e constitutionnellement et juridiquement. Il s&rsquo;agit d&rsquo;un probl\u00e8me politique, il faut donc des r\u00e9ponses politiques\u201d. Dans tous les cas , le Pr\u00e9sident Macky Sall maintient le flou sur sa participation ou pas \u00e0 la pr\u00e9sidentielle de 2024 avec son fameux \u00ab\u00a0ni oui ni non\u00a0\u00bb.\" \/>\n<meta property=\"og:url\" content=\"https:\/\/www.public.sn\/index.php\/2022\/08\/28\/mame-m-niang-la-candidature-de-macky-sall-en-2024-ne-souffre-daucune-ambiguite\/\" \/>\n<meta property=\"og:site_name\" content=\"LE PUBLIC\" \/>\n<meta property=\"article:published_time\" content=\"2022-08-28T21:28:10+00:00\" \/>\n<meta property=\"article:modified_time\" content=\"2022-08-29T18:58:19+00:00\" \/>\n<meta property=\"og:image\" content=\"https:\/\/www.public.sn\/wp-content\/uploads\/2022\/08\/5D6334C3-FFC6-4924-BA9C-2D41EB4CF50D.jpeg\" \/>\n\t<meta property=\"og:image:width\" content=\"263\" \/>\n\t<meta property=\"og:image:height\" content=\"192\" \/>\n\t<meta property=\"og:image:type\" content=\"image\/jpeg\" \/>\n<meta name=\"author\" content=\"LA REDACTION\" \/>\n<meta name=\"twitter:card\" content=\"summary_large_image\" \/>\n<meta name=\"twitter:label1\" content=\"\u00c9crit par\" \/>\n\t<meta name=\"twitter:data1\" content=\"LA REDACTION\" \/>\n\t<meta name=\"twitter:label2\" content=\"Dur\u00e9e de lecture estim\u00e9e\" \/>\n\t<meta name=\"twitter:data2\" content=\"1 minute\" \/>\n<script type=\"application\/ld+json\" class=\"yoast-schema-graph\">{\"@context\":\"https:\/\/schema.org\",\"@graph\":[{\"@type\":\"Article\",\"@id\":\"https:\/\/www.public.sn\/index.php\/2022\/08\/28\/mame-m-niang-la-candidature-de-macky-sall-en-2024-ne-souffre-daucune-ambiguite\/#article\",\"isPartOf\":{\"@id\":\"https:\/\/www.public.sn\/index.php\/2022\/08\/28\/mame-m-niang-la-candidature-de-macky-sall-en-2024-ne-souffre-daucune-ambiguite\/\"},\"author\":{\"name\":\"LA REDACTION\",\"@id\":\"https:\/\/www.public.sn\/#\/schema\/person\/e3f4a11b037d4203902db148f9bc8d5a\"},\"headline\":\"Mame M. Niang : \u00ab\u00a0La candidature de Macky Sall en 2024 ne souffre d&rsquo;aucune ambigu\u00eft\u00e9\u00a0\u00bb.\",\"datePublished\":\"2022-08-28T21:28:10+00:00\",\"dateModified\":\"2022-08-29T18:58:19+00:00\",\"mainEntityOfPage\":{\"@id\":\"https:\/\/www.public.sn\/index.php\/2022\/08\/28\/mame-m-niang-la-candidature-de-macky-sall-en-2024-ne-souffre-daucune-ambiguite\/\"},\"wordCount\":187,\"commentCount\":0,\"publisher\":{\"@id\":\"https:\/\/www.public.sn\/#organization\"},\"image\":{\"@id\":\"https:\/\/www.public.sn\/index.php\/2022\/08\/28\/mame-m-niang-la-candidature-de-macky-sall-en-2024-ne-souffre-daucune-ambiguite\/#primaryimage\"},\"thumbnailUrl\":\"https:\/\/www.public.sn\/wp-content\/uploads\/2022\/08\/5D6334C3-FFC6-4924-BA9C-2D41EB4CF50D.jpeg\",\"keywords\":[\"Macky Sall\",\"Mame Mbaye Niang\",\"presidentielle 2024\"],\"articleSection\":[\"POLITIQUE\"],\"inLanguage\":\"fr-FR\",\"potentialAction\":[{\"@type\":\"CommentAction\",\"name\":\"Comment\",\"target\":[\"https:\/\/www.public.sn\/index.php\/2022\/08\/28\/mame-m-niang-la-candidature-de-macky-sall-en-2024-ne-souffre-daucune-ambiguite\/#respond\"]}]},{\"@type\":\"WebPage\",\"@id\":\"https:\/\/www.public.sn\/index.php\/2022\/08\/28\/mame-m-niang-la-candidature-de-macky-sall-en-2024-ne-souffre-daucune-ambiguite\/\",\"url\":\"https:\/\/www.public.sn\/index.php\/2022\/08\/28\/mame-m-niang-la-candidature-de-macky-sall-en-2024-ne-souffre-daucune-ambiguite\/\",\"name\":\"Mame M. Niang : \\\"La candidature de Macky Sall en 2024 ne souffre d'aucune ambigu\u00eft\u00e9\\\". - LE PUBLIC\",\"isPartOf\":{\"@id\":\"https:\/\/www.public.sn\/#website\"},\"primaryImageOfPage\":{\"@id\":\"https:\/\/www.public.sn\/index.php\/2022\/08\/28\/mame-m-niang-la-candidature-de-macky-sall-en-2024-ne-souffre-daucune-ambiguite\/#primaryimage\"},\"image\":{\"@id\":\"https:\/\/www.public.sn\/index.php\/2022\/08\/28\/mame-m-niang-la-candidature-de-macky-sall-en-2024-ne-souffre-daucune-ambiguite\/#primaryimage\"},\"thumbnailUrl\":\"https:\/\/www.public.sn\/wp-content\/uploads\/2022\/08\/5D6334C3-FFC6-4924-BA9C-2D41EB4CF50D.jpeg\",\"datePublished\":\"2022-08-28T21:28:10+00:00\",\"dateModified\":\"2022-08-29T18:58:19+00:00\",\"breadcrumb\":{\"@id\":\"https:\/\/www.public.sn\/index.php\/2022\/08\/28\/mame-m-niang-la-candidature-de-macky-sall-en-2024-ne-souffre-daucune-ambiguite\/#breadcrumb\"},\"inLanguage\":\"fr-FR\",\"potentialAction\":[{\"@type\":\"ReadAction\",\"target\":[\"https:\/\/www.public.sn\/index.php\/2022\/08\/28\/mame-m-niang-la-candidature-de-macky-sall-en-2024-ne-souffre-daucune-ambiguite\/\"]}]},{\"@type\":\"ImageObject\",\"inLanguage\":\"fr-FR\",\"@id\":\"https:\/\/www.public.sn\/index.php\/2022\/08\/28\/mame-m-niang-la-candidature-de-macky-sall-en-2024-ne-souffre-daucune-ambiguite\/#primaryimage\",\"url\":\"https:\/\/www.public.sn\/wp-content\/uploads\/2022\/08\/5D6334C3-FFC6-4924-BA9C-2D41EB4CF50D.jpeg\",\"contentUrl\":\"https:\/\/www.public.sn\/wp-content\/uploads\/2022\/08\/5D6334C3-FFC6-4924-BA9C-2D41EB4CF50D.jpeg\",\"width\":263,\"height\":192},{\"@type\":\"BreadcrumbList\",\"@id\":\"https:\/\/www.public.sn\/index.php\/2022\/08\/28\/mame-m-niang-la-candidature-de-macky-sall-en-2024-ne-souffre-daucune-ambiguite\/#breadcrumb\",\"itemListElement\":[{\"@type\":\"ListItem\",\"position\":1,\"name\":\"Accueil\",\"item\":\"https:\/\/www.public.sn\/\"},{\"@type\":\"ListItem\",\"position\":2,\"name\":\"Mame M. Niang : \u00ab\u00a0La candidature de Macky Sall en 2024 ne souffre d&rsquo;aucune ambigu\u00eft\u00e9\u00a0\u00bb.\"}]},{\"@type\":\"WebSite\",\"@id\":\"https:\/\/www.public.sn\/#website\",\"url\":\"https:\/\/www.public.sn\/\",\"name\":\"LE PUBLIC\",\"description\":\"\",\"publisher\":{\"@id\":\"https:\/\/www.public.sn\/#organization\"},\"potentialAction\":[{\"@type\":\"SearchAction\",\"target\":{\"@type\":\"EntryPoint\",\"urlTemplate\":\"https:\/\/www.public.sn\/?s={search_term_string}\"},\"query-input\":{\"@type\":\"PropertyValueSpecification\",\"valueRequired\":true,\"valueName\":\"search_term_string\"}}],\"inLanguage\":\"fr-FR\"},{\"@type\":\"Organization\",\"@id\":\"https:\/\/www.public.sn\/#organization\",\"name\":\"LE PUBLIC\",\"url\":\"https:\/\/www.public.sn\/\",\"logo\":{\"@type\":\"ImageObject\",\"inLanguage\":\"fr-FR\",\"@id\":\"https:\/\/www.public.sn\/#\/schema\/logo\/image\/\",\"url\":\"https:\/\/www.public.sn\/wp-content\/uploads\/2024\/05\/cropped-LOGO-PUBLIC.SN_.png\",\"contentUrl\":\"https:\/\/www.public.sn\/wp-content\/uploads\/2024\/05\/cropped-LOGO-PUBLIC.SN_.png\",\"width\":682,\"height\":192,\"caption\":\"LE PUBLIC\"},\"image\":{\"@id\":\"https:\/\/www.public.sn\/#\/schema\/logo\/image\/\"}},{\"@type\":\"Person\",\"@id\":\"https:\/\/www.public.sn\/#\/schema\/person\/e3f4a11b037d4203902db148f9bc8d5a\",\"name\":\"LA REDACTION\",\"image\":{\"@type\":\"ImageObject\",\"inLanguage\":\"fr-FR\",\"@id\":\"https:\/\/www.public.sn\/#\/schema\/person\/image\/\",\"url\":\"https:\/\/secure.gravatar.com\/avatar\/d6c030db45db2883c075085c5d6c6258654a801a93766b49af0b82d4f454e2a5?s=96&d=mm&r=g\",\"contentUrl\":\"https:\/\/secure.gravatar.com\/avatar\/d6c030db45db2883c075085c5d6c6258654a801a93766b49af0b82d4f454e2a5?s=96&d=mm&r=g\",\"caption\":\"LA REDACTION\"},\"sameAs\":[\"http:\/\/www.public.sn\"],\"url\":\"https:\/\/www.public.sn\/index.php\/author\/admin7324\/\"}]}<\/script>\n<!-- \/ Yoast SEO plugin. -->","yoast_head_json":{"title":"Mame M. Niang : \"La candidature de Macky Sall en 2024 ne souffre d'aucune ambigu\u00eft\u00e9\". - LE PUBLIC","robots":{"index":"index","follow":"follow","max-snippet":"max-snippet:-1","max-image-preview":"max-image-preview:large","max-video-preview":"max-video-preview:-1"},"canonical":"https:\/\/www.public.sn\/index.php\/2022\/08\/28\/mame-m-niang-la-candidature-de-macky-sall-en-2024-ne-souffre-daucune-ambiguite\/","og_locale":"fr_FR","og_type":"article","og_title":"Mame M. Niang : \"La candidature de Macky Sall en 2024 ne souffre d'aucune ambigu\u00eft\u00e9\". - LE PUBLIC","og_description":"\u201cMacky Sall peut bel et bien briguer un troisi\u00e8me mandat\u201c , dixit Mame Mbaye Niang dans le Grand Jury de la Rfm , ce dimanche. Le ministre chef de cabinet du Pr\u00e9sident de la R\u00e9publique , assure que le r\u00e9f\u00e9rendum du 20 mars 2016 a d\u00e9j\u00e0 r\u00e9gl\u00e9 la question de la troisi\u00e8me candidature. Par cons\u00e9quent , \u00e0 l&rsquo;en croire, \u201cCeux qui posent le probl\u00e8me du 3\u00e8me mandat ne le font pas par rapport \u00e0 la l\u00e9galit\u00e9. Ils le savent. \u00ab\u00a0 Mame Mbaye Niang affirme que la seule r\u00e9f\u00e9rence reste l\u2019arr\u00eat\u00e9 rendu public par le conseil constitutionnel. \u201cCeux qui veulent en d\u00e9battre, ils peuvent continuer mais il faut qu&rsquo;ils soient honn\u00eates et reconnaissent que cette question est d\u00e9j\u00e0 r\u00e9gl\u00e9e constitutionnellement et juridiquement. Il s&rsquo;agit d&rsquo;un probl\u00e8me politique, il faut donc des r\u00e9ponses politiques\u201d. Dans tous les cas , le Pr\u00e9sident Macky Sall maintient le flou sur sa participation ou pas \u00e0 la pr\u00e9sidentielle de 2024 avec son fameux \u00ab\u00a0ni oui ni non\u00a0\u00bb.","og_url":"https:\/\/www.public.sn\/index.php\/2022\/08\/28\/mame-m-niang-la-candidature-de-macky-sall-en-2024-ne-souffre-daucune-ambiguite\/","og_site_name":"LE PUBLIC","article_published_time":"2022-08-28T21:28:10+00:00","article_modified_time":"2022-08-29T18:58:19+00:00","og_image":[{"width":263,"height":192,"url":"https:\/\/www.public.sn\/wp-content\/uploads\/2022\/08\/5D6334C3-FFC6-4924-BA9C-2D41EB4CF50D.jpeg","type":"image\/jpeg"}],"author":"LA REDACTION","twitter_card":"summary_large_image","twitter_misc":{"\u00c9crit par":"LA REDACTION","Dur\u00e9e de lecture estim\u00e9e":"1 minute"},"schema":{"@context":"https:\/\/schema.org","@graph":[{"@type":"Article","@id":"https:\/\/www.public.sn\/index.php\/2022\/08\/28\/mame-m-niang-la-candidature-de-macky-sall-en-2024-ne-souffre-daucune-ambiguite\/#article","isPartOf":{"@id":"https:\/\/www.public.sn\/index.php\/2022\/08\/28\/mame-m-niang-la-candidature-de-macky-sall-en-2024-ne-souffre-daucune-ambiguite\/"},"author":{"name":"LA REDACTION","@id":"https:\/\/www.public.sn\/#\/schema\/person\/e3f4a11b037d4203902db148f9bc8d5a"},"headline":"Mame M. Niang : \u00ab\u00a0La candidature de Macky Sall en 2024 ne souffre d&rsquo;aucune ambigu\u00eft\u00e9\u00a0\u00bb.","datePublished":"2022-08-28T21:28:10+00:00","dateModified":"2022-08-29T18:58:19+00:00","mainEntityOfPage":{"@id":"https:\/\/www.public.sn\/index.php\/2022\/08\/28\/mame-m-niang-la-candidature-de-macky-sall-en-2024-ne-souffre-daucune-ambiguite\/"},"wordCount":187,"commentCount":0,"publisher":{"@id":"https:\/\/www.public.sn\/#organization"},"image":{"@id":"https:\/\/www.public.sn\/index.php\/2022\/08\/28\/mame-m-niang-la-candidature-de-macky-sall-en-2024-ne-souffre-daucune-ambiguite\/#primaryimage"},"thumbnailUrl":"https:\/\/www.public.sn\/wp-content\/uploads\/2022\/08\/5D6334C3-FFC6-4924-BA9C-2D41EB4CF50D.jpeg","keywords":["Macky Sall","Mame Mbaye Niang","presidentielle 2024"],"articleSection":["POLITIQUE"],"inLanguage":"fr-FR","potentialAction":[{"@type":"CommentAction","name":"Comment","target":["https:\/\/www.public.sn\/index.php\/2022\/08\/28\/mame-m-niang-la-candidature-de-macky-sall-en-2024-ne-souffre-daucune-ambiguite\/#respond"]}]},{"@type":"WebPage","@id":"https:\/\/www.public.sn\/index.php\/2022\/08\/28\/mame-m-niang-la-candidature-de-macky-sall-en-2024-ne-souffre-daucune-ambiguite\/","url":"https:\/\/www.public.sn\/index.php\/2022\/08\/28\/mame-m-niang-la-candidature-de-macky-sall-en-2024-ne-souffre-daucune-ambiguite\/","name":"Mame M. Niang : \"La candidature de Macky Sall en 2024 ne souffre d'aucune ambigu\u00eft\u00e9\". - LE PUBLIC","isPartOf":{"@id":"https:\/\/www.public.sn\/#website"},"primaryImageOfPage":{"@id":"https:\/\/www.public.sn\/index.php\/2022\/08\/28\/mame-m-niang-la-candidature-de-macky-sall-en-2024-ne-souffre-daucune-ambiguite\/#primaryimage"},"image":{"@id":"https:\/\/www.public.sn\/index.php\/2022\/08\/28\/mame-m-niang-la-candidature-de-macky-sall-en-2024-ne-souffre-daucune-ambiguite\/#primaryimage"},"thumbnailUrl":"https:\/\/www.public.sn\/wp-content\/uploads\/2022\/08\/5D6334C3-FFC6-4924-BA9C-2D41EB4CF50D.jpeg","datePublished":"2022-08-28T21:28:10+00:00","dateModified":"2022-08-29T18:58:19+00:00","breadcrumb":{"@id":"https:\/\/www.public.sn\/index.php\/2022\/08\/28\/mame-m-niang-la-candidature-de-macky-sall-en-2024-ne-souffre-daucune-ambiguite\/#breadcrumb"},"inLanguage":"fr-FR","potentialAction":[{"@type":"ReadAction","target":["https:\/\/www.public.sn\/index.php\/2022\/08\/28\/mame-m-niang-la-candidature-de-macky-sall-en-2024-ne-souffre-daucune-ambiguite\/"]}]},{"@type":"ImageObject","inLanguage":"fr-FR","@id":"https:\/\/www.public.sn\/index.php\/2022\/08\/28\/mame-m-niang-la-candidature-de-macky-sall-en-2024-ne-souffre-daucune-ambiguite\/#primaryimage","url":"https:\/\/www.public.sn\/wp-content\/uploads\/2022\/08\/5D6334C3-FFC6-4924-BA9C-2D41EB4CF50D.jpeg","contentUrl":"https:\/\/www.public.sn\/wp-content\/uploads\/2022\/08\/5D6334C3-FFC6-4924-BA9C-2D41EB4CF50D.jpeg","width":263,"height":192},{"@type":"BreadcrumbList","@id":"https:\/\/www.public.sn\/index.php\/2022\/08\/28\/mame-m-niang-la-candidature-de-macky-sall-en-2024-ne-souffre-daucune-ambiguite\/#breadcrumb","itemListElement":[{"@type":"ListItem","position":1,"name":"Accueil","item":"https:\/\/www.public.sn\/"},{"@type":"ListItem","position":2,"name":"Mame M. Niang : \u00ab\u00a0La candidature de Macky Sall en 2024 ne souffre d&rsquo;aucune ambigu\u00eft\u00e9\u00a0\u00bb."}]},{"@type":"WebSite","@id":"https:\/\/www.public.sn\/#website","url":"https:\/\/www.public.sn\/","name":"LE PUBLIC","description":"","publisher":{"@id":"https:\/\/www.public.sn\/#organization"},"potentialAction":[{"@type":"SearchAction","target":{"@type":"EntryPoint","urlTemplate":"https:\/\/www.public.sn\/?s={search_term_string}"},"query-input":{"@type":"PropertyValueSpecification","valueRequired":true,"valueName":"search_term_string"}}],"inLanguage":"fr-FR"},{"@type":"Organization","@id":"https:\/\/www.public.sn\/#organization","name":"LE PUBLIC","url":"https:\/\/www.public.sn\/","logo":{"@type":"ImageObject","inLanguage":"fr-FR","@id":"https:\/\/www.public.sn\/#\/schema\/logo\/image\/","url":"https:\/\/www.public.sn\/wp-content\/uploads\/2024\/05\/cropped-LOGO-PUBLIC.SN_.png","contentUrl":"https:\/\/www.public.sn\/wp-content\/uploads\/2024\/05\/cropped-LOGO-PUBLIC.SN_.png","width":682,"height":192,"caption":"LE PUBLIC"},"image":{"@id":"https:\/\/www.public.sn\/#\/schema\/logo\/image\/"}},{"@type":"Person","@id":"https:\/\/www.public.sn\/#\/schema\/person\/e3f4a11b037d4203902db148f9bc8d5a","name":"LA REDACTION","image":{"@type":"ImageObject","inLanguage":"fr-FR","@id":"https:\/\/www.public.sn\/#\/schema\/person\/image\/","url":"https:\/\/secure.gravatar.com\/avatar\/d6c030db45db2883c075085c5d6c6258654a801a93766b49af0b82d4f454e2a5?s=96&d=mm&r=g","contentUrl":"https:\/\/secure.gravatar.com\/avatar\/d6c030db45db2883c075085c5d6c6258654a801a93766b49af0b82d4f454e2a5?s=96&d=mm&r=g","caption":"LA REDACTION"},"sameAs":["http:\/\/www.public.sn"],"url":"https:\/\/www.public.sn\/index.php\/author\/admin7324\/"}]}},"jetpack_featured_media_url":"https:\/\/www.public.sn\/wp-content\/uploads\/2022\/08\/5D6334C3-FFC6-4924-BA9C-2D41EB4CF50D.jpeg","jetpack_sharing_enabled":true,"_links":{"self":[{"href":"https:\/\/www.public.sn\/index.php\/wp-json\/wp\/v2\/posts\/831","targetHints":{"allow":["GET"]}}],"collection":[{"href":"https:\/\/www.public.sn\/index.php\/wp-json\/wp\/v2\/posts"}],"about":[{"href":"https:\/\/www.public.sn\/index.php\/wp-json\/wp\/v2\/types\/post"}],"author":[{"embeddable":true,"href":"https:\/\/www.public.sn\/index.php\/wp-json\/wp\/v2\/users\/1"}],"replies":[{"embeddable":true,"href":"https:\/\/www.public.sn\/index.php\/wp-json\/wp\/v2\/comments?post=831"}],"version-history":[{"count":1,"href":"https:\/\/www.public.sn\/index.php\/wp-json\/wp\/v2\/posts\/831\/revisions"}],"predecessor-version":[{"id":840,"href":"https:\/\/www.public.sn\/index.php\/wp-json\/wp\/v2\/posts\/831\/revisions\/840"}],"wp:featuredmedia":[{"embeddable":true,"href":"https:\/\/www.public.sn\/index.php\/wp-json\/wp\/v2\/media\/838"}],"wp:attachment":[{"href":"https:\/\/www.public.sn\/index.php\/wp-json\/wp\/v2\/media?parent=831"}],"wp:term":[{"taxonomy":"category","embeddable":true,"href":"https:\/\/www.public.sn\/index.php\/wp-json\/wp\/v2\/categories?post=831"},{"taxonomy":"post_tag","embeddable":true,"href":"https:\/\/www.public.sn\/index.php\/wp-json\/wp\/v2\/tags?post=831"}],"curies":[{"name":"wp","href":"https:\/\/api.w.org\/{rel}","templated":true}]}}